{"id":11434,"date":"2024-10-12T17:38:44","date_gmt":"2024-10-12T14:38:44","guid":{"rendered":"https:\/\/kuzeyinsesi.org\/index.php\/2024\/10\/12\/dereboyu-senligi-kumsal-parktaki-cocuk-etkinlikleri-ile-basladi\/"},"modified":"2024-10-12T17:38:44","modified_gmt":"2024-10-12T14:38:44","slug":"dereboyu-senligi-kumsal-parktaki-cocuk-etkinlikleri-ile-basladi","status":"publish","type":"post","link":"https:\/\/kuzeyinsesi.org\/index.php\/2024\/10\/12\/dereboyu-senligi-kumsal-parktaki-cocuk-etkinlikleri-ile-basladi\/","title":{"rendered":"Dereboyu \u015eenli\u011fi Kumsal Park\u2019taki \u00e7ocuk etkinlikleri ile ba\u015flad\u0131"},"content":{"rendered":"<div>\n<div class=\"mariselle-image-container center\">\n                                            <\/div>\n<p>\nLefko\u015fa T\u00fcrk Belediyesi\u2019nin (LTB) d\u00fczenledi\u011fi Dereboyu \u015eenli\u011fi, Kumsal Park\u2019taki \u00e7ocuk etkinlikleri ile ba\u015flad\u0131.<\/p>\n<p>Belediyeden verilen bilgiye g\u00f6re Tonic Nicosia alan\u0131nda saat 15.00\u2019ten itibaren Dj Serdar Eren (Sanat\u00e7\u0131 Sponsoru\u2013Tonic) setleriyle yer alacak.<\/p>\n<p>Ruhi Bistro&amp;Pub ve Gustav Cafe sahnesinde saat 19.00\u2019da Native Cypriots, saat 20.30\u2019da Dj And\u0131m setleri ile yer alacak.<\/p>\n<p>Saat 17.30\u2019da itibaren Kumsal Park yan\u0131nda LBO \u00c7ok Sesli \u00c7ocuk Korolar\u0131, Nafiz D\u00f6lek, Fireballs, Led Dans G\u00f6sterisi ve DJ Co\u015fkuner yer alacak.<\/p>\n<p>Califorian sahnesinde saat 19.00\u2019da Eril Cambaz ve 20.15\u2019te L\u00fctfiye \u00d6zipek konseri yer alacak.<\/p>\n<p>Mado Cafe \u00f6n\u00fcnde Osman Tu\u011fsal saat 18.30, Ahmet Evan ise saat 20.00 itibar\u0131 ile sahne alacak.<\/p>\n<p>Gripin konseri saat 22.00\u2019de Eski Pronto kar\u015f\u0131s\u0131nda sahne alacak. Gripin \u00f6ncesi 21.30\u2019da yine ayn\u0131 alanda Ate\u015f Show ger\u00e7ekle\u015ftirilecek.<\/p>\n<\/p><\/div>\n<p><script async\n                    defer\n                    crossorigin=\"anonymous\"\n                    src=\"https:\/\/connect.facebook.net\/tr_TR\/sdk.js#xfbml=1&#038;version=v3.3\"\n            ><\/script><\/p>\n","protected":false},"excerpt":{"rendered":"<p>Lefko\u015fa T\u00fcrk Belediyesi\u2019nin (LTB) d\u00fczenledi\u011fi Dereboyu \u015eenli\u011fi, Kumsal Park\u2019taki \u00e7ocuk etkinlikleri ile ba\u015flad\u0131. Belediyeden verilen bilgiye g\u00f6re Tonic Nicosia alan\u0131nda saat 15.00\u2019ten itibaren Dj Serdar Eren (Sanat\u00e7\u0131 Sponsoru\u2013Tonic) setleriyle yer alacak. Ruhi Bistro&amp;Pub ve Gustav Cafe sahnesinde saat 19.00\u2019da Native Cypriots, saat 20.30\u2019da Dj And\u0131m setleri ile yer alacak. Saat 17.30\u2019da itibaren Kumsal Park yan\u0131nda [&hellip;]<\/p>\n","protected":false},"author":1,"featured_media":11435,"comment_status":"open","ping_status":"open","sticky":false,"template":"","format":"standard","meta":{"jnews-multi-image_gallery":[],"jnews_single_post":[],"jnews_primary_category":[],"jnews_social_meta":[],"jnews_override_counter":[],"footnotes":""},"categories":[6],"tags":[],"class_list":["post-11434","post","type-post","status-publish","format-standard","has-post-thumbnail","hentry","category-yasam"],"yoast_head":"<!-- This site is optimized with the Yoast SEO plugin v27.4 - https:\/\/yoast.com\/product\/yoast-seo-wordpress\/ -->\n<title>Dereboyu \u015eenli\u011fi Kumsal Park\u2019taki \u00e7ocuk etkinlikleri ile ba\u015flad\u0131 - Kuzeyin Sesi<\/title>\n<meta name=\"robots\" content=\"index, follow, max-snippet:-1, max-image-preview:large, max-video-preview:-1\" \/>\n<link rel=\"canonical\" href=\"https:\/\/kuzeyinsesi.org\/index.php\/2024\/10\/12\/dereboyu-senligi-kumsal-parktaki-cocuk-etkinlikleri-ile-basladi\/\" \/>\n<meta property=\"og:locale\" content=\"tr_TR\" \/>\n<meta property=\"og:type\" content=\"article\" \/>\n<meta property=\"og:title\" content=\"Dereboyu \u015eenli\u011fi Kumsal Park\u2019taki \u00e7ocuk etkinlikleri ile ba\u015flad\u0131 - Kuzeyin Sesi\" \/>\n<meta property=\"og:description\" content=\"Lefko\u015fa T\u00fcrk Belediyesi\u2019nin (LTB) d\u00fczenledi\u011fi Dereboyu \u015eenli\u011fi, Kumsal Park\u2019taki \u00e7ocuk etkinlikleri ile ba\u015flad\u0131. Belediyeden verilen bilgiye g\u00f6re Tonic Nicosia alan\u0131nda saat 15.00\u2019ten itibaren Dj Serdar Eren (Sanat\u00e7\u0131 Sponsoru\u2013Tonic) setleriyle yer alacak. Ruhi Bistro&amp;Pub ve Gustav Cafe sahnesinde saat 19.00\u2019da Native Cypriots, saat 20.30\u2019da Dj And\u0131m setleri ile yer alacak. Saat 17.30\u2019da itibaren Kumsal Park yan\u0131nda [&hellip;]\" \/>\n<meta property=\"og:url\" content=\"https:\/\/kuzeyinsesi.org\/index.php\/2024\/10\/12\/dereboyu-senligi-kumsal-parktaki-cocuk-etkinlikleri-ile-basladi\/\" \/>\n<meta property=\"og:site_name\" content=\"Kuzeyin Sesi\" \/>\n<meta property=\"article:publisher\" content=\"https:\/\/www.facebook.com\/kuzeyinsesii\" \/>\n<meta property=\"article:published_time\" content=\"2024-10-12T14:38:44+00:00\" \/>\n<meta property=\"og:image\" content=\"https:\/\/brtk.net\/wp-content\/uploads\/2024\/10\/12\/dereboyu-senligi1.jpg?ver=42be90c4b68ad60d2b570ca11ca859b7\" \/>\n<meta name=\"author\" content=\"Kuzeyin Sesi\" \/>\n<meta name=\"twitter:card\" content=\"summary_large_image\" \/>\n<meta name=\"twitter:creator\" content=\"@kuzeyinsesii\" \/>\n<meta name=\"twitter:site\" content=\"@kuzeyinsesii\" \/>\n<meta name=\"twitter:label1\" content=\"Yazan:\" \/>\n\t<meta name=\"twitter:data1\" content=\"Kuzeyin Sesi\" \/>\n\t<meta name=\"twitter:label2\" content=\"Tahmini okuma s\u00fcresi\" \/>\n\t<meta name=\"twitter:data2\" content=\"1 dakika\" \/>\n<script type=\"application\/ld+json\" class=\"yoast-schema-graph\">{\"@context\":\"https:\\\/\\\/schema.org\",\"@graph\":[{\"@type\":\"Article\",\"@id\":\"https:\\\/\\\/kuzeyinsesi.org\\\/index.php\\\/2024\\\/10\\\/12\\\/dereboyu-senligi-kumsal-parktaki-cocuk-etkinlikleri-ile-basladi\\\/#article\",\"isPartOf\":{\"@id\":\"https:\\\/\\\/kuzeyinsesi.org\\\/index.php\\\/2024\\\/10\\\/12\\\/dereboyu-senligi-kumsal-parktaki-cocuk-etkinlikleri-ile-basladi\\\/\"},\"author\":{\"name\":\"Kuzeyin Sesi\",\"@id\":\"https:\\\/\\\/kuzeyinsesi.org\\\/#\\\/schema\\\/person\\\/9f859689cdf01485597712386e37f5aa\"},\"headline\":\"Dereboyu \u015eenli\u011fi Kumsal Park\u2019taki \u00e7ocuk etkinlikleri ile ba\u015flad\u0131\",\"datePublished\":\"2024-10-12T14:38:44+00:00\",\"mainEntityOfPage\":{\"@id\":\"https:\\\/\\\/kuzeyinsesi.org\\\/index.php\\\/2024\\\/10\\\/12\\\/dereboyu-senligi-kumsal-parktaki-cocuk-etkinlikleri-ile-basladi\\\/\"},\"wordCount\":152,\"commentCount\":0,\"image\":{\"@id\":\"https:\\\/\\\/kuzeyinsesi.org\\\/index.php\\\/2024\\\/10\\\/12\\\/dereboyu-senligi-kumsal-parktaki-cocuk-etkinlikleri-ile-basladi\\\/#primaryimage\"},\"thumbnailUrl\":\"https:\\\/\\\/kuzeyinsesi.org\\\/wp-content\\\/uploads\\\/2024\\\/10\\\/dereboyu-senligi1.jpg\",\"articleSection\":[\"Ya\u015fam\"],\"inLanguage\":\"tr\",\"potentialAction\":[{\"@type\":\"CommentAction\",\"name\":\"Comment\",\"target\":[\"https:\\\/\\\/kuzeyinsesi.org\\\/index.php\\\/2024\\\/10\\\/12\\\/dereboyu-senligi-kumsal-parktaki-cocuk-etkinlikleri-ile-basladi\\\/#respond\"]}]},{\"@type\":\"WebPage\",\"@id\":\"https:\\\/\\\/kuzeyinsesi.org\\\/index.php\\\/2024\\\/10\\\/12\\\/dereboyu-senligi-kumsal-parktaki-cocuk-etkinlikleri-ile-basladi\\\/\",\"url\":\"https:\\\/\\\/kuzeyinsesi.org\\\/index.php\\\/2024\\\/10\\\/12\\\/dereboyu-senligi-kumsal-parktaki-cocuk-etkinlikleri-ile-basladi\\\/\",\"name\":\"Dereboyu \u015eenli\u011fi Kumsal Park\u2019taki \u00e7ocuk etkinlikleri ile ba\u015flad\u0131 - Kuzeyin Sesi\",\"isPartOf\":{\"@id\":\"https:\\\/\\\/kuzeyinsesi.org\\\/#website\"},\"primaryImageOfPage\":{\"@id\":\"https:\\\/\\\/kuzeyinsesi.org\\\/index.php\\\/2024\\\/10\\\/12\\\/dereboyu-senligi-kumsal-parktaki-cocuk-etkinlikleri-ile-basladi\\\/#primaryimage\"},\"image\":{\"@id\":\"https:\\\/\\\/kuzeyinsesi.org\\\/index.php\\\/2024\\\/10\\\/12\\\/dereboyu-senligi-kumsal-parktaki-cocuk-etkinlikleri-ile-basladi\\\/#primaryimage\"},\"thumbnailUrl\":\"https:\\\/\\\/kuzeyinsesi.org\\\/wp-content\\\/uploads\\\/2024\\\/10\\\/dereboyu-senligi1.jpg\",\"datePublished\":\"2024-10-12T14:38:44+00:00\",\"author\":{\"@id\":\"https:\\\/\\\/kuzeyinsesi.org\\\/#\\\/schema\\\/person\\\/9f859689cdf01485597712386e37f5aa\"},\"breadcrumb\":{\"@id\":\"https:\\\/\\\/kuzeyinsesi.org\\\/index.php\\\/2024\\\/10\\\/12\\\/dereboyu-senligi-kumsal-parktaki-cocuk-etkinlikleri-ile-basladi\\\/#breadcrumb\"},\"inLanguage\":\"tr\",\"potentialAction\":[{\"@type\":\"ReadAction\",\"target\":[\"https:\\\/\\\/kuzeyinsesi.org\\\/index.php\\\/2024\\\/10\\\/12\\\/dereboyu-senligi-kumsal-parktaki-cocuk-etkinlikleri-ile-basladi\\\/\"]}]},{\"@type\":\"ImageObject\",\"inLanguage\":\"tr\",\"@id\":\"https:\\\/\\\/kuzeyinsesi.org\\\/index.php\\\/2024\\\/10\\\/12\\\/dereboyu-senligi-kumsal-parktaki-cocuk-etkinlikleri-ile-basladi\\\/#primaryimage\",\"url\":\"https:\\\/\\\/kuzeyinsesi.org\\\/wp-content\\\/uploads\\\/2024\\\/10\\\/dereboyu-senligi1.jpg\",\"contentUrl\":\"https:\\\/\\\/kuzeyinsesi.org\\\/wp-content\\\/uploads\\\/2024\\\/10\\\/dereboyu-senligi1.jpg\",\"width\":2000,\"height\":1335},{\"@type\":\"BreadcrumbList\",\"@id\":\"https:\\\/\\\/kuzeyinsesi.org\\\/index.php\\\/2024\\\/10\\\/12\\\/dereboyu-senligi-kumsal-parktaki-cocuk-etkinlikleri-ile-basladi\\\/#breadcrumb\",\"itemListElement\":[{\"@type\":\"ListItem\",\"position\":1,\"name\":\"Anasayfa\",\"item\":\"https:\\\/\\\/kuzeyinsesi.org\\\/\"},{\"@type\":\"ListItem\",\"position\":2,\"name\":\"Dereboyu \u015eenli\u011fi Kumsal Park\u2019taki \u00e7ocuk etkinlikleri ile ba\u015flad\u0131\"}]},{\"@type\":\"WebSite\",\"@id\":\"https:\\\/\\\/kuzeyinsesi.org\\\/#website\",\"url\":\"https:\\\/\\\/kuzeyinsesi.org\\\/\",\"name\":\"Kuzeyin Sesi\",\"description\":\"Do\u011fru Haberin Adresi\",\"potentialAction\":[{\"@type\":\"SearchAction\",\"target\":{\"@type\":\"EntryPoint\",\"urlTemplate\":\"https:\\\/\\\/kuzeyinsesi.org\\\/?s={search_term_string}\"},\"query-input\":{\"@type\":\"PropertyValueSpecification\",\"valueRequired\":true,\"valueName\":\"search_term_string\"}}],\"inLanguage\":\"tr\"},{\"@type\":\"Person\",\"@id\":\"https:\\\/\\\/kuzeyinsesi.org\\\/#\\\/schema\\\/person\\\/9f859689cdf01485597712386e37f5aa\",\"name\":\"Kuzeyin Sesi\",\"image\":{\"@type\":\"ImageObject\",\"inLanguage\":\"tr\",\"@id\":\"https:\\\/\\\/secure.gravatar.com\\\/avatar\\\/bab33852abfd8b282518d6ed81826833d77c3c882d9ab608add591ccace47a44?s=96&d=mm&r=g\",\"url\":\"https:\\\/\\\/secure.gravatar.com\\\/avatar\\\/bab33852abfd8b282518d6ed81826833d77c3c882d9ab608add591ccace47a44?s=96&d=mm&r=g\",\"contentUrl\":\"https:\\\/\\\/secure.gravatar.com\\\/avatar\\\/bab33852abfd8b282518d6ed81826833d77c3c882d9ab608add591ccace47a44?s=96&d=mm&r=g\",\"caption\":\"Kuzeyin Sesi\"},\"sameAs\":[\"https:\\\/\\\/kuzeyinsesi.org\"],\"url\":\"https:\\\/\\\/kuzeyinsesi.org\\\/index.php\\\/author\\\/guven\\\/\"}]}<\/script>\n<!-- \/ Yoast SEO plugin. -->","yoast_head_json":{"title":"Dereboyu \u015eenli\u011fi Kumsal Park\u2019taki \u00e7ocuk etkinlikleri ile ba\u015flad\u0131 - Kuzeyin Sesi","robots":{"index":"index","follow":"follow","max-snippet":"max-snippet:-1","max-image-preview":"max-image-preview:large","max-video-preview":"max-video-preview:-1"},"canonical":"https:\/\/kuzeyinsesi.org\/index.php\/2024\/10\/12\/dereboyu-senligi-kumsal-parktaki-cocuk-etkinlikleri-ile-basladi\/","og_locale":"tr_TR","og_type":"article","og_title":"Dereboyu \u015eenli\u011fi Kumsal Park\u2019taki \u00e7ocuk etkinlikleri ile ba\u015flad\u0131 - Kuzeyin Sesi","og_description":"Lefko\u015fa T\u00fcrk Belediyesi\u2019nin (LTB) d\u00fczenledi\u011fi Dereboyu \u015eenli\u011fi, Kumsal Park\u2019taki \u00e7ocuk etkinlikleri ile ba\u015flad\u0131. Belediyeden verilen bilgiye g\u00f6re Tonic Nicosia alan\u0131nda saat 15.00\u2019ten itibaren Dj Serdar Eren (Sanat\u00e7\u0131 Sponsoru\u2013Tonic) setleriyle yer alacak. Ruhi Bistro&amp;Pub ve Gustav Cafe sahnesinde saat 19.00\u2019da Native Cypriots, saat 20.30\u2019da Dj And\u0131m setleri ile yer alacak. Saat 17.30\u2019da itibaren Kumsal Park yan\u0131nda [&hellip;]","og_url":"https:\/\/kuzeyinsesi.org\/index.php\/2024\/10\/12\/dereboyu-senligi-kumsal-parktaki-cocuk-etkinlikleri-ile-basladi\/","og_site_name":"Kuzeyin Sesi","article_publisher":"https:\/\/www.facebook.com\/kuzeyinsesii","article_published_time":"2024-10-12T14:38:44+00:00","og_image":[{"url":"https:\/\/brtk.net\/wp-content\/uploads\/2024\/10\/12\/dereboyu-senligi1.jpg?ver=42be90c4b68ad60d2b570ca11ca859b7","type":"","width":"","height":""}],"author":"Kuzeyin Sesi","twitter_card":"summary_large_image","twitter_creator":"@kuzeyinsesii","twitter_site":"@kuzeyinsesii","twitter_misc":{"Yazan:":"Kuzeyin Sesi","Tahmini okuma s\u00fcresi":"1 dakika"},"schema":{"@context":"https:\/\/schema.org","@graph":[{"@type":"Article","@id":"https:\/\/kuzeyinsesi.org\/index.php\/2024\/10\/12\/dereboyu-senligi-kumsal-parktaki-cocuk-etkinlikleri-ile-basladi\/#article","isPartOf":{"@id":"https:\/\/kuzeyinsesi.org\/index.php\/2024\/10\/12\/dereboyu-senligi-kumsal-parktaki-cocuk-etkinlikleri-ile-basladi\/"},"author":{"name":"Kuzeyin Sesi","@id":"https:\/\/kuzeyinsesi.org\/#\/schema\/person\/9f859689cdf01485597712386e37f5aa"},"headline":"Dereboyu \u015eenli\u011fi Kumsal Park\u2019taki \u00e7ocuk etkinlikleri ile ba\u015flad\u0131","datePublished":"2024-10-12T14:38:44+00:00","mainEntityOfPage":{"@id":"https:\/\/kuzeyinsesi.org\/index.php\/2024\/10\/12\/dereboyu-senligi-kumsal-parktaki-cocuk-etkinlikleri-ile-basladi\/"},"wordCount":152,"commentCount":0,"image":{"@id":"https:\/\/kuzeyinsesi.org\/index.php\/2024\/10\/12\/dereboyu-senligi-kumsal-parktaki-cocuk-etkinlikleri-ile-basladi\/#primaryimage"},"thumbnailUrl":"https:\/\/kuzeyinsesi.org\/wp-content\/uploads\/2024\/10\/dereboyu-senligi1.jpg","articleSection":["Ya\u015fam"],"inLanguage":"tr","potentialAction":[{"@type":"CommentAction","name":"Comment","target":["https:\/\/kuzeyinsesi.org\/index.php\/2024\/10\/12\/dereboyu-senligi-kumsal-parktaki-cocuk-etkinlikleri-ile-basladi\/#respond"]}]},{"@type":"WebPage","@id":"https:\/\/kuzeyinsesi.org\/index.php\/2024\/10\/12\/dereboyu-senligi-kumsal-parktaki-cocuk-etkinlikleri-ile-basladi\/","url":"https:\/\/kuzeyinsesi.org\/index.php\/2024\/10\/12\/dereboyu-senligi-kumsal-parktaki-cocuk-etkinlikleri-ile-basladi\/","name":"Dereboyu \u015eenli\u011fi Kumsal Park\u2019taki \u00e7ocuk etkinlikleri ile ba\u015flad\u0131 - Kuzeyin Sesi","isPartOf":{"@id":"https:\/\/kuzeyinsesi.org\/#website"},"primaryImageOfPage":{"@id":"https:\/\/kuzeyinsesi.org\/index.php\/2024\/10\/12\/dereboyu-senligi-kumsal-parktaki-cocuk-etkinlikleri-ile-basladi\/#primaryimage"},"image":{"@id":"https:\/\/kuzeyinsesi.org\/index.php\/2024\/10\/12\/dereboyu-senligi-kumsal-parktaki-cocuk-etkinlikleri-ile-basladi\/#primaryimage"},"thumbnailUrl":"https:\/\/kuzeyinsesi.org\/wp-content\/uploads\/2024\/10\/dereboyu-senligi1.jpg","datePublished":"2024-10-12T14:38:44+00:00","author":{"@id":"https:\/\/kuzeyinsesi.org\/#\/schema\/person\/9f859689cdf01485597712386e37f5aa"},"breadcrumb":{"@id":"https:\/\/kuzeyinsesi.org\/index.php\/2024\/10\/12\/dereboyu-senligi-kumsal-parktaki-cocuk-etkinlikleri-ile-basladi\/#breadcrumb"},"inLanguage":"tr","potentialAction":[{"@type":"ReadAction","target":["https:\/\/kuzeyinsesi.org\/index.php\/2024\/10\/12\/dereboyu-senligi-kumsal-parktaki-cocuk-etkinlikleri-ile-basladi\/"]}]},{"@type":"ImageObject","inLanguage":"tr","@id":"https:\/\/kuzeyinsesi.org\/index.php\/2024\/10\/12\/dereboyu-senligi-kumsal-parktaki-cocuk-etkinlikleri-ile-basladi\/#primaryimage","url":"https:\/\/kuzeyinsesi.org\/wp-content\/uploads\/2024\/10\/dereboyu-senligi1.jpg","contentUrl":"https:\/\/kuzeyinsesi.org\/wp-content\/uploads\/2024\/10\/dereboyu-senligi1.jpg","width":2000,"height":1335},{"@type":"BreadcrumbList","@id":"https:\/\/kuzeyinsesi.org\/index.php\/2024\/10\/12\/dereboyu-senligi-kumsal-parktaki-cocuk-etkinlikleri-ile-basladi\/#breadcrumb","itemListElement":[{"@type":"ListItem","position":1,"name":"Anasayfa","item":"https:\/\/kuzeyinsesi.org\/"},{"@type":"ListItem","position":2,"name":"Dereboyu \u015eenli\u011fi Kumsal Park\u2019taki \u00e7ocuk etkinlikleri ile ba\u015flad\u0131"}]},{"@type":"WebSite","@id":"https:\/\/kuzeyinsesi.org\/#website","url":"https:\/\/kuzeyinsesi.org\/","name":"Kuzeyin Sesi","description":"Do\u011fru Haberin Adresi","potentialAction":[{"@type":"SearchAction","target":{"@type":"EntryPoint","urlTemplate":"https:\/\/kuzeyinsesi.org\/?s={search_term_string}"},"query-input":{"@type":"PropertyValueSpecification","valueRequired":true,"valueName":"search_term_string"}}],"inLanguage":"tr"},{"@type":"Person","@id":"https:\/\/kuzeyinsesi.org\/#\/schema\/person\/9f859689cdf01485597712386e37f5aa","name":"Kuzeyin Sesi","image":{"@type":"ImageObject","inLanguage":"tr","@id":"https:\/\/secure.gravatar.com\/avatar\/bab33852abfd8b282518d6ed81826833d77c3c882d9ab608add591ccace47a44?s=96&d=mm&r=g","url":"https:\/\/secure.gravatar.com\/avatar\/bab33852abfd8b282518d6ed81826833d77c3c882d9ab608add591ccace47a44?s=96&d=mm&r=g","contentUrl":"https:\/\/secure.gravatar.com\/avatar\/bab33852abfd8b282518d6ed81826833d77c3c882d9ab608add591ccace47a44?s=96&d=mm&r=g","caption":"Kuzeyin Sesi"},"sameAs":["https:\/\/kuzeyinsesi.org"],"url":"https:\/\/kuzeyinsesi.org\/index.php\/author\/guven\/"}]}},"_links":{"self":[{"href":"https:\/\/kuzeyinsesi.org\/index.php\/wp-json\/wp\/v2\/posts\/11434","targetHints":{"allow":["GET"]}}],"collection":[{"href":"https:\/\/kuzeyinsesi.org\/index.php\/wp-json\/wp\/v2\/posts"}],"about":[{"href":"https:\/\/kuzeyinsesi.org\/index.php\/wp-json\/wp\/v2\/types\/post"}],"author":[{"embeddable":true,"href":"https:\/\/kuzeyinsesi.org\/index.php\/wp-json\/wp\/v2\/users\/1"}],"replies":[{"embeddable":true,"href":"https:\/\/kuzeyinsesi.org\/index.php\/wp-json\/wp\/v2\/comments?post=11434"}],"version-history":[{"count":0,"href":"https:\/\/kuzeyinsesi.org\/index.php\/wp-json\/wp\/v2\/posts\/11434\/revisions"}],"wp:featuredmedia":[{"embeddable":true,"href":"https:\/\/kuzeyinsesi.org\/index.php\/wp-json\/wp\/v2\/media\/11435"}],"wp:attachment":[{"href":"https:\/\/kuzeyinsesi.org\/index.php\/wp-json\/wp\/v2\/media?parent=11434"}],"wp:term":[{"taxonomy":"category","embeddable":true,"href":"https:\/\/kuzeyinsesi.org\/index.php\/wp-json\/wp\/v2\/categories?post=11434"},{"taxonomy":"post_tag","embeddable":true,"href":"https:\/\/kuzeyinsesi.org\/index.php\/wp-json\/wp\/v2\/tags?post=11434"}],"curies":[{"name":"wp","href":"https:\/\/api.w.org\/{rel}","templated":true}]}}