{"id":11428,"date":"2024-10-12T16:34:15","date_gmt":"2024-10-12T13:34:15","guid":{"rendered":"https:\/\/kuzeyinsesi.org\/index.php\/2024\/10\/12\/girne-arkin-group-fest-24-duman-grubunun-kapanis-konseriyle-sona-erdi\/"},"modified":"2024-10-12T16:34:15","modified_gmt":"2024-10-12T13:34:15","slug":"girne-arkin-group-fest-24-duman-grubunun-kapanis-konseriyle-sona-erdi","status":"publish","type":"post","link":"https:\/\/kuzeyinsesi.org\/index.php\/2024\/10\/12\/girne-arkin-group-fest-24-duman-grubunun-kapanis-konseriyle-sona-erdi\/","title":{"rendered":"Girne Ark\u0131n Group Fest 24, Duman grubunun kapan\u0131\u015f konseriyle sona erdi"},"content":{"rendered":"<div>\n<div class=\"mariselle-image-container center\">\n                                            <\/div>\n<p>\nGirne Ark\u0131n Group Fest 24, Duman grubunun kapan\u0131\u015f konseriyle sona erdi.<\/p>\n<p>Belediyeden verilen bilgiye g\u00f6re, Girne Amfi Tiyatro\u2019da sahne alan Duman, performans\u0131yla  m\u00fczikseveri co\u015fturdu ve festivalin son gecesine damgas\u0131n\u0131 vurdu.<\/p>\n<p>Grubun sevilen par\u00e7alar\u0131, \u2018Senden Daha G\u00fczel,\u2019 \u2018Kufi,\u2019 \u2018Elleri Ellerime,\u2019 ve \u2018Her \u015eeyi Yak\u2019 dinleyicilere unutulmaz anlar ya\u015fat\u0131rken, Girne\u2019nin tarihi atmosferinde m\u00fczikle dolu bir ak\u015fam ya\u015fand\u0131.<\/p>\n<p>Konserden hemen \u00f6nce, Girne Belediye Ba\u015fkan\u0131 Murat \u015eenkul\u2019 festivalin ana sponsoru Merit Park\u2019a verdikleri desteklerden dolay\u0131 Merit Sosyal \u0130\u015fler Koordinat\u00f6r\u00fc Mine G\u00fcrses ve Koordinat\u00f6r Yard\u0131mc\u0131s\u0131 Devrim Metin\u2019e plaket sundu.<\/p>\n<\/p><\/div>\n<p><script async\n                    defer\n                    crossorigin=\"anonymous\"\n                    src=\"https:\/\/connect.facebook.net\/tr_TR\/sdk.js#xfbml=1&#038;version=v3.3\"\n            ><\/script><\/p>\n","protected":false},"excerpt":{"rendered":"<p>Girne Ark\u0131n Group Fest 24, Duman grubunun kapan\u0131\u015f konseriyle sona erdi. Belediyeden verilen bilgiye g\u00f6re, Girne Amfi Tiyatro\u2019da sahne alan Duman, performans\u0131yla m\u00fczikseveri co\u015fturdu ve festivalin son gecesine damgas\u0131n\u0131 vurdu. Grubun sevilen par\u00e7alar\u0131, \u2018Senden Daha G\u00fczel,\u2019 \u2018Kufi,\u2019 \u2018Elleri Ellerime,\u2019 ve \u2018Her \u015eeyi Yak\u2019 dinleyicilere unutulmaz anlar ya\u015fat\u0131rken, Girne\u2019nin tarihi atmosferinde m\u00fczikle dolu bir ak\u015fam ya\u015fand\u0131. [&hellip;]<\/p>\n","protected":false},"author":1,"featured_media":11429,"comment_status":"open","ping_status":"open","sticky":false,"template":"","format":"standard","meta":{"jnews-multi-image_gallery":[],"jnews_single_post":[],"jnews_primary_category":[],"jnews_social_meta":[],"jnews_override_counter":[],"footnotes":""},"categories":[6],"tags":[],"class_list":["post-11428","post","type-post","status-publish","format-standard","has-post-thumbnail","hentry","category-yasam"],"yoast_head":"<!-- This site is optimized with the Yoast SEO plugin v27.4 - https:\/\/yoast.com\/product\/yoast-seo-wordpress\/ -->\n<title>Girne Ark\u0131n Group Fest 24, Duman grubunun kapan\u0131\u015f konseriyle sona erdi - Kuzeyin Sesi<\/title>\n<meta name=\"robots\" content=\"index, follow, max-snippet:-1, max-image-preview:large, max-video-preview:-1\" \/>\n<link rel=\"canonical\" href=\"https:\/\/kuzeyinsesi.org\/index.php\/2024\/10\/12\/girne-arkin-group-fest-24-duman-grubunun-kapanis-konseriyle-sona-erdi\/\" \/>\n<meta property=\"og:locale\" content=\"tr_TR\" \/>\n<meta property=\"og:type\" content=\"article\" \/>\n<meta property=\"og:title\" content=\"Girne Ark\u0131n Group Fest 24, Duman grubunun kapan\u0131\u015f konseriyle sona erdi - Kuzeyin Sesi\" \/>\n<meta property=\"og:description\" content=\"Girne Ark\u0131n Group Fest 24, Duman grubunun kapan\u0131\u015f konseriyle sona erdi. Belediyeden verilen bilgiye g\u00f6re, Girne Amfi Tiyatro\u2019da sahne alan Duman, performans\u0131yla m\u00fczikseveri co\u015fturdu ve festivalin son gecesine damgas\u0131n\u0131 vurdu. Grubun sevilen par\u00e7alar\u0131, \u2018Senden Daha G\u00fczel,\u2019 \u2018Kufi,\u2019 \u2018Elleri Ellerime,\u2019 ve \u2018Her \u015eeyi Yak\u2019 dinleyicilere unutulmaz anlar ya\u015fat\u0131rken, Girne\u2019nin tarihi atmosferinde m\u00fczikle dolu bir ak\u015fam ya\u015fand\u0131. [&hellip;]\" \/>\n<meta property=\"og:url\" content=\"https:\/\/kuzeyinsesi.org\/index.php\/2024\/10\/12\/girne-arkin-group-fest-24-duman-grubunun-kapanis-konseriyle-sona-erdi\/\" \/>\n<meta property=\"og:site_name\" content=\"Kuzeyin Sesi\" \/>\n<meta property=\"article:publisher\" content=\"https:\/\/www.facebook.com\/kuzeyinsesii\" \/>\n<meta property=\"article:published_time\" content=\"2024-10-12T13:34:15+00:00\" \/>\n<meta property=\"og:image\" content=\"https:\/\/brtk.net\/wp-content\/uploads\/2024\/10\/12\/duman-konseri-18--scaled.jpg?ver=058f705936ded22ce2acbdd72621264d\" \/>\n<meta name=\"author\" content=\"Kuzeyin Sesi\" \/>\n<meta name=\"twitter:card\" content=\"summary_large_image\" \/>\n<meta name=\"twitter:creator\" content=\"@kuzeyinsesii\" \/>\n<meta name=\"twitter:site\" content=\"@kuzeyinsesii\" \/>\n<meta name=\"twitter:label1\" content=\"Yazan:\" \/>\n\t<meta name=\"twitter:data1\" content=\"Kuzeyin Sesi\" \/>\n\t<meta name=\"twitter:label2\" content=\"Tahmini okuma s\u00fcresi\" \/>\n\t<meta name=\"twitter:data2\" content=\"1 dakika\" \/>\n<script type=\"application\/ld+json\" class=\"yoast-schema-graph\">{\"@context\":\"https:\\\/\\\/schema.org\",\"@graph\":[{\"@type\":\"Article\",\"@id\":\"https:\\\/\\\/kuzeyinsesi.org\\\/index.php\\\/2024\\\/10\\\/12\\\/girne-arkin-group-fest-24-duman-grubunun-kapanis-konseriyle-sona-erdi\\\/#article\",\"isPartOf\":{\"@id\":\"https:\\\/\\\/kuzeyinsesi.org\\\/index.php\\\/2024\\\/10\\\/12\\\/girne-arkin-group-fest-24-duman-grubunun-kapanis-konseriyle-sona-erdi\\\/\"},\"author\":{\"name\":\"Kuzeyin Sesi\",\"@id\":\"https:\\\/\\\/kuzeyinsesi.org\\\/#\\\/schema\\\/person\\\/9f859689cdf01485597712386e37f5aa\"},\"headline\":\"Girne Ark\u0131n Group Fest 24, Duman grubunun kapan\u0131\u015f konseriyle sona erdi\",\"datePublished\":\"2024-10-12T13:34:15+00:00\",\"mainEntityOfPage\":{\"@id\":\"https:\\\/\\\/kuzeyinsesi.org\\\/index.php\\\/2024\\\/10\\\/12\\\/girne-arkin-group-fest-24-duman-grubunun-kapanis-konseriyle-sona-erdi\\\/\"},\"wordCount\":117,\"commentCount\":0,\"image\":{\"@id\":\"https:\\\/\\\/kuzeyinsesi.org\\\/index.php\\\/2024\\\/10\\\/12\\\/girne-arkin-group-fest-24-duman-grubunun-kapanis-konseriyle-sona-erdi\\\/#primaryimage\"},\"thumbnailUrl\":\"https:\\\/\\\/kuzeyinsesi.org\\\/wp-content\\\/uploads\\\/2024\\\/10\\\/duman-konseri-18-scaled.jpg\",\"articleSection\":[\"Ya\u015fam\"],\"inLanguage\":\"tr\",\"potentialAction\":[{\"@type\":\"CommentAction\",\"name\":\"Comment\",\"target\":[\"https:\\\/\\\/kuzeyinsesi.org\\\/index.php\\\/2024\\\/10\\\/12\\\/girne-arkin-group-fest-24-duman-grubunun-kapanis-konseriyle-sona-erdi\\\/#respond\"]}]},{\"@type\":\"WebPage\",\"@id\":\"https:\\\/\\\/kuzeyinsesi.org\\\/index.php\\\/2024\\\/10\\\/12\\\/girne-arkin-group-fest-24-duman-grubunun-kapanis-konseriyle-sona-erdi\\\/\",\"url\":\"https:\\\/\\\/kuzeyinsesi.org\\\/index.php\\\/2024\\\/10\\\/12\\\/girne-arkin-group-fest-24-duman-grubunun-kapanis-konseriyle-sona-erdi\\\/\",\"name\":\"Girne Ark\u0131n Group Fest 24, Duman grubunun kapan\u0131\u015f konseriyle sona erdi - Kuzeyin Sesi\",\"isPartOf\":{\"@id\":\"https:\\\/\\\/kuzeyinsesi.org\\\/#website\"},\"primaryImageOfPage\":{\"@id\":\"https:\\\/\\\/kuzeyinsesi.org\\\/index.php\\\/2024\\\/10\\\/12\\\/girne-arkin-group-fest-24-duman-grubunun-kapanis-konseriyle-sona-erdi\\\/#primaryimage\"},\"image\":{\"@id\":\"https:\\\/\\\/kuzeyinsesi.org\\\/index.php\\\/2024\\\/10\\\/12\\\/girne-arkin-group-fest-24-duman-grubunun-kapanis-konseriyle-sona-erdi\\\/#primaryimage\"},\"thumbnailUrl\":\"https:\\\/\\\/kuzeyinsesi.org\\\/wp-content\\\/uploads\\\/2024\\\/10\\\/duman-konseri-18-scaled.jpg\",\"datePublished\":\"2024-10-12T13:34:15+00:00\",\"author\":{\"@id\":\"https:\\\/\\\/kuzeyinsesi.org\\\/#\\\/schema\\\/person\\\/9f859689cdf01485597712386e37f5aa\"},\"breadcrumb\":{\"@id\":\"https:\\\/\\\/kuzeyinsesi.org\\\/index.php\\\/2024\\\/10\\\/12\\\/girne-arkin-group-fest-24-duman-grubunun-kapanis-konseriyle-sona-erdi\\\/#breadcrumb\"},\"inLanguage\":\"tr\",\"potentialAction\":[{\"@type\":\"ReadAction\",\"target\":[\"https:\\\/\\\/kuzeyinsesi.org\\\/index.php\\\/2024\\\/10\\\/12\\\/girne-arkin-group-fest-24-duman-grubunun-kapanis-konseriyle-sona-erdi\\\/\"]}]},{\"@type\":\"ImageObject\",\"inLanguage\":\"tr\",\"@id\":\"https:\\\/\\\/kuzeyinsesi.org\\\/index.php\\\/2024\\\/10\\\/12\\\/girne-arkin-group-fest-24-duman-grubunun-kapanis-konseriyle-sona-erdi\\\/#primaryimage\",\"url\":\"https:\\\/\\\/kuzeyinsesi.org\\\/wp-content\\\/uploads\\\/2024\\\/10\\\/duman-konseri-18-scaled.jpg\",\"contentUrl\":\"https:\\\/\\\/kuzeyinsesi.org\\\/wp-content\\\/uploads\\\/2024\\\/10\\\/duman-konseri-18-scaled.jpg\",\"width\":2560,\"height\":1711},{\"@type\":\"BreadcrumbList\",\"@id\":\"https:\\\/\\\/kuzeyinsesi.org\\\/index.php\\\/2024\\\/10\\\/12\\\/girne-arkin-group-fest-24-duman-grubunun-kapanis-konseriyle-sona-erdi\\\/#breadcrumb\",\"itemListElement\":[{\"@type\":\"ListItem\",\"position\":1,\"name\":\"Anasayfa\",\"item\":\"https:\\\/\\\/kuzeyinsesi.org\\\/\"},{\"@type\":\"ListItem\",\"position\":2,\"name\":\"Girne Ark\u0131n Group Fest 24, Duman grubunun kapan\u0131\u015f konseriyle sona erdi\"}]},{\"@type\":\"WebSite\",\"@id\":\"https:\\\/\\\/kuzeyinsesi.org\\\/#website\",\"url\":\"https:\\\/\\\/kuzeyinsesi.org\\\/\",\"name\":\"Kuzeyin Sesi\",\"description\":\"Do\u011fru Haberin Adresi\",\"potentialAction\":[{\"@type\":\"SearchAction\",\"target\":{\"@type\":\"EntryPoint\",\"urlTemplate\":\"https:\\\/\\\/kuzeyinsesi.org\\\/?s={search_term_string}\"},\"query-input\":{\"@type\":\"PropertyValueSpecification\",\"valueRequired\":true,\"valueName\":\"search_term_string\"}}],\"inLanguage\":\"tr\"},{\"@type\":\"Person\",\"@id\":\"https:\\\/\\\/kuzeyinsesi.org\\\/#\\\/schema\\\/person\\\/9f859689cdf01485597712386e37f5aa\",\"name\":\"Kuzeyin Sesi\",\"image\":{\"@type\":\"ImageObject\",\"inLanguage\":\"tr\",\"@id\":\"https:\\\/\\\/secure.gravatar.com\\\/avatar\\\/bab33852abfd8b282518d6ed81826833d77c3c882d9ab608add591ccace47a44?s=96&d=mm&r=g\",\"url\":\"https:\\\/\\\/secure.gravatar.com\\\/avatar\\\/bab33852abfd8b282518d6ed81826833d77c3c882d9ab608add591ccace47a44?s=96&d=mm&r=g\",\"contentUrl\":\"https:\\\/\\\/secure.gravatar.com\\\/avatar\\\/bab33852abfd8b282518d6ed81826833d77c3c882d9ab608add591ccace47a44?s=96&d=mm&r=g\",\"caption\":\"Kuzeyin Sesi\"},\"sameAs\":[\"https:\\\/\\\/kuzeyinsesi.org\"],\"url\":\"https:\\\/\\\/kuzeyinsesi.org\\\/index.php\\\/author\\\/guven\\\/\"}]}<\/script>\n<!-- \/ Yoast SEO plugin. -->","yoast_head_json":{"title":"Girne Ark\u0131n Group Fest 24, Duman grubunun kapan\u0131\u015f konseriyle sona erdi - Kuzeyin Sesi","robots":{"index":"index","follow":"follow","max-snippet":"max-snippet:-1","max-image-preview":"max-image-preview:large","max-video-preview":"max-video-preview:-1"},"canonical":"https:\/\/kuzeyinsesi.org\/index.php\/2024\/10\/12\/girne-arkin-group-fest-24-duman-grubunun-kapanis-konseriyle-sona-erdi\/","og_locale":"tr_TR","og_type":"article","og_title":"Girne Ark\u0131n Group Fest 24, Duman grubunun kapan\u0131\u015f konseriyle sona erdi - Kuzeyin Sesi","og_description":"Girne Ark\u0131n Group Fest 24, Duman grubunun kapan\u0131\u015f konseriyle sona erdi. Belediyeden verilen bilgiye g\u00f6re, Girne Amfi Tiyatro\u2019da sahne alan Duman, performans\u0131yla m\u00fczikseveri co\u015fturdu ve festivalin son gecesine damgas\u0131n\u0131 vurdu. Grubun sevilen par\u00e7alar\u0131, \u2018Senden Daha G\u00fczel,\u2019 \u2018Kufi,\u2019 \u2018Elleri Ellerime,\u2019 ve \u2018Her \u015eeyi Yak\u2019 dinleyicilere unutulmaz anlar ya\u015fat\u0131rken, Girne\u2019nin tarihi atmosferinde m\u00fczikle dolu bir ak\u015fam ya\u015fand\u0131. [&hellip;]","og_url":"https:\/\/kuzeyinsesi.org\/index.php\/2024\/10\/12\/girne-arkin-group-fest-24-duman-grubunun-kapanis-konseriyle-sona-erdi\/","og_site_name":"Kuzeyin Sesi","article_publisher":"https:\/\/www.facebook.com\/kuzeyinsesii","article_published_time":"2024-10-12T13:34:15+00:00","og_image":[{"url":"https:\/\/brtk.net\/wp-content\/uploads\/2024\/10\/12\/duman-konseri-18--scaled.jpg?ver=058f705936ded22ce2acbdd72621264d","type":"","width":"","height":""}],"author":"Kuzeyin Sesi","twitter_card":"summary_large_image","twitter_creator":"@kuzeyinsesii","twitter_site":"@kuzeyinsesii","twitter_misc":{"Yazan:":"Kuzeyin Sesi","Tahmini okuma s\u00fcresi":"1 dakika"},"schema":{"@context":"https:\/\/schema.org","@graph":[{"@type":"Article","@id":"https:\/\/kuzeyinsesi.org\/index.php\/2024\/10\/12\/girne-arkin-group-fest-24-duman-grubunun-kapanis-konseriyle-sona-erdi\/#article","isPartOf":{"@id":"https:\/\/kuzeyinsesi.org\/index.php\/2024\/10\/12\/girne-arkin-group-fest-24-duman-grubunun-kapanis-konseriyle-sona-erdi\/"},"author":{"name":"Kuzeyin Sesi","@id":"https:\/\/kuzeyinsesi.org\/#\/schema\/person\/9f859689cdf01485597712386e37f5aa"},"headline":"Girne Ark\u0131n Group Fest 24, Duman grubunun kapan\u0131\u015f konseriyle sona erdi","datePublished":"2024-10-12T13:34:15+00:00","mainEntityOfPage":{"@id":"https:\/\/kuzeyinsesi.org\/index.php\/2024\/10\/12\/girne-arkin-group-fest-24-duman-grubunun-kapanis-konseriyle-sona-erdi\/"},"wordCount":117,"commentCount":0,"image":{"@id":"https:\/\/kuzeyinsesi.org\/index.php\/2024\/10\/12\/girne-arkin-group-fest-24-duman-grubunun-kapanis-konseriyle-sona-erdi\/#primaryimage"},"thumbnailUrl":"https:\/\/kuzeyinsesi.org\/wp-content\/uploads\/2024\/10\/duman-konseri-18-scaled.jpg","articleSection":["Ya\u015fam"],"inLanguage":"tr","potentialAction":[{"@type":"CommentAction","name":"Comment","target":["https:\/\/kuzeyinsesi.org\/index.php\/2024\/10\/12\/girne-arkin-group-fest-24-duman-grubunun-kapanis-konseriyle-sona-erdi\/#respond"]}]},{"@type":"WebPage","@id":"https:\/\/kuzeyinsesi.org\/index.php\/2024\/10\/12\/girne-arkin-group-fest-24-duman-grubunun-kapanis-konseriyle-sona-erdi\/","url":"https:\/\/kuzeyinsesi.org\/index.php\/2024\/10\/12\/girne-arkin-group-fest-24-duman-grubunun-kapanis-konseriyle-sona-erdi\/","name":"Girne Ark\u0131n Group Fest 24, Duman grubunun kapan\u0131\u015f konseriyle sona erdi - Kuzeyin Sesi","isPartOf":{"@id":"https:\/\/kuzeyinsesi.org\/#website"},"primaryImageOfPage":{"@id":"https:\/\/kuzeyinsesi.org\/index.php\/2024\/10\/12\/girne-arkin-group-fest-24-duman-grubunun-kapanis-konseriyle-sona-erdi\/#primaryimage"},"image":{"@id":"https:\/\/kuzeyinsesi.org\/index.php\/2024\/10\/12\/girne-arkin-group-fest-24-duman-grubunun-kapanis-konseriyle-sona-erdi\/#primaryimage"},"thumbnailUrl":"https:\/\/kuzeyinsesi.org\/wp-content\/uploads\/2024\/10\/duman-konseri-18-scaled.jpg","datePublished":"2024-10-12T13:34:15+00:00","author":{"@id":"https:\/\/kuzeyinsesi.org\/#\/schema\/person\/9f859689cdf01485597712386e37f5aa"},"breadcrumb":{"@id":"https:\/\/kuzeyinsesi.org\/index.php\/2024\/10\/12\/girne-arkin-group-fest-24-duman-grubunun-kapanis-konseriyle-sona-erdi\/#breadcrumb"},"inLanguage":"tr","potentialAction":[{"@type":"ReadAction","target":["https:\/\/kuzeyinsesi.org\/index.php\/2024\/10\/12\/girne-arkin-group-fest-24-duman-grubunun-kapanis-konseriyle-sona-erdi\/"]}]},{"@type":"ImageObject","inLanguage":"tr","@id":"https:\/\/kuzeyinsesi.org\/index.php\/2024\/10\/12\/girne-arkin-group-fest-24-duman-grubunun-kapanis-konseriyle-sona-erdi\/#primaryimage","url":"https:\/\/kuzeyinsesi.org\/wp-content\/uploads\/2024\/10\/duman-konseri-18-scaled.jpg","contentUrl":"https:\/\/kuzeyinsesi.org\/wp-content\/uploads\/2024\/10\/duman-konseri-18-scaled.jpg","width":2560,"height":1711},{"@type":"BreadcrumbList","@id":"https:\/\/kuzeyinsesi.org\/index.php\/2024\/10\/12\/girne-arkin-group-fest-24-duman-grubunun-kapanis-konseriyle-sona-erdi\/#breadcrumb","itemListElement":[{"@type":"ListItem","position":1,"name":"Anasayfa","item":"https:\/\/kuzeyinsesi.org\/"},{"@type":"ListItem","position":2,"name":"Girne Ark\u0131n Group Fest 24, Duman grubunun kapan\u0131\u015f konseriyle sona erdi"}]},{"@type":"WebSite","@id":"https:\/\/kuzeyinsesi.org\/#website","url":"https:\/\/kuzeyinsesi.org\/","name":"Kuzeyin Sesi","description":"Do\u011fru Haberin Adresi","potentialAction":[{"@type":"SearchAction","target":{"@type":"EntryPoint","urlTemplate":"https:\/\/kuzeyinsesi.org\/?s={search_term_string}"},"query-input":{"@type":"PropertyValueSpecification","valueRequired":true,"valueName":"search_term_string"}}],"inLanguage":"tr"},{"@type":"Person","@id":"https:\/\/kuzeyinsesi.org\/#\/schema\/person\/9f859689cdf01485597712386e37f5aa","name":"Kuzeyin Sesi","image":{"@type":"ImageObject","inLanguage":"tr","@id":"https:\/\/secure.gravatar.com\/avatar\/bab33852abfd8b282518d6ed81826833d77c3c882d9ab608add591ccace47a44?s=96&d=mm&r=g","url":"https:\/\/secure.gravatar.com\/avatar\/bab33852abfd8b282518d6ed81826833d77c3c882d9ab608add591ccace47a44?s=96&d=mm&r=g","contentUrl":"https:\/\/secure.gravatar.com\/avatar\/bab33852abfd8b282518d6ed81826833d77c3c882d9ab608add591ccace47a44?s=96&d=mm&r=g","caption":"Kuzeyin Sesi"},"sameAs":["https:\/\/kuzeyinsesi.org"],"url":"https:\/\/kuzeyinsesi.org\/index.php\/author\/guven\/"}]}},"_links":{"self":[{"href":"https:\/\/kuzeyinsesi.org\/index.php\/wp-json\/wp\/v2\/posts\/11428","targetHints":{"allow":["GET"]}}],"collection":[{"href":"https:\/\/kuzeyinsesi.org\/index.php\/wp-json\/wp\/v2\/posts"}],"about":[{"href":"https:\/\/kuzeyinsesi.org\/index.php\/wp-json\/wp\/v2\/types\/post"}],"author":[{"embeddable":true,"href":"https:\/\/kuzeyinsesi.org\/index.php\/wp-json\/wp\/v2\/users\/1"}],"replies":[{"embeddable":true,"href":"https:\/\/kuzeyinsesi.org\/index.php\/wp-json\/wp\/v2\/comments?post=11428"}],"version-history":[{"count":0,"href":"https:\/\/kuzeyinsesi.org\/index.php\/wp-json\/wp\/v2\/posts\/11428\/revisions"}],"wp:featuredmedia":[{"embeddable":true,"href":"https:\/\/kuzeyinsesi.org\/index.php\/wp-json\/wp\/v2\/media\/11429"}],"wp:attachment":[{"href":"https:\/\/kuzeyinsesi.org\/index.php\/wp-json\/wp\/v2\/media?parent=11428"}],"wp:term":[{"taxonomy":"category","embeddable":true,"href":"https:\/\/kuzeyinsesi.org\/index.php\/wp-json\/wp\/v2\/categories?post=11428"},{"taxonomy":"post_tag","embeddable":true,"href":"https:\/\/kuzeyinsesi.org\/index.php\/wp-json\/wp\/v2\/tags?post=11428"}],"curies":[{"name":"wp","href":"https:\/\/api.w.org\/{rel}","templated":true}]}}