{"id":11420,"date":"2024-10-12T15:33:25","date_gmt":"2024-10-12T12:33:25","guid":{"rendered":"https:\/\/kuzeyinsesi.org\/index.php\/2024\/10\/12\/cumhurbaskani-tatar-laptaya-donusun-50-yili-fikriye-ogretmenin-mirasi-isimli-etkinlige-katildi\/"},"modified":"2024-10-12T15:33:25","modified_gmt":"2024-10-12T12:33:25","slug":"cumhurbaskani-tatar-laptaya-donusun-50-yili-fikriye-ogretmenin-mirasi-isimli-etkinlige-katildi","status":"publish","type":"post","link":"https:\/\/kuzeyinsesi.org\/index.php\/2024\/10\/12\/cumhurbaskani-tatar-laptaya-donusun-50-yili-fikriye-ogretmenin-mirasi-isimli-etkinlige-katildi\/","title":{"rendered":"Cumhurba\u015fkan\u0131 Tatar \u201cLapta\u2019ya D\u00f6n\u00fc\u015f\u00fcn 50. Y\u0131l\u0131: Fikriye \u00d6\u011fretmenin Miras\u0131\u201d isimli etkinli\u011fe kat\u0131ld\u0131"},"content":{"rendered":"<div>\n<div class=\"mariselle-image-container center\">\n                                            <\/div>\n<p>Cumhurba\u015fkan\u0131 Ersin Tatar, \u201cLapta\u2019ya D\u00f6n\u00fc\u015f\u00fcn 50. Y\u0131l\u0131: Fikriye \u00d6\u011fretmenin Miras\u0131\u201d adl\u0131 etkinli\u011fe kat\u0131ld\u0131.<\/p>\n<p>Cumhurba\u015fkanl\u0131\u011f\u0131ndan yap\u0131lan a\u00e7\u0131klamaya g\u00f6re, Lapta Alsancak \u00c7aml\u0131bel (LA\u00c7) Belediyesi G\u00f6kay Bo\u011fa\u00e7han K\u00fclt\u00fcr Merkezi\u2019nde yap\u0131lan etkinlikte konu\u015fan Cumhurba\u015fkan\u0131 Tatar, etkinlikte yer alan defilede K\u0131br\u0131s T\u00fcrk\u00fc\u2019n\u00fcn giysileri, k\u00fclt\u00fcr\u00fc, sanat\u0131 ve m\u00fczi\u011finden olu\u015fan ge\u00e7mi\u015fi g\u00f6rd\u00fcklerini s\u00f6yledi.<\/p>\n<p>Cumhurba\u015fkan\u0131 Tatar, \u201cK\u0131br\u0131s T\u00fcrk halk\u0131n\u0131n gelenekleri, g\u00f6renekleri ve sanat\u0131yla varl\u0131\u011f\u0131n\u0131 s\u00fcrd\u00fcr\u00fcrken, ge\u00e7mi\u015fini unutmadan bu de\u011ferleri ya\u015fatarak gelecek ku\u015faklara aktarman\u0131n\u201d \u00f6nemine vurgu yapt\u0131. <\/p>\n<p>K\u0131br\u0131s T\u00fcrk\u00fc\u2019n\u00fcn zengin bir k\u00fclt\u00fcr ve ba\u015far\u0131l\u0131 bir tarihinin bulundu\u011funu belirten Cumhurba\u015fkan\u0131 Tatar, \u201cBu \u00f6zellikleri gelece\u011fe ta\u015f\u0131yacak \u00e7al\u0131\u015fkan ve \u00fcretken insanlara ihtiya\u00e7 duyuldu\u011funu bunlar\u0131n ba\u015f\u0131nda kad\u0131nlar\u0131n geldi\u011fini\u201d s\u00f6yledi.<\/p>\n<p>Tatar, etkinli\u011fin d\u00fczenlenmesini sa\u011flayan Lapta K\u00fclt\u00fcr ve Dayan\u0131\u015fma Derne\u011fi\u2019ne, katk\u0131 koyan kurumlara ve eme\u011fi ge\u00e7enlere te\u015fekk\u00fcr etti.<\/p>\n<\/p><\/div>\n<p><script async\n                    defer\n                    crossorigin=\"anonymous\"\n                    src=\"https:\/\/connect.facebook.net\/tr_TR\/sdk.js#xfbml=1&#038;version=v3.3\"\n            ><\/script><\/p>\n","protected":false},"excerpt":{"rendered":"<p>Cumhurba\u015fkan\u0131 Ersin Tatar, \u201cLapta\u2019ya D\u00f6n\u00fc\u015f\u00fcn 50. Y\u0131l\u0131: Fikriye \u00d6\u011fretmenin Miras\u0131\u201d adl\u0131 etkinli\u011fe kat\u0131ld\u0131. Cumhurba\u015fkanl\u0131\u011f\u0131ndan yap\u0131lan a\u00e7\u0131klamaya g\u00f6re, Lapta Alsancak \u00c7aml\u0131bel (LA\u00c7) Belediyesi G\u00f6kay Bo\u011fa\u00e7han K\u00fclt\u00fcr Merkezi\u2019nde yap\u0131lan etkinlikte konu\u015fan Cumhurba\u015fkan\u0131 Tatar, etkinlikte yer alan defilede K\u0131br\u0131s T\u00fcrk\u00fc\u2019n\u00fcn giysileri, k\u00fclt\u00fcr\u00fc, sanat\u0131 ve m\u00fczi\u011finden olu\u015fan ge\u00e7mi\u015fi g\u00f6rd\u00fcklerini s\u00f6yledi. Cumhurba\u015fkan\u0131 Tatar, \u201cK\u0131br\u0131s T\u00fcrk halk\u0131n\u0131n gelenekleri, g\u00f6renekleri ve sanat\u0131yla [&hellip;]<\/p>\n","protected":false},"author":1,"featured_media":11421,"comment_status":"open","ping_status":"open","sticky":false,"template":"","format":"standard","meta":{"jnews-multi-image_gallery":[],"jnews_single_post":[],"jnews_primary_category":[],"jnews_social_meta":[],"jnews_override_counter":[],"footnotes":""},"categories":[6],"tags":[],"class_list":["post-11420","post","type-post","status-publish","format-standard","has-post-thumbnail","hentry","category-yasam"],"yoast_head":"<!-- This site is optimized with the Yoast SEO plugin v27.4 - https:\/\/yoast.com\/product\/yoast-seo-wordpress\/ -->\n<title>Cumhurba\u015fkan\u0131 Tatar \u201cLapta\u2019ya D\u00f6n\u00fc\u015f\u00fcn 50. Y\u0131l\u0131: Fikriye \u00d6\u011fretmenin Miras\u0131\u201d isimli etkinli\u011fe kat\u0131ld\u0131 - Kuzeyin Sesi<\/title>\n<meta name=\"robots\" content=\"index, follow, max-snippet:-1, max-image-preview:large, max-video-preview:-1\" \/>\n<link rel=\"canonical\" href=\"https:\/\/kuzeyinsesi.org\/index.php\/2024\/10\/12\/cumhurbaskani-tatar-laptaya-donusun-50-yili-fikriye-ogretmenin-mirasi-isimli-etkinlige-katildi\/\" \/>\n<meta property=\"og:locale\" content=\"tr_TR\" \/>\n<meta property=\"og:type\" content=\"article\" \/>\n<meta property=\"og:title\" content=\"Cumhurba\u015fkan\u0131 Tatar \u201cLapta\u2019ya D\u00f6n\u00fc\u015f\u00fcn 50. Y\u0131l\u0131: Fikriye \u00d6\u011fretmenin Miras\u0131\u201d isimli etkinli\u011fe kat\u0131ld\u0131 - Kuzeyin Sesi\" \/>\n<meta property=\"og:description\" content=\"Cumhurba\u015fkan\u0131 Ersin Tatar, \u201cLapta\u2019ya D\u00f6n\u00fc\u015f\u00fcn 50. Y\u0131l\u0131: Fikriye \u00d6\u011fretmenin Miras\u0131\u201d adl\u0131 etkinli\u011fe kat\u0131ld\u0131. Cumhurba\u015fkanl\u0131\u011f\u0131ndan yap\u0131lan a\u00e7\u0131klamaya g\u00f6re, Lapta Alsancak \u00c7aml\u0131bel (LA\u00c7) Belediyesi G\u00f6kay Bo\u011fa\u00e7han K\u00fclt\u00fcr Merkezi\u2019nde yap\u0131lan etkinlikte konu\u015fan Cumhurba\u015fkan\u0131 Tatar, etkinlikte yer alan defilede K\u0131br\u0131s T\u00fcrk\u00fc\u2019n\u00fcn giysileri, k\u00fclt\u00fcr\u00fc, sanat\u0131 ve m\u00fczi\u011finden olu\u015fan ge\u00e7mi\u015fi g\u00f6rd\u00fcklerini s\u00f6yledi. Cumhurba\u015fkan\u0131 Tatar, \u201cK\u0131br\u0131s T\u00fcrk halk\u0131n\u0131n gelenekleri, g\u00f6renekleri ve sanat\u0131yla [&hellip;]\" \/>\n<meta property=\"og:url\" content=\"https:\/\/kuzeyinsesi.org\/index.php\/2024\/10\/12\/cumhurbaskani-tatar-laptaya-donusun-50-yili-fikriye-ogretmenin-mirasi-isimli-etkinlige-katildi\/\" \/>\n<meta property=\"og:site_name\" content=\"Kuzeyin Sesi\" \/>\n<meta property=\"article:publisher\" content=\"https:\/\/www.facebook.com\/kuzeyinsesii\" \/>\n<meta property=\"article:published_time\" content=\"2024-10-12T12:33:25+00:00\" \/>\n<meta property=\"og:image\" content=\"https:\/\/brtk.net\/wp-content\/uploads\/2024\/10\/12\/tatar-3-42.jpg?ver=24e6f63fb306687dce32d04b370a744c\" \/>\n<meta name=\"author\" content=\"Kuzeyin Sesi\" \/>\n<meta name=\"twitter:card\" content=\"summary_large_image\" \/>\n<meta name=\"twitter:creator\" content=\"@kuzeyinsesii\" \/>\n<meta name=\"twitter:site\" content=\"@kuzeyinsesii\" \/>\n<meta name=\"twitter:label1\" content=\"Yazan:\" \/>\n\t<meta name=\"twitter:data1\" content=\"Kuzeyin Sesi\" \/>\n\t<meta name=\"twitter:label2\" content=\"Tahmini okuma s\u00fcresi\" \/>\n\t<meta name=\"twitter:data2\" content=\"1 dakika\" \/>\n<script type=\"application\/ld+json\" class=\"yoast-schema-graph\">{\"@context\":\"https:\\\/\\\/schema.org\",\"@graph\":[{\"@type\":\"Article\",\"@id\":\"https:\\\/\\\/kuzeyinsesi.org\\\/index.php\\\/2024\\\/10\\\/12\\\/cumhurbaskani-tatar-laptaya-donusun-50-yili-fikriye-ogretmenin-mirasi-isimli-etkinlige-katildi\\\/#article\",\"isPartOf\":{\"@id\":\"https:\\\/\\\/kuzeyinsesi.org\\\/index.php\\\/2024\\\/10\\\/12\\\/cumhurbaskani-tatar-laptaya-donusun-50-yili-fikriye-ogretmenin-mirasi-isimli-etkinlige-katildi\\\/\"},\"author\":{\"name\":\"Kuzeyin Sesi\",\"@id\":\"https:\\\/\\\/kuzeyinsesi.org\\\/#\\\/schema\\\/person\\\/9f859689cdf01485597712386e37f5aa\"},\"headline\":\"Cumhurba\u015fkan\u0131 Tatar \u201cLapta\u2019ya D\u00f6n\u00fc\u015f\u00fcn 50. Y\u0131l\u0131: Fikriye \u00d6\u011fretmenin Miras\u0131\u201d isimli etkinli\u011fe kat\u0131ld\u0131\",\"datePublished\":\"2024-10-12T12:33:25+00:00\",\"mainEntityOfPage\":{\"@id\":\"https:\\\/\\\/kuzeyinsesi.org\\\/index.php\\\/2024\\\/10\\\/12\\\/cumhurbaskani-tatar-laptaya-donusun-50-yili-fikriye-ogretmenin-mirasi-isimli-etkinlige-katildi\\\/\"},\"wordCount\":218,\"commentCount\":0,\"image\":{\"@id\":\"https:\\\/\\\/kuzeyinsesi.org\\\/index.php\\\/2024\\\/10\\\/12\\\/cumhurbaskani-tatar-laptaya-donusun-50-yili-fikriye-ogretmenin-mirasi-isimli-etkinlige-katildi\\\/#primaryimage\"},\"thumbnailUrl\":\"https:\\\/\\\/kuzeyinsesi.org\\\/wp-content\\\/uploads\\\/2024\\\/10\\\/tatar-3-42.jpg\",\"articleSection\":[\"Ya\u015fam\"],\"inLanguage\":\"tr\",\"potentialAction\":[{\"@type\":\"CommentAction\",\"name\":\"Comment\",\"target\":[\"https:\\\/\\\/kuzeyinsesi.org\\\/index.php\\\/2024\\\/10\\\/12\\\/cumhurbaskani-tatar-laptaya-donusun-50-yili-fikriye-ogretmenin-mirasi-isimli-etkinlige-katildi\\\/#respond\"]}]},{\"@type\":\"WebPage\",\"@id\":\"https:\\\/\\\/kuzeyinsesi.org\\\/index.php\\\/2024\\\/10\\\/12\\\/cumhurbaskani-tatar-laptaya-donusun-50-yili-fikriye-ogretmenin-mirasi-isimli-etkinlige-katildi\\\/\",\"url\":\"https:\\\/\\\/kuzeyinsesi.org\\\/index.php\\\/2024\\\/10\\\/12\\\/cumhurbaskani-tatar-laptaya-donusun-50-yili-fikriye-ogretmenin-mirasi-isimli-etkinlige-katildi\\\/\",\"name\":\"Cumhurba\u015fkan\u0131 Tatar \u201cLapta\u2019ya D\u00f6n\u00fc\u015f\u00fcn 50. Y\u0131l\u0131: Fikriye \u00d6\u011fretmenin Miras\u0131\u201d isimli etkinli\u011fe kat\u0131ld\u0131 - Kuzeyin Sesi\",\"isPartOf\":{\"@id\":\"https:\\\/\\\/kuzeyinsesi.org\\\/#website\"},\"primaryImageOfPage\":{\"@id\":\"https:\\\/\\\/kuzeyinsesi.org\\\/index.php\\\/2024\\\/10\\\/12\\\/cumhurbaskani-tatar-laptaya-donusun-50-yili-fikriye-ogretmenin-mirasi-isimli-etkinlige-katildi\\\/#primaryimage\"},\"image\":{\"@id\":\"https:\\\/\\\/kuzeyinsesi.org\\\/index.php\\\/2024\\\/10\\\/12\\\/cumhurbaskani-tatar-laptaya-donusun-50-yili-fikriye-ogretmenin-mirasi-isimli-etkinlige-katildi\\\/#primaryimage\"},\"thumbnailUrl\":\"https:\\\/\\\/kuzeyinsesi.org\\\/wp-content\\\/uploads\\\/2024\\\/10\\\/tatar-3-42.jpg\",\"datePublished\":\"2024-10-12T12:33:25+00:00\",\"author\":{\"@id\":\"https:\\\/\\\/kuzeyinsesi.org\\\/#\\\/schema\\\/person\\\/9f859689cdf01485597712386e37f5aa\"},\"breadcrumb\":{\"@id\":\"https:\\\/\\\/kuzeyinsesi.org\\\/index.php\\\/2024\\\/10\\\/12\\\/cumhurbaskani-tatar-laptaya-donusun-50-yili-fikriye-ogretmenin-mirasi-isimli-etkinlige-katildi\\\/#breadcrumb\"},\"inLanguage\":\"tr\",\"potentialAction\":[{\"@type\":\"ReadAction\",\"target\":[\"https:\\\/\\\/kuzeyinsesi.org\\\/index.php\\\/2024\\\/10\\\/12\\\/cumhurbaskani-tatar-laptaya-donusun-50-yili-fikriye-ogretmenin-mirasi-isimli-etkinlige-katildi\\\/\"]}]},{\"@type\":\"ImageObject\",\"inLanguage\":\"tr\",\"@id\":\"https:\\\/\\\/kuzeyinsesi.org\\\/index.php\\\/2024\\\/10\\\/12\\\/cumhurbaskani-tatar-laptaya-donusun-50-yili-fikriye-ogretmenin-mirasi-isimli-etkinlige-katildi\\\/#primaryimage\",\"url\":\"https:\\\/\\\/kuzeyinsesi.org\\\/wp-content\\\/uploads\\\/2024\\\/10\\\/tatar-3-42.jpg\",\"contentUrl\":\"https:\\\/\\\/kuzeyinsesi.org\\\/wp-content\\\/uploads\\\/2024\\\/10\\\/tatar-3-42.jpg\",\"width\":1920,\"height\":960},{\"@type\":\"BreadcrumbList\",\"@id\":\"https:\\\/\\\/kuzeyinsesi.org\\\/index.php\\\/2024\\\/10\\\/12\\\/cumhurbaskani-tatar-laptaya-donusun-50-yili-fikriye-ogretmenin-mirasi-isimli-etkinlige-katildi\\\/#breadcrumb\",\"itemListElement\":[{\"@type\":\"ListItem\",\"position\":1,\"name\":\"Anasayfa\",\"item\":\"https:\\\/\\\/kuzeyinsesi.org\\\/\"},{\"@type\":\"ListItem\",\"position\":2,\"name\":\"Cumhurba\u015fkan\u0131 Tatar \u201cLapta\u2019ya D\u00f6n\u00fc\u015f\u00fcn 50. Y\u0131l\u0131: Fikriye \u00d6\u011fretmenin Miras\u0131\u201d isimli etkinli\u011fe kat\u0131ld\u0131\"}]},{\"@type\":\"WebSite\",\"@id\":\"https:\\\/\\\/kuzeyinsesi.org\\\/#website\",\"url\":\"https:\\\/\\\/kuzeyinsesi.org\\\/\",\"name\":\"Kuzeyin Sesi\",\"description\":\"Do\u011fru Haberin Adresi\",\"potentialAction\":[{\"@type\":\"SearchAction\",\"target\":{\"@type\":\"EntryPoint\",\"urlTemplate\":\"https:\\\/\\\/kuzeyinsesi.org\\\/?s={search_term_string}\"},\"query-input\":{\"@type\":\"PropertyValueSpecification\",\"valueRequired\":true,\"valueName\":\"search_term_string\"}}],\"inLanguage\":\"tr\"},{\"@type\":\"Person\",\"@id\":\"https:\\\/\\\/kuzeyinsesi.org\\\/#\\\/schema\\\/person\\\/9f859689cdf01485597712386e37f5aa\",\"name\":\"Kuzeyin Sesi\",\"image\":{\"@type\":\"ImageObject\",\"inLanguage\":\"tr\",\"@id\":\"https:\\\/\\\/secure.gravatar.com\\\/avatar\\\/bab33852abfd8b282518d6ed81826833d77c3c882d9ab608add591ccace47a44?s=96&d=mm&r=g\",\"url\":\"https:\\\/\\\/secure.gravatar.com\\\/avatar\\\/bab33852abfd8b282518d6ed81826833d77c3c882d9ab608add591ccace47a44?s=96&d=mm&r=g\",\"contentUrl\":\"https:\\\/\\\/secure.gravatar.com\\\/avatar\\\/bab33852abfd8b282518d6ed81826833d77c3c882d9ab608add591ccace47a44?s=96&d=mm&r=g\",\"caption\":\"Kuzeyin Sesi\"},\"sameAs\":[\"https:\\\/\\\/kuzeyinsesi.org\"],\"url\":\"https:\\\/\\\/kuzeyinsesi.org\\\/index.php\\\/author\\\/guven\\\/\"}]}<\/script>\n<!-- \/ Yoast SEO plugin. -->","yoast_head_json":{"title":"Cumhurba\u015fkan\u0131 Tatar \u201cLapta\u2019ya D\u00f6n\u00fc\u015f\u00fcn 50. Y\u0131l\u0131: Fikriye \u00d6\u011fretmenin Miras\u0131\u201d isimli etkinli\u011fe kat\u0131ld\u0131 - Kuzeyin Sesi","robots":{"index":"index","follow":"follow","max-snippet":"max-snippet:-1","max-image-preview":"max-image-preview:large","max-video-preview":"max-video-preview:-1"},"canonical":"https:\/\/kuzeyinsesi.org\/index.php\/2024\/10\/12\/cumhurbaskani-tatar-laptaya-donusun-50-yili-fikriye-ogretmenin-mirasi-isimli-etkinlige-katildi\/","og_locale":"tr_TR","og_type":"article","og_title":"Cumhurba\u015fkan\u0131 Tatar \u201cLapta\u2019ya D\u00f6n\u00fc\u015f\u00fcn 50. Y\u0131l\u0131: Fikriye \u00d6\u011fretmenin Miras\u0131\u201d isimli etkinli\u011fe kat\u0131ld\u0131 - Kuzeyin Sesi","og_description":"Cumhurba\u015fkan\u0131 Ersin Tatar, \u201cLapta\u2019ya D\u00f6n\u00fc\u015f\u00fcn 50. Y\u0131l\u0131: Fikriye \u00d6\u011fretmenin Miras\u0131\u201d adl\u0131 etkinli\u011fe kat\u0131ld\u0131. Cumhurba\u015fkanl\u0131\u011f\u0131ndan yap\u0131lan a\u00e7\u0131klamaya g\u00f6re, Lapta Alsancak \u00c7aml\u0131bel (LA\u00c7) Belediyesi G\u00f6kay Bo\u011fa\u00e7han K\u00fclt\u00fcr Merkezi\u2019nde yap\u0131lan etkinlikte konu\u015fan Cumhurba\u015fkan\u0131 Tatar, etkinlikte yer alan defilede K\u0131br\u0131s T\u00fcrk\u00fc\u2019n\u00fcn giysileri, k\u00fclt\u00fcr\u00fc, sanat\u0131 ve m\u00fczi\u011finden olu\u015fan ge\u00e7mi\u015fi g\u00f6rd\u00fcklerini s\u00f6yledi. Cumhurba\u015fkan\u0131 Tatar, \u201cK\u0131br\u0131s T\u00fcrk halk\u0131n\u0131n gelenekleri, g\u00f6renekleri ve sanat\u0131yla [&hellip;]","og_url":"https:\/\/kuzeyinsesi.org\/index.php\/2024\/10\/12\/cumhurbaskani-tatar-laptaya-donusun-50-yili-fikriye-ogretmenin-mirasi-isimli-etkinlige-katildi\/","og_site_name":"Kuzeyin Sesi","article_publisher":"https:\/\/www.facebook.com\/kuzeyinsesii","article_published_time":"2024-10-12T12:33:25+00:00","og_image":[{"url":"https:\/\/brtk.net\/wp-content\/uploads\/2024\/10\/12\/tatar-3-42.jpg?ver=24e6f63fb306687dce32d04b370a744c","type":"","width":"","height":""}],"author":"Kuzeyin Sesi","twitter_card":"summary_large_image","twitter_creator":"@kuzeyinsesii","twitter_site":"@kuzeyinsesii","twitter_misc":{"Yazan:":"Kuzeyin Sesi","Tahmini okuma s\u00fcresi":"1 dakika"},"schema":{"@context":"https:\/\/schema.org","@graph":[{"@type":"Article","@id":"https:\/\/kuzeyinsesi.org\/index.php\/2024\/10\/12\/cumhurbaskani-tatar-laptaya-donusun-50-yili-fikriye-ogretmenin-mirasi-isimli-etkinlige-katildi\/#article","isPartOf":{"@id":"https:\/\/kuzeyinsesi.org\/index.php\/2024\/10\/12\/cumhurbaskani-tatar-laptaya-donusun-50-yili-fikriye-ogretmenin-mirasi-isimli-etkinlige-katildi\/"},"author":{"name":"Kuzeyin Sesi","@id":"https:\/\/kuzeyinsesi.org\/#\/schema\/person\/9f859689cdf01485597712386e37f5aa"},"headline":"Cumhurba\u015fkan\u0131 Tatar \u201cLapta\u2019ya D\u00f6n\u00fc\u015f\u00fcn 50. Y\u0131l\u0131: Fikriye \u00d6\u011fretmenin Miras\u0131\u201d isimli etkinli\u011fe kat\u0131ld\u0131","datePublished":"2024-10-12T12:33:25+00:00","mainEntityOfPage":{"@id":"https:\/\/kuzeyinsesi.org\/index.php\/2024\/10\/12\/cumhurbaskani-tatar-laptaya-donusun-50-yili-fikriye-ogretmenin-mirasi-isimli-etkinlige-katildi\/"},"wordCount":218,"commentCount":0,"image":{"@id":"https:\/\/kuzeyinsesi.org\/index.php\/2024\/10\/12\/cumhurbaskani-tatar-laptaya-donusun-50-yili-fikriye-ogretmenin-mirasi-isimli-etkinlige-katildi\/#primaryimage"},"thumbnailUrl":"https:\/\/kuzeyinsesi.org\/wp-content\/uploads\/2024\/10\/tatar-3-42.jpg","articleSection":["Ya\u015fam"],"inLanguage":"tr","potentialAction":[{"@type":"CommentAction","name":"Comment","target":["https:\/\/kuzeyinsesi.org\/index.php\/2024\/10\/12\/cumhurbaskani-tatar-laptaya-donusun-50-yili-fikriye-ogretmenin-mirasi-isimli-etkinlige-katildi\/#respond"]}]},{"@type":"WebPage","@id":"https:\/\/kuzeyinsesi.org\/index.php\/2024\/10\/12\/cumhurbaskani-tatar-laptaya-donusun-50-yili-fikriye-ogretmenin-mirasi-isimli-etkinlige-katildi\/","url":"https:\/\/kuzeyinsesi.org\/index.php\/2024\/10\/12\/cumhurbaskani-tatar-laptaya-donusun-50-yili-fikriye-ogretmenin-mirasi-isimli-etkinlige-katildi\/","name":"Cumhurba\u015fkan\u0131 Tatar \u201cLapta\u2019ya D\u00f6n\u00fc\u015f\u00fcn 50. Y\u0131l\u0131: Fikriye \u00d6\u011fretmenin Miras\u0131\u201d isimli etkinli\u011fe kat\u0131ld\u0131 - Kuzeyin Sesi","isPartOf":{"@id":"https:\/\/kuzeyinsesi.org\/#website"},"primaryImageOfPage":{"@id":"https:\/\/kuzeyinsesi.org\/index.php\/2024\/10\/12\/cumhurbaskani-tatar-laptaya-donusun-50-yili-fikriye-ogretmenin-mirasi-isimli-etkinlige-katildi\/#primaryimage"},"image":{"@id":"https:\/\/kuzeyinsesi.org\/index.php\/2024\/10\/12\/cumhurbaskani-tatar-laptaya-donusun-50-yili-fikriye-ogretmenin-mirasi-isimli-etkinlige-katildi\/#primaryimage"},"thumbnailUrl":"https:\/\/kuzeyinsesi.org\/wp-content\/uploads\/2024\/10\/tatar-3-42.jpg","datePublished":"2024-10-12T12:33:25+00:00","author":{"@id":"https:\/\/kuzeyinsesi.org\/#\/schema\/person\/9f859689cdf01485597712386e37f5aa"},"breadcrumb":{"@id":"https:\/\/kuzeyinsesi.org\/index.php\/2024\/10\/12\/cumhurbaskani-tatar-laptaya-donusun-50-yili-fikriye-ogretmenin-mirasi-isimli-etkinlige-katildi\/#breadcrumb"},"inLanguage":"tr","potentialAction":[{"@type":"ReadAction","target":["https:\/\/kuzeyinsesi.org\/index.php\/2024\/10\/12\/cumhurbaskani-tatar-laptaya-donusun-50-yili-fikriye-ogretmenin-mirasi-isimli-etkinlige-katildi\/"]}]},{"@type":"ImageObject","inLanguage":"tr","@id":"https:\/\/kuzeyinsesi.org\/index.php\/2024\/10\/12\/cumhurbaskani-tatar-laptaya-donusun-50-yili-fikriye-ogretmenin-mirasi-isimli-etkinlige-katildi\/#primaryimage","url":"https:\/\/kuzeyinsesi.org\/wp-content\/uploads\/2024\/10\/tatar-3-42.jpg","contentUrl":"https:\/\/kuzeyinsesi.org\/wp-content\/uploads\/2024\/10\/tatar-3-42.jpg","width":1920,"height":960},{"@type":"BreadcrumbList","@id":"https:\/\/kuzeyinsesi.org\/index.php\/2024\/10\/12\/cumhurbaskani-tatar-laptaya-donusun-50-yili-fikriye-ogretmenin-mirasi-isimli-etkinlige-katildi\/#breadcrumb","itemListElement":[{"@type":"ListItem","position":1,"name":"Anasayfa","item":"https:\/\/kuzeyinsesi.org\/"},{"@type":"ListItem","position":2,"name":"Cumhurba\u015fkan\u0131 Tatar \u201cLapta\u2019ya D\u00f6n\u00fc\u015f\u00fcn 50. Y\u0131l\u0131: Fikriye \u00d6\u011fretmenin Miras\u0131\u201d isimli etkinli\u011fe kat\u0131ld\u0131"}]},{"@type":"WebSite","@id":"https:\/\/kuzeyinsesi.org\/#website","url":"https:\/\/kuzeyinsesi.org\/","name":"Kuzeyin Sesi","description":"Do\u011fru Haberin Adresi","potentialAction":[{"@type":"SearchAction","target":{"@type":"EntryPoint","urlTemplate":"https:\/\/kuzeyinsesi.org\/?s={search_term_string}"},"query-input":{"@type":"PropertyValueSpecification","valueRequired":true,"valueName":"search_term_string"}}],"inLanguage":"tr"},{"@type":"Person","@id":"https:\/\/kuzeyinsesi.org\/#\/schema\/person\/9f859689cdf01485597712386e37f5aa","name":"Kuzeyin Sesi","image":{"@type":"ImageObject","inLanguage":"tr","@id":"https:\/\/secure.gravatar.com\/avatar\/bab33852abfd8b282518d6ed81826833d77c3c882d9ab608add591ccace47a44?s=96&d=mm&r=g","url":"https:\/\/secure.gravatar.com\/avatar\/bab33852abfd8b282518d6ed81826833d77c3c882d9ab608add591ccace47a44?s=96&d=mm&r=g","contentUrl":"https:\/\/secure.gravatar.com\/avatar\/bab33852abfd8b282518d6ed81826833d77c3c882d9ab608add591ccace47a44?s=96&d=mm&r=g","caption":"Kuzeyin Sesi"},"sameAs":["https:\/\/kuzeyinsesi.org"],"url":"https:\/\/kuzeyinsesi.org\/index.php\/author\/guven\/"}]}},"_links":{"self":[{"href":"https:\/\/kuzeyinsesi.org\/index.php\/wp-json\/wp\/v2\/posts\/11420","targetHints":{"allow":["GET"]}}],"collection":[{"href":"https:\/\/kuzeyinsesi.org\/index.php\/wp-json\/wp\/v2\/posts"}],"about":[{"href":"https:\/\/kuzeyinsesi.org\/index.php\/wp-json\/wp\/v2\/types\/post"}],"author":[{"embeddable":true,"href":"https:\/\/kuzeyinsesi.org\/index.php\/wp-json\/wp\/v2\/users\/1"}],"replies":[{"embeddable":true,"href":"https:\/\/kuzeyinsesi.org\/index.php\/wp-json\/wp\/v2\/comments?post=11420"}],"version-history":[{"count":0,"href":"https:\/\/kuzeyinsesi.org\/index.php\/wp-json\/wp\/v2\/posts\/11420\/revisions"}],"wp:featuredmedia":[{"embeddable":true,"href":"https:\/\/kuzeyinsesi.org\/index.php\/wp-json\/wp\/v2\/media\/11421"}],"wp:attachment":[{"href":"https:\/\/kuzeyinsesi.org\/index.php\/wp-json\/wp\/v2\/media?parent=11420"}],"wp:term":[{"taxonomy":"category","embeddable":true,"href":"https:\/\/kuzeyinsesi.org\/index.php\/wp-json\/wp\/v2\/categories?post=11420"},{"taxonomy":"post_tag","embeddable":true,"href":"https:\/\/kuzeyinsesi.org\/index.php\/wp-json\/wp\/v2\/tags?post=11420"}],"curies":[{"name":"wp","href":"https:\/\/api.w.org\/{rel}","templated":true}]}}