{"id":1138,"date":"2024-05-01T17:03:13","date_gmt":"2024-05-01T14:03:13","guid":{"rendered":"https:\/\/kuzeyinsesi.com\/index.php\/2024\/05\/01\/cavustan-ciftciler-birligi-kurulus-yildonumu-mesaji\/"},"modified":"2024-05-01T17:03:13","modified_gmt":"2024-05-01T14:03:13","slug":"cavustan-ciftciler-birligi-kurulus-yildonumu-mesaji","status":"publish","type":"post","link":"https:\/\/kuzeyinsesi.org\/index.php\/2024\/05\/01\/cavustan-ciftciler-birligi-kurulus-yildonumu-mesaji\/","title":{"rendered":"\u00c7avu\u015f\u2019tan \u00c7ift\u00e7iler Birli\u011fi kurulu\u015f y\u0131ld\u00f6n\u00fcm\u00fc mesaj\u0131"},"content":{"rendered":"<div>\n<div class=\"mariselle-image-container none\">\n                                            <\/div>\n<p style=\"font-weight: 300;\">Tar\u0131m ve Do\u011fal Kaynaklar Bakan\u0131 H\u00fcseyin \u00c7avu\u015f, 1 May\u0131s 1943 y\u0131l\u0131nda, 56 K\u0131br\u0131s T\u00fcrk k\u00f6yl\u00fcs\u00fcn\u00fcn bir araya gelerek kurdu\u011fu, K\u0131br\u0131s T\u00fcrk \u00c7ift\u00e7iler Birli\u011fi\u2019nin 81 y\u0131ld\u0131r g\u00fcnden g\u00fcne geli\u015ferek b\u00fcy\u00fcd\u00fc\u011f\u00fcn\u00fc g\u00f6rmenin hakl\u0131 gururunu ya\u015famakta olduklar\u0131n\u0131 belirtti.<\/p>\n<p style=\"font-weight: 300;\">\u00c7avu\u015f \u00c7ift\u00e7iler Birli\u011fi\u2019nin kurulu\u015f y\u0131ld\u00f6n\u00fcm\u00fc mesaj\u0131nda \u015f\u00f6yle dedi:<\/p>\n<p style=\"font-weight: 300;\">\u201c81 y\u0131l boyunca tar\u0131m\u0131n temel ta\u015flar\u0131 olarak yery\u00fcz\u00fcnde emek veren siz de\u011ferli \u00e7ift\u00e7ilerimizin fedakarl\u0131\u011f\u0131 ve \u00f6zverisi, \u00fclkemizin tar\u0131msal kalk\u0131nmas\u0131nda \u00f6nemli bir rol oynam\u0131\u015ft\u0131r.<\/p>\n<p style=\"font-weight: 300;\">Tar\u0131m, sadece g\u0131da \u00fcretimi de\u011fil, ayn\u0131 zamanda \u00fclkemizin ekonomik ve sosyal kalk\u0131nmas\u0131nda da kilit bir rol oynamaktad\u0131r. Bu nedenle, T\u00fcrk \u00c7ift\u00e7iler Birli\u011fi\u2019nin azim ve kararl\u0131l\u0131\u011f\u0131na minnettar\u0131z.<\/p>\n<p style=\"font-weight: 300;\">Gelecek nesillere daha ya\u015fanabilir bir d\u00fcnya b\u0131rakmak i\u00e7in verdi\u011finiz m\u00fccadeleyi takdir ediyor, birlik ve dayan\u0131\u015fma i\u00e7inde daha g\u00fc\u00e7l\u00fc yar\u0131nlar i\u00e7in \u00e7al\u0131\u015fmaya devam edece\u011finize olan inanc\u0131m\u0131z\u0131 ifade etmek istiyoruz.<\/p>\n<p style=\"font-weight: 300;\">81 y\u0131ll\u0131k bir ge\u00e7mi\u015fin tecr\u00fcbesiyle, gelece\u011fe umutla bakan K\u0131br\u0131s T\u00fcrk \u00c7ift\u00e7iler Birli\u011fi\u2019nin kurulu\u015funa katk\u0131 koyan M. Kemal Deniz, Beh\u00e7et Mirata, H\u00fcseyin G\u00fcltekin, Ali Rauf ve Bekir Naci\u2019yi anarken, birli\u011fin bu g\u00fcnlere gelmesinde eme\u011fi olan t\u00fcm y\u00f6neticilere ve \u00e7ift\u00e7ilerimize en i\u00e7ten te\u015fekk\u00fcrlerimi sunar\u0131m.\u201d<\/p>\n<p>\u00a0<\/p>\n<\/p><\/div>\n<p><script async\n                    defer\n                    crossorigin=\"anonymous\"\n                    src=\"https:\/\/connect.facebook.net\/tr_TR\/sdk.js#xfbml=1&#038;version=v3.3\"\n            ><\/script><\/p>\n","protected":false},"excerpt":{"rendered":"<p>Tar\u0131m ve Do\u011fal Kaynaklar Bakan\u0131 H\u00fcseyin \u00c7avu\u015f, 1 May\u0131s 1943 y\u0131l\u0131nda, 56 K\u0131br\u0131s T\u00fcrk k\u00f6yl\u00fcs\u00fcn\u00fcn bir araya gelerek kurdu\u011fu, K\u0131br\u0131s T\u00fcrk \u00c7ift\u00e7iler Birli\u011fi\u2019nin 81 y\u0131ld\u0131r g\u00fcnden g\u00fcne geli\u015ferek b\u00fcy\u00fcd\u00fc\u011f\u00fcn\u00fc g\u00f6rmenin hakl\u0131 gururunu ya\u015famakta olduklar\u0131n\u0131 belirtti. \u00c7avu\u015f \u00c7ift\u00e7iler Birli\u011fi\u2019nin kurulu\u015f y\u0131ld\u00f6n\u00fcm\u00fc mesaj\u0131nda \u015f\u00f6yle dedi: \u201c81 y\u0131l boyunca tar\u0131m\u0131n temel ta\u015flar\u0131 olarak yery\u00fcz\u00fcnde emek veren siz de\u011ferli [&hellip;]<\/p>\n","protected":false},"author":1,"featured_media":1139,"comment_status":"open","ping_status":"open","sticky":false,"template":"","format":"standard","meta":{"jnews-multi-image_gallery":[],"jnews_single_post":[],"jnews_primary_category":[],"jnews_social_meta":[],"jnews_override_counter":[],"footnotes":""},"categories":[1],"tags":[],"class_list":["post-1138","post","type-post","status-publish","format-standard","has-post-thumbnail","hentry","category-kibris"],"yoast_head":"<!-- This site is optimized with the Yoast SEO plugin v27.5 - https:\/\/yoast.com\/product\/yoast-seo-wordpress\/ -->\n<title>\u00c7avu\u015f\u2019tan \u00c7ift\u00e7iler Birli\u011fi kurulu\u015f y\u0131ld\u00f6n\u00fcm\u00fc mesaj\u0131 - Kuzeyin Sesi<\/title>\n<meta name=\"robots\" content=\"index, follow, max-snippet:-1, max-image-preview:large, max-video-preview:-1\" \/>\n<link rel=\"canonical\" href=\"https:\/\/kuzeyinsesi.org\/index.php\/2024\/05\/01\/cavustan-ciftciler-birligi-kurulus-yildonumu-mesaji\/\" \/>\n<meta property=\"og:locale\" content=\"tr_TR\" \/>\n<meta property=\"og:type\" content=\"article\" \/>\n<meta property=\"og:title\" content=\"\u00c7avu\u015f\u2019tan \u00c7ift\u00e7iler Birli\u011fi kurulu\u015f y\u0131ld\u00f6n\u00fcm\u00fc mesaj\u0131 - Kuzeyin Sesi\" \/>\n<meta property=\"og:description\" content=\"Tar\u0131m ve Do\u011fal Kaynaklar Bakan\u0131 H\u00fcseyin \u00c7avu\u015f, 1 May\u0131s 1943 y\u0131l\u0131nda, 56 K\u0131br\u0131s T\u00fcrk k\u00f6yl\u00fcs\u00fcn\u00fcn bir araya gelerek kurdu\u011fu, K\u0131br\u0131s T\u00fcrk \u00c7ift\u00e7iler Birli\u011fi\u2019nin 81 y\u0131ld\u0131r g\u00fcnden g\u00fcne geli\u015ferek b\u00fcy\u00fcd\u00fc\u011f\u00fcn\u00fc g\u00f6rmenin hakl\u0131 gururunu ya\u015famakta olduklar\u0131n\u0131 belirtti. \u00c7avu\u015f \u00c7ift\u00e7iler Birli\u011fi\u2019nin kurulu\u015f y\u0131ld\u00f6n\u00fcm\u00fc mesaj\u0131nda \u015f\u00f6yle dedi: \u201c81 y\u0131l boyunca tar\u0131m\u0131n temel ta\u015flar\u0131 olarak yery\u00fcz\u00fcnde emek veren siz de\u011ferli [&hellip;]\" \/>\n<meta property=\"og:url\" content=\"https:\/\/kuzeyinsesi.org\/index.php\/2024\/05\/01\/cavustan-ciftciler-birligi-kurulus-yildonumu-mesaji\/\" \/>\n<meta property=\"og:site_name\" content=\"Kuzeyin Sesi\" \/>\n<meta property=\"article:publisher\" content=\"https:\/\/www.facebook.com\/kuzeyinsesii\" \/>\n<meta property=\"article:published_time\" content=\"2024-05-01T14:03:13+00:00\" \/>\n<meta property=\"og:image\" content=\"https:\/\/kuzeyinsesi.org\/wp-content\/uploads\/2024\/05\/image02.jpeg\" \/>\n\t<meta property=\"og:image:width\" content=\"960\" \/>\n\t<meta property=\"og:image:height\" content=\"638\" \/>\n\t<meta property=\"og:image:type\" content=\"image\/jpeg\" \/>\n<meta name=\"author\" content=\"Kuzeyin Sesi\" \/>\n<meta name=\"twitter:card\" content=\"summary_large_image\" \/>\n<meta name=\"twitter:creator\" content=\"@kuzeyinsesii\" \/>\n<meta name=\"twitter:site\" content=\"@kuzeyinsesii\" \/>\n<meta name=\"twitter:label1\" content=\"Yazan:\" \/>\n\t<meta name=\"twitter:data1\" content=\"Kuzeyin Sesi\" \/>\n\t<meta name=\"twitter:label2\" content=\"Tahmini okuma s\u00fcresi\" \/>\n\t<meta name=\"twitter:data2\" content=\"1 dakika\" \/>\n<script type=\"application\/ld+json\" class=\"yoast-schema-graph\">{\"@context\":\"https:\\\/\\\/schema.org\",\"@graph\":[{\"@type\":\"Article\",\"@id\":\"https:\\\/\\\/kuzeyinsesi.org\\\/index.php\\\/2024\\\/05\\\/01\\\/cavustan-ciftciler-birligi-kurulus-yildonumu-mesaji\\\/#article\",\"isPartOf\":{\"@id\":\"https:\\\/\\\/kuzeyinsesi.org\\\/index.php\\\/2024\\\/05\\\/01\\\/cavustan-ciftciler-birligi-kurulus-yildonumu-mesaji\\\/\"},\"author\":{\"name\":\"Kuzeyin Sesi\",\"@id\":\"https:\\\/\\\/kuzeyinsesi.org\\\/#\\\/schema\\\/person\\\/9f859689cdf01485597712386e37f5aa\"},\"headline\":\"\u00c7avu\u015f\u2019tan \u00c7ift\u00e7iler Birli\u011fi kurulu\u015f y\u0131ld\u00f6n\u00fcm\u00fc mesaj\u0131\",\"datePublished\":\"2024-05-01T14:03:13+00:00\",\"mainEntityOfPage\":{\"@id\":\"https:\\\/\\\/kuzeyinsesi.org\\\/index.php\\\/2024\\\/05\\\/01\\\/cavustan-ciftciler-birligi-kurulus-yildonumu-mesaji\\\/\"},\"wordCount\":274,\"commentCount\":0,\"image\":{\"@id\":\"https:\\\/\\\/kuzeyinsesi.org\\\/index.php\\\/2024\\\/05\\\/01\\\/cavustan-ciftciler-birligi-kurulus-yildonumu-mesaji\\\/#primaryimage\"},\"thumbnailUrl\":\"https:\\\/\\\/kuzeyinsesi.org\\\/wp-content\\\/uploads\\\/2024\\\/05\\\/image02.jpeg\",\"articleSection\":[\"K\u0131br\u0131s\"],\"inLanguage\":\"tr\",\"potentialAction\":[{\"@type\":\"CommentAction\",\"name\":\"Comment\",\"target\":[\"https:\\\/\\\/kuzeyinsesi.org\\\/index.php\\\/2024\\\/05\\\/01\\\/cavustan-ciftciler-birligi-kurulus-yildonumu-mesaji\\\/#respond\"]}]},{\"@type\":\"WebPage\",\"@id\":\"https:\\\/\\\/kuzeyinsesi.org\\\/index.php\\\/2024\\\/05\\\/01\\\/cavustan-ciftciler-birligi-kurulus-yildonumu-mesaji\\\/\",\"url\":\"https:\\\/\\\/kuzeyinsesi.org\\\/index.php\\\/2024\\\/05\\\/01\\\/cavustan-ciftciler-birligi-kurulus-yildonumu-mesaji\\\/\",\"name\":\"\u00c7avu\u015f\u2019tan \u00c7ift\u00e7iler Birli\u011fi kurulu\u015f y\u0131ld\u00f6n\u00fcm\u00fc mesaj\u0131 - Kuzeyin Sesi\",\"isPartOf\":{\"@id\":\"https:\\\/\\\/kuzeyinsesi.org\\\/#website\"},\"primaryImageOfPage\":{\"@id\":\"https:\\\/\\\/kuzeyinsesi.org\\\/index.php\\\/2024\\\/05\\\/01\\\/cavustan-ciftciler-birligi-kurulus-yildonumu-mesaji\\\/#primaryimage\"},\"image\":{\"@id\":\"https:\\\/\\\/kuzeyinsesi.org\\\/index.php\\\/2024\\\/05\\\/01\\\/cavustan-ciftciler-birligi-kurulus-yildonumu-mesaji\\\/#primaryimage\"},\"thumbnailUrl\":\"https:\\\/\\\/kuzeyinsesi.org\\\/wp-content\\\/uploads\\\/2024\\\/05\\\/image02.jpeg\",\"datePublished\":\"2024-05-01T14:03:13+00:00\",\"author\":{\"@id\":\"https:\\\/\\\/kuzeyinsesi.org\\\/#\\\/schema\\\/person\\\/9f859689cdf01485597712386e37f5aa\"},\"breadcrumb\":{\"@id\":\"https:\\\/\\\/kuzeyinsesi.org\\\/index.php\\\/2024\\\/05\\\/01\\\/cavustan-ciftciler-birligi-kurulus-yildonumu-mesaji\\\/#breadcrumb\"},\"inLanguage\":\"tr\",\"potentialAction\":[{\"@type\":\"ReadAction\",\"target\":[\"https:\\\/\\\/kuzeyinsesi.org\\\/index.php\\\/2024\\\/05\\\/01\\\/cavustan-ciftciler-birligi-kurulus-yildonumu-mesaji\\\/\"]}]},{\"@type\":\"ImageObject\",\"inLanguage\":\"tr\",\"@id\":\"https:\\\/\\\/kuzeyinsesi.org\\\/index.php\\\/2024\\\/05\\\/01\\\/cavustan-ciftciler-birligi-kurulus-yildonumu-mesaji\\\/#primaryimage\",\"url\":\"https:\\\/\\\/kuzeyinsesi.org\\\/wp-content\\\/uploads\\\/2024\\\/05\\\/image02.jpeg\",\"contentUrl\":\"https:\\\/\\\/kuzeyinsesi.org\\\/wp-content\\\/uploads\\\/2024\\\/05\\\/image02.jpeg\",\"width\":960,\"height\":638},{\"@type\":\"BreadcrumbList\",\"@id\":\"https:\\\/\\\/kuzeyinsesi.org\\\/index.php\\\/2024\\\/05\\\/01\\\/cavustan-ciftciler-birligi-kurulus-yildonumu-mesaji\\\/#breadcrumb\",\"itemListElement\":[{\"@type\":\"ListItem\",\"position\":1,\"name\":\"Anasayfa\",\"item\":\"https:\\\/\\\/kuzeyinsesi.org\\\/\"},{\"@type\":\"ListItem\",\"position\":2,\"name\":\"\u00c7avu\u015f\u2019tan \u00c7ift\u00e7iler Birli\u011fi kurulu\u015f y\u0131ld\u00f6n\u00fcm\u00fc mesaj\u0131\"}]},{\"@type\":\"WebSite\",\"@id\":\"https:\\\/\\\/kuzeyinsesi.org\\\/#website\",\"url\":\"https:\\\/\\\/kuzeyinsesi.org\\\/\",\"name\":\"Kuzeyin Sesi\",\"description\":\"Do\u011fru Haberin Adresi\",\"potentialAction\":[{\"@type\":\"SearchAction\",\"target\":{\"@type\":\"EntryPoint\",\"urlTemplate\":\"https:\\\/\\\/kuzeyinsesi.org\\\/?s={search_term_string}\"},\"query-input\":{\"@type\":\"PropertyValueSpecification\",\"valueRequired\":true,\"valueName\":\"search_term_string\"}}],\"inLanguage\":\"tr\"},{\"@type\":\"Person\",\"@id\":\"https:\\\/\\\/kuzeyinsesi.org\\\/#\\\/schema\\\/person\\\/9f859689cdf01485597712386e37f5aa\",\"name\":\"Kuzeyin Sesi\",\"image\":{\"@type\":\"ImageObject\",\"inLanguage\":\"tr\",\"@id\":\"https:\\\/\\\/secure.gravatar.com\\\/avatar\\\/bab33852abfd8b282518d6ed81826833d77c3c882d9ab608add591ccace47a44?s=96&d=mm&r=g\",\"url\":\"https:\\\/\\\/secure.gravatar.com\\\/avatar\\\/bab33852abfd8b282518d6ed81826833d77c3c882d9ab608add591ccace47a44?s=96&d=mm&r=g\",\"contentUrl\":\"https:\\\/\\\/secure.gravatar.com\\\/avatar\\\/bab33852abfd8b282518d6ed81826833d77c3c882d9ab608add591ccace47a44?s=96&d=mm&r=g\",\"caption\":\"Kuzeyin Sesi\"},\"sameAs\":[\"https:\\\/\\\/kuzeyinsesi.org\"],\"url\":\"https:\\\/\\\/kuzeyinsesi.org\\\/index.php\\\/author\\\/guven\\\/\"}]}<\/script>\n<!-- \/ Yoast SEO plugin. -->","yoast_head_json":{"title":"\u00c7avu\u015f\u2019tan \u00c7ift\u00e7iler Birli\u011fi kurulu\u015f y\u0131ld\u00f6n\u00fcm\u00fc mesaj\u0131 - Kuzeyin Sesi","robots":{"index":"index","follow":"follow","max-snippet":"max-snippet:-1","max-image-preview":"max-image-preview:large","max-video-preview":"max-video-preview:-1"},"canonical":"https:\/\/kuzeyinsesi.org\/index.php\/2024\/05\/01\/cavustan-ciftciler-birligi-kurulus-yildonumu-mesaji\/","og_locale":"tr_TR","og_type":"article","og_title":"\u00c7avu\u015f\u2019tan \u00c7ift\u00e7iler Birli\u011fi kurulu\u015f y\u0131ld\u00f6n\u00fcm\u00fc mesaj\u0131 - Kuzeyin Sesi","og_description":"Tar\u0131m ve Do\u011fal Kaynaklar Bakan\u0131 H\u00fcseyin \u00c7avu\u015f, 1 May\u0131s 1943 y\u0131l\u0131nda, 56 K\u0131br\u0131s T\u00fcrk k\u00f6yl\u00fcs\u00fcn\u00fcn bir araya gelerek kurdu\u011fu, K\u0131br\u0131s T\u00fcrk \u00c7ift\u00e7iler Birli\u011fi\u2019nin 81 y\u0131ld\u0131r g\u00fcnden g\u00fcne geli\u015ferek b\u00fcy\u00fcd\u00fc\u011f\u00fcn\u00fc g\u00f6rmenin hakl\u0131 gururunu ya\u015famakta olduklar\u0131n\u0131 belirtti. \u00c7avu\u015f \u00c7ift\u00e7iler Birli\u011fi\u2019nin kurulu\u015f y\u0131ld\u00f6n\u00fcm\u00fc mesaj\u0131nda \u015f\u00f6yle dedi: \u201c81 y\u0131l boyunca tar\u0131m\u0131n temel ta\u015flar\u0131 olarak yery\u00fcz\u00fcnde emek veren siz de\u011ferli [&hellip;]","og_url":"https:\/\/kuzeyinsesi.org\/index.php\/2024\/05\/01\/cavustan-ciftciler-birligi-kurulus-yildonumu-mesaji\/","og_site_name":"Kuzeyin Sesi","article_publisher":"https:\/\/www.facebook.com\/kuzeyinsesii","article_published_time":"2024-05-01T14:03:13+00:00","og_image":[{"width":960,"height":638,"url":"https:\/\/kuzeyinsesi.org\/wp-content\/uploads\/2024\/05\/image02.jpeg","type":"image\/jpeg"}],"author":"Kuzeyin Sesi","twitter_card":"summary_large_image","twitter_creator":"@kuzeyinsesii","twitter_site":"@kuzeyinsesii","twitter_misc":{"Yazan:":"Kuzeyin Sesi","Tahmini okuma s\u00fcresi":"1 dakika"},"schema":{"@context":"https:\/\/schema.org","@graph":[{"@type":"Article","@id":"https:\/\/kuzeyinsesi.org\/index.php\/2024\/05\/01\/cavustan-ciftciler-birligi-kurulus-yildonumu-mesaji\/#article","isPartOf":{"@id":"https:\/\/kuzeyinsesi.org\/index.php\/2024\/05\/01\/cavustan-ciftciler-birligi-kurulus-yildonumu-mesaji\/"},"author":{"name":"Kuzeyin Sesi","@id":"https:\/\/kuzeyinsesi.org\/#\/schema\/person\/9f859689cdf01485597712386e37f5aa"},"headline":"\u00c7avu\u015f\u2019tan \u00c7ift\u00e7iler Birli\u011fi kurulu\u015f y\u0131ld\u00f6n\u00fcm\u00fc mesaj\u0131","datePublished":"2024-05-01T14:03:13+00:00","mainEntityOfPage":{"@id":"https:\/\/kuzeyinsesi.org\/index.php\/2024\/05\/01\/cavustan-ciftciler-birligi-kurulus-yildonumu-mesaji\/"},"wordCount":274,"commentCount":0,"image":{"@id":"https:\/\/kuzeyinsesi.org\/index.php\/2024\/05\/01\/cavustan-ciftciler-birligi-kurulus-yildonumu-mesaji\/#primaryimage"},"thumbnailUrl":"https:\/\/kuzeyinsesi.org\/wp-content\/uploads\/2024\/05\/image02.jpeg","articleSection":["K\u0131br\u0131s"],"inLanguage":"tr","potentialAction":[{"@type":"CommentAction","name":"Comment","target":["https:\/\/kuzeyinsesi.org\/index.php\/2024\/05\/01\/cavustan-ciftciler-birligi-kurulus-yildonumu-mesaji\/#respond"]}]},{"@type":"WebPage","@id":"https:\/\/kuzeyinsesi.org\/index.php\/2024\/05\/01\/cavustan-ciftciler-birligi-kurulus-yildonumu-mesaji\/","url":"https:\/\/kuzeyinsesi.org\/index.php\/2024\/05\/01\/cavustan-ciftciler-birligi-kurulus-yildonumu-mesaji\/","name":"\u00c7avu\u015f\u2019tan \u00c7ift\u00e7iler Birli\u011fi kurulu\u015f y\u0131ld\u00f6n\u00fcm\u00fc mesaj\u0131 - Kuzeyin Sesi","isPartOf":{"@id":"https:\/\/kuzeyinsesi.org\/#website"},"primaryImageOfPage":{"@id":"https:\/\/kuzeyinsesi.org\/index.php\/2024\/05\/01\/cavustan-ciftciler-birligi-kurulus-yildonumu-mesaji\/#primaryimage"},"image":{"@id":"https:\/\/kuzeyinsesi.org\/index.php\/2024\/05\/01\/cavustan-ciftciler-birligi-kurulus-yildonumu-mesaji\/#primaryimage"},"thumbnailUrl":"https:\/\/kuzeyinsesi.org\/wp-content\/uploads\/2024\/05\/image02.jpeg","datePublished":"2024-05-01T14:03:13+00:00","author":{"@id":"https:\/\/kuzeyinsesi.org\/#\/schema\/person\/9f859689cdf01485597712386e37f5aa"},"breadcrumb":{"@id":"https:\/\/kuzeyinsesi.org\/index.php\/2024\/05\/01\/cavustan-ciftciler-birligi-kurulus-yildonumu-mesaji\/#breadcrumb"},"inLanguage":"tr","potentialAction":[{"@type":"ReadAction","target":["https:\/\/kuzeyinsesi.org\/index.php\/2024\/05\/01\/cavustan-ciftciler-birligi-kurulus-yildonumu-mesaji\/"]}]},{"@type":"ImageObject","inLanguage":"tr","@id":"https:\/\/kuzeyinsesi.org\/index.php\/2024\/05\/01\/cavustan-ciftciler-birligi-kurulus-yildonumu-mesaji\/#primaryimage","url":"https:\/\/kuzeyinsesi.org\/wp-content\/uploads\/2024\/05\/image02.jpeg","contentUrl":"https:\/\/kuzeyinsesi.org\/wp-content\/uploads\/2024\/05\/image02.jpeg","width":960,"height":638},{"@type":"BreadcrumbList","@id":"https:\/\/kuzeyinsesi.org\/index.php\/2024\/05\/01\/cavustan-ciftciler-birligi-kurulus-yildonumu-mesaji\/#breadcrumb","itemListElement":[{"@type":"ListItem","position":1,"name":"Anasayfa","item":"https:\/\/kuzeyinsesi.org\/"},{"@type":"ListItem","position":2,"name":"\u00c7avu\u015f\u2019tan \u00c7ift\u00e7iler Birli\u011fi kurulu\u015f y\u0131ld\u00f6n\u00fcm\u00fc mesaj\u0131"}]},{"@type":"WebSite","@id":"https:\/\/kuzeyinsesi.org\/#website","url":"https:\/\/kuzeyinsesi.org\/","name":"Kuzeyin Sesi","description":"Do\u011fru Haberin Adresi","potentialAction":[{"@type":"SearchAction","target":{"@type":"EntryPoint","urlTemplate":"https:\/\/kuzeyinsesi.org\/?s={search_term_string}"},"query-input":{"@type":"PropertyValueSpecification","valueRequired":true,"valueName":"search_term_string"}}],"inLanguage":"tr"},{"@type":"Person","@id":"https:\/\/kuzeyinsesi.org\/#\/schema\/person\/9f859689cdf01485597712386e37f5aa","name":"Kuzeyin Sesi","image":{"@type":"ImageObject","inLanguage":"tr","@id":"https:\/\/secure.gravatar.com\/avatar\/bab33852abfd8b282518d6ed81826833d77c3c882d9ab608add591ccace47a44?s=96&d=mm&r=g","url":"https:\/\/secure.gravatar.com\/avatar\/bab33852abfd8b282518d6ed81826833d77c3c882d9ab608add591ccace47a44?s=96&d=mm&r=g","contentUrl":"https:\/\/secure.gravatar.com\/avatar\/bab33852abfd8b282518d6ed81826833d77c3c882d9ab608add591ccace47a44?s=96&d=mm&r=g","caption":"Kuzeyin Sesi"},"sameAs":["https:\/\/kuzeyinsesi.org"],"url":"https:\/\/kuzeyinsesi.org\/index.php\/author\/guven\/"}]}},"_links":{"self":[{"href":"https:\/\/kuzeyinsesi.org\/index.php\/wp-json\/wp\/v2\/posts\/1138","targetHints":{"allow":["GET"]}}],"collection":[{"href":"https:\/\/kuzeyinsesi.org\/index.php\/wp-json\/wp\/v2\/posts"}],"about":[{"href":"https:\/\/kuzeyinsesi.org\/index.php\/wp-json\/wp\/v2\/types\/post"}],"author":[{"embeddable":true,"href":"https:\/\/kuzeyinsesi.org\/index.php\/wp-json\/wp\/v2\/users\/1"}],"replies":[{"embeddable":true,"href":"https:\/\/kuzeyinsesi.org\/index.php\/wp-json\/wp\/v2\/comments?post=1138"}],"version-history":[{"count":0,"href":"https:\/\/kuzeyinsesi.org\/index.php\/wp-json\/wp\/v2\/posts\/1138\/revisions"}],"wp:featuredmedia":[{"embeddable":true,"href":"https:\/\/kuzeyinsesi.org\/index.php\/wp-json\/wp\/v2\/media\/1139"}],"wp:attachment":[{"href":"https:\/\/kuzeyinsesi.org\/index.php\/wp-json\/wp\/v2\/media?parent=1138"}],"wp:term":[{"taxonomy":"category","embeddable":true,"href":"https:\/\/kuzeyinsesi.org\/index.php\/wp-json\/wp\/v2\/categories?post=1138"},{"taxonomy":"post_tag","embeddable":true,"href":"https:\/\/kuzeyinsesi.org\/index.php\/wp-json\/wp\/v2\/tags?post=1138"}],"curies":[{"name":"wp","href":"https:\/\/api.w.org\/{rel}","templated":true}]}}