{"id":11372,"date":"2024-10-11T14:43:32","date_gmt":"2024-10-11T11:43:32","guid":{"rendered":"https:\/\/kuzeyinsesi.org\/index.php\/2024\/10\/11\/diverse-it-sanat-festivali-17-20-ekim-tarihlerinde-lefkosada-gerceklesecek\/"},"modified":"2024-10-11T14:43:32","modified_gmt":"2024-10-11T11:43:32","slug":"diverse-it-sanat-festivali-17-20-ekim-tarihlerinde-lefkosada-gerceklesecek","status":"publish","type":"post","link":"https:\/\/kuzeyinsesi.org\/index.php\/2024\/10\/11\/diverse-it-sanat-festivali-17-20-ekim-tarihlerinde-lefkosada-gerceklesecek\/","title":{"rendered":"\u201cDiverse-it\u201d Sanat Festivali 17-20 Ekim tarihlerinde Lefko\u015fa\u2019da ger\u00e7ekle\u015fecek"},"content":{"rendered":"<div>\n<div class=\"mariselle-image-container center\">\n                                            <\/div>\n<p>\n17-20 Ekim tarihlerinde ger\u00e7ekle\u015fecek olan k\u00fclt\u00fcrleraras\u0131 \u201cDiverse-it\u201d Sanat Festivali\u2019nin lansman etkinli\u011fi ve bas\u0131n toplant\u0131s\u0131 organizat\u00f6rler, sanat\u00e7\u0131lar, bas\u0131n ve sponsorlar\u0131n kat\u0131l\u0131m\u0131yla ger\u00e7ekle\u015fti.<\/p>\n<p>Kurat\u00f6rl\u00fc\u011f\u00fcn\u00fc Esther Machado (Teca)\u2019n\u0131n \u00fcstlendi\u011fi festivalde altm\u0131\u015ftan fazla sanat\u00e7\u0131 g\u00f6rev alacak.<\/p>\n<p>Lansman etkinli\u011finde konu\u015fan Mete Hatay, haz\u0131rl\u0131klar\u0131n 1 y\u0131ldan beridir devam etti\u011fini, al\u00e7akg\u00f6n\u00fcll\u00fc bir b\u00fct\u00e7e ile g\u00fczel bir festival program\u0131 ortaya \u00e7\u0131kard\u0131klar\u0131n\u0131 belirtti.  Mete Hatay, mimari, tiyatro, performans, g\u00f6rsel sanatlar vs gibi farkl\u0131 disiplinlerden etkinliklerin festivalde yer bulaca\u011f\u0131n\u0131 belirtti.<\/p>\n<p>Esther Machado ise, farkli kesimlerden insanlar\u0131n biraraya gelece\u011fi, disiplinler aras\u0131 ve k\u00fclt\u00fcrler aras\u0131 bir festival ger\u00e7ekle\u015ftirilece\u011fini kaydetti. Esther Machado, festivalin Lefko\u015fa\u2019n\u0131n kalbinde, surlari\u00e7inde d\u00fczenlenece\u011fini ifade etti.<\/p>\n<p>Bir \u00e7ok farkl\u0131 \u00fclkeden sanat\u00e7\u0131ya ev sahipli\u011fi yapacak olan festivalin hedeflerinden biri de adada ya\u015fayan yerle\u015fik halkla yurtd\u0131\u015f\u0131ndan gelen \u00f6\u011frenci ve sanat\u00e7\u0131lar\u0131n kayna\u015ft\u0131\u011f\u0131 bir network olu\u015fturmak ve her kesim i\u00e7in ula\u015f\u0131labilir sanat etkinlikleri ger\u00e7ekle\u015ftirmek.<\/p>\n<p>At\u00f6lyeler, sergiler, konserler, dans \u015fovlar\u0131 ve film g\u00f6sterimleri gibi \u00e7ok kapsaml\u0131 bir program\u0131 olan festival, R\u00fcstem Kitabevi, M\u0131s\u0131rl\u0131zade Hoi Polloi, Yi\u011fitler Burcu park\u0131 gibi muhtelif mekanlarda ger\u00e7ekle\u015fecek ve d\u00f6rt g\u00fcn boyunca devam edecek.<\/p>\n<p>Festivaldeki \u00fccretsiz-\u00fccretli etkinlikler, bilet al\u0131nabilecek yerler, sanat\u00e7\u0131lar ve lokasyonlarla ilgili  detayl\u0131 bilgiye, https:\/\/diverseitartsfestival.my.canva.site\/#home sitesinden ula\u015fmak m\u00fcmk\u00fcn.<\/p>\n<\/p><\/div>\n<p><script async\n                    defer\n                    crossorigin=\"anonymous\"\n                    src=\"https:\/\/connect.facebook.net\/tr_TR\/sdk.js#xfbml=1&#038;version=v3.3\"\n            ><\/script><\/p>\n","protected":false},"excerpt":{"rendered":"<p>17-20 Ekim tarihlerinde ger\u00e7ekle\u015fecek olan k\u00fclt\u00fcrleraras\u0131 \u201cDiverse-it\u201d Sanat Festivali\u2019nin lansman etkinli\u011fi ve bas\u0131n toplant\u0131s\u0131 organizat\u00f6rler, sanat\u00e7\u0131lar, bas\u0131n ve sponsorlar\u0131n kat\u0131l\u0131m\u0131yla ger\u00e7ekle\u015fti. Kurat\u00f6rl\u00fc\u011f\u00fcn\u00fc Esther Machado (Teca)\u2019n\u0131n \u00fcstlendi\u011fi festivalde altm\u0131\u015ftan fazla sanat\u00e7\u0131 g\u00f6rev alacak. Lansman etkinli\u011finde konu\u015fan Mete Hatay, haz\u0131rl\u0131klar\u0131n 1 y\u0131ldan beridir devam etti\u011fini, al\u00e7akg\u00f6n\u00fcll\u00fc bir b\u00fct\u00e7e ile g\u00fczel bir festival program\u0131 ortaya \u00e7\u0131kard\u0131klar\u0131n\u0131 belirtti. Mete [&hellip;]<\/p>\n","protected":false},"author":1,"featured_media":11373,"comment_status":"open","ping_status":"open","sticky":false,"template":"","format":"standard","meta":{"jnews-multi-image_gallery":[],"jnews_single_post":[],"jnews_primary_category":[],"jnews_social_meta":[],"jnews_override_counter":[],"footnotes":""},"categories":[6],"tags":[],"class_list":["post-11372","post","type-post","status-publish","format-standard","has-post-thumbnail","hentry","category-yasam"],"yoast_head":"<!-- This site is optimized with the Yoast SEO plugin v27.4 - https:\/\/yoast.com\/product\/yoast-seo-wordpress\/ -->\n<title>\u201cDiverse-it\u201d Sanat Festivali 17-20 Ekim tarihlerinde Lefko\u015fa\u2019da ger\u00e7ekle\u015fecek - Kuzeyin Sesi<\/title>\n<meta name=\"robots\" content=\"index, follow, max-snippet:-1, max-image-preview:large, max-video-preview:-1\" \/>\n<link rel=\"canonical\" href=\"https:\/\/kuzeyinsesi.org\/index.php\/2024\/10\/11\/diverse-it-sanat-festivali-17-20-ekim-tarihlerinde-lefkosada-gerceklesecek\/\" \/>\n<meta property=\"og:locale\" content=\"tr_TR\" \/>\n<meta property=\"og:type\" content=\"article\" \/>\n<meta property=\"og:title\" content=\"\u201cDiverse-it\u201d Sanat Festivali 17-20 Ekim tarihlerinde Lefko\u015fa\u2019da ger\u00e7ekle\u015fecek - Kuzeyin Sesi\" \/>\n<meta property=\"og:description\" content=\"17-20 Ekim tarihlerinde ger\u00e7ekle\u015fecek olan k\u00fclt\u00fcrleraras\u0131 \u201cDiverse-it\u201d Sanat Festivali\u2019nin lansman etkinli\u011fi ve bas\u0131n toplant\u0131s\u0131 organizat\u00f6rler, sanat\u00e7\u0131lar, bas\u0131n ve sponsorlar\u0131n kat\u0131l\u0131m\u0131yla ger\u00e7ekle\u015fti. Kurat\u00f6rl\u00fc\u011f\u00fcn\u00fc Esther Machado (Teca)\u2019n\u0131n \u00fcstlendi\u011fi festivalde altm\u0131\u015ftan fazla sanat\u00e7\u0131 g\u00f6rev alacak. Lansman etkinli\u011finde konu\u015fan Mete Hatay, haz\u0131rl\u0131klar\u0131n 1 y\u0131ldan beridir devam etti\u011fini, al\u00e7akg\u00f6n\u00fcll\u00fc bir b\u00fct\u00e7e ile g\u00fczel bir festival program\u0131 ortaya \u00e7\u0131kard\u0131klar\u0131n\u0131 belirtti. Mete [&hellip;]\" \/>\n<meta property=\"og:url\" content=\"https:\/\/kuzeyinsesi.org\/index.php\/2024\/10\/11\/diverse-it-sanat-festivali-17-20-ekim-tarihlerinde-lefkosada-gerceklesecek\/\" \/>\n<meta property=\"og:site_name\" content=\"Kuzeyin Sesi\" \/>\n<meta property=\"article:publisher\" content=\"https:\/\/www.facebook.com\/kuzeyinsesii\" \/>\n<meta property=\"article:published_time\" content=\"2024-10-11T11:43:32+00:00\" \/>\n<meta property=\"og:image\" content=\"https:\/\/brtk.net\/wp-content\/uploads\/2024\/10\/11\/rustems-literary-club-kokler-paneli-ero-3-.jpeg?ver=9dc7ccfae2a67d3b4b234ff32b46a992\" \/>\n<meta name=\"author\" content=\"Kuzeyin Sesi\" \/>\n<meta name=\"twitter:card\" content=\"summary_large_image\" \/>\n<meta name=\"twitter:creator\" content=\"@kuzeyinsesii\" \/>\n<meta name=\"twitter:site\" content=\"@kuzeyinsesii\" \/>\n<meta name=\"twitter:label1\" content=\"Yazan:\" \/>\n\t<meta name=\"twitter:data1\" content=\"Kuzeyin Sesi\" \/>\n\t<meta name=\"twitter:label2\" content=\"Tahmini okuma s\u00fcresi\" \/>\n\t<meta name=\"twitter:data2\" content=\"1 dakika\" \/>\n<script type=\"application\/ld+json\" class=\"yoast-schema-graph\">{\"@context\":\"https:\\\/\\\/schema.org\",\"@graph\":[{\"@type\":\"Article\",\"@id\":\"https:\\\/\\\/kuzeyinsesi.org\\\/index.php\\\/2024\\\/10\\\/11\\\/diverse-it-sanat-festivali-17-20-ekim-tarihlerinde-lefkosada-gerceklesecek\\\/#article\",\"isPartOf\":{\"@id\":\"https:\\\/\\\/kuzeyinsesi.org\\\/index.php\\\/2024\\\/10\\\/11\\\/diverse-it-sanat-festivali-17-20-ekim-tarihlerinde-lefkosada-gerceklesecek\\\/\"},\"author\":{\"name\":\"Kuzeyin Sesi\",\"@id\":\"https:\\\/\\\/kuzeyinsesi.org\\\/#\\\/schema\\\/person\\\/9f859689cdf01485597712386e37f5aa\"},\"headline\":\"\u201cDiverse-it\u201d Sanat Festivali 17-20 Ekim tarihlerinde Lefko\u015fa\u2019da ger\u00e7ekle\u015fecek\",\"datePublished\":\"2024-10-11T11:43:32+00:00\",\"mainEntityOfPage\":{\"@id\":\"https:\\\/\\\/kuzeyinsesi.org\\\/index.php\\\/2024\\\/10\\\/11\\\/diverse-it-sanat-festivali-17-20-ekim-tarihlerinde-lefkosada-gerceklesecek\\\/\"},\"wordCount\":279,\"commentCount\":0,\"image\":{\"@id\":\"https:\\\/\\\/kuzeyinsesi.org\\\/index.php\\\/2024\\\/10\\\/11\\\/diverse-it-sanat-festivali-17-20-ekim-tarihlerinde-lefkosada-gerceklesecek\\\/#primaryimage\"},\"thumbnailUrl\":\"https:\\\/\\\/kuzeyinsesi.org\\\/wp-content\\\/uploads\\\/2024\\\/10\\\/rustems-literary-club-kokler-paneli-ero-3-.jpeg\",\"articleSection\":[\"Ya\u015fam\"],\"inLanguage\":\"tr\",\"potentialAction\":[{\"@type\":\"CommentAction\",\"name\":\"Comment\",\"target\":[\"https:\\\/\\\/kuzeyinsesi.org\\\/index.php\\\/2024\\\/10\\\/11\\\/diverse-it-sanat-festivali-17-20-ekim-tarihlerinde-lefkosada-gerceklesecek\\\/#respond\"]}]},{\"@type\":\"WebPage\",\"@id\":\"https:\\\/\\\/kuzeyinsesi.org\\\/index.php\\\/2024\\\/10\\\/11\\\/diverse-it-sanat-festivali-17-20-ekim-tarihlerinde-lefkosada-gerceklesecek\\\/\",\"url\":\"https:\\\/\\\/kuzeyinsesi.org\\\/index.php\\\/2024\\\/10\\\/11\\\/diverse-it-sanat-festivali-17-20-ekim-tarihlerinde-lefkosada-gerceklesecek\\\/\",\"name\":\"\u201cDiverse-it\u201d Sanat Festivali 17-20 Ekim tarihlerinde Lefko\u015fa\u2019da ger\u00e7ekle\u015fecek - Kuzeyin Sesi\",\"isPartOf\":{\"@id\":\"https:\\\/\\\/kuzeyinsesi.org\\\/#website\"},\"primaryImageOfPage\":{\"@id\":\"https:\\\/\\\/kuzeyinsesi.org\\\/index.php\\\/2024\\\/10\\\/11\\\/diverse-it-sanat-festivali-17-20-ekim-tarihlerinde-lefkosada-gerceklesecek\\\/#primaryimage\"},\"image\":{\"@id\":\"https:\\\/\\\/kuzeyinsesi.org\\\/index.php\\\/2024\\\/10\\\/11\\\/diverse-it-sanat-festivali-17-20-ekim-tarihlerinde-lefkosada-gerceklesecek\\\/#primaryimage\"},\"thumbnailUrl\":\"https:\\\/\\\/kuzeyinsesi.org\\\/wp-content\\\/uploads\\\/2024\\\/10\\\/rustems-literary-club-kokler-paneli-ero-3-.jpeg\",\"datePublished\":\"2024-10-11T11:43:32+00:00\",\"author\":{\"@id\":\"https:\\\/\\\/kuzeyinsesi.org\\\/#\\\/schema\\\/person\\\/9f859689cdf01485597712386e37f5aa\"},\"breadcrumb\":{\"@id\":\"https:\\\/\\\/kuzeyinsesi.org\\\/index.php\\\/2024\\\/10\\\/11\\\/diverse-it-sanat-festivali-17-20-ekim-tarihlerinde-lefkosada-gerceklesecek\\\/#breadcrumb\"},\"inLanguage\":\"tr\",\"potentialAction\":[{\"@type\":\"ReadAction\",\"target\":[\"https:\\\/\\\/kuzeyinsesi.org\\\/index.php\\\/2024\\\/10\\\/11\\\/diverse-it-sanat-festivali-17-20-ekim-tarihlerinde-lefkosada-gerceklesecek\\\/\"]}]},{\"@type\":\"ImageObject\",\"inLanguage\":\"tr\",\"@id\":\"https:\\\/\\\/kuzeyinsesi.org\\\/index.php\\\/2024\\\/10\\\/11\\\/diverse-it-sanat-festivali-17-20-ekim-tarihlerinde-lefkosada-gerceklesecek\\\/#primaryimage\",\"url\":\"https:\\\/\\\/kuzeyinsesi.org\\\/wp-content\\\/uploads\\\/2024\\\/10\\\/rustems-literary-club-kokler-paneli-ero-3-.jpeg\",\"contentUrl\":\"https:\\\/\\\/kuzeyinsesi.org\\\/wp-content\\\/uploads\\\/2024\\\/10\\\/rustems-literary-club-kokler-paneli-ero-3-.jpeg\",\"width\":1600,\"height\":1021},{\"@type\":\"BreadcrumbList\",\"@id\":\"https:\\\/\\\/kuzeyinsesi.org\\\/index.php\\\/2024\\\/10\\\/11\\\/diverse-it-sanat-festivali-17-20-ekim-tarihlerinde-lefkosada-gerceklesecek\\\/#breadcrumb\",\"itemListElement\":[{\"@type\":\"ListItem\",\"position\":1,\"name\":\"Anasayfa\",\"item\":\"https:\\\/\\\/kuzeyinsesi.org\\\/\"},{\"@type\":\"ListItem\",\"position\":2,\"name\":\"\u201cDiverse-it\u201d Sanat Festivali 17-20 Ekim tarihlerinde Lefko\u015fa\u2019da ger\u00e7ekle\u015fecek\"}]},{\"@type\":\"WebSite\",\"@id\":\"https:\\\/\\\/kuzeyinsesi.org\\\/#website\",\"url\":\"https:\\\/\\\/kuzeyinsesi.org\\\/\",\"name\":\"Kuzeyin Sesi\",\"description\":\"Do\u011fru Haberin Adresi\",\"potentialAction\":[{\"@type\":\"SearchAction\",\"target\":{\"@type\":\"EntryPoint\",\"urlTemplate\":\"https:\\\/\\\/kuzeyinsesi.org\\\/?s={search_term_string}\"},\"query-input\":{\"@type\":\"PropertyValueSpecification\",\"valueRequired\":true,\"valueName\":\"search_term_string\"}}],\"inLanguage\":\"tr\"},{\"@type\":\"Person\",\"@id\":\"https:\\\/\\\/kuzeyinsesi.org\\\/#\\\/schema\\\/person\\\/9f859689cdf01485597712386e37f5aa\",\"name\":\"Kuzeyin Sesi\",\"image\":{\"@type\":\"ImageObject\",\"inLanguage\":\"tr\",\"@id\":\"https:\\\/\\\/secure.gravatar.com\\\/avatar\\\/bab33852abfd8b282518d6ed81826833d77c3c882d9ab608add591ccace47a44?s=96&d=mm&r=g\",\"url\":\"https:\\\/\\\/secure.gravatar.com\\\/avatar\\\/bab33852abfd8b282518d6ed81826833d77c3c882d9ab608add591ccace47a44?s=96&d=mm&r=g\",\"contentUrl\":\"https:\\\/\\\/secure.gravatar.com\\\/avatar\\\/bab33852abfd8b282518d6ed81826833d77c3c882d9ab608add591ccace47a44?s=96&d=mm&r=g\",\"caption\":\"Kuzeyin Sesi\"},\"sameAs\":[\"https:\\\/\\\/kuzeyinsesi.org\"],\"url\":\"https:\\\/\\\/kuzeyinsesi.org\\\/index.php\\\/author\\\/guven\\\/\"}]}<\/script>\n<!-- \/ Yoast SEO plugin. -->","yoast_head_json":{"title":"\u201cDiverse-it\u201d Sanat Festivali 17-20 Ekim tarihlerinde Lefko\u015fa\u2019da ger\u00e7ekle\u015fecek - Kuzeyin Sesi","robots":{"index":"index","follow":"follow","max-snippet":"max-snippet:-1","max-image-preview":"max-image-preview:large","max-video-preview":"max-video-preview:-1"},"canonical":"https:\/\/kuzeyinsesi.org\/index.php\/2024\/10\/11\/diverse-it-sanat-festivali-17-20-ekim-tarihlerinde-lefkosada-gerceklesecek\/","og_locale":"tr_TR","og_type":"article","og_title":"\u201cDiverse-it\u201d Sanat Festivali 17-20 Ekim tarihlerinde Lefko\u015fa\u2019da ger\u00e7ekle\u015fecek - Kuzeyin Sesi","og_description":"17-20 Ekim tarihlerinde ger\u00e7ekle\u015fecek olan k\u00fclt\u00fcrleraras\u0131 \u201cDiverse-it\u201d Sanat Festivali\u2019nin lansman etkinli\u011fi ve bas\u0131n toplant\u0131s\u0131 organizat\u00f6rler, sanat\u00e7\u0131lar, bas\u0131n ve sponsorlar\u0131n kat\u0131l\u0131m\u0131yla ger\u00e7ekle\u015fti. Kurat\u00f6rl\u00fc\u011f\u00fcn\u00fc Esther Machado (Teca)\u2019n\u0131n \u00fcstlendi\u011fi festivalde altm\u0131\u015ftan fazla sanat\u00e7\u0131 g\u00f6rev alacak. Lansman etkinli\u011finde konu\u015fan Mete Hatay, haz\u0131rl\u0131klar\u0131n 1 y\u0131ldan beridir devam etti\u011fini, al\u00e7akg\u00f6n\u00fcll\u00fc bir b\u00fct\u00e7e ile g\u00fczel bir festival program\u0131 ortaya \u00e7\u0131kard\u0131klar\u0131n\u0131 belirtti. Mete [&hellip;]","og_url":"https:\/\/kuzeyinsesi.org\/index.php\/2024\/10\/11\/diverse-it-sanat-festivali-17-20-ekim-tarihlerinde-lefkosada-gerceklesecek\/","og_site_name":"Kuzeyin Sesi","article_publisher":"https:\/\/www.facebook.com\/kuzeyinsesii","article_published_time":"2024-10-11T11:43:32+00:00","og_image":[{"url":"https:\/\/brtk.net\/wp-content\/uploads\/2024\/10\/11\/rustems-literary-club-kokler-paneli-ero-3-.jpeg?ver=9dc7ccfae2a67d3b4b234ff32b46a992","type":"","width":"","height":""}],"author":"Kuzeyin Sesi","twitter_card":"summary_large_image","twitter_creator":"@kuzeyinsesii","twitter_site":"@kuzeyinsesii","twitter_misc":{"Yazan:":"Kuzeyin Sesi","Tahmini okuma s\u00fcresi":"1 dakika"},"schema":{"@context":"https:\/\/schema.org","@graph":[{"@type":"Article","@id":"https:\/\/kuzeyinsesi.org\/index.php\/2024\/10\/11\/diverse-it-sanat-festivali-17-20-ekim-tarihlerinde-lefkosada-gerceklesecek\/#article","isPartOf":{"@id":"https:\/\/kuzeyinsesi.org\/index.php\/2024\/10\/11\/diverse-it-sanat-festivali-17-20-ekim-tarihlerinde-lefkosada-gerceklesecek\/"},"author":{"name":"Kuzeyin Sesi","@id":"https:\/\/kuzeyinsesi.org\/#\/schema\/person\/9f859689cdf01485597712386e37f5aa"},"headline":"\u201cDiverse-it\u201d Sanat Festivali 17-20 Ekim tarihlerinde Lefko\u015fa\u2019da ger\u00e7ekle\u015fecek","datePublished":"2024-10-11T11:43:32+00:00","mainEntityOfPage":{"@id":"https:\/\/kuzeyinsesi.org\/index.php\/2024\/10\/11\/diverse-it-sanat-festivali-17-20-ekim-tarihlerinde-lefkosada-gerceklesecek\/"},"wordCount":279,"commentCount":0,"image":{"@id":"https:\/\/kuzeyinsesi.org\/index.php\/2024\/10\/11\/diverse-it-sanat-festivali-17-20-ekim-tarihlerinde-lefkosada-gerceklesecek\/#primaryimage"},"thumbnailUrl":"https:\/\/kuzeyinsesi.org\/wp-content\/uploads\/2024\/10\/rustems-literary-club-kokler-paneli-ero-3-.jpeg","articleSection":["Ya\u015fam"],"inLanguage":"tr","potentialAction":[{"@type":"CommentAction","name":"Comment","target":["https:\/\/kuzeyinsesi.org\/index.php\/2024\/10\/11\/diverse-it-sanat-festivali-17-20-ekim-tarihlerinde-lefkosada-gerceklesecek\/#respond"]}]},{"@type":"WebPage","@id":"https:\/\/kuzeyinsesi.org\/index.php\/2024\/10\/11\/diverse-it-sanat-festivali-17-20-ekim-tarihlerinde-lefkosada-gerceklesecek\/","url":"https:\/\/kuzeyinsesi.org\/index.php\/2024\/10\/11\/diverse-it-sanat-festivali-17-20-ekim-tarihlerinde-lefkosada-gerceklesecek\/","name":"\u201cDiverse-it\u201d Sanat Festivali 17-20 Ekim tarihlerinde Lefko\u015fa\u2019da ger\u00e7ekle\u015fecek - Kuzeyin Sesi","isPartOf":{"@id":"https:\/\/kuzeyinsesi.org\/#website"},"primaryImageOfPage":{"@id":"https:\/\/kuzeyinsesi.org\/index.php\/2024\/10\/11\/diverse-it-sanat-festivali-17-20-ekim-tarihlerinde-lefkosada-gerceklesecek\/#primaryimage"},"image":{"@id":"https:\/\/kuzeyinsesi.org\/index.php\/2024\/10\/11\/diverse-it-sanat-festivali-17-20-ekim-tarihlerinde-lefkosada-gerceklesecek\/#primaryimage"},"thumbnailUrl":"https:\/\/kuzeyinsesi.org\/wp-content\/uploads\/2024\/10\/rustems-literary-club-kokler-paneli-ero-3-.jpeg","datePublished":"2024-10-11T11:43:32+00:00","author":{"@id":"https:\/\/kuzeyinsesi.org\/#\/schema\/person\/9f859689cdf01485597712386e37f5aa"},"breadcrumb":{"@id":"https:\/\/kuzeyinsesi.org\/index.php\/2024\/10\/11\/diverse-it-sanat-festivali-17-20-ekim-tarihlerinde-lefkosada-gerceklesecek\/#breadcrumb"},"inLanguage":"tr","potentialAction":[{"@type":"ReadAction","target":["https:\/\/kuzeyinsesi.org\/index.php\/2024\/10\/11\/diverse-it-sanat-festivali-17-20-ekim-tarihlerinde-lefkosada-gerceklesecek\/"]}]},{"@type":"ImageObject","inLanguage":"tr","@id":"https:\/\/kuzeyinsesi.org\/index.php\/2024\/10\/11\/diverse-it-sanat-festivali-17-20-ekim-tarihlerinde-lefkosada-gerceklesecek\/#primaryimage","url":"https:\/\/kuzeyinsesi.org\/wp-content\/uploads\/2024\/10\/rustems-literary-club-kokler-paneli-ero-3-.jpeg","contentUrl":"https:\/\/kuzeyinsesi.org\/wp-content\/uploads\/2024\/10\/rustems-literary-club-kokler-paneli-ero-3-.jpeg","width":1600,"height":1021},{"@type":"BreadcrumbList","@id":"https:\/\/kuzeyinsesi.org\/index.php\/2024\/10\/11\/diverse-it-sanat-festivali-17-20-ekim-tarihlerinde-lefkosada-gerceklesecek\/#breadcrumb","itemListElement":[{"@type":"ListItem","position":1,"name":"Anasayfa","item":"https:\/\/kuzeyinsesi.org\/"},{"@type":"ListItem","position":2,"name":"\u201cDiverse-it\u201d Sanat Festivali 17-20 Ekim tarihlerinde Lefko\u015fa\u2019da ger\u00e7ekle\u015fecek"}]},{"@type":"WebSite","@id":"https:\/\/kuzeyinsesi.org\/#website","url":"https:\/\/kuzeyinsesi.org\/","name":"Kuzeyin Sesi","description":"Do\u011fru Haberin Adresi","potentialAction":[{"@type":"SearchAction","target":{"@type":"EntryPoint","urlTemplate":"https:\/\/kuzeyinsesi.org\/?s={search_term_string}"},"query-input":{"@type":"PropertyValueSpecification","valueRequired":true,"valueName":"search_term_string"}}],"inLanguage":"tr"},{"@type":"Person","@id":"https:\/\/kuzeyinsesi.org\/#\/schema\/person\/9f859689cdf01485597712386e37f5aa","name":"Kuzeyin Sesi","image":{"@type":"ImageObject","inLanguage":"tr","@id":"https:\/\/secure.gravatar.com\/avatar\/bab33852abfd8b282518d6ed81826833d77c3c882d9ab608add591ccace47a44?s=96&d=mm&r=g","url":"https:\/\/secure.gravatar.com\/avatar\/bab33852abfd8b282518d6ed81826833d77c3c882d9ab608add591ccace47a44?s=96&d=mm&r=g","contentUrl":"https:\/\/secure.gravatar.com\/avatar\/bab33852abfd8b282518d6ed81826833d77c3c882d9ab608add591ccace47a44?s=96&d=mm&r=g","caption":"Kuzeyin Sesi"},"sameAs":["https:\/\/kuzeyinsesi.org"],"url":"https:\/\/kuzeyinsesi.org\/index.php\/author\/guven\/"}]}},"_links":{"self":[{"href":"https:\/\/kuzeyinsesi.org\/index.php\/wp-json\/wp\/v2\/posts\/11372","targetHints":{"allow":["GET"]}}],"collection":[{"href":"https:\/\/kuzeyinsesi.org\/index.php\/wp-json\/wp\/v2\/posts"}],"about":[{"href":"https:\/\/kuzeyinsesi.org\/index.php\/wp-json\/wp\/v2\/types\/post"}],"author":[{"embeddable":true,"href":"https:\/\/kuzeyinsesi.org\/index.php\/wp-json\/wp\/v2\/users\/1"}],"replies":[{"embeddable":true,"href":"https:\/\/kuzeyinsesi.org\/index.php\/wp-json\/wp\/v2\/comments?post=11372"}],"version-history":[{"count":0,"href":"https:\/\/kuzeyinsesi.org\/index.php\/wp-json\/wp\/v2\/posts\/11372\/revisions"}],"wp:featuredmedia":[{"embeddable":true,"href":"https:\/\/kuzeyinsesi.org\/index.php\/wp-json\/wp\/v2\/media\/11373"}],"wp:attachment":[{"href":"https:\/\/kuzeyinsesi.org\/index.php\/wp-json\/wp\/v2\/media?parent=11372"}],"wp:term":[{"taxonomy":"category","embeddable":true,"href":"https:\/\/kuzeyinsesi.org\/index.php\/wp-json\/wp\/v2\/categories?post=11372"},{"taxonomy":"post_tag","embeddable":true,"href":"https:\/\/kuzeyinsesi.org\/index.php\/wp-json\/wp\/v2\/tags?post=11372"}],"curies":[{"name":"wp","href":"https:\/\/api.w.org\/{rel}","templated":true}]}}