{"id":11340,"date":"2024-10-11T10:32:38","date_gmt":"2024-10-11T07:32:38","guid":{"rendered":"https:\/\/kuzeyinsesi.org\/index.php\/2024\/10\/11\/mufide-hanim-belgeseli-bu-aksam-saat-19-00da-ktos-konferans-salonunda-gosterilecek\/"},"modified":"2024-10-11T10:32:38","modified_gmt":"2024-10-11T07:32:38","slug":"mufide-hanim-belgeseli-bu-aksam-saat-19-00da-ktos-konferans-salonunda-gosterilecek","status":"publish","type":"post","link":"https:\/\/kuzeyinsesi.org\/index.php\/2024\/10\/11\/mufide-hanim-belgeseli-bu-aksam-saat-19-00da-ktos-konferans-salonunda-gosterilecek\/","title":{"rendered":"M\u00fcfide Han\u0131m belgeseli bu ak\u015fam saat 19.00\u2019da KT\u00d6S Konferans Salonu\u2019nda g\u00f6sterilecek"},"content":{"rendered":"<div>\n<div class=\"mariselle-image-container center\">\n                                            <\/div>\n<p>Kad\u0131n \u00d6yk\u00fcleri Derne\u011fi\u2019nin (K\u00d6DER) K\u0131br\u0131s T\u00fcrk \u00d6\u011fretmenler Sendikas\u0131 (KT\u00d6S) ve K\u0131br\u0131s T\u00fcrk \u00d6\u011fretmenler Kooperatifi Ltd. (KT\u00d6K) i\u015f birli\u011fi ile haz\u0131rlad\u0131\u011f\u0131 \u2018Hayat\u0131m\u0131za Deg\u0306er Katan Kad\u0131nlar\u201d ba\u015fl\u0131kl\u0131 belgesel serisinin 23\u2019\u00fcnc\u00fcs\u00fc olan \u00f6\u011fretmen M\u00fcfide Akal\u0131n\u2019\u0131n hayat\u0131n\u0131 konu alan \u201cM\u00fcfide Han\u0131m Belgeseli\u201d bu ak\u015fam saat 19.00\u2019da KT\u00d6S Konferans Salonu\u2019nda g\u00f6sterilecek.<\/p>\n<p>KT\u00d6S\u2019ten yap\u0131lan a\u00e7\u0131klamada, bir e\u011fitim neferinin hikayesi olan belgeselin g\u00f6sterimine t\u00fcm \u00f6\u011fretmen ve \u00f6\u011frenciler davet edildi. <\/p>\n<p>Akal\u0131n\u2019\u0131n e\u011fitim ve emek m\u00fccadelesinde bir \u00f6nc\u00fc, toplumsal de\u011fi\u015fimin en g\u00fc\u00e7l\u00fc savunucular\u0131ndan biri oldu\u011fu kaydedilen a\u00e7\u0131klamada, M\u00fcfide Akal\u0131n belgeselinin, hayat\u0131na, \u00f6\u011fretmenlik y\u0131llar\u0131na ve sendikal hareketlerin k\u00f6k salmas\u0131nda oynad\u0131\u011f\u0131 kritik rol\u00fcne \u0131\u015f\u0131k tuttu\u011fu kaydedildi. <\/p>\n<p>A\u00e7\u0131klamada \u015fu ifadelere de yer verildi:<\/p>\n<p>\u201cKendi hayat hikayesi, sadece ki\u015fisel bir ba\u015far\u0131 \u00f6yk\u00fcs\u00fc de\u011fil; ayn\u0131 zamanda K\u0131br\u0131s\u2019taki e\u011fitim sisteminin d\u00f6n\u00fc\u015f\u00fcm\u00fcne, \u00f6\u011fretmenlerin hak m\u00fccadelesine ve daha adil bir toplum yaratma yolundaki kararl\u0131l\u0131\u011f\u0131na dair ilham verici bir yolculuk. M\u00fcfide Han\u0131m, bir kad\u0131n olarak sesini duyurman\u0131n zor oldu\u011fu zamanlarda bile cesaretle m\u00fccadele etti ve sendikan\u0131n kurulmas\u0131 i\u00e7in \u00f6n saflarda yer ald\u0131.<\/p>\n<p>Belgeselde, onu tan\u0131yan dostlar\u0131n\u0131n ve yolda\u015flar\u0131n\u0131n g\u00f6z\u00fcnden, hayat\u0131n\u0131n bilinmeyen y\u00f6nlerine ve sendikal m\u00fccadelede nas\u0131l bir iz b\u0131rakt\u0131\u011f\u0131na tan\u0131k olacaks\u0131n\u0131z. Onun hikayesi, sadece ge\u00e7mi\u015fin bir par\u00e7as\u0131 de\u011fil, bug\u00fcn h\u00e2l\u00e2 devam eden bir m\u00fccadelenin simgesi.\u201d<\/p>\n<\/p><\/div>\n<p><script async\n                    defer\n                    crossorigin=\"anonymous\"\n                    src=\"https:\/\/connect.facebook.net\/tr_TR\/sdk.js#xfbml=1&#038;version=v3.3\"\n            ><\/script><\/p>\n","protected":false},"excerpt":{"rendered":"<p>Kad\u0131n \u00d6yk\u00fcleri Derne\u011fi\u2019nin (K\u00d6DER) K\u0131br\u0131s T\u00fcrk \u00d6\u011fretmenler Sendikas\u0131 (KT\u00d6S) ve K\u0131br\u0131s T\u00fcrk \u00d6\u011fretmenler Kooperatifi Ltd. (KT\u00d6K) i\u015f birli\u011fi ile haz\u0131rlad\u0131\u011f\u0131 \u2018Hayat\u0131m\u0131za Deg\u0306er Katan Kad\u0131nlar\u201d ba\u015fl\u0131kl\u0131 belgesel serisinin 23\u2019\u00fcnc\u00fcs\u00fc olan \u00f6\u011fretmen M\u00fcfide Akal\u0131n\u2019\u0131n hayat\u0131n\u0131 konu alan \u201cM\u00fcfide Han\u0131m Belgeseli\u201d bu ak\u015fam saat 19.00\u2019da KT\u00d6S Konferans Salonu\u2019nda g\u00f6sterilecek. KT\u00d6S\u2019ten yap\u0131lan a\u00e7\u0131klamada, bir e\u011fitim neferinin hikayesi olan belgeselin [&hellip;]<\/p>\n","protected":false},"author":1,"featured_media":11341,"comment_status":"open","ping_status":"open","sticky":false,"template":"","format":"standard","meta":{"jnews-multi-image_gallery":[],"jnews_single_post":[],"jnews_primary_category":[],"jnews_social_meta":[],"jnews_override_counter":[],"footnotes":""},"categories":[6],"tags":[],"class_list":["post-11340","post","type-post","status-publish","format-standard","has-post-thumbnail","hentry","category-yasam"],"yoast_head":"<!-- This site is optimized with the Yoast SEO plugin v27.4 - https:\/\/yoast.com\/product\/yoast-seo-wordpress\/ -->\n<title>M\u00fcfide Han\u0131m belgeseli bu ak\u015fam saat 19.00\u2019da KT\u00d6S Konferans Salonu\u2019nda g\u00f6sterilecek - Kuzeyin Sesi<\/title>\n<meta name=\"robots\" content=\"index, follow, max-snippet:-1, max-image-preview:large, max-video-preview:-1\" \/>\n<link rel=\"canonical\" href=\"https:\/\/kuzeyinsesi.org\/index.php\/2024\/10\/11\/mufide-hanim-belgeseli-bu-aksam-saat-19-00da-ktos-konferans-salonunda-gosterilecek\/\" \/>\n<meta property=\"og:locale\" content=\"tr_TR\" \/>\n<meta property=\"og:type\" content=\"article\" \/>\n<meta property=\"og:title\" content=\"M\u00fcfide Han\u0131m belgeseli bu ak\u015fam saat 19.00\u2019da KT\u00d6S Konferans Salonu\u2019nda g\u00f6sterilecek - Kuzeyin Sesi\" \/>\n<meta property=\"og:description\" content=\"Kad\u0131n \u00d6yk\u00fcleri Derne\u011fi\u2019nin (K\u00d6DER) K\u0131br\u0131s T\u00fcrk \u00d6\u011fretmenler Sendikas\u0131 (KT\u00d6S) ve K\u0131br\u0131s T\u00fcrk \u00d6\u011fretmenler Kooperatifi Ltd. (KT\u00d6K) i\u015f birli\u011fi ile haz\u0131rlad\u0131\u011f\u0131 \u2018Hayat\u0131m\u0131za Deg\u0306er Katan Kad\u0131nlar\u201d ba\u015fl\u0131kl\u0131 belgesel serisinin 23\u2019\u00fcnc\u00fcs\u00fc olan \u00f6\u011fretmen M\u00fcfide Akal\u0131n\u2019\u0131n hayat\u0131n\u0131 konu alan \u201cM\u00fcfide Han\u0131m Belgeseli\u201d bu ak\u015fam saat 19.00\u2019da KT\u00d6S Konferans Salonu\u2019nda g\u00f6sterilecek. KT\u00d6S\u2019ten yap\u0131lan a\u00e7\u0131klamada, bir e\u011fitim neferinin hikayesi olan belgeselin [&hellip;]\" \/>\n<meta property=\"og:url\" content=\"https:\/\/kuzeyinsesi.org\/index.php\/2024\/10\/11\/mufide-hanim-belgeseli-bu-aksam-saat-19-00da-ktos-konferans-salonunda-gosterilecek\/\" \/>\n<meta property=\"og:site_name\" content=\"Kuzeyin Sesi\" \/>\n<meta property=\"article:publisher\" content=\"https:\/\/www.facebook.com\/kuzeyinsesii\" \/>\n<meta property=\"article:published_time\" content=\"2024-10-11T07:32:38+00:00\" \/>\n<meta property=\"og:image\" content=\"https:\/\/brtk.net\/wp-content\/uploads\/2024\/10\/11\/mufide.png?ver=98be50d16b0b110785aeab755d450977\" \/>\n<meta name=\"author\" content=\"Kuzeyin Sesi\" \/>\n<meta name=\"twitter:card\" content=\"summary_large_image\" \/>\n<meta name=\"twitter:creator\" content=\"@kuzeyinsesii\" \/>\n<meta name=\"twitter:site\" content=\"@kuzeyinsesii\" \/>\n<meta name=\"twitter:label1\" content=\"Yazan:\" \/>\n\t<meta name=\"twitter:data1\" content=\"Kuzeyin Sesi\" \/>\n\t<meta name=\"twitter:label2\" content=\"Tahmini okuma s\u00fcresi\" \/>\n\t<meta name=\"twitter:data2\" content=\"1 dakika\" \/>\n<script type=\"application\/ld+json\" class=\"yoast-schema-graph\">{\"@context\":\"https:\\\/\\\/schema.org\",\"@graph\":[{\"@type\":\"Article\",\"@id\":\"https:\\\/\\\/kuzeyinsesi.org\\\/index.php\\\/2024\\\/10\\\/11\\\/mufide-hanim-belgeseli-bu-aksam-saat-19-00da-ktos-konferans-salonunda-gosterilecek\\\/#article\",\"isPartOf\":{\"@id\":\"https:\\\/\\\/kuzeyinsesi.org\\\/index.php\\\/2024\\\/10\\\/11\\\/mufide-hanim-belgeseli-bu-aksam-saat-19-00da-ktos-konferans-salonunda-gosterilecek\\\/\"},\"author\":{\"name\":\"Kuzeyin Sesi\",\"@id\":\"https:\\\/\\\/kuzeyinsesi.org\\\/#\\\/schema\\\/person\\\/9f859689cdf01485597712386e37f5aa\"},\"headline\":\"M\u00fcfide Han\u0131m belgeseli bu ak\u015fam saat 19.00\u2019da KT\u00d6S Konferans Salonu\u2019nda g\u00f6sterilecek\",\"datePublished\":\"2024-10-11T07:32:38+00:00\",\"mainEntityOfPage\":{\"@id\":\"https:\\\/\\\/kuzeyinsesi.org\\\/index.php\\\/2024\\\/10\\\/11\\\/mufide-hanim-belgeseli-bu-aksam-saat-19-00da-ktos-konferans-salonunda-gosterilecek\\\/\"},\"wordCount\":310,\"commentCount\":0,\"image\":{\"@id\":\"https:\\\/\\\/kuzeyinsesi.org\\\/index.php\\\/2024\\\/10\\\/11\\\/mufide-hanim-belgeseli-bu-aksam-saat-19-00da-ktos-konferans-salonunda-gosterilecek\\\/#primaryimage\"},\"thumbnailUrl\":\"https:\\\/\\\/kuzeyinsesi.org\\\/wp-content\\\/uploads\\\/2024\\\/10\\\/mufide.png\",\"articleSection\":[\"Ya\u015fam\"],\"inLanguage\":\"tr\",\"potentialAction\":[{\"@type\":\"CommentAction\",\"name\":\"Comment\",\"target\":[\"https:\\\/\\\/kuzeyinsesi.org\\\/index.php\\\/2024\\\/10\\\/11\\\/mufide-hanim-belgeseli-bu-aksam-saat-19-00da-ktos-konferans-salonunda-gosterilecek\\\/#respond\"]}]},{\"@type\":\"WebPage\",\"@id\":\"https:\\\/\\\/kuzeyinsesi.org\\\/index.php\\\/2024\\\/10\\\/11\\\/mufide-hanim-belgeseli-bu-aksam-saat-19-00da-ktos-konferans-salonunda-gosterilecek\\\/\",\"url\":\"https:\\\/\\\/kuzeyinsesi.org\\\/index.php\\\/2024\\\/10\\\/11\\\/mufide-hanim-belgeseli-bu-aksam-saat-19-00da-ktos-konferans-salonunda-gosterilecek\\\/\",\"name\":\"M\u00fcfide Han\u0131m belgeseli bu ak\u015fam saat 19.00\u2019da KT\u00d6S Konferans Salonu\u2019nda g\u00f6sterilecek - Kuzeyin Sesi\",\"isPartOf\":{\"@id\":\"https:\\\/\\\/kuzeyinsesi.org\\\/#website\"},\"primaryImageOfPage\":{\"@id\":\"https:\\\/\\\/kuzeyinsesi.org\\\/index.php\\\/2024\\\/10\\\/11\\\/mufide-hanim-belgeseli-bu-aksam-saat-19-00da-ktos-konferans-salonunda-gosterilecek\\\/#primaryimage\"},\"image\":{\"@id\":\"https:\\\/\\\/kuzeyinsesi.org\\\/index.php\\\/2024\\\/10\\\/11\\\/mufide-hanim-belgeseli-bu-aksam-saat-19-00da-ktos-konferans-salonunda-gosterilecek\\\/#primaryimage\"},\"thumbnailUrl\":\"https:\\\/\\\/kuzeyinsesi.org\\\/wp-content\\\/uploads\\\/2024\\\/10\\\/mufide.png\",\"datePublished\":\"2024-10-11T07:32:38+00:00\",\"author\":{\"@id\":\"https:\\\/\\\/kuzeyinsesi.org\\\/#\\\/schema\\\/person\\\/9f859689cdf01485597712386e37f5aa\"},\"breadcrumb\":{\"@id\":\"https:\\\/\\\/kuzeyinsesi.org\\\/index.php\\\/2024\\\/10\\\/11\\\/mufide-hanim-belgeseli-bu-aksam-saat-19-00da-ktos-konferans-salonunda-gosterilecek\\\/#breadcrumb\"},\"inLanguage\":\"tr\",\"potentialAction\":[{\"@type\":\"ReadAction\",\"target\":[\"https:\\\/\\\/kuzeyinsesi.org\\\/index.php\\\/2024\\\/10\\\/11\\\/mufide-hanim-belgeseli-bu-aksam-saat-19-00da-ktos-konferans-salonunda-gosterilecek\\\/\"]}]},{\"@type\":\"ImageObject\",\"inLanguage\":\"tr\",\"@id\":\"https:\\\/\\\/kuzeyinsesi.org\\\/index.php\\\/2024\\\/10\\\/11\\\/mufide-hanim-belgeseli-bu-aksam-saat-19-00da-ktos-konferans-salonunda-gosterilecek\\\/#primaryimage\",\"url\":\"https:\\\/\\\/kuzeyinsesi.org\\\/wp-content\\\/uploads\\\/2024\\\/10\\\/mufide.png\",\"contentUrl\":\"https:\\\/\\\/kuzeyinsesi.org\\\/wp-content\\\/uploads\\\/2024\\\/10\\\/mufide.png\",\"width\":1200,\"height\":630},{\"@type\":\"BreadcrumbList\",\"@id\":\"https:\\\/\\\/kuzeyinsesi.org\\\/index.php\\\/2024\\\/10\\\/11\\\/mufide-hanim-belgeseli-bu-aksam-saat-19-00da-ktos-konferans-salonunda-gosterilecek\\\/#breadcrumb\",\"itemListElement\":[{\"@type\":\"ListItem\",\"position\":1,\"name\":\"Anasayfa\",\"item\":\"https:\\\/\\\/kuzeyinsesi.org\\\/\"},{\"@type\":\"ListItem\",\"position\":2,\"name\":\"M\u00fcfide Han\u0131m belgeseli bu ak\u015fam saat 19.00\u2019da KT\u00d6S Konferans Salonu\u2019nda g\u00f6sterilecek\"}]},{\"@type\":\"WebSite\",\"@id\":\"https:\\\/\\\/kuzeyinsesi.org\\\/#website\",\"url\":\"https:\\\/\\\/kuzeyinsesi.org\\\/\",\"name\":\"Kuzeyin Sesi\",\"description\":\"Do\u011fru Haberin Adresi\",\"potentialAction\":[{\"@type\":\"SearchAction\",\"target\":{\"@type\":\"EntryPoint\",\"urlTemplate\":\"https:\\\/\\\/kuzeyinsesi.org\\\/?s={search_term_string}\"},\"query-input\":{\"@type\":\"PropertyValueSpecification\",\"valueRequired\":true,\"valueName\":\"search_term_string\"}}],\"inLanguage\":\"tr\"},{\"@type\":\"Person\",\"@id\":\"https:\\\/\\\/kuzeyinsesi.org\\\/#\\\/schema\\\/person\\\/9f859689cdf01485597712386e37f5aa\",\"name\":\"Kuzeyin Sesi\",\"image\":{\"@type\":\"ImageObject\",\"inLanguage\":\"tr\",\"@id\":\"https:\\\/\\\/secure.gravatar.com\\\/avatar\\\/bab33852abfd8b282518d6ed81826833d77c3c882d9ab608add591ccace47a44?s=96&d=mm&r=g\",\"url\":\"https:\\\/\\\/secure.gravatar.com\\\/avatar\\\/bab33852abfd8b282518d6ed81826833d77c3c882d9ab608add591ccace47a44?s=96&d=mm&r=g\",\"contentUrl\":\"https:\\\/\\\/secure.gravatar.com\\\/avatar\\\/bab33852abfd8b282518d6ed81826833d77c3c882d9ab608add591ccace47a44?s=96&d=mm&r=g\",\"caption\":\"Kuzeyin Sesi\"},\"sameAs\":[\"https:\\\/\\\/kuzeyinsesi.org\"],\"url\":\"https:\\\/\\\/kuzeyinsesi.org\\\/index.php\\\/author\\\/guven\\\/\"}]}<\/script>\n<!-- \/ Yoast SEO plugin. -->","yoast_head_json":{"title":"M\u00fcfide Han\u0131m belgeseli bu ak\u015fam saat 19.00\u2019da KT\u00d6S Konferans Salonu\u2019nda g\u00f6sterilecek - Kuzeyin Sesi","robots":{"index":"index","follow":"follow","max-snippet":"max-snippet:-1","max-image-preview":"max-image-preview:large","max-video-preview":"max-video-preview:-1"},"canonical":"https:\/\/kuzeyinsesi.org\/index.php\/2024\/10\/11\/mufide-hanim-belgeseli-bu-aksam-saat-19-00da-ktos-konferans-salonunda-gosterilecek\/","og_locale":"tr_TR","og_type":"article","og_title":"M\u00fcfide Han\u0131m belgeseli bu ak\u015fam saat 19.00\u2019da KT\u00d6S Konferans Salonu\u2019nda g\u00f6sterilecek - Kuzeyin Sesi","og_description":"Kad\u0131n \u00d6yk\u00fcleri Derne\u011fi\u2019nin (K\u00d6DER) K\u0131br\u0131s T\u00fcrk \u00d6\u011fretmenler Sendikas\u0131 (KT\u00d6S) ve K\u0131br\u0131s T\u00fcrk \u00d6\u011fretmenler Kooperatifi Ltd. (KT\u00d6K) i\u015f birli\u011fi ile haz\u0131rlad\u0131\u011f\u0131 \u2018Hayat\u0131m\u0131za Deg\u0306er Katan Kad\u0131nlar\u201d ba\u015fl\u0131kl\u0131 belgesel serisinin 23\u2019\u00fcnc\u00fcs\u00fc olan \u00f6\u011fretmen M\u00fcfide Akal\u0131n\u2019\u0131n hayat\u0131n\u0131 konu alan \u201cM\u00fcfide Han\u0131m Belgeseli\u201d bu ak\u015fam saat 19.00\u2019da KT\u00d6S Konferans Salonu\u2019nda g\u00f6sterilecek. KT\u00d6S\u2019ten yap\u0131lan a\u00e7\u0131klamada, bir e\u011fitim neferinin hikayesi olan belgeselin [&hellip;]","og_url":"https:\/\/kuzeyinsesi.org\/index.php\/2024\/10\/11\/mufide-hanim-belgeseli-bu-aksam-saat-19-00da-ktos-konferans-salonunda-gosterilecek\/","og_site_name":"Kuzeyin Sesi","article_publisher":"https:\/\/www.facebook.com\/kuzeyinsesii","article_published_time":"2024-10-11T07:32:38+00:00","og_image":[{"url":"https:\/\/brtk.net\/wp-content\/uploads\/2024\/10\/11\/mufide.png?ver=98be50d16b0b110785aeab755d450977","type":"","width":"","height":""}],"author":"Kuzeyin Sesi","twitter_card":"summary_large_image","twitter_creator":"@kuzeyinsesii","twitter_site":"@kuzeyinsesii","twitter_misc":{"Yazan:":"Kuzeyin Sesi","Tahmini okuma s\u00fcresi":"1 dakika"},"schema":{"@context":"https:\/\/schema.org","@graph":[{"@type":"Article","@id":"https:\/\/kuzeyinsesi.org\/index.php\/2024\/10\/11\/mufide-hanim-belgeseli-bu-aksam-saat-19-00da-ktos-konferans-salonunda-gosterilecek\/#article","isPartOf":{"@id":"https:\/\/kuzeyinsesi.org\/index.php\/2024\/10\/11\/mufide-hanim-belgeseli-bu-aksam-saat-19-00da-ktos-konferans-salonunda-gosterilecek\/"},"author":{"name":"Kuzeyin Sesi","@id":"https:\/\/kuzeyinsesi.org\/#\/schema\/person\/9f859689cdf01485597712386e37f5aa"},"headline":"M\u00fcfide Han\u0131m belgeseli bu ak\u015fam saat 19.00\u2019da KT\u00d6S Konferans Salonu\u2019nda g\u00f6sterilecek","datePublished":"2024-10-11T07:32:38+00:00","mainEntityOfPage":{"@id":"https:\/\/kuzeyinsesi.org\/index.php\/2024\/10\/11\/mufide-hanim-belgeseli-bu-aksam-saat-19-00da-ktos-konferans-salonunda-gosterilecek\/"},"wordCount":310,"commentCount":0,"image":{"@id":"https:\/\/kuzeyinsesi.org\/index.php\/2024\/10\/11\/mufide-hanim-belgeseli-bu-aksam-saat-19-00da-ktos-konferans-salonunda-gosterilecek\/#primaryimage"},"thumbnailUrl":"https:\/\/kuzeyinsesi.org\/wp-content\/uploads\/2024\/10\/mufide.png","articleSection":["Ya\u015fam"],"inLanguage":"tr","potentialAction":[{"@type":"CommentAction","name":"Comment","target":["https:\/\/kuzeyinsesi.org\/index.php\/2024\/10\/11\/mufide-hanim-belgeseli-bu-aksam-saat-19-00da-ktos-konferans-salonunda-gosterilecek\/#respond"]}]},{"@type":"WebPage","@id":"https:\/\/kuzeyinsesi.org\/index.php\/2024\/10\/11\/mufide-hanim-belgeseli-bu-aksam-saat-19-00da-ktos-konferans-salonunda-gosterilecek\/","url":"https:\/\/kuzeyinsesi.org\/index.php\/2024\/10\/11\/mufide-hanim-belgeseli-bu-aksam-saat-19-00da-ktos-konferans-salonunda-gosterilecek\/","name":"M\u00fcfide Han\u0131m belgeseli bu ak\u015fam saat 19.00\u2019da KT\u00d6S Konferans Salonu\u2019nda g\u00f6sterilecek - Kuzeyin Sesi","isPartOf":{"@id":"https:\/\/kuzeyinsesi.org\/#website"},"primaryImageOfPage":{"@id":"https:\/\/kuzeyinsesi.org\/index.php\/2024\/10\/11\/mufide-hanim-belgeseli-bu-aksam-saat-19-00da-ktos-konferans-salonunda-gosterilecek\/#primaryimage"},"image":{"@id":"https:\/\/kuzeyinsesi.org\/index.php\/2024\/10\/11\/mufide-hanim-belgeseli-bu-aksam-saat-19-00da-ktos-konferans-salonunda-gosterilecek\/#primaryimage"},"thumbnailUrl":"https:\/\/kuzeyinsesi.org\/wp-content\/uploads\/2024\/10\/mufide.png","datePublished":"2024-10-11T07:32:38+00:00","author":{"@id":"https:\/\/kuzeyinsesi.org\/#\/schema\/person\/9f859689cdf01485597712386e37f5aa"},"breadcrumb":{"@id":"https:\/\/kuzeyinsesi.org\/index.php\/2024\/10\/11\/mufide-hanim-belgeseli-bu-aksam-saat-19-00da-ktos-konferans-salonunda-gosterilecek\/#breadcrumb"},"inLanguage":"tr","potentialAction":[{"@type":"ReadAction","target":["https:\/\/kuzeyinsesi.org\/index.php\/2024\/10\/11\/mufide-hanim-belgeseli-bu-aksam-saat-19-00da-ktos-konferans-salonunda-gosterilecek\/"]}]},{"@type":"ImageObject","inLanguage":"tr","@id":"https:\/\/kuzeyinsesi.org\/index.php\/2024\/10\/11\/mufide-hanim-belgeseli-bu-aksam-saat-19-00da-ktos-konferans-salonunda-gosterilecek\/#primaryimage","url":"https:\/\/kuzeyinsesi.org\/wp-content\/uploads\/2024\/10\/mufide.png","contentUrl":"https:\/\/kuzeyinsesi.org\/wp-content\/uploads\/2024\/10\/mufide.png","width":1200,"height":630},{"@type":"BreadcrumbList","@id":"https:\/\/kuzeyinsesi.org\/index.php\/2024\/10\/11\/mufide-hanim-belgeseli-bu-aksam-saat-19-00da-ktos-konferans-salonunda-gosterilecek\/#breadcrumb","itemListElement":[{"@type":"ListItem","position":1,"name":"Anasayfa","item":"https:\/\/kuzeyinsesi.org\/"},{"@type":"ListItem","position":2,"name":"M\u00fcfide Han\u0131m belgeseli bu ak\u015fam saat 19.00\u2019da KT\u00d6S Konferans Salonu\u2019nda g\u00f6sterilecek"}]},{"@type":"WebSite","@id":"https:\/\/kuzeyinsesi.org\/#website","url":"https:\/\/kuzeyinsesi.org\/","name":"Kuzeyin Sesi","description":"Do\u011fru Haberin Adresi","potentialAction":[{"@type":"SearchAction","target":{"@type":"EntryPoint","urlTemplate":"https:\/\/kuzeyinsesi.org\/?s={search_term_string}"},"query-input":{"@type":"PropertyValueSpecification","valueRequired":true,"valueName":"search_term_string"}}],"inLanguage":"tr"},{"@type":"Person","@id":"https:\/\/kuzeyinsesi.org\/#\/schema\/person\/9f859689cdf01485597712386e37f5aa","name":"Kuzeyin Sesi","image":{"@type":"ImageObject","inLanguage":"tr","@id":"https:\/\/secure.gravatar.com\/avatar\/bab33852abfd8b282518d6ed81826833d77c3c882d9ab608add591ccace47a44?s=96&d=mm&r=g","url":"https:\/\/secure.gravatar.com\/avatar\/bab33852abfd8b282518d6ed81826833d77c3c882d9ab608add591ccace47a44?s=96&d=mm&r=g","contentUrl":"https:\/\/secure.gravatar.com\/avatar\/bab33852abfd8b282518d6ed81826833d77c3c882d9ab608add591ccace47a44?s=96&d=mm&r=g","caption":"Kuzeyin Sesi"},"sameAs":["https:\/\/kuzeyinsesi.org"],"url":"https:\/\/kuzeyinsesi.org\/index.php\/author\/guven\/"}]}},"_links":{"self":[{"href":"https:\/\/kuzeyinsesi.org\/index.php\/wp-json\/wp\/v2\/posts\/11340","targetHints":{"allow":["GET"]}}],"collection":[{"href":"https:\/\/kuzeyinsesi.org\/index.php\/wp-json\/wp\/v2\/posts"}],"about":[{"href":"https:\/\/kuzeyinsesi.org\/index.php\/wp-json\/wp\/v2\/types\/post"}],"author":[{"embeddable":true,"href":"https:\/\/kuzeyinsesi.org\/index.php\/wp-json\/wp\/v2\/users\/1"}],"replies":[{"embeddable":true,"href":"https:\/\/kuzeyinsesi.org\/index.php\/wp-json\/wp\/v2\/comments?post=11340"}],"version-history":[{"count":0,"href":"https:\/\/kuzeyinsesi.org\/index.php\/wp-json\/wp\/v2\/posts\/11340\/revisions"}],"wp:featuredmedia":[{"embeddable":true,"href":"https:\/\/kuzeyinsesi.org\/index.php\/wp-json\/wp\/v2\/media\/11341"}],"wp:attachment":[{"href":"https:\/\/kuzeyinsesi.org\/index.php\/wp-json\/wp\/v2\/media?parent=11340"}],"wp:term":[{"taxonomy":"category","embeddable":true,"href":"https:\/\/kuzeyinsesi.org\/index.php\/wp-json\/wp\/v2\/categories?post=11340"},{"taxonomy":"post_tag","embeddable":true,"href":"https:\/\/kuzeyinsesi.org\/index.php\/wp-json\/wp\/v2\/tags?post=11340"}],"curies":[{"name":"wp","href":"https:\/\/api.w.org\/{rel}","templated":true}]}}