{"id":1132,"date":"2024-05-01T16:01:17","date_gmt":"2024-05-01T13:01:17","guid":{"rendered":"https:\/\/kuzeyinsesi.com\/index.php\/2024\/05\/01\/gardiyanoglu-yatirimlarini-duzenli-yapan-isyerlerini-ziyaret-etti-calisanlarin-1-mayis-isci-bayramini-kutladi\/"},"modified":"2024-05-01T16:01:17","modified_gmt":"2024-05-01T13:01:17","slug":"gardiyanoglu-yatirimlarini-duzenli-yapan-isyerlerini-ziyaret-etti-calisanlarin-1-mayis-isci-bayramini-kutladi","status":"publish","type":"post","link":"https:\/\/kuzeyinsesi.org\/index.php\/2024\/05\/01\/gardiyanoglu-yatirimlarini-duzenli-yapan-isyerlerini-ziyaret-etti-calisanlarin-1-mayis-isci-bayramini-kutladi\/","title":{"rendered":"Gardiyano\u011flu, yat\u0131r\u0131mlar\u0131n\u0131 d\u00fczenli yapan i\u015fyerlerini ziyaret etti, \u00e7al\u0131\u015fanlar\u0131n 1 May\u0131s \u0130\u015f\u00e7i Bayram\u0131\u2019n\u0131 kutlad\u0131"},"content":{"rendered":"<div>\n<div class=\"mariselle-image-container none\">\n                                            <\/div>\n<p>\u00c7al\u0131\u015fma ve Sosyal G\u00fcvenlik Bakan\u0131 Sad\u0131k Gardiyano\u011flu, 1 May\u0131s \u0130\u015f\u00e7i ve Dayan\u0131\u015fma G\u00fcn\u00fc\u2019n\u00fcnde sosyal g\u00fcvenlik yat\u0131r\u0131mlar\u0131n\u0131 d\u00fczenli yapan \u00f6rnek i\u015fyerlerini ziyaret ederek \u00e7al\u0131\u015fanlar\u0131n 1 May\u0131s \u0130\u015f\u00e7i Bayram\u0131\u2019n\u0131 kutlad\u0131.<\/p>\n<p>Bakanl\u0131ktan verilen bilgiye g\u00f6re, Bakan Gardiyano\u011flu\u2019na i\u015fyeri ziyaretlerinde bakanl\u0131k b\u00fcrokratlar\u0131 ile Sosyal Sigortalar Dairesi ve \u0130htiyat Sand\u0131\u011f\u0131 m\u00fcfetti\u015fleri e\u015flik etti.<\/p>\n<p>1 May\u0131sta a\u00e7\u0131k olan i\u015fyerlerinin \u00e7al\u0131\u015fanlar\u0131n\u0131n mesailerinin bire iki \u00f6denmesi gerekti\u011fini \u00f6nemle vurgulayan Gardiyano\u011flu, i\u015fyerlerine yasal y\u00fck\u00fcml\u00fcl\u00fcklerini yerine getirmesi i\u00e7in \u00e7a\u011fr\u0131da bulundu.<\/p>\n<p>Alt\u0131 il\u00e7ede Sosyal Sigortalar ve \u0130htiyat Sand\u0131\u011f\u0131 Dairesi m\u00fcfetti\u015fleri taraf\u0131ndan i\u015fyerlerine g\u00fcn boyunca denetim ger\u00e7ekle\u015ftirilece\u011fini belirten Gardiyano\u011flu, 1 May\u0131s\u2019ta \u00e7al\u0131\u015fan emek\u00e7ilerin mesailerinin, 20 Haziran\u2019dan sonra Daire m\u00fcfetti\u015fleri taraf\u0131ndan kontrol edilece\u011fini ve yasaya uyulmamas\u0131 halinde gereken yapt\u0131r\u0131m\u0131n uygulanaca\u011f\u0131n\u0131 s\u00f6yledi.<\/p>\n<p>Gardiyano\u011flu, t\u00fcm emek\u00e7ilerin 1 May\u0131s \u0130\u015f\u00e7i Bayram\u0131\u2019n\u0131 kutlad\u0131.<\/p>\n<\/p><\/div>\n<p><script async\n                    defer\n                    crossorigin=\"anonymous\"\n                    src=\"https:\/\/connect.facebook.net\/tr_TR\/sdk.js#xfbml=1&#038;version=v3.3\"\n            ><\/script><\/p>\n","protected":false},"excerpt":{"rendered":"<p>\u00c7al\u0131\u015fma ve Sosyal G\u00fcvenlik Bakan\u0131 Sad\u0131k Gardiyano\u011flu, 1 May\u0131s \u0130\u015f\u00e7i ve Dayan\u0131\u015fma G\u00fcn\u00fc\u2019n\u00fcnde sosyal g\u00fcvenlik yat\u0131r\u0131mlar\u0131n\u0131 d\u00fczenli yapan \u00f6rnek i\u015fyerlerini ziyaret ederek \u00e7al\u0131\u015fanlar\u0131n 1 May\u0131s \u0130\u015f\u00e7i Bayram\u0131\u2019n\u0131 kutlad\u0131. Bakanl\u0131ktan verilen bilgiye g\u00f6re, Bakan Gardiyano\u011flu\u2019na i\u015fyeri ziyaretlerinde bakanl\u0131k b\u00fcrokratlar\u0131 ile Sosyal Sigortalar Dairesi ve \u0130htiyat Sand\u0131\u011f\u0131 m\u00fcfetti\u015fleri e\u015flik etti. 1 May\u0131sta a\u00e7\u0131k olan i\u015fyerlerinin \u00e7al\u0131\u015fanlar\u0131n\u0131n mesailerinin [&hellip;]<\/p>\n","protected":false},"author":1,"featured_media":1133,"comment_status":"open","ping_status":"open","sticky":false,"template":"","format":"standard","meta":{"jnews-multi-image_gallery":[],"jnews_single_post":[],"jnews_primary_category":[],"jnews_social_meta":[],"jnews_override_counter":[],"footnotes":""},"categories":[1],"tags":[],"class_list":["post-1132","post","type-post","status-publish","format-standard","has-post-thumbnail","hentry","category-kibris"],"yoast_head":"<!-- This site is optimized with the Yoast SEO plugin v27.5 - https:\/\/yoast.com\/product\/yoast-seo-wordpress\/ -->\n<title>Gardiyano\u011flu, yat\u0131r\u0131mlar\u0131n\u0131 d\u00fczenli yapan i\u015fyerlerini ziyaret etti, \u00e7al\u0131\u015fanlar\u0131n 1 May\u0131s \u0130\u015f\u00e7i Bayram\u0131\u2019n\u0131 kutlad\u0131 - Kuzeyin Sesi<\/title>\n<meta name=\"robots\" content=\"index, follow, max-snippet:-1, max-image-preview:large, max-video-preview:-1\" \/>\n<link rel=\"canonical\" href=\"https:\/\/kuzeyinsesi.org\/index.php\/2024\/05\/01\/gardiyanoglu-yatirimlarini-duzenli-yapan-isyerlerini-ziyaret-etti-calisanlarin-1-mayis-isci-bayramini-kutladi\/\" \/>\n<meta property=\"og:locale\" content=\"tr_TR\" \/>\n<meta property=\"og:type\" content=\"article\" \/>\n<meta property=\"og:title\" content=\"Gardiyano\u011flu, yat\u0131r\u0131mlar\u0131n\u0131 d\u00fczenli yapan i\u015fyerlerini ziyaret etti, \u00e7al\u0131\u015fanlar\u0131n 1 May\u0131s \u0130\u015f\u00e7i Bayram\u0131\u2019n\u0131 kutlad\u0131 - Kuzeyin Sesi\" \/>\n<meta property=\"og:description\" content=\"\u00c7al\u0131\u015fma ve Sosyal G\u00fcvenlik Bakan\u0131 Sad\u0131k Gardiyano\u011flu, 1 May\u0131s \u0130\u015f\u00e7i ve Dayan\u0131\u015fma G\u00fcn\u00fc\u2019n\u00fcnde sosyal g\u00fcvenlik yat\u0131r\u0131mlar\u0131n\u0131 d\u00fczenli yapan \u00f6rnek i\u015fyerlerini ziyaret ederek \u00e7al\u0131\u015fanlar\u0131n 1 May\u0131s \u0130\u015f\u00e7i Bayram\u0131\u2019n\u0131 kutlad\u0131. Bakanl\u0131ktan verilen bilgiye g\u00f6re, Bakan Gardiyano\u011flu\u2019na i\u015fyeri ziyaretlerinde bakanl\u0131k b\u00fcrokratlar\u0131 ile Sosyal Sigortalar Dairesi ve \u0130htiyat Sand\u0131\u011f\u0131 m\u00fcfetti\u015fleri e\u015flik etti. 1 May\u0131sta a\u00e7\u0131k olan i\u015fyerlerinin \u00e7al\u0131\u015fanlar\u0131n\u0131n mesailerinin [&hellip;]\" \/>\n<meta property=\"og:url\" content=\"https:\/\/kuzeyinsesi.org\/index.php\/2024\/05\/01\/gardiyanoglu-yatirimlarini-duzenli-yapan-isyerlerini-ziyaret-etti-calisanlarin-1-mayis-isci-bayramini-kutladi\/\" \/>\n<meta property=\"og:site_name\" content=\"Kuzeyin Sesi\" \/>\n<meta property=\"article:publisher\" content=\"https:\/\/www.facebook.com\/kuzeyinsesii\" \/>\n<meta property=\"article:published_time\" content=\"2024-05-01T13:01:17+00:00\" \/>\n<meta property=\"og:image\" content=\"https:\/\/kuzeyinsesi.org\/wp-content\/uploads\/2024\/05\/gardiyanoglu-1-mayis-ta-calisanlarlaydi-5-.jpg\" \/>\n\t<meta property=\"og:image:width\" content=\"1600\" \/>\n\t<meta property=\"og:image:height\" content=\"1067\" \/>\n\t<meta property=\"og:image:type\" content=\"image\/jpeg\" \/>\n<meta name=\"author\" content=\"Kuzeyin Sesi\" \/>\n<meta name=\"twitter:card\" content=\"summary_large_image\" \/>\n<meta name=\"twitter:creator\" content=\"@kuzeyinsesii\" \/>\n<meta name=\"twitter:site\" content=\"@kuzeyinsesii\" \/>\n<meta name=\"twitter:label1\" content=\"Yazan:\" \/>\n\t<meta name=\"twitter:data1\" content=\"Kuzeyin Sesi\" \/>\n\t<meta name=\"twitter:label2\" content=\"Tahmini okuma s\u00fcresi\" \/>\n\t<meta name=\"twitter:data2\" content=\"1 dakika\" \/>\n<script type=\"application\/ld+json\" class=\"yoast-schema-graph\">{\"@context\":\"https:\\\/\\\/schema.org\",\"@graph\":[{\"@type\":\"Article\",\"@id\":\"https:\\\/\\\/kuzeyinsesi.org\\\/index.php\\\/2024\\\/05\\\/01\\\/gardiyanoglu-yatirimlarini-duzenli-yapan-isyerlerini-ziyaret-etti-calisanlarin-1-mayis-isci-bayramini-kutladi\\\/#article\",\"isPartOf\":{\"@id\":\"https:\\\/\\\/kuzeyinsesi.org\\\/index.php\\\/2024\\\/05\\\/01\\\/gardiyanoglu-yatirimlarini-duzenli-yapan-isyerlerini-ziyaret-etti-calisanlarin-1-mayis-isci-bayramini-kutladi\\\/\"},\"author\":{\"name\":\"Kuzeyin Sesi\",\"@id\":\"https:\\\/\\\/kuzeyinsesi.org\\\/#\\\/schema\\\/person\\\/9f859689cdf01485597712386e37f5aa\"},\"headline\":\"Gardiyano\u011flu, yat\u0131r\u0131mlar\u0131n\u0131 d\u00fczenli yapan i\u015fyerlerini ziyaret etti, \u00e7al\u0131\u015fanlar\u0131n 1 May\u0131s \u0130\u015f\u00e7i Bayram\u0131\u2019n\u0131 kutlad\u0131\",\"datePublished\":\"2024-05-01T13:01:17+00:00\",\"mainEntityOfPage\":{\"@id\":\"https:\\\/\\\/kuzeyinsesi.org\\\/index.php\\\/2024\\\/05\\\/01\\\/gardiyanoglu-yatirimlarini-duzenli-yapan-isyerlerini-ziyaret-etti-calisanlarin-1-mayis-isci-bayramini-kutladi\\\/\"},\"wordCount\":206,\"commentCount\":0,\"image\":{\"@id\":\"https:\\\/\\\/kuzeyinsesi.org\\\/index.php\\\/2024\\\/05\\\/01\\\/gardiyanoglu-yatirimlarini-duzenli-yapan-isyerlerini-ziyaret-etti-calisanlarin-1-mayis-isci-bayramini-kutladi\\\/#primaryimage\"},\"thumbnailUrl\":\"https:\\\/\\\/kuzeyinsesi.org\\\/wp-content\\\/uploads\\\/2024\\\/05\\\/gardiyanoglu-1-mayis-ta-calisanlarlaydi-5-.jpg\",\"articleSection\":[\"K\u0131br\u0131s\"],\"inLanguage\":\"tr\",\"potentialAction\":[{\"@type\":\"CommentAction\",\"name\":\"Comment\",\"target\":[\"https:\\\/\\\/kuzeyinsesi.org\\\/index.php\\\/2024\\\/05\\\/01\\\/gardiyanoglu-yatirimlarini-duzenli-yapan-isyerlerini-ziyaret-etti-calisanlarin-1-mayis-isci-bayramini-kutladi\\\/#respond\"]}]},{\"@type\":\"WebPage\",\"@id\":\"https:\\\/\\\/kuzeyinsesi.org\\\/index.php\\\/2024\\\/05\\\/01\\\/gardiyanoglu-yatirimlarini-duzenli-yapan-isyerlerini-ziyaret-etti-calisanlarin-1-mayis-isci-bayramini-kutladi\\\/\",\"url\":\"https:\\\/\\\/kuzeyinsesi.org\\\/index.php\\\/2024\\\/05\\\/01\\\/gardiyanoglu-yatirimlarini-duzenli-yapan-isyerlerini-ziyaret-etti-calisanlarin-1-mayis-isci-bayramini-kutladi\\\/\",\"name\":\"Gardiyano\u011flu, yat\u0131r\u0131mlar\u0131n\u0131 d\u00fczenli yapan i\u015fyerlerini ziyaret etti, \u00e7al\u0131\u015fanlar\u0131n 1 May\u0131s \u0130\u015f\u00e7i Bayram\u0131\u2019n\u0131 kutlad\u0131 - Kuzeyin Sesi\",\"isPartOf\":{\"@id\":\"https:\\\/\\\/kuzeyinsesi.org\\\/#website\"},\"primaryImageOfPage\":{\"@id\":\"https:\\\/\\\/kuzeyinsesi.org\\\/index.php\\\/2024\\\/05\\\/01\\\/gardiyanoglu-yatirimlarini-duzenli-yapan-isyerlerini-ziyaret-etti-calisanlarin-1-mayis-isci-bayramini-kutladi\\\/#primaryimage\"},\"image\":{\"@id\":\"https:\\\/\\\/kuzeyinsesi.org\\\/index.php\\\/2024\\\/05\\\/01\\\/gardiyanoglu-yatirimlarini-duzenli-yapan-isyerlerini-ziyaret-etti-calisanlarin-1-mayis-isci-bayramini-kutladi\\\/#primaryimage\"},\"thumbnailUrl\":\"https:\\\/\\\/kuzeyinsesi.org\\\/wp-content\\\/uploads\\\/2024\\\/05\\\/gardiyanoglu-1-mayis-ta-calisanlarlaydi-5-.jpg\",\"datePublished\":\"2024-05-01T13:01:17+00:00\",\"author\":{\"@id\":\"https:\\\/\\\/kuzeyinsesi.org\\\/#\\\/schema\\\/person\\\/9f859689cdf01485597712386e37f5aa\"},\"breadcrumb\":{\"@id\":\"https:\\\/\\\/kuzeyinsesi.org\\\/index.php\\\/2024\\\/05\\\/01\\\/gardiyanoglu-yatirimlarini-duzenli-yapan-isyerlerini-ziyaret-etti-calisanlarin-1-mayis-isci-bayramini-kutladi\\\/#breadcrumb\"},\"inLanguage\":\"tr\",\"potentialAction\":[{\"@type\":\"ReadAction\",\"target\":[\"https:\\\/\\\/kuzeyinsesi.org\\\/index.php\\\/2024\\\/05\\\/01\\\/gardiyanoglu-yatirimlarini-duzenli-yapan-isyerlerini-ziyaret-etti-calisanlarin-1-mayis-isci-bayramini-kutladi\\\/\"]}]},{\"@type\":\"ImageObject\",\"inLanguage\":\"tr\",\"@id\":\"https:\\\/\\\/kuzeyinsesi.org\\\/index.php\\\/2024\\\/05\\\/01\\\/gardiyanoglu-yatirimlarini-duzenli-yapan-isyerlerini-ziyaret-etti-calisanlarin-1-mayis-isci-bayramini-kutladi\\\/#primaryimage\",\"url\":\"https:\\\/\\\/kuzeyinsesi.org\\\/wp-content\\\/uploads\\\/2024\\\/05\\\/gardiyanoglu-1-mayis-ta-calisanlarlaydi-5-.jpg\",\"contentUrl\":\"https:\\\/\\\/kuzeyinsesi.org\\\/wp-content\\\/uploads\\\/2024\\\/05\\\/gardiyanoglu-1-mayis-ta-calisanlarlaydi-5-.jpg\",\"width\":1600,\"height\":1067},{\"@type\":\"BreadcrumbList\",\"@id\":\"https:\\\/\\\/kuzeyinsesi.org\\\/index.php\\\/2024\\\/05\\\/01\\\/gardiyanoglu-yatirimlarini-duzenli-yapan-isyerlerini-ziyaret-etti-calisanlarin-1-mayis-isci-bayramini-kutladi\\\/#breadcrumb\",\"itemListElement\":[{\"@type\":\"ListItem\",\"position\":1,\"name\":\"Anasayfa\",\"item\":\"https:\\\/\\\/kuzeyinsesi.org\\\/\"},{\"@type\":\"ListItem\",\"position\":2,\"name\":\"Gardiyano\u011flu, yat\u0131r\u0131mlar\u0131n\u0131 d\u00fczenli yapan i\u015fyerlerini ziyaret etti, \u00e7al\u0131\u015fanlar\u0131n 1 May\u0131s \u0130\u015f\u00e7i Bayram\u0131\u2019n\u0131 kutlad\u0131\"}]},{\"@type\":\"WebSite\",\"@id\":\"https:\\\/\\\/kuzeyinsesi.org\\\/#website\",\"url\":\"https:\\\/\\\/kuzeyinsesi.org\\\/\",\"name\":\"Kuzeyin Sesi\",\"description\":\"Do\u011fru Haberin Adresi\",\"potentialAction\":[{\"@type\":\"SearchAction\",\"target\":{\"@type\":\"EntryPoint\",\"urlTemplate\":\"https:\\\/\\\/kuzeyinsesi.org\\\/?s={search_term_string}\"},\"query-input\":{\"@type\":\"PropertyValueSpecification\",\"valueRequired\":true,\"valueName\":\"search_term_string\"}}],\"inLanguage\":\"tr\"},{\"@type\":\"Person\",\"@id\":\"https:\\\/\\\/kuzeyinsesi.org\\\/#\\\/schema\\\/person\\\/9f859689cdf01485597712386e37f5aa\",\"name\":\"Kuzeyin Sesi\",\"image\":{\"@type\":\"ImageObject\",\"inLanguage\":\"tr\",\"@id\":\"https:\\\/\\\/secure.gravatar.com\\\/avatar\\\/bab33852abfd8b282518d6ed81826833d77c3c882d9ab608add591ccace47a44?s=96&d=mm&r=g\",\"url\":\"https:\\\/\\\/secure.gravatar.com\\\/avatar\\\/bab33852abfd8b282518d6ed81826833d77c3c882d9ab608add591ccace47a44?s=96&d=mm&r=g\",\"contentUrl\":\"https:\\\/\\\/secure.gravatar.com\\\/avatar\\\/bab33852abfd8b282518d6ed81826833d77c3c882d9ab608add591ccace47a44?s=96&d=mm&r=g\",\"caption\":\"Kuzeyin Sesi\"},\"sameAs\":[\"https:\\\/\\\/kuzeyinsesi.org\"],\"url\":\"https:\\\/\\\/kuzeyinsesi.org\\\/index.php\\\/author\\\/guven\\\/\"}]}<\/script>\n<!-- \/ Yoast SEO plugin. -->","yoast_head_json":{"title":"Gardiyano\u011flu, yat\u0131r\u0131mlar\u0131n\u0131 d\u00fczenli yapan i\u015fyerlerini ziyaret etti, \u00e7al\u0131\u015fanlar\u0131n 1 May\u0131s \u0130\u015f\u00e7i Bayram\u0131\u2019n\u0131 kutlad\u0131 - Kuzeyin Sesi","robots":{"index":"index","follow":"follow","max-snippet":"max-snippet:-1","max-image-preview":"max-image-preview:large","max-video-preview":"max-video-preview:-1"},"canonical":"https:\/\/kuzeyinsesi.org\/index.php\/2024\/05\/01\/gardiyanoglu-yatirimlarini-duzenli-yapan-isyerlerini-ziyaret-etti-calisanlarin-1-mayis-isci-bayramini-kutladi\/","og_locale":"tr_TR","og_type":"article","og_title":"Gardiyano\u011flu, yat\u0131r\u0131mlar\u0131n\u0131 d\u00fczenli yapan i\u015fyerlerini ziyaret etti, \u00e7al\u0131\u015fanlar\u0131n 1 May\u0131s \u0130\u015f\u00e7i Bayram\u0131\u2019n\u0131 kutlad\u0131 - Kuzeyin Sesi","og_description":"\u00c7al\u0131\u015fma ve Sosyal G\u00fcvenlik Bakan\u0131 Sad\u0131k Gardiyano\u011flu, 1 May\u0131s \u0130\u015f\u00e7i ve Dayan\u0131\u015fma G\u00fcn\u00fc\u2019n\u00fcnde sosyal g\u00fcvenlik yat\u0131r\u0131mlar\u0131n\u0131 d\u00fczenli yapan \u00f6rnek i\u015fyerlerini ziyaret ederek \u00e7al\u0131\u015fanlar\u0131n 1 May\u0131s \u0130\u015f\u00e7i Bayram\u0131\u2019n\u0131 kutlad\u0131. Bakanl\u0131ktan verilen bilgiye g\u00f6re, Bakan Gardiyano\u011flu\u2019na i\u015fyeri ziyaretlerinde bakanl\u0131k b\u00fcrokratlar\u0131 ile Sosyal Sigortalar Dairesi ve \u0130htiyat Sand\u0131\u011f\u0131 m\u00fcfetti\u015fleri e\u015flik etti. 1 May\u0131sta a\u00e7\u0131k olan i\u015fyerlerinin \u00e7al\u0131\u015fanlar\u0131n\u0131n mesailerinin [&hellip;]","og_url":"https:\/\/kuzeyinsesi.org\/index.php\/2024\/05\/01\/gardiyanoglu-yatirimlarini-duzenli-yapan-isyerlerini-ziyaret-etti-calisanlarin-1-mayis-isci-bayramini-kutladi\/","og_site_name":"Kuzeyin Sesi","article_publisher":"https:\/\/www.facebook.com\/kuzeyinsesii","article_published_time":"2024-05-01T13:01:17+00:00","og_image":[{"width":1600,"height":1067,"url":"https:\/\/kuzeyinsesi.org\/wp-content\/uploads\/2024\/05\/gardiyanoglu-1-mayis-ta-calisanlarlaydi-5-.jpg","type":"image\/jpeg"}],"author":"Kuzeyin Sesi","twitter_card":"summary_large_image","twitter_creator":"@kuzeyinsesii","twitter_site":"@kuzeyinsesii","twitter_misc":{"Yazan:":"Kuzeyin Sesi","Tahmini okuma s\u00fcresi":"1 dakika"},"schema":{"@context":"https:\/\/schema.org","@graph":[{"@type":"Article","@id":"https:\/\/kuzeyinsesi.org\/index.php\/2024\/05\/01\/gardiyanoglu-yatirimlarini-duzenli-yapan-isyerlerini-ziyaret-etti-calisanlarin-1-mayis-isci-bayramini-kutladi\/#article","isPartOf":{"@id":"https:\/\/kuzeyinsesi.org\/index.php\/2024\/05\/01\/gardiyanoglu-yatirimlarini-duzenli-yapan-isyerlerini-ziyaret-etti-calisanlarin-1-mayis-isci-bayramini-kutladi\/"},"author":{"name":"Kuzeyin Sesi","@id":"https:\/\/kuzeyinsesi.org\/#\/schema\/person\/9f859689cdf01485597712386e37f5aa"},"headline":"Gardiyano\u011flu, yat\u0131r\u0131mlar\u0131n\u0131 d\u00fczenli yapan i\u015fyerlerini ziyaret etti, \u00e7al\u0131\u015fanlar\u0131n 1 May\u0131s \u0130\u015f\u00e7i Bayram\u0131\u2019n\u0131 kutlad\u0131","datePublished":"2024-05-01T13:01:17+00:00","mainEntityOfPage":{"@id":"https:\/\/kuzeyinsesi.org\/index.php\/2024\/05\/01\/gardiyanoglu-yatirimlarini-duzenli-yapan-isyerlerini-ziyaret-etti-calisanlarin-1-mayis-isci-bayramini-kutladi\/"},"wordCount":206,"commentCount":0,"image":{"@id":"https:\/\/kuzeyinsesi.org\/index.php\/2024\/05\/01\/gardiyanoglu-yatirimlarini-duzenli-yapan-isyerlerini-ziyaret-etti-calisanlarin-1-mayis-isci-bayramini-kutladi\/#primaryimage"},"thumbnailUrl":"https:\/\/kuzeyinsesi.org\/wp-content\/uploads\/2024\/05\/gardiyanoglu-1-mayis-ta-calisanlarlaydi-5-.jpg","articleSection":["K\u0131br\u0131s"],"inLanguage":"tr","potentialAction":[{"@type":"CommentAction","name":"Comment","target":["https:\/\/kuzeyinsesi.org\/index.php\/2024\/05\/01\/gardiyanoglu-yatirimlarini-duzenli-yapan-isyerlerini-ziyaret-etti-calisanlarin-1-mayis-isci-bayramini-kutladi\/#respond"]}]},{"@type":"WebPage","@id":"https:\/\/kuzeyinsesi.org\/index.php\/2024\/05\/01\/gardiyanoglu-yatirimlarini-duzenli-yapan-isyerlerini-ziyaret-etti-calisanlarin-1-mayis-isci-bayramini-kutladi\/","url":"https:\/\/kuzeyinsesi.org\/index.php\/2024\/05\/01\/gardiyanoglu-yatirimlarini-duzenli-yapan-isyerlerini-ziyaret-etti-calisanlarin-1-mayis-isci-bayramini-kutladi\/","name":"Gardiyano\u011flu, yat\u0131r\u0131mlar\u0131n\u0131 d\u00fczenli yapan i\u015fyerlerini ziyaret etti, \u00e7al\u0131\u015fanlar\u0131n 1 May\u0131s \u0130\u015f\u00e7i Bayram\u0131\u2019n\u0131 kutlad\u0131 - Kuzeyin Sesi","isPartOf":{"@id":"https:\/\/kuzeyinsesi.org\/#website"},"primaryImageOfPage":{"@id":"https:\/\/kuzeyinsesi.org\/index.php\/2024\/05\/01\/gardiyanoglu-yatirimlarini-duzenli-yapan-isyerlerini-ziyaret-etti-calisanlarin-1-mayis-isci-bayramini-kutladi\/#primaryimage"},"image":{"@id":"https:\/\/kuzeyinsesi.org\/index.php\/2024\/05\/01\/gardiyanoglu-yatirimlarini-duzenli-yapan-isyerlerini-ziyaret-etti-calisanlarin-1-mayis-isci-bayramini-kutladi\/#primaryimage"},"thumbnailUrl":"https:\/\/kuzeyinsesi.org\/wp-content\/uploads\/2024\/05\/gardiyanoglu-1-mayis-ta-calisanlarlaydi-5-.jpg","datePublished":"2024-05-01T13:01:17+00:00","author":{"@id":"https:\/\/kuzeyinsesi.org\/#\/schema\/person\/9f859689cdf01485597712386e37f5aa"},"breadcrumb":{"@id":"https:\/\/kuzeyinsesi.org\/index.php\/2024\/05\/01\/gardiyanoglu-yatirimlarini-duzenli-yapan-isyerlerini-ziyaret-etti-calisanlarin-1-mayis-isci-bayramini-kutladi\/#breadcrumb"},"inLanguage":"tr","potentialAction":[{"@type":"ReadAction","target":["https:\/\/kuzeyinsesi.org\/index.php\/2024\/05\/01\/gardiyanoglu-yatirimlarini-duzenli-yapan-isyerlerini-ziyaret-etti-calisanlarin-1-mayis-isci-bayramini-kutladi\/"]}]},{"@type":"ImageObject","inLanguage":"tr","@id":"https:\/\/kuzeyinsesi.org\/index.php\/2024\/05\/01\/gardiyanoglu-yatirimlarini-duzenli-yapan-isyerlerini-ziyaret-etti-calisanlarin-1-mayis-isci-bayramini-kutladi\/#primaryimage","url":"https:\/\/kuzeyinsesi.org\/wp-content\/uploads\/2024\/05\/gardiyanoglu-1-mayis-ta-calisanlarlaydi-5-.jpg","contentUrl":"https:\/\/kuzeyinsesi.org\/wp-content\/uploads\/2024\/05\/gardiyanoglu-1-mayis-ta-calisanlarlaydi-5-.jpg","width":1600,"height":1067},{"@type":"BreadcrumbList","@id":"https:\/\/kuzeyinsesi.org\/index.php\/2024\/05\/01\/gardiyanoglu-yatirimlarini-duzenli-yapan-isyerlerini-ziyaret-etti-calisanlarin-1-mayis-isci-bayramini-kutladi\/#breadcrumb","itemListElement":[{"@type":"ListItem","position":1,"name":"Anasayfa","item":"https:\/\/kuzeyinsesi.org\/"},{"@type":"ListItem","position":2,"name":"Gardiyano\u011flu, yat\u0131r\u0131mlar\u0131n\u0131 d\u00fczenli yapan i\u015fyerlerini ziyaret etti, \u00e7al\u0131\u015fanlar\u0131n 1 May\u0131s \u0130\u015f\u00e7i Bayram\u0131\u2019n\u0131 kutlad\u0131"}]},{"@type":"WebSite","@id":"https:\/\/kuzeyinsesi.org\/#website","url":"https:\/\/kuzeyinsesi.org\/","name":"Kuzeyin Sesi","description":"Do\u011fru Haberin Adresi","potentialAction":[{"@type":"SearchAction","target":{"@type":"EntryPoint","urlTemplate":"https:\/\/kuzeyinsesi.org\/?s={search_term_string}"},"query-input":{"@type":"PropertyValueSpecification","valueRequired":true,"valueName":"search_term_string"}}],"inLanguage":"tr"},{"@type":"Person","@id":"https:\/\/kuzeyinsesi.org\/#\/schema\/person\/9f859689cdf01485597712386e37f5aa","name":"Kuzeyin Sesi","image":{"@type":"ImageObject","inLanguage":"tr","@id":"https:\/\/secure.gravatar.com\/avatar\/bab33852abfd8b282518d6ed81826833d77c3c882d9ab608add591ccace47a44?s=96&d=mm&r=g","url":"https:\/\/secure.gravatar.com\/avatar\/bab33852abfd8b282518d6ed81826833d77c3c882d9ab608add591ccace47a44?s=96&d=mm&r=g","contentUrl":"https:\/\/secure.gravatar.com\/avatar\/bab33852abfd8b282518d6ed81826833d77c3c882d9ab608add591ccace47a44?s=96&d=mm&r=g","caption":"Kuzeyin Sesi"},"sameAs":["https:\/\/kuzeyinsesi.org"],"url":"https:\/\/kuzeyinsesi.org\/index.php\/author\/guven\/"}]}},"_links":{"self":[{"href":"https:\/\/kuzeyinsesi.org\/index.php\/wp-json\/wp\/v2\/posts\/1132","targetHints":{"allow":["GET"]}}],"collection":[{"href":"https:\/\/kuzeyinsesi.org\/index.php\/wp-json\/wp\/v2\/posts"}],"about":[{"href":"https:\/\/kuzeyinsesi.org\/index.php\/wp-json\/wp\/v2\/types\/post"}],"author":[{"embeddable":true,"href":"https:\/\/kuzeyinsesi.org\/index.php\/wp-json\/wp\/v2\/users\/1"}],"replies":[{"embeddable":true,"href":"https:\/\/kuzeyinsesi.org\/index.php\/wp-json\/wp\/v2\/comments?post=1132"}],"version-history":[{"count":0,"href":"https:\/\/kuzeyinsesi.org\/index.php\/wp-json\/wp\/v2\/posts\/1132\/revisions"}],"wp:featuredmedia":[{"embeddable":true,"href":"https:\/\/kuzeyinsesi.org\/index.php\/wp-json\/wp\/v2\/media\/1133"}],"wp:attachment":[{"href":"https:\/\/kuzeyinsesi.org\/index.php\/wp-json\/wp\/v2\/media?parent=1132"}],"wp:term":[{"taxonomy":"category","embeddable":true,"href":"https:\/\/kuzeyinsesi.org\/index.php\/wp-json\/wp\/v2\/categories?post=1132"},{"taxonomy":"post_tag","embeddable":true,"href":"https:\/\/kuzeyinsesi.org\/index.php\/wp-json\/wp\/v2\/tags?post=1132"}],"curies":[{"name":"wp","href":"https:\/\/api.w.org\/{rel}","templated":true}]}}