{"id":11236,"date":"2024-10-09T16:52:43","date_gmt":"2024-10-09T13:52:43","guid":{"rendered":"https:\/\/kuzeyinsesi.org\/index.php\/2024\/10\/09\/ltb-organizasyonundaki-dereboyu-senligi-cumartesi\/"},"modified":"2024-10-09T16:52:43","modified_gmt":"2024-10-09T13:52:43","slug":"ltb-organizasyonundaki-dereboyu-senligi-cumartesi","status":"publish","type":"post","link":"https:\/\/kuzeyinsesi.org\/index.php\/2024\/10\/09\/ltb-organizasyonundaki-dereboyu-senligi-cumartesi\/","title":{"rendered":"LTB organizasyonundaki \u201cDereboyu \u015eenli\u011fi\u201d cumartesi\u2026"},"content":{"rendered":"<div>\n<div class=\"mariselle-image-container center\">\n                                            <\/div>\n<p> Lefko\u015fa T\u00fcrk Belediyesi (LTB)\u2019nin d\u00fczenledi\u011fi Dereboyu \u015eenli\u011fi, cumartesi g\u00fcn\u00fc yap\u0131lacak.<\/p>\n<p>LTB\u2019den verilen bilgiye g\u00f6re, Gripin, Ahmet Evan, Eril Canbaz, Fireballs, L\u00fctfiye \u00d6zipek, Nafiz D\u00f6lek, Native Cypriots, Osman Tu\u011fsal ve Lefko\u015fa Belediye Orkestras\u0131 \u00c7ok Sesli \u00c7ocuk Korolar\u0131 konserlerinin yer alaca\u011f\u0131 \u015fenlik saat 14.00\u2019de ba\u015flay\u0131p 23.30\u2019a kadar s\u00fcrecek.<\/p>\n<p>\u015eenlikte dans g\u00f6sterileri, ate\u015f show, sanat at\u00f6lyeleri ve \u00e7ocuklar i\u00e7in y\u00fcz boyama, kukla g\u00f6sterileri, oyunlar ile yar\u0131\u015fmalar d\u00fczenlenecek. Lefko\u015fa Gezi Treni etkinlik boyunca \u00f6zel turlarla Dereboyu\u2019nda yer alacak.<\/p>\n<p><strong>-Kumsal Park\u2019ta 14.00\u2019ten itibaren \u00e7ocuklar i\u00e7in \u00f6zel program\u2026<\/strong><\/p>\n<p>\u015eenlik kapsam\u0131nda 14.00 ile 15.00 saatleri aras\u0131nda Kumsal Park\u2019ta Ozan \u00d6zgenler ile boyama, 15.00-16.00 saatleri aras\u0131nda \u00dclviye Karaba\u015fak ile ebru sanat\u0131, 15.00-17.00 saatleri aras\u0131nda y\u00fcz boyama, 15.30-16.30 Saatleri aras\u0131nda Ferdiye Yurdakul ile Nefes ve Mandala, 16.30-17.15 saatleri aras\u0131nda Hanife Tayyareci ile kukla g\u00f6sterisi (K\u0131rp\u0131k) ve saat 17.30\u2019da Kumsal Park yan\u0131nda Lefko\u015fa Belediye Orkestras\u0131 \u00c7ok Sesli \u00c7ocuk Korolar\u0131 konseri yer alacak.<\/p>\n<p><strong>-Gripin Eski Pronto kar\u015f\u0131s\u0131nda sahne al\u0131yor<\/strong><\/p>\n<p>T\u00fcrkiye\u2019nin sevilen m\u00fczik gruplar\u0131ndan Gripin saat 22.00\u2019de Eski Pronto kar\u015f\u0131s\u0131nda sahne alacak. Gripin \u00f6ncesi 21.30\u2019da yine ayn\u0131 alanda Ate\u015f Show ger\u00e7ekle\u015ftirilecek. (Sahne &amp; Sanat\u00e7\u0131 Sponsoru \u2013 Les Ambassadeurs Hotel)<\/p>\n<p><strong>-Tonic Nicosia\u2019da DJ Serdar Eren, Ruhi Bistro Pub &amp; Gustav Cafe\u2019de Native Cypriots ve DJ And\u0131m<\/strong><\/p>\n<p>Tonic Nicosia alan\u0131nda saat 14.00\u2019ten itibaren Dj Serdar Eren (Sanat\u00e7\u0131 Sponsoru \u2013 Tonic), Ruhi Bistro &amp; Pub ve Gustav Cafe\u2019de saat 19.00\u2019da Native Cypriots, saat 20.30\u2019da Dj And\u0131m setleri ile yer alacak. (Sahne ve Sanat\u00e7\u0131 Sponsoru \u2013 Ruhi Bistro&amp;Pub)<\/p>\n<p><strong>-Kumsal Park yan\u0131nda LBO \u00c7ok Sesli \u00c7ocuk Korolar\u0131, Nafiz D\u00f6lek, Fireballs ve DJ Co\u015fkuner<\/strong><\/p>\n<p>Kumsal Park yan\u0131ndaki alanda saat 17.30\u2019da LBO \u00c7ok Sesli \u00c7ocuk Korolar\u0131, 19.00\u2019da Fireballs, 20.00\u2019de Led Dans G\u00f6sterisi ve 20.30\u2019da Nafiz D\u00f6lek konseri yer al\u0131rken, konser sonras\u0131 DJ Co\u015fkuner setleriyle geceye devam edecek. (Sahne &amp; Sanat\u00e7\u0131 Sponsoru \u2013 Mr. Brown)<\/p>\n<p><strong>-Eril Cambaz ile L\u00fctfiye \u00d6zipek Califorian Restoran \u00f6n\u00fcnde sevenleri ile bulu\u015facak<\/strong><\/p>\n<p>Eril Cambaz saat 19.00\u2019da, L\u00fctfiye \u00d6zipek ise saat 20.15\u2019te Califorian Restaurant \u00f6n\u00fcnde sahne alacak. (Sahne &amp; Sanat\u00e7\u0131 Sponsoru \u2013 Califorian &amp; Cyprus Constructions)<\/p>\n<p><strong>-Ahmet Evan ve Osman Tu\u011fsal Mado Cafe \u00f6n\u00fcnde sahne alacak<\/strong><\/p>\n<p>Etkinlik kapsam\u0131nda Osman Tu\u011fsal saat 18.30, Ahmet Evan ise saat 20.00 itibar\u0131yla sahne alacak. (Sahne &amp; Sanat\u00e7\u0131 Sponsoru \u2013 Puma)<\/p>\n<\/p><\/div>\n<p><script async\n                    defer\n                    crossorigin=\"anonymous\"\n                    src=\"https:\/\/connect.facebook.net\/tr_TR\/sdk.js#xfbml=1&#038;version=v3.3\"\n            ><\/script><\/p>\n","protected":false},"excerpt":{"rendered":"<p>Lefko\u015fa T\u00fcrk Belediyesi (LTB)\u2019nin d\u00fczenledi\u011fi Dereboyu \u015eenli\u011fi, cumartesi g\u00fcn\u00fc yap\u0131lacak. LTB\u2019den verilen bilgiye g\u00f6re, Gripin, Ahmet Evan, Eril Canbaz, Fireballs, L\u00fctfiye \u00d6zipek, Nafiz D\u00f6lek, Native Cypriots, Osman Tu\u011fsal ve Lefko\u015fa Belediye Orkestras\u0131 \u00c7ok Sesli \u00c7ocuk Korolar\u0131 konserlerinin yer alaca\u011f\u0131 \u015fenlik saat 14.00\u2019de ba\u015flay\u0131p 23.30\u2019a kadar s\u00fcrecek. \u015eenlikte dans g\u00f6sterileri, ate\u015f show, sanat at\u00f6lyeleri ve \u00e7ocuklar [&hellip;]<\/p>\n","protected":false},"author":1,"featured_media":11237,"comment_status":"open","ping_status":"open","sticky":false,"template":"","format":"standard","meta":{"jnews-multi-image_gallery":[],"jnews_single_post":[],"jnews_primary_category":[],"jnews_social_meta":[],"jnews_override_counter":[],"footnotes":""},"categories":[6],"tags":[],"class_list":["post-11236","post","type-post","status-publish","format-standard","has-post-thumbnail","hentry","category-yasam"],"yoast_head":"<!-- This site is optimized with the Yoast SEO plugin v27.4 - https:\/\/yoast.com\/product\/yoast-seo-wordpress\/ -->\n<title>LTB organizasyonundaki \u201cDereboyu \u015eenli\u011fi\u201d cumartesi\u2026 - Kuzeyin Sesi<\/title>\n<meta name=\"robots\" content=\"index, follow, max-snippet:-1, max-image-preview:large, max-video-preview:-1\" \/>\n<link rel=\"canonical\" href=\"https:\/\/kuzeyinsesi.org\/index.php\/2024\/10\/09\/ltb-organizasyonundaki-dereboyu-senligi-cumartesi\/\" \/>\n<meta property=\"og:locale\" content=\"tr_TR\" \/>\n<meta property=\"og:type\" content=\"article\" \/>\n<meta property=\"og:title\" content=\"LTB organizasyonundaki \u201cDereboyu \u015eenli\u011fi\u201d cumartesi\u2026 - Kuzeyin Sesi\" \/>\n<meta property=\"og:description\" content=\"Lefko\u015fa T\u00fcrk Belediyesi (LTB)\u2019nin d\u00fczenledi\u011fi Dereboyu \u015eenli\u011fi, cumartesi g\u00fcn\u00fc yap\u0131lacak. LTB\u2019den verilen bilgiye g\u00f6re, Gripin, Ahmet Evan, Eril Canbaz, Fireballs, L\u00fctfiye \u00d6zipek, Nafiz D\u00f6lek, Native Cypriots, Osman Tu\u011fsal ve Lefko\u015fa Belediye Orkestras\u0131 \u00c7ok Sesli \u00c7ocuk Korolar\u0131 konserlerinin yer alaca\u011f\u0131 \u015fenlik saat 14.00\u2019de ba\u015flay\u0131p 23.30\u2019a kadar s\u00fcrecek. \u015eenlikte dans g\u00f6sterileri, ate\u015f show, sanat at\u00f6lyeleri ve \u00e7ocuklar [&hellip;]\" \/>\n<meta property=\"og:url\" content=\"https:\/\/kuzeyinsesi.org\/index.php\/2024\/10\/09\/ltb-organizasyonundaki-dereboyu-senligi-cumartesi\/\" \/>\n<meta property=\"og:site_name\" content=\"Kuzeyin Sesi\" \/>\n<meta property=\"article:publisher\" content=\"https:\/\/www.facebook.com\/kuzeyinsesii\" \/>\n<meta property=\"article:published_time\" content=\"2024-10-09T13:52:43+00:00\" \/>\n<meta property=\"og:image\" content=\"https:\/\/brtk.net\/wp-content\/uploads\/2024\/10\/09\/derboyu.webp?ver=bdb358523f74e8b7315dcbadb90dcdc6\" \/>\n<meta name=\"author\" content=\"Kuzeyin Sesi\" \/>\n<meta name=\"twitter:card\" content=\"summary_large_image\" \/>\n<meta name=\"twitter:creator\" content=\"@kuzeyinsesii\" \/>\n<meta name=\"twitter:site\" content=\"@kuzeyinsesii\" \/>\n<meta name=\"twitter:label1\" content=\"Yazan:\" \/>\n\t<meta name=\"twitter:data1\" content=\"Kuzeyin Sesi\" \/>\n\t<meta name=\"twitter:label2\" content=\"Tahmini okuma s\u00fcresi\" \/>\n\t<meta name=\"twitter:data2\" content=\"2 dakika\" \/>\n<script type=\"application\/ld+json\" class=\"yoast-schema-graph\">{\"@context\":\"https:\\\/\\\/schema.org\",\"@graph\":[{\"@type\":\"Article\",\"@id\":\"https:\\\/\\\/kuzeyinsesi.org\\\/index.php\\\/2024\\\/10\\\/09\\\/ltb-organizasyonundaki-dereboyu-senligi-cumartesi\\\/#article\",\"isPartOf\":{\"@id\":\"https:\\\/\\\/kuzeyinsesi.org\\\/index.php\\\/2024\\\/10\\\/09\\\/ltb-organizasyonundaki-dereboyu-senligi-cumartesi\\\/\"},\"author\":{\"name\":\"Kuzeyin Sesi\",\"@id\":\"https:\\\/\\\/kuzeyinsesi.org\\\/#\\\/schema\\\/person\\\/9f859689cdf01485597712386e37f5aa\"},\"headline\":\"LTB organizasyonundaki \u201cDereboyu \u015eenli\u011fi\u201d cumartesi\u2026\",\"datePublished\":\"2024-10-09T13:52:43+00:00\",\"mainEntityOfPage\":{\"@id\":\"https:\\\/\\\/kuzeyinsesi.org\\\/index.php\\\/2024\\\/10\\\/09\\\/ltb-organizasyonundaki-dereboyu-senligi-cumartesi\\\/\"},\"wordCount\":424,\"commentCount\":0,\"image\":{\"@id\":\"https:\\\/\\\/kuzeyinsesi.org\\\/index.php\\\/2024\\\/10\\\/09\\\/ltb-organizasyonundaki-dereboyu-senligi-cumartesi\\\/#primaryimage\"},\"thumbnailUrl\":\"https:\\\/\\\/kuzeyinsesi.org\\\/wp-content\\\/uploads\\\/2024\\\/10\\\/derboyu.webp.webp\",\"articleSection\":[\"Ya\u015fam\"],\"inLanguage\":\"tr\",\"potentialAction\":[{\"@type\":\"CommentAction\",\"name\":\"Comment\",\"target\":[\"https:\\\/\\\/kuzeyinsesi.org\\\/index.php\\\/2024\\\/10\\\/09\\\/ltb-organizasyonundaki-dereboyu-senligi-cumartesi\\\/#respond\"]}]},{\"@type\":\"WebPage\",\"@id\":\"https:\\\/\\\/kuzeyinsesi.org\\\/index.php\\\/2024\\\/10\\\/09\\\/ltb-organizasyonundaki-dereboyu-senligi-cumartesi\\\/\",\"url\":\"https:\\\/\\\/kuzeyinsesi.org\\\/index.php\\\/2024\\\/10\\\/09\\\/ltb-organizasyonundaki-dereboyu-senligi-cumartesi\\\/\",\"name\":\"LTB organizasyonundaki \u201cDereboyu \u015eenli\u011fi\u201d cumartesi\u2026 - Kuzeyin Sesi\",\"isPartOf\":{\"@id\":\"https:\\\/\\\/kuzeyinsesi.org\\\/#website\"},\"primaryImageOfPage\":{\"@id\":\"https:\\\/\\\/kuzeyinsesi.org\\\/index.php\\\/2024\\\/10\\\/09\\\/ltb-organizasyonundaki-dereboyu-senligi-cumartesi\\\/#primaryimage\"},\"image\":{\"@id\":\"https:\\\/\\\/kuzeyinsesi.org\\\/index.php\\\/2024\\\/10\\\/09\\\/ltb-organizasyonundaki-dereboyu-senligi-cumartesi\\\/#primaryimage\"},\"thumbnailUrl\":\"https:\\\/\\\/kuzeyinsesi.org\\\/wp-content\\\/uploads\\\/2024\\\/10\\\/derboyu.webp.webp\",\"datePublished\":\"2024-10-09T13:52:43+00:00\",\"author\":{\"@id\":\"https:\\\/\\\/kuzeyinsesi.org\\\/#\\\/schema\\\/person\\\/9f859689cdf01485597712386e37f5aa\"},\"breadcrumb\":{\"@id\":\"https:\\\/\\\/kuzeyinsesi.org\\\/index.php\\\/2024\\\/10\\\/09\\\/ltb-organizasyonundaki-dereboyu-senligi-cumartesi\\\/#breadcrumb\"},\"inLanguage\":\"tr\",\"potentialAction\":[{\"@type\":\"ReadAction\",\"target\":[\"https:\\\/\\\/kuzeyinsesi.org\\\/index.php\\\/2024\\\/10\\\/09\\\/ltb-organizasyonundaki-dereboyu-senligi-cumartesi\\\/\"]}]},{\"@type\":\"ImageObject\",\"inLanguage\":\"tr\",\"@id\":\"https:\\\/\\\/kuzeyinsesi.org\\\/index.php\\\/2024\\\/10\\\/09\\\/ltb-organizasyonundaki-dereboyu-senligi-cumartesi\\\/#primaryimage\",\"url\":\"https:\\\/\\\/kuzeyinsesi.org\\\/wp-content\\\/uploads\\\/2024\\\/10\\\/derboyu.webp.webp\",\"contentUrl\":\"https:\\\/\\\/kuzeyinsesi.org\\\/wp-content\\\/uploads\\\/2024\\\/10\\\/derboyu.webp.webp\",\"width\":971,\"height\":551},{\"@type\":\"BreadcrumbList\",\"@id\":\"https:\\\/\\\/kuzeyinsesi.org\\\/index.php\\\/2024\\\/10\\\/09\\\/ltb-organizasyonundaki-dereboyu-senligi-cumartesi\\\/#breadcrumb\",\"itemListElement\":[{\"@type\":\"ListItem\",\"position\":1,\"name\":\"Anasayfa\",\"item\":\"https:\\\/\\\/kuzeyinsesi.org\\\/\"},{\"@type\":\"ListItem\",\"position\":2,\"name\":\"LTB organizasyonundaki \u201cDereboyu \u015eenli\u011fi\u201d cumartesi\u2026\"}]},{\"@type\":\"WebSite\",\"@id\":\"https:\\\/\\\/kuzeyinsesi.org\\\/#website\",\"url\":\"https:\\\/\\\/kuzeyinsesi.org\\\/\",\"name\":\"Kuzeyin Sesi\",\"description\":\"Do\u011fru Haberin Adresi\",\"potentialAction\":[{\"@type\":\"SearchAction\",\"target\":{\"@type\":\"EntryPoint\",\"urlTemplate\":\"https:\\\/\\\/kuzeyinsesi.org\\\/?s={search_term_string}\"},\"query-input\":{\"@type\":\"PropertyValueSpecification\",\"valueRequired\":true,\"valueName\":\"search_term_string\"}}],\"inLanguage\":\"tr\"},{\"@type\":\"Person\",\"@id\":\"https:\\\/\\\/kuzeyinsesi.org\\\/#\\\/schema\\\/person\\\/9f859689cdf01485597712386e37f5aa\",\"name\":\"Kuzeyin Sesi\",\"image\":{\"@type\":\"ImageObject\",\"inLanguage\":\"tr\",\"@id\":\"https:\\\/\\\/secure.gravatar.com\\\/avatar\\\/bab33852abfd8b282518d6ed81826833d77c3c882d9ab608add591ccace47a44?s=96&d=mm&r=g\",\"url\":\"https:\\\/\\\/secure.gravatar.com\\\/avatar\\\/bab33852abfd8b282518d6ed81826833d77c3c882d9ab608add591ccace47a44?s=96&d=mm&r=g\",\"contentUrl\":\"https:\\\/\\\/secure.gravatar.com\\\/avatar\\\/bab33852abfd8b282518d6ed81826833d77c3c882d9ab608add591ccace47a44?s=96&d=mm&r=g\",\"caption\":\"Kuzeyin Sesi\"},\"sameAs\":[\"https:\\\/\\\/kuzeyinsesi.org\"],\"url\":\"https:\\\/\\\/kuzeyinsesi.org\\\/index.php\\\/author\\\/guven\\\/\"}]}<\/script>\n<!-- \/ Yoast SEO plugin. -->","yoast_head_json":{"title":"LTB organizasyonundaki \u201cDereboyu \u015eenli\u011fi\u201d cumartesi\u2026 - Kuzeyin Sesi","robots":{"index":"index","follow":"follow","max-snippet":"max-snippet:-1","max-image-preview":"max-image-preview:large","max-video-preview":"max-video-preview:-1"},"canonical":"https:\/\/kuzeyinsesi.org\/index.php\/2024\/10\/09\/ltb-organizasyonundaki-dereboyu-senligi-cumartesi\/","og_locale":"tr_TR","og_type":"article","og_title":"LTB organizasyonundaki \u201cDereboyu \u015eenli\u011fi\u201d cumartesi\u2026 - Kuzeyin Sesi","og_description":"Lefko\u015fa T\u00fcrk Belediyesi (LTB)\u2019nin d\u00fczenledi\u011fi Dereboyu \u015eenli\u011fi, cumartesi g\u00fcn\u00fc yap\u0131lacak. LTB\u2019den verilen bilgiye g\u00f6re, Gripin, Ahmet Evan, Eril Canbaz, Fireballs, L\u00fctfiye \u00d6zipek, Nafiz D\u00f6lek, Native Cypriots, Osman Tu\u011fsal ve Lefko\u015fa Belediye Orkestras\u0131 \u00c7ok Sesli \u00c7ocuk Korolar\u0131 konserlerinin yer alaca\u011f\u0131 \u015fenlik saat 14.00\u2019de ba\u015flay\u0131p 23.30\u2019a kadar s\u00fcrecek. \u015eenlikte dans g\u00f6sterileri, ate\u015f show, sanat at\u00f6lyeleri ve \u00e7ocuklar [&hellip;]","og_url":"https:\/\/kuzeyinsesi.org\/index.php\/2024\/10\/09\/ltb-organizasyonundaki-dereboyu-senligi-cumartesi\/","og_site_name":"Kuzeyin Sesi","article_publisher":"https:\/\/www.facebook.com\/kuzeyinsesii","article_published_time":"2024-10-09T13:52:43+00:00","og_image":[{"url":"https:\/\/brtk.net\/wp-content\/uploads\/2024\/10\/09\/derboyu.webp?ver=bdb358523f74e8b7315dcbadb90dcdc6","type":"","width":"","height":""}],"author":"Kuzeyin Sesi","twitter_card":"summary_large_image","twitter_creator":"@kuzeyinsesii","twitter_site":"@kuzeyinsesii","twitter_misc":{"Yazan:":"Kuzeyin Sesi","Tahmini okuma s\u00fcresi":"2 dakika"},"schema":{"@context":"https:\/\/schema.org","@graph":[{"@type":"Article","@id":"https:\/\/kuzeyinsesi.org\/index.php\/2024\/10\/09\/ltb-organizasyonundaki-dereboyu-senligi-cumartesi\/#article","isPartOf":{"@id":"https:\/\/kuzeyinsesi.org\/index.php\/2024\/10\/09\/ltb-organizasyonundaki-dereboyu-senligi-cumartesi\/"},"author":{"name":"Kuzeyin Sesi","@id":"https:\/\/kuzeyinsesi.org\/#\/schema\/person\/9f859689cdf01485597712386e37f5aa"},"headline":"LTB organizasyonundaki \u201cDereboyu \u015eenli\u011fi\u201d cumartesi\u2026","datePublished":"2024-10-09T13:52:43+00:00","mainEntityOfPage":{"@id":"https:\/\/kuzeyinsesi.org\/index.php\/2024\/10\/09\/ltb-organizasyonundaki-dereboyu-senligi-cumartesi\/"},"wordCount":424,"commentCount":0,"image":{"@id":"https:\/\/kuzeyinsesi.org\/index.php\/2024\/10\/09\/ltb-organizasyonundaki-dereboyu-senligi-cumartesi\/#primaryimage"},"thumbnailUrl":"https:\/\/kuzeyinsesi.org\/wp-content\/uploads\/2024\/10\/derboyu.webp.webp","articleSection":["Ya\u015fam"],"inLanguage":"tr","potentialAction":[{"@type":"CommentAction","name":"Comment","target":["https:\/\/kuzeyinsesi.org\/index.php\/2024\/10\/09\/ltb-organizasyonundaki-dereboyu-senligi-cumartesi\/#respond"]}]},{"@type":"WebPage","@id":"https:\/\/kuzeyinsesi.org\/index.php\/2024\/10\/09\/ltb-organizasyonundaki-dereboyu-senligi-cumartesi\/","url":"https:\/\/kuzeyinsesi.org\/index.php\/2024\/10\/09\/ltb-organizasyonundaki-dereboyu-senligi-cumartesi\/","name":"LTB organizasyonundaki \u201cDereboyu \u015eenli\u011fi\u201d cumartesi\u2026 - Kuzeyin Sesi","isPartOf":{"@id":"https:\/\/kuzeyinsesi.org\/#website"},"primaryImageOfPage":{"@id":"https:\/\/kuzeyinsesi.org\/index.php\/2024\/10\/09\/ltb-organizasyonundaki-dereboyu-senligi-cumartesi\/#primaryimage"},"image":{"@id":"https:\/\/kuzeyinsesi.org\/index.php\/2024\/10\/09\/ltb-organizasyonundaki-dereboyu-senligi-cumartesi\/#primaryimage"},"thumbnailUrl":"https:\/\/kuzeyinsesi.org\/wp-content\/uploads\/2024\/10\/derboyu.webp.webp","datePublished":"2024-10-09T13:52:43+00:00","author":{"@id":"https:\/\/kuzeyinsesi.org\/#\/schema\/person\/9f859689cdf01485597712386e37f5aa"},"breadcrumb":{"@id":"https:\/\/kuzeyinsesi.org\/index.php\/2024\/10\/09\/ltb-organizasyonundaki-dereboyu-senligi-cumartesi\/#breadcrumb"},"inLanguage":"tr","potentialAction":[{"@type":"ReadAction","target":["https:\/\/kuzeyinsesi.org\/index.php\/2024\/10\/09\/ltb-organizasyonundaki-dereboyu-senligi-cumartesi\/"]}]},{"@type":"ImageObject","inLanguage":"tr","@id":"https:\/\/kuzeyinsesi.org\/index.php\/2024\/10\/09\/ltb-organizasyonundaki-dereboyu-senligi-cumartesi\/#primaryimage","url":"https:\/\/kuzeyinsesi.org\/wp-content\/uploads\/2024\/10\/derboyu.webp.webp","contentUrl":"https:\/\/kuzeyinsesi.org\/wp-content\/uploads\/2024\/10\/derboyu.webp.webp","width":971,"height":551},{"@type":"BreadcrumbList","@id":"https:\/\/kuzeyinsesi.org\/index.php\/2024\/10\/09\/ltb-organizasyonundaki-dereboyu-senligi-cumartesi\/#breadcrumb","itemListElement":[{"@type":"ListItem","position":1,"name":"Anasayfa","item":"https:\/\/kuzeyinsesi.org\/"},{"@type":"ListItem","position":2,"name":"LTB organizasyonundaki \u201cDereboyu \u015eenli\u011fi\u201d cumartesi\u2026"}]},{"@type":"WebSite","@id":"https:\/\/kuzeyinsesi.org\/#website","url":"https:\/\/kuzeyinsesi.org\/","name":"Kuzeyin Sesi","description":"Do\u011fru Haberin Adresi","potentialAction":[{"@type":"SearchAction","target":{"@type":"EntryPoint","urlTemplate":"https:\/\/kuzeyinsesi.org\/?s={search_term_string}"},"query-input":{"@type":"PropertyValueSpecification","valueRequired":true,"valueName":"search_term_string"}}],"inLanguage":"tr"},{"@type":"Person","@id":"https:\/\/kuzeyinsesi.org\/#\/schema\/person\/9f859689cdf01485597712386e37f5aa","name":"Kuzeyin Sesi","image":{"@type":"ImageObject","inLanguage":"tr","@id":"https:\/\/secure.gravatar.com\/avatar\/bab33852abfd8b282518d6ed81826833d77c3c882d9ab608add591ccace47a44?s=96&d=mm&r=g","url":"https:\/\/secure.gravatar.com\/avatar\/bab33852abfd8b282518d6ed81826833d77c3c882d9ab608add591ccace47a44?s=96&d=mm&r=g","contentUrl":"https:\/\/secure.gravatar.com\/avatar\/bab33852abfd8b282518d6ed81826833d77c3c882d9ab608add591ccace47a44?s=96&d=mm&r=g","caption":"Kuzeyin Sesi"},"sameAs":["https:\/\/kuzeyinsesi.org"],"url":"https:\/\/kuzeyinsesi.org\/index.php\/author\/guven\/"}]}},"_links":{"self":[{"href":"https:\/\/kuzeyinsesi.org\/index.php\/wp-json\/wp\/v2\/posts\/11236","targetHints":{"allow":["GET"]}}],"collection":[{"href":"https:\/\/kuzeyinsesi.org\/index.php\/wp-json\/wp\/v2\/posts"}],"about":[{"href":"https:\/\/kuzeyinsesi.org\/index.php\/wp-json\/wp\/v2\/types\/post"}],"author":[{"embeddable":true,"href":"https:\/\/kuzeyinsesi.org\/index.php\/wp-json\/wp\/v2\/users\/1"}],"replies":[{"embeddable":true,"href":"https:\/\/kuzeyinsesi.org\/index.php\/wp-json\/wp\/v2\/comments?post=11236"}],"version-history":[{"count":0,"href":"https:\/\/kuzeyinsesi.org\/index.php\/wp-json\/wp\/v2\/posts\/11236\/revisions"}],"wp:featuredmedia":[{"embeddable":true,"href":"https:\/\/kuzeyinsesi.org\/index.php\/wp-json\/wp\/v2\/media\/11237"}],"wp:attachment":[{"href":"https:\/\/kuzeyinsesi.org\/index.php\/wp-json\/wp\/v2\/media?parent=11236"}],"wp:term":[{"taxonomy":"category","embeddable":true,"href":"https:\/\/kuzeyinsesi.org\/index.php\/wp-json\/wp\/v2\/categories?post=11236"},{"taxonomy":"post_tag","embeddable":true,"href":"https:\/\/kuzeyinsesi.org\/index.php\/wp-json\/wp\/v2\/tags?post=11236"}],"curies":[{"name":"wp","href":"https:\/\/api.w.org\/{rel}","templated":true}]}}