{"id":11234,"date":"2024-10-09T15:50:53","date_gmt":"2024-10-09T12:50:53","guid":{"rendered":"https:\/\/kuzeyinsesi.org\/index.php\/2024\/10\/09\/dau-14-kumdan-heykel-festivali-ve-yarismasi-pazar-gunu-yapilacak\/"},"modified":"2024-10-09T15:50:53","modified_gmt":"2024-10-09T12:50:53","slug":"dau-14-kumdan-heykel-festivali-ve-yarismasi-pazar-gunu-yapilacak","status":"publish","type":"post","link":"https:\/\/kuzeyinsesi.org\/index.php\/2024\/10\/09\/dau-14-kumdan-heykel-festivali-ve-yarismasi-pazar-gunu-yapilacak\/","title":{"rendered":"DA\u00dc 14.Kumdan Heykel Festivali ve Yar\u0131\u015fmas\u0131 Pazar g\u00fcn\u00fc yap\u0131lacak"},"content":{"rendered":"<div>\n<div class=\"mariselle-image-container center\">\n                                            <\/div>\n<p> Do\u011fu Akdeniz \u00dcniversitesi (DA\u00dc) 14.Kumdan Heykel Festivali ve Yar\u0131\u015fmas\u0131 13 Ekim Pazar g\u00fcn\u00fc DA\u00dc Deniz Tesisleri\u2019nde yap\u0131lacak.<\/p>\n<p>DA\u00dc Halkla \u0130li\u015fkiler ve Medya M\u00fcd\u00fcrl\u00fc\u011f\u00fc\u2019nden verilen bilgiye g\u00f6re, DA\u00dc Mimarl\u0131k Fak\u00fcltesi, \u0130\u00e7 Mimarl\u0131k B\u00f6l\u00fcm\u00fc ve DA\u00dc Sosyal ve K\u00fclt\u00fcrel Aktiviteler M\u00fcd\u00fcrl\u00fc\u011f\u00fc\u2019ne ba\u011fl\u0131 Tasar\u0131m Kul\u00fcb\u00fc taraf\u0131ndan her y\u0131l geleneksel olarak d\u00fczenlenen etkinlik, pandemiden sonra ilk kez ger\u00e7ekle\u015ftirilecek.<\/p>\n<p>T\u00fcm \u00fcniversitelerden \u00f6\u011frencilerin kat\u0131l\u0131m\u0131yla yap\u0131lacak etkinlik, 10.00-18.00 saatleri aras\u0131ndaki yap\u0131lacak. <\/p>\n<p>Etkinli\u011fe ilgi duyan herkesin gruplar olu\u015fturarak, kat\u0131labilece\u011fi yar\u0131\u015fmaya ba\u015fvurular \u00e7evrim i\u00e7i olarak https:\/\/sandsculpture.emu.edu.tr\/tr internet adresinden yap\u0131labilecek.<\/p>\n<\/p><\/div>\n<p><script async\n                    defer\n                    crossorigin=\"anonymous\"\n                    src=\"https:\/\/connect.facebook.net\/tr_TR\/sdk.js#xfbml=1&#038;version=v3.3\"\n            ><\/script><\/p>\n","protected":false},"excerpt":{"rendered":"<p>Do\u011fu Akdeniz \u00dcniversitesi (DA\u00dc) 14.Kumdan Heykel Festivali ve Yar\u0131\u015fmas\u0131 13 Ekim Pazar g\u00fcn\u00fc DA\u00dc Deniz Tesisleri\u2019nde yap\u0131lacak. DA\u00dc Halkla \u0130li\u015fkiler ve Medya M\u00fcd\u00fcrl\u00fc\u011f\u00fc\u2019nden verilen bilgiye g\u00f6re, DA\u00dc Mimarl\u0131k Fak\u00fcltesi, \u0130\u00e7 Mimarl\u0131k B\u00f6l\u00fcm\u00fc ve DA\u00dc Sosyal ve K\u00fclt\u00fcrel Aktiviteler M\u00fcd\u00fcrl\u00fc\u011f\u00fc\u2019ne ba\u011fl\u0131 Tasar\u0131m Kul\u00fcb\u00fc taraf\u0131ndan her y\u0131l geleneksel olarak d\u00fczenlenen etkinlik, pandemiden sonra ilk kez ger\u00e7ekle\u015ftirilecek. T\u00fcm [&hellip;]<\/p>\n","protected":false},"author":1,"featured_media":11235,"comment_status":"open","ping_status":"open","sticky":false,"template":"","format":"standard","meta":{"jnews-multi-image_gallery":[],"jnews_single_post":[],"jnews_primary_category":[],"jnews_social_meta":[],"jnews_override_counter":[],"footnotes":""},"categories":[6],"tags":[],"class_list":["post-11234","post","type-post","status-publish","format-standard","has-post-thumbnail","hentry","category-yasam"],"yoast_head":"<!-- This site is optimized with the Yoast SEO plugin v27.4 - https:\/\/yoast.com\/product\/yoast-seo-wordpress\/ -->\n<title>DA\u00dc 14.Kumdan Heykel Festivali ve Yar\u0131\u015fmas\u0131 Pazar g\u00fcn\u00fc yap\u0131lacak - Kuzeyin Sesi<\/title>\n<meta name=\"robots\" content=\"index, follow, max-snippet:-1, max-image-preview:large, max-video-preview:-1\" \/>\n<link rel=\"canonical\" href=\"https:\/\/kuzeyinsesi.org\/index.php\/2024\/10\/09\/dau-14-kumdan-heykel-festivali-ve-yarismasi-pazar-gunu-yapilacak\/\" \/>\n<meta property=\"og:locale\" content=\"tr_TR\" \/>\n<meta property=\"og:type\" content=\"article\" \/>\n<meta property=\"og:title\" content=\"DA\u00dc 14.Kumdan Heykel Festivali ve Yar\u0131\u015fmas\u0131 Pazar g\u00fcn\u00fc yap\u0131lacak - Kuzeyin Sesi\" \/>\n<meta property=\"og:description\" content=\"Do\u011fu Akdeniz \u00dcniversitesi (DA\u00dc) 14.Kumdan Heykel Festivali ve Yar\u0131\u015fmas\u0131 13 Ekim Pazar g\u00fcn\u00fc DA\u00dc Deniz Tesisleri\u2019nde yap\u0131lacak. DA\u00dc Halkla \u0130li\u015fkiler ve Medya M\u00fcd\u00fcrl\u00fc\u011f\u00fc\u2019nden verilen bilgiye g\u00f6re, DA\u00dc Mimarl\u0131k Fak\u00fcltesi, \u0130\u00e7 Mimarl\u0131k B\u00f6l\u00fcm\u00fc ve DA\u00dc Sosyal ve K\u00fclt\u00fcrel Aktiviteler M\u00fcd\u00fcrl\u00fc\u011f\u00fc\u2019ne ba\u011fl\u0131 Tasar\u0131m Kul\u00fcb\u00fc taraf\u0131ndan her y\u0131l geleneksel olarak d\u00fczenlenen etkinlik, pandemiden sonra ilk kez ger\u00e7ekle\u015ftirilecek. T\u00fcm [&hellip;]\" \/>\n<meta property=\"og:url\" content=\"https:\/\/kuzeyinsesi.org\/index.php\/2024\/10\/09\/dau-14-kumdan-heykel-festivali-ve-yarismasi-pazar-gunu-yapilacak\/\" \/>\n<meta property=\"og:site_name\" content=\"Kuzeyin Sesi\" \/>\n<meta property=\"article:publisher\" content=\"https:\/\/www.facebook.com\/kuzeyinsesii\" \/>\n<meta property=\"article:published_time\" content=\"2024-10-09T12:50:53+00:00\" \/>\n<meta property=\"og:image\" content=\"https:\/\/brtk.net\/wp-content\/uploads\/2024\/10\/09\/kum.webp?ver=67b772a02946c76b32bd6f036aa4bee4\" \/>\n<meta name=\"author\" content=\"Kuzeyin Sesi\" \/>\n<meta name=\"twitter:card\" content=\"summary_large_image\" \/>\n<meta name=\"twitter:creator\" content=\"@kuzeyinsesii\" \/>\n<meta name=\"twitter:site\" content=\"@kuzeyinsesii\" \/>\n<meta name=\"twitter:label1\" content=\"Yazan:\" \/>\n\t<meta name=\"twitter:data1\" content=\"Kuzeyin Sesi\" \/>\n\t<meta name=\"twitter:label2\" content=\"Tahmini okuma s\u00fcresi\" \/>\n\t<meta name=\"twitter:data2\" content=\"1 dakika\" \/>\n<script type=\"application\/ld+json\" class=\"yoast-schema-graph\">{\"@context\":\"https:\\\/\\\/schema.org\",\"@graph\":[{\"@type\":\"Article\",\"@id\":\"https:\\\/\\\/kuzeyinsesi.org\\\/index.php\\\/2024\\\/10\\\/09\\\/dau-14-kumdan-heykel-festivali-ve-yarismasi-pazar-gunu-yapilacak\\\/#article\",\"isPartOf\":{\"@id\":\"https:\\\/\\\/kuzeyinsesi.org\\\/index.php\\\/2024\\\/10\\\/09\\\/dau-14-kumdan-heykel-festivali-ve-yarismasi-pazar-gunu-yapilacak\\\/\"},\"author\":{\"name\":\"Kuzeyin Sesi\",\"@id\":\"https:\\\/\\\/kuzeyinsesi.org\\\/#\\\/schema\\\/person\\\/9f859689cdf01485597712386e37f5aa\"},\"headline\":\"DA\u00dc 14.Kumdan Heykel Festivali ve Yar\u0131\u015fmas\u0131 Pazar g\u00fcn\u00fc yap\u0131lacak\",\"datePublished\":\"2024-10-09T12:50:53+00:00\",\"mainEntityOfPage\":{\"@id\":\"https:\\\/\\\/kuzeyinsesi.org\\\/index.php\\\/2024\\\/10\\\/09\\\/dau-14-kumdan-heykel-festivali-ve-yarismasi-pazar-gunu-yapilacak\\\/\"},\"wordCount\":138,\"commentCount\":0,\"image\":{\"@id\":\"https:\\\/\\\/kuzeyinsesi.org\\\/index.php\\\/2024\\\/10\\\/09\\\/dau-14-kumdan-heykel-festivali-ve-yarismasi-pazar-gunu-yapilacak\\\/#primaryimage\"},\"thumbnailUrl\":\"https:\\\/\\\/kuzeyinsesi.org\\\/wp-content\\\/uploads\\\/2024\\\/10\\\/kum.webp.webp\",\"articleSection\":[\"Ya\u015fam\"],\"inLanguage\":\"tr\",\"potentialAction\":[{\"@type\":\"CommentAction\",\"name\":\"Comment\",\"target\":[\"https:\\\/\\\/kuzeyinsesi.org\\\/index.php\\\/2024\\\/10\\\/09\\\/dau-14-kumdan-heykel-festivali-ve-yarismasi-pazar-gunu-yapilacak\\\/#respond\"]}]},{\"@type\":\"WebPage\",\"@id\":\"https:\\\/\\\/kuzeyinsesi.org\\\/index.php\\\/2024\\\/10\\\/09\\\/dau-14-kumdan-heykel-festivali-ve-yarismasi-pazar-gunu-yapilacak\\\/\",\"url\":\"https:\\\/\\\/kuzeyinsesi.org\\\/index.php\\\/2024\\\/10\\\/09\\\/dau-14-kumdan-heykel-festivali-ve-yarismasi-pazar-gunu-yapilacak\\\/\",\"name\":\"DA\u00dc 14.Kumdan Heykel Festivali ve Yar\u0131\u015fmas\u0131 Pazar g\u00fcn\u00fc yap\u0131lacak - Kuzeyin Sesi\",\"isPartOf\":{\"@id\":\"https:\\\/\\\/kuzeyinsesi.org\\\/#website\"},\"primaryImageOfPage\":{\"@id\":\"https:\\\/\\\/kuzeyinsesi.org\\\/index.php\\\/2024\\\/10\\\/09\\\/dau-14-kumdan-heykel-festivali-ve-yarismasi-pazar-gunu-yapilacak\\\/#primaryimage\"},\"image\":{\"@id\":\"https:\\\/\\\/kuzeyinsesi.org\\\/index.php\\\/2024\\\/10\\\/09\\\/dau-14-kumdan-heykel-festivali-ve-yarismasi-pazar-gunu-yapilacak\\\/#primaryimage\"},\"thumbnailUrl\":\"https:\\\/\\\/kuzeyinsesi.org\\\/wp-content\\\/uploads\\\/2024\\\/10\\\/kum.webp.webp\",\"datePublished\":\"2024-10-09T12:50:53+00:00\",\"author\":{\"@id\":\"https:\\\/\\\/kuzeyinsesi.org\\\/#\\\/schema\\\/person\\\/9f859689cdf01485597712386e37f5aa\"},\"breadcrumb\":{\"@id\":\"https:\\\/\\\/kuzeyinsesi.org\\\/index.php\\\/2024\\\/10\\\/09\\\/dau-14-kumdan-heykel-festivali-ve-yarismasi-pazar-gunu-yapilacak\\\/#breadcrumb\"},\"inLanguage\":\"tr\",\"potentialAction\":[{\"@type\":\"ReadAction\",\"target\":[\"https:\\\/\\\/kuzeyinsesi.org\\\/index.php\\\/2024\\\/10\\\/09\\\/dau-14-kumdan-heykel-festivali-ve-yarismasi-pazar-gunu-yapilacak\\\/\"]}]},{\"@type\":\"ImageObject\",\"inLanguage\":\"tr\",\"@id\":\"https:\\\/\\\/kuzeyinsesi.org\\\/index.php\\\/2024\\\/10\\\/09\\\/dau-14-kumdan-heykel-festivali-ve-yarismasi-pazar-gunu-yapilacak\\\/#primaryimage\",\"url\":\"https:\\\/\\\/kuzeyinsesi.org\\\/wp-content\\\/uploads\\\/2024\\\/10\\\/kum.webp.webp\",\"contentUrl\":\"https:\\\/\\\/kuzeyinsesi.org\\\/wp-content\\\/uploads\\\/2024\\\/10\\\/kum.webp.webp\",\"width\":971,\"height\":551},{\"@type\":\"BreadcrumbList\",\"@id\":\"https:\\\/\\\/kuzeyinsesi.org\\\/index.php\\\/2024\\\/10\\\/09\\\/dau-14-kumdan-heykel-festivali-ve-yarismasi-pazar-gunu-yapilacak\\\/#breadcrumb\",\"itemListElement\":[{\"@type\":\"ListItem\",\"position\":1,\"name\":\"Anasayfa\",\"item\":\"https:\\\/\\\/kuzeyinsesi.org\\\/\"},{\"@type\":\"ListItem\",\"position\":2,\"name\":\"DA\u00dc 14.Kumdan Heykel Festivali ve Yar\u0131\u015fmas\u0131 Pazar g\u00fcn\u00fc yap\u0131lacak\"}]},{\"@type\":\"WebSite\",\"@id\":\"https:\\\/\\\/kuzeyinsesi.org\\\/#website\",\"url\":\"https:\\\/\\\/kuzeyinsesi.org\\\/\",\"name\":\"Kuzeyin Sesi\",\"description\":\"Do\u011fru Haberin Adresi\",\"potentialAction\":[{\"@type\":\"SearchAction\",\"target\":{\"@type\":\"EntryPoint\",\"urlTemplate\":\"https:\\\/\\\/kuzeyinsesi.org\\\/?s={search_term_string}\"},\"query-input\":{\"@type\":\"PropertyValueSpecification\",\"valueRequired\":true,\"valueName\":\"search_term_string\"}}],\"inLanguage\":\"tr\"},{\"@type\":\"Person\",\"@id\":\"https:\\\/\\\/kuzeyinsesi.org\\\/#\\\/schema\\\/person\\\/9f859689cdf01485597712386e37f5aa\",\"name\":\"Kuzeyin Sesi\",\"image\":{\"@type\":\"ImageObject\",\"inLanguage\":\"tr\",\"@id\":\"https:\\\/\\\/secure.gravatar.com\\\/avatar\\\/bab33852abfd8b282518d6ed81826833d77c3c882d9ab608add591ccace47a44?s=96&d=mm&r=g\",\"url\":\"https:\\\/\\\/secure.gravatar.com\\\/avatar\\\/bab33852abfd8b282518d6ed81826833d77c3c882d9ab608add591ccace47a44?s=96&d=mm&r=g\",\"contentUrl\":\"https:\\\/\\\/secure.gravatar.com\\\/avatar\\\/bab33852abfd8b282518d6ed81826833d77c3c882d9ab608add591ccace47a44?s=96&d=mm&r=g\",\"caption\":\"Kuzeyin Sesi\"},\"sameAs\":[\"https:\\\/\\\/kuzeyinsesi.org\"],\"url\":\"https:\\\/\\\/kuzeyinsesi.org\\\/index.php\\\/author\\\/guven\\\/\"}]}<\/script>\n<!-- \/ Yoast SEO plugin. -->","yoast_head_json":{"title":"DA\u00dc 14.Kumdan Heykel Festivali ve Yar\u0131\u015fmas\u0131 Pazar g\u00fcn\u00fc yap\u0131lacak - Kuzeyin Sesi","robots":{"index":"index","follow":"follow","max-snippet":"max-snippet:-1","max-image-preview":"max-image-preview:large","max-video-preview":"max-video-preview:-1"},"canonical":"https:\/\/kuzeyinsesi.org\/index.php\/2024\/10\/09\/dau-14-kumdan-heykel-festivali-ve-yarismasi-pazar-gunu-yapilacak\/","og_locale":"tr_TR","og_type":"article","og_title":"DA\u00dc 14.Kumdan Heykel Festivali ve Yar\u0131\u015fmas\u0131 Pazar g\u00fcn\u00fc yap\u0131lacak - Kuzeyin Sesi","og_description":"Do\u011fu Akdeniz \u00dcniversitesi (DA\u00dc) 14.Kumdan Heykel Festivali ve Yar\u0131\u015fmas\u0131 13 Ekim Pazar g\u00fcn\u00fc DA\u00dc Deniz Tesisleri\u2019nde yap\u0131lacak. DA\u00dc Halkla \u0130li\u015fkiler ve Medya M\u00fcd\u00fcrl\u00fc\u011f\u00fc\u2019nden verilen bilgiye g\u00f6re, DA\u00dc Mimarl\u0131k Fak\u00fcltesi, \u0130\u00e7 Mimarl\u0131k B\u00f6l\u00fcm\u00fc ve DA\u00dc Sosyal ve K\u00fclt\u00fcrel Aktiviteler M\u00fcd\u00fcrl\u00fc\u011f\u00fc\u2019ne ba\u011fl\u0131 Tasar\u0131m Kul\u00fcb\u00fc taraf\u0131ndan her y\u0131l geleneksel olarak d\u00fczenlenen etkinlik, pandemiden sonra ilk kez ger\u00e7ekle\u015ftirilecek. T\u00fcm [&hellip;]","og_url":"https:\/\/kuzeyinsesi.org\/index.php\/2024\/10\/09\/dau-14-kumdan-heykel-festivali-ve-yarismasi-pazar-gunu-yapilacak\/","og_site_name":"Kuzeyin Sesi","article_publisher":"https:\/\/www.facebook.com\/kuzeyinsesii","article_published_time":"2024-10-09T12:50:53+00:00","og_image":[{"url":"https:\/\/brtk.net\/wp-content\/uploads\/2024\/10\/09\/kum.webp?ver=67b772a02946c76b32bd6f036aa4bee4","type":"","width":"","height":""}],"author":"Kuzeyin Sesi","twitter_card":"summary_large_image","twitter_creator":"@kuzeyinsesii","twitter_site":"@kuzeyinsesii","twitter_misc":{"Yazan:":"Kuzeyin Sesi","Tahmini okuma s\u00fcresi":"1 dakika"},"schema":{"@context":"https:\/\/schema.org","@graph":[{"@type":"Article","@id":"https:\/\/kuzeyinsesi.org\/index.php\/2024\/10\/09\/dau-14-kumdan-heykel-festivali-ve-yarismasi-pazar-gunu-yapilacak\/#article","isPartOf":{"@id":"https:\/\/kuzeyinsesi.org\/index.php\/2024\/10\/09\/dau-14-kumdan-heykel-festivali-ve-yarismasi-pazar-gunu-yapilacak\/"},"author":{"name":"Kuzeyin Sesi","@id":"https:\/\/kuzeyinsesi.org\/#\/schema\/person\/9f859689cdf01485597712386e37f5aa"},"headline":"DA\u00dc 14.Kumdan Heykel Festivali ve Yar\u0131\u015fmas\u0131 Pazar g\u00fcn\u00fc yap\u0131lacak","datePublished":"2024-10-09T12:50:53+00:00","mainEntityOfPage":{"@id":"https:\/\/kuzeyinsesi.org\/index.php\/2024\/10\/09\/dau-14-kumdan-heykel-festivali-ve-yarismasi-pazar-gunu-yapilacak\/"},"wordCount":138,"commentCount":0,"image":{"@id":"https:\/\/kuzeyinsesi.org\/index.php\/2024\/10\/09\/dau-14-kumdan-heykel-festivali-ve-yarismasi-pazar-gunu-yapilacak\/#primaryimage"},"thumbnailUrl":"https:\/\/kuzeyinsesi.org\/wp-content\/uploads\/2024\/10\/kum.webp.webp","articleSection":["Ya\u015fam"],"inLanguage":"tr","potentialAction":[{"@type":"CommentAction","name":"Comment","target":["https:\/\/kuzeyinsesi.org\/index.php\/2024\/10\/09\/dau-14-kumdan-heykel-festivali-ve-yarismasi-pazar-gunu-yapilacak\/#respond"]}]},{"@type":"WebPage","@id":"https:\/\/kuzeyinsesi.org\/index.php\/2024\/10\/09\/dau-14-kumdan-heykel-festivali-ve-yarismasi-pazar-gunu-yapilacak\/","url":"https:\/\/kuzeyinsesi.org\/index.php\/2024\/10\/09\/dau-14-kumdan-heykel-festivali-ve-yarismasi-pazar-gunu-yapilacak\/","name":"DA\u00dc 14.Kumdan Heykel Festivali ve Yar\u0131\u015fmas\u0131 Pazar g\u00fcn\u00fc yap\u0131lacak - Kuzeyin Sesi","isPartOf":{"@id":"https:\/\/kuzeyinsesi.org\/#website"},"primaryImageOfPage":{"@id":"https:\/\/kuzeyinsesi.org\/index.php\/2024\/10\/09\/dau-14-kumdan-heykel-festivali-ve-yarismasi-pazar-gunu-yapilacak\/#primaryimage"},"image":{"@id":"https:\/\/kuzeyinsesi.org\/index.php\/2024\/10\/09\/dau-14-kumdan-heykel-festivali-ve-yarismasi-pazar-gunu-yapilacak\/#primaryimage"},"thumbnailUrl":"https:\/\/kuzeyinsesi.org\/wp-content\/uploads\/2024\/10\/kum.webp.webp","datePublished":"2024-10-09T12:50:53+00:00","author":{"@id":"https:\/\/kuzeyinsesi.org\/#\/schema\/person\/9f859689cdf01485597712386e37f5aa"},"breadcrumb":{"@id":"https:\/\/kuzeyinsesi.org\/index.php\/2024\/10\/09\/dau-14-kumdan-heykel-festivali-ve-yarismasi-pazar-gunu-yapilacak\/#breadcrumb"},"inLanguage":"tr","potentialAction":[{"@type":"ReadAction","target":["https:\/\/kuzeyinsesi.org\/index.php\/2024\/10\/09\/dau-14-kumdan-heykel-festivali-ve-yarismasi-pazar-gunu-yapilacak\/"]}]},{"@type":"ImageObject","inLanguage":"tr","@id":"https:\/\/kuzeyinsesi.org\/index.php\/2024\/10\/09\/dau-14-kumdan-heykel-festivali-ve-yarismasi-pazar-gunu-yapilacak\/#primaryimage","url":"https:\/\/kuzeyinsesi.org\/wp-content\/uploads\/2024\/10\/kum.webp.webp","contentUrl":"https:\/\/kuzeyinsesi.org\/wp-content\/uploads\/2024\/10\/kum.webp.webp","width":971,"height":551},{"@type":"BreadcrumbList","@id":"https:\/\/kuzeyinsesi.org\/index.php\/2024\/10\/09\/dau-14-kumdan-heykel-festivali-ve-yarismasi-pazar-gunu-yapilacak\/#breadcrumb","itemListElement":[{"@type":"ListItem","position":1,"name":"Anasayfa","item":"https:\/\/kuzeyinsesi.org\/"},{"@type":"ListItem","position":2,"name":"DA\u00dc 14.Kumdan Heykel Festivali ve Yar\u0131\u015fmas\u0131 Pazar g\u00fcn\u00fc yap\u0131lacak"}]},{"@type":"WebSite","@id":"https:\/\/kuzeyinsesi.org\/#website","url":"https:\/\/kuzeyinsesi.org\/","name":"Kuzeyin Sesi","description":"Do\u011fru Haberin Adresi","potentialAction":[{"@type":"SearchAction","target":{"@type":"EntryPoint","urlTemplate":"https:\/\/kuzeyinsesi.org\/?s={search_term_string}"},"query-input":{"@type":"PropertyValueSpecification","valueRequired":true,"valueName":"search_term_string"}}],"inLanguage":"tr"},{"@type":"Person","@id":"https:\/\/kuzeyinsesi.org\/#\/schema\/person\/9f859689cdf01485597712386e37f5aa","name":"Kuzeyin Sesi","image":{"@type":"ImageObject","inLanguage":"tr","@id":"https:\/\/secure.gravatar.com\/avatar\/bab33852abfd8b282518d6ed81826833d77c3c882d9ab608add591ccace47a44?s=96&d=mm&r=g","url":"https:\/\/secure.gravatar.com\/avatar\/bab33852abfd8b282518d6ed81826833d77c3c882d9ab608add591ccace47a44?s=96&d=mm&r=g","contentUrl":"https:\/\/secure.gravatar.com\/avatar\/bab33852abfd8b282518d6ed81826833d77c3c882d9ab608add591ccace47a44?s=96&d=mm&r=g","caption":"Kuzeyin Sesi"},"sameAs":["https:\/\/kuzeyinsesi.org"],"url":"https:\/\/kuzeyinsesi.org\/index.php\/author\/guven\/"}]}},"_links":{"self":[{"href":"https:\/\/kuzeyinsesi.org\/index.php\/wp-json\/wp\/v2\/posts\/11234","targetHints":{"allow":["GET"]}}],"collection":[{"href":"https:\/\/kuzeyinsesi.org\/index.php\/wp-json\/wp\/v2\/posts"}],"about":[{"href":"https:\/\/kuzeyinsesi.org\/index.php\/wp-json\/wp\/v2\/types\/post"}],"author":[{"embeddable":true,"href":"https:\/\/kuzeyinsesi.org\/index.php\/wp-json\/wp\/v2\/users\/1"}],"replies":[{"embeddable":true,"href":"https:\/\/kuzeyinsesi.org\/index.php\/wp-json\/wp\/v2\/comments?post=11234"}],"version-history":[{"count":0,"href":"https:\/\/kuzeyinsesi.org\/index.php\/wp-json\/wp\/v2\/posts\/11234\/revisions"}],"wp:featuredmedia":[{"embeddable":true,"href":"https:\/\/kuzeyinsesi.org\/index.php\/wp-json\/wp\/v2\/media\/11235"}],"wp:attachment":[{"href":"https:\/\/kuzeyinsesi.org\/index.php\/wp-json\/wp\/v2\/media?parent=11234"}],"wp:term":[{"taxonomy":"category","embeddable":true,"href":"https:\/\/kuzeyinsesi.org\/index.php\/wp-json\/wp\/v2\/categories?post=11234"},{"taxonomy":"post_tag","embeddable":true,"href":"https:\/\/kuzeyinsesi.org\/index.php\/wp-json\/wp\/v2\/tags?post=11234"}],"curies":[{"name":"wp","href":"https:\/\/api.w.org\/{rel}","templated":true}]}}