{"id":11176,"date":"2024-10-08T18:18:17","date_gmt":"2024-10-08T15:18:17","guid":{"rendered":"https:\/\/kuzeyinsesi.org\/index.php\/2024\/10\/08\/1-kulturlerin-bulusmasi-festivali-cumartesi-dipkarpaz-koy-meydaninda-yapilacak\/"},"modified":"2024-10-08T18:18:17","modified_gmt":"2024-10-08T15:18:17","slug":"1-kulturlerin-bulusmasi-festivali-cumartesi-dipkarpaz-koy-meydaninda-yapilacak","status":"publish","type":"post","link":"https:\/\/kuzeyinsesi.org\/index.php\/2024\/10\/08\/1-kulturlerin-bulusmasi-festivali-cumartesi-dipkarpaz-koy-meydaninda-yapilacak\/","title":{"rendered":"1. K\u00fclt\u00fcrlerin Bulu\u015fmas\u0131 Festivali cumartesi Dipkarpaz k\u00f6y meydan\u0131nda yap\u0131lacak"},"content":{"rendered":"<div>\n<div class=\"mariselle-image-container center\">\n                                            <\/div>\n<p>Erenk\u00f6y-Karpaz Belediyesi\u2019nin organize etti\u011fi 1. K\u00fclt\u00fcrlerin Bulu\u015fmas\u0131 Festivali cumartesi  Dipkarpaz k\u00f6y meydan\u0131nda ger\u00e7ekle\u015ftirilecek.<\/p>\n<p>Belediyeden verilen bilgiye g\u00f6re, saat 10.30\u2019da ba\u015flayacak Festivalde etkinlikler g\u00fcn boyu devam edecek.<\/p>\n<p>6-13 Ekim tarihleri aras\u0131nda 3.Uluslararas\u0131 Karpaz Sanat Bulu\u015fmas\u0131 Sergisi de ger\u00e7ekle\u015ftiriliyor.<\/p>\n<p>Festivalde \u00e7e\u015fitli halk danslar\u0131 topluluklar\u0131n\u0131n g\u00f6sterileri yan\u0131 s\u0131ra y\u00f6resel yemek yar\u0131\u015fmas\u0131 d\u00fczenlenecek.<\/p>\n<p>Tavla severler i\u00e7in Tavla Turnuvas\u0131 ve \u00e7ocuklar i\u00e7in \u00e7e\u015fitli oyun parklar\u0131 kurulacak.<\/p>\n<p>B\u00f6lge ve \u00f6zellikle Dipkarpaz\u2019da bulunan \u00e7e\u015fitli k\u00fclt\u00fcrlerin bir araya gelmesini, kayna\u015fmas\u0131n\u0131 ve ortak etkinliklerin birlikte yap\u0131lmas\u0131n\u0131 hedefleyen festival \u00e7er\u00e7evesinde y\u00f6resel yemek, eli\u015fleri, k\u00fclt\u00fcrel standlar yer alacak.<\/p>\n<p>\u201cK\u00fclt\u00fcrel k\u0131yafetlerinizi giyin ve festivale kat\u0131l\u0131n\u201d temas\u0131 ile d\u00fczenlenecek festivalde ayr\u0131ca, Nejla Egemen ve grubu, Dino, Engin Talay ve Grubu ve Murat Da\u011f ve Gruplar\u0131n\u0131n konserleri yer alacak.<\/p>\n<p>Festival ve yemek yar\u0131\u015fmas\u0131 ile ilgili bilgi almak isteyenler 0542 854 69 68 numaral\u0131 telefonu arayabilir.<\/p>\n<\/p><\/div>\n<p><script async\n                    defer\n                    crossorigin=\"anonymous\"\n                    src=\"https:\/\/connect.facebook.net\/tr_TR\/sdk.js#xfbml=1&#038;version=v3.3\"\n            ><\/script><\/p>\n","protected":false},"excerpt":{"rendered":"<p>Erenk\u00f6y-Karpaz Belediyesi\u2019nin organize etti\u011fi 1. K\u00fclt\u00fcrlerin Bulu\u015fmas\u0131 Festivali cumartesi Dipkarpaz k\u00f6y meydan\u0131nda ger\u00e7ekle\u015ftirilecek. Belediyeden verilen bilgiye g\u00f6re, saat 10.30\u2019da ba\u015flayacak Festivalde etkinlikler g\u00fcn boyu devam edecek. 6-13 Ekim tarihleri aras\u0131nda 3.Uluslararas\u0131 Karpaz Sanat Bulu\u015fmas\u0131 Sergisi de ger\u00e7ekle\u015ftiriliyor. Festivalde \u00e7e\u015fitli halk danslar\u0131 topluluklar\u0131n\u0131n g\u00f6sterileri yan\u0131 s\u0131ra y\u00f6resel yemek yar\u0131\u015fmas\u0131 d\u00fczenlenecek. Tavla severler i\u00e7in Tavla Turnuvas\u0131 ve [&hellip;]<\/p>\n","protected":false},"author":1,"featured_media":11177,"comment_status":"open","ping_status":"open","sticky":false,"template":"","format":"standard","meta":{"jnews-multi-image_gallery":[],"jnews_single_post":[],"jnews_primary_category":[],"jnews_social_meta":[],"jnews_override_counter":[],"footnotes":""},"categories":[6],"tags":[],"class_list":["post-11176","post","type-post","status-publish","format-standard","has-post-thumbnail","hentry","category-yasam"],"yoast_head":"<!-- This site is optimized with the Yoast SEO plugin v27.4 - https:\/\/yoast.com\/product\/yoast-seo-wordpress\/ -->\n<title>1. K\u00fclt\u00fcrlerin Bulu\u015fmas\u0131 Festivali cumartesi Dipkarpaz k\u00f6y meydan\u0131nda yap\u0131lacak - Kuzeyin Sesi<\/title>\n<meta name=\"robots\" content=\"index, follow, max-snippet:-1, max-image-preview:large, max-video-preview:-1\" \/>\n<link rel=\"canonical\" href=\"https:\/\/kuzeyinsesi.org\/index.php\/2024\/10\/08\/1-kulturlerin-bulusmasi-festivali-cumartesi-dipkarpaz-koy-meydaninda-yapilacak\/\" \/>\n<meta property=\"og:locale\" content=\"tr_TR\" \/>\n<meta property=\"og:type\" content=\"article\" \/>\n<meta property=\"og:title\" content=\"1. K\u00fclt\u00fcrlerin Bulu\u015fmas\u0131 Festivali cumartesi Dipkarpaz k\u00f6y meydan\u0131nda yap\u0131lacak - Kuzeyin Sesi\" \/>\n<meta property=\"og:description\" content=\"Erenk\u00f6y-Karpaz Belediyesi\u2019nin organize etti\u011fi 1. K\u00fclt\u00fcrlerin Bulu\u015fmas\u0131 Festivali cumartesi Dipkarpaz k\u00f6y meydan\u0131nda ger\u00e7ekle\u015ftirilecek. Belediyeden verilen bilgiye g\u00f6re, saat 10.30\u2019da ba\u015flayacak Festivalde etkinlikler g\u00fcn boyu devam edecek. 6-13 Ekim tarihleri aras\u0131nda 3.Uluslararas\u0131 Karpaz Sanat Bulu\u015fmas\u0131 Sergisi de ger\u00e7ekle\u015ftiriliyor. Festivalde \u00e7e\u015fitli halk danslar\u0131 topluluklar\u0131n\u0131n g\u00f6sterileri yan\u0131 s\u0131ra y\u00f6resel yemek yar\u0131\u015fmas\u0131 d\u00fczenlenecek. Tavla severler i\u00e7in Tavla Turnuvas\u0131 ve [&hellip;]\" \/>\n<meta property=\"og:url\" content=\"https:\/\/kuzeyinsesi.org\/index.php\/2024\/10\/08\/1-kulturlerin-bulusmasi-festivali-cumartesi-dipkarpaz-koy-meydaninda-yapilacak\/\" \/>\n<meta property=\"og:site_name\" content=\"Kuzeyin Sesi\" \/>\n<meta property=\"article:publisher\" content=\"https:\/\/www.facebook.com\/kuzeyinsesii\" \/>\n<meta property=\"article:published_time\" content=\"2024-10-08T15:18:17+00:00\" \/>\n<meta property=\"og:image\" content=\"https:\/\/brtk.net\/wp-content\/uploads\/2024\/10\/08\/erenkoy-karpaz-festival-1-.jpg?ver=2b208082adf032f1c5d6aefd51adab50\" \/>\n<meta name=\"author\" content=\"Kuzeyin Sesi\" \/>\n<meta name=\"twitter:card\" content=\"summary_large_image\" \/>\n<meta name=\"twitter:creator\" content=\"@kuzeyinsesii\" \/>\n<meta name=\"twitter:site\" content=\"@kuzeyinsesii\" \/>\n<meta name=\"twitter:label1\" content=\"Yazan:\" \/>\n\t<meta name=\"twitter:data1\" content=\"Kuzeyin Sesi\" \/>\n\t<meta name=\"twitter:label2\" content=\"Tahmini okuma s\u00fcresi\" \/>\n\t<meta name=\"twitter:data2\" content=\"1 dakika\" \/>\n<script type=\"application\/ld+json\" class=\"yoast-schema-graph\">{\"@context\":\"https:\\\/\\\/schema.org\",\"@graph\":[{\"@type\":\"Article\",\"@id\":\"https:\\\/\\\/kuzeyinsesi.org\\\/index.php\\\/2024\\\/10\\\/08\\\/1-kulturlerin-bulusmasi-festivali-cumartesi-dipkarpaz-koy-meydaninda-yapilacak\\\/#article\",\"isPartOf\":{\"@id\":\"https:\\\/\\\/kuzeyinsesi.org\\\/index.php\\\/2024\\\/10\\\/08\\\/1-kulturlerin-bulusmasi-festivali-cumartesi-dipkarpaz-koy-meydaninda-yapilacak\\\/\"},\"author\":{\"name\":\"Kuzeyin Sesi\",\"@id\":\"https:\\\/\\\/kuzeyinsesi.org\\\/#\\\/schema\\\/person\\\/9f859689cdf01485597712386e37f5aa\"},\"headline\":\"1. K\u00fclt\u00fcrlerin Bulu\u015fmas\u0131 Festivali cumartesi Dipkarpaz k\u00f6y meydan\u0131nda yap\u0131lacak\",\"datePublished\":\"2024-10-08T15:18:17+00:00\",\"mainEntityOfPage\":{\"@id\":\"https:\\\/\\\/kuzeyinsesi.org\\\/index.php\\\/2024\\\/10\\\/08\\\/1-kulturlerin-bulusmasi-festivali-cumartesi-dipkarpaz-koy-meydaninda-yapilacak\\\/\"},\"wordCount\":192,\"commentCount\":0,\"image\":{\"@id\":\"https:\\\/\\\/kuzeyinsesi.org\\\/index.php\\\/2024\\\/10\\\/08\\\/1-kulturlerin-bulusmasi-festivali-cumartesi-dipkarpaz-koy-meydaninda-yapilacak\\\/#primaryimage\"},\"thumbnailUrl\":\"https:\\\/\\\/kuzeyinsesi.org\\\/wp-content\\\/uploads\\\/2024\\\/10\\\/erenkoy-karpaz-festival-1-.jpg\",\"articleSection\":[\"Ya\u015fam\"],\"inLanguage\":\"tr\",\"potentialAction\":[{\"@type\":\"CommentAction\",\"name\":\"Comment\",\"target\":[\"https:\\\/\\\/kuzeyinsesi.org\\\/index.php\\\/2024\\\/10\\\/08\\\/1-kulturlerin-bulusmasi-festivali-cumartesi-dipkarpaz-koy-meydaninda-yapilacak\\\/#respond\"]}]},{\"@type\":\"WebPage\",\"@id\":\"https:\\\/\\\/kuzeyinsesi.org\\\/index.php\\\/2024\\\/10\\\/08\\\/1-kulturlerin-bulusmasi-festivali-cumartesi-dipkarpaz-koy-meydaninda-yapilacak\\\/\",\"url\":\"https:\\\/\\\/kuzeyinsesi.org\\\/index.php\\\/2024\\\/10\\\/08\\\/1-kulturlerin-bulusmasi-festivali-cumartesi-dipkarpaz-koy-meydaninda-yapilacak\\\/\",\"name\":\"1. K\u00fclt\u00fcrlerin Bulu\u015fmas\u0131 Festivali cumartesi Dipkarpaz k\u00f6y meydan\u0131nda yap\u0131lacak - Kuzeyin Sesi\",\"isPartOf\":{\"@id\":\"https:\\\/\\\/kuzeyinsesi.org\\\/#website\"},\"primaryImageOfPage\":{\"@id\":\"https:\\\/\\\/kuzeyinsesi.org\\\/index.php\\\/2024\\\/10\\\/08\\\/1-kulturlerin-bulusmasi-festivali-cumartesi-dipkarpaz-koy-meydaninda-yapilacak\\\/#primaryimage\"},\"image\":{\"@id\":\"https:\\\/\\\/kuzeyinsesi.org\\\/index.php\\\/2024\\\/10\\\/08\\\/1-kulturlerin-bulusmasi-festivali-cumartesi-dipkarpaz-koy-meydaninda-yapilacak\\\/#primaryimage\"},\"thumbnailUrl\":\"https:\\\/\\\/kuzeyinsesi.org\\\/wp-content\\\/uploads\\\/2024\\\/10\\\/erenkoy-karpaz-festival-1-.jpg\",\"datePublished\":\"2024-10-08T15:18:17+00:00\",\"author\":{\"@id\":\"https:\\\/\\\/kuzeyinsesi.org\\\/#\\\/schema\\\/person\\\/9f859689cdf01485597712386e37f5aa\"},\"breadcrumb\":{\"@id\":\"https:\\\/\\\/kuzeyinsesi.org\\\/index.php\\\/2024\\\/10\\\/08\\\/1-kulturlerin-bulusmasi-festivali-cumartesi-dipkarpaz-koy-meydaninda-yapilacak\\\/#breadcrumb\"},\"inLanguage\":\"tr\",\"potentialAction\":[{\"@type\":\"ReadAction\",\"target\":[\"https:\\\/\\\/kuzeyinsesi.org\\\/index.php\\\/2024\\\/10\\\/08\\\/1-kulturlerin-bulusmasi-festivali-cumartesi-dipkarpaz-koy-meydaninda-yapilacak\\\/\"]}]},{\"@type\":\"ImageObject\",\"inLanguage\":\"tr\",\"@id\":\"https:\\\/\\\/kuzeyinsesi.org\\\/index.php\\\/2024\\\/10\\\/08\\\/1-kulturlerin-bulusmasi-festivali-cumartesi-dipkarpaz-koy-meydaninda-yapilacak\\\/#primaryimage\",\"url\":\"https:\\\/\\\/kuzeyinsesi.org\\\/wp-content\\\/uploads\\\/2024\\\/10\\\/erenkoy-karpaz-festival-1-.jpg\",\"contentUrl\":\"https:\\\/\\\/kuzeyinsesi.org\\\/wp-content\\\/uploads\\\/2024\\\/10\\\/erenkoy-karpaz-festival-1-.jpg\",\"width\":1920,\"height\":1080},{\"@type\":\"BreadcrumbList\",\"@id\":\"https:\\\/\\\/kuzeyinsesi.org\\\/index.php\\\/2024\\\/10\\\/08\\\/1-kulturlerin-bulusmasi-festivali-cumartesi-dipkarpaz-koy-meydaninda-yapilacak\\\/#breadcrumb\",\"itemListElement\":[{\"@type\":\"ListItem\",\"position\":1,\"name\":\"Anasayfa\",\"item\":\"https:\\\/\\\/kuzeyinsesi.org\\\/\"},{\"@type\":\"ListItem\",\"position\":2,\"name\":\"1. K\u00fclt\u00fcrlerin Bulu\u015fmas\u0131 Festivali cumartesi Dipkarpaz k\u00f6y meydan\u0131nda yap\u0131lacak\"}]},{\"@type\":\"WebSite\",\"@id\":\"https:\\\/\\\/kuzeyinsesi.org\\\/#website\",\"url\":\"https:\\\/\\\/kuzeyinsesi.org\\\/\",\"name\":\"Kuzeyin Sesi\",\"description\":\"Do\u011fru Haberin Adresi\",\"potentialAction\":[{\"@type\":\"SearchAction\",\"target\":{\"@type\":\"EntryPoint\",\"urlTemplate\":\"https:\\\/\\\/kuzeyinsesi.org\\\/?s={search_term_string}\"},\"query-input\":{\"@type\":\"PropertyValueSpecification\",\"valueRequired\":true,\"valueName\":\"search_term_string\"}}],\"inLanguage\":\"tr\"},{\"@type\":\"Person\",\"@id\":\"https:\\\/\\\/kuzeyinsesi.org\\\/#\\\/schema\\\/person\\\/9f859689cdf01485597712386e37f5aa\",\"name\":\"Kuzeyin Sesi\",\"image\":{\"@type\":\"ImageObject\",\"inLanguage\":\"tr\",\"@id\":\"https:\\\/\\\/secure.gravatar.com\\\/avatar\\\/bab33852abfd8b282518d6ed81826833d77c3c882d9ab608add591ccace47a44?s=96&d=mm&r=g\",\"url\":\"https:\\\/\\\/secure.gravatar.com\\\/avatar\\\/bab33852abfd8b282518d6ed81826833d77c3c882d9ab608add591ccace47a44?s=96&d=mm&r=g\",\"contentUrl\":\"https:\\\/\\\/secure.gravatar.com\\\/avatar\\\/bab33852abfd8b282518d6ed81826833d77c3c882d9ab608add591ccace47a44?s=96&d=mm&r=g\",\"caption\":\"Kuzeyin Sesi\"},\"sameAs\":[\"https:\\\/\\\/kuzeyinsesi.org\"],\"url\":\"https:\\\/\\\/kuzeyinsesi.org\\\/index.php\\\/author\\\/guven\\\/\"}]}<\/script>\n<!-- \/ Yoast SEO plugin. -->","yoast_head_json":{"title":"1. K\u00fclt\u00fcrlerin Bulu\u015fmas\u0131 Festivali cumartesi Dipkarpaz k\u00f6y meydan\u0131nda yap\u0131lacak - Kuzeyin Sesi","robots":{"index":"index","follow":"follow","max-snippet":"max-snippet:-1","max-image-preview":"max-image-preview:large","max-video-preview":"max-video-preview:-1"},"canonical":"https:\/\/kuzeyinsesi.org\/index.php\/2024\/10\/08\/1-kulturlerin-bulusmasi-festivali-cumartesi-dipkarpaz-koy-meydaninda-yapilacak\/","og_locale":"tr_TR","og_type":"article","og_title":"1. K\u00fclt\u00fcrlerin Bulu\u015fmas\u0131 Festivali cumartesi Dipkarpaz k\u00f6y meydan\u0131nda yap\u0131lacak - Kuzeyin Sesi","og_description":"Erenk\u00f6y-Karpaz Belediyesi\u2019nin organize etti\u011fi 1. K\u00fclt\u00fcrlerin Bulu\u015fmas\u0131 Festivali cumartesi Dipkarpaz k\u00f6y meydan\u0131nda ger\u00e7ekle\u015ftirilecek. Belediyeden verilen bilgiye g\u00f6re, saat 10.30\u2019da ba\u015flayacak Festivalde etkinlikler g\u00fcn boyu devam edecek. 6-13 Ekim tarihleri aras\u0131nda 3.Uluslararas\u0131 Karpaz Sanat Bulu\u015fmas\u0131 Sergisi de ger\u00e7ekle\u015ftiriliyor. Festivalde \u00e7e\u015fitli halk danslar\u0131 topluluklar\u0131n\u0131n g\u00f6sterileri yan\u0131 s\u0131ra y\u00f6resel yemek yar\u0131\u015fmas\u0131 d\u00fczenlenecek. Tavla severler i\u00e7in Tavla Turnuvas\u0131 ve [&hellip;]","og_url":"https:\/\/kuzeyinsesi.org\/index.php\/2024\/10\/08\/1-kulturlerin-bulusmasi-festivali-cumartesi-dipkarpaz-koy-meydaninda-yapilacak\/","og_site_name":"Kuzeyin Sesi","article_publisher":"https:\/\/www.facebook.com\/kuzeyinsesii","article_published_time":"2024-10-08T15:18:17+00:00","og_image":[{"url":"https:\/\/brtk.net\/wp-content\/uploads\/2024\/10\/08\/erenkoy-karpaz-festival-1-.jpg?ver=2b208082adf032f1c5d6aefd51adab50","type":"","width":"","height":""}],"author":"Kuzeyin Sesi","twitter_card":"summary_large_image","twitter_creator":"@kuzeyinsesii","twitter_site":"@kuzeyinsesii","twitter_misc":{"Yazan:":"Kuzeyin Sesi","Tahmini okuma s\u00fcresi":"1 dakika"},"schema":{"@context":"https:\/\/schema.org","@graph":[{"@type":"Article","@id":"https:\/\/kuzeyinsesi.org\/index.php\/2024\/10\/08\/1-kulturlerin-bulusmasi-festivali-cumartesi-dipkarpaz-koy-meydaninda-yapilacak\/#article","isPartOf":{"@id":"https:\/\/kuzeyinsesi.org\/index.php\/2024\/10\/08\/1-kulturlerin-bulusmasi-festivali-cumartesi-dipkarpaz-koy-meydaninda-yapilacak\/"},"author":{"name":"Kuzeyin Sesi","@id":"https:\/\/kuzeyinsesi.org\/#\/schema\/person\/9f859689cdf01485597712386e37f5aa"},"headline":"1. K\u00fclt\u00fcrlerin Bulu\u015fmas\u0131 Festivali cumartesi Dipkarpaz k\u00f6y meydan\u0131nda yap\u0131lacak","datePublished":"2024-10-08T15:18:17+00:00","mainEntityOfPage":{"@id":"https:\/\/kuzeyinsesi.org\/index.php\/2024\/10\/08\/1-kulturlerin-bulusmasi-festivali-cumartesi-dipkarpaz-koy-meydaninda-yapilacak\/"},"wordCount":192,"commentCount":0,"image":{"@id":"https:\/\/kuzeyinsesi.org\/index.php\/2024\/10\/08\/1-kulturlerin-bulusmasi-festivali-cumartesi-dipkarpaz-koy-meydaninda-yapilacak\/#primaryimage"},"thumbnailUrl":"https:\/\/kuzeyinsesi.org\/wp-content\/uploads\/2024\/10\/erenkoy-karpaz-festival-1-.jpg","articleSection":["Ya\u015fam"],"inLanguage":"tr","potentialAction":[{"@type":"CommentAction","name":"Comment","target":["https:\/\/kuzeyinsesi.org\/index.php\/2024\/10\/08\/1-kulturlerin-bulusmasi-festivali-cumartesi-dipkarpaz-koy-meydaninda-yapilacak\/#respond"]}]},{"@type":"WebPage","@id":"https:\/\/kuzeyinsesi.org\/index.php\/2024\/10\/08\/1-kulturlerin-bulusmasi-festivali-cumartesi-dipkarpaz-koy-meydaninda-yapilacak\/","url":"https:\/\/kuzeyinsesi.org\/index.php\/2024\/10\/08\/1-kulturlerin-bulusmasi-festivali-cumartesi-dipkarpaz-koy-meydaninda-yapilacak\/","name":"1. K\u00fclt\u00fcrlerin Bulu\u015fmas\u0131 Festivali cumartesi Dipkarpaz k\u00f6y meydan\u0131nda yap\u0131lacak - Kuzeyin Sesi","isPartOf":{"@id":"https:\/\/kuzeyinsesi.org\/#website"},"primaryImageOfPage":{"@id":"https:\/\/kuzeyinsesi.org\/index.php\/2024\/10\/08\/1-kulturlerin-bulusmasi-festivali-cumartesi-dipkarpaz-koy-meydaninda-yapilacak\/#primaryimage"},"image":{"@id":"https:\/\/kuzeyinsesi.org\/index.php\/2024\/10\/08\/1-kulturlerin-bulusmasi-festivali-cumartesi-dipkarpaz-koy-meydaninda-yapilacak\/#primaryimage"},"thumbnailUrl":"https:\/\/kuzeyinsesi.org\/wp-content\/uploads\/2024\/10\/erenkoy-karpaz-festival-1-.jpg","datePublished":"2024-10-08T15:18:17+00:00","author":{"@id":"https:\/\/kuzeyinsesi.org\/#\/schema\/person\/9f859689cdf01485597712386e37f5aa"},"breadcrumb":{"@id":"https:\/\/kuzeyinsesi.org\/index.php\/2024\/10\/08\/1-kulturlerin-bulusmasi-festivali-cumartesi-dipkarpaz-koy-meydaninda-yapilacak\/#breadcrumb"},"inLanguage":"tr","potentialAction":[{"@type":"ReadAction","target":["https:\/\/kuzeyinsesi.org\/index.php\/2024\/10\/08\/1-kulturlerin-bulusmasi-festivali-cumartesi-dipkarpaz-koy-meydaninda-yapilacak\/"]}]},{"@type":"ImageObject","inLanguage":"tr","@id":"https:\/\/kuzeyinsesi.org\/index.php\/2024\/10\/08\/1-kulturlerin-bulusmasi-festivali-cumartesi-dipkarpaz-koy-meydaninda-yapilacak\/#primaryimage","url":"https:\/\/kuzeyinsesi.org\/wp-content\/uploads\/2024\/10\/erenkoy-karpaz-festival-1-.jpg","contentUrl":"https:\/\/kuzeyinsesi.org\/wp-content\/uploads\/2024\/10\/erenkoy-karpaz-festival-1-.jpg","width":1920,"height":1080},{"@type":"BreadcrumbList","@id":"https:\/\/kuzeyinsesi.org\/index.php\/2024\/10\/08\/1-kulturlerin-bulusmasi-festivali-cumartesi-dipkarpaz-koy-meydaninda-yapilacak\/#breadcrumb","itemListElement":[{"@type":"ListItem","position":1,"name":"Anasayfa","item":"https:\/\/kuzeyinsesi.org\/"},{"@type":"ListItem","position":2,"name":"1. K\u00fclt\u00fcrlerin Bulu\u015fmas\u0131 Festivali cumartesi Dipkarpaz k\u00f6y meydan\u0131nda yap\u0131lacak"}]},{"@type":"WebSite","@id":"https:\/\/kuzeyinsesi.org\/#website","url":"https:\/\/kuzeyinsesi.org\/","name":"Kuzeyin Sesi","description":"Do\u011fru Haberin Adresi","potentialAction":[{"@type":"SearchAction","target":{"@type":"EntryPoint","urlTemplate":"https:\/\/kuzeyinsesi.org\/?s={search_term_string}"},"query-input":{"@type":"PropertyValueSpecification","valueRequired":true,"valueName":"search_term_string"}}],"inLanguage":"tr"},{"@type":"Person","@id":"https:\/\/kuzeyinsesi.org\/#\/schema\/person\/9f859689cdf01485597712386e37f5aa","name":"Kuzeyin Sesi","image":{"@type":"ImageObject","inLanguage":"tr","@id":"https:\/\/secure.gravatar.com\/avatar\/bab33852abfd8b282518d6ed81826833d77c3c882d9ab608add591ccace47a44?s=96&d=mm&r=g","url":"https:\/\/secure.gravatar.com\/avatar\/bab33852abfd8b282518d6ed81826833d77c3c882d9ab608add591ccace47a44?s=96&d=mm&r=g","contentUrl":"https:\/\/secure.gravatar.com\/avatar\/bab33852abfd8b282518d6ed81826833d77c3c882d9ab608add591ccace47a44?s=96&d=mm&r=g","caption":"Kuzeyin Sesi"},"sameAs":["https:\/\/kuzeyinsesi.org"],"url":"https:\/\/kuzeyinsesi.org\/index.php\/author\/guven\/"}]}},"_links":{"self":[{"href":"https:\/\/kuzeyinsesi.org\/index.php\/wp-json\/wp\/v2\/posts\/11176","targetHints":{"allow":["GET"]}}],"collection":[{"href":"https:\/\/kuzeyinsesi.org\/index.php\/wp-json\/wp\/v2\/posts"}],"about":[{"href":"https:\/\/kuzeyinsesi.org\/index.php\/wp-json\/wp\/v2\/types\/post"}],"author":[{"embeddable":true,"href":"https:\/\/kuzeyinsesi.org\/index.php\/wp-json\/wp\/v2\/users\/1"}],"replies":[{"embeddable":true,"href":"https:\/\/kuzeyinsesi.org\/index.php\/wp-json\/wp\/v2\/comments?post=11176"}],"version-history":[{"count":0,"href":"https:\/\/kuzeyinsesi.org\/index.php\/wp-json\/wp\/v2\/posts\/11176\/revisions"}],"wp:featuredmedia":[{"embeddable":true,"href":"https:\/\/kuzeyinsesi.org\/index.php\/wp-json\/wp\/v2\/media\/11177"}],"wp:attachment":[{"href":"https:\/\/kuzeyinsesi.org\/index.php\/wp-json\/wp\/v2\/media?parent=11176"}],"wp:term":[{"taxonomy":"category","embeddable":true,"href":"https:\/\/kuzeyinsesi.org\/index.php\/wp-json\/wp\/v2\/categories?post=11176"},{"taxonomy":"post_tag","embeddable":true,"href":"https:\/\/kuzeyinsesi.org\/index.php\/wp-json\/wp\/v2\/tags?post=11176"}],"curies":[{"name":"wp","href":"https:\/\/api.w.org\/{rel}","templated":true}]}}