{"id":11136,"date":"2024-10-08T12:08:09","date_gmt":"2024-10-08T09:08:09","guid":{"rendered":"https:\/\/kuzeyinsesi.org\/index.php\/2024\/10\/08\/ltb-himayesi-ve-akhe-organizasyonunda-9-sanatin-ustalari-lefkosada-sergisi-11-ekimde-aciliyor\/"},"modified":"2024-10-08T12:08:09","modified_gmt":"2024-10-08T09:08:09","slug":"ltb-himayesi-ve-akhe-organizasyonunda-9-sanatin-ustalari-lefkosada-sergisi-11-ekimde-aciliyor","status":"publish","type":"post","link":"https:\/\/kuzeyinsesi.org\/index.php\/2024\/10\/08\/ltb-himayesi-ve-akhe-organizasyonunda-9-sanatin-ustalari-lefkosada-sergisi-11-ekimde-aciliyor\/","title":{"rendered":"LTB himayesi ve Akhe Organizasyonu\u2019nda \u201c9. Sanat\u2019\u0131n Ustalar\u0131 Lefko\u015fa\u2019da\u201d sergisi 11 Ekim\u2019de a\u00e7\u0131l\u0131yor"},"content":{"rendered":"<div>\n<div class=\"mariselle-image-container center\">\n                                            <\/div>\n<p>LTB himayesi ve Akhe Organizasyonu\u2019nda \u201c9. Sanat\u2019\u0131n Ustalar\u0131 Lefko\u015fa\u2019da\u201d sergisi 11 Ekim\u2019de a\u00e7\u0131l\u0131yor<\/p>\n<p>\u201c9. Sanat\u2019\u0131n Ustalar\u0131 Lefko\u015fa\u2019da\u201d sergisi Lefko\u015fa T\u00fcrk Belediyesi himayesi ve Arkhe organizasyonunda 11 Ekim Cuma g\u00fcn\u00fc Arabahmet K\u00fclt\u00fcr Evi\u2019nde a\u00e7\u0131l\u0131yor.<\/p>\n<p>Sergide, Halil Duranay, Senih \u00c7avu\u015fo\u011flu, Hasan Arkan, Diler Ertu\u011f, At\u0131f M\u00fcezzinler, Hasan \u00d6zyi\u011fit ve farkl\u0131 bir\u00e7ok koleksiyonerin koleksiyonlar\u0131ndan se\u00e7ilmi\u015f 200\u2019den fazla orijinal \u00e7izim, eskiz, imzal\u0131 kapak, fig\u00fcr ve \u00e7izgi roman ile ilintili eserler bir araya getirildi.<\/p>\n<p><strong>Eserler 3 farkl\u0131 salonda 28 Aral\u0131k 2024 tarihine kadar sergilenecek<\/strong><\/p>\n<p>Sergide, 1920\u2019lerden g\u00fcn\u00fcm\u00fcze \u00e7izgi roman\u0131n farkl\u0131 \u00e7a\u011flar\u0131na ait eserler \u00fc\u00e7 farkl\u0131 salonda sergilenecek.<\/p>\n<p>Sergi; Pazartesi g\u00fcn\u00fc hari\u00e7 hafta i\u00e7i her g\u00fcn saat 10.00-15.00 aras\u0131nda ve Cumartesi g\u00fcnleri saat 10.30- 14.30 aras\u0131nda \u00fccretsiz olarak ziyarete a\u00e7\u0131k olacak.<\/p>\n<p>A\u00e7\u0131l\u0131\u015f gecesi; The Black Dragon Art Studio \u00e7izim standlar\u0131, Cyprus Geek Team cosplayerlar\u0131 ve foto\u011fraf istasyonlar\u0131 ile ziyaret\u00e7ileri kar\u015f\u0131layacak. Saat 20.30\u2019da Fatih Y\u00fcr\u00fcr &amp; Hakan Tunga Kalkan\u2019\u0131n Zagor, Gordon, K\u0131z\u0131l Maske, Mandrake gibi bir\u00e7ok efsane \u00e7izgi roman\u0131n kapak \u00e7izeri olan Aslan \u015e\u00fck\u00fcr \u00fczerine haz\u0131rlad\u0131klar\u0131 Alt\u0131n F\u0131r\u00e7al\u0131 Adam Belgeseli Arkhe Sahne\u2019de izleyicilerle bulu\u015facak.<\/p>\n<p>28 Aral\u0131k 2024 tarihine kadar devam edecek sergi; \u00e7izim at\u00f6lyeleri, paneller, online s\u00f6yle\u015filer ve her Cumartesi saat 11.00\u2019da ger\u00e7ekle\u015fecek olan Fantastik T\u00fcrk Filmleri g\u00f6sterimleri ile desteklenecek.<\/p>\n<p><strong>Otantik par\u00e7alar \u00fclkede ilk kez bir araya getiriliyor<\/strong><\/p>\n<p>Jerry Siegel, Joe Shuster, Bob Kane, Lee Falk, Fred Fredericks, Herg\u00e9, Stan Lee, EsseGesse, Todd McFarlane, Gallieno Ferri, Isao Takahata, \u015eahap Ayhan, Suat Yalaz, Sezgin Burak, Aslan \u015e\u00fck\u00fcr, Yal\u00e7\u0131n Da\u011fl\u0131, Abdullah Turan, \u00d6zcan Eralp, Turhan Sel\u00e7uk ve daha onlarca \u00f6nemli \u00e7izer ve yazara ait otantik par\u00e7alar \u00fclkede ilk kez bir araya getiriliyor.<\/p>\n<\/p><\/div>\n<p><script async\n                    defer\n                    crossorigin=\"anonymous\"\n                    src=\"https:\/\/connect.facebook.net\/tr_TR\/sdk.js#xfbml=1&#038;version=v3.3\"\n            ><\/script><\/p>\n","protected":false},"excerpt":{"rendered":"<p>LTB himayesi ve Akhe Organizasyonu\u2019nda \u201c9. Sanat\u2019\u0131n Ustalar\u0131 Lefko\u015fa\u2019da\u201d sergisi 11 Ekim\u2019de a\u00e7\u0131l\u0131yor \u201c9. Sanat\u2019\u0131n Ustalar\u0131 Lefko\u015fa\u2019da\u201d sergisi Lefko\u015fa T\u00fcrk Belediyesi himayesi ve Arkhe organizasyonunda 11 Ekim Cuma g\u00fcn\u00fc Arabahmet K\u00fclt\u00fcr Evi\u2019nde a\u00e7\u0131l\u0131yor. Sergide, Halil Duranay, Senih \u00c7avu\u015fo\u011flu, Hasan Arkan, Diler Ertu\u011f, At\u0131f M\u00fcezzinler, Hasan \u00d6zyi\u011fit ve farkl\u0131 bir\u00e7ok koleksiyonerin koleksiyonlar\u0131ndan se\u00e7ilmi\u015f 200\u2019den fazla orijinal [&hellip;]<\/p>\n","protected":false},"author":1,"featured_media":11137,"comment_status":"open","ping_status":"open","sticky":false,"template":"","format":"standard","meta":{"jnews-multi-image_gallery":[],"jnews_single_post":[],"jnews_primary_category":[],"jnews_social_meta":[],"jnews_override_counter":[],"footnotes":""},"categories":[6],"tags":[],"class_list":["post-11136","post","type-post","status-publish","format-standard","has-post-thumbnail","hentry","category-yasam"],"yoast_head":"<!-- This site is optimized with the Yoast SEO plugin v27.4 - https:\/\/yoast.com\/product\/yoast-seo-wordpress\/ -->\n<title>LTB himayesi ve Akhe Organizasyonu\u2019nda \u201c9. Sanat\u2019\u0131n Ustalar\u0131 Lefko\u015fa\u2019da\u201d sergisi 11 Ekim\u2019de a\u00e7\u0131l\u0131yor - Kuzeyin Sesi<\/title>\n<meta name=\"robots\" content=\"index, follow, max-snippet:-1, max-image-preview:large, max-video-preview:-1\" \/>\n<link rel=\"canonical\" href=\"https:\/\/kuzeyinsesi.org\/index.php\/2024\/10\/08\/ltb-himayesi-ve-akhe-organizasyonunda-9-sanatin-ustalari-lefkosada-sergisi-11-ekimde-aciliyor\/\" \/>\n<meta property=\"og:locale\" content=\"tr_TR\" \/>\n<meta property=\"og:type\" content=\"article\" \/>\n<meta property=\"og:title\" content=\"LTB himayesi ve Akhe Organizasyonu\u2019nda \u201c9. Sanat\u2019\u0131n Ustalar\u0131 Lefko\u015fa\u2019da\u201d sergisi 11 Ekim\u2019de a\u00e7\u0131l\u0131yor - Kuzeyin Sesi\" \/>\n<meta property=\"og:description\" content=\"LTB himayesi ve Akhe Organizasyonu\u2019nda \u201c9. Sanat\u2019\u0131n Ustalar\u0131 Lefko\u015fa\u2019da\u201d sergisi 11 Ekim\u2019de a\u00e7\u0131l\u0131yor \u201c9. Sanat\u2019\u0131n Ustalar\u0131 Lefko\u015fa\u2019da\u201d sergisi Lefko\u015fa T\u00fcrk Belediyesi himayesi ve Arkhe organizasyonunda 11 Ekim Cuma g\u00fcn\u00fc Arabahmet K\u00fclt\u00fcr Evi\u2019nde a\u00e7\u0131l\u0131yor. Sergide, Halil Duranay, Senih \u00c7avu\u015fo\u011flu, Hasan Arkan, Diler Ertu\u011f, At\u0131f M\u00fcezzinler, Hasan \u00d6zyi\u011fit ve farkl\u0131 bir\u00e7ok koleksiyonerin koleksiyonlar\u0131ndan se\u00e7ilmi\u015f 200\u2019den fazla orijinal [&hellip;]\" \/>\n<meta property=\"og:url\" content=\"https:\/\/kuzeyinsesi.org\/index.php\/2024\/10\/08\/ltb-himayesi-ve-akhe-organizasyonunda-9-sanatin-ustalari-lefkosada-sergisi-11-ekimde-aciliyor\/\" \/>\n<meta property=\"og:site_name\" content=\"Kuzeyin Sesi\" \/>\n<meta property=\"article:publisher\" content=\"https:\/\/www.facebook.com\/kuzeyinsesii\" \/>\n<meta property=\"article:published_time\" content=\"2024-10-08T09:08:09+00:00\" \/>\n<meta property=\"og:image\" content=\"https:\/\/brtk.net\/wp-content\/uploads\/2024\/10\/08\/9.-Sanatin-Ustalari.jpeg?ver=d62e2dc04f1ffb22aa845ff679f66b01\" \/>\n<meta name=\"author\" content=\"Kuzeyin Sesi\" \/>\n<meta name=\"twitter:card\" content=\"summary_large_image\" \/>\n<meta name=\"twitter:creator\" content=\"@kuzeyinsesii\" \/>\n<meta name=\"twitter:site\" content=\"@kuzeyinsesii\" \/>\n<meta name=\"twitter:label1\" content=\"Yazan:\" \/>\n\t<meta name=\"twitter:data1\" content=\"Kuzeyin Sesi\" \/>\n\t<meta name=\"twitter:label2\" content=\"Tahmini okuma s\u00fcresi\" \/>\n\t<meta name=\"twitter:data2\" content=\"2 dakika\" \/>\n<script type=\"application\/ld+json\" class=\"yoast-schema-graph\">{\"@context\":\"https:\\\/\\\/schema.org\",\"@graph\":[{\"@type\":\"Article\",\"@id\":\"https:\\\/\\\/kuzeyinsesi.org\\\/index.php\\\/2024\\\/10\\\/08\\\/ltb-himayesi-ve-akhe-organizasyonunda-9-sanatin-ustalari-lefkosada-sergisi-11-ekimde-aciliyor\\\/#article\",\"isPartOf\":{\"@id\":\"https:\\\/\\\/kuzeyinsesi.org\\\/index.php\\\/2024\\\/10\\\/08\\\/ltb-himayesi-ve-akhe-organizasyonunda-9-sanatin-ustalari-lefkosada-sergisi-11-ekimde-aciliyor\\\/\"},\"author\":{\"name\":\"Kuzeyin Sesi\",\"@id\":\"https:\\\/\\\/kuzeyinsesi.org\\\/#\\\/schema\\\/person\\\/9f859689cdf01485597712386e37f5aa\"},\"headline\":\"LTB himayesi ve Akhe Organizasyonu\u2019nda \u201c9. Sanat\u2019\u0131n Ustalar\u0131 Lefko\u015fa\u2019da\u201d sergisi 11 Ekim\u2019de a\u00e7\u0131l\u0131yor\",\"datePublished\":\"2024-10-08T09:08:09+00:00\",\"mainEntityOfPage\":{\"@id\":\"https:\\\/\\\/kuzeyinsesi.org\\\/index.php\\\/2024\\\/10\\\/08\\\/ltb-himayesi-ve-akhe-organizasyonunda-9-sanatin-ustalari-lefkosada-sergisi-11-ekimde-aciliyor\\\/\"},\"wordCount\":334,\"commentCount\":0,\"image\":{\"@id\":\"https:\\\/\\\/kuzeyinsesi.org\\\/index.php\\\/2024\\\/10\\\/08\\\/ltb-himayesi-ve-akhe-organizasyonunda-9-sanatin-ustalari-lefkosada-sergisi-11-ekimde-aciliyor\\\/#primaryimage\"},\"thumbnailUrl\":\"https:\\\/\\\/kuzeyinsesi.org\\\/wp-content\\\/uploads\\\/2024\\\/10\\\/9.-Sanatin-Ustalari.jpeg\",\"articleSection\":[\"Ya\u015fam\"],\"inLanguage\":\"tr\",\"potentialAction\":[{\"@type\":\"CommentAction\",\"name\":\"Comment\",\"target\":[\"https:\\\/\\\/kuzeyinsesi.org\\\/index.php\\\/2024\\\/10\\\/08\\\/ltb-himayesi-ve-akhe-organizasyonunda-9-sanatin-ustalari-lefkosada-sergisi-11-ekimde-aciliyor\\\/#respond\"]}]},{\"@type\":\"WebPage\",\"@id\":\"https:\\\/\\\/kuzeyinsesi.org\\\/index.php\\\/2024\\\/10\\\/08\\\/ltb-himayesi-ve-akhe-organizasyonunda-9-sanatin-ustalari-lefkosada-sergisi-11-ekimde-aciliyor\\\/\",\"url\":\"https:\\\/\\\/kuzeyinsesi.org\\\/index.php\\\/2024\\\/10\\\/08\\\/ltb-himayesi-ve-akhe-organizasyonunda-9-sanatin-ustalari-lefkosada-sergisi-11-ekimde-aciliyor\\\/\",\"name\":\"LTB himayesi ve Akhe Organizasyonu\u2019nda \u201c9. Sanat\u2019\u0131n Ustalar\u0131 Lefko\u015fa\u2019da\u201d sergisi 11 Ekim\u2019de a\u00e7\u0131l\u0131yor - Kuzeyin Sesi\",\"isPartOf\":{\"@id\":\"https:\\\/\\\/kuzeyinsesi.org\\\/#website\"},\"primaryImageOfPage\":{\"@id\":\"https:\\\/\\\/kuzeyinsesi.org\\\/index.php\\\/2024\\\/10\\\/08\\\/ltb-himayesi-ve-akhe-organizasyonunda-9-sanatin-ustalari-lefkosada-sergisi-11-ekimde-aciliyor\\\/#primaryimage\"},\"image\":{\"@id\":\"https:\\\/\\\/kuzeyinsesi.org\\\/index.php\\\/2024\\\/10\\\/08\\\/ltb-himayesi-ve-akhe-organizasyonunda-9-sanatin-ustalari-lefkosada-sergisi-11-ekimde-aciliyor\\\/#primaryimage\"},\"thumbnailUrl\":\"https:\\\/\\\/kuzeyinsesi.org\\\/wp-content\\\/uploads\\\/2024\\\/10\\\/9.-Sanatin-Ustalari.jpeg\",\"datePublished\":\"2024-10-08T09:08:09+00:00\",\"author\":{\"@id\":\"https:\\\/\\\/kuzeyinsesi.org\\\/#\\\/schema\\\/person\\\/9f859689cdf01485597712386e37f5aa\"},\"breadcrumb\":{\"@id\":\"https:\\\/\\\/kuzeyinsesi.org\\\/index.php\\\/2024\\\/10\\\/08\\\/ltb-himayesi-ve-akhe-organizasyonunda-9-sanatin-ustalari-lefkosada-sergisi-11-ekimde-aciliyor\\\/#breadcrumb\"},\"inLanguage\":\"tr\",\"potentialAction\":[{\"@type\":\"ReadAction\",\"target\":[\"https:\\\/\\\/kuzeyinsesi.org\\\/index.php\\\/2024\\\/10\\\/08\\\/ltb-himayesi-ve-akhe-organizasyonunda-9-sanatin-ustalari-lefkosada-sergisi-11-ekimde-aciliyor\\\/\"]}]},{\"@type\":\"ImageObject\",\"inLanguage\":\"tr\",\"@id\":\"https:\\\/\\\/kuzeyinsesi.org\\\/index.php\\\/2024\\\/10\\\/08\\\/ltb-himayesi-ve-akhe-organizasyonunda-9-sanatin-ustalari-lefkosada-sergisi-11-ekimde-aciliyor\\\/#primaryimage\",\"url\":\"https:\\\/\\\/kuzeyinsesi.org\\\/wp-content\\\/uploads\\\/2024\\\/10\\\/9.-Sanatin-Ustalari.jpeg\",\"contentUrl\":\"https:\\\/\\\/kuzeyinsesi.org\\\/wp-content\\\/uploads\\\/2024\\\/10\\\/9.-Sanatin-Ustalari.jpeg\",\"width\":930,\"height\":410},{\"@type\":\"BreadcrumbList\",\"@id\":\"https:\\\/\\\/kuzeyinsesi.org\\\/index.php\\\/2024\\\/10\\\/08\\\/ltb-himayesi-ve-akhe-organizasyonunda-9-sanatin-ustalari-lefkosada-sergisi-11-ekimde-aciliyor\\\/#breadcrumb\",\"itemListElement\":[{\"@type\":\"ListItem\",\"position\":1,\"name\":\"Anasayfa\",\"item\":\"https:\\\/\\\/kuzeyinsesi.org\\\/\"},{\"@type\":\"ListItem\",\"position\":2,\"name\":\"LTB himayesi ve Akhe Organizasyonu\u2019nda \u201c9. Sanat\u2019\u0131n Ustalar\u0131 Lefko\u015fa\u2019da\u201d sergisi 11 Ekim\u2019de a\u00e7\u0131l\u0131yor\"}]},{\"@type\":\"WebSite\",\"@id\":\"https:\\\/\\\/kuzeyinsesi.org\\\/#website\",\"url\":\"https:\\\/\\\/kuzeyinsesi.org\\\/\",\"name\":\"Kuzeyin Sesi\",\"description\":\"Do\u011fru Haberin Adresi\",\"potentialAction\":[{\"@type\":\"SearchAction\",\"target\":{\"@type\":\"EntryPoint\",\"urlTemplate\":\"https:\\\/\\\/kuzeyinsesi.org\\\/?s={search_term_string}\"},\"query-input\":{\"@type\":\"PropertyValueSpecification\",\"valueRequired\":true,\"valueName\":\"search_term_string\"}}],\"inLanguage\":\"tr\"},{\"@type\":\"Person\",\"@id\":\"https:\\\/\\\/kuzeyinsesi.org\\\/#\\\/schema\\\/person\\\/9f859689cdf01485597712386e37f5aa\",\"name\":\"Kuzeyin Sesi\",\"image\":{\"@type\":\"ImageObject\",\"inLanguage\":\"tr\",\"@id\":\"https:\\\/\\\/secure.gravatar.com\\\/avatar\\\/bab33852abfd8b282518d6ed81826833d77c3c882d9ab608add591ccace47a44?s=96&d=mm&r=g\",\"url\":\"https:\\\/\\\/secure.gravatar.com\\\/avatar\\\/bab33852abfd8b282518d6ed81826833d77c3c882d9ab608add591ccace47a44?s=96&d=mm&r=g\",\"contentUrl\":\"https:\\\/\\\/secure.gravatar.com\\\/avatar\\\/bab33852abfd8b282518d6ed81826833d77c3c882d9ab608add591ccace47a44?s=96&d=mm&r=g\",\"caption\":\"Kuzeyin Sesi\"},\"sameAs\":[\"https:\\\/\\\/kuzeyinsesi.org\"],\"url\":\"https:\\\/\\\/kuzeyinsesi.org\\\/index.php\\\/author\\\/guven\\\/\"}]}<\/script>\n<!-- \/ Yoast SEO plugin. -->","yoast_head_json":{"title":"LTB himayesi ve Akhe Organizasyonu\u2019nda \u201c9. Sanat\u2019\u0131n Ustalar\u0131 Lefko\u015fa\u2019da\u201d sergisi 11 Ekim\u2019de a\u00e7\u0131l\u0131yor - Kuzeyin Sesi","robots":{"index":"index","follow":"follow","max-snippet":"max-snippet:-1","max-image-preview":"max-image-preview:large","max-video-preview":"max-video-preview:-1"},"canonical":"https:\/\/kuzeyinsesi.org\/index.php\/2024\/10\/08\/ltb-himayesi-ve-akhe-organizasyonunda-9-sanatin-ustalari-lefkosada-sergisi-11-ekimde-aciliyor\/","og_locale":"tr_TR","og_type":"article","og_title":"LTB himayesi ve Akhe Organizasyonu\u2019nda \u201c9. Sanat\u2019\u0131n Ustalar\u0131 Lefko\u015fa\u2019da\u201d sergisi 11 Ekim\u2019de a\u00e7\u0131l\u0131yor - Kuzeyin Sesi","og_description":"LTB himayesi ve Akhe Organizasyonu\u2019nda \u201c9. Sanat\u2019\u0131n Ustalar\u0131 Lefko\u015fa\u2019da\u201d sergisi 11 Ekim\u2019de a\u00e7\u0131l\u0131yor \u201c9. Sanat\u2019\u0131n Ustalar\u0131 Lefko\u015fa\u2019da\u201d sergisi Lefko\u015fa T\u00fcrk Belediyesi himayesi ve Arkhe organizasyonunda 11 Ekim Cuma g\u00fcn\u00fc Arabahmet K\u00fclt\u00fcr Evi\u2019nde a\u00e7\u0131l\u0131yor. Sergide, Halil Duranay, Senih \u00c7avu\u015fo\u011flu, Hasan Arkan, Diler Ertu\u011f, At\u0131f M\u00fcezzinler, Hasan \u00d6zyi\u011fit ve farkl\u0131 bir\u00e7ok koleksiyonerin koleksiyonlar\u0131ndan se\u00e7ilmi\u015f 200\u2019den fazla orijinal [&hellip;]","og_url":"https:\/\/kuzeyinsesi.org\/index.php\/2024\/10\/08\/ltb-himayesi-ve-akhe-organizasyonunda-9-sanatin-ustalari-lefkosada-sergisi-11-ekimde-aciliyor\/","og_site_name":"Kuzeyin Sesi","article_publisher":"https:\/\/www.facebook.com\/kuzeyinsesii","article_published_time":"2024-10-08T09:08:09+00:00","og_image":[{"url":"https:\/\/brtk.net\/wp-content\/uploads\/2024\/10\/08\/9.-Sanatin-Ustalari.jpeg?ver=d62e2dc04f1ffb22aa845ff679f66b01","type":"","width":"","height":""}],"author":"Kuzeyin Sesi","twitter_card":"summary_large_image","twitter_creator":"@kuzeyinsesii","twitter_site":"@kuzeyinsesii","twitter_misc":{"Yazan:":"Kuzeyin Sesi","Tahmini okuma s\u00fcresi":"2 dakika"},"schema":{"@context":"https:\/\/schema.org","@graph":[{"@type":"Article","@id":"https:\/\/kuzeyinsesi.org\/index.php\/2024\/10\/08\/ltb-himayesi-ve-akhe-organizasyonunda-9-sanatin-ustalari-lefkosada-sergisi-11-ekimde-aciliyor\/#article","isPartOf":{"@id":"https:\/\/kuzeyinsesi.org\/index.php\/2024\/10\/08\/ltb-himayesi-ve-akhe-organizasyonunda-9-sanatin-ustalari-lefkosada-sergisi-11-ekimde-aciliyor\/"},"author":{"name":"Kuzeyin Sesi","@id":"https:\/\/kuzeyinsesi.org\/#\/schema\/person\/9f859689cdf01485597712386e37f5aa"},"headline":"LTB himayesi ve Akhe Organizasyonu\u2019nda \u201c9. Sanat\u2019\u0131n Ustalar\u0131 Lefko\u015fa\u2019da\u201d sergisi 11 Ekim\u2019de a\u00e7\u0131l\u0131yor","datePublished":"2024-10-08T09:08:09+00:00","mainEntityOfPage":{"@id":"https:\/\/kuzeyinsesi.org\/index.php\/2024\/10\/08\/ltb-himayesi-ve-akhe-organizasyonunda-9-sanatin-ustalari-lefkosada-sergisi-11-ekimde-aciliyor\/"},"wordCount":334,"commentCount":0,"image":{"@id":"https:\/\/kuzeyinsesi.org\/index.php\/2024\/10\/08\/ltb-himayesi-ve-akhe-organizasyonunda-9-sanatin-ustalari-lefkosada-sergisi-11-ekimde-aciliyor\/#primaryimage"},"thumbnailUrl":"https:\/\/kuzeyinsesi.org\/wp-content\/uploads\/2024\/10\/9.-Sanatin-Ustalari.jpeg","articleSection":["Ya\u015fam"],"inLanguage":"tr","potentialAction":[{"@type":"CommentAction","name":"Comment","target":["https:\/\/kuzeyinsesi.org\/index.php\/2024\/10\/08\/ltb-himayesi-ve-akhe-organizasyonunda-9-sanatin-ustalari-lefkosada-sergisi-11-ekimde-aciliyor\/#respond"]}]},{"@type":"WebPage","@id":"https:\/\/kuzeyinsesi.org\/index.php\/2024\/10\/08\/ltb-himayesi-ve-akhe-organizasyonunda-9-sanatin-ustalari-lefkosada-sergisi-11-ekimde-aciliyor\/","url":"https:\/\/kuzeyinsesi.org\/index.php\/2024\/10\/08\/ltb-himayesi-ve-akhe-organizasyonunda-9-sanatin-ustalari-lefkosada-sergisi-11-ekimde-aciliyor\/","name":"LTB himayesi ve Akhe Organizasyonu\u2019nda \u201c9. Sanat\u2019\u0131n Ustalar\u0131 Lefko\u015fa\u2019da\u201d sergisi 11 Ekim\u2019de a\u00e7\u0131l\u0131yor - Kuzeyin Sesi","isPartOf":{"@id":"https:\/\/kuzeyinsesi.org\/#website"},"primaryImageOfPage":{"@id":"https:\/\/kuzeyinsesi.org\/index.php\/2024\/10\/08\/ltb-himayesi-ve-akhe-organizasyonunda-9-sanatin-ustalari-lefkosada-sergisi-11-ekimde-aciliyor\/#primaryimage"},"image":{"@id":"https:\/\/kuzeyinsesi.org\/index.php\/2024\/10\/08\/ltb-himayesi-ve-akhe-organizasyonunda-9-sanatin-ustalari-lefkosada-sergisi-11-ekimde-aciliyor\/#primaryimage"},"thumbnailUrl":"https:\/\/kuzeyinsesi.org\/wp-content\/uploads\/2024\/10\/9.-Sanatin-Ustalari.jpeg","datePublished":"2024-10-08T09:08:09+00:00","author":{"@id":"https:\/\/kuzeyinsesi.org\/#\/schema\/person\/9f859689cdf01485597712386e37f5aa"},"breadcrumb":{"@id":"https:\/\/kuzeyinsesi.org\/index.php\/2024\/10\/08\/ltb-himayesi-ve-akhe-organizasyonunda-9-sanatin-ustalari-lefkosada-sergisi-11-ekimde-aciliyor\/#breadcrumb"},"inLanguage":"tr","potentialAction":[{"@type":"ReadAction","target":["https:\/\/kuzeyinsesi.org\/index.php\/2024\/10\/08\/ltb-himayesi-ve-akhe-organizasyonunda-9-sanatin-ustalari-lefkosada-sergisi-11-ekimde-aciliyor\/"]}]},{"@type":"ImageObject","inLanguage":"tr","@id":"https:\/\/kuzeyinsesi.org\/index.php\/2024\/10\/08\/ltb-himayesi-ve-akhe-organizasyonunda-9-sanatin-ustalari-lefkosada-sergisi-11-ekimde-aciliyor\/#primaryimage","url":"https:\/\/kuzeyinsesi.org\/wp-content\/uploads\/2024\/10\/9.-Sanatin-Ustalari.jpeg","contentUrl":"https:\/\/kuzeyinsesi.org\/wp-content\/uploads\/2024\/10\/9.-Sanatin-Ustalari.jpeg","width":930,"height":410},{"@type":"BreadcrumbList","@id":"https:\/\/kuzeyinsesi.org\/index.php\/2024\/10\/08\/ltb-himayesi-ve-akhe-organizasyonunda-9-sanatin-ustalari-lefkosada-sergisi-11-ekimde-aciliyor\/#breadcrumb","itemListElement":[{"@type":"ListItem","position":1,"name":"Anasayfa","item":"https:\/\/kuzeyinsesi.org\/"},{"@type":"ListItem","position":2,"name":"LTB himayesi ve Akhe Organizasyonu\u2019nda \u201c9. Sanat\u2019\u0131n Ustalar\u0131 Lefko\u015fa\u2019da\u201d sergisi 11 Ekim\u2019de a\u00e7\u0131l\u0131yor"}]},{"@type":"WebSite","@id":"https:\/\/kuzeyinsesi.org\/#website","url":"https:\/\/kuzeyinsesi.org\/","name":"Kuzeyin Sesi","description":"Do\u011fru Haberin Adresi","potentialAction":[{"@type":"SearchAction","target":{"@type":"EntryPoint","urlTemplate":"https:\/\/kuzeyinsesi.org\/?s={search_term_string}"},"query-input":{"@type":"PropertyValueSpecification","valueRequired":true,"valueName":"search_term_string"}}],"inLanguage":"tr"},{"@type":"Person","@id":"https:\/\/kuzeyinsesi.org\/#\/schema\/person\/9f859689cdf01485597712386e37f5aa","name":"Kuzeyin Sesi","image":{"@type":"ImageObject","inLanguage":"tr","@id":"https:\/\/secure.gravatar.com\/avatar\/bab33852abfd8b282518d6ed81826833d77c3c882d9ab608add591ccace47a44?s=96&d=mm&r=g","url":"https:\/\/secure.gravatar.com\/avatar\/bab33852abfd8b282518d6ed81826833d77c3c882d9ab608add591ccace47a44?s=96&d=mm&r=g","contentUrl":"https:\/\/secure.gravatar.com\/avatar\/bab33852abfd8b282518d6ed81826833d77c3c882d9ab608add591ccace47a44?s=96&d=mm&r=g","caption":"Kuzeyin Sesi"},"sameAs":["https:\/\/kuzeyinsesi.org"],"url":"https:\/\/kuzeyinsesi.org\/index.php\/author\/guven\/"}]}},"_links":{"self":[{"href":"https:\/\/kuzeyinsesi.org\/index.php\/wp-json\/wp\/v2\/posts\/11136","targetHints":{"allow":["GET"]}}],"collection":[{"href":"https:\/\/kuzeyinsesi.org\/index.php\/wp-json\/wp\/v2\/posts"}],"about":[{"href":"https:\/\/kuzeyinsesi.org\/index.php\/wp-json\/wp\/v2\/types\/post"}],"author":[{"embeddable":true,"href":"https:\/\/kuzeyinsesi.org\/index.php\/wp-json\/wp\/v2\/users\/1"}],"replies":[{"embeddable":true,"href":"https:\/\/kuzeyinsesi.org\/index.php\/wp-json\/wp\/v2\/comments?post=11136"}],"version-history":[{"count":0,"href":"https:\/\/kuzeyinsesi.org\/index.php\/wp-json\/wp\/v2\/posts\/11136\/revisions"}],"wp:featuredmedia":[{"embeddable":true,"href":"https:\/\/kuzeyinsesi.org\/index.php\/wp-json\/wp\/v2\/media\/11137"}],"wp:attachment":[{"href":"https:\/\/kuzeyinsesi.org\/index.php\/wp-json\/wp\/v2\/media?parent=11136"}],"wp:term":[{"taxonomy":"category","embeddable":true,"href":"https:\/\/kuzeyinsesi.org\/index.php\/wp-json\/wp\/v2\/categories?post=11136"},{"taxonomy":"post_tag","embeddable":true,"href":"https:\/\/kuzeyinsesi.org\/index.php\/wp-json\/wp\/v2\/tags?post=11136"}],"curies":[{"name":"wp","href":"https:\/\/api.w.org\/{rel}","templated":true}]}}