{"id":11124,"date":"2024-10-08T11:07:26","date_gmt":"2024-10-08T08:07:26","guid":{"rendered":"https:\/\/kuzeyinsesi.org\/index.php\/2024\/10\/08\/bahar-esintileri-sanat-dernegi-khyd-yararina-konser-duzenledi\/"},"modified":"2024-10-08T11:07:26","modified_gmt":"2024-10-08T08:07:26","slug":"bahar-esintileri-sanat-dernegi-khyd-yararina-konser-duzenledi","status":"publish","type":"post","link":"https:\/\/kuzeyinsesi.org\/index.php\/2024\/10\/08\/bahar-esintileri-sanat-dernegi-khyd-yararina-konser-duzenledi\/","title":{"rendered":"Bahar Esintileri Sanat Derne\u011fi KHYD yarar\u0131na konser d\u00fczenledi"},"content":{"rendered":"<div>\n<div class=\"mariselle-image-container center\">\n                                            <\/div>\n<p>Bahar Esintileri Sanat Derne\u011fi T\u00fcrk M\u00fczi\u011fi Korosu taraf\u0131ndan \u201cG\u00f6nl\u00fcm\u00fczdeki \u015eark\u0131lar Konseri\u201d Girne Amfitiyatro\u2019da ger\u00e7ekle\u015ftirildi.<\/p>\n<p>Konserde T\u00fcrkiye\u2019nin tan\u0131nm\u0131\u015f ses ve opera sanat\u00e7\u0131s\u0131 Hakan Aysev konuk sanat\u00e7\u0131 olarak yer ald\u0131.  <\/p>\n<p>Bahar Esintileri Sanat Derne\u011fi Ba\u015fkan\u0131 Ahmet G\u00f6khan etkinlikte gelece\u011fe y\u00f6nelik proje ve programlar\u0131 hakk\u0131nda bilgi verdi.<\/p>\n<p>Dernek olarak ama\u00e7lar\u0131n\u0131n T\u00fcrk M\u00fczi\u011fini ya\u015fatmak, gelecek  nesillere aktarmak ve  \u00fclkede  ihtiya\u00e7 duyulan her alanda  sosyal sorumluluk projelerini destekleyerek, fark\u0131ndal\u0131k olu\u015fmas\u0131na  katk\u0131 sa\u011flamak oldu\u011funu belirten G\u00f6khan, Kanser Hastalar\u0131na Yard\u0131m Derne\u011fine  katk\u0131 sa\u011flamaktan mutluluk duyduklar\u0131n\u0131 ifade etti.<\/p>\n<div class=\"mariselle-image-container center\">\n                <img decoding=\"async\" width=\"1600\" height=\"774\" class=\"lazy-image\" alt=\"\" sizes=\"(max-width: 1600px) 100vw, 1600px\" src=\"https:\/\/brtk.net\/wp-content\/uploads\/2024\/10\/08\/2d670797-858b-4618-91b1-862162adb7ffaaa.jpeg?ver=f36ef0312c86687e23de9933f9fd70bc\" srcset=\"https:\/\/brtk.net\/wp-content\/uploads\/2024\/10\/08\/2d670797-858b-4618-91b1-862162adb7ffaaa.jpeg?ver=f36ef0312c86687e23de9933f9fd70bc 1600w, https:\/\/brtk.net\/wp-content\/uploads\/2024\/10\/08\/2d670797-858b-4618-91b1-862162adb7ffaaa-300x145.jpeg?ver=67f951d4bd3aa84616d52f384dc0afe9 300w, https:\/\/brtk.net\/wp-content\/uploads\/2024\/10\/08\/2d670797-858b-4618-91b1-862162adb7ffaaa-1024x495.jpeg?ver=67f951d4bd3aa84616d52f384dc0afe9 1024w, https:\/\/brtk.net\/wp-content\/uploads\/2024\/10\/08\/2d670797-858b-4618-91b1-862162adb7ffaaa-768x372.jpeg?ver=67f951d4bd3aa84616d52f384dc0afe9 768w, https:\/\/brtk.net\/wp-content\/uploads\/2024\/10\/08\/2d670797-858b-4618-91b1-862162adb7ffaaa-1536x743.jpeg?ver=67f951d4bd3aa84616d52f384dc0afe9 1536w\"\/>                            <\/div>\n<p>Kanser Hastalar\u0131na Yard\u0131m Derne\u011fi Ba\u015fkan\u0131  Ay\u015fe Kanl\u0131ada da, Meme Kanseri Fark\u0131ndal\u0131k Ay\u0131\u2019nda, derne\u011fe katk\u0131da bulunmak amac\u0131yla b\u00f6yle anlaml\u0131 bir konser d\u00fczenleyen  Bahar Esintileri Sanat Derne\u011fi\u2019ne ve konsere katk\u0131 koyan herkese  te\u015fekk\u00fcr etti.<\/p>\n<p>Konserde ilk olarak  \u015fef  Bahar G\u00f6khan y\u00f6netimindeki \u201cBahar Esintileri Sanat Derne\u011fi T\u00fcrk M\u00fczi\u011fi Korosu\u201d sahne ald\u0131. Daha sonra Joker Brass Band  da k\u0131sa bir dinletiyle geceye renk katt\u0131.<\/p>\n<p>Etkinlikte  T\u00fcrkiye\u2019nin tan\u0131nm\u0131\u015f ses ve opera sanat\u00e7\u0131s\u0131 Tenor  Hakan Aysev de sahne alarak izleyenlere unutulmaz bir gece ya\u015fatt\u0131.<\/p>\n<\/p><\/div>\n<p><script async\n                    defer\n                    crossorigin=\"anonymous\"\n                    src=\"https:\/\/connect.facebook.net\/tr_TR\/sdk.js#xfbml=1&#038;version=v3.3\"\n            ><\/script><\/p>\n","protected":false},"excerpt":{"rendered":"<p>Bahar Esintileri Sanat Derne\u011fi T\u00fcrk M\u00fczi\u011fi Korosu taraf\u0131ndan \u201cG\u00f6nl\u00fcm\u00fczdeki \u015eark\u0131lar Konseri\u201d Girne Amfitiyatro\u2019da ger\u00e7ekle\u015ftirildi. Konserde T\u00fcrkiye\u2019nin tan\u0131nm\u0131\u015f ses ve opera sanat\u00e7\u0131s\u0131 Hakan Aysev konuk sanat\u00e7\u0131 olarak yer ald\u0131. Bahar Esintileri Sanat Derne\u011fi Ba\u015fkan\u0131 Ahmet G\u00f6khan etkinlikte gelece\u011fe y\u00f6nelik proje ve programlar\u0131 hakk\u0131nda bilgi verdi. Dernek olarak ama\u00e7lar\u0131n\u0131n T\u00fcrk M\u00fczi\u011fini ya\u015fatmak, gelecek nesillere aktarmak ve \u00fclkede [&hellip;]<\/p>\n","protected":false},"author":1,"featured_media":11125,"comment_status":"open","ping_status":"open","sticky":false,"template":"","format":"standard","meta":{"jnews-multi-image_gallery":[],"jnews_single_post":[],"jnews_primary_category":[],"jnews_social_meta":[],"jnews_override_counter":[],"footnotes":""},"categories":[6],"tags":[],"class_list":["post-11124","post","type-post","status-publish","format-standard","has-post-thumbnail","hentry","category-yasam"],"yoast_head":"<!-- This site is optimized with the Yoast SEO plugin v27.4 - https:\/\/yoast.com\/product\/yoast-seo-wordpress\/ -->\n<title>Bahar Esintileri Sanat Derne\u011fi KHYD yarar\u0131na konser d\u00fczenledi - Kuzeyin Sesi<\/title>\n<meta name=\"robots\" content=\"index, follow, max-snippet:-1, max-image-preview:large, max-video-preview:-1\" \/>\n<link rel=\"canonical\" href=\"https:\/\/kuzeyinsesi.org\/index.php\/2024\/10\/08\/bahar-esintileri-sanat-dernegi-khyd-yararina-konser-duzenledi\/\" \/>\n<meta property=\"og:locale\" content=\"tr_TR\" \/>\n<meta property=\"og:type\" content=\"article\" \/>\n<meta property=\"og:title\" content=\"Bahar Esintileri Sanat Derne\u011fi KHYD yarar\u0131na konser d\u00fczenledi - Kuzeyin Sesi\" \/>\n<meta property=\"og:description\" content=\"Bahar Esintileri Sanat Derne\u011fi T\u00fcrk M\u00fczi\u011fi Korosu taraf\u0131ndan \u201cG\u00f6nl\u00fcm\u00fczdeki \u015eark\u0131lar Konseri\u201d Girne Amfitiyatro\u2019da ger\u00e7ekle\u015ftirildi. Konserde T\u00fcrkiye\u2019nin tan\u0131nm\u0131\u015f ses ve opera sanat\u00e7\u0131s\u0131 Hakan Aysev konuk sanat\u00e7\u0131 olarak yer ald\u0131. Bahar Esintileri Sanat Derne\u011fi Ba\u015fkan\u0131 Ahmet G\u00f6khan etkinlikte gelece\u011fe y\u00f6nelik proje ve programlar\u0131 hakk\u0131nda bilgi verdi. Dernek olarak ama\u00e7lar\u0131n\u0131n T\u00fcrk M\u00fczi\u011fini ya\u015fatmak, gelecek nesillere aktarmak ve \u00fclkede [&hellip;]\" \/>\n<meta property=\"og:url\" content=\"https:\/\/kuzeyinsesi.org\/index.php\/2024\/10\/08\/bahar-esintileri-sanat-dernegi-khyd-yararina-konser-duzenledi\/\" \/>\n<meta property=\"og:site_name\" content=\"Kuzeyin Sesi\" \/>\n<meta property=\"article:publisher\" content=\"https:\/\/www.facebook.com\/kuzeyinsesii\" \/>\n<meta property=\"article:published_time\" content=\"2024-10-08T08:07:26+00:00\" \/>\n<meta property=\"og:image\" content=\"https:\/\/brtk.net\/wp-content\/uploads\/2024\/10\/08\/df7ac860-91cc-419e-83c7-328c0a5ce19baaaaaaaaaaaaaaaa.jpeg?ver=1223a645cc80ff3d36d30c298bad7a1a\" \/>\n<meta name=\"author\" content=\"Kuzeyin Sesi\" \/>\n<meta name=\"twitter:card\" content=\"summary_large_image\" \/>\n<meta name=\"twitter:creator\" content=\"@kuzeyinsesii\" \/>\n<meta name=\"twitter:site\" content=\"@kuzeyinsesii\" \/>\n<meta name=\"twitter:label1\" content=\"Yazan:\" \/>\n\t<meta name=\"twitter:data1\" content=\"Kuzeyin Sesi\" \/>\n\t<meta name=\"twitter:label2\" content=\"Tahmini okuma s\u00fcresi\" \/>\n\t<meta name=\"twitter:data2\" content=\"1 dakika\" \/>\n<script type=\"application\/ld+json\" class=\"yoast-schema-graph\">{\"@context\":\"https:\\\/\\\/schema.org\",\"@graph\":[{\"@type\":\"Article\",\"@id\":\"https:\\\/\\\/kuzeyinsesi.org\\\/index.php\\\/2024\\\/10\\\/08\\\/bahar-esintileri-sanat-dernegi-khyd-yararina-konser-duzenledi\\\/#article\",\"isPartOf\":{\"@id\":\"https:\\\/\\\/kuzeyinsesi.org\\\/index.php\\\/2024\\\/10\\\/08\\\/bahar-esintileri-sanat-dernegi-khyd-yararina-konser-duzenledi\\\/\"},\"author\":{\"name\":\"Kuzeyin Sesi\",\"@id\":\"https:\\\/\\\/kuzeyinsesi.org\\\/#\\\/schema\\\/person\\\/9f859689cdf01485597712386e37f5aa\"},\"headline\":\"Bahar Esintileri Sanat Derne\u011fi KHYD yarar\u0131na konser d\u00fczenledi\",\"datePublished\":\"2024-10-08T08:07:26+00:00\",\"mainEntityOfPage\":{\"@id\":\"https:\\\/\\\/kuzeyinsesi.org\\\/index.php\\\/2024\\\/10\\\/08\\\/bahar-esintileri-sanat-dernegi-khyd-yararina-konser-duzenledi\\\/\"},\"wordCount\":240,\"commentCount\":0,\"image\":{\"@id\":\"https:\\\/\\\/kuzeyinsesi.org\\\/index.php\\\/2024\\\/10\\\/08\\\/bahar-esintileri-sanat-dernegi-khyd-yararina-konser-duzenledi\\\/#primaryimage\"},\"thumbnailUrl\":\"https:\\\/\\\/kuzeyinsesi.org\\\/wp-content\\\/uploads\\\/2024\\\/10\\\/df7ac860-91cc-419e-83c7-328c0a5ce19baaaaaaaaaaaaaaaa.jpeg\",\"articleSection\":[\"Ya\u015fam\"],\"inLanguage\":\"tr\",\"potentialAction\":[{\"@type\":\"CommentAction\",\"name\":\"Comment\",\"target\":[\"https:\\\/\\\/kuzeyinsesi.org\\\/index.php\\\/2024\\\/10\\\/08\\\/bahar-esintileri-sanat-dernegi-khyd-yararina-konser-duzenledi\\\/#respond\"]}]},{\"@type\":\"WebPage\",\"@id\":\"https:\\\/\\\/kuzeyinsesi.org\\\/index.php\\\/2024\\\/10\\\/08\\\/bahar-esintileri-sanat-dernegi-khyd-yararina-konser-duzenledi\\\/\",\"url\":\"https:\\\/\\\/kuzeyinsesi.org\\\/index.php\\\/2024\\\/10\\\/08\\\/bahar-esintileri-sanat-dernegi-khyd-yararina-konser-duzenledi\\\/\",\"name\":\"Bahar Esintileri Sanat Derne\u011fi KHYD yarar\u0131na konser d\u00fczenledi - Kuzeyin Sesi\",\"isPartOf\":{\"@id\":\"https:\\\/\\\/kuzeyinsesi.org\\\/#website\"},\"primaryImageOfPage\":{\"@id\":\"https:\\\/\\\/kuzeyinsesi.org\\\/index.php\\\/2024\\\/10\\\/08\\\/bahar-esintileri-sanat-dernegi-khyd-yararina-konser-duzenledi\\\/#primaryimage\"},\"image\":{\"@id\":\"https:\\\/\\\/kuzeyinsesi.org\\\/index.php\\\/2024\\\/10\\\/08\\\/bahar-esintileri-sanat-dernegi-khyd-yararina-konser-duzenledi\\\/#primaryimage\"},\"thumbnailUrl\":\"https:\\\/\\\/kuzeyinsesi.org\\\/wp-content\\\/uploads\\\/2024\\\/10\\\/df7ac860-91cc-419e-83c7-328c0a5ce19baaaaaaaaaaaaaaaa.jpeg\",\"datePublished\":\"2024-10-08T08:07:26+00:00\",\"author\":{\"@id\":\"https:\\\/\\\/kuzeyinsesi.org\\\/#\\\/schema\\\/person\\\/9f859689cdf01485597712386e37f5aa\"},\"breadcrumb\":{\"@id\":\"https:\\\/\\\/kuzeyinsesi.org\\\/index.php\\\/2024\\\/10\\\/08\\\/bahar-esintileri-sanat-dernegi-khyd-yararina-konser-duzenledi\\\/#breadcrumb\"},\"inLanguage\":\"tr\",\"potentialAction\":[{\"@type\":\"ReadAction\",\"target\":[\"https:\\\/\\\/kuzeyinsesi.org\\\/index.php\\\/2024\\\/10\\\/08\\\/bahar-esintileri-sanat-dernegi-khyd-yararina-konser-duzenledi\\\/\"]}]},{\"@type\":\"ImageObject\",\"inLanguage\":\"tr\",\"@id\":\"https:\\\/\\\/kuzeyinsesi.org\\\/index.php\\\/2024\\\/10\\\/08\\\/bahar-esintileri-sanat-dernegi-khyd-yararina-konser-duzenledi\\\/#primaryimage\",\"url\":\"https:\\\/\\\/kuzeyinsesi.org\\\/wp-content\\\/uploads\\\/2024\\\/10\\\/df7ac860-91cc-419e-83c7-328c0a5ce19baaaaaaaaaaaaaaaa.jpeg\",\"contentUrl\":\"https:\\\/\\\/kuzeyinsesi.org\\\/wp-content\\\/uploads\\\/2024\\\/10\\\/df7ac860-91cc-419e-83c7-328c0a5ce19baaaaaaaaaaaaaaaa.jpeg\",\"width\":1421,\"height\":843},{\"@type\":\"BreadcrumbList\",\"@id\":\"https:\\\/\\\/kuzeyinsesi.org\\\/index.php\\\/2024\\\/10\\\/08\\\/bahar-esintileri-sanat-dernegi-khyd-yararina-konser-duzenledi\\\/#breadcrumb\",\"itemListElement\":[{\"@type\":\"ListItem\",\"position\":1,\"name\":\"Anasayfa\",\"item\":\"https:\\\/\\\/kuzeyinsesi.org\\\/\"},{\"@type\":\"ListItem\",\"position\":2,\"name\":\"Bahar Esintileri Sanat Derne\u011fi KHYD yarar\u0131na konser d\u00fczenledi\"}]},{\"@type\":\"WebSite\",\"@id\":\"https:\\\/\\\/kuzeyinsesi.org\\\/#website\",\"url\":\"https:\\\/\\\/kuzeyinsesi.org\\\/\",\"name\":\"Kuzeyin Sesi\",\"description\":\"Do\u011fru Haberin Adresi\",\"potentialAction\":[{\"@type\":\"SearchAction\",\"target\":{\"@type\":\"EntryPoint\",\"urlTemplate\":\"https:\\\/\\\/kuzeyinsesi.org\\\/?s={search_term_string}\"},\"query-input\":{\"@type\":\"PropertyValueSpecification\",\"valueRequired\":true,\"valueName\":\"search_term_string\"}}],\"inLanguage\":\"tr\"},{\"@type\":\"Person\",\"@id\":\"https:\\\/\\\/kuzeyinsesi.org\\\/#\\\/schema\\\/person\\\/9f859689cdf01485597712386e37f5aa\",\"name\":\"Kuzeyin Sesi\",\"image\":{\"@type\":\"ImageObject\",\"inLanguage\":\"tr\",\"@id\":\"https:\\\/\\\/secure.gravatar.com\\\/avatar\\\/bab33852abfd8b282518d6ed81826833d77c3c882d9ab608add591ccace47a44?s=96&d=mm&r=g\",\"url\":\"https:\\\/\\\/secure.gravatar.com\\\/avatar\\\/bab33852abfd8b282518d6ed81826833d77c3c882d9ab608add591ccace47a44?s=96&d=mm&r=g\",\"contentUrl\":\"https:\\\/\\\/secure.gravatar.com\\\/avatar\\\/bab33852abfd8b282518d6ed81826833d77c3c882d9ab608add591ccace47a44?s=96&d=mm&r=g\",\"caption\":\"Kuzeyin Sesi\"},\"sameAs\":[\"https:\\\/\\\/kuzeyinsesi.org\"],\"url\":\"https:\\\/\\\/kuzeyinsesi.org\\\/index.php\\\/author\\\/guven\\\/\"}]}<\/script>\n<!-- \/ Yoast SEO plugin. -->","yoast_head_json":{"title":"Bahar Esintileri Sanat Derne\u011fi KHYD yarar\u0131na konser d\u00fczenledi - Kuzeyin Sesi","robots":{"index":"index","follow":"follow","max-snippet":"max-snippet:-1","max-image-preview":"max-image-preview:large","max-video-preview":"max-video-preview:-1"},"canonical":"https:\/\/kuzeyinsesi.org\/index.php\/2024\/10\/08\/bahar-esintileri-sanat-dernegi-khyd-yararina-konser-duzenledi\/","og_locale":"tr_TR","og_type":"article","og_title":"Bahar Esintileri Sanat Derne\u011fi KHYD yarar\u0131na konser d\u00fczenledi - Kuzeyin Sesi","og_description":"Bahar Esintileri Sanat Derne\u011fi T\u00fcrk M\u00fczi\u011fi Korosu taraf\u0131ndan \u201cG\u00f6nl\u00fcm\u00fczdeki \u015eark\u0131lar Konseri\u201d Girne Amfitiyatro\u2019da ger\u00e7ekle\u015ftirildi. Konserde T\u00fcrkiye\u2019nin tan\u0131nm\u0131\u015f ses ve opera sanat\u00e7\u0131s\u0131 Hakan Aysev konuk sanat\u00e7\u0131 olarak yer ald\u0131. Bahar Esintileri Sanat Derne\u011fi Ba\u015fkan\u0131 Ahmet G\u00f6khan etkinlikte gelece\u011fe y\u00f6nelik proje ve programlar\u0131 hakk\u0131nda bilgi verdi. Dernek olarak ama\u00e7lar\u0131n\u0131n T\u00fcrk M\u00fczi\u011fini ya\u015fatmak, gelecek nesillere aktarmak ve \u00fclkede [&hellip;]","og_url":"https:\/\/kuzeyinsesi.org\/index.php\/2024\/10\/08\/bahar-esintileri-sanat-dernegi-khyd-yararina-konser-duzenledi\/","og_site_name":"Kuzeyin Sesi","article_publisher":"https:\/\/www.facebook.com\/kuzeyinsesii","article_published_time":"2024-10-08T08:07:26+00:00","og_image":[{"url":"https:\/\/brtk.net\/wp-content\/uploads\/2024\/10\/08\/df7ac860-91cc-419e-83c7-328c0a5ce19baaaaaaaaaaaaaaaa.jpeg?ver=1223a645cc80ff3d36d30c298bad7a1a","type":"","width":"","height":""}],"author":"Kuzeyin Sesi","twitter_card":"summary_large_image","twitter_creator":"@kuzeyinsesii","twitter_site":"@kuzeyinsesii","twitter_misc":{"Yazan:":"Kuzeyin Sesi","Tahmini okuma s\u00fcresi":"1 dakika"},"schema":{"@context":"https:\/\/schema.org","@graph":[{"@type":"Article","@id":"https:\/\/kuzeyinsesi.org\/index.php\/2024\/10\/08\/bahar-esintileri-sanat-dernegi-khyd-yararina-konser-duzenledi\/#article","isPartOf":{"@id":"https:\/\/kuzeyinsesi.org\/index.php\/2024\/10\/08\/bahar-esintileri-sanat-dernegi-khyd-yararina-konser-duzenledi\/"},"author":{"name":"Kuzeyin Sesi","@id":"https:\/\/kuzeyinsesi.org\/#\/schema\/person\/9f859689cdf01485597712386e37f5aa"},"headline":"Bahar Esintileri Sanat Derne\u011fi KHYD yarar\u0131na konser d\u00fczenledi","datePublished":"2024-10-08T08:07:26+00:00","mainEntityOfPage":{"@id":"https:\/\/kuzeyinsesi.org\/index.php\/2024\/10\/08\/bahar-esintileri-sanat-dernegi-khyd-yararina-konser-duzenledi\/"},"wordCount":240,"commentCount":0,"image":{"@id":"https:\/\/kuzeyinsesi.org\/index.php\/2024\/10\/08\/bahar-esintileri-sanat-dernegi-khyd-yararina-konser-duzenledi\/#primaryimage"},"thumbnailUrl":"https:\/\/kuzeyinsesi.org\/wp-content\/uploads\/2024\/10\/df7ac860-91cc-419e-83c7-328c0a5ce19baaaaaaaaaaaaaaaa.jpeg","articleSection":["Ya\u015fam"],"inLanguage":"tr","potentialAction":[{"@type":"CommentAction","name":"Comment","target":["https:\/\/kuzeyinsesi.org\/index.php\/2024\/10\/08\/bahar-esintileri-sanat-dernegi-khyd-yararina-konser-duzenledi\/#respond"]}]},{"@type":"WebPage","@id":"https:\/\/kuzeyinsesi.org\/index.php\/2024\/10\/08\/bahar-esintileri-sanat-dernegi-khyd-yararina-konser-duzenledi\/","url":"https:\/\/kuzeyinsesi.org\/index.php\/2024\/10\/08\/bahar-esintileri-sanat-dernegi-khyd-yararina-konser-duzenledi\/","name":"Bahar Esintileri Sanat Derne\u011fi KHYD yarar\u0131na konser d\u00fczenledi - Kuzeyin Sesi","isPartOf":{"@id":"https:\/\/kuzeyinsesi.org\/#website"},"primaryImageOfPage":{"@id":"https:\/\/kuzeyinsesi.org\/index.php\/2024\/10\/08\/bahar-esintileri-sanat-dernegi-khyd-yararina-konser-duzenledi\/#primaryimage"},"image":{"@id":"https:\/\/kuzeyinsesi.org\/index.php\/2024\/10\/08\/bahar-esintileri-sanat-dernegi-khyd-yararina-konser-duzenledi\/#primaryimage"},"thumbnailUrl":"https:\/\/kuzeyinsesi.org\/wp-content\/uploads\/2024\/10\/df7ac860-91cc-419e-83c7-328c0a5ce19baaaaaaaaaaaaaaaa.jpeg","datePublished":"2024-10-08T08:07:26+00:00","author":{"@id":"https:\/\/kuzeyinsesi.org\/#\/schema\/person\/9f859689cdf01485597712386e37f5aa"},"breadcrumb":{"@id":"https:\/\/kuzeyinsesi.org\/index.php\/2024\/10\/08\/bahar-esintileri-sanat-dernegi-khyd-yararina-konser-duzenledi\/#breadcrumb"},"inLanguage":"tr","potentialAction":[{"@type":"ReadAction","target":["https:\/\/kuzeyinsesi.org\/index.php\/2024\/10\/08\/bahar-esintileri-sanat-dernegi-khyd-yararina-konser-duzenledi\/"]}]},{"@type":"ImageObject","inLanguage":"tr","@id":"https:\/\/kuzeyinsesi.org\/index.php\/2024\/10\/08\/bahar-esintileri-sanat-dernegi-khyd-yararina-konser-duzenledi\/#primaryimage","url":"https:\/\/kuzeyinsesi.org\/wp-content\/uploads\/2024\/10\/df7ac860-91cc-419e-83c7-328c0a5ce19baaaaaaaaaaaaaaaa.jpeg","contentUrl":"https:\/\/kuzeyinsesi.org\/wp-content\/uploads\/2024\/10\/df7ac860-91cc-419e-83c7-328c0a5ce19baaaaaaaaaaaaaaaa.jpeg","width":1421,"height":843},{"@type":"BreadcrumbList","@id":"https:\/\/kuzeyinsesi.org\/index.php\/2024\/10\/08\/bahar-esintileri-sanat-dernegi-khyd-yararina-konser-duzenledi\/#breadcrumb","itemListElement":[{"@type":"ListItem","position":1,"name":"Anasayfa","item":"https:\/\/kuzeyinsesi.org\/"},{"@type":"ListItem","position":2,"name":"Bahar Esintileri Sanat Derne\u011fi KHYD yarar\u0131na konser d\u00fczenledi"}]},{"@type":"WebSite","@id":"https:\/\/kuzeyinsesi.org\/#website","url":"https:\/\/kuzeyinsesi.org\/","name":"Kuzeyin Sesi","description":"Do\u011fru Haberin Adresi","potentialAction":[{"@type":"SearchAction","target":{"@type":"EntryPoint","urlTemplate":"https:\/\/kuzeyinsesi.org\/?s={search_term_string}"},"query-input":{"@type":"PropertyValueSpecification","valueRequired":true,"valueName":"search_term_string"}}],"inLanguage":"tr"},{"@type":"Person","@id":"https:\/\/kuzeyinsesi.org\/#\/schema\/person\/9f859689cdf01485597712386e37f5aa","name":"Kuzeyin Sesi","image":{"@type":"ImageObject","inLanguage":"tr","@id":"https:\/\/secure.gravatar.com\/avatar\/bab33852abfd8b282518d6ed81826833d77c3c882d9ab608add591ccace47a44?s=96&d=mm&r=g","url":"https:\/\/secure.gravatar.com\/avatar\/bab33852abfd8b282518d6ed81826833d77c3c882d9ab608add591ccace47a44?s=96&d=mm&r=g","contentUrl":"https:\/\/secure.gravatar.com\/avatar\/bab33852abfd8b282518d6ed81826833d77c3c882d9ab608add591ccace47a44?s=96&d=mm&r=g","caption":"Kuzeyin Sesi"},"sameAs":["https:\/\/kuzeyinsesi.org"],"url":"https:\/\/kuzeyinsesi.org\/index.php\/author\/guven\/"}]}},"_links":{"self":[{"href":"https:\/\/kuzeyinsesi.org\/index.php\/wp-json\/wp\/v2\/posts\/11124","targetHints":{"allow":["GET"]}}],"collection":[{"href":"https:\/\/kuzeyinsesi.org\/index.php\/wp-json\/wp\/v2\/posts"}],"about":[{"href":"https:\/\/kuzeyinsesi.org\/index.php\/wp-json\/wp\/v2\/types\/post"}],"author":[{"embeddable":true,"href":"https:\/\/kuzeyinsesi.org\/index.php\/wp-json\/wp\/v2\/users\/1"}],"replies":[{"embeddable":true,"href":"https:\/\/kuzeyinsesi.org\/index.php\/wp-json\/wp\/v2\/comments?post=11124"}],"version-history":[{"count":0,"href":"https:\/\/kuzeyinsesi.org\/index.php\/wp-json\/wp\/v2\/posts\/11124\/revisions"}],"wp:featuredmedia":[{"embeddable":true,"href":"https:\/\/kuzeyinsesi.org\/index.php\/wp-json\/wp\/v2\/media\/11125"}],"wp:attachment":[{"href":"https:\/\/kuzeyinsesi.org\/index.php\/wp-json\/wp\/v2\/media?parent=11124"}],"wp:term":[{"taxonomy":"category","embeddable":true,"href":"https:\/\/kuzeyinsesi.org\/index.php\/wp-json\/wp\/v2\/categories?post=11124"},{"taxonomy":"post_tag","embeddable":true,"href":"https:\/\/kuzeyinsesi.org\/index.php\/wp-json\/wp\/v2\/tags?post=11124"}],"curies":[{"name":"wp","href":"https:\/\/api.w.org\/{rel}","templated":true}]}}