{"id":11118,"date":"2024-10-08T10:03:32","date_gmt":"2024-10-08T07:03:32","guid":{"rendered":"https:\/\/kuzeyinsesi.org\/index.php\/2024\/10\/08\/uluslararasi-kuzey-kibris-muzik-festivalinde-dunyaca-unlu-tenor-massimiliano-pisapia-ve-soprano-burcu-uyar-konser-verecek\/"},"modified":"2024-10-08T10:03:32","modified_gmt":"2024-10-08T07:03:32","slug":"uluslararasi-kuzey-kibris-muzik-festivalinde-dunyaca-unlu-tenor-massimiliano-pisapia-ve-soprano-burcu-uyar-konser-verecek","status":"publish","type":"post","link":"https:\/\/kuzeyinsesi.org\/index.php\/2024\/10\/08\/uluslararasi-kuzey-kibris-muzik-festivalinde-dunyaca-unlu-tenor-massimiliano-pisapia-ve-soprano-burcu-uyar-konser-verecek\/","title":{"rendered":"Uluslararas\u0131 Kuzey K\u0131br\u0131s M\u00fczik Festivali\u2019nde d\u00fcnyaca \u00fcnl\u00fc Tenor Mass\u0131m\u0131l\u0131ano P\u0131sap\u0131a ve Soprano Burcu Uyar konser verecek"},"content":{"rendered":"<div>\n<div class=\"mariselle-image-container center\">\n                                            <\/div>\n<p> Uluslararas\u0131 Kuzey K\u0131br\u0131s M\u00fczik Festivali\u2019nde d\u00fcnyaca \u00fcnl\u00fc Tenor Massimiliano Pisapia ve Soprano Burcu Uyar konser verecek.<\/p>\n<p>Kuzey K\u0131br\u0131s M\u00fczik Derne\u011fi\u2019nden yap\u0131lan yaz\u0131l\u0131 a\u00e7\u0131klamaya g\u00f6re, Derne\u011fin her y\u0131l d\u00fczenledi\u011fi ve bu y\u0131l Turizm ve K\u00fclt\u00fcr Bakanl\u0131\u011f\u0131, Deniz Plaza, Rocks Hotel, Bellapais Gardens, Kybele ve Huzur A\u011fa\u00e7 katk\u0131lar\u0131yla 22\u2019ncisini ger\u00e7ekle\u015ftirdi\u011fi Uluslararas\u0131 Kuzey K\u0131br\u0131s M\u00fczik Festivali\u2019nde d\u00fcnyaca \u00fcnl\u00fc opera sanat\u00e7\u0131lar\u0131 \u0130talyan Tenor Massimiliano Pisapia ve ya\u015fam\u0131n\u0131 Fransa\u2019 da s\u00fcrd\u00fcren Soprano Burcu Uyar, \u0130talyan piyanist Achille Lampo e\u015fli\u011finde konser verecek.<\/p>\n<p>Bellapais Manast\u0131r\u0131\u2019nda Per\u015fembe ak\u015fam\u0131 saat 20.30\u2019da yer alacak konserde \u00fcnl\u00fc sanat\u00e7\u0131lar Nessun Dorma, E lucevan le stelle, La donna \u00e8 mobile, O sole mio gibi aryalar\u0131n ve d\u00fcetlerin yan\u0131nda Edith Piaf\u2019 \u0131n L\u2019hymne \u00e0 L\u2019amour \u015fark\u0131s\u0131n\u0131 da yorumlayacak.<\/p>\n<p>Festival, 12 Ekim Cumartesi ak\u015fam\u0131 piyanist Rauf Kas\u0131mov\u2019un verece\u011fi piyano resitaliyle devam edecek.<\/p>\n<p>T\u00fcm konserlerin biletlerine Deniz Plazalardan, Bellapais Manast\u0131r\u0131 Bilet Ofisinden ve Online olarak Biletfest.com ile Gisekibris.com dan ula\u015f\u0131labilecek.<\/p>\n<\/p><\/div>\n<p><script async\n                    defer\n                    crossorigin=\"anonymous\"\n                    src=\"https:\/\/connect.facebook.net\/tr_TR\/sdk.js#xfbml=1&#038;version=v3.3\"\n            ><\/script><\/p>\n","protected":false},"excerpt":{"rendered":"<p>Uluslararas\u0131 Kuzey K\u0131br\u0131s M\u00fczik Festivali\u2019nde d\u00fcnyaca \u00fcnl\u00fc Tenor Massimiliano Pisapia ve Soprano Burcu Uyar konser verecek. Kuzey K\u0131br\u0131s M\u00fczik Derne\u011fi\u2019nden yap\u0131lan yaz\u0131l\u0131 a\u00e7\u0131klamaya g\u00f6re, Derne\u011fin her y\u0131l d\u00fczenledi\u011fi ve bu y\u0131l Turizm ve K\u00fclt\u00fcr Bakanl\u0131\u011f\u0131, Deniz Plaza, Rocks Hotel, Bellapais Gardens, Kybele ve Huzur A\u011fa\u00e7 katk\u0131lar\u0131yla 22\u2019ncisini ger\u00e7ekle\u015ftirdi\u011fi Uluslararas\u0131 Kuzey K\u0131br\u0131s M\u00fczik Festivali\u2019nde d\u00fcnyaca \u00fcnl\u00fc [&hellip;]<\/p>\n","protected":false},"author":1,"featured_media":11119,"comment_status":"open","ping_status":"open","sticky":false,"template":"","format":"standard","meta":{"jnews-multi-image_gallery":[],"jnews_single_post":[],"jnews_primary_category":[],"jnews_social_meta":[],"jnews_override_counter":[],"footnotes":""},"categories":[6],"tags":[],"class_list":["post-11118","post","type-post","status-publish","format-standard","has-post-thumbnail","hentry","category-yasam"],"yoast_head":"<!-- This site is optimized with the Yoast SEO plugin v27.4 - https:\/\/yoast.com\/product\/yoast-seo-wordpress\/ -->\n<title>Uluslararas\u0131 Kuzey K\u0131br\u0131s M\u00fczik Festivali\u2019nde d\u00fcnyaca \u00fcnl\u00fc Tenor Mass\u0131m\u0131l\u0131ano P\u0131sap\u0131a ve Soprano Burcu Uyar konser verecek - Kuzeyin Sesi<\/title>\n<meta name=\"robots\" content=\"index, follow, max-snippet:-1, max-image-preview:large, max-video-preview:-1\" \/>\n<link rel=\"canonical\" href=\"https:\/\/kuzeyinsesi.org\/index.php\/2024\/10\/08\/uluslararasi-kuzey-kibris-muzik-festivalinde-dunyaca-unlu-tenor-massimiliano-pisapia-ve-soprano-burcu-uyar-konser-verecek\/\" \/>\n<meta property=\"og:locale\" content=\"tr_TR\" \/>\n<meta property=\"og:type\" content=\"article\" \/>\n<meta property=\"og:title\" content=\"Uluslararas\u0131 Kuzey K\u0131br\u0131s M\u00fczik Festivali\u2019nde d\u00fcnyaca \u00fcnl\u00fc Tenor Mass\u0131m\u0131l\u0131ano P\u0131sap\u0131a ve Soprano Burcu Uyar konser verecek - Kuzeyin Sesi\" \/>\n<meta property=\"og:description\" content=\"Uluslararas\u0131 Kuzey K\u0131br\u0131s M\u00fczik Festivali\u2019nde d\u00fcnyaca \u00fcnl\u00fc Tenor Massimiliano Pisapia ve Soprano Burcu Uyar konser verecek. Kuzey K\u0131br\u0131s M\u00fczik Derne\u011fi\u2019nden yap\u0131lan yaz\u0131l\u0131 a\u00e7\u0131klamaya g\u00f6re, Derne\u011fin her y\u0131l d\u00fczenledi\u011fi ve bu y\u0131l Turizm ve K\u00fclt\u00fcr Bakanl\u0131\u011f\u0131, Deniz Plaza, Rocks Hotel, Bellapais Gardens, Kybele ve Huzur A\u011fa\u00e7 katk\u0131lar\u0131yla 22\u2019ncisini ger\u00e7ekle\u015ftirdi\u011fi Uluslararas\u0131 Kuzey K\u0131br\u0131s M\u00fczik Festivali\u2019nde d\u00fcnyaca \u00fcnl\u00fc [&hellip;]\" \/>\n<meta property=\"og:url\" content=\"https:\/\/kuzeyinsesi.org\/index.php\/2024\/10\/08\/uluslararasi-kuzey-kibris-muzik-festivalinde-dunyaca-unlu-tenor-massimiliano-pisapia-ve-soprano-burcu-uyar-konser-verecek\/\" \/>\n<meta property=\"og:site_name\" content=\"Kuzeyin Sesi\" \/>\n<meta property=\"article:publisher\" content=\"https:\/\/www.facebook.com\/kuzeyinsesii\" \/>\n<meta property=\"article:published_time\" content=\"2024-10-08T07:03:32+00:00\" \/>\n<meta property=\"og:image\" content=\"https:\/\/brtk.net\/wp-content\/uploads\/2024\/10\/08\/9833.jpg?ver=417edd1a8e9990e81a6573352b151291\" \/>\n<meta name=\"author\" content=\"Kuzeyin Sesi\" \/>\n<meta name=\"twitter:card\" content=\"summary_large_image\" \/>\n<meta name=\"twitter:creator\" content=\"@kuzeyinsesii\" \/>\n<meta name=\"twitter:site\" content=\"@kuzeyinsesii\" \/>\n<meta name=\"twitter:label1\" content=\"Yazan:\" \/>\n\t<meta name=\"twitter:data1\" content=\"Kuzeyin Sesi\" \/>\n\t<meta name=\"twitter:label2\" content=\"Tahmini okuma s\u00fcresi\" \/>\n\t<meta name=\"twitter:data2\" content=\"1 dakika\" \/>\n<script type=\"application\/ld+json\" class=\"yoast-schema-graph\">{\"@context\":\"https:\\\/\\\/schema.org\",\"@graph\":[{\"@type\":\"Article\",\"@id\":\"https:\\\/\\\/kuzeyinsesi.org\\\/index.php\\\/2024\\\/10\\\/08\\\/uluslararasi-kuzey-kibris-muzik-festivalinde-dunyaca-unlu-tenor-massimiliano-pisapia-ve-soprano-burcu-uyar-konser-verecek\\\/#article\",\"isPartOf\":{\"@id\":\"https:\\\/\\\/kuzeyinsesi.org\\\/index.php\\\/2024\\\/10\\\/08\\\/uluslararasi-kuzey-kibris-muzik-festivalinde-dunyaca-unlu-tenor-massimiliano-pisapia-ve-soprano-burcu-uyar-konser-verecek\\\/\"},\"author\":{\"name\":\"Kuzeyin Sesi\",\"@id\":\"https:\\\/\\\/kuzeyinsesi.org\\\/#\\\/schema\\\/person\\\/9f859689cdf01485597712386e37f5aa\"},\"headline\":\"Uluslararas\u0131 Kuzey K\u0131br\u0131s M\u00fczik Festivali\u2019nde d\u00fcnyaca \u00fcnl\u00fc Tenor Mass\u0131m\u0131l\u0131ano P\u0131sap\u0131a ve Soprano Burcu Uyar konser verecek\",\"datePublished\":\"2024-10-08T07:03:32+00:00\",\"mainEntityOfPage\":{\"@id\":\"https:\\\/\\\/kuzeyinsesi.org\\\/index.php\\\/2024\\\/10\\\/08\\\/uluslararasi-kuzey-kibris-muzik-festivalinde-dunyaca-unlu-tenor-massimiliano-pisapia-ve-soprano-burcu-uyar-konser-verecek\\\/\"},\"wordCount\":227,\"commentCount\":0,\"image\":{\"@id\":\"https:\\\/\\\/kuzeyinsesi.org\\\/index.php\\\/2024\\\/10\\\/08\\\/uluslararasi-kuzey-kibris-muzik-festivalinde-dunyaca-unlu-tenor-massimiliano-pisapia-ve-soprano-burcu-uyar-konser-verecek\\\/#primaryimage\"},\"thumbnailUrl\":\"https:\\\/\\\/kuzeyinsesi.org\\\/wp-content\\\/uploads\\\/2024\\\/10\\\/9833.jpg\",\"articleSection\":[\"Ya\u015fam\"],\"inLanguage\":\"tr\",\"potentialAction\":[{\"@type\":\"CommentAction\",\"name\":\"Comment\",\"target\":[\"https:\\\/\\\/kuzeyinsesi.org\\\/index.php\\\/2024\\\/10\\\/08\\\/uluslararasi-kuzey-kibris-muzik-festivalinde-dunyaca-unlu-tenor-massimiliano-pisapia-ve-soprano-burcu-uyar-konser-verecek\\\/#respond\"]}]},{\"@type\":\"WebPage\",\"@id\":\"https:\\\/\\\/kuzeyinsesi.org\\\/index.php\\\/2024\\\/10\\\/08\\\/uluslararasi-kuzey-kibris-muzik-festivalinde-dunyaca-unlu-tenor-massimiliano-pisapia-ve-soprano-burcu-uyar-konser-verecek\\\/\",\"url\":\"https:\\\/\\\/kuzeyinsesi.org\\\/index.php\\\/2024\\\/10\\\/08\\\/uluslararasi-kuzey-kibris-muzik-festivalinde-dunyaca-unlu-tenor-massimiliano-pisapia-ve-soprano-burcu-uyar-konser-verecek\\\/\",\"name\":\"Uluslararas\u0131 Kuzey K\u0131br\u0131s M\u00fczik Festivali\u2019nde d\u00fcnyaca \u00fcnl\u00fc Tenor Mass\u0131m\u0131l\u0131ano P\u0131sap\u0131a ve Soprano Burcu Uyar konser verecek - Kuzeyin Sesi\",\"isPartOf\":{\"@id\":\"https:\\\/\\\/kuzeyinsesi.org\\\/#website\"},\"primaryImageOfPage\":{\"@id\":\"https:\\\/\\\/kuzeyinsesi.org\\\/index.php\\\/2024\\\/10\\\/08\\\/uluslararasi-kuzey-kibris-muzik-festivalinde-dunyaca-unlu-tenor-massimiliano-pisapia-ve-soprano-burcu-uyar-konser-verecek\\\/#primaryimage\"},\"image\":{\"@id\":\"https:\\\/\\\/kuzeyinsesi.org\\\/index.php\\\/2024\\\/10\\\/08\\\/uluslararasi-kuzey-kibris-muzik-festivalinde-dunyaca-unlu-tenor-massimiliano-pisapia-ve-soprano-burcu-uyar-konser-verecek\\\/#primaryimage\"},\"thumbnailUrl\":\"https:\\\/\\\/kuzeyinsesi.org\\\/wp-content\\\/uploads\\\/2024\\\/10\\\/9833.jpg\",\"datePublished\":\"2024-10-08T07:03:32+00:00\",\"author\":{\"@id\":\"https:\\\/\\\/kuzeyinsesi.org\\\/#\\\/schema\\\/person\\\/9f859689cdf01485597712386e37f5aa\"},\"breadcrumb\":{\"@id\":\"https:\\\/\\\/kuzeyinsesi.org\\\/index.php\\\/2024\\\/10\\\/08\\\/uluslararasi-kuzey-kibris-muzik-festivalinde-dunyaca-unlu-tenor-massimiliano-pisapia-ve-soprano-burcu-uyar-konser-verecek\\\/#breadcrumb\"},\"inLanguage\":\"tr\",\"potentialAction\":[{\"@type\":\"ReadAction\",\"target\":[\"https:\\\/\\\/kuzeyinsesi.org\\\/index.php\\\/2024\\\/10\\\/08\\\/uluslararasi-kuzey-kibris-muzik-festivalinde-dunyaca-unlu-tenor-massimiliano-pisapia-ve-soprano-burcu-uyar-konser-verecek\\\/\"]}]},{\"@type\":\"ImageObject\",\"inLanguage\":\"tr\",\"@id\":\"https:\\\/\\\/kuzeyinsesi.org\\\/index.php\\\/2024\\\/10\\\/08\\\/uluslararasi-kuzey-kibris-muzik-festivalinde-dunyaca-unlu-tenor-massimiliano-pisapia-ve-soprano-burcu-uyar-konser-verecek\\\/#primaryimage\",\"url\":\"https:\\\/\\\/kuzeyinsesi.org\\\/wp-content\\\/uploads\\\/2024\\\/10\\\/9833.jpg\",\"contentUrl\":\"https:\\\/\\\/kuzeyinsesi.org\\\/wp-content\\\/uploads\\\/2024\\\/10\\\/9833.jpg\",\"width\":1080,\"height\":608},{\"@type\":\"BreadcrumbList\",\"@id\":\"https:\\\/\\\/kuzeyinsesi.org\\\/index.php\\\/2024\\\/10\\\/08\\\/uluslararasi-kuzey-kibris-muzik-festivalinde-dunyaca-unlu-tenor-massimiliano-pisapia-ve-soprano-burcu-uyar-konser-verecek\\\/#breadcrumb\",\"itemListElement\":[{\"@type\":\"ListItem\",\"position\":1,\"name\":\"Anasayfa\",\"item\":\"https:\\\/\\\/kuzeyinsesi.org\\\/\"},{\"@type\":\"ListItem\",\"position\":2,\"name\":\"Uluslararas\u0131 Kuzey K\u0131br\u0131s M\u00fczik Festivali\u2019nde d\u00fcnyaca \u00fcnl\u00fc Tenor Mass\u0131m\u0131l\u0131ano P\u0131sap\u0131a ve Soprano Burcu Uyar konser verecek\"}]},{\"@type\":\"WebSite\",\"@id\":\"https:\\\/\\\/kuzeyinsesi.org\\\/#website\",\"url\":\"https:\\\/\\\/kuzeyinsesi.org\\\/\",\"name\":\"Kuzeyin Sesi\",\"description\":\"Do\u011fru Haberin Adresi\",\"potentialAction\":[{\"@type\":\"SearchAction\",\"target\":{\"@type\":\"EntryPoint\",\"urlTemplate\":\"https:\\\/\\\/kuzeyinsesi.org\\\/?s={search_term_string}\"},\"query-input\":{\"@type\":\"PropertyValueSpecification\",\"valueRequired\":true,\"valueName\":\"search_term_string\"}}],\"inLanguage\":\"tr\"},{\"@type\":\"Person\",\"@id\":\"https:\\\/\\\/kuzeyinsesi.org\\\/#\\\/schema\\\/person\\\/9f859689cdf01485597712386e37f5aa\",\"name\":\"Kuzeyin Sesi\",\"image\":{\"@type\":\"ImageObject\",\"inLanguage\":\"tr\",\"@id\":\"https:\\\/\\\/secure.gravatar.com\\\/avatar\\\/bab33852abfd8b282518d6ed81826833d77c3c882d9ab608add591ccace47a44?s=96&d=mm&r=g\",\"url\":\"https:\\\/\\\/secure.gravatar.com\\\/avatar\\\/bab33852abfd8b282518d6ed81826833d77c3c882d9ab608add591ccace47a44?s=96&d=mm&r=g\",\"contentUrl\":\"https:\\\/\\\/secure.gravatar.com\\\/avatar\\\/bab33852abfd8b282518d6ed81826833d77c3c882d9ab608add591ccace47a44?s=96&d=mm&r=g\",\"caption\":\"Kuzeyin Sesi\"},\"sameAs\":[\"https:\\\/\\\/kuzeyinsesi.org\"],\"url\":\"https:\\\/\\\/kuzeyinsesi.org\\\/index.php\\\/author\\\/guven\\\/\"}]}<\/script>\n<!-- \/ Yoast SEO plugin. -->","yoast_head_json":{"title":"Uluslararas\u0131 Kuzey K\u0131br\u0131s M\u00fczik Festivali\u2019nde d\u00fcnyaca \u00fcnl\u00fc Tenor Mass\u0131m\u0131l\u0131ano P\u0131sap\u0131a ve Soprano Burcu Uyar konser verecek - Kuzeyin Sesi","robots":{"index":"index","follow":"follow","max-snippet":"max-snippet:-1","max-image-preview":"max-image-preview:large","max-video-preview":"max-video-preview:-1"},"canonical":"https:\/\/kuzeyinsesi.org\/index.php\/2024\/10\/08\/uluslararasi-kuzey-kibris-muzik-festivalinde-dunyaca-unlu-tenor-massimiliano-pisapia-ve-soprano-burcu-uyar-konser-verecek\/","og_locale":"tr_TR","og_type":"article","og_title":"Uluslararas\u0131 Kuzey K\u0131br\u0131s M\u00fczik Festivali\u2019nde d\u00fcnyaca \u00fcnl\u00fc Tenor Mass\u0131m\u0131l\u0131ano P\u0131sap\u0131a ve Soprano Burcu Uyar konser verecek - Kuzeyin Sesi","og_description":"Uluslararas\u0131 Kuzey K\u0131br\u0131s M\u00fczik Festivali\u2019nde d\u00fcnyaca \u00fcnl\u00fc Tenor Massimiliano Pisapia ve Soprano Burcu Uyar konser verecek. Kuzey K\u0131br\u0131s M\u00fczik Derne\u011fi\u2019nden yap\u0131lan yaz\u0131l\u0131 a\u00e7\u0131klamaya g\u00f6re, Derne\u011fin her y\u0131l d\u00fczenledi\u011fi ve bu y\u0131l Turizm ve K\u00fclt\u00fcr Bakanl\u0131\u011f\u0131, Deniz Plaza, Rocks Hotel, Bellapais Gardens, Kybele ve Huzur A\u011fa\u00e7 katk\u0131lar\u0131yla 22\u2019ncisini ger\u00e7ekle\u015ftirdi\u011fi Uluslararas\u0131 Kuzey K\u0131br\u0131s M\u00fczik Festivali\u2019nde d\u00fcnyaca \u00fcnl\u00fc [&hellip;]","og_url":"https:\/\/kuzeyinsesi.org\/index.php\/2024\/10\/08\/uluslararasi-kuzey-kibris-muzik-festivalinde-dunyaca-unlu-tenor-massimiliano-pisapia-ve-soprano-burcu-uyar-konser-verecek\/","og_site_name":"Kuzeyin Sesi","article_publisher":"https:\/\/www.facebook.com\/kuzeyinsesii","article_published_time":"2024-10-08T07:03:32+00:00","og_image":[{"url":"https:\/\/brtk.net\/wp-content\/uploads\/2024\/10\/08\/9833.jpg?ver=417edd1a8e9990e81a6573352b151291","type":"","width":"","height":""}],"author":"Kuzeyin Sesi","twitter_card":"summary_large_image","twitter_creator":"@kuzeyinsesii","twitter_site":"@kuzeyinsesii","twitter_misc":{"Yazan:":"Kuzeyin Sesi","Tahmini okuma s\u00fcresi":"1 dakika"},"schema":{"@context":"https:\/\/schema.org","@graph":[{"@type":"Article","@id":"https:\/\/kuzeyinsesi.org\/index.php\/2024\/10\/08\/uluslararasi-kuzey-kibris-muzik-festivalinde-dunyaca-unlu-tenor-massimiliano-pisapia-ve-soprano-burcu-uyar-konser-verecek\/#article","isPartOf":{"@id":"https:\/\/kuzeyinsesi.org\/index.php\/2024\/10\/08\/uluslararasi-kuzey-kibris-muzik-festivalinde-dunyaca-unlu-tenor-massimiliano-pisapia-ve-soprano-burcu-uyar-konser-verecek\/"},"author":{"name":"Kuzeyin Sesi","@id":"https:\/\/kuzeyinsesi.org\/#\/schema\/person\/9f859689cdf01485597712386e37f5aa"},"headline":"Uluslararas\u0131 Kuzey K\u0131br\u0131s M\u00fczik Festivali\u2019nde d\u00fcnyaca \u00fcnl\u00fc Tenor Mass\u0131m\u0131l\u0131ano P\u0131sap\u0131a ve Soprano Burcu Uyar konser verecek","datePublished":"2024-10-08T07:03:32+00:00","mainEntityOfPage":{"@id":"https:\/\/kuzeyinsesi.org\/index.php\/2024\/10\/08\/uluslararasi-kuzey-kibris-muzik-festivalinde-dunyaca-unlu-tenor-massimiliano-pisapia-ve-soprano-burcu-uyar-konser-verecek\/"},"wordCount":227,"commentCount":0,"image":{"@id":"https:\/\/kuzeyinsesi.org\/index.php\/2024\/10\/08\/uluslararasi-kuzey-kibris-muzik-festivalinde-dunyaca-unlu-tenor-massimiliano-pisapia-ve-soprano-burcu-uyar-konser-verecek\/#primaryimage"},"thumbnailUrl":"https:\/\/kuzeyinsesi.org\/wp-content\/uploads\/2024\/10\/9833.jpg","articleSection":["Ya\u015fam"],"inLanguage":"tr","potentialAction":[{"@type":"CommentAction","name":"Comment","target":["https:\/\/kuzeyinsesi.org\/index.php\/2024\/10\/08\/uluslararasi-kuzey-kibris-muzik-festivalinde-dunyaca-unlu-tenor-massimiliano-pisapia-ve-soprano-burcu-uyar-konser-verecek\/#respond"]}]},{"@type":"WebPage","@id":"https:\/\/kuzeyinsesi.org\/index.php\/2024\/10\/08\/uluslararasi-kuzey-kibris-muzik-festivalinde-dunyaca-unlu-tenor-massimiliano-pisapia-ve-soprano-burcu-uyar-konser-verecek\/","url":"https:\/\/kuzeyinsesi.org\/index.php\/2024\/10\/08\/uluslararasi-kuzey-kibris-muzik-festivalinde-dunyaca-unlu-tenor-massimiliano-pisapia-ve-soprano-burcu-uyar-konser-verecek\/","name":"Uluslararas\u0131 Kuzey K\u0131br\u0131s M\u00fczik Festivali\u2019nde d\u00fcnyaca \u00fcnl\u00fc Tenor Mass\u0131m\u0131l\u0131ano P\u0131sap\u0131a ve Soprano Burcu Uyar konser verecek - Kuzeyin Sesi","isPartOf":{"@id":"https:\/\/kuzeyinsesi.org\/#website"},"primaryImageOfPage":{"@id":"https:\/\/kuzeyinsesi.org\/index.php\/2024\/10\/08\/uluslararasi-kuzey-kibris-muzik-festivalinde-dunyaca-unlu-tenor-massimiliano-pisapia-ve-soprano-burcu-uyar-konser-verecek\/#primaryimage"},"image":{"@id":"https:\/\/kuzeyinsesi.org\/index.php\/2024\/10\/08\/uluslararasi-kuzey-kibris-muzik-festivalinde-dunyaca-unlu-tenor-massimiliano-pisapia-ve-soprano-burcu-uyar-konser-verecek\/#primaryimage"},"thumbnailUrl":"https:\/\/kuzeyinsesi.org\/wp-content\/uploads\/2024\/10\/9833.jpg","datePublished":"2024-10-08T07:03:32+00:00","author":{"@id":"https:\/\/kuzeyinsesi.org\/#\/schema\/person\/9f859689cdf01485597712386e37f5aa"},"breadcrumb":{"@id":"https:\/\/kuzeyinsesi.org\/index.php\/2024\/10\/08\/uluslararasi-kuzey-kibris-muzik-festivalinde-dunyaca-unlu-tenor-massimiliano-pisapia-ve-soprano-burcu-uyar-konser-verecek\/#breadcrumb"},"inLanguage":"tr","potentialAction":[{"@type":"ReadAction","target":["https:\/\/kuzeyinsesi.org\/index.php\/2024\/10\/08\/uluslararasi-kuzey-kibris-muzik-festivalinde-dunyaca-unlu-tenor-massimiliano-pisapia-ve-soprano-burcu-uyar-konser-verecek\/"]}]},{"@type":"ImageObject","inLanguage":"tr","@id":"https:\/\/kuzeyinsesi.org\/index.php\/2024\/10\/08\/uluslararasi-kuzey-kibris-muzik-festivalinde-dunyaca-unlu-tenor-massimiliano-pisapia-ve-soprano-burcu-uyar-konser-verecek\/#primaryimage","url":"https:\/\/kuzeyinsesi.org\/wp-content\/uploads\/2024\/10\/9833.jpg","contentUrl":"https:\/\/kuzeyinsesi.org\/wp-content\/uploads\/2024\/10\/9833.jpg","width":1080,"height":608},{"@type":"BreadcrumbList","@id":"https:\/\/kuzeyinsesi.org\/index.php\/2024\/10\/08\/uluslararasi-kuzey-kibris-muzik-festivalinde-dunyaca-unlu-tenor-massimiliano-pisapia-ve-soprano-burcu-uyar-konser-verecek\/#breadcrumb","itemListElement":[{"@type":"ListItem","position":1,"name":"Anasayfa","item":"https:\/\/kuzeyinsesi.org\/"},{"@type":"ListItem","position":2,"name":"Uluslararas\u0131 Kuzey K\u0131br\u0131s M\u00fczik Festivali\u2019nde d\u00fcnyaca \u00fcnl\u00fc Tenor Mass\u0131m\u0131l\u0131ano P\u0131sap\u0131a ve Soprano Burcu Uyar konser verecek"}]},{"@type":"WebSite","@id":"https:\/\/kuzeyinsesi.org\/#website","url":"https:\/\/kuzeyinsesi.org\/","name":"Kuzeyin Sesi","description":"Do\u011fru Haberin Adresi","potentialAction":[{"@type":"SearchAction","target":{"@type":"EntryPoint","urlTemplate":"https:\/\/kuzeyinsesi.org\/?s={search_term_string}"},"query-input":{"@type":"PropertyValueSpecification","valueRequired":true,"valueName":"search_term_string"}}],"inLanguage":"tr"},{"@type":"Person","@id":"https:\/\/kuzeyinsesi.org\/#\/schema\/person\/9f859689cdf01485597712386e37f5aa","name":"Kuzeyin Sesi","image":{"@type":"ImageObject","inLanguage":"tr","@id":"https:\/\/secure.gravatar.com\/avatar\/bab33852abfd8b282518d6ed81826833d77c3c882d9ab608add591ccace47a44?s=96&d=mm&r=g","url":"https:\/\/secure.gravatar.com\/avatar\/bab33852abfd8b282518d6ed81826833d77c3c882d9ab608add591ccace47a44?s=96&d=mm&r=g","contentUrl":"https:\/\/secure.gravatar.com\/avatar\/bab33852abfd8b282518d6ed81826833d77c3c882d9ab608add591ccace47a44?s=96&d=mm&r=g","caption":"Kuzeyin Sesi"},"sameAs":["https:\/\/kuzeyinsesi.org"],"url":"https:\/\/kuzeyinsesi.org\/index.php\/author\/guven\/"}]}},"_links":{"self":[{"href":"https:\/\/kuzeyinsesi.org\/index.php\/wp-json\/wp\/v2\/posts\/11118","targetHints":{"allow":["GET"]}}],"collection":[{"href":"https:\/\/kuzeyinsesi.org\/index.php\/wp-json\/wp\/v2\/posts"}],"about":[{"href":"https:\/\/kuzeyinsesi.org\/index.php\/wp-json\/wp\/v2\/types\/post"}],"author":[{"embeddable":true,"href":"https:\/\/kuzeyinsesi.org\/index.php\/wp-json\/wp\/v2\/users\/1"}],"replies":[{"embeddable":true,"href":"https:\/\/kuzeyinsesi.org\/index.php\/wp-json\/wp\/v2\/comments?post=11118"}],"version-history":[{"count":0,"href":"https:\/\/kuzeyinsesi.org\/index.php\/wp-json\/wp\/v2\/posts\/11118\/revisions"}],"wp:featuredmedia":[{"embeddable":true,"href":"https:\/\/kuzeyinsesi.org\/index.php\/wp-json\/wp\/v2\/media\/11119"}],"wp:attachment":[{"href":"https:\/\/kuzeyinsesi.org\/index.php\/wp-json\/wp\/v2\/media?parent=11118"}],"wp:term":[{"taxonomy":"category","embeddable":true,"href":"https:\/\/kuzeyinsesi.org\/index.php\/wp-json\/wp\/v2\/categories?post=11118"},{"taxonomy":"post_tag","embeddable":true,"href":"https:\/\/kuzeyinsesi.org\/index.php\/wp-json\/wp\/v2\/tags?post=11118"}],"curies":[{"name":"wp","href":"https:\/\/api.w.org\/{rel}","templated":true}]}}