{"id":11075,"date":"2024-10-07T15:18:26","date_gmt":"2024-10-07T12:18:26","guid":{"rendered":"https:\/\/kuzeyinsesi.org\/index.php\/2024\/10\/07\/6-kulturlerin-kaynasmasi-etkinligi-derya-ulug-konseriyle-sona-erdi\/"},"modified":"2024-10-07T15:18:26","modified_gmt":"2024-10-07T12:18:26","slug":"6-kulturlerin-kaynasmasi-etkinligi-derya-ulug-konseriyle-sona-erdi","status":"publish","type":"post","link":"https:\/\/kuzeyinsesi.org\/index.php\/2024\/10\/07\/6-kulturlerin-kaynasmasi-etkinligi-derya-ulug-konseriyle-sona-erdi\/","title":{"rendered":"6. K\u00fclt\u00fcrlerin Kayna\u015fmas\u0131 etkinli\u011fi Derya Ulu\u011f konseriyle sona erdi"},"content":{"rendered":"<div>\n<div class=\"mariselle-image-container center\">\n                                            <\/div>\n<p> \u0130skele Belediyesi taraf\u0131ndan bu y\u0131l alt\u0131nc\u0131s\u0131 d\u00fczenlenen \u201cK\u00fclt\u00fcrlerin Kayna\u015fmas\u0131\u201d etkinli\u011fi, \u015fark\u0131c\u0131 Derya Ulu\u011f\u2019un konseriyle bitti.<\/p>\n<p>\u0130skele Belediye Ba\u015fkan\u0131 Hasan Sad\u0131ko\u011flu, etkinlikte stant a\u00e7anlara, kat\u0131l\u0131m g\u00f6steren halka ve a\u00e7\u0131l\u0131\u015fa kat\u0131lan Cumhurba\u015fkan\u0131 Ersin Tatar ba\u015fta olmak \u00fczere t\u00fcm destek\u00e7ilere te\u015fekk\u00fcr etti.<\/p>\n<p>\u0130skele Belediyesi\u2019nden yap\u0131lan a\u00e7\u0131klamaya g\u00f6re, bu y\u0131lki etkinlikte \u00e7e\u015fitli k\u00fclt\u00fcrlerden tan\u0131t\u0131m stantlar\u0131 kuruldu. T\u00fcrkiye\u2019nin yan\u0131 s\u0131ra Azerbaycan, Filipinler, T\u00fcrkmenistan, Uygur T\u00fcrkleri, Hindistan, Nijerya, Etiyopya, Banglade\u015f, Pakistan, \u00dcrd\u00fcn, Libya, Birle\u015fik Krall\u0131k, Rusya, Belarus, Ukrayna, Sudan, Kazakistan, G\u00fcney Afrika, Zimbabve ve Kenya\u2019dan gelen kat\u0131l\u0131mc\u0131lar k\u00fclt\u00fcrlerini tan\u0131tt\u0131.<\/p>\n<p>Etkinlikte Grup Deniz Feneri, Halil Sahk\u0131n &amp; SOS, Murat \u00c7\u0131\u011f ve Orkestras\u0131, Yahya Erenk\u00f6yl\u00fc ve Orkestras\u0131 konserler verdi. Ayr\u0131ca \u0130skele Belediyesi Halk Danslar\u0131 Toplulu\u011fu, Azerbaycan K\u00fclt\u00fcr Derne\u011fi, Filipinler, \u0130ran, AKGEM Roman Dans Grubu, Ge\u00e7itkale Halk Danslar\u0131 Toplulu\u011fu ve di\u011fer dans ekipleri g\u00f6steri yapt\u0131.<\/p>\n<\/p><\/div>\n<p><script async\n                    defer\n                    crossorigin=\"anonymous\"\n                    src=\"https:\/\/connect.facebook.net\/tr_TR\/sdk.js#xfbml=1&#038;version=v3.3\"\n            ><\/script><\/p>\n","protected":false},"excerpt":{"rendered":"<p>\u0130skele Belediyesi taraf\u0131ndan bu y\u0131l alt\u0131nc\u0131s\u0131 d\u00fczenlenen \u201cK\u00fclt\u00fcrlerin Kayna\u015fmas\u0131\u201d etkinli\u011fi, \u015fark\u0131c\u0131 Derya Ulu\u011f\u2019un konseriyle bitti. \u0130skele Belediye Ba\u015fkan\u0131 Hasan Sad\u0131ko\u011flu, etkinlikte stant a\u00e7anlara, kat\u0131l\u0131m g\u00f6steren halka ve a\u00e7\u0131l\u0131\u015fa kat\u0131lan Cumhurba\u015fkan\u0131 Ersin Tatar ba\u015fta olmak \u00fczere t\u00fcm destek\u00e7ilere te\u015fekk\u00fcr etti. \u0130skele Belediyesi\u2019nden yap\u0131lan a\u00e7\u0131klamaya g\u00f6re, bu y\u0131lki etkinlikte \u00e7e\u015fitli k\u00fclt\u00fcrlerden tan\u0131t\u0131m stantlar\u0131 kuruldu. T\u00fcrkiye\u2019nin yan\u0131 s\u0131ra [&hellip;]<\/p>\n","protected":false},"author":1,"featured_media":11076,"comment_status":"open","ping_status":"open","sticky":false,"template":"","format":"standard","meta":{"jnews-multi-image_gallery":[],"jnews_single_post":[],"jnews_primary_category":[],"jnews_social_meta":[],"jnews_override_counter":[],"footnotes":""},"categories":[6],"tags":[],"class_list":["post-11075","post","type-post","status-publish","format-standard","has-post-thumbnail","hentry","category-yasam"],"yoast_head":"<!-- This site is optimized with the Yoast SEO plugin v27.4 - https:\/\/yoast.com\/product\/yoast-seo-wordpress\/ -->\n<title>6. K\u00fclt\u00fcrlerin Kayna\u015fmas\u0131 etkinli\u011fi Derya Ulu\u011f konseriyle sona erdi - Kuzeyin Sesi<\/title>\n<meta name=\"robots\" content=\"index, follow, max-snippet:-1, max-image-preview:large, max-video-preview:-1\" \/>\n<link rel=\"canonical\" href=\"https:\/\/kuzeyinsesi.org\/index.php\/2024\/10\/07\/6-kulturlerin-kaynasmasi-etkinligi-derya-ulug-konseriyle-sona-erdi\/\" \/>\n<meta property=\"og:locale\" content=\"tr_TR\" \/>\n<meta property=\"og:type\" content=\"article\" \/>\n<meta property=\"og:title\" content=\"6. K\u00fclt\u00fcrlerin Kayna\u015fmas\u0131 etkinli\u011fi Derya Ulu\u011f konseriyle sona erdi - Kuzeyin Sesi\" \/>\n<meta property=\"og:description\" content=\"\u0130skele Belediyesi taraf\u0131ndan bu y\u0131l alt\u0131nc\u0131s\u0131 d\u00fczenlenen \u201cK\u00fclt\u00fcrlerin Kayna\u015fmas\u0131\u201d etkinli\u011fi, \u015fark\u0131c\u0131 Derya Ulu\u011f\u2019un konseriyle bitti. \u0130skele Belediye Ba\u015fkan\u0131 Hasan Sad\u0131ko\u011flu, etkinlikte stant a\u00e7anlara, kat\u0131l\u0131m g\u00f6steren halka ve a\u00e7\u0131l\u0131\u015fa kat\u0131lan Cumhurba\u015fkan\u0131 Ersin Tatar ba\u015fta olmak \u00fczere t\u00fcm destek\u00e7ilere te\u015fekk\u00fcr etti. \u0130skele Belediyesi\u2019nden yap\u0131lan a\u00e7\u0131klamaya g\u00f6re, bu y\u0131lki etkinlikte \u00e7e\u015fitli k\u00fclt\u00fcrlerden tan\u0131t\u0131m stantlar\u0131 kuruldu. T\u00fcrkiye\u2019nin yan\u0131 s\u0131ra [&hellip;]\" \/>\n<meta property=\"og:url\" content=\"https:\/\/kuzeyinsesi.org\/index.php\/2024\/10\/07\/6-kulturlerin-kaynasmasi-etkinligi-derya-ulug-konseriyle-sona-erdi\/\" \/>\n<meta property=\"og:site_name\" content=\"Kuzeyin Sesi\" \/>\n<meta property=\"article:publisher\" content=\"https:\/\/www.facebook.com\/kuzeyinsesii\" \/>\n<meta property=\"article:published_time\" content=\"2024-10-07T12:18:26+00:00\" \/>\n<meta property=\"og:image\" content=\"https:\/\/brtk.net\/wp-content\/uploads\/2024\/10\/07\/SLDKSA-scaled.jpg?ver=b5f70191df8d1c43de592d90b66a936a\" \/>\n<meta name=\"author\" content=\"Kuzeyin Sesi\" \/>\n<meta name=\"twitter:card\" content=\"summary_large_image\" \/>\n<meta name=\"twitter:creator\" content=\"@kuzeyinsesii\" \/>\n<meta name=\"twitter:site\" content=\"@kuzeyinsesii\" \/>\n<meta name=\"twitter:label1\" content=\"Yazan:\" \/>\n\t<meta name=\"twitter:data1\" content=\"Kuzeyin Sesi\" \/>\n\t<meta name=\"twitter:label2\" content=\"Tahmini okuma s\u00fcresi\" \/>\n\t<meta name=\"twitter:data2\" content=\"1 dakika\" \/>\n<script type=\"application\/ld+json\" class=\"yoast-schema-graph\">{\"@context\":\"https:\\\/\\\/schema.org\",\"@graph\":[{\"@type\":\"Article\",\"@id\":\"https:\\\/\\\/kuzeyinsesi.org\\\/index.php\\\/2024\\\/10\\\/07\\\/6-kulturlerin-kaynasmasi-etkinligi-derya-ulug-konseriyle-sona-erdi\\\/#article\",\"isPartOf\":{\"@id\":\"https:\\\/\\\/kuzeyinsesi.org\\\/index.php\\\/2024\\\/10\\\/07\\\/6-kulturlerin-kaynasmasi-etkinligi-derya-ulug-konseriyle-sona-erdi\\\/\"},\"author\":{\"name\":\"Kuzeyin Sesi\",\"@id\":\"https:\\\/\\\/kuzeyinsesi.org\\\/#\\\/schema\\\/person\\\/9f859689cdf01485597712386e37f5aa\"},\"headline\":\"6. K\u00fclt\u00fcrlerin Kayna\u015fmas\u0131 etkinli\u011fi Derya Ulu\u011f konseriyle sona erdi\",\"datePublished\":\"2024-10-07T12:18:26+00:00\",\"mainEntityOfPage\":{\"@id\":\"https:\\\/\\\/kuzeyinsesi.org\\\/index.php\\\/2024\\\/10\\\/07\\\/6-kulturlerin-kaynasmasi-etkinligi-derya-ulug-konseriyle-sona-erdi\\\/\"},\"wordCount\":201,\"commentCount\":0,\"image\":{\"@id\":\"https:\\\/\\\/kuzeyinsesi.org\\\/index.php\\\/2024\\\/10\\\/07\\\/6-kulturlerin-kaynasmasi-etkinligi-derya-ulug-konseriyle-sona-erdi\\\/#primaryimage\"},\"thumbnailUrl\":\"https:\\\/\\\/kuzeyinsesi.org\\\/wp-content\\\/uploads\\\/2024\\\/10\\\/SLDKSA-scaled.jpg\",\"articleSection\":[\"Ya\u015fam\"],\"inLanguage\":\"tr\",\"potentialAction\":[{\"@type\":\"CommentAction\",\"name\":\"Comment\",\"target\":[\"https:\\\/\\\/kuzeyinsesi.org\\\/index.php\\\/2024\\\/10\\\/07\\\/6-kulturlerin-kaynasmasi-etkinligi-derya-ulug-konseriyle-sona-erdi\\\/#respond\"]}]},{\"@type\":\"WebPage\",\"@id\":\"https:\\\/\\\/kuzeyinsesi.org\\\/index.php\\\/2024\\\/10\\\/07\\\/6-kulturlerin-kaynasmasi-etkinligi-derya-ulug-konseriyle-sona-erdi\\\/\",\"url\":\"https:\\\/\\\/kuzeyinsesi.org\\\/index.php\\\/2024\\\/10\\\/07\\\/6-kulturlerin-kaynasmasi-etkinligi-derya-ulug-konseriyle-sona-erdi\\\/\",\"name\":\"6. K\u00fclt\u00fcrlerin Kayna\u015fmas\u0131 etkinli\u011fi Derya Ulu\u011f konseriyle sona erdi - Kuzeyin Sesi\",\"isPartOf\":{\"@id\":\"https:\\\/\\\/kuzeyinsesi.org\\\/#website\"},\"primaryImageOfPage\":{\"@id\":\"https:\\\/\\\/kuzeyinsesi.org\\\/index.php\\\/2024\\\/10\\\/07\\\/6-kulturlerin-kaynasmasi-etkinligi-derya-ulug-konseriyle-sona-erdi\\\/#primaryimage\"},\"image\":{\"@id\":\"https:\\\/\\\/kuzeyinsesi.org\\\/index.php\\\/2024\\\/10\\\/07\\\/6-kulturlerin-kaynasmasi-etkinligi-derya-ulug-konseriyle-sona-erdi\\\/#primaryimage\"},\"thumbnailUrl\":\"https:\\\/\\\/kuzeyinsesi.org\\\/wp-content\\\/uploads\\\/2024\\\/10\\\/SLDKSA-scaled.jpg\",\"datePublished\":\"2024-10-07T12:18:26+00:00\",\"author\":{\"@id\":\"https:\\\/\\\/kuzeyinsesi.org\\\/#\\\/schema\\\/person\\\/9f859689cdf01485597712386e37f5aa\"},\"breadcrumb\":{\"@id\":\"https:\\\/\\\/kuzeyinsesi.org\\\/index.php\\\/2024\\\/10\\\/07\\\/6-kulturlerin-kaynasmasi-etkinligi-derya-ulug-konseriyle-sona-erdi\\\/#breadcrumb\"},\"inLanguage\":\"tr\",\"potentialAction\":[{\"@type\":\"ReadAction\",\"target\":[\"https:\\\/\\\/kuzeyinsesi.org\\\/index.php\\\/2024\\\/10\\\/07\\\/6-kulturlerin-kaynasmasi-etkinligi-derya-ulug-konseriyle-sona-erdi\\\/\"]}]},{\"@type\":\"ImageObject\",\"inLanguage\":\"tr\",\"@id\":\"https:\\\/\\\/kuzeyinsesi.org\\\/index.php\\\/2024\\\/10\\\/07\\\/6-kulturlerin-kaynasmasi-etkinligi-derya-ulug-konseriyle-sona-erdi\\\/#primaryimage\",\"url\":\"https:\\\/\\\/kuzeyinsesi.org\\\/wp-content\\\/uploads\\\/2024\\\/10\\\/SLDKSA-scaled.jpg\",\"contentUrl\":\"https:\\\/\\\/kuzeyinsesi.org\\\/wp-content\\\/uploads\\\/2024\\\/10\\\/SLDKSA-scaled.jpg\",\"width\":2560,\"height\":1707},{\"@type\":\"BreadcrumbList\",\"@id\":\"https:\\\/\\\/kuzeyinsesi.org\\\/index.php\\\/2024\\\/10\\\/07\\\/6-kulturlerin-kaynasmasi-etkinligi-derya-ulug-konseriyle-sona-erdi\\\/#breadcrumb\",\"itemListElement\":[{\"@type\":\"ListItem\",\"position\":1,\"name\":\"Anasayfa\",\"item\":\"https:\\\/\\\/kuzeyinsesi.org\\\/\"},{\"@type\":\"ListItem\",\"position\":2,\"name\":\"6. K\u00fclt\u00fcrlerin Kayna\u015fmas\u0131 etkinli\u011fi Derya Ulu\u011f konseriyle sona erdi\"}]},{\"@type\":\"WebSite\",\"@id\":\"https:\\\/\\\/kuzeyinsesi.org\\\/#website\",\"url\":\"https:\\\/\\\/kuzeyinsesi.org\\\/\",\"name\":\"Kuzeyin Sesi\",\"description\":\"Do\u011fru Haberin Adresi\",\"potentialAction\":[{\"@type\":\"SearchAction\",\"target\":{\"@type\":\"EntryPoint\",\"urlTemplate\":\"https:\\\/\\\/kuzeyinsesi.org\\\/?s={search_term_string}\"},\"query-input\":{\"@type\":\"PropertyValueSpecification\",\"valueRequired\":true,\"valueName\":\"search_term_string\"}}],\"inLanguage\":\"tr\"},{\"@type\":\"Person\",\"@id\":\"https:\\\/\\\/kuzeyinsesi.org\\\/#\\\/schema\\\/person\\\/9f859689cdf01485597712386e37f5aa\",\"name\":\"Kuzeyin Sesi\",\"image\":{\"@type\":\"ImageObject\",\"inLanguage\":\"tr\",\"@id\":\"https:\\\/\\\/secure.gravatar.com\\\/avatar\\\/bab33852abfd8b282518d6ed81826833d77c3c882d9ab608add591ccace47a44?s=96&d=mm&r=g\",\"url\":\"https:\\\/\\\/secure.gravatar.com\\\/avatar\\\/bab33852abfd8b282518d6ed81826833d77c3c882d9ab608add591ccace47a44?s=96&d=mm&r=g\",\"contentUrl\":\"https:\\\/\\\/secure.gravatar.com\\\/avatar\\\/bab33852abfd8b282518d6ed81826833d77c3c882d9ab608add591ccace47a44?s=96&d=mm&r=g\",\"caption\":\"Kuzeyin Sesi\"},\"sameAs\":[\"https:\\\/\\\/kuzeyinsesi.org\"],\"url\":\"https:\\\/\\\/kuzeyinsesi.org\\\/index.php\\\/author\\\/guven\\\/\"}]}<\/script>\n<!-- \/ Yoast SEO plugin. -->","yoast_head_json":{"title":"6. K\u00fclt\u00fcrlerin Kayna\u015fmas\u0131 etkinli\u011fi Derya Ulu\u011f konseriyle sona erdi - Kuzeyin Sesi","robots":{"index":"index","follow":"follow","max-snippet":"max-snippet:-1","max-image-preview":"max-image-preview:large","max-video-preview":"max-video-preview:-1"},"canonical":"https:\/\/kuzeyinsesi.org\/index.php\/2024\/10\/07\/6-kulturlerin-kaynasmasi-etkinligi-derya-ulug-konseriyle-sona-erdi\/","og_locale":"tr_TR","og_type":"article","og_title":"6. K\u00fclt\u00fcrlerin Kayna\u015fmas\u0131 etkinli\u011fi Derya Ulu\u011f konseriyle sona erdi - Kuzeyin Sesi","og_description":"\u0130skele Belediyesi taraf\u0131ndan bu y\u0131l alt\u0131nc\u0131s\u0131 d\u00fczenlenen \u201cK\u00fclt\u00fcrlerin Kayna\u015fmas\u0131\u201d etkinli\u011fi, \u015fark\u0131c\u0131 Derya Ulu\u011f\u2019un konseriyle bitti. \u0130skele Belediye Ba\u015fkan\u0131 Hasan Sad\u0131ko\u011flu, etkinlikte stant a\u00e7anlara, kat\u0131l\u0131m g\u00f6steren halka ve a\u00e7\u0131l\u0131\u015fa kat\u0131lan Cumhurba\u015fkan\u0131 Ersin Tatar ba\u015fta olmak \u00fczere t\u00fcm destek\u00e7ilere te\u015fekk\u00fcr etti. \u0130skele Belediyesi\u2019nden yap\u0131lan a\u00e7\u0131klamaya g\u00f6re, bu y\u0131lki etkinlikte \u00e7e\u015fitli k\u00fclt\u00fcrlerden tan\u0131t\u0131m stantlar\u0131 kuruldu. T\u00fcrkiye\u2019nin yan\u0131 s\u0131ra [&hellip;]","og_url":"https:\/\/kuzeyinsesi.org\/index.php\/2024\/10\/07\/6-kulturlerin-kaynasmasi-etkinligi-derya-ulug-konseriyle-sona-erdi\/","og_site_name":"Kuzeyin Sesi","article_publisher":"https:\/\/www.facebook.com\/kuzeyinsesii","article_published_time":"2024-10-07T12:18:26+00:00","og_image":[{"url":"https:\/\/brtk.net\/wp-content\/uploads\/2024\/10\/07\/SLDKSA-scaled.jpg?ver=b5f70191df8d1c43de592d90b66a936a","type":"","width":"","height":""}],"author":"Kuzeyin Sesi","twitter_card":"summary_large_image","twitter_creator":"@kuzeyinsesii","twitter_site":"@kuzeyinsesii","twitter_misc":{"Yazan:":"Kuzeyin Sesi","Tahmini okuma s\u00fcresi":"1 dakika"},"schema":{"@context":"https:\/\/schema.org","@graph":[{"@type":"Article","@id":"https:\/\/kuzeyinsesi.org\/index.php\/2024\/10\/07\/6-kulturlerin-kaynasmasi-etkinligi-derya-ulug-konseriyle-sona-erdi\/#article","isPartOf":{"@id":"https:\/\/kuzeyinsesi.org\/index.php\/2024\/10\/07\/6-kulturlerin-kaynasmasi-etkinligi-derya-ulug-konseriyle-sona-erdi\/"},"author":{"name":"Kuzeyin Sesi","@id":"https:\/\/kuzeyinsesi.org\/#\/schema\/person\/9f859689cdf01485597712386e37f5aa"},"headline":"6. K\u00fclt\u00fcrlerin Kayna\u015fmas\u0131 etkinli\u011fi Derya Ulu\u011f konseriyle sona erdi","datePublished":"2024-10-07T12:18:26+00:00","mainEntityOfPage":{"@id":"https:\/\/kuzeyinsesi.org\/index.php\/2024\/10\/07\/6-kulturlerin-kaynasmasi-etkinligi-derya-ulug-konseriyle-sona-erdi\/"},"wordCount":201,"commentCount":0,"image":{"@id":"https:\/\/kuzeyinsesi.org\/index.php\/2024\/10\/07\/6-kulturlerin-kaynasmasi-etkinligi-derya-ulug-konseriyle-sona-erdi\/#primaryimage"},"thumbnailUrl":"https:\/\/kuzeyinsesi.org\/wp-content\/uploads\/2024\/10\/SLDKSA-scaled.jpg","articleSection":["Ya\u015fam"],"inLanguage":"tr","potentialAction":[{"@type":"CommentAction","name":"Comment","target":["https:\/\/kuzeyinsesi.org\/index.php\/2024\/10\/07\/6-kulturlerin-kaynasmasi-etkinligi-derya-ulug-konseriyle-sona-erdi\/#respond"]}]},{"@type":"WebPage","@id":"https:\/\/kuzeyinsesi.org\/index.php\/2024\/10\/07\/6-kulturlerin-kaynasmasi-etkinligi-derya-ulug-konseriyle-sona-erdi\/","url":"https:\/\/kuzeyinsesi.org\/index.php\/2024\/10\/07\/6-kulturlerin-kaynasmasi-etkinligi-derya-ulug-konseriyle-sona-erdi\/","name":"6. K\u00fclt\u00fcrlerin Kayna\u015fmas\u0131 etkinli\u011fi Derya Ulu\u011f konseriyle sona erdi - Kuzeyin Sesi","isPartOf":{"@id":"https:\/\/kuzeyinsesi.org\/#website"},"primaryImageOfPage":{"@id":"https:\/\/kuzeyinsesi.org\/index.php\/2024\/10\/07\/6-kulturlerin-kaynasmasi-etkinligi-derya-ulug-konseriyle-sona-erdi\/#primaryimage"},"image":{"@id":"https:\/\/kuzeyinsesi.org\/index.php\/2024\/10\/07\/6-kulturlerin-kaynasmasi-etkinligi-derya-ulug-konseriyle-sona-erdi\/#primaryimage"},"thumbnailUrl":"https:\/\/kuzeyinsesi.org\/wp-content\/uploads\/2024\/10\/SLDKSA-scaled.jpg","datePublished":"2024-10-07T12:18:26+00:00","author":{"@id":"https:\/\/kuzeyinsesi.org\/#\/schema\/person\/9f859689cdf01485597712386e37f5aa"},"breadcrumb":{"@id":"https:\/\/kuzeyinsesi.org\/index.php\/2024\/10\/07\/6-kulturlerin-kaynasmasi-etkinligi-derya-ulug-konseriyle-sona-erdi\/#breadcrumb"},"inLanguage":"tr","potentialAction":[{"@type":"ReadAction","target":["https:\/\/kuzeyinsesi.org\/index.php\/2024\/10\/07\/6-kulturlerin-kaynasmasi-etkinligi-derya-ulug-konseriyle-sona-erdi\/"]}]},{"@type":"ImageObject","inLanguage":"tr","@id":"https:\/\/kuzeyinsesi.org\/index.php\/2024\/10\/07\/6-kulturlerin-kaynasmasi-etkinligi-derya-ulug-konseriyle-sona-erdi\/#primaryimage","url":"https:\/\/kuzeyinsesi.org\/wp-content\/uploads\/2024\/10\/SLDKSA-scaled.jpg","contentUrl":"https:\/\/kuzeyinsesi.org\/wp-content\/uploads\/2024\/10\/SLDKSA-scaled.jpg","width":2560,"height":1707},{"@type":"BreadcrumbList","@id":"https:\/\/kuzeyinsesi.org\/index.php\/2024\/10\/07\/6-kulturlerin-kaynasmasi-etkinligi-derya-ulug-konseriyle-sona-erdi\/#breadcrumb","itemListElement":[{"@type":"ListItem","position":1,"name":"Anasayfa","item":"https:\/\/kuzeyinsesi.org\/"},{"@type":"ListItem","position":2,"name":"6. K\u00fclt\u00fcrlerin Kayna\u015fmas\u0131 etkinli\u011fi Derya Ulu\u011f konseriyle sona erdi"}]},{"@type":"WebSite","@id":"https:\/\/kuzeyinsesi.org\/#website","url":"https:\/\/kuzeyinsesi.org\/","name":"Kuzeyin Sesi","description":"Do\u011fru Haberin Adresi","potentialAction":[{"@type":"SearchAction","target":{"@type":"EntryPoint","urlTemplate":"https:\/\/kuzeyinsesi.org\/?s={search_term_string}"},"query-input":{"@type":"PropertyValueSpecification","valueRequired":true,"valueName":"search_term_string"}}],"inLanguage":"tr"},{"@type":"Person","@id":"https:\/\/kuzeyinsesi.org\/#\/schema\/person\/9f859689cdf01485597712386e37f5aa","name":"Kuzeyin Sesi","image":{"@type":"ImageObject","inLanguage":"tr","@id":"https:\/\/secure.gravatar.com\/avatar\/bab33852abfd8b282518d6ed81826833d77c3c882d9ab608add591ccace47a44?s=96&d=mm&r=g","url":"https:\/\/secure.gravatar.com\/avatar\/bab33852abfd8b282518d6ed81826833d77c3c882d9ab608add591ccace47a44?s=96&d=mm&r=g","contentUrl":"https:\/\/secure.gravatar.com\/avatar\/bab33852abfd8b282518d6ed81826833d77c3c882d9ab608add591ccace47a44?s=96&d=mm&r=g","caption":"Kuzeyin Sesi"},"sameAs":["https:\/\/kuzeyinsesi.org"],"url":"https:\/\/kuzeyinsesi.org\/index.php\/author\/guven\/"}]}},"_links":{"self":[{"href":"https:\/\/kuzeyinsesi.org\/index.php\/wp-json\/wp\/v2\/posts\/11075","targetHints":{"allow":["GET"]}}],"collection":[{"href":"https:\/\/kuzeyinsesi.org\/index.php\/wp-json\/wp\/v2\/posts"}],"about":[{"href":"https:\/\/kuzeyinsesi.org\/index.php\/wp-json\/wp\/v2\/types\/post"}],"author":[{"embeddable":true,"href":"https:\/\/kuzeyinsesi.org\/index.php\/wp-json\/wp\/v2\/users\/1"}],"replies":[{"embeddable":true,"href":"https:\/\/kuzeyinsesi.org\/index.php\/wp-json\/wp\/v2\/comments?post=11075"}],"version-history":[{"count":0,"href":"https:\/\/kuzeyinsesi.org\/index.php\/wp-json\/wp\/v2\/posts\/11075\/revisions"}],"wp:featuredmedia":[{"embeddable":true,"href":"https:\/\/kuzeyinsesi.org\/index.php\/wp-json\/wp\/v2\/media\/11076"}],"wp:attachment":[{"href":"https:\/\/kuzeyinsesi.org\/index.php\/wp-json\/wp\/v2\/media?parent=11075"}],"wp:term":[{"taxonomy":"category","embeddable":true,"href":"https:\/\/kuzeyinsesi.org\/index.php\/wp-json\/wp\/v2\/categories?post=11075"},{"taxonomy":"post_tag","embeddable":true,"href":"https:\/\/kuzeyinsesi.org\/index.php\/wp-json\/wp\/v2\/tags?post=11075"}],"curies":[{"name":"wp","href":"https:\/\/api.w.org\/{rel}","templated":true}]}}