{"id":11063,"date":"2024-10-07T14:17:47","date_gmt":"2024-10-07T11:17:47","guid":{"rendered":"https:\/\/kuzeyinsesi.org\/index.php\/2024\/10\/07\/23-zeytinlik-zeytin-festivali-tamamlandi\/"},"modified":"2024-10-07T14:17:47","modified_gmt":"2024-10-07T11:17:47","slug":"23-zeytinlik-zeytin-festivali-tamamlandi","status":"publish","type":"post","link":"https:\/\/kuzeyinsesi.org\/index.php\/2024\/10\/07\/23-zeytinlik-zeytin-festivali-tamamlandi\/","title":{"rendered":"23. Zeytinlik Zeytin Festivali tamamland\u0131"},"content":{"rendered":"<div>\n<div class=\"mariselle-image-container none\">\n                                            <\/div>\n<p>Girne Belediyesi 23\u2019\u00fcnc\u00fc Uluslararas\u0131 Zeytinlik Zeytin Festivali d\u00fcn ak\u015fam tamamland\u0131.<\/p>\n<p>Girne Belediyesi\u2019nden verilen bilgiye g\u00f6re, d\u00fcnk\u00fc etkinlik kapsam\u0131nda Elif Tu\u011fun ile \u00c7ocuklarla Sanat \u00e7al\u0131\u015fmas\u0131, Satran\u00e7 \u015e\u00f6leni ve Geleneksel \u00c7ocuk Oyunlar\u0131, Zeytinli ve Zeytinya\u011fl\u0131lar Yemek Yar\u0131\u015fmas\u0131 yap\u0131l\u0131rken Girne Belediyesi K\u00fc\u00e7\u00fckler Grubu Halk Danslar\u0131 g\u00f6sterisi sundu.<\/p>\n<p>Girne Belediyesi M\u00fcd\u00fcr Muavini ve G\u0131da M\u00fchendisi Naile Soyel\u2019in sunumuyla \u201cZeytin ve Zeytinya\u011f\u0131n\u0131n Sa\u011fl\u0131m\u0131za Faydalar\u0131\u201d konu\u015fuldu. \u201cZeytinli ve Zeytinya\u011fl\u0131lar Yemek Yar\u0131\u015fmas\u0131\u201d, \u201cBilardo Yar\u0131\u015fmas\u0131 ve \u201c13. Uluslararas\u0131 Zeytin Karikat\u00fcrleri Yar\u0131\u015fmas\u0131\u201dnda dereceye girenlere \u00f6d\u00fclleri verildi.<\/p>\n<p>Kuzey K\u0131br\u0131s Filipinliler Derne\u011fi Dans G\u00f6sterisi, Girne Belediyesi \u00c7ok Sesli \u00c7ocuk ve Gen\u00e7lik Korosu ile Gen\u00e7 Sanatseverler Derne\u011fi halk danslar\u0131 g\u00f6sterisinin ard\u0131ndan L\u00fctfiye \u00d6zipek konser verdi.<\/p>\n<p>Girne Ark\u0131n Group Fest24 kapsam\u0131nda d\u00fczenlenen 23\u2019\u00fcnc\u00fc Uluslararas\u0131 Zeytinlik Zeytin Festivali d\u00fcn ak\u015fam tamamlan\u0131rken, Girne Ark\u0131n Group Fest24 ise 11 Ekim\u2019deki Duman konseriyle son bulacak.<\/p>\n<\/p><\/div>\n<p><script async\n                    defer\n                    crossorigin=\"anonymous\"\n                    src=\"https:\/\/connect.facebook.net\/tr_TR\/sdk.js#xfbml=1&#038;version=v3.3\"\n            ><\/script><\/p>\n","protected":false},"excerpt":{"rendered":"<p>Girne Belediyesi 23\u2019\u00fcnc\u00fc Uluslararas\u0131 Zeytinlik Zeytin Festivali d\u00fcn ak\u015fam tamamland\u0131. Girne Belediyesi\u2019nden verilen bilgiye g\u00f6re, d\u00fcnk\u00fc etkinlik kapsam\u0131nda Elif Tu\u011fun ile \u00c7ocuklarla Sanat \u00e7al\u0131\u015fmas\u0131, Satran\u00e7 \u015e\u00f6leni ve Geleneksel \u00c7ocuk Oyunlar\u0131, Zeytinli ve Zeytinya\u011fl\u0131lar Yemek Yar\u0131\u015fmas\u0131 yap\u0131l\u0131rken Girne Belediyesi K\u00fc\u00e7\u00fckler Grubu Halk Danslar\u0131 g\u00f6sterisi sundu. Girne Belediyesi M\u00fcd\u00fcr Muavini ve G\u0131da M\u00fchendisi Naile Soyel\u2019in sunumuyla \u201cZeytin [&hellip;]<\/p>\n","protected":false},"author":1,"featured_media":11064,"comment_status":"open","ping_status":"open","sticky":false,"template":"","format":"standard","meta":{"jnews-multi-image_gallery":[],"jnews_single_post":[],"jnews_primary_category":[],"jnews_social_meta":[],"jnews_override_counter":[],"footnotes":""},"categories":[6],"tags":[],"class_list":["post-11063","post","type-post","status-publish","format-standard","has-post-thumbnail","hentry","category-yasam"],"yoast_head":"<!-- This site is optimized with the Yoast SEO plugin v27.4 - https:\/\/yoast.com\/product\/yoast-seo-wordpress\/ -->\n<title>23. Zeytinlik Zeytin Festivali tamamland\u0131 - Kuzeyin Sesi<\/title>\n<meta name=\"robots\" content=\"index, follow, max-snippet:-1, max-image-preview:large, max-video-preview:-1\" \/>\n<link rel=\"canonical\" href=\"https:\/\/kuzeyinsesi.org\/index.php\/2024\/10\/07\/23-zeytinlik-zeytin-festivali-tamamlandi\/\" \/>\n<meta property=\"og:locale\" content=\"tr_TR\" \/>\n<meta property=\"og:type\" content=\"article\" \/>\n<meta property=\"og:title\" content=\"23. Zeytinlik Zeytin Festivali tamamland\u0131 - Kuzeyin Sesi\" \/>\n<meta property=\"og:description\" content=\"Girne Belediyesi 23\u2019\u00fcnc\u00fc Uluslararas\u0131 Zeytinlik Zeytin Festivali d\u00fcn ak\u015fam tamamland\u0131. Girne Belediyesi\u2019nden verilen bilgiye g\u00f6re, d\u00fcnk\u00fc etkinlik kapsam\u0131nda Elif Tu\u011fun ile \u00c7ocuklarla Sanat \u00e7al\u0131\u015fmas\u0131, Satran\u00e7 \u015e\u00f6leni ve Geleneksel \u00c7ocuk Oyunlar\u0131, Zeytinli ve Zeytinya\u011fl\u0131lar Yemek Yar\u0131\u015fmas\u0131 yap\u0131l\u0131rken Girne Belediyesi K\u00fc\u00e7\u00fckler Grubu Halk Danslar\u0131 g\u00f6sterisi sundu. Girne Belediyesi M\u00fcd\u00fcr Muavini ve G\u0131da M\u00fchendisi Naile Soyel\u2019in sunumuyla \u201cZeytin [&hellip;]\" \/>\n<meta property=\"og:url\" content=\"https:\/\/kuzeyinsesi.org\/index.php\/2024\/10\/07\/23-zeytinlik-zeytin-festivali-tamamlandi\/\" \/>\n<meta property=\"og:site_name\" content=\"Kuzeyin Sesi\" \/>\n<meta property=\"article:publisher\" content=\"https:\/\/www.facebook.com\/kuzeyinsesii\" \/>\n<meta property=\"article:published_time\" content=\"2024-10-07T11:17:47+00:00\" \/>\n<meta property=\"og:image\" content=\"https:\/\/brtk.net\/wp-content\/uploads\/2024\/10\/07\/girne-bld-zeytin-festivali-15--scaled.jpg?ver=81dd7fb8b71df3aa57f723e016ad20ac\" \/>\n<meta name=\"author\" content=\"Kuzeyin Sesi\" \/>\n<meta name=\"twitter:card\" content=\"summary_large_image\" \/>\n<meta name=\"twitter:creator\" content=\"@kuzeyinsesii\" \/>\n<meta name=\"twitter:site\" content=\"@kuzeyinsesii\" \/>\n<meta name=\"twitter:label1\" content=\"Yazan:\" \/>\n\t<meta name=\"twitter:data1\" content=\"Kuzeyin Sesi\" \/>\n\t<meta name=\"twitter:label2\" content=\"Tahmini okuma s\u00fcresi\" \/>\n\t<meta name=\"twitter:data2\" content=\"1 dakika\" \/>\n<script type=\"application\/ld+json\" class=\"yoast-schema-graph\">{\"@context\":\"https:\\\/\\\/schema.org\",\"@graph\":[{\"@type\":\"Article\",\"@id\":\"https:\\\/\\\/kuzeyinsesi.org\\\/index.php\\\/2024\\\/10\\\/07\\\/23-zeytinlik-zeytin-festivali-tamamlandi\\\/#article\",\"isPartOf\":{\"@id\":\"https:\\\/\\\/kuzeyinsesi.org\\\/index.php\\\/2024\\\/10\\\/07\\\/23-zeytinlik-zeytin-festivali-tamamlandi\\\/\"},\"author\":{\"name\":\"Kuzeyin Sesi\",\"@id\":\"https:\\\/\\\/kuzeyinsesi.org\\\/#\\\/schema\\\/person\\\/9f859689cdf01485597712386e37f5aa\"},\"headline\":\"23. Zeytinlik Zeytin Festivali tamamland\u0131\",\"datePublished\":\"2024-10-07T11:17:47+00:00\",\"mainEntityOfPage\":{\"@id\":\"https:\\\/\\\/kuzeyinsesi.org\\\/index.php\\\/2024\\\/10\\\/07\\\/23-zeytinlik-zeytin-festivali-tamamlandi\\\/\"},\"wordCount\":181,\"commentCount\":0,\"image\":{\"@id\":\"https:\\\/\\\/kuzeyinsesi.org\\\/index.php\\\/2024\\\/10\\\/07\\\/23-zeytinlik-zeytin-festivali-tamamlandi\\\/#primaryimage\"},\"thumbnailUrl\":\"https:\\\/\\\/kuzeyinsesi.org\\\/wp-content\\\/uploads\\\/2024\\\/10\\\/girne-bld-zeytin-festivali-15-scaled.jpg\",\"articleSection\":[\"Ya\u015fam\"],\"inLanguage\":\"tr\",\"potentialAction\":[{\"@type\":\"CommentAction\",\"name\":\"Comment\",\"target\":[\"https:\\\/\\\/kuzeyinsesi.org\\\/index.php\\\/2024\\\/10\\\/07\\\/23-zeytinlik-zeytin-festivali-tamamlandi\\\/#respond\"]}]},{\"@type\":\"WebPage\",\"@id\":\"https:\\\/\\\/kuzeyinsesi.org\\\/index.php\\\/2024\\\/10\\\/07\\\/23-zeytinlik-zeytin-festivali-tamamlandi\\\/\",\"url\":\"https:\\\/\\\/kuzeyinsesi.org\\\/index.php\\\/2024\\\/10\\\/07\\\/23-zeytinlik-zeytin-festivali-tamamlandi\\\/\",\"name\":\"23. Zeytinlik Zeytin Festivali tamamland\u0131 - Kuzeyin Sesi\",\"isPartOf\":{\"@id\":\"https:\\\/\\\/kuzeyinsesi.org\\\/#website\"},\"primaryImageOfPage\":{\"@id\":\"https:\\\/\\\/kuzeyinsesi.org\\\/index.php\\\/2024\\\/10\\\/07\\\/23-zeytinlik-zeytin-festivali-tamamlandi\\\/#primaryimage\"},\"image\":{\"@id\":\"https:\\\/\\\/kuzeyinsesi.org\\\/index.php\\\/2024\\\/10\\\/07\\\/23-zeytinlik-zeytin-festivali-tamamlandi\\\/#primaryimage\"},\"thumbnailUrl\":\"https:\\\/\\\/kuzeyinsesi.org\\\/wp-content\\\/uploads\\\/2024\\\/10\\\/girne-bld-zeytin-festivali-15-scaled.jpg\",\"datePublished\":\"2024-10-07T11:17:47+00:00\",\"author\":{\"@id\":\"https:\\\/\\\/kuzeyinsesi.org\\\/#\\\/schema\\\/person\\\/9f859689cdf01485597712386e37f5aa\"},\"breadcrumb\":{\"@id\":\"https:\\\/\\\/kuzeyinsesi.org\\\/index.php\\\/2024\\\/10\\\/07\\\/23-zeytinlik-zeytin-festivali-tamamlandi\\\/#breadcrumb\"},\"inLanguage\":\"tr\",\"potentialAction\":[{\"@type\":\"ReadAction\",\"target\":[\"https:\\\/\\\/kuzeyinsesi.org\\\/index.php\\\/2024\\\/10\\\/07\\\/23-zeytinlik-zeytin-festivali-tamamlandi\\\/\"]}]},{\"@type\":\"ImageObject\",\"inLanguage\":\"tr\",\"@id\":\"https:\\\/\\\/kuzeyinsesi.org\\\/index.php\\\/2024\\\/10\\\/07\\\/23-zeytinlik-zeytin-festivali-tamamlandi\\\/#primaryimage\",\"url\":\"https:\\\/\\\/kuzeyinsesi.org\\\/wp-content\\\/uploads\\\/2024\\\/10\\\/girne-bld-zeytin-festivali-15-scaled.jpg\",\"contentUrl\":\"https:\\\/\\\/kuzeyinsesi.org\\\/wp-content\\\/uploads\\\/2024\\\/10\\\/girne-bld-zeytin-festivali-15-scaled.jpg\",\"width\":2560,\"height\":1711},{\"@type\":\"BreadcrumbList\",\"@id\":\"https:\\\/\\\/kuzeyinsesi.org\\\/index.php\\\/2024\\\/10\\\/07\\\/23-zeytinlik-zeytin-festivali-tamamlandi\\\/#breadcrumb\",\"itemListElement\":[{\"@type\":\"ListItem\",\"position\":1,\"name\":\"Anasayfa\",\"item\":\"https:\\\/\\\/kuzeyinsesi.org\\\/\"},{\"@type\":\"ListItem\",\"position\":2,\"name\":\"23. Zeytinlik Zeytin Festivali tamamland\u0131\"}]},{\"@type\":\"WebSite\",\"@id\":\"https:\\\/\\\/kuzeyinsesi.org\\\/#website\",\"url\":\"https:\\\/\\\/kuzeyinsesi.org\\\/\",\"name\":\"Kuzeyin Sesi\",\"description\":\"Do\u011fru Haberin Adresi\",\"potentialAction\":[{\"@type\":\"SearchAction\",\"target\":{\"@type\":\"EntryPoint\",\"urlTemplate\":\"https:\\\/\\\/kuzeyinsesi.org\\\/?s={search_term_string}\"},\"query-input\":{\"@type\":\"PropertyValueSpecification\",\"valueRequired\":true,\"valueName\":\"search_term_string\"}}],\"inLanguage\":\"tr\"},{\"@type\":\"Person\",\"@id\":\"https:\\\/\\\/kuzeyinsesi.org\\\/#\\\/schema\\\/person\\\/9f859689cdf01485597712386e37f5aa\",\"name\":\"Kuzeyin Sesi\",\"image\":{\"@type\":\"ImageObject\",\"inLanguage\":\"tr\",\"@id\":\"https:\\\/\\\/secure.gravatar.com\\\/avatar\\\/bab33852abfd8b282518d6ed81826833d77c3c882d9ab608add591ccace47a44?s=96&d=mm&r=g\",\"url\":\"https:\\\/\\\/secure.gravatar.com\\\/avatar\\\/bab33852abfd8b282518d6ed81826833d77c3c882d9ab608add591ccace47a44?s=96&d=mm&r=g\",\"contentUrl\":\"https:\\\/\\\/secure.gravatar.com\\\/avatar\\\/bab33852abfd8b282518d6ed81826833d77c3c882d9ab608add591ccace47a44?s=96&d=mm&r=g\",\"caption\":\"Kuzeyin Sesi\"},\"sameAs\":[\"https:\\\/\\\/kuzeyinsesi.org\"],\"url\":\"https:\\\/\\\/kuzeyinsesi.org\\\/index.php\\\/author\\\/guven\\\/\"}]}<\/script>\n<!-- \/ Yoast SEO plugin. -->","yoast_head_json":{"title":"23. Zeytinlik Zeytin Festivali tamamland\u0131 - Kuzeyin Sesi","robots":{"index":"index","follow":"follow","max-snippet":"max-snippet:-1","max-image-preview":"max-image-preview:large","max-video-preview":"max-video-preview:-1"},"canonical":"https:\/\/kuzeyinsesi.org\/index.php\/2024\/10\/07\/23-zeytinlik-zeytin-festivali-tamamlandi\/","og_locale":"tr_TR","og_type":"article","og_title":"23. Zeytinlik Zeytin Festivali tamamland\u0131 - Kuzeyin Sesi","og_description":"Girne Belediyesi 23\u2019\u00fcnc\u00fc Uluslararas\u0131 Zeytinlik Zeytin Festivali d\u00fcn ak\u015fam tamamland\u0131. Girne Belediyesi\u2019nden verilen bilgiye g\u00f6re, d\u00fcnk\u00fc etkinlik kapsam\u0131nda Elif Tu\u011fun ile \u00c7ocuklarla Sanat \u00e7al\u0131\u015fmas\u0131, Satran\u00e7 \u015e\u00f6leni ve Geleneksel \u00c7ocuk Oyunlar\u0131, Zeytinli ve Zeytinya\u011fl\u0131lar Yemek Yar\u0131\u015fmas\u0131 yap\u0131l\u0131rken Girne Belediyesi K\u00fc\u00e7\u00fckler Grubu Halk Danslar\u0131 g\u00f6sterisi sundu. Girne Belediyesi M\u00fcd\u00fcr Muavini ve G\u0131da M\u00fchendisi Naile Soyel\u2019in sunumuyla \u201cZeytin [&hellip;]","og_url":"https:\/\/kuzeyinsesi.org\/index.php\/2024\/10\/07\/23-zeytinlik-zeytin-festivali-tamamlandi\/","og_site_name":"Kuzeyin Sesi","article_publisher":"https:\/\/www.facebook.com\/kuzeyinsesii","article_published_time":"2024-10-07T11:17:47+00:00","og_image":[{"url":"https:\/\/brtk.net\/wp-content\/uploads\/2024\/10\/07\/girne-bld-zeytin-festivali-15--scaled.jpg?ver=81dd7fb8b71df3aa57f723e016ad20ac","type":"","width":"","height":""}],"author":"Kuzeyin Sesi","twitter_card":"summary_large_image","twitter_creator":"@kuzeyinsesii","twitter_site":"@kuzeyinsesii","twitter_misc":{"Yazan:":"Kuzeyin Sesi","Tahmini okuma s\u00fcresi":"1 dakika"},"schema":{"@context":"https:\/\/schema.org","@graph":[{"@type":"Article","@id":"https:\/\/kuzeyinsesi.org\/index.php\/2024\/10\/07\/23-zeytinlik-zeytin-festivali-tamamlandi\/#article","isPartOf":{"@id":"https:\/\/kuzeyinsesi.org\/index.php\/2024\/10\/07\/23-zeytinlik-zeytin-festivali-tamamlandi\/"},"author":{"name":"Kuzeyin Sesi","@id":"https:\/\/kuzeyinsesi.org\/#\/schema\/person\/9f859689cdf01485597712386e37f5aa"},"headline":"23. Zeytinlik Zeytin Festivali tamamland\u0131","datePublished":"2024-10-07T11:17:47+00:00","mainEntityOfPage":{"@id":"https:\/\/kuzeyinsesi.org\/index.php\/2024\/10\/07\/23-zeytinlik-zeytin-festivali-tamamlandi\/"},"wordCount":181,"commentCount":0,"image":{"@id":"https:\/\/kuzeyinsesi.org\/index.php\/2024\/10\/07\/23-zeytinlik-zeytin-festivali-tamamlandi\/#primaryimage"},"thumbnailUrl":"https:\/\/kuzeyinsesi.org\/wp-content\/uploads\/2024\/10\/girne-bld-zeytin-festivali-15-scaled.jpg","articleSection":["Ya\u015fam"],"inLanguage":"tr","potentialAction":[{"@type":"CommentAction","name":"Comment","target":["https:\/\/kuzeyinsesi.org\/index.php\/2024\/10\/07\/23-zeytinlik-zeytin-festivali-tamamlandi\/#respond"]}]},{"@type":"WebPage","@id":"https:\/\/kuzeyinsesi.org\/index.php\/2024\/10\/07\/23-zeytinlik-zeytin-festivali-tamamlandi\/","url":"https:\/\/kuzeyinsesi.org\/index.php\/2024\/10\/07\/23-zeytinlik-zeytin-festivali-tamamlandi\/","name":"23. Zeytinlik Zeytin Festivali tamamland\u0131 - Kuzeyin Sesi","isPartOf":{"@id":"https:\/\/kuzeyinsesi.org\/#website"},"primaryImageOfPage":{"@id":"https:\/\/kuzeyinsesi.org\/index.php\/2024\/10\/07\/23-zeytinlik-zeytin-festivali-tamamlandi\/#primaryimage"},"image":{"@id":"https:\/\/kuzeyinsesi.org\/index.php\/2024\/10\/07\/23-zeytinlik-zeytin-festivali-tamamlandi\/#primaryimage"},"thumbnailUrl":"https:\/\/kuzeyinsesi.org\/wp-content\/uploads\/2024\/10\/girne-bld-zeytin-festivali-15-scaled.jpg","datePublished":"2024-10-07T11:17:47+00:00","author":{"@id":"https:\/\/kuzeyinsesi.org\/#\/schema\/person\/9f859689cdf01485597712386e37f5aa"},"breadcrumb":{"@id":"https:\/\/kuzeyinsesi.org\/index.php\/2024\/10\/07\/23-zeytinlik-zeytin-festivali-tamamlandi\/#breadcrumb"},"inLanguage":"tr","potentialAction":[{"@type":"ReadAction","target":["https:\/\/kuzeyinsesi.org\/index.php\/2024\/10\/07\/23-zeytinlik-zeytin-festivali-tamamlandi\/"]}]},{"@type":"ImageObject","inLanguage":"tr","@id":"https:\/\/kuzeyinsesi.org\/index.php\/2024\/10\/07\/23-zeytinlik-zeytin-festivali-tamamlandi\/#primaryimage","url":"https:\/\/kuzeyinsesi.org\/wp-content\/uploads\/2024\/10\/girne-bld-zeytin-festivali-15-scaled.jpg","contentUrl":"https:\/\/kuzeyinsesi.org\/wp-content\/uploads\/2024\/10\/girne-bld-zeytin-festivali-15-scaled.jpg","width":2560,"height":1711},{"@type":"BreadcrumbList","@id":"https:\/\/kuzeyinsesi.org\/index.php\/2024\/10\/07\/23-zeytinlik-zeytin-festivali-tamamlandi\/#breadcrumb","itemListElement":[{"@type":"ListItem","position":1,"name":"Anasayfa","item":"https:\/\/kuzeyinsesi.org\/"},{"@type":"ListItem","position":2,"name":"23. Zeytinlik Zeytin Festivali tamamland\u0131"}]},{"@type":"WebSite","@id":"https:\/\/kuzeyinsesi.org\/#website","url":"https:\/\/kuzeyinsesi.org\/","name":"Kuzeyin Sesi","description":"Do\u011fru Haberin Adresi","potentialAction":[{"@type":"SearchAction","target":{"@type":"EntryPoint","urlTemplate":"https:\/\/kuzeyinsesi.org\/?s={search_term_string}"},"query-input":{"@type":"PropertyValueSpecification","valueRequired":true,"valueName":"search_term_string"}}],"inLanguage":"tr"},{"@type":"Person","@id":"https:\/\/kuzeyinsesi.org\/#\/schema\/person\/9f859689cdf01485597712386e37f5aa","name":"Kuzeyin Sesi","image":{"@type":"ImageObject","inLanguage":"tr","@id":"https:\/\/secure.gravatar.com\/avatar\/bab33852abfd8b282518d6ed81826833d77c3c882d9ab608add591ccace47a44?s=96&d=mm&r=g","url":"https:\/\/secure.gravatar.com\/avatar\/bab33852abfd8b282518d6ed81826833d77c3c882d9ab608add591ccace47a44?s=96&d=mm&r=g","contentUrl":"https:\/\/secure.gravatar.com\/avatar\/bab33852abfd8b282518d6ed81826833d77c3c882d9ab608add591ccace47a44?s=96&d=mm&r=g","caption":"Kuzeyin Sesi"},"sameAs":["https:\/\/kuzeyinsesi.org"],"url":"https:\/\/kuzeyinsesi.org\/index.php\/author\/guven\/"}]}},"_links":{"self":[{"href":"https:\/\/kuzeyinsesi.org\/index.php\/wp-json\/wp\/v2\/posts\/11063","targetHints":{"allow":["GET"]}}],"collection":[{"href":"https:\/\/kuzeyinsesi.org\/index.php\/wp-json\/wp\/v2\/posts"}],"about":[{"href":"https:\/\/kuzeyinsesi.org\/index.php\/wp-json\/wp\/v2\/types\/post"}],"author":[{"embeddable":true,"href":"https:\/\/kuzeyinsesi.org\/index.php\/wp-json\/wp\/v2\/users\/1"}],"replies":[{"embeddable":true,"href":"https:\/\/kuzeyinsesi.org\/index.php\/wp-json\/wp\/v2\/comments?post=11063"}],"version-history":[{"count":0,"href":"https:\/\/kuzeyinsesi.org\/index.php\/wp-json\/wp\/v2\/posts\/11063\/revisions"}],"wp:featuredmedia":[{"embeddable":true,"href":"https:\/\/kuzeyinsesi.org\/index.php\/wp-json\/wp\/v2\/media\/11064"}],"wp:attachment":[{"href":"https:\/\/kuzeyinsesi.org\/index.php\/wp-json\/wp\/v2\/media?parent=11063"}],"wp:term":[{"taxonomy":"category","embeddable":true,"href":"https:\/\/kuzeyinsesi.org\/index.php\/wp-json\/wp\/v2\/categories?post=11063"},{"taxonomy":"post_tag","embeddable":true,"href":"https:\/\/kuzeyinsesi.org\/index.php\/wp-json\/wp\/v2\/tags?post=11063"}],"curies":[{"name":"wp","href":"https:\/\/api.w.org\/{rel}","templated":true}]}}