{"id":11025,"date":"2024-10-06T16:26:01","date_gmt":"2024-10-06T13:26:01","guid":{"rendered":"https:\/\/kuzeyinsesi.org\/index.php\/2024\/10\/06\/gonlumuzdeki-sarkilar-konseri-yarin-gece-gerceklestirilecek\/"},"modified":"2024-10-06T16:26:01","modified_gmt":"2024-10-06T13:26:01","slug":"gonlumuzdeki-sarkilar-konseri-yarin-gece-gerceklestirilecek","status":"publish","type":"post","link":"https:\/\/kuzeyinsesi.org\/index.php\/2024\/10\/06\/gonlumuzdeki-sarkilar-konseri-yarin-gece-gerceklestirilecek\/","title":{"rendered":"\u201cG\u00f6nl\u00fcm\u00fczdeki \u015eark\u0131lar Konseri\u201d yar\u0131n gece ger\u00e7ekle\u015ftirilecek\u2026"},"content":{"rendered":"<div>\n<div class=\"mariselle-image-container center\">\n                                            <\/div>\n<p>Bahar Esintileri Sanat Derne\u011fi T\u00fcrk M\u00fczi\u011fi Korosu, Meme Kanseri fark\u0131ndal\u0131k ay\u0131 etkinlikleri kapsam\u0131nda, gelirinin bir k\u0131sm\u0131 Kanser Hastalar\u0131na Yard\u0131m Derne\u011fi\u2019ne ba\u011f\u0131\u015flanacak \u201cG\u00f6nl\u00fcm\u00fczdeki \u015eark\u0131lar Konseri\u201dni yar\u0131n ak\u015fam 20.00\u2019de ger\u00e7ekle\u015ftiriyor.<\/p>\n<p>Girne Amfi Tiyatro\u2019da yer alacak konserde konuk sanat\u00e7\u0131 T\u00fcrkiye\u2019nin tan\u0131nm\u0131\u015f ses ve opera sanat\u00e7\u0131s\u0131 Hakan Aysev konuk sanat\u00e7\u0131 olarak yer alacak. Biletler Bahar Esintileri Sanat Derne\u011fi, gi\u015feden ve  online olarak temin edilebilecek.<\/p>\n<\/p><\/div>\n<p><script async\n                    defer\n                    crossorigin=\"anonymous\"\n                    src=\"https:\/\/connect.facebook.net\/tr_TR\/sdk.js#xfbml=1&#038;version=v3.3\"\n            ><\/script><\/p>\n","protected":false},"excerpt":{"rendered":"<p>Bahar Esintileri Sanat Derne\u011fi T\u00fcrk M\u00fczi\u011fi Korosu, Meme Kanseri fark\u0131ndal\u0131k ay\u0131 etkinlikleri kapsam\u0131nda, gelirinin bir k\u0131sm\u0131 Kanser Hastalar\u0131na Yard\u0131m Derne\u011fi\u2019ne ba\u011f\u0131\u015flanacak \u201cG\u00f6nl\u00fcm\u00fczdeki \u015eark\u0131lar Konseri\u201dni yar\u0131n ak\u015fam 20.00\u2019de ger\u00e7ekle\u015ftiriyor. Girne Amfi Tiyatro\u2019da yer alacak konserde konuk sanat\u00e7\u0131 T\u00fcrkiye\u2019nin tan\u0131nm\u0131\u015f ses ve opera sanat\u00e7\u0131s\u0131 Hakan Aysev konuk sanat\u00e7\u0131 olarak yer alacak. Biletler Bahar Esintileri Sanat Derne\u011fi, gi\u015feden [&hellip;]<\/p>\n","protected":false},"author":1,"featured_media":11026,"comment_status":"open","ping_status":"open","sticky":false,"template":"","format":"standard","meta":{"jnews-multi-image_gallery":[],"jnews_single_post":[],"jnews_primary_category":[],"jnews_social_meta":[],"jnews_override_counter":[],"footnotes":""},"categories":[6],"tags":[],"class_list":["post-11025","post","type-post","status-publish","format-standard","has-post-thumbnail","hentry","category-yasam"],"yoast_head":"<!-- This site is optimized with the Yoast SEO plugin v27.4 - https:\/\/yoast.com\/product\/yoast-seo-wordpress\/ -->\n<title>\u201cG\u00f6nl\u00fcm\u00fczdeki \u015eark\u0131lar Konseri\u201d yar\u0131n gece ger\u00e7ekle\u015ftirilecek\u2026 - Kuzeyin Sesi<\/title>\n<meta name=\"robots\" content=\"index, follow, max-snippet:-1, max-image-preview:large, max-video-preview:-1\" \/>\n<link rel=\"canonical\" href=\"https:\/\/kuzeyinsesi.org\/index.php\/2024\/10\/06\/gonlumuzdeki-sarkilar-konseri-yarin-gece-gerceklestirilecek\/\" \/>\n<meta property=\"og:locale\" content=\"tr_TR\" \/>\n<meta property=\"og:type\" content=\"article\" \/>\n<meta property=\"og:title\" content=\"\u201cG\u00f6nl\u00fcm\u00fczdeki \u015eark\u0131lar Konseri\u201d yar\u0131n gece ger\u00e7ekle\u015ftirilecek\u2026 - Kuzeyin Sesi\" \/>\n<meta property=\"og:description\" content=\"Bahar Esintileri Sanat Derne\u011fi T\u00fcrk M\u00fczi\u011fi Korosu, Meme Kanseri fark\u0131ndal\u0131k ay\u0131 etkinlikleri kapsam\u0131nda, gelirinin bir k\u0131sm\u0131 Kanser Hastalar\u0131na Yard\u0131m Derne\u011fi\u2019ne ba\u011f\u0131\u015flanacak \u201cG\u00f6nl\u00fcm\u00fczdeki \u015eark\u0131lar Konseri\u201dni yar\u0131n ak\u015fam 20.00\u2019de ger\u00e7ekle\u015ftiriyor. Girne Amfi Tiyatro\u2019da yer alacak konserde konuk sanat\u00e7\u0131 T\u00fcrkiye\u2019nin tan\u0131nm\u0131\u015f ses ve opera sanat\u00e7\u0131s\u0131 Hakan Aysev konuk sanat\u00e7\u0131 olarak yer alacak. Biletler Bahar Esintileri Sanat Derne\u011fi, gi\u015feden [&hellip;]\" \/>\n<meta property=\"og:url\" content=\"https:\/\/kuzeyinsesi.org\/index.php\/2024\/10\/06\/gonlumuzdeki-sarkilar-konseri-yarin-gece-gerceklestirilecek\/\" \/>\n<meta property=\"og:site_name\" content=\"Kuzeyin Sesi\" \/>\n<meta property=\"article:publisher\" content=\"https:\/\/www.facebook.com\/kuzeyinsesii\" \/>\n<meta property=\"article:published_time\" content=\"2024-10-06T13:26:01+00:00\" \/>\n<meta property=\"og:image\" content=\"https:\/\/brtk.net\/wp-content\/uploads\/2024\/10\/06\/img-20240918-wa0008-1-.jpg?ver=01e6e32a3d966265711b528e38ec5e1d\" \/>\n<meta name=\"author\" content=\"Kuzeyin Sesi\" \/>\n<meta name=\"twitter:card\" content=\"summary_large_image\" \/>\n<meta name=\"twitter:creator\" content=\"@kuzeyinsesii\" \/>\n<meta name=\"twitter:site\" content=\"@kuzeyinsesii\" \/>\n<meta name=\"twitter:label1\" content=\"Yazan:\" \/>\n\t<meta name=\"twitter:data1\" content=\"Kuzeyin Sesi\" \/>\n<script type=\"application\/ld+json\" class=\"yoast-schema-graph\">{\"@context\":\"https:\\\/\\\/schema.org\",\"@graph\":[{\"@type\":\"Article\",\"@id\":\"https:\\\/\\\/kuzeyinsesi.org\\\/index.php\\\/2024\\\/10\\\/06\\\/gonlumuzdeki-sarkilar-konseri-yarin-gece-gerceklestirilecek\\\/#article\",\"isPartOf\":{\"@id\":\"https:\\\/\\\/kuzeyinsesi.org\\\/index.php\\\/2024\\\/10\\\/06\\\/gonlumuzdeki-sarkilar-konseri-yarin-gece-gerceklestirilecek\\\/\"},\"author\":{\"name\":\"Kuzeyin Sesi\",\"@id\":\"https:\\\/\\\/kuzeyinsesi.org\\\/#\\\/schema\\\/person\\\/9f859689cdf01485597712386e37f5aa\"},\"headline\":\"\u201cG\u00f6nl\u00fcm\u00fczdeki \u015eark\u0131lar Konseri\u201d yar\u0131n gece ger\u00e7ekle\u015ftirilecek\u2026\",\"datePublished\":\"2024-10-06T13:26:01+00:00\",\"mainEntityOfPage\":{\"@id\":\"https:\\\/\\\/kuzeyinsesi.org\\\/index.php\\\/2024\\\/10\\\/06\\\/gonlumuzdeki-sarkilar-konseri-yarin-gece-gerceklestirilecek\\\/\"},\"wordCount\":102,\"commentCount\":0,\"image\":{\"@id\":\"https:\\\/\\\/kuzeyinsesi.org\\\/index.php\\\/2024\\\/10\\\/06\\\/gonlumuzdeki-sarkilar-konseri-yarin-gece-gerceklestirilecek\\\/#primaryimage\"},\"thumbnailUrl\":\"https:\\\/\\\/kuzeyinsesi.org\\\/wp-content\\\/uploads\\\/2024\\\/10\\\/img-20240918-wa0008-1-.jpg\",\"articleSection\":[\"Ya\u015fam\"],\"inLanguage\":\"tr\",\"potentialAction\":[{\"@type\":\"CommentAction\",\"name\":\"Comment\",\"target\":[\"https:\\\/\\\/kuzeyinsesi.org\\\/index.php\\\/2024\\\/10\\\/06\\\/gonlumuzdeki-sarkilar-konseri-yarin-gece-gerceklestirilecek\\\/#respond\"]}]},{\"@type\":\"WebPage\",\"@id\":\"https:\\\/\\\/kuzeyinsesi.org\\\/index.php\\\/2024\\\/10\\\/06\\\/gonlumuzdeki-sarkilar-konseri-yarin-gece-gerceklestirilecek\\\/\",\"url\":\"https:\\\/\\\/kuzeyinsesi.org\\\/index.php\\\/2024\\\/10\\\/06\\\/gonlumuzdeki-sarkilar-konseri-yarin-gece-gerceklestirilecek\\\/\",\"name\":\"\u201cG\u00f6nl\u00fcm\u00fczdeki \u015eark\u0131lar Konseri\u201d yar\u0131n gece ger\u00e7ekle\u015ftirilecek\u2026 - Kuzeyin Sesi\",\"isPartOf\":{\"@id\":\"https:\\\/\\\/kuzeyinsesi.org\\\/#website\"},\"primaryImageOfPage\":{\"@id\":\"https:\\\/\\\/kuzeyinsesi.org\\\/index.php\\\/2024\\\/10\\\/06\\\/gonlumuzdeki-sarkilar-konseri-yarin-gece-gerceklestirilecek\\\/#primaryimage\"},\"image\":{\"@id\":\"https:\\\/\\\/kuzeyinsesi.org\\\/index.php\\\/2024\\\/10\\\/06\\\/gonlumuzdeki-sarkilar-konseri-yarin-gece-gerceklestirilecek\\\/#primaryimage\"},\"thumbnailUrl\":\"https:\\\/\\\/kuzeyinsesi.org\\\/wp-content\\\/uploads\\\/2024\\\/10\\\/img-20240918-wa0008-1-.jpg\",\"datePublished\":\"2024-10-06T13:26:01+00:00\",\"author\":{\"@id\":\"https:\\\/\\\/kuzeyinsesi.org\\\/#\\\/schema\\\/person\\\/9f859689cdf01485597712386e37f5aa\"},\"breadcrumb\":{\"@id\":\"https:\\\/\\\/kuzeyinsesi.org\\\/index.php\\\/2024\\\/10\\\/06\\\/gonlumuzdeki-sarkilar-konseri-yarin-gece-gerceklestirilecek\\\/#breadcrumb\"},\"inLanguage\":\"tr\",\"potentialAction\":[{\"@type\":\"ReadAction\",\"target\":[\"https:\\\/\\\/kuzeyinsesi.org\\\/index.php\\\/2024\\\/10\\\/06\\\/gonlumuzdeki-sarkilar-konseri-yarin-gece-gerceklestirilecek\\\/\"]}]},{\"@type\":\"ImageObject\",\"inLanguage\":\"tr\",\"@id\":\"https:\\\/\\\/kuzeyinsesi.org\\\/index.php\\\/2024\\\/10\\\/06\\\/gonlumuzdeki-sarkilar-konseri-yarin-gece-gerceklestirilecek\\\/#primaryimage\",\"url\":\"https:\\\/\\\/kuzeyinsesi.org\\\/wp-content\\\/uploads\\\/2024\\\/10\\\/img-20240918-wa0008-1-.jpg\",\"contentUrl\":\"https:\\\/\\\/kuzeyinsesi.org\\\/wp-content\\\/uploads\\\/2024\\\/10\\\/img-20240918-wa0008-1-.jpg\",\"width\":1132,\"height\":1600},{\"@type\":\"BreadcrumbList\",\"@id\":\"https:\\\/\\\/kuzeyinsesi.org\\\/index.php\\\/2024\\\/10\\\/06\\\/gonlumuzdeki-sarkilar-konseri-yarin-gece-gerceklestirilecek\\\/#breadcrumb\",\"itemListElement\":[{\"@type\":\"ListItem\",\"position\":1,\"name\":\"Anasayfa\",\"item\":\"https:\\\/\\\/kuzeyinsesi.org\\\/\"},{\"@type\":\"ListItem\",\"position\":2,\"name\":\"\u201cG\u00f6nl\u00fcm\u00fczdeki \u015eark\u0131lar Konseri\u201d yar\u0131n gece ger\u00e7ekle\u015ftirilecek\u2026\"}]},{\"@type\":\"WebSite\",\"@id\":\"https:\\\/\\\/kuzeyinsesi.org\\\/#website\",\"url\":\"https:\\\/\\\/kuzeyinsesi.org\\\/\",\"name\":\"Kuzeyin Sesi\",\"description\":\"Do\u011fru Haberin Adresi\",\"potentialAction\":[{\"@type\":\"SearchAction\",\"target\":{\"@type\":\"EntryPoint\",\"urlTemplate\":\"https:\\\/\\\/kuzeyinsesi.org\\\/?s={search_term_string}\"},\"query-input\":{\"@type\":\"PropertyValueSpecification\",\"valueRequired\":true,\"valueName\":\"search_term_string\"}}],\"inLanguage\":\"tr\"},{\"@type\":\"Person\",\"@id\":\"https:\\\/\\\/kuzeyinsesi.org\\\/#\\\/schema\\\/person\\\/9f859689cdf01485597712386e37f5aa\",\"name\":\"Kuzeyin Sesi\",\"image\":{\"@type\":\"ImageObject\",\"inLanguage\":\"tr\",\"@id\":\"https:\\\/\\\/secure.gravatar.com\\\/avatar\\\/bab33852abfd8b282518d6ed81826833d77c3c882d9ab608add591ccace47a44?s=96&d=mm&r=g\",\"url\":\"https:\\\/\\\/secure.gravatar.com\\\/avatar\\\/bab33852abfd8b282518d6ed81826833d77c3c882d9ab608add591ccace47a44?s=96&d=mm&r=g\",\"contentUrl\":\"https:\\\/\\\/secure.gravatar.com\\\/avatar\\\/bab33852abfd8b282518d6ed81826833d77c3c882d9ab608add591ccace47a44?s=96&d=mm&r=g\",\"caption\":\"Kuzeyin Sesi\"},\"sameAs\":[\"https:\\\/\\\/kuzeyinsesi.org\"],\"url\":\"https:\\\/\\\/kuzeyinsesi.org\\\/index.php\\\/author\\\/guven\\\/\"}]}<\/script>\n<!-- \/ Yoast SEO plugin. -->","yoast_head_json":{"title":"\u201cG\u00f6nl\u00fcm\u00fczdeki \u015eark\u0131lar Konseri\u201d yar\u0131n gece ger\u00e7ekle\u015ftirilecek\u2026 - Kuzeyin Sesi","robots":{"index":"index","follow":"follow","max-snippet":"max-snippet:-1","max-image-preview":"max-image-preview:large","max-video-preview":"max-video-preview:-1"},"canonical":"https:\/\/kuzeyinsesi.org\/index.php\/2024\/10\/06\/gonlumuzdeki-sarkilar-konseri-yarin-gece-gerceklestirilecek\/","og_locale":"tr_TR","og_type":"article","og_title":"\u201cG\u00f6nl\u00fcm\u00fczdeki \u015eark\u0131lar Konseri\u201d yar\u0131n gece ger\u00e7ekle\u015ftirilecek\u2026 - Kuzeyin Sesi","og_description":"Bahar Esintileri Sanat Derne\u011fi T\u00fcrk M\u00fczi\u011fi Korosu, Meme Kanseri fark\u0131ndal\u0131k ay\u0131 etkinlikleri kapsam\u0131nda, gelirinin bir k\u0131sm\u0131 Kanser Hastalar\u0131na Yard\u0131m Derne\u011fi\u2019ne ba\u011f\u0131\u015flanacak \u201cG\u00f6nl\u00fcm\u00fczdeki \u015eark\u0131lar Konseri\u201dni yar\u0131n ak\u015fam 20.00\u2019de ger\u00e7ekle\u015ftiriyor. Girne Amfi Tiyatro\u2019da yer alacak konserde konuk sanat\u00e7\u0131 T\u00fcrkiye\u2019nin tan\u0131nm\u0131\u015f ses ve opera sanat\u00e7\u0131s\u0131 Hakan Aysev konuk sanat\u00e7\u0131 olarak yer alacak. Biletler Bahar Esintileri Sanat Derne\u011fi, gi\u015feden [&hellip;]","og_url":"https:\/\/kuzeyinsesi.org\/index.php\/2024\/10\/06\/gonlumuzdeki-sarkilar-konseri-yarin-gece-gerceklestirilecek\/","og_site_name":"Kuzeyin Sesi","article_publisher":"https:\/\/www.facebook.com\/kuzeyinsesii","article_published_time":"2024-10-06T13:26:01+00:00","og_image":[{"url":"https:\/\/brtk.net\/wp-content\/uploads\/2024\/10\/06\/img-20240918-wa0008-1-.jpg?ver=01e6e32a3d966265711b528e38ec5e1d","type":"","width":"","height":""}],"author":"Kuzeyin Sesi","twitter_card":"summary_large_image","twitter_creator":"@kuzeyinsesii","twitter_site":"@kuzeyinsesii","twitter_misc":{"Yazan:":"Kuzeyin Sesi"},"schema":{"@context":"https:\/\/schema.org","@graph":[{"@type":"Article","@id":"https:\/\/kuzeyinsesi.org\/index.php\/2024\/10\/06\/gonlumuzdeki-sarkilar-konseri-yarin-gece-gerceklestirilecek\/#article","isPartOf":{"@id":"https:\/\/kuzeyinsesi.org\/index.php\/2024\/10\/06\/gonlumuzdeki-sarkilar-konseri-yarin-gece-gerceklestirilecek\/"},"author":{"name":"Kuzeyin Sesi","@id":"https:\/\/kuzeyinsesi.org\/#\/schema\/person\/9f859689cdf01485597712386e37f5aa"},"headline":"\u201cG\u00f6nl\u00fcm\u00fczdeki \u015eark\u0131lar Konseri\u201d yar\u0131n gece ger\u00e7ekle\u015ftirilecek\u2026","datePublished":"2024-10-06T13:26:01+00:00","mainEntityOfPage":{"@id":"https:\/\/kuzeyinsesi.org\/index.php\/2024\/10\/06\/gonlumuzdeki-sarkilar-konseri-yarin-gece-gerceklestirilecek\/"},"wordCount":102,"commentCount":0,"image":{"@id":"https:\/\/kuzeyinsesi.org\/index.php\/2024\/10\/06\/gonlumuzdeki-sarkilar-konseri-yarin-gece-gerceklestirilecek\/#primaryimage"},"thumbnailUrl":"https:\/\/kuzeyinsesi.org\/wp-content\/uploads\/2024\/10\/img-20240918-wa0008-1-.jpg","articleSection":["Ya\u015fam"],"inLanguage":"tr","potentialAction":[{"@type":"CommentAction","name":"Comment","target":["https:\/\/kuzeyinsesi.org\/index.php\/2024\/10\/06\/gonlumuzdeki-sarkilar-konseri-yarin-gece-gerceklestirilecek\/#respond"]}]},{"@type":"WebPage","@id":"https:\/\/kuzeyinsesi.org\/index.php\/2024\/10\/06\/gonlumuzdeki-sarkilar-konseri-yarin-gece-gerceklestirilecek\/","url":"https:\/\/kuzeyinsesi.org\/index.php\/2024\/10\/06\/gonlumuzdeki-sarkilar-konseri-yarin-gece-gerceklestirilecek\/","name":"\u201cG\u00f6nl\u00fcm\u00fczdeki \u015eark\u0131lar Konseri\u201d yar\u0131n gece ger\u00e7ekle\u015ftirilecek\u2026 - Kuzeyin Sesi","isPartOf":{"@id":"https:\/\/kuzeyinsesi.org\/#website"},"primaryImageOfPage":{"@id":"https:\/\/kuzeyinsesi.org\/index.php\/2024\/10\/06\/gonlumuzdeki-sarkilar-konseri-yarin-gece-gerceklestirilecek\/#primaryimage"},"image":{"@id":"https:\/\/kuzeyinsesi.org\/index.php\/2024\/10\/06\/gonlumuzdeki-sarkilar-konseri-yarin-gece-gerceklestirilecek\/#primaryimage"},"thumbnailUrl":"https:\/\/kuzeyinsesi.org\/wp-content\/uploads\/2024\/10\/img-20240918-wa0008-1-.jpg","datePublished":"2024-10-06T13:26:01+00:00","author":{"@id":"https:\/\/kuzeyinsesi.org\/#\/schema\/person\/9f859689cdf01485597712386e37f5aa"},"breadcrumb":{"@id":"https:\/\/kuzeyinsesi.org\/index.php\/2024\/10\/06\/gonlumuzdeki-sarkilar-konseri-yarin-gece-gerceklestirilecek\/#breadcrumb"},"inLanguage":"tr","potentialAction":[{"@type":"ReadAction","target":["https:\/\/kuzeyinsesi.org\/index.php\/2024\/10\/06\/gonlumuzdeki-sarkilar-konseri-yarin-gece-gerceklestirilecek\/"]}]},{"@type":"ImageObject","inLanguage":"tr","@id":"https:\/\/kuzeyinsesi.org\/index.php\/2024\/10\/06\/gonlumuzdeki-sarkilar-konseri-yarin-gece-gerceklestirilecek\/#primaryimage","url":"https:\/\/kuzeyinsesi.org\/wp-content\/uploads\/2024\/10\/img-20240918-wa0008-1-.jpg","contentUrl":"https:\/\/kuzeyinsesi.org\/wp-content\/uploads\/2024\/10\/img-20240918-wa0008-1-.jpg","width":1132,"height":1600},{"@type":"BreadcrumbList","@id":"https:\/\/kuzeyinsesi.org\/index.php\/2024\/10\/06\/gonlumuzdeki-sarkilar-konseri-yarin-gece-gerceklestirilecek\/#breadcrumb","itemListElement":[{"@type":"ListItem","position":1,"name":"Anasayfa","item":"https:\/\/kuzeyinsesi.org\/"},{"@type":"ListItem","position":2,"name":"\u201cG\u00f6nl\u00fcm\u00fczdeki \u015eark\u0131lar Konseri\u201d yar\u0131n gece ger\u00e7ekle\u015ftirilecek\u2026"}]},{"@type":"WebSite","@id":"https:\/\/kuzeyinsesi.org\/#website","url":"https:\/\/kuzeyinsesi.org\/","name":"Kuzeyin Sesi","description":"Do\u011fru Haberin Adresi","potentialAction":[{"@type":"SearchAction","target":{"@type":"EntryPoint","urlTemplate":"https:\/\/kuzeyinsesi.org\/?s={search_term_string}"},"query-input":{"@type":"PropertyValueSpecification","valueRequired":true,"valueName":"search_term_string"}}],"inLanguage":"tr"},{"@type":"Person","@id":"https:\/\/kuzeyinsesi.org\/#\/schema\/person\/9f859689cdf01485597712386e37f5aa","name":"Kuzeyin Sesi","image":{"@type":"ImageObject","inLanguage":"tr","@id":"https:\/\/secure.gravatar.com\/avatar\/bab33852abfd8b282518d6ed81826833d77c3c882d9ab608add591ccace47a44?s=96&d=mm&r=g","url":"https:\/\/secure.gravatar.com\/avatar\/bab33852abfd8b282518d6ed81826833d77c3c882d9ab608add591ccace47a44?s=96&d=mm&r=g","contentUrl":"https:\/\/secure.gravatar.com\/avatar\/bab33852abfd8b282518d6ed81826833d77c3c882d9ab608add591ccace47a44?s=96&d=mm&r=g","caption":"Kuzeyin Sesi"},"sameAs":["https:\/\/kuzeyinsesi.org"],"url":"https:\/\/kuzeyinsesi.org\/index.php\/author\/guven\/"}]}},"_links":{"self":[{"href":"https:\/\/kuzeyinsesi.org\/index.php\/wp-json\/wp\/v2\/posts\/11025","targetHints":{"allow":["GET"]}}],"collection":[{"href":"https:\/\/kuzeyinsesi.org\/index.php\/wp-json\/wp\/v2\/posts"}],"about":[{"href":"https:\/\/kuzeyinsesi.org\/index.php\/wp-json\/wp\/v2\/types\/post"}],"author":[{"embeddable":true,"href":"https:\/\/kuzeyinsesi.org\/index.php\/wp-json\/wp\/v2\/users\/1"}],"replies":[{"embeddable":true,"href":"https:\/\/kuzeyinsesi.org\/index.php\/wp-json\/wp\/v2\/comments?post=11025"}],"version-history":[{"count":0,"href":"https:\/\/kuzeyinsesi.org\/index.php\/wp-json\/wp\/v2\/posts\/11025\/revisions"}],"wp:featuredmedia":[{"embeddable":true,"href":"https:\/\/kuzeyinsesi.org\/index.php\/wp-json\/wp\/v2\/media\/11026"}],"wp:attachment":[{"href":"https:\/\/kuzeyinsesi.org\/index.php\/wp-json\/wp\/v2\/media?parent=11025"}],"wp:term":[{"taxonomy":"category","embeddable":true,"href":"https:\/\/kuzeyinsesi.org\/index.php\/wp-json\/wp\/v2\/categories?post=11025"},{"taxonomy":"post_tag","embeddable":true,"href":"https:\/\/kuzeyinsesi.org\/index.php\/wp-json\/wp\/v2\/tags?post=11025"}],"curies":[{"name":"wp","href":"https:\/\/api.w.org\/{rel}","templated":true}]}}