{"id":11021,"date":"2024-10-06T15:19:19","date_gmt":"2024-10-06T12:19:19","guid":{"rendered":"https:\/\/kuzeyinsesi.org\/index.php\/2024\/10\/06\/zeytinlik-zeytin-festivali-bu-gece-sona-eriyor\/"},"modified":"2024-10-06T15:19:19","modified_gmt":"2024-10-06T12:19:19","slug":"zeytinlik-zeytin-festivali-bu-gece-sona-eriyor","status":"publish","type":"post","link":"https:\/\/kuzeyinsesi.org\/index.php\/2024\/10\/06\/zeytinlik-zeytin-festivali-bu-gece-sona-eriyor\/","title":{"rendered":"Zeytinlik Zeytin Festivali bu gece sona eriyor"},"content":{"rendered":"<div>\n<div class=\"mariselle-image-container center\">\n                                            <\/div>\n<p>\nGirne Belediyesi 23\u2019\u00fcnc\u00fc Uluslararas\u0131 Zeytinlik Zeytin Festivali bu ak\u015fam sona eriyor.<\/p>\n<p>Girne Belediyesinden verilen bilgiye g\u00f6re, Festival kapsam\u0131nda d\u00fcn Kar\u015f\u0131yaka K\u00fclt\u00fcr Sanat Derne\u011fi Halk Danslar\u0131 Toplulu\u011fu (K\u00fc\u00e7\u00fckler Grubu), Dance Spot \u00c7ocuk Balesi, Girne Gen\u00e7lik Merkezi Derne\u011fi Halk Danslar\u0131 Toplulu\u011fu ve Orak K\u00fclt\u00fcr Sanat ve E\u011fitim Merkezi\u2019nin g\u00f6sterileri yer ald\u0131. Gecede Erce G\u00fcner ve Ahmet Evan konser verdi.<\/p>\n<p>Festivalde \u015fair ve yazarlara y\u00f6nelik \u015eiir Dinletisi ve S\u00f6yle\u015fisi de yer ald\u0131. Etkinlikte, Ali Nesim an\u0131s\u0131na \u201cK\u0131br\u0131s T\u00fcrk Halkbiliminde 55 Y\u0131ll\u0131k Y\u00fcr\u00fcy\u00fc\u015f Mahmut \u0130slamo\u011flu\u201d adl\u0131 kitab\u0131n tan\u0131t\u0131m\u0131 ve s\u00f6yle\u015fi ger\u00e7ekle\u015fti. S\u00f6yle\u015fide ara\u015ft\u0131rmac\u0131 yazar Eralp Adan\u0131r ve Prof. Dr. \u015eevket \u00d6znur ile kitab\u0131n yazar\u0131 Halkbilimci Mahmut \u0130slamo\u011flu  konu\u015fma yapt\u0131. Ard\u0131ndan Prof. Dr. \u015eevket \u00d6znur ve Do\u00e7. Dr. Tayfun Nesimo\u011flu \u201cAli Nesim\u2019in Hayat\u0131\u201d konulu sunum yapt\u0131 ve Lirik \u015eiir Grubu \u015fiir dinletisi sundu.<\/p>\n<p>Gecede, Girne Belediyesi Meclis \u00dcyesi Mete \u00dcnal Girgen, kat\u0131l\u0131mc\u0131lara an\u0131 plaketi takdim etti.<\/p>\n<p>-6 Ekim<\/p>\n<p>Girne Belediyesi 23\u2019\u00fcnc\u00fc Uluslararas\u0131 Zeytinlik Zeytin Festivali\u2019nde bug\u00fcn 15:30\u2019da Elif Tu\u011fun ile \u00c7ocuk ve Gen\u00e7lik etkinlikleri kapsam\u0131nda \u2018\u00c7ocuklarla Sanat\u2019 isimli \u00e7al\u0131\u015fma, \u201cSatran\u00e7 \u015e\u00f6leni\u201d ve \u201cGeleneksel \u00c7ocuk Oyunlar\u0131\u201d yer alacak; 16:30\u2019da K\u00f6y Evi\u2019nde \u201cZeytinli ve Zeytinya\u011fl\u0131lar Yemek Yar\u0131\u015fmas\u0131\u201d yer alacak, 18:30\u2019da Girne Belediyesi K\u00fc\u00e7\u00fckler Grubu Halk Danslar\u0131 G\u00f6sterisi sahnelenecek, 18:45\u2019de Girne Belediyesi M\u00fcd\u00fcr Muavini ve G\u0131da M\u00fchendisi Naile Soyel\u2019in \u201cZeytin ve Zeytinya\u011f\u0131n\u0131n Sa\u011fl\u0131m\u0131za Faydalar\u0131\u201d konulu sunumu, 19:00\u2019da \u201cZeytinli ve Zeytinya\u011fl\u0131lar Yemek Yar\u0131\u015fmas\u0131\u201d \u00f6d\u00fcl t\u00f6reni, 19:15\u2019te ise \u201cBilardo Yar\u0131\u015fmas\u0131\u201d \u00f6d\u00fcl t\u00f6reni, 19:30\u2019da \u201c13\u2019nc\u00fc Uluslararas\u0131 Zeytin Karikat\u00fcrleri Yar\u0131\u015fmas\u0131\u201d \u00f6d\u00fcl t\u00f6reni yer alacak, 19:45\u2019te \u201cKuzey K\u0131br\u0131s Filipinliler Derne\u011fi Dans G\u00f6sterisi\u201d, 20:00\u2019de \u201cGirne Belediyesi \u00c7ok Sesli \u00c7ocuk ve Gen\u00e7lik Korosu\u201d, 20:30\u2019da Gen\u00e7 Sanatseverler Derne\u011fi  sahne alacak. Festival saat 21:00\u2019 de L\u00fctfiye \u00d6zipek konseriyle sona erecek.<\/p>\n<\/p><\/div>\n<p><script async\n                    defer\n                    crossorigin=\"anonymous\"\n                    src=\"https:\/\/connect.facebook.net\/tr_TR\/sdk.js#xfbml=1&#038;version=v3.3\"\n            ><\/script><\/p>\n","protected":false},"excerpt":{"rendered":"<p>Girne Belediyesi 23\u2019\u00fcnc\u00fc Uluslararas\u0131 Zeytinlik Zeytin Festivali bu ak\u015fam sona eriyor. Girne Belediyesinden verilen bilgiye g\u00f6re, Festival kapsam\u0131nda d\u00fcn Kar\u015f\u0131yaka K\u00fclt\u00fcr Sanat Derne\u011fi Halk Danslar\u0131 Toplulu\u011fu (K\u00fc\u00e7\u00fckler Grubu), Dance Spot \u00c7ocuk Balesi, Girne Gen\u00e7lik Merkezi Derne\u011fi Halk Danslar\u0131 Toplulu\u011fu ve Orak K\u00fclt\u00fcr Sanat ve E\u011fitim Merkezi\u2019nin g\u00f6sterileri yer ald\u0131. Gecede Erce G\u00fcner ve Ahmet Evan [&hellip;]<\/p>\n","protected":false},"author":1,"featured_media":11022,"comment_status":"open","ping_status":"open","sticky":false,"template":"","format":"standard","meta":{"jnews-multi-image_gallery":[],"jnews_single_post":[],"jnews_primary_category":[],"jnews_social_meta":[],"jnews_override_counter":[],"footnotes":""},"categories":[6],"tags":[],"class_list":["post-11021","post","type-post","status-publish","format-standard","has-post-thumbnail","hentry","category-yasam"],"yoast_head":"<!-- This site is optimized with the Yoast SEO plugin v27.4 - https:\/\/yoast.com\/product\/yoast-seo-wordpress\/ -->\n<title>Zeytinlik Zeytin Festivali bu gece sona eriyor - Kuzeyin Sesi<\/title>\n<meta name=\"robots\" content=\"index, follow, max-snippet:-1, max-image-preview:large, max-video-preview:-1\" \/>\n<link rel=\"canonical\" href=\"https:\/\/kuzeyinsesi.org\/index.php\/2024\/10\/06\/zeytinlik-zeytin-festivali-bu-gece-sona-eriyor\/\" \/>\n<meta property=\"og:locale\" content=\"tr_TR\" \/>\n<meta property=\"og:type\" content=\"article\" \/>\n<meta property=\"og:title\" content=\"Zeytinlik Zeytin Festivali bu gece sona eriyor - Kuzeyin Sesi\" \/>\n<meta property=\"og:description\" content=\"Girne Belediyesi 23\u2019\u00fcnc\u00fc Uluslararas\u0131 Zeytinlik Zeytin Festivali bu ak\u015fam sona eriyor. Girne Belediyesinden verilen bilgiye g\u00f6re, Festival kapsam\u0131nda d\u00fcn Kar\u015f\u0131yaka K\u00fclt\u00fcr Sanat Derne\u011fi Halk Danslar\u0131 Toplulu\u011fu (K\u00fc\u00e7\u00fckler Grubu), Dance Spot \u00c7ocuk Balesi, Girne Gen\u00e7lik Merkezi Derne\u011fi Halk Danslar\u0131 Toplulu\u011fu ve Orak K\u00fclt\u00fcr Sanat ve E\u011fitim Merkezi\u2019nin g\u00f6sterileri yer ald\u0131. Gecede Erce G\u00fcner ve Ahmet Evan [&hellip;]\" \/>\n<meta property=\"og:url\" content=\"https:\/\/kuzeyinsesi.org\/index.php\/2024\/10\/06\/zeytinlik-zeytin-festivali-bu-gece-sona-eriyor\/\" \/>\n<meta property=\"og:site_name\" content=\"Kuzeyin Sesi\" \/>\n<meta property=\"article:publisher\" content=\"https:\/\/www.facebook.com\/kuzeyinsesii\" \/>\n<meta property=\"article:published_time\" content=\"2024-10-06T12:19:19+00:00\" \/>\n<meta property=\"og:image\" content=\"https:\/\/brtk.net\/wp-content\/uploads\/2024\/10\/06\/girne-festival1-scaled.jpg?ver=72ed07357d3a8f0e2a0108faafda9a79\" \/>\n<meta name=\"author\" content=\"Kuzeyin Sesi\" \/>\n<meta name=\"twitter:card\" content=\"summary_large_image\" \/>\n<meta name=\"twitter:creator\" content=\"@kuzeyinsesii\" \/>\n<meta name=\"twitter:site\" content=\"@kuzeyinsesii\" \/>\n<meta name=\"twitter:label1\" content=\"Yazan:\" \/>\n\t<meta name=\"twitter:data1\" content=\"Kuzeyin Sesi\" \/>\n\t<meta name=\"twitter:label2\" content=\"Tahmini okuma s\u00fcresi\" \/>\n\t<meta name=\"twitter:data2\" content=\"2 dakika\" \/>\n<script type=\"application\/ld+json\" class=\"yoast-schema-graph\">{\"@context\":\"https:\\\/\\\/schema.org\",\"@graph\":[{\"@type\":\"Article\",\"@id\":\"https:\\\/\\\/kuzeyinsesi.org\\\/index.php\\\/2024\\\/10\\\/06\\\/zeytinlik-zeytin-festivali-bu-gece-sona-eriyor\\\/#article\",\"isPartOf\":{\"@id\":\"https:\\\/\\\/kuzeyinsesi.org\\\/index.php\\\/2024\\\/10\\\/06\\\/zeytinlik-zeytin-festivali-bu-gece-sona-eriyor\\\/\"},\"author\":{\"name\":\"Kuzeyin Sesi\",\"@id\":\"https:\\\/\\\/kuzeyinsesi.org\\\/#\\\/schema\\\/person\\\/9f859689cdf01485597712386e37f5aa\"},\"headline\":\"Zeytinlik Zeytin Festivali bu gece sona eriyor\",\"datePublished\":\"2024-10-06T12:19:19+00:00\",\"mainEntityOfPage\":{\"@id\":\"https:\\\/\\\/kuzeyinsesi.org\\\/index.php\\\/2024\\\/10\\\/06\\\/zeytinlik-zeytin-festivali-bu-gece-sona-eriyor\\\/\"},\"wordCount\":363,\"commentCount\":0,\"image\":{\"@id\":\"https:\\\/\\\/kuzeyinsesi.org\\\/index.php\\\/2024\\\/10\\\/06\\\/zeytinlik-zeytin-festivali-bu-gece-sona-eriyor\\\/#primaryimage\"},\"thumbnailUrl\":\"https:\\\/\\\/kuzeyinsesi.org\\\/wp-content\\\/uploads\\\/2024\\\/10\\\/girne-festival1-scaled.jpg\",\"articleSection\":[\"Ya\u015fam\"],\"inLanguage\":\"tr\",\"potentialAction\":[{\"@type\":\"CommentAction\",\"name\":\"Comment\",\"target\":[\"https:\\\/\\\/kuzeyinsesi.org\\\/index.php\\\/2024\\\/10\\\/06\\\/zeytinlik-zeytin-festivali-bu-gece-sona-eriyor\\\/#respond\"]}]},{\"@type\":\"WebPage\",\"@id\":\"https:\\\/\\\/kuzeyinsesi.org\\\/index.php\\\/2024\\\/10\\\/06\\\/zeytinlik-zeytin-festivali-bu-gece-sona-eriyor\\\/\",\"url\":\"https:\\\/\\\/kuzeyinsesi.org\\\/index.php\\\/2024\\\/10\\\/06\\\/zeytinlik-zeytin-festivali-bu-gece-sona-eriyor\\\/\",\"name\":\"Zeytinlik Zeytin Festivali bu gece sona eriyor - Kuzeyin Sesi\",\"isPartOf\":{\"@id\":\"https:\\\/\\\/kuzeyinsesi.org\\\/#website\"},\"primaryImageOfPage\":{\"@id\":\"https:\\\/\\\/kuzeyinsesi.org\\\/index.php\\\/2024\\\/10\\\/06\\\/zeytinlik-zeytin-festivali-bu-gece-sona-eriyor\\\/#primaryimage\"},\"image\":{\"@id\":\"https:\\\/\\\/kuzeyinsesi.org\\\/index.php\\\/2024\\\/10\\\/06\\\/zeytinlik-zeytin-festivali-bu-gece-sona-eriyor\\\/#primaryimage\"},\"thumbnailUrl\":\"https:\\\/\\\/kuzeyinsesi.org\\\/wp-content\\\/uploads\\\/2024\\\/10\\\/girne-festival1-scaled.jpg\",\"datePublished\":\"2024-10-06T12:19:19+00:00\",\"author\":{\"@id\":\"https:\\\/\\\/kuzeyinsesi.org\\\/#\\\/schema\\\/person\\\/9f859689cdf01485597712386e37f5aa\"},\"breadcrumb\":{\"@id\":\"https:\\\/\\\/kuzeyinsesi.org\\\/index.php\\\/2024\\\/10\\\/06\\\/zeytinlik-zeytin-festivali-bu-gece-sona-eriyor\\\/#breadcrumb\"},\"inLanguage\":\"tr\",\"potentialAction\":[{\"@type\":\"ReadAction\",\"target\":[\"https:\\\/\\\/kuzeyinsesi.org\\\/index.php\\\/2024\\\/10\\\/06\\\/zeytinlik-zeytin-festivali-bu-gece-sona-eriyor\\\/\"]}]},{\"@type\":\"ImageObject\",\"inLanguage\":\"tr\",\"@id\":\"https:\\\/\\\/kuzeyinsesi.org\\\/index.php\\\/2024\\\/10\\\/06\\\/zeytinlik-zeytin-festivali-bu-gece-sona-eriyor\\\/#primaryimage\",\"url\":\"https:\\\/\\\/kuzeyinsesi.org\\\/wp-content\\\/uploads\\\/2024\\\/10\\\/girne-festival1-scaled.jpg\",\"contentUrl\":\"https:\\\/\\\/kuzeyinsesi.org\\\/wp-content\\\/uploads\\\/2024\\\/10\\\/girne-festival1-scaled.jpg\",\"width\":2560,\"height\":1928},{\"@type\":\"BreadcrumbList\",\"@id\":\"https:\\\/\\\/kuzeyinsesi.org\\\/index.php\\\/2024\\\/10\\\/06\\\/zeytinlik-zeytin-festivali-bu-gece-sona-eriyor\\\/#breadcrumb\",\"itemListElement\":[{\"@type\":\"ListItem\",\"position\":1,\"name\":\"Anasayfa\",\"item\":\"https:\\\/\\\/kuzeyinsesi.org\\\/\"},{\"@type\":\"ListItem\",\"position\":2,\"name\":\"Zeytinlik Zeytin Festivali bu gece sona eriyor\"}]},{\"@type\":\"WebSite\",\"@id\":\"https:\\\/\\\/kuzeyinsesi.org\\\/#website\",\"url\":\"https:\\\/\\\/kuzeyinsesi.org\\\/\",\"name\":\"Kuzeyin Sesi\",\"description\":\"Do\u011fru Haberin Adresi\",\"potentialAction\":[{\"@type\":\"SearchAction\",\"target\":{\"@type\":\"EntryPoint\",\"urlTemplate\":\"https:\\\/\\\/kuzeyinsesi.org\\\/?s={search_term_string}\"},\"query-input\":{\"@type\":\"PropertyValueSpecification\",\"valueRequired\":true,\"valueName\":\"search_term_string\"}}],\"inLanguage\":\"tr\"},{\"@type\":\"Person\",\"@id\":\"https:\\\/\\\/kuzeyinsesi.org\\\/#\\\/schema\\\/person\\\/9f859689cdf01485597712386e37f5aa\",\"name\":\"Kuzeyin Sesi\",\"image\":{\"@type\":\"ImageObject\",\"inLanguage\":\"tr\",\"@id\":\"https:\\\/\\\/secure.gravatar.com\\\/avatar\\\/bab33852abfd8b282518d6ed81826833d77c3c882d9ab608add591ccace47a44?s=96&d=mm&r=g\",\"url\":\"https:\\\/\\\/secure.gravatar.com\\\/avatar\\\/bab33852abfd8b282518d6ed81826833d77c3c882d9ab608add591ccace47a44?s=96&d=mm&r=g\",\"contentUrl\":\"https:\\\/\\\/secure.gravatar.com\\\/avatar\\\/bab33852abfd8b282518d6ed81826833d77c3c882d9ab608add591ccace47a44?s=96&d=mm&r=g\",\"caption\":\"Kuzeyin Sesi\"},\"sameAs\":[\"https:\\\/\\\/kuzeyinsesi.org\"],\"url\":\"https:\\\/\\\/kuzeyinsesi.org\\\/index.php\\\/author\\\/guven\\\/\"}]}<\/script>\n<!-- \/ Yoast SEO plugin. -->","yoast_head_json":{"title":"Zeytinlik Zeytin Festivali bu gece sona eriyor - Kuzeyin Sesi","robots":{"index":"index","follow":"follow","max-snippet":"max-snippet:-1","max-image-preview":"max-image-preview:large","max-video-preview":"max-video-preview:-1"},"canonical":"https:\/\/kuzeyinsesi.org\/index.php\/2024\/10\/06\/zeytinlik-zeytin-festivali-bu-gece-sona-eriyor\/","og_locale":"tr_TR","og_type":"article","og_title":"Zeytinlik Zeytin Festivali bu gece sona eriyor - Kuzeyin Sesi","og_description":"Girne Belediyesi 23\u2019\u00fcnc\u00fc Uluslararas\u0131 Zeytinlik Zeytin Festivali bu ak\u015fam sona eriyor. Girne Belediyesinden verilen bilgiye g\u00f6re, Festival kapsam\u0131nda d\u00fcn Kar\u015f\u0131yaka K\u00fclt\u00fcr Sanat Derne\u011fi Halk Danslar\u0131 Toplulu\u011fu (K\u00fc\u00e7\u00fckler Grubu), Dance Spot \u00c7ocuk Balesi, Girne Gen\u00e7lik Merkezi Derne\u011fi Halk Danslar\u0131 Toplulu\u011fu ve Orak K\u00fclt\u00fcr Sanat ve E\u011fitim Merkezi\u2019nin g\u00f6sterileri yer ald\u0131. Gecede Erce G\u00fcner ve Ahmet Evan [&hellip;]","og_url":"https:\/\/kuzeyinsesi.org\/index.php\/2024\/10\/06\/zeytinlik-zeytin-festivali-bu-gece-sona-eriyor\/","og_site_name":"Kuzeyin Sesi","article_publisher":"https:\/\/www.facebook.com\/kuzeyinsesii","article_published_time":"2024-10-06T12:19:19+00:00","og_image":[{"url":"https:\/\/brtk.net\/wp-content\/uploads\/2024\/10\/06\/girne-festival1-scaled.jpg?ver=72ed07357d3a8f0e2a0108faafda9a79","type":"","width":"","height":""}],"author":"Kuzeyin Sesi","twitter_card":"summary_large_image","twitter_creator":"@kuzeyinsesii","twitter_site":"@kuzeyinsesii","twitter_misc":{"Yazan:":"Kuzeyin Sesi","Tahmini okuma s\u00fcresi":"2 dakika"},"schema":{"@context":"https:\/\/schema.org","@graph":[{"@type":"Article","@id":"https:\/\/kuzeyinsesi.org\/index.php\/2024\/10\/06\/zeytinlik-zeytin-festivali-bu-gece-sona-eriyor\/#article","isPartOf":{"@id":"https:\/\/kuzeyinsesi.org\/index.php\/2024\/10\/06\/zeytinlik-zeytin-festivali-bu-gece-sona-eriyor\/"},"author":{"name":"Kuzeyin Sesi","@id":"https:\/\/kuzeyinsesi.org\/#\/schema\/person\/9f859689cdf01485597712386e37f5aa"},"headline":"Zeytinlik Zeytin Festivali bu gece sona eriyor","datePublished":"2024-10-06T12:19:19+00:00","mainEntityOfPage":{"@id":"https:\/\/kuzeyinsesi.org\/index.php\/2024\/10\/06\/zeytinlik-zeytin-festivali-bu-gece-sona-eriyor\/"},"wordCount":363,"commentCount":0,"image":{"@id":"https:\/\/kuzeyinsesi.org\/index.php\/2024\/10\/06\/zeytinlik-zeytin-festivali-bu-gece-sona-eriyor\/#primaryimage"},"thumbnailUrl":"https:\/\/kuzeyinsesi.org\/wp-content\/uploads\/2024\/10\/girne-festival1-scaled.jpg","articleSection":["Ya\u015fam"],"inLanguage":"tr","potentialAction":[{"@type":"CommentAction","name":"Comment","target":["https:\/\/kuzeyinsesi.org\/index.php\/2024\/10\/06\/zeytinlik-zeytin-festivali-bu-gece-sona-eriyor\/#respond"]}]},{"@type":"WebPage","@id":"https:\/\/kuzeyinsesi.org\/index.php\/2024\/10\/06\/zeytinlik-zeytin-festivali-bu-gece-sona-eriyor\/","url":"https:\/\/kuzeyinsesi.org\/index.php\/2024\/10\/06\/zeytinlik-zeytin-festivali-bu-gece-sona-eriyor\/","name":"Zeytinlik Zeytin Festivali bu gece sona eriyor - Kuzeyin Sesi","isPartOf":{"@id":"https:\/\/kuzeyinsesi.org\/#website"},"primaryImageOfPage":{"@id":"https:\/\/kuzeyinsesi.org\/index.php\/2024\/10\/06\/zeytinlik-zeytin-festivali-bu-gece-sona-eriyor\/#primaryimage"},"image":{"@id":"https:\/\/kuzeyinsesi.org\/index.php\/2024\/10\/06\/zeytinlik-zeytin-festivali-bu-gece-sona-eriyor\/#primaryimage"},"thumbnailUrl":"https:\/\/kuzeyinsesi.org\/wp-content\/uploads\/2024\/10\/girne-festival1-scaled.jpg","datePublished":"2024-10-06T12:19:19+00:00","author":{"@id":"https:\/\/kuzeyinsesi.org\/#\/schema\/person\/9f859689cdf01485597712386e37f5aa"},"breadcrumb":{"@id":"https:\/\/kuzeyinsesi.org\/index.php\/2024\/10\/06\/zeytinlik-zeytin-festivali-bu-gece-sona-eriyor\/#breadcrumb"},"inLanguage":"tr","potentialAction":[{"@type":"ReadAction","target":["https:\/\/kuzeyinsesi.org\/index.php\/2024\/10\/06\/zeytinlik-zeytin-festivali-bu-gece-sona-eriyor\/"]}]},{"@type":"ImageObject","inLanguage":"tr","@id":"https:\/\/kuzeyinsesi.org\/index.php\/2024\/10\/06\/zeytinlik-zeytin-festivali-bu-gece-sona-eriyor\/#primaryimage","url":"https:\/\/kuzeyinsesi.org\/wp-content\/uploads\/2024\/10\/girne-festival1-scaled.jpg","contentUrl":"https:\/\/kuzeyinsesi.org\/wp-content\/uploads\/2024\/10\/girne-festival1-scaled.jpg","width":2560,"height":1928},{"@type":"BreadcrumbList","@id":"https:\/\/kuzeyinsesi.org\/index.php\/2024\/10\/06\/zeytinlik-zeytin-festivali-bu-gece-sona-eriyor\/#breadcrumb","itemListElement":[{"@type":"ListItem","position":1,"name":"Anasayfa","item":"https:\/\/kuzeyinsesi.org\/"},{"@type":"ListItem","position":2,"name":"Zeytinlik Zeytin Festivali bu gece sona eriyor"}]},{"@type":"WebSite","@id":"https:\/\/kuzeyinsesi.org\/#website","url":"https:\/\/kuzeyinsesi.org\/","name":"Kuzeyin Sesi","description":"Do\u011fru Haberin Adresi","potentialAction":[{"@type":"SearchAction","target":{"@type":"EntryPoint","urlTemplate":"https:\/\/kuzeyinsesi.org\/?s={search_term_string}"},"query-input":{"@type":"PropertyValueSpecification","valueRequired":true,"valueName":"search_term_string"}}],"inLanguage":"tr"},{"@type":"Person","@id":"https:\/\/kuzeyinsesi.org\/#\/schema\/person\/9f859689cdf01485597712386e37f5aa","name":"Kuzeyin Sesi","image":{"@type":"ImageObject","inLanguage":"tr","@id":"https:\/\/secure.gravatar.com\/avatar\/bab33852abfd8b282518d6ed81826833d77c3c882d9ab608add591ccace47a44?s=96&d=mm&r=g","url":"https:\/\/secure.gravatar.com\/avatar\/bab33852abfd8b282518d6ed81826833d77c3c882d9ab608add591ccace47a44?s=96&d=mm&r=g","contentUrl":"https:\/\/secure.gravatar.com\/avatar\/bab33852abfd8b282518d6ed81826833d77c3c882d9ab608add591ccace47a44?s=96&d=mm&r=g","caption":"Kuzeyin Sesi"},"sameAs":["https:\/\/kuzeyinsesi.org"],"url":"https:\/\/kuzeyinsesi.org\/index.php\/author\/guven\/"}]}},"_links":{"self":[{"href":"https:\/\/kuzeyinsesi.org\/index.php\/wp-json\/wp\/v2\/posts\/11021","targetHints":{"allow":["GET"]}}],"collection":[{"href":"https:\/\/kuzeyinsesi.org\/index.php\/wp-json\/wp\/v2\/posts"}],"about":[{"href":"https:\/\/kuzeyinsesi.org\/index.php\/wp-json\/wp\/v2\/types\/post"}],"author":[{"embeddable":true,"href":"https:\/\/kuzeyinsesi.org\/index.php\/wp-json\/wp\/v2\/users\/1"}],"replies":[{"embeddable":true,"href":"https:\/\/kuzeyinsesi.org\/index.php\/wp-json\/wp\/v2\/comments?post=11021"}],"version-history":[{"count":0,"href":"https:\/\/kuzeyinsesi.org\/index.php\/wp-json\/wp\/v2\/posts\/11021\/revisions"}],"wp:featuredmedia":[{"embeddable":true,"href":"https:\/\/kuzeyinsesi.org\/index.php\/wp-json\/wp\/v2\/media\/11022"}],"wp:attachment":[{"href":"https:\/\/kuzeyinsesi.org\/index.php\/wp-json\/wp\/v2\/media?parent=11021"}],"wp:term":[{"taxonomy":"category","embeddable":true,"href":"https:\/\/kuzeyinsesi.org\/index.php\/wp-json\/wp\/v2\/categories?post=11021"},{"taxonomy":"post_tag","embeddable":true,"href":"https:\/\/kuzeyinsesi.org\/index.php\/wp-json\/wp\/v2\/tags?post=11021"}],"curies":[{"name":"wp","href":"https:\/\/api.w.org\/{rel}","templated":true}]}}