{"id":11005,"date":"2024-10-05T21:59:07","date_gmt":"2024-10-05T18:59:07","guid":{"rendered":"https:\/\/kuzeyinsesi.org\/index.php\/2024\/10\/05\/ruya-taner-kursat-basar-ile-leshok-oda-muzigi-festivalinde-sahne-aldi\/"},"modified":"2024-10-05T21:59:07","modified_gmt":"2024-10-05T18:59:07","slug":"ruya-taner-kursat-basar-ile-leshok-oda-muzigi-festivalinde-sahne-aldi","status":"publish","type":"post","link":"https:\/\/kuzeyinsesi.org\/index.php\/2024\/10\/05\/ruya-taner-kursat-basar-ile-leshok-oda-muzigi-festivalinde-sahne-aldi\/","title":{"rendered":"R\u00fcya Taner, K\u00fcr\u015fat Ba\u015far ile Leshok Oda M\u00fczi\u011fi Festivali\u2019nde sahne ald\u0131"},"content":{"rendered":"<div>\n<div class=\"mariselle-image-container center\">\n                                            <\/div>\n<p>Piyano sanat\u00e7\u0131s\u0131 R\u00fcya Taner, T\u00fcrkiye\u2019den saksafon sanat\u00e7\u0131s\u0131 K\u00fcr\u015fat Ba\u015far ile birlikte \u201cYerelden K\u00fcresele\u201d projesi kapsam\u0131nda d\u00fcnyan\u0131n d\u00f6rt bir yan\u0131nda vermekte oldu\u011fu konserler \u00e7er\u00e7evesinde Kuzey Makedonya Cumhuriyeti\u2019ndeki Leshok Oda M\u00fczi\u011fi Festivali\u2019nde m\u00fczikseverlerle bulu\u015ftu.<\/p>\n<p>\u0130ki sanat\u00e7\u0131, ilgin\u00e7 bir program anlay\u0131\u015f\u0131yla sahne ald\u0131. Piyano ve saksafon i\u00e7in d\u00fczenlenmi\u015f pop\u00fcler eserler icra edildi. <\/p>\n<p>Program\u0131n sonunda R\u00fcya Taner, izleyicilere Makedonca \u201cSizin \u0130\u00e7in Bir Hediye\u201d diyerek, saksafon ve piyano i\u00e7in d\u00fczenlenmi\u015f, en \u00fcnl\u00fc ve en \u00e7ok icra edilen Makedon halk \u015fark\u0131lar\u0131ndan biri olan \u201cJovano, Jovanke\u201dyi seslendirdi.<\/p>\n<\/p><\/div>\n<p><script async\n                    defer\n                    crossorigin=\"anonymous\"\n                    src=\"https:\/\/connect.facebook.net\/tr_TR\/sdk.js#xfbml=1&#038;version=v3.3\"\n            ><\/script><\/p>\n","protected":false},"excerpt":{"rendered":"<p>Piyano sanat\u00e7\u0131s\u0131 R\u00fcya Taner, T\u00fcrkiye\u2019den saksafon sanat\u00e7\u0131s\u0131 K\u00fcr\u015fat Ba\u015far ile birlikte \u201cYerelden K\u00fcresele\u201d projesi kapsam\u0131nda d\u00fcnyan\u0131n d\u00f6rt bir yan\u0131nda vermekte oldu\u011fu konserler \u00e7er\u00e7evesinde Kuzey Makedonya Cumhuriyeti\u2019ndeki Leshok Oda M\u00fczi\u011fi Festivali\u2019nde m\u00fczikseverlerle bulu\u015ftu. \u0130ki sanat\u00e7\u0131, ilgin\u00e7 bir program anlay\u0131\u015f\u0131yla sahne ald\u0131. Piyano ve saksafon i\u00e7in d\u00fczenlenmi\u015f pop\u00fcler eserler icra edildi. Program\u0131n sonunda R\u00fcya Taner, izleyicilere Makedonca [&hellip;]<\/p>\n","protected":false},"author":1,"featured_media":11006,"comment_status":"open","ping_status":"open","sticky":false,"template":"","format":"standard","meta":{"jnews-multi-image_gallery":[],"jnews_single_post":[],"jnews_primary_category":[],"jnews_social_meta":[],"jnews_override_counter":[],"footnotes":""},"categories":[6],"tags":[],"class_list":["post-11005","post","type-post","status-publish","format-standard","has-post-thumbnail","hentry","category-yasam"],"yoast_head":"<!-- This site is optimized with the Yoast SEO plugin v27.4 - https:\/\/yoast.com\/product\/yoast-seo-wordpress\/ -->\n<title>R\u00fcya Taner, K\u00fcr\u015fat Ba\u015far ile Leshok Oda M\u00fczi\u011fi Festivali\u2019nde sahne ald\u0131 - Kuzeyin Sesi<\/title>\n<meta name=\"robots\" content=\"index, follow, max-snippet:-1, max-image-preview:large, max-video-preview:-1\" \/>\n<link rel=\"canonical\" href=\"https:\/\/kuzeyinsesi.org\/index.php\/2024\/10\/05\/ruya-taner-kursat-basar-ile-leshok-oda-muzigi-festivalinde-sahne-aldi\/\" \/>\n<meta property=\"og:locale\" content=\"tr_TR\" \/>\n<meta property=\"og:type\" content=\"article\" \/>\n<meta property=\"og:title\" content=\"R\u00fcya Taner, K\u00fcr\u015fat Ba\u015far ile Leshok Oda M\u00fczi\u011fi Festivali\u2019nde sahne ald\u0131 - Kuzeyin Sesi\" \/>\n<meta property=\"og:description\" content=\"Piyano sanat\u00e7\u0131s\u0131 R\u00fcya Taner, T\u00fcrkiye\u2019den saksafon sanat\u00e7\u0131s\u0131 K\u00fcr\u015fat Ba\u015far ile birlikte \u201cYerelden K\u00fcresele\u201d projesi kapsam\u0131nda d\u00fcnyan\u0131n d\u00f6rt bir yan\u0131nda vermekte oldu\u011fu konserler \u00e7er\u00e7evesinde Kuzey Makedonya Cumhuriyeti\u2019ndeki Leshok Oda M\u00fczi\u011fi Festivali\u2019nde m\u00fczikseverlerle bulu\u015ftu. \u0130ki sanat\u00e7\u0131, ilgin\u00e7 bir program anlay\u0131\u015f\u0131yla sahne ald\u0131. Piyano ve saksafon i\u00e7in d\u00fczenlenmi\u015f pop\u00fcler eserler icra edildi. Program\u0131n sonunda R\u00fcya Taner, izleyicilere Makedonca [&hellip;]\" \/>\n<meta property=\"og:url\" content=\"https:\/\/kuzeyinsesi.org\/index.php\/2024\/10\/05\/ruya-taner-kursat-basar-ile-leshok-oda-muzigi-festivalinde-sahne-aldi\/\" \/>\n<meta property=\"og:site_name\" content=\"Kuzeyin Sesi\" \/>\n<meta property=\"article:publisher\" content=\"https:\/\/www.facebook.com\/kuzeyinsesii\" \/>\n<meta property=\"article:published_time\" content=\"2024-10-05T18:59:07+00:00\" \/>\n<meta property=\"og:image\" content=\"https:\/\/brtk.net\/wp-content\/uploads\/2024\/10\/05\/rt.jpg?ver=eb462aa268736050e97a98740f70dbd5\" \/>\n<meta name=\"author\" content=\"Kuzeyin Sesi\" \/>\n<meta name=\"twitter:card\" content=\"summary_large_image\" \/>\n<meta name=\"twitter:creator\" content=\"@kuzeyinsesii\" \/>\n<meta name=\"twitter:site\" content=\"@kuzeyinsesii\" \/>\n<meta name=\"twitter:label1\" content=\"Yazan:\" \/>\n\t<meta name=\"twitter:data1\" content=\"Kuzeyin Sesi\" \/>\n\t<meta name=\"twitter:label2\" content=\"Tahmini okuma s\u00fcresi\" \/>\n\t<meta name=\"twitter:data2\" content=\"1 dakika\" \/>\n<script type=\"application\/ld+json\" class=\"yoast-schema-graph\">{\"@context\":\"https:\\\/\\\/schema.org\",\"@graph\":[{\"@type\":\"Article\",\"@id\":\"https:\\\/\\\/kuzeyinsesi.org\\\/index.php\\\/2024\\\/10\\\/05\\\/ruya-taner-kursat-basar-ile-leshok-oda-muzigi-festivalinde-sahne-aldi\\\/#article\",\"isPartOf\":{\"@id\":\"https:\\\/\\\/kuzeyinsesi.org\\\/index.php\\\/2024\\\/10\\\/05\\\/ruya-taner-kursat-basar-ile-leshok-oda-muzigi-festivalinde-sahne-aldi\\\/\"},\"author\":{\"name\":\"Kuzeyin Sesi\",\"@id\":\"https:\\\/\\\/kuzeyinsesi.org\\\/#\\\/schema\\\/person\\\/9f859689cdf01485597712386e37f5aa\"},\"headline\":\"R\u00fcya Taner, K\u00fcr\u015fat Ba\u015far ile Leshok Oda M\u00fczi\u011fi Festivali\u2019nde sahne ald\u0131\",\"datePublished\":\"2024-10-05T18:59:07+00:00\",\"mainEntityOfPage\":{\"@id\":\"https:\\\/\\\/kuzeyinsesi.org\\\/index.php\\\/2024\\\/10\\\/05\\\/ruya-taner-kursat-basar-ile-leshok-oda-muzigi-festivalinde-sahne-aldi\\\/\"},\"wordCount\":131,\"commentCount\":0,\"image\":{\"@id\":\"https:\\\/\\\/kuzeyinsesi.org\\\/index.php\\\/2024\\\/10\\\/05\\\/ruya-taner-kursat-basar-ile-leshok-oda-muzigi-festivalinde-sahne-aldi\\\/#primaryimage\"},\"thumbnailUrl\":\"https:\\\/\\\/kuzeyinsesi.org\\\/wp-content\\\/uploads\\\/2024\\\/10\\\/rt.jpg\",\"articleSection\":[\"Ya\u015fam\"],\"inLanguage\":\"tr\",\"potentialAction\":[{\"@type\":\"CommentAction\",\"name\":\"Comment\",\"target\":[\"https:\\\/\\\/kuzeyinsesi.org\\\/index.php\\\/2024\\\/10\\\/05\\\/ruya-taner-kursat-basar-ile-leshok-oda-muzigi-festivalinde-sahne-aldi\\\/#respond\"]}]},{\"@type\":\"WebPage\",\"@id\":\"https:\\\/\\\/kuzeyinsesi.org\\\/index.php\\\/2024\\\/10\\\/05\\\/ruya-taner-kursat-basar-ile-leshok-oda-muzigi-festivalinde-sahne-aldi\\\/\",\"url\":\"https:\\\/\\\/kuzeyinsesi.org\\\/index.php\\\/2024\\\/10\\\/05\\\/ruya-taner-kursat-basar-ile-leshok-oda-muzigi-festivalinde-sahne-aldi\\\/\",\"name\":\"R\u00fcya Taner, K\u00fcr\u015fat Ba\u015far ile Leshok Oda M\u00fczi\u011fi Festivali\u2019nde sahne ald\u0131 - Kuzeyin Sesi\",\"isPartOf\":{\"@id\":\"https:\\\/\\\/kuzeyinsesi.org\\\/#website\"},\"primaryImageOfPage\":{\"@id\":\"https:\\\/\\\/kuzeyinsesi.org\\\/index.php\\\/2024\\\/10\\\/05\\\/ruya-taner-kursat-basar-ile-leshok-oda-muzigi-festivalinde-sahne-aldi\\\/#primaryimage\"},\"image\":{\"@id\":\"https:\\\/\\\/kuzeyinsesi.org\\\/index.php\\\/2024\\\/10\\\/05\\\/ruya-taner-kursat-basar-ile-leshok-oda-muzigi-festivalinde-sahne-aldi\\\/#primaryimage\"},\"thumbnailUrl\":\"https:\\\/\\\/kuzeyinsesi.org\\\/wp-content\\\/uploads\\\/2024\\\/10\\\/rt.jpg\",\"datePublished\":\"2024-10-05T18:59:07+00:00\",\"author\":{\"@id\":\"https:\\\/\\\/kuzeyinsesi.org\\\/#\\\/schema\\\/person\\\/9f859689cdf01485597712386e37f5aa\"},\"breadcrumb\":{\"@id\":\"https:\\\/\\\/kuzeyinsesi.org\\\/index.php\\\/2024\\\/10\\\/05\\\/ruya-taner-kursat-basar-ile-leshok-oda-muzigi-festivalinde-sahne-aldi\\\/#breadcrumb\"},\"inLanguage\":\"tr\",\"potentialAction\":[{\"@type\":\"ReadAction\",\"target\":[\"https:\\\/\\\/kuzeyinsesi.org\\\/index.php\\\/2024\\\/10\\\/05\\\/ruya-taner-kursat-basar-ile-leshok-oda-muzigi-festivalinde-sahne-aldi\\\/\"]}]},{\"@type\":\"ImageObject\",\"inLanguage\":\"tr\",\"@id\":\"https:\\\/\\\/kuzeyinsesi.org\\\/index.php\\\/2024\\\/10\\\/05\\\/ruya-taner-kursat-basar-ile-leshok-oda-muzigi-festivalinde-sahne-aldi\\\/#primaryimage\",\"url\":\"https:\\\/\\\/kuzeyinsesi.org\\\/wp-content\\\/uploads\\\/2024\\\/10\\\/rt.jpg\",\"contentUrl\":\"https:\\\/\\\/kuzeyinsesi.org\\\/wp-content\\\/uploads\\\/2024\\\/10\\\/rt.jpg\",\"width\":750,\"height\":450},{\"@type\":\"BreadcrumbList\",\"@id\":\"https:\\\/\\\/kuzeyinsesi.org\\\/index.php\\\/2024\\\/10\\\/05\\\/ruya-taner-kursat-basar-ile-leshok-oda-muzigi-festivalinde-sahne-aldi\\\/#breadcrumb\",\"itemListElement\":[{\"@type\":\"ListItem\",\"position\":1,\"name\":\"Anasayfa\",\"item\":\"https:\\\/\\\/kuzeyinsesi.org\\\/\"},{\"@type\":\"ListItem\",\"position\":2,\"name\":\"R\u00fcya Taner, K\u00fcr\u015fat Ba\u015far ile Leshok Oda M\u00fczi\u011fi Festivali\u2019nde sahne ald\u0131\"}]},{\"@type\":\"WebSite\",\"@id\":\"https:\\\/\\\/kuzeyinsesi.org\\\/#website\",\"url\":\"https:\\\/\\\/kuzeyinsesi.org\\\/\",\"name\":\"Kuzeyin Sesi\",\"description\":\"Do\u011fru Haberin Adresi\",\"potentialAction\":[{\"@type\":\"SearchAction\",\"target\":{\"@type\":\"EntryPoint\",\"urlTemplate\":\"https:\\\/\\\/kuzeyinsesi.org\\\/?s={search_term_string}\"},\"query-input\":{\"@type\":\"PropertyValueSpecification\",\"valueRequired\":true,\"valueName\":\"search_term_string\"}}],\"inLanguage\":\"tr\"},{\"@type\":\"Person\",\"@id\":\"https:\\\/\\\/kuzeyinsesi.org\\\/#\\\/schema\\\/person\\\/9f859689cdf01485597712386e37f5aa\",\"name\":\"Kuzeyin Sesi\",\"image\":{\"@type\":\"ImageObject\",\"inLanguage\":\"tr\",\"@id\":\"https:\\\/\\\/secure.gravatar.com\\\/avatar\\\/bab33852abfd8b282518d6ed81826833d77c3c882d9ab608add591ccace47a44?s=96&d=mm&r=g\",\"url\":\"https:\\\/\\\/secure.gravatar.com\\\/avatar\\\/bab33852abfd8b282518d6ed81826833d77c3c882d9ab608add591ccace47a44?s=96&d=mm&r=g\",\"contentUrl\":\"https:\\\/\\\/secure.gravatar.com\\\/avatar\\\/bab33852abfd8b282518d6ed81826833d77c3c882d9ab608add591ccace47a44?s=96&d=mm&r=g\",\"caption\":\"Kuzeyin Sesi\"},\"sameAs\":[\"https:\\\/\\\/kuzeyinsesi.org\"],\"url\":\"https:\\\/\\\/kuzeyinsesi.org\\\/index.php\\\/author\\\/guven\\\/\"}]}<\/script>\n<!-- \/ Yoast SEO plugin. -->","yoast_head_json":{"title":"R\u00fcya Taner, K\u00fcr\u015fat Ba\u015far ile Leshok Oda M\u00fczi\u011fi Festivali\u2019nde sahne ald\u0131 - Kuzeyin Sesi","robots":{"index":"index","follow":"follow","max-snippet":"max-snippet:-1","max-image-preview":"max-image-preview:large","max-video-preview":"max-video-preview:-1"},"canonical":"https:\/\/kuzeyinsesi.org\/index.php\/2024\/10\/05\/ruya-taner-kursat-basar-ile-leshok-oda-muzigi-festivalinde-sahne-aldi\/","og_locale":"tr_TR","og_type":"article","og_title":"R\u00fcya Taner, K\u00fcr\u015fat Ba\u015far ile Leshok Oda M\u00fczi\u011fi Festivali\u2019nde sahne ald\u0131 - Kuzeyin Sesi","og_description":"Piyano sanat\u00e7\u0131s\u0131 R\u00fcya Taner, T\u00fcrkiye\u2019den saksafon sanat\u00e7\u0131s\u0131 K\u00fcr\u015fat Ba\u015far ile birlikte \u201cYerelden K\u00fcresele\u201d projesi kapsam\u0131nda d\u00fcnyan\u0131n d\u00f6rt bir yan\u0131nda vermekte oldu\u011fu konserler \u00e7er\u00e7evesinde Kuzey Makedonya Cumhuriyeti\u2019ndeki Leshok Oda M\u00fczi\u011fi Festivali\u2019nde m\u00fczikseverlerle bulu\u015ftu. \u0130ki sanat\u00e7\u0131, ilgin\u00e7 bir program anlay\u0131\u015f\u0131yla sahne ald\u0131. Piyano ve saksafon i\u00e7in d\u00fczenlenmi\u015f pop\u00fcler eserler icra edildi. Program\u0131n sonunda R\u00fcya Taner, izleyicilere Makedonca [&hellip;]","og_url":"https:\/\/kuzeyinsesi.org\/index.php\/2024\/10\/05\/ruya-taner-kursat-basar-ile-leshok-oda-muzigi-festivalinde-sahne-aldi\/","og_site_name":"Kuzeyin Sesi","article_publisher":"https:\/\/www.facebook.com\/kuzeyinsesii","article_published_time":"2024-10-05T18:59:07+00:00","og_image":[{"url":"https:\/\/brtk.net\/wp-content\/uploads\/2024\/10\/05\/rt.jpg?ver=eb462aa268736050e97a98740f70dbd5","type":"","width":"","height":""}],"author":"Kuzeyin Sesi","twitter_card":"summary_large_image","twitter_creator":"@kuzeyinsesii","twitter_site":"@kuzeyinsesii","twitter_misc":{"Yazan:":"Kuzeyin Sesi","Tahmini okuma s\u00fcresi":"1 dakika"},"schema":{"@context":"https:\/\/schema.org","@graph":[{"@type":"Article","@id":"https:\/\/kuzeyinsesi.org\/index.php\/2024\/10\/05\/ruya-taner-kursat-basar-ile-leshok-oda-muzigi-festivalinde-sahne-aldi\/#article","isPartOf":{"@id":"https:\/\/kuzeyinsesi.org\/index.php\/2024\/10\/05\/ruya-taner-kursat-basar-ile-leshok-oda-muzigi-festivalinde-sahne-aldi\/"},"author":{"name":"Kuzeyin Sesi","@id":"https:\/\/kuzeyinsesi.org\/#\/schema\/person\/9f859689cdf01485597712386e37f5aa"},"headline":"R\u00fcya Taner, K\u00fcr\u015fat Ba\u015far ile Leshok Oda M\u00fczi\u011fi Festivali\u2019nde sahne ald\u0131","datePublished":"2024-10-05T18:59:07+00:00","mainEntityOfPage":{"@id":"https:\/\/kuzeyinsesi.org\/index.php\/2024\/10\/05\/ruya-taner-kursat-basar-ile-leshok-oda-muzigi-festivalinde-sahne-aldi\/"},"wordCount":131,"commentCount":0,"image":{"@id":"https:\/\/kuzeyinsesi.org\/index.php\/2024\/10\/05\/ruya-taner-kursat-basar-ile-leshok-oda-muzigi-festivalinde-sahne-aldi\/#primaryimage"},"thumbnailUrl":"https:\/\/kuzeyinsesi.org\/wp-content\/uploads\/2024\/10\/rt.jpg","articleSection":["Ya\u015fam"],"inLanguage":"tr","potentialAction":[{"@type":"CommentAction","name":"Comment","target":["https:\/\/kuzeyinsesi.org\/index.php\/2024\/10\/05\/ruya-taner-kursat-basar-ile-leshok-oda-muzigi-festivalinde-sahne-aldi\/#respond"]}]},{"@type":"WebPage","@id":"https:\/\/kuzeyinsesi.org\/index.php\/2024\/10\/05\/ruya-taner-kursat-basar-ile-leshok-oda-muzigi-festivalinde-sahne-aldi\/","url":"https:\/\/kuzeyinsesi.org\/index.php\/2024\/10\/05\/ruya-taner-kursat-basar-ile-leshok-oda-muzigi-festivalinde-sahne-aldi\/","name":"R\u00fcya Taner, K\u00fcr\u015fat Ba\u015far ile Leshok Oda M\u00fczi\u011fi Festivali\u2019nde sahne ald\u0131 - Kuzeyin Sesi","isPartOf":{"@id":"https:\/\/kuzeyinsesi.org\/#website"},"primaryImageOfPage":{"@id":"https:\/\/kuzeyinsesi.org\/index.php\/2024\/10\/05\/ruya-taner-kursat-basar-ile-leshok-oda-muzigi-festivalinde-sahne-aldi\/#primaryimage"},"image":{"@id":"https:\/\/kuzeyinsesi.org\/index.php\/2024\/10\/05\/ruya-taner-kursat-basar-ile-leshok-oda-muzigi-festivalinde-sahne-aldi\/#primaryimage"},"thumbnailUrl":"https:\/\/kuzeyinsesi.org\/wp-content\/uploads\/2024\/10\/rt.jpg","datePublished":"2024-10-05T18:59:07+00:00","author":{"@id":"https:\/\/kuzeyinsesi.org\/#\/schema\/person\/9f859689cdf01485597712386e37f5aa"},"breadcrumb":{"@id":"https:\/\/kuzeyinsesi.org\/index.php\/2024\/10\/05\/ruya-taner-kursat-basar-ile-leshok-oda-muzigi-festivalinde-sahne-aldi\/#breadcrumb"},"inLanguage":"tr","potentialAction":[{"@type":"ReadAction","target":["https:\/\/kuzeyinsesi.org\/index.php\/2024\/10\/05\/ruya-taner-kursat-basar-ile-leshok-oda-muzigi-festivalinde-sahne-aldi\/"]}]},{"@type":"ImageObject","inLanguage":"tr","@id":"https:\/\/kuzeyinsesi.org\/index.php\/2024\/10\/05\/ruya-taner-kursat-basar-ile-leshok-oda-muzigi-festivalinde-sahne-aldi\/#primaryimage","url":"https:\/\/kuzeyinsesi.org\/wp-content\/uploads\/2024\/10\/rt.jpg","contentUrl":"https:\/\/kuzeyinsesi.org\/wp-content\/uploads\/2024\/10\/rt.jpg","width":750,"height":450},{"@type":"BreadcrumbList","@id":"https:\/\/kuzeyinsesi.org\/index.php\/2024\/10\/05\/ruya-taner-kursat-basar-ile-leshok-oda-muzigi-festivalinde-sahne-aldi\/#breadcrumb","itemListElement":[{"@type":"ListItem","position":1,"name":"Anasayfa","item":"https:\/\/kuzeyinsesi.org\/"},{"@type":"ListItem","position":2,"name":"R\u00fcya Taner, K\u00fcr\u015fat Ba\u015far ile Leshok Oda M\u00fczi\u011fi Festivali\u2019nde sahne ald\u0131"}]},{"@type":"WebSite","@id":"https:\/\/kuzeyinsesi.org\/#website","url":"https:\/\/kuzeyinsesi.org\/","name":"Kuzeyin Sesi","description":"Do\u011fru Haberin Adresi","potentialAction":[{"@type":"SearchAction","target":{"@type":"EntryPoint","urlTemplate":"https:\/\/kuzeyinsesi.org\/?s={search_term_string}"},"query-input":{"@type":"PropertyValueSpecification","valueRequired":true,"valueName":"search_term_string"}}],"inLanguage":"tr"},{"@type":"Person","@id":"https:\/\/kuzeyinsesi.org\/#\/schema\/person\/9f859689cdf01485597712386e37f5aa","name":"Kuzeyin Sesi","image":{"@type":"ImageObject","inLanguage":"tr","@id":"https:\/\/secure.gravatar.com\/avatar\/bab33852abfd8b282518d6ed81826833d77c3c882d9ab608add591ccace47a44?s=96&d=mm&r=g","url":"https:\/\/secure.gravatar.com\/avatar\/bab33852abfd8b282518d6ed81826833d77c3c882d9ab608add591ccace47a44?s=96&d=mm&r=g","contentUrl":"https:\/\/secure.gravatar.com\/avatar\/bab33852abfd8b282518d6ed81826833d77c3c882d9ab608add591ccace47a44?s=96&d=mm&r=g","caption":"Kuzeyin Sesi"},"sameAs":["https:\/\/kuzeyinsesi.org"],"url":"https:\/\/kuzeyinsesi.org\/index.php\/author\/guven\/"}]}},"_links":{"self":[{"href":"https:\/\/kuzeyinsesi.org\/index.php\/wp-json\/wp\/v2\/posts\/11005","targetHints":{"allow":["GET"]}}],"collection":[{"href":"https:\/\/kuzeyinsesi.org\/index.php\/wp-json\/wp\/v2\/posts"}],"about":[{"href":"https:\/\/kuzeyinsesi.org\/index.php\/wp-json\/wp\/v2\/types\/post"}],"author":[{"embeddable":true,"href":"https:\/\/kuzeyinsesi.org\/index.php\/wp-json\/wp\/v2\/users\/1"}],"replies":[{"embeddable":true,"href":"https:\/\/kuzeyinsesi.org\/index.php\/wp-json\/wp\/v2\/comments?post=11005"}],"version-history":[{"count":0,"href":"https:\/\/kuzeyinsesi.org\/index.php\/wp-json\/wp\/v2\/posts\/11005\/revisions"}],"wp:featuredmedia":[{"embeddable":true,"href":"https:\/\/kuzeyinsesi.org\/index.php\/wp-json\/wp\/v2\/media\/11006"}],"wp:attachment":[{"href":"https:\/\/kuzeyinsesi.org\/index.php\/wp-json\/wp\/v2\/media?parent=11005"}],"wp:term":[{"taxonomy":"category","embeddable":true,"href":"https:\/\/kuzeyinsesi.org\/index.php\/wp-json\/wp\/v2\/categories?post=11005"},{"taxonomy":"post_tag","embeddable":true,"href":"https:\/\/kuzeyinsesi.org\/index.php\/wp-json\/wp\/v2\/tags?post=11005"}],"curies":[{"name":"wp","href":"https:\/\/api.w.org\/{rel}","templated":true}]}}