{"id":10993,"date":"2024-10-05T14:44:37","date_gmt":"2024-10-05T11:44:37","guid":{"rendered":"https:\/\/kuzeyinsesi.org\/index.php\/2024\/10\/05\/kktcdob-odtude-konser-verdi\/"},"modified":"2024-10-05T14:44:37","modified_gmt":"2024-10-05T11:44:37","slug":"kktcdob-odtude-konser-verdi","status":"publish","type":"post","link":"https:\/\/kuzeyinsesi.org\/index.php\/2024\/10\/05\/kktcdob-odtude-konser-verdi\/","title":{"rendered":"KKTCDOB, ODT\u00dc\u2019de konser verdi"},"content":{"rendered":"<div>\n<div class=\"mariselle-image-container center\">\n                                            <\/div>\n<p>Ba\u015fbakan Yard\u0131mc\u0131l\u0131\u011f\u0131 Turizm K\u00fclt\u00fcr Gen\u00e7lik ve \u00c7evre Bakanl\u0131\u011f\u0131\u2019na ba\u011fl\u0131 Devlet Opera ve Bale Koordinasyon Merkezi (KKTCDOB), ODT\u00dc Kuzey K\u0131br\u0131s Kamp\u00fcs\u00fc\u2019n\u00fcn 2024 -2025 Akademik Y\u0131l\u0131 a\u00e7\u0131l\u0131\u015f seramonisinde Piyanist G\u00f6zdem \u0130lkay, Soprano Sermin Dikmen T\u00f6re ile Bariton Tu\u011frul Enver T\u00f6re solistli\u011finde konser ger\u00e7ekle\u015ftirdi.<\/p>\n<div class=\"mariselle-image-container center\">\n                <img decoding=\"async\" width=\"2560\" height=\"1708\" class=\"lazy-image\" alt=\"\" sizes=\"(max-width: 2560px) 100vw, 2560px\" src=\"https:\/\/brtk.net\/wp-content\/uploads\/2024\/10\/05\/e-opera-bale-konser-3--scaled.jpg?ver=ba2bd0ea293fa3189b0627e7e73ac30a\" srcset=\"https:\/\/brtk.net\/wp-content\/uploads\/2024\/10\/05\/e-opera-bale-konser-3--scaled.jpg?ver=ba2bd0ea293fa3189b0627e7e73ac30a 2560w, https:\/\/brtk.net\/wp-content\/uploads\/2024\/10\/05\/e-opera-bale-konser-3--300x200.jpg?ver=c90f8da60731d60a38ce77a2534146de 300w, https:\/\/brtk.net\/wp-content\/uploads\/2024\/10\/05\/e-opera-bale-konser-3--1024x683.jpg?ver=0a450661245afd4079d3fb4cc46583d8 1024w, https:\/\/brtk.net\/wp-content\/uploads\/2024\/10\/05\/e-opera-bale-konser-3--768x512.jpg?ver=0a450661245afd4079d3fb4cc46583d8 768w, https:\/\/brtk.net\/wp-content\/uploads\/2024\/10\/05\/e-opera-bale-konser-3--1536x1025.jpg?ver=d04425f9413667d9c2455ceae6aa7b90 1536w, https:\/\/brtk.net\/wp-content\/uploads\/2024\/10\/05\/e-opera-bale-konser-3--2048x1366.jpg?ver=1a587d1bbe65a3c53c0dd2fb9016c6c2 2048w\"\/>                            <\/div>\n<p>Bakanl\u0131ktan verilen bilgiye g\u00f6re, Cumhurba\u015fkan\u0131 Ersin Tatar, Cumhuriyet Meclisi Ba\u015fkan\u0131 Zorlu T\u00f6re, Milli E\u011fitim Bakan\u0131 Naz\u0131m \u00c7avu\u015fo\u011flu, ODT\u00dc Rekt\u00f6r\u00fc Prof. Dr. Ahmet Yozgatl\u0131gil, fak\u00fcltelerin y\u00f6neticileri, \u00f6\u011fretim g\u00f6revlileri ve \u00e7ok say\u0131da konu\u011fun izledi\u011fi konserde, opera aryalar\u0131 ve T\u00fcrk eserlerinden olu\u015fan bir se\u00e7ki sunuldu.<\/p>\n<\/p><\/div>\n<p><script async\n                    defer\n                    crossorigin=\"anonymous\"\n                    src=\"https:\/\/connect.facebook.net\/tr_TR\/sdk.js#xfbml=1&#038;version=v3.3\"\n            ><\/script><\/p>\n","protected":false},"excerpt":{"rendered":"<p>Ba\u015fbakan Yard\u0131mc\u0131l\u0131\u011f\u0131 Turizm K\u00fclt\u00fcr Gen\u00e7lik ve \u00c7evre Bakanl\u0131\u011f\u0131\u2019na ba\u011fl\u0131 Devlet Opera ve Bale Koordinasyon Merkezi (KKTCDOB), ODT\u00dc Kuzey K\u0131br\u0131s Kamp\u00fcs\u00fc\u2019n\u00fcn 2024 -2025 Akademik Y\u0131l\u0131 a\u00e7\u0131l\u0131\u015f seramonisinde Piyanist G\u00f6zdem \u0130lkay, Soprano Sermin Dikmen T\u00f6re ile Bariton Tu\u011frul Enver T\u00f6re solistli\u011finde konser ger\u00e7ekle\u015ftirdi. Bakanl\u0131ktan verilen bilgiye g\u00f6re, Cumhurba\u015fkan\u0131 Ersin Tatar, Cumhuriyet Meclisi Ba\u015fkan\u0131 Zorlu T\u00f6re, Milli E\u011fitim [&hellip;]<\/p>\n","protected":false},"author":1,"featured_media":10994,"comment_status":"open","ping_status":"open","sticky":false,"template":"","format":"standard","meta":{"jnews-multi-image_gallery":[],"jnews_single_post":[],"jnews_primary_category":[],"jnews_social_meta":[],"jnews_override_counter":[],"footnotes":""},"categories":[6],"tags":[],"class_list":["post-10993","post","type-post","status-publish","format-standard","has-post-thumbnail","hentry","category-yasam"],"yoast_head":"<!-- This site is optimized with the Yoast SEO plugin v27.4 - https:\/\/yoast.com\/product\/yoast-seo-wordpress\/ -->\n<title>KKTCDOB, ODT\u00dc\u2019de konser verdi - Kuzeyin Sesi<\/title>\n<meta name=\"robots\" content=\"index, follow, max-snippet:-1, max-image-preview:large, max-video-preview:-1\" \/>\n<link rel=\"canonical\" href=\"https:\/\/kuzeyinsesi.org\/index.php\/2024\/10\/05\/kktcdob-odtude-konser-verdi\/\" \/>\n<meta property=\"og:locale\" content=\"tr_TR\" \/>\n<meta property=\"og:type\" content=\"article\" \/>\n<meta property=\"og:title\" content=\"KKTCDOB, ODT\u00dc\u2019de konser verdi - Kuzeyin Sesi\" \/>\n<meta property=\"og:description\" content=\"Ba\u015fbakan Yard\u0131mc\u0131l\u0131\u011f\u0131 Turizm K\u00fclt\u00fcr Gen\u00e7lik ve \u00c7evre Bakanl\u0131\u011f\u0131\u2019na ba\u011fl\u0131 Devlet Opera ve Bale Koordinasyon Merkezi (KKTCDOB), ODT\u00dc Kuzey K\u0131br\u0131s Kamp\u00fcs\u00fc\u2019n\u00fcn 2024 -2025 Akademik Y\u0131l\u0131 a\u00e7\u0131l\u0131\u015f seramonisinde Piyanist G\u00f6zdem \u0130lkay, Soprano Sermin Dikmen T\u00f6re ile Bariton Tu\u011frul Enver T\u00f6re solistli\u011finde konser ger\u00e7ekle\u015ftirdi. Bakanl\u0131ktan verilen bilgiye g\u00f6re, Cumhurba\u015fkan\u0131 Ersin Tatar, Cumhuriyet Meclisi Ba\u015fkan\u0131 Zorlu T\u00f6re, Milli E\u011fitim [&hellip;]\" \/>\n<meta property=\"og:url\" content=\"https:\/\/kuzeyinsesi.org\/index.php\/2024\/10\/05\/kktcdob-odtude-konser-verdi\/\" \/>\n<meta property=\"og:site_name\" content=\"Kuzeyin Sesi\" \/>\n<meta property=\"article:publisher\" content=\"https:\/\/www.facebook.com\/kuzeyinsesii\" \/>\n<meta property=\"article:published_time\" content=\"2024-10-05T11:44:37+00:00\" \/>\n<meta property=\"og:image\" content=\"https:\/\/brtk.net\/wp-content\/uploads\/2024\/10\/05\/e-opera-bale-konser-1--scaled.jpg?ver=375b2229277b8816c380871ab7f579d2\" \/>\n<meta name=\"author\" content=\"Kuzeyin Sesi\" \/>\n<meta name=\"twitter:card\" content=\"summary_large_image\" \/>\n<meta name=\"twitter:creator\" content=\"@kuzeyinsesii\" \/>\n<meta name=\"twitter:site\" content=\"@kuzeyinsesii\" \/>\n<meta name=\"twitter:label1\" content=\"Yazan:\" \/>\n\t<meta name=\"twitter:data1\" content=\"Kuzeyin Sesi\" \/>\n\t<meta name=\"twitter:label2\" content=\"Tahmini okuma s\u00fcresi\" \/>\n\t<meta name=\"twitter:data2\" content=\"1 dakika\" \/>\n<script type=\"application\/ld+json\" class=\"yoast-schema-graph\">{\"@context\":\"https:\\\/\\\/schema.org\",\"@graph\":[{\"@type\":\"Article\",\"@id\":\"https:\\\/\\\/kuzeyinsesi.org\\\/index.php\\\/2024\\\/10\\\/05\\\/kktcdob-odtude-konser-verdi\\\/#article\",\"isPartOf\":{\"@id\":\"https:\\\/\\\/kuzeyinsesi.org\\\/index.php\\\/2024\\\/10\\\/05\\\/kktcdob-odtude-konser-verdi\\\/\"},\"author\":{\"name\":\"Kuzeyin Sesi\",\"@id\":\"https:\\\/\\\/kuzeyinsesi.org\\\/#\\\/schema\\\/person\\\/9f859689cdf01485597712386e37f5aa\"},\"headline\":\"KKTCDOB, ODT\u00dc\u2019de konser verdi\",\"datePublished\":\"2024-10-05T11:44:37+00:00\",\"mainEntityOfPage\":{\"@id\":\"https:\\\/\\\/kuzeyinsesi.org\\\/index.php\\\/2024\\\/10\\\/05\\\/kktcdob-odtude-konser-verdi\\\/\"},\"wordCount\":129,\"commentCount\":0,\"image\":{\"@id\":\"https:\\\/\\\/kuzeyinsesi.org\\\/index.php\\\/2024\\\/10\\\/05\\\/kktcdob-odtude-konser-verdi\\\/#primaryimage\"},\"thumbnailUrl\":\"https:\\\/\\\/kuzeyinsesi.org\\\/wp-content\\\/uploads\\\/2024\\\/10\\\/e-opera-bale-konser-1-scaled.jpg\",\"articleSection\":[\"Ya\u015fam\"],\"inLanguage\":\"tr\",\"potentialAction\":[{\"@type\":\"CommentAction\",\"name\":\"Comment\",\"target\":[\"https:\\\/\\\/kuzeyinsesi.org\\\/index.php\\\/2024\\\/10\\\/05\\\/kktcdob-odtude-konser-verdi\\\/#respond\"]}]},{\"@type\":\"WebPage\",\"@id\":\"https:\\\/\\\/kuzeyinsesi.org\\\/index.php\\\/2024\\\/10\\\/05\\\/kktcdob-odtude-konser-verdi\\\/\",\"url\":\"https:\\\/\\\/kuzeyinsesi.org\\\/index.php\\\/2024\\\/10\\\/05\\\/kktcdob-odtude-konser-verdi\\\/\",\"name\":\"KKTCDOB, ODT\u00dc\u2019de konser verdi - Kuzeyin Sesi\",\"isPartOf\":{\"@id\":\"https:\\\/\\\/kuzeyinsesi.org\\\/#website\"},\"primaryImageOfPage\":{\"@id\":\"https:\\\/\\\/kuzeyinsesi.org\\\/index.php\\\/2024\\\/10\\\/05\\\/kktcdob-odtude-konser-verdi\\\/#primaryimage\"},\"image\":{\"@id\":\"https:\\\/\\\/kuzeyinsesi.org\\\/index.php\\\/2024\\\/10\\\/05\\\/kktcdob-odtude-konser-verdi\\\/#primaryimage\"},\"thumbnailUrl\":\"https:\\\/\\\/kuzeyinsesi.org\\\/wp-content\\\/uploads\\\/2024\\\/10\\\/e-opera-bale-konser-1-scaled.jpg\",\"datePublished\":\"2024-10-05T11:44:37+00:00\",\"author\":{\"@id\":\"https:\\\/\\\/kuzeyinsesi.org\\\/#\\\/schema\\\/person\\\/9f859689cdf01485597712386e37f5aa\"},\"breadcrumb\":{\"@id\":\"https:\\\/\\\/kuzeyinsesi.org\\\/index.php\\\/2024\\\/10\\\/05\\\/kktcdob-odtude-konser-verdi\\\/#breadcrumb\"},\"inLanguage\":\"tr\",\"potentialAction\":[{\"@type\":\"ReadAction\",\"target\":[\"https:\\\/\\\/kuzeyinsesi.org\\\/index.php\\\/2024\\\/10\\\/05\\\/kktcdob-odtude-konser-verdi\\\/\"]}]},{\"@type\":\"ImageObject\",\"inLanguage\":\"tr\",\"@id\":\"https:\\\/\\\/kuzeyinsesi.org\\\/index.php\\\/2024\\\/10\\\/05\\\/kktcdob-odtude-konser-verdi\\\/#primaryimage\",\"url\":\"https:\\\/\\\/kuzeyinsesi.org\\\/wp-content\\\/uploads\\\/2024\\\/10\\\/e-opera-bale-konser-1-scaled.jpg\",\"contentUrl\":\"https:\\\/\\\/kuzeyinsesi.org\\\/wp-content\\\/uploads\\\/2024\\\/10\\\/e-opera-bale-konser-1-scaled.jpg\",\"width\":2560,\"height\":1708},{\"@type\":\"BreadcrumbList\",\"@id\":\"https:\\\/\\\/kuzeyinsesi.org\\\/index.php\\\/2024\\\/10\\\/05\\\/kktcdob-odtude-konser-verdi\\\/#breadcrumb\",\"itemListElement\":[{\"@type\":\"ListItem\",\"position\":1,\"name\":\"Anasayfa\",\"item\":\"https:\\\/\\\/kuzeyinsesi.org\\\/\"},{\"@type\":\"ListItem\",\"position\":2,\"name\":\"KKTCDOB, ODT\u00dc\u2019de konser verdi\"}]},{\"@type\":\"WebSite\",\"@id\":\"https:\\\/\\\/kuzeyinsesi.org\\\/#website\",\"url\":\"https:\\\/\\\/kuzeyinsesi.org\\\/\",\"name\":\"Kuzeyin Sesi\",\"description\":\"Do\u011fru Haberin Adresi\",\"potentialAction\":[{\"@type\":\"SearchAction\",\"target\":{\"@type\":\"EntryPoint\",\"urlTemplate\":\"https:\\\/\\\/kuzeyinsesi.org\\\/?s={search_term_string}\"},\"query-input\":{\"@type\":\"PropertyValueSpecification\",\"valueRequired\":true,\"valueName\":\"search_term_string\"}}],\"inLanguage\":\"tr\"},{\"@type\":\"Person\",\"@id\":\"https:\\\/\\\/kuzeyinsesi.org\\\/#\\\/schema\\\/person\\\/9f859689cdf01485597712386e37f5aa\",\"name\":\"Kuzeyin Sesi\",\"image\":{\"@type\":\"ImageObject\",\"inLanguage\":\"tr\",\"@id\":\"https:\\\/\\\/secure.gravatar.com\\\/avatar\\\/bab33852abfd8b282518d6ed81826833d77c3c882d9ab608add591ccace47a44?s=96&d=mm&r=g\",\"url\":\"https:\\\/\\\/secure.gravatar.com\\\/avatar\\\/bab33852abfd8b282518d6ed81826833d77c3c882d9ab608add591ccace47a44?s=96&d=mm&r=g\",\"contentUrl\":\"https:\\\/\\\/secure.gravatar.com\\\/avatar\\\/bab33852abfd8b282518d6ed81826833d77c3c882d9ab608add591ccace47a44?s=96&d=mm&r=g\",\"caption\":\"Kuzeyin Sesi\"},\"sameAs\":[\"https:\\\/\\\/kuzeyinsesi.org\"],\"url\":\"https:\\\/\\\/kuzeyinsesi.org\\\/index.php\\\/author\\\/guven\\\/\"}]}<\/script>\n<!-- \/ Yoast SEO plugin. -->","yoast_head_json":{"title":"KKTCDOB, ODT\u00dc\u2019de konser verdi - Kuzeyin Sesi","robots":{"index":"index","follow":"follow","max-snippet":"max-snippet:-1","max-image-preview":"max-image-preview:large","max-video-preview":"max-video-preview:-1"},"canonical":"https:\/\/kuzeyinsesi.org\/index.php\/2024\/10\/05\/kktcdob-odtude-konser-verdi\/","og_locale":"tr_TR","og_type":"article","og_title":"KKTCDOB, ODT\u00dc\u2019de konser verdi - Kuzeyin Sesi","og_description":"Ba\u015fbakan Yard\u0131mc\u0131l\u0131\u011f\u0131 Turizm K\u00fclt\u00fcr Gen\u00e7lik ve \u00c7evre Bakanl\u0131\u011f\u0131\u2019na ba\u011fl\u0131 Devlet Opera ve Bale Koordinasyon Merkezi (KKTCDOB), ODT\u00dc Kuzey K\u0131br\u0131s Kamp\u00fcs\u00fc\u2019n\u00fcn 2024 -2025 Akademik Y\u0131l\u0131 a\u00e7\u0131l\u0131\u015f seramonisinde Piyanist G\u00f6zdem \u0130lkay, Soprano Sermin Dikmen T\u00f6re ile Bariton Tu\u011frul Enver T\u00f6re solistli\u011finde konser ger\u00e7ekle\u015ftirdi. Bakanl\u0131ktan verilen bilgiye g\u00f6re, Cumhurba\u015fkan\u0131 Ersin Tatar, Cumhuriyet Meclisi Ba\u015fkan\u0131 Zorlu T\u00f6re, Milli E\u011fitim [&hellip;]","og_url":"https:\/\/kuzeyinsesi.org\/index.php\/2024\/10\/05\/kktcdob-odtude-konser-verdi\/","og_site_name":"Kuzeyin Sesi","article_publisher":"https:\/\/www.facebook.com\/kuzeyinsesii","article_published_time":"2024-10-05T11:44:37+00:00","og_image":[{"url":"https:\/\/brtk.net\/wp-content\/uploads\/2024\/10\/05\/e-opera-bale-konser-1--scaled.jpg?ver=375b2229277b8816c380871ab7f579d2","type":"","width":"","height":""}],"author":"Kuzeyin Sesi","twitter_card":"summary_large_image","twitter_creator":"@kuzeyinsesii","twitter_site":"@kuzeyinsesii","twitter_misc":{"Yazan:":"Kuzeyin Sesi","Tahmini okuma s\u00fcresi":"1 dakika"},"schema":{"@context":"https:\/\/schema.org","@graph":[{"@type":"Article","@id":"https:\/\/kuzeyinsesi.org\/index.php\/2024\/10\/05\/kktcdob-odtude-konser-verdi\/#article","isPartOf":{"@id":"https:\/\/kuzeyinsesi.org\/index.php\/2024\/10\/05\/kktcdob-odtude-konser-verdi\/"},"author":{"name":"Kuzeyin Sesi","@id":"https:\/\/kuzeyinsesi.org\/#\/schema\/person\/9f859689cdf01485597712386e37f5aa"},"headline":"KKTCDOB, ODT\u00dc\u2019de konser verdi","datePublished":"2024-10-05T11:44:37+00:00","mainEntityOfPage":{"@id":"https:\/\/kuzeyinsesi.org\/index.php\/2024\/10\/05\/kktcdob-odtude-konser-verdi\/"},"wordCount":129,"commentCount":0,"image":{"@id":"https:\/\/kuzeyinsesi.org\/index.php\/2024\/10\/05\/kktcdob-odtude-konser-verdi\/#primaryimage"},"thumbnailUrl":"https:\/\/kuzeyinsesi.org\/wp-content\/uploads\/2024\/10\/e-opera-bale-konser-1-scaled.jpg","articleSection":["Ya\u015fam"],"inLanguage":"tr","potentialAction":[{"@type":"CommentAction","name":"Comment","target":["https:\/\/kuzeyinsesi.org\/index.php\/2024\/10\/05\/kktcdob-odtude-konser-verdi\/#respond"]}]},{"@type":"WebPage","@id":"https:\/\/kuzeyinsesi.org\/index.php\/2024\/10\/05\/kktcdob-odtude-konser-verdi\/","url":"https:\/\/kuzeyinsesi.org\/index.php\/2024\/10\/05\/kktcdob-odtude-konser-verdi\/","name":"KKTCDOB, ODT\u00dc\u2019de konser verdi - Kuzeyin Sesi","isPartOf":{"@id":"https:\/\/kuzeyinsesi.org\/#website"},"primaryImageOfPage":{"@id":"https:\/\/kuzeyinsesi.org\/index.php\/2024\/10\/05\/kktcdob-odtude-konser-verdi\/#primaryimage"},"image":{"@id":"https:\/\/kuzeyinsesi.org\/index.php\/2024\/10\/05\/kktcdob-odtude-konser-verdi\/#primaryimage"},"thumbnailUrl":"https:\/\/kuzeyinsesi.org\/wp-content\/uploads\/2024\/10\/e-opera-bale-konser-1-scaled.jpg","datePublished":"2024-10-05T11:44:37+00:00","author":{"@id":"https:\/\/kuzeyinsesi.org\/#\/schema\/person\/9f859689cdf01485597712386e37f5aa"},"breadcrumb":{"@id":"https:\/\/kuzeyinsesi.org\/index.php\/2024\/10\/05\/kktcdob-odtude-konser-verdi\/#breadcrumb"},"inLanguage":"tr","potentialAction":[{"@type":"ReadAction","target":["https:\/\/kuzeyinsesi.org\/index.php\/2024\/10\/05\/kktcdob-odtude-konser-verdi\/"]}]},{"@type":"ImageObject","inLanguage":"tr","@id":"https:\/\/kuzeyinsesi.org\/index.php\/2024\/10\/05\/kktcdob-odtude-konser-verdi\/#primaryimage","url":"https:\/\/kuzeyinsesi.org\/wp-content\/uploads\/2024\/10\/e-opera-bale-konser-1-scaled.jpg","contentUrl":"https:\/\/kuzeyinsesi.org\/wp-content\/uploads\/2024\/10\/e-opera-bale-konser-1-scaled.jpg","width":2560,"height":1708},{"@type":"BreadcrumbList","@id":"https:\/\/kuzeyinsesi.org\/index.php\/2024\/10\/05\/kktcdob-odtude-konser-verdi\/#breadcrumb","itemListElement":[{"@type":"ListItem","position":1,"name":"Anasayfa","item":"https:\/\/kuzeyinsesi.org\/"},{"@type":"ListItem","position":2,"name":"KKTCDOB, ODT\u00dc\u2019de konser verdi"}]},{"@type":"WebSite","@id":"https:\/\/kuzeyinsesi.org\/#website","url":"https:\/\/kuzeyinsesi.org\/","name":"Kuzeyin Sesi","description":"Do\u011fru Haberin Adresi","potentialAction":[{"@type":"SearchAction","target":{"@type":"EntryPoint","urlTemplate":"https:\/\/kuzeyinsesi.org\/?s={search_term_string}"},"query-input":{"@type":"PropertyValueSpecification","valueRequired":true,"valueName":"search_term_string"}}],"inLanguage":"tr"},{"@type":"Person","@id":"https:\/\/kuzeyinsesi.org\/#\/schema\/person\/9f859689cdf01485597712386e37f5aa","name":"Kuzeyin Sesi","image":{"@type":"ImageObject","inLanguage":"tr","@id":"https:\/\/secure.gravatar.com\/avatar\/bab33852abfd8b282518d6ed81826833d77c3c882d9ab608add591ccace47a44?s=96&d=mm&r=g","url":"https:\/\/secure.gravatar.com\/avatar\/bab33852abfd8b282518d6ed81826833d77c3c882d9ab608add591ccace47a44?s=96&d=mm&r=g","contentUrl":"https:\/\/secure.gravatar.com\/avatar\/bab33852abfd8b282518d6ed81826833d77c3c882d9ab608add591ccace47a44?s=96&d=mm&r=g","caption":"Kuzeyin Sesi"},"sameAs":["https:\/\/kuzeyinsesi.org"],"url":"https:\/\/kuzeyinsesi.org\/index.php\/author\/guven\/"}]}},"_links":{"self":[{"href":"https:\/\/kuzeyinsesi.org\/index.php\/wp-json\/wp\/v2\/posts\/10993","targetHints":{"allow":["GET"]}}],"collection":[{"href":"https:\/\/kuzeyinsesi.org\/index.php\/wp-json\/wp\/v2\/posts"}],"about":[{"href":"https:\/\/kuzeyinsesi.org\/index.php\/wp-json\/wp\/v2\/types\/post"}],"author":[{"embeddable":true,"href":"https:\/\/kuzeyinsesi.org\/index.php\/wp-json\/wp\/v2\/users\/1"}],"replies":[{"embeddable":true,"href":"https:\/\/kuzeyinsesi.org\/index.php\/wp-json\/wp\/v2\/comments?post=10993"}],"version-history":[{"count":0,"href":"https:\/\/kuzeyinsesi.org\/index.php\/wp-json\/wp\/v2\/posts\/10993\/revisions"}],"wp:featuredmedia":[{"embeddable":true,"href":"https:\/\/kuzeyinsesi.org\/index.php\/wp-json\/wp\/v2\/media\/10994"}],"wp:attachment":[{"href":"https:\/\/kuzeyinsesi.org\/index.php\/wp-json\/wp\/v2\/media?parent=10993"}],"wp:term":[{"taxonomy":"category","embeddable":true,"href":"https:\/\/kuzeyinsesi.org\/index.php\/wp-json\/wp\/v2\/categories?post=10993"},{"taxonomy":"post_tag","embeddable":true,"href":"https:\/\/kuzeyinsesi.org\/index.php\/wp-json\/wp\/v2\/tags?post=10993"}],"curies":[{"name":"wp","href":"https:\/\/api.w.org\/{rel}","templated":true}]}}