{"id":10985,"date":"2024-10-05T13:41:39","date_gmt":"2024-10-05T10:41:39","guid":{"rendered":"https:\/\/kuzeyinsesi.org\/index.php\/2024\/10\/05\/zeytinlik-zeytin-festivali-bu-aksam-da-bircok-etkinlige-ev-sahipligi-yapacak\/"},"modified":"2024-10-05T13:41:39","modified_gmt":"2024-10-05T10:41:39","slug":"zeytinlik-zeytin-festivali-bu-aksam-da-bircok-etkinlige-ev-sahipligi-yapacak","status":"publish","type":"post","link":"https:\/\/kuzeyinsesi.org\/index.php\/2024\/10\/05\/zeytinlik-zeytin-festivali-bu-aksam-da-bircok-etkinlige-ev-sahipligi-yapacak\/","title":{"rendered":"Zeytinlik Zeytin Festivali bu ak\u015fam da bir\u00e7ok etkinli\u011fe ev sahipli\u011fi yapacak"},"content":{"rendered":"<div>\n<div class=\"mariselle-image-container center\">\n                                            <\/div>\n<p>Girne Belediyesi 23\u2019\u00fcnc\u00fc Uluslararas\u0131 Zeytinlik Zeytin Festivali bu ak\u015fam da bir\u00e7ok etkinli\u011fe ev sahipli\u011fi yapacak.<\/p>\n<p>Girne Belediyesi\u2019nden verilen bilgiye g\u00f6re,  bug\u00fcn saat 17.00\u2019de k\u00f6y meydan\u0131nda Bilardo Turnuvas\u0131 d\u00fczenlenecek, ayn\u0131 saatte Girne Belediyesi tenis kortlar\u0131nda Girne Belediyesi Tenis Turnuvas\u0131 yap\u0131lacak.<\/p>\n<p>Kar\u015f\u0131yaka K\u00fclt\u00fcr Sanat Derne\u011fi Halk Danslar\u0131 Toplulu\u011fu\u2019nun (k\u00fc\u00e7\u00fckler grubu) g\u00f6sterisi saat 18.00\u2019de Dance Spot \u00c7ocuk Bale G\u00f6sterisi 18.15\u2019te olacak.<\/p>\n<p>\u015eair ve yazarlar\u0131n bir araya gelece\u011fi etkinlik saat 18.30\u2019da ba\u015flayacak. Bu etkinlikte, Ali Nesim an\u0131s\u0131na \u201cK\u0131br\u0131s T\u00fcrk Halkbiliminde 55 Y\u0131ll\u0131k Y\u00fcr\u00fcy\u00fc\u015f Mahmut \u0130slamo\u011flu\u201d adl\u0131 kitab\u0131n tan\u0131t\u0131m\u0131 yap\u0131lacak. Prof. Dr. \u015eevket \u00d6znur ve Do\u00e7. Dr. Tayfun Nesimo\u011flu saat 19.00\u2019da \u201cAli Nesim\u2019in Hayat\u0131\u201d ba\u015fl\u0131kl\u0131 bir sunum ger\u00e7ekle\u015ftirilecek ve ard\u0131ndan Lirik \u015eiir Grubu \u015fiir dinletisi sunacak.<\/p>\n<p>Girne Gen\u00e7lik Merkezi Derne\u011fi Halk Danslar\u0131 Toplulu\u011fu saat 19.45\u2019te, Erce G\u00fcner 20.00\u2019de, Orak K\u00fclt\u00fcr Sanat ve E\u011fitim Merkezi, saat 20.45\u2019te, Ahmet Evan\u2019\u0131n konser, saat 21.00\u2019de sahne alacak. Festivalin d\u00f6rd\u00fcnc\u00fc gecesi Evan konseriyle tamamlanacak.<\/p>\n<p>\u00d6te yandan d\u00fcn festival kapsam\u0131nda \u00d6d\u00fcll\u00fc Bilardo Turnuvas\u0131 ve Girne Belediyesi Tenis Turnuvas\u0131 yap\u0131ld\u0131.<\/p>\n<p>HASDER Halk Danslar\u0131 Toplulu\u011fu, Gavin Simons, Tango Siempre, Cranberries Dance, Artstreet Kafkas Kartallar\u0131\u2019n\u0131n sahne ald\u0131\u011f\u0131 d\u00fcnk\u00fc etkinliklerde Studio  taraf\u0131ndan Frida Kahlo m\u00fczikali de sahneledi. Festivalin \u00fc\u00e7\u00fcnc\u00fc gecesi Eril Cambaz konseriyle tamamland\u0131.<\/p>\n<p>2 Ekim\u2019de ba\u015flayan festival yar\u0131n sona erecek.<\/p>\n<\/p><\/div>\n<p><script async\n                    defer\n                    crossorigin=\"anonymous\"\n                    src=\"https:\/\/connect.facebook.net\/tr_TR\/sdk.js#xfbml=1&#038;version=v3.3\"\n            ><\/script><\/p>\n","protected":false},"excerpt":{"rendered":"<p>Girne Belediyesi 23\u2019\u00fcnc\u00fc Uluslararas\u0131 Zeytinlik Zeytin Festivali bu ak\u015fam da bir\u00e7ok etkinli\u011fe ev sahipli\u011fi yapacak. Girne Belediyesi\u2019nden verilen bilgiye g\u00f6re, bug\u00fcn saat 17.00\u2019de k\u00f6y meydan\u0131nda Bilardo Turnuvas\u0131 d\u00fczenlenecek, ayn\u0131 saatte Girne Belediyesi tenis kortlar\u0131nda Girne Belediyesi Tenis Turnuvas\u0131 yap\u0131lacak. Kar\u015f\u0131yaka K\u00fclt\u00fcr Sanat Derne\u011fi Halk Danslar\u0131 Toplulu\u011fu\u2019nun (k\u00fc\u00e7\u00fckler grubu) g\u00f6sterisi saat 18.00\u2019de Dance Spot \u00c7ocuk Bale [&hellip;]<\/p>\n","protected":false},"author":1,"featured_media":10986,"comment_status":"open","ping_status":"open","sticky":false,"template":"","format":"standard","meta":{"jnews-multi-image_gallery":[],"jnews_single_post":[],"jnews_primary_category":[],"jnews_social_meta":[],"jnews_override_counter":[],"footnotes":""},"categories":[6],"tags":[],"class_list":["post-10985","post","type-post","status-publish","format-standard","has-post-thumbnail","hentry","category-yasam"],"yoast_head":"<!-- This site is optimized with the Yoast SEO plugin v27.4 - https:\/\/yoast.com\/product\/yoast-seo-wordpress\/ -->\n<title>Zeytinlik Zeytin Festivali bu ak\u015fam da bir\u00e7ok etkinli\u011fe ev sahipli\u011fi yapacak - Kuzeyin Sesi<\/title>\n<meta name=\"robots\" content=\"index, follow, max-snippet:-1, max-image-preview:large, max-video-preview:-1\" \/>\n<link rel=\"canonical\" href=\"https:\/\/kuzeyinsesi.org\/index.php\/2024\/10\/05\/zeytinlik-zeytin-festivali-bu-aksam-da-bircok-etkinlige-ev-sahipligi-yapacak\/\" \/>\n<meta property=\"og:locale\" content=\"tr_TR\" \/>\n<meta property=\"og:type\" content=\"article\" \/>\n<meta property=\"og:title\" content=\"Zeytinlik Zeytin Festivali bu ak\u015fam da bir\u00e7ok etkinli\u011fe ev sahipli\u011fi yapacak - Kuzeyin Sesi\" \/>\n<meta property=\"og:description\" content=\"Girne Belediyesi 23\u2019\u00fcnc\u00fc Uluslararas\u0131 Zeytinlik Zeytin Festivali bu ak\u015fam da bir\u00e7ok etkinli\u011fe ev sahipli\u011fi yapacak. Girne Belediyesi\u2019nden verilen bilgiye g\u00f6re, bug\u00fcn saat 17.00\u2019de k\u00f6y meydan\u0131nda Bilardo Turnuvas\u0131 d\u00fczenlenecek, ayn\u0131 saatte Girne Belediyesi tenis kortlar\u0131nda Girne Belediyesi Tenis Turnuvas\u0131 yap\u0131lacak. Kar\u015f\u0131yaka K\u00fclt\u00fcr Sanat Derne\u011fi Halk Danslar\u0131 Toplulu\u011fu\u2019nun (k\u00fc\u00e7\u00fckler grubu) g\u00f6sterisi saat 18.00\u2019de Dance Spot \u00c7ocuk Bale [&hellip;]\" \/>\n<meta property=\"og:url\" content=\"https:\/\/kuzeyinsesi.org\/index.php\/2024\/10\/05\/zeytinlik-zeytin-festivali-bu-aksam-da-bircok-etkinlige-ev-sahipligi-yapacak\/\" \/>\n<meta property=\"og:site_name\" content=\"Kuzeyin Sesi\" \/>\n<meta property=\"article:publisher\" content=\"https:\/\/www.facebook.com\/kuzeyinsesii\" \/>\n<meta property=\"article:published_time\" content=\"2024-10-05T10:41:39+00:00\" \/>\n<meta property=\"og:image\" content=\"https:\/\/brtk.net\/wp-content\/uploads\/2024\/10\/05\/e-zeytinlik-festivali-7--scaled.jpg?ver=1d37093df3c787360b051e873027b082\" \/>\n<meta name=\"author\" content=\"Kuzeyin Sesi\" \/>\n<meta name=\"twitter:card\" content=\"summary_large_image\" \/>\n<meta name=\"twitter:creator\" content=\"@kuzeyinsesii\" \/>\n<meta name=\"twitter:site\" content=\"@kuzeyinsesii\" \/>\n<meta name=\"twitter:label1\" content=\"Yazan:\" \/>\n\t<meta name=\"twitter:data1\" content=\"Kuzeyin Sesi\" \/>\n\t<meta name=\"twitter:label2\" content=\"Tahmini okuma s\u00fcresi\" \/>\n\t<meta name=\"twitter:data2\" content=\"1 dakika\" \/>\n<script type=\"application\/ld+json\" class=\"yoast-schema-graph\">{\"@context\":\"https:\\\/\\\/schema.org\",\"@graph\":[{\"@type\":\"Article\",\"@id\":\"https:\\\/\\\/kuzeyinsesi.org\\\/index.php\\\/2024\\\/10\\\/05\\\/zeytinlik-zeytin-festivali-bu-aksam-da-bircok-etkinlige-ev-sahipligi-yapacak\\\/#article\",\"isPartOf\":{\"@id\":\"https:\\\/\\\/kuzeyinsesi.org\\\/index.php\\\/2024\\\/10\\\/05\\\/zeytinlik-zeytin-festivali-bu-aksam-da-bircok-etkinlige-ev-sahipligi-yapacak\\\/\"},\"author\":{\"name\":\"Kuzeyin Sesi\",\"@id\":\"https:\\\/\\\/kuzeyinsesi.org\\\/#\\\/schema\\\/person\\\/9f859689cdf01485597712386e37f5aa\"},\"headline\":\"Zeytinlik Zeytin Festivali bu ak\u015fam da bir\u00e7ok etkinli\u011fe ev sahipli\u011fi yapacak\",\"datePublished\":\"2024-10-05T10:41:39+00:00\",\"mainEntityOfPage\":{\"@id\":\"https:\\\/\\\/kuzeyinsesi.org\\\/index.php\\\/2024\\\/10\\\/05\\\/zeytinlik-zeytin-festivali-bu-aksam-da-bircok-etkinlige-ev-sahipligi-yapacak\\\/\"},\"wordCount\":277,\"commentCount\":0,\"image\":{\"@id\":\"https:\\\/\\\/kuzeyinsesi.org\\\/index.php\\\/2024\\\/10\\\/05\\\/zeytinlik-zeytin-festivali-bu-aksam-da-bircok-etkinlige-ev-sahipligi-yapacak\\\/#primaryimage\"},\"thumbnailUrl\":\"https:\\\/\\\/kuzeyinsesi.org\\\/wp-content\\\/uploads\\\/2024\\\/10\\\/e-zeytinlik-festivali-7-scaled.jpg\",\"articleSection\":[\"Ya\u015fam\"],\"inLanguage\":\"tr\",\"potentialAction\":[{\"@type\":\"CommentAction\",\"name\":\"Comment\",\"target\":[\"https:\\\/\\\/kuzeyinsesi.org\\\/index.php\\\/2024\\\/10\\\/05\\\/zeytinlik-zeytin-festivali-bu-aksam-da-bircok-etkinlige-ev-sahipligi-yapacak\\\/#respond\"]}]},{\"@type\":\"WebPage\",\"@id\":\"https:\\\/\\\/kuzeyinsesi.org\\\/index.php\\\/2024\\\/10\\\/05\\\/zeytinlik-zeytin-festivali-bu-aksam-da-bircok-etkinlige-ev-sahipligi-yapacak\\\/\",\"url\":\"https:\\\/\\\/kuzeyinsesi.org\\\/index.php\\\/2024\\\/10\\\/05\\\/zeytinlik-zeytin-festivali-bu-aksam-da-bircok-etkinlige-ev-sahipligi-yapacak\\\/\",\"name\":\"Zeytinlik Zeytin Festivali bu ak\u015fam da bir\u00e7ok etkinli\u011fe ev sahipli\u011fi yapacak - Kuzeyin Sesi\",\"isPartOf\":{\"@id\":\"https:\\\/\\\/kuzeyinsesi.org\\\/#website\"},\"primaryImageOfPage\":{\"@id\":\"https:\\\/\\\/kuzeyinsesi.org\\\/index.php\\\/2024\\\/10\\\/05\\\/zeytinlik-zeytin-festivali-bu-aksam-da-bircok-etkinlige-ev-sahipligi-yapacak\\\/#primaryimage\"},\"image\":{\"@id\":\"https:\\\/\\\/kuzeyinsesi.org\\\/index.php\\\/2024\\\/10\\\/05\\\/zeytinlik-zeytin-festivali-bu-aksam-da-bircok-etkinlige-ev-sahipligi-yapacak\\\/#primaryimage\"},\"thumbnailUrl\":\"https:\\\/\\\/kuzeyinsesi.org\\\/wp-content\\\/uploads\\\/2024\\\/10\\\/e-zeytinlik-festivali-7-scaled.jpg\",\"datePublished\":\"2024-10-05T10:41:39+00:00\",\"author\":{\"@id\":\"https:\\\/\\\/kuzeyinsesi.org\\\/#\\\/schema\\\/person\\\/9f859689cdf01485597712386e37f5aa\"},\"breadcrumb\":{\"@id\":\"https:\\\/\\\/kuzeyinsesi.org\\\/index.php\\\/2024\\\/10\\\/05\\\/zeytinlik-zeytin-festivali-bu-aksam-da-bircok-etkinlige-ev-sahipligi-yapacak\\\/#breadcrumb\"},\"inLanguage\":\"tr\",\"potentialAction\":[{\"@type\":\"ReadAction\",\"target\":[\"https:\\\/\\\/kuzeyinsesi.org\\\/index.php\\\/2024\\\/10\\\/05\\\/zeytinlik-zeytin-festivali-bu-aksam-da-bircok-etkinlige-ev-sahipligi-yapacak\\\/\"]}]},{\"@type\":\"ImageObject\",\"inLanguage\":\"tr\",\"@id\":\"https:\\\/\\\/kuzeyinsesi.org\\\/index.php\\\/2024\\\/10\\\/05\\\/zeytinlik-zeytin-festivali-bu-aksam-da-bircok-etkinlige-ev-sahipligi-yapacak\\\/#primaryimage\",\"url\":\"https:\\\/\\\/kuzeyinsesi.org\\\/wp-content\\\/uploads\\\/2024\\\/10\\\/e-zeytinlik-festivali-7-scaled.jpg\",\"contentUrl\":\"https:\\\/\\\/kuzeyinsesi.org\\\/wp-content\\\/uploads\\\/2024\\\/10\\\/e-zeytinlik-festivali-7-scaled.jpg\",\"width\":2560,\"height\":1711},{\"@type\":\"BreadcrumbList\",\"@id\":\"https:\\\/\\\/kuzeyinsesi.org\\\/index.php\\\/2024\\\/10\\\/05\\\/zeytinlik-zeytin-festivali-bu-aksam-da-bircok-etkinlige-ev-sahipligi-yapacak\\\/#breadcrumb\",\"itemListElement\":[{\"@type\":\"ListItem\",\"position\":1,\"name\":\"Anasayfa\",\"item\":\"https:\\\/\\\/kuzeyinsesi.org\\\/\"},{\"@type\":\"ListItem\",\"position\":2,\"name\":\"Zeytinlik Zeytin Festivali bu ak\u015fam da bir\u00e7ok etkinli\u011fe ev sahipli\u011fi yapacak\"}]},{\"@type\":\"WebSite\",\"@id\":\"https:\\\/\\\/kuzeyinsesi.org\\\/#website\",\"url\":\"https:\\\/\\\/kuzeyinsesi.org\\\/\",\"name\":\"Kuzeyin Sesi\",\"description\":\"Do\u011fru Haberin Adresi\",\"potentialAction\":[{\"@type\":\"SearchAction\",\"target\":{\"@type\":\"EntryPoint\",\"urlTemplate\":\"https:\\\/\\\/kuzeyinsesi.org\\\/?s={search_term_string}\"},\"query-input\":{\"@type\":\"PropertyValueSpecification\",\"valueRequired\":true,\"valueName\":\"search_term_string\"}}],\"inLanguage\":\"tr\"},{\"@type\":\"Person\",\"@id\":\"https:\\\/\\\/kuzeyinsesi.org\\\/#\\\/schema\\\/person\\\/9f859689cdf01485597712386e37f5aa\",\"name\":\"Kuzeyin Sesi\",\"image\":{\"@type\":\"ImageObject\",\"inLanguage\":\"tr\",\"@id\":\"https:\\\/\\\/secure.gravatar.com\\\/avatar\\\/bab33852abfd8b282518d6ed81826833d77c3c882d9ab608add591ccace47a44?s=96&d=mm&r=g\",\"url\":\"https:\\\/\\\/secure.gravatar.com\\\/avatar\\\/bab33852abfd8b282518d6ed81826833d77c3c882d9ab608add591ccace47a44?s=96&d=mm&r=g\",\"contentUrl\":\"https:\\\/\\\/secure.gravatar.com\\\/avatar\\\/bab33852abfd8b282518d6ed81826833d77c3c882d9ab608add591ccace47a44?s=96&d=mm&r=g\",\"caption\":\"Kuzeyin Sesi\"},\"sameAs\":[\"https:\\\/\\\/kuzeyinsesi.org\"],\"url\":\"https:\\\/\\\/kuzeyinsesi.org\\\/index.php\\\/author\\\/guven\\\/\"}]}<\/script>\n<!-- \/ Yoast SEO plugin. -->","yoast_head_json":{"title":"Zeytinlik Zeytin Festivali bu ak\u015fam da bir\u00e7ok etkinli\u011fe ev sahipli\u011fi yapacak - Kuzeyin Sesi","robots":{"index":"index","follow":"follow","max-snippet":"max-snippet:-1","max-image-preview":"max-image-preview:large","max-video-preview":"max-video-preview:-1"},"canonical":"https:\/\/kuzeyinsesi.org\/index.php\/2024\/10\/05\/zeytinlik-zeytin-festivali-bu-aksam-da-bircok-etkinlige-ev-sahipligi-yapacak\/","og_locale":"tr_TR","og_type":"article","og_title":"Zeytinlik Zeytin Festivali bu ak\u015fam da bir\u00e7ok etkinli\u011fe ev sahipli\u011fi yapacak - Kuzeyin Sesi","og_description":"Girne Belediyesi 23\u2019\u00fcnc\u00fc Uluslararas\u0131 Zeytinlik Zeytin Festivali bu ak\u015fam da bir\u00e7ok etkinli\u011fe ev sahipli\u011fi yapacak. Girne Belediyesi\u2019nden verilen bilgiye g\u00f6re, bug\u00fcn saat 17.00\u2019de k\u00f6y meydan\u0131nda Bilardo Turnuvas\u0131 d\u00fczenlenecek, ayn\u0131 saatte Girne Belediyesi tenis kortlar\u0131nda Girne Belediyesi Tenis Turnuvas\u0131 yap\u0131lacak. Kar\u015f\u0131yaka K\u00fclt\u00fcr Sanat Derne\u011fi Halk Danslar\u0131 Toplulu\u011fu\u2019nun (k\u00fc\u00e7\u00fckler grubu) g\u00f6sterisi saat 18.00\u2019de Dance Spot \u00c7ocuk Bale [&hellip;]","og_url":"https:\/\/kuzeyinsesi.org\/index.php\/2024\/10\/05\/zeytinlik-zeytin-festivali-bu-aksam-da-bircok-etkinlige-ev-sahipligi-yapacak\/","og_site_name":"Kuzeyin Sesi","article_publisher":"https:\/\/www.facebook.com\/kuzeyinsesii","article_published_time":"2024-10-05T10:41:39+00:00","og_image":[{"url":"https:\/\/brtk.net\/wp-content\/uploads\/2024\/10\/05\/e-zeytinlik-festivali-7--scaled.jpg?ver=1d37093df3c787360b051e873027b082","type":"","width":"","height":""}],"author":"Kuzeyin Sesi","twitter_card":"summary_large_image","twitter_creator":"@kuzeyinsesii","twitter_site":"@kuzeyinsesii","twitter_misc":{"Yazan:":"Kuzeyin Sesi","Tahmini okuma s\u00fcresi":"1 dakika"},"schema":{"@context":"https:\/\/schema.org","@graph":[{"@type":"Article","@id":"https:\/\/kuzeyinsesi.org\/index.php\/2024\/10\/05\/zeytinlik-zeytin-festivali-bu-aksam-da-bircok-etkinlige-ev-sahipligi-yapacak\/#article","isPartOf":{"@id":"https:\/\/kuzeyinsesi.org\/index.php\/2024\/10\/05\/zeytinlik-zeytin-festivali-bu-aksam-da-bircok-etkinlige-ev-sahipligi-yapacak\/"},"author":{"name":"Kuzeyin Sesi","@id":"https:\/\/kuzeyinsesi.org\/#\/schema\/person\/9f859689cdf01485597712386e37f5aa"},"headline":"Zeytinlik Zeytin Festivali bu ak\u015fam da bir\u00e7ok etkinli\u011fe ev sahipli\u011fi yapacak","datePublished":"2024-10-05T10:41:39+00:00","mainEntityOfPage":{"@id":"https:\/\/kuzeyinsesi.org\/index.php\/2024\/10\/05\/zeytinlik-zeytin-festivali-bu-aksam-da-bircok-etkinlige-ev-sahipligi-yapacak\/"},"wordCount":277,"commentCount":0,"image":{"@id":"https:\/\/kuzeyinsesi.org\/index.php\/2024\/10\/05\/zeytinlik-zeytin-festivali-bu-aksam-da-bircok-etkinlige-ev-sahipligi-yapacak\/#primaryimage"},"thumbnailUrl":"https:\/\/kuzeyinsesi.org\/wp-content\/uploads\/2024\/10\/e-zeytinlik-festivali-7-scaled.jpg","articleSection":["Ya\u015fam"],"inLanguage":"tr","potentialAction":[{"@type":"CommentAction","name":"Comment","target":["https:\/\/kuzeyinsesi.org\/index.php\/2024\/10\/05\/zeytinlik-zeytin-festivali-bu-aksam-da-bircok-etkinlige-ev-sahipligi-yapacak\/#respond"]}]},{"@type":"WebPage","@id":"https:\/\/kuzeyinsesi.org\/index.php\/2024\/10\/05\/zeytinlik-zeytin-festivali-bu-aksam-da-bircok-etkinlige-ev-sahipligi-yapacak\/","url":"https:\/\/kuzeyinsesi.org\/index.php\/2024\/10\/05\/zeytinlik-zeytin-festivali-bu-aksam-da-bircok-etkinlige-ev-sahipligi-yapacak\/","name":"Zeytinlik Zeytin Festivali bu ak\u015fam da bir\u00e7ok etkinli\u011fe ev sahipli\u011fi yapacak - Kuzeyin Sesi","isPartOf":{"@id":"https:\/\/kuzeyinsesi.org\/#website"},"primaryImageOfPage":{"@id":"https:\/\/kuzeyinsesi.org\/index.php\/2024\/10\/05\/zeytinlik-zeytin-festivali-bu-aksam-da-bircok-etkinlige-ev-sahipligi-yapacak\/#primaryimage"},"image":{"@id":"https:\/\/kuzeyinsesi.org\/index.php\/2024\/10\/05\/zeytinlik-zeytin-festivali-bu-aksam-da-bircok-etkinlige-ev-sahipligi-yapacak\/#primaryimage"},"thumbnailUrl":"https:\/\/kuzeyinsesi.org\/wp-content\/uploads\/2024\/10\/e-zeytinlik-festivali-7-scaled.jpg","datePublished":"2024-10-05T10:41:39+00:00","author":{"@id":"https:\/\/kuzeyinsesi.org\/#\/schema\/person\/9f859689cdf01485597712386e37f5aa"},"breadcrumb":{"@id":"https:\/\/kuzeyinsesi.org\/index.php\/2024\/10\/05\/zeytinlik-zeytin-festivali-bu-aksam-da-bircok-etkinlige-ev-sahipligi-yapacak\/#breadcrumb"},"inLanguage":"tr","potentialAction":[{"@type":"ReadAction","target":["https:\/\/kuzeyinsesi.org\/index.php\/2024\/10\/05\/zeytinlik-zeytin-festivali-bu-aksam-da-bircok-etkinlige-ev-sahipligi-yapacak\/"]}]},{"@type":"ImageObject","inLanguage":"tr","@id":"https:\/\/kuzeyinsesi.org\/index.php\/2024\/10\/05\/zeytinlik-zeytin-festivali-bu-aksam-da-bircok-etkinlige-ev-sahipligi-yapacak\/#primaryimage","url":"https:\/\/kuzeyinsesi.org\/wp-content\/uploads\/2024\/10\/e-zeytinlik-festivali-7-scaled.jpg","contentUrl":"https:\/\/kuzeyinsesi.org\/wp-content\/uploads\/2024\/10\/e-zeytinlik-festivali-7-scaled.jpg","width":2560,"height":1711},{"@type":"BreadcrumbList","@id":"https:\/\/kuzeyinsesi.org\/index.php\/2024\/10\/05\/zeytinlik-zeytin-festivali-bu-aksam-da-bircok-etkinlige-ev-sahipligi-yapacak\/#breadcrumb","itemListElement":[{"@type":"ListItem","position":1,"name":"Anasayfa","item":"https:\/\/kuzeyinsesi.org\/"},{"@type":"ListItem","position":2,"name":"Zeytinlik Zeytin Festivali bu ak\u015fam da bir\u00e7ok etkinli\u011fe ev sahipli\u011fi yapacak"}]},{"@type":"WebSite","@id":"https:\/\/kuzeyinsesi.org\/#website","url":"https:\/\/kuzeyinsesi.org\/","name":"Kuzeyin Sesi","description":"Do\u011fru Haberin Adresi","potentialAction":[{"@type":"SearchAction","target":{"@type":"EntryPoint","urlTemplate":"https:\/\/kuzeyinsesi.org\/?s={search_term_string}"},"query-input":{"@type":"PropertyValueSpecification","valueRequired":true,"valueName":"search_term_string"}}],"inLanguage":"tr"},{"@type":"Person","@id":"https:\/\/kuzeyinsesi.org\/#\/schema\/person\/9f859689cdf01485597712386e37f5aa","name":"Kuzeyin Sesi","image":{"@type":"ImageObject","inLanguage":"tr","@id":"https:\/\/secure.gravatar.com\/avatar\/bab33852abfd8b282518d6ed81826833d77c3c882d9ab608add591ccace47a44?s=96&d=mm&r=g","url":"https:\/\/secure.gravatar.com\/avatar\/bab33852abfd8b282518d6ed81826833d77c3c882d9ab608add591ccace47a44?s=96&d=mm&r=g","contentUrl":"https:\/\/secure.gravatar.com\/avatar\/bab33852abfd8b282518d6ed81826833d77c3c882d9ab608add591ccace47a44?s=96&d=mm&r=g","caption":"Kuzeyin Sesi"},"sameAs":["https:\/\/kuzeyinsesi.org"],"url":"https:\/\/kuzeyinsesi.org\/index.php\/author\/guven\/"}]}},"_links":{"self":[{"href":"https:\/\/kuzeyinsesi.org\/index.php\/wp-json\/wp\/v2\/posts\/10985","targetHints":{"allow":["GET"]}}],"collection":[{"href":"https:\/\/kuzeyinsesi.org\/index.php\/wp-json\/wp\/v2\/posts"}],"about":[{"href":"https:\/\/kuzeyinsesi.org\/index.php\/wp-json\/wp\/v2\/types\/post"}],"author":[{"embeddable":true,"href":"https:\/\/kuzeyinsesi.org\/index.php\/wp-json\/wp\/v2\/users\/1"}],"replies":[{"embeddable":true,"href":"https:\/\/kuzeyinsesi.org\/index.php\/wp-json\/wp\/v2\/comments?post=10985"}],"version-history":[{"count":0,"href":"https:\/\/kuzeyinsesi.org\/index.php\/wp-json\/wp\/v2\/posts\/10985\/revisions"}],"wp:featuredmedia":[{"embeddable":true,"href":"https:\/\/kuzeyinsesi.org\/index.php\/wp-json\/wp\/v2\/media\/10986"}],"wp:attachment":[{"href":"https:\/\/kuzeyinsesi.org\/index.php\/wp-json\/wp\/v2\/media?parent=10985"}],"wp:term":[{"taxonomy":"category","embeddable":true,"href":"https:\/\/kuzeyinsesi.org\/index.php\/wp-json\/wp\/v2\/categories?post=10985"},{"taxonomy":"post_tag","embeddable":true,"href":"https:\/\/kuzeyinsesi.org\/index.php\/wp-json\/wp\/v2\/tags?post=10985"}],"curies":[{"name":"wp","href":"https:\/\/api.w.org\/{rel}","templated":true}]}}