{"id":1098,"date":"2024-05-01T10:55:41","date_gmt":"2024-05-01T07:55:41","guid":{"rendered":"https:\/\/kuzeyinsesi.com\/index.php\/2024\/05\/01\/magusa-ve-iskelede-yarin-bazi-bolgeler-dort-saat-elektriksiz-kalacak\/"},"modified":"2024-05-01T10:55:41","modified_gmt":"2024-05-01T07:55:41","slug":"magusa-ve-iskelede-yarin-bazi-bolgeler-dort-saat-elektriksiz-kalacak","status":"publish","type":"post","link":"https:\/\/kuzeyinsesi.org\/index.php\/2024\/05\/01\/magusa-ve-iskelede-yarin-bazi-bolgeler-dort-saat-elektriksiz-kalacak\/","title":{"rendered":"Ma\u011fusa ve \u0130skele\u2019de yar\u0131n baz\u0131 b\u00f6lgeler d\u00f6rt saat elektriksiz kalacak"},"content":{"rendered":"<div>\n<div class=\"mariselle-image-container none\">\n                                            <\/div>\n<p>K\u0131br\u0131s T\u00fcrk Elektrik Kurumu (K\u0131b-Tek), yar\u0131n orta gerilim elektrik \u015febekesinde yap\u0131lacak proje \u00e7al\u0131\u015fmas\u0131 nedeniyle Ma\u011fusa ve \u0130skele\u2019de baz\u0131 b\u00f6lgelere yakla\u015f\u0131k 4 saat elektrik enerjisi verilemeyece\u011fini duyurdu.<\/p>\n<p>K\u0131b-Tek a\u00e7\u0131klamas\u0131na g\u00f6re, sabah 09.00 ile yakla\u015f\u0131k 13.00 saatleri aras\u0131nda elektrik verilemeyecek b\u00f6lgeler \u015f\u00f6yle:<\/p>\n<p>\u201cGe\u00e7itkale k\u00f6y\u00fc, Ge\u00e7itkale A\u011f\u0131llar, \u00c7aml\u0131ca k\u00f6y\u00fc, Yama\u00e7k\u00f6y, Mall\u0131da\u011f, \u00c7\u0131narl\u0131 ve Baz \u0130stasyonlar\u0131, Tatl\u0131su K\u00f6y i\u00e7i, K\u00f6y Su Kuyusu, Anayol Seralar B\u00f6lgesi, Tatl\u0131su Sahil, Sahil Benzin \u0130st. B\u00f6lgesi, Eski Tavuk \u00c7iftli\u011fi, Sahil Seralar B\u00f6lgesi, Mall\u0131da\u011f Kav\u015fa\u011f\u0131-K\u00fc\u00e7\u00fck Erenk\u00f6y aras\u0131 sahil ve K\u00fc\u00e7\u00fck Erenk\u00f6y, Alt\u0131nova k\u00f6y\u00fc ve A\u011f\u0131llar K\u00f6y\u00fc.\u201d<\/p>\n<p>TAK<\/p>\n<\/p><\/div>\n<p><script async\n                    defer\n                    crossorigin=\"anonymous\"\n                    src=\"https:\/\/connect.facebook.net\/tr_TR\/sdk.js#xfbml=1&#038;version=v3.3\"\n            ><\/script><\/p>\n","protected":false},"excerpt":{"rendered":"<p>K\u0131br\u0131s T\u00fcrk Elektrik Kurumu (K\u0131b-Tek), yar\u0131n orta gerilim elektrik \u015febekesinde yap\u0131lacak proje \u00e7al\u0131\u015fmas\u0131 nedeniyle Ma\u011fusa ve \u0130skele\u2019de baz\u0131 b\u00f6lgelere yakla\u015f\u0131k 4 saat elektrik enerjisi verilemeyece\u011fini duyurdu. K\u0131b-Tek a\u00e7\u0131klamas\u0131na g\u00f6re, sabah 09.00 ile yakla\u015f\u0131k 13.00 saatleri aras\u0131nda elektrik verilemeyecek b\u00f6lgeler \u015f\u00f6yle: \u201cGe\u00e7itkale k\u00f6y\u00fc, Ge\u00e7itkale A\u011f\u0131llar, \u00c7aml\u0131ca k\u00f6y\u00fc, Yama\u00e7k\u00f6y, Mall\u0131da\u011f, \u00c7\u0131narl\u0131 ve Baz \u0130stasyonlar\u0131, Tatl\u0131su K\u00f6y i\u00e7i, [&hellip;]<\/p>\n","protected":false},"author":1,"featured_media":1099,"comment_status":"open","ping_status":"open","sticky":false,"template":"","format":"standard","meta":{"jnews-multi-image_gallery":[],"jnews_single_post":[],"jnews_primary_category":[],"jnews_social_meta":[],"jnews_override_counter":[],"footnotes":""},"categories":[1],"tags":[],"class_list":["post-1098","post","type-post","status-publish","format-standard","has-post-thumbnail","hentry","category-kibris"],"yoast_head":"<!-- This site is optimized with the Yoast SEO plugin v27.5 - https:\/\/yoast.com\/product\/yoast-seo-wordpress\/ -->\n<title>Ma\u011fusa ve \u0130skele\u2019de yar\u0131n baz\u0131 b\u00f6lgeler d\u00f6rt saat elektriksiz kalacak - Kuzeyin Sesi<\/title>\n<meta name=\"robots\" content=\"index, follow, max-snippet:-1, max-image-preview:large, max-video-preview:-1\" \/>\n<link rel=\"canonical\" href=\"https:\/\/kuzeyinsesi.org\/index.php\/2024\/05\/01\/magusa-ve-iskelede-yarin-bazi-bolgeler-dort-saat-elektriksiz-kalacak\/\" \/>\n<meta property=\"og:locale\" content=\"tr_TR\" \/>\n<meta property=\"og:type\" content=\"article\" \/>\n<meta property=\"og:title\" content=\"Ma\u011fusa ve \u0130skele\u2019de yar\u0131n baz\u0131 b\u00f6lgeler d\u00f6rt saat elektriksiz kalacak - Kuzeyin Sesi\" \/>\n<meta property=\"og:description\" content=\"K\u0131br\u0131s T\u00fcrk Elektrik Kurumu (K\u0131b-Tek), yar\u0131n orta gerilim elektrik \u015febekesinde yap\u0131lacak proje \u00e7al\u0131\u015fmas\u0131 nedeniyle Ma\u011fusa ve \u0130skele\u2019de baz\u0131 b\u00f6lgelere yakla\u015f\u0131k 4 saat elektrik enerjisi verilemeyece\u011fini duyurdu. K\u0131b-Tek a\u00e7\u0131klamas\u0131na g\u00f6re, sabah 09.00 ile yakla\u015f\u0131k 13.00 saatleri aras\u0131nda elektrik verilemeyecek b\u00f6lgeler \u015f\u00f6yle: \u201cGe\u00e7itkale k\u00f6y\u00fc, Ge\u00e7itkale A\u011f\u0131llar, \u00c7aml\u0131ca k\u00f6y\u00fc, Yama\u00e7k\u00f6y, Mall\u0131da\u011f, \u00c7\u0131narl\u0131 ve Baz \u0130stasyonlar\u0131, Tatl\u0131su K\u00f6y i\u00e7i, [&hellip;]\" \/>\n<meta property=\"og:url\" content=\"https:\/\/kuzeyinsesi.org\/index.php\/2024\/05\/01\/magusa-ve-iskelede-yarin-bazi-bolgeler-dort-saat-elektriksiz-kalacak\/\" \/>\n<meta property=\"og:site_name\" content=\"Kuzeyin Sesi\" \/>\n<meta property=\"article:publisher\" content=\"https:\/\/www.facebook.com\/kuzeyinsesii\" \/>\n<meta property=\"article:published_time\" content=\"2024-05-01T07:55:41+00:00\" \/>\n<meta property=\"og:image\" content=\"https:\/\/kuzeyinsesi.org\/wp-content\/uploads\/2024\/05\/elektirik.jpeg\" \/>\n\t<meta property=\"og:image:width\" content=\"1200\" \/>\n\t<meta property=\"og:image:height\" content=\"845\" \/>\n\t<meta property=\"og:image:type\" content=\"image\/jpeg\" \/>\n<meta name=\"author\" content=\"Kuzeyin Sesi\" \/>\n<meta name=\"twitter:card\" content=\"summary_large_image\" \/>\n<meta name=\"twitter:creator\" content=\"@kuzeyinsesii\" \/>\n<meta name=\"twitter:site\" content=\"@kuzeyinsesii\" \/>\n<meta name=\"twitter:label1\" content=\"Yazan:\" \/>\n\t<meta name=\"twitter:data1\" content=\"Kuzeyin Sesi\" \/>\n\t<meta name=\"twitter:label2\" content=\"Tahmini okuma s\u00fcresi\" \/>\n\t<meta name=\"twitter:data2\" content=\"1 dakika\" \/>\n<script type=\"application\/ld+json\" class=\"yoast-schema-graph\">{\"@context\":\"https:\\\/\\\/schema.org\",\"@graph\":[{\"@type\":\"Article\",\"@id\":\"https:\\\/\\\/kuzeyinsesi.org\\\/index.php\\\/2024\\\/05\\\/01\\\/magusa-ve-iskelede-yarin-bazi-bolgeler-dort-saat-elektriksiz-kalacak\\\/#article\",\"isPartOf\":{\"@id\":\"https:\\\/\\\/kuzeyinsesi.org\\\/index.php\\\/2024\\\/05\\\/01\\\/magusa-ve-iskelede-yarin-bazi-bolgeler-dort-saat-elektriksiz-kalacak\\\/\"},\"author\":{\"name\":\"Kuzeyin Sesi\",\"@id\":\"https:\\\/\\\/kuzeyinsesi.org\\\/#\\\/schema\\\/person\\\/9f859689cdf01485597712386e37f5aa\"},\"headline\":\"Ma\u011fusa ve \u0130skele\u2019de yar\u0131n baz\u0131 b\u00f6lgeler d\u00f6rt saat elektriksiz kalacak\",\"datePublished\":\"2024-05-01T07:55:41+00:00\",\"mainEntityOfPage\":{\"@id\":\"https:\\\/\\\/kuzeyinsesi.org\\\/index.php\\\/2024\\\/05\\\/01\\\/magusa-ve-iskelede-yarin-bazi-bolgeler-dort-saat-elektriksiz-kalacak\\\/\"},\"wordCount\":147,\"commentCount\":0,\"image\":{\"@id\":\"https:\\\/\\\/kuzeyinsesi.org\\\/index.php\\\/2024\\\/05\\\/01\\\/magusa-ve-iskelede-yarin-bazi-bolgeler-dort-saat-elektriksiz-kalacak\\\/#primaryimage\"},\"thumbnailUrl\":\"https:\\\/\\\/kuzeyinsesi.org\\\/wp-content\\\/uploads\\\/2024\\\/05\\\/elektirik.jpeg\",\"articleSection\":[\"K\u0131br\u0131s\"],\"inLanguage\":\"tr\",\"potentialAction\":[{\"@type\":\"CommentAction\",\"name\":\"Comment\",\"target\":[\"https:\\\/\\\/kuzeyinsesi.org\\\/index.php\\\/2024\\\/05\\\/01\\\/magusa-ve-iskelede-yarin-bazi-bolgeler-dort-saat-elektriksiz-kalacak\\\/#respond\"]}]},{\"@type\":\"WebPage\",\"@id\":\"https:\\\/\\\/kuzeyinsesi.org\\\/index.php\\\/2024\\\/05\\\/01\\\/magusa-ve-iskelede-yarin-bazi-bolgeler-dort-saat-elektriksiz-kalacak\\\/\",\"url\":\"https:\\\/\\\/kuzeyinsesi.org\\\/index.php\\\/2024\\\/05\\\/01\\\/magusa-ve-iskelede-yarin-bazi-bolgeler-dort-saat-elektriksiz-kalacak\\\/\",\"name\":\"Ma\u011fusa ve \u0130skele\u2019de yar\u0131n baz\u0131 b\u00f6lgeler d\u00f6rt saat elektriksiz kalacak - Kuzeyin Sesi\",\"isPartOf\":{\"@id\":\"https:\\\/\\\/kuzeyinsesi.org\\\/#website\"},\"primaryImageOfPage\":{\"@id\":\"https:\\\/\\\/kuzeyinsesi.org\\\/index.php\\\/2024\\\/05\\\/01\\\/magusa-ve-iskelede-yarin-bazi-bolgeler-dort-saat-elektriksiz-kalacak\\\/#primaryimage\"},\"image\":{\"@id\":\"https:\\\/\\\/kuzeyinsesi.org\\\/index.php\\\/2024\\\/05\\\/01\\\/magusa-ve-iskelede-yarin-bazi-bolgeler-dort-saat-elektriksiz-kalacak\\\/#primaryimage\"},\"thumbnailUrl\":\"https:\\\/\\\/kuzeyinsesi.org\\\/wp-content\\\/uploads\\\/2024\\\/05\\\/elektirik.jpeg\",\"datePublished\":\"2024-05-01T07:55:41+00:00\",\"author\":{\"@id\":\"https:\\\/\\\/kuzeyinsesi.org\\\/#\\\/schema\\\/person\\\/9f859689cdf01485597712386e37f5aa\"},\"breadcrumb\":{\"@id\":\"https:\\\/\\\/kuzeyinsesi.org\\\/index.php\\\/2024\\\/05\\\/01\\\/magusa-ve-iskelede-yarin-bazi-bolgeler-dort-saat-elektriksiz-kalacak\\\/#breadcrumb\"},\"inLanguage\":\"tr\",\"potentialAction\":[{\"@type\":\"ReadAction\",\"target\":[\"https:\\\/\\\/kuzeyinsesi.org\\\/index.php\\\/2024\\\/05\\\/01\\\/magusa-ve-iskelede-yarin-bazi-bolgeler-dort-saat-elektriksiz-kalacak\\\/\"]}]},{\"@type\":\"ImageObject\",\"inLanguage\":\"tr\",\"@id\":\"https:\\\/\\\/kuzeyinsesi.org\\\/index.php\\\/2024\\\/05\\\/01\\\/magusa-ve-iskelede-yarin-bazi-bolgeler-dort-saat-elektriksiz-kalacak\\\/#primaryimage\",\"url\":\"https:\\\/\\\/kuzeyinsesi.org\\\/wp-content\\\/uploads\\\/2024\\\/05\\\/elektirik.jpeg\",\"contentUrl\":\"https:\\\/\\\/kuzeyinsesi.org\\\/wp-content\\\/uploads\\\/2024\\\/05\\\/elektirik.jpeg\",\"width\":1200,\"height\":845},{\"@type\":\"BreadcrumbList\",\"@id\":\"https:\\\/\\\/kuzeyinsesi.org\\\/index.php\\\/2024\\\/05\\\/01\\\/magusa-ve-iskelede-yarin-bazi-bolgeler-dort-saat-elektriksiz-kalacak\\\/#breadcrumb\",\"itemListElement\":[{\"@type\":\"ListItem\",\"position\":1,\"name\":\"Anasayfa\",\"item\":\"https:\\\/\\\/kuzeyinsesi.org\\\/\"},{\"@type\":\"ListItem\",\"position\":2,\"name\":\"Ma\u011fusa ve \u0130skele\u2019de yar\u0131n baz\u0131 b\u00f6lgeler d\u00f6rt saat elektriksiz kalacak\"}]},{\"@type\":\"WebSite\",\"@id\":\"https:\\\/\\\/kuzeyinsesi.org\\\/#website\",\"url\":\"https:\\\/\\\/kuzeyinsesi.org\\\/\",\"name\":\"Kuzeyin Sesi\",\"description\":\"Do\u011fru Haberin Adresi\",\"potentialAction\":[{\"@type\":\"SearchAction\",\"target\":{\"@type\":\"EntryPoint\",\"urlTemplate\":\"https:\\\/\\\/kuzeyinsesi.org\\\/?s={search_term_string}\"},\"query-input\":{\"@type\":\"PropertyValueSpecification\",\"valueRequired\":true,\"valueName\":\"search_term_string\"}}],\"inLanguage\":\"tr\"},{\"@type\":\"Person\",\"@id\":\"https:\\\/\\\/kuzeyinsesi.org\\\/#\\\/schema\\\/person\\\/9f859689cdf01485597712386e37f5aa\",\"name\":\"Kuzeyin Sesi\",\"image\":{\"@type\":\"ImageObject\",\"inLanguage\":\"tr\",\"@id\":\"https:\\\/\\\/secure.gravatar.com\\\/avatar\\\/bab33852abfd8b282518d6ed81826833d77c3c882d9ab608add591ccace47a44?s=96&d=mm&r=g\",\"url\":\"https:\\\/\\\/secure.gravatar.com\\\/avatar\\\/bab33852abfd8b282518d6ed81826833d77c3c882d9ab608add591ccace47a44?s=96&d=mm&r=g\",\"contentUrl\":\"https:\\\/\\\/secure.gravatar.com\\\/avatar\\\/bab33852abfd8b282518d6ed81826833d77c3c882d9ab608add591ccace47a44?s=96&d=mm&r=g\",\"caption\":\"Kuzeyin Sesi\"},\"sameAs\":[\"https:\\\/\\\/kuzeyinsesi.org\"],\"url\":\"https:\\\/\\\/kuzeyinsesi.org\\\/index.php\\\/author\\\/guven\\\/\"}]}<\/script>\n<!-- \/ Yoast SEO plugin. -->","yoast_head_json":{"title":"Ma\u011fusa ve \u0130skele\u2019de yar\u0131n baz\u0131 b\u00f6lgeler d\u00f6rt saat elektriksiz kalacak - Kuzeyin Sesi","robots":{"index":"index","follow":"follow","max-snippet":"max-snippet:-1","max-image-preview":"max-image-preview:large","max-video-preview":"max-video-preview:-1"},"canonical":"https:\/\/kuzeyinsesi.org\/index.php\/2024\/05\/01\/magusa-ve-iskelede-yarin-bazi-bolgeler-dort-saat-elektriksiz-kalacak\/","og_locale":"tr_TR","og_type":"article","og_title":"Ma\u011fusa ve \u0130skele\u2019de yar\u0131n baz\u0131 b\u00f6lgeler d\u00f6rt saat elektriksiz kalacak - Kuzeyin Sesi","og_description":"K\u0131br\u0131s T\u00fcrk Elektrik Kurumu (K\u0131b-Tek), yar\u0131n orta gerilim elektrik \u015febekesinde yap\u0131lacak proje \u00e7al\u0131\u015fmas\u0131 nedeniyle Ma\u011fusa ve \u0130skele\u2019de baz\u0131 b\u00f6lgelere yakla\u015f\u0131k 4 saat elektrik enerjisi verilemeyece\u011fini duyurdu. K\u0131b-Tek a\u00e7\u0131klamas\u0131na g\u00f6re, sabah 09.00 ile yakla\u015f\u0131k 13.00 saatleri aras\u0131nda elektrik verilemeyecek b\u00f6lgeler \u015f\u00f6yle: \u201cGe\u00e7itkale k\u00f6y\u00fc, Ge\u00e7itkale A\u011f\u0131llar, \u00c7aml\u0131ca k\u00f6y\u00fc, Yama\u00e7k\u00f6y, Mall\u0131da\u011f, \u00c7\u0131narl\u0131 ve Baz \u0130stasyonlar\u0131, Tatl\u0131su K\u00f6y i\u00e7i, [&hellip;]","og_url":"https:\/\/kuzeyinsesi.org\/index.php\/2024\/05\/01\/magusa-ve-iskelede-yarin-bazi-bolgeler-dort-saat-elektriksiz-kalacak\/","og_site_name":"Kuzeyin Sesi","article_publisher":"https:\/\/www.facebook.com\/kuzeyinsesii","article_published_time":"2024-05-01T07:55:41+00:00","og_image":[{"width":1200,"height":845,"url":"https:\/\/kuzeyinsesi.org\/wp-content\/uploads\/2024\/05\/elektirik.jpeg","type":"image\/jpeg"}],"author":"Kuzeyin Sesi","twitter_card":"summary_large_image","twitter_creator":"@kuzeyinsesii","twitter_site":"@kuzeyinsesii","twitter_misc":{"Yazan:":"Kuzeyin Sesi","Tahmini okuma s\u00fcresi":"1 dakika"},"schema":{"@context":"https:\/\/schema.org","@graph":[{"@type":"Article","@id":"https:\/\/kuzeyinsesi.org\/index.php\/2024\/05\/01\/magusa-ve-iskelede-yarin-bazi-bolgeler-dort-saat-elektriksiz-kalacak\/#article","isPartOf":{"@id":"https:\/\/kuzeyinsesi.org\/index.php\/2024\/05\/01\/magusa-ve-iskelede-yarin-bazi-bolgeler-dort-saat-elektriksiz-kalacak\/"},"author":{"name":"Kuzeyin Sesi","@id":"https:\/\/kuzeyinsesi.org\/#\/schema\/person\/9f859689cdf01485597712386e37f5aa"},"headline":"Ma\u011fusa ve \u0130skele\u2019de yar\u0131n baz\u0131 b\u00f6lgeler d\u00f6rt saat elektriksiz kalacak","datePublished":"2024-05-01T07:55:41+00:00","mainEntityOfPage":{"@id":"https:\/\/kuzeyinsesi.org\/index.php\/2024\/05\/01\/magusa-ve-iskelede-yarin-bazi-bolgeler-dort-saat-elektriksiz-kalacak\/"},"wordCount":147,"commentCount":0,"image":{"@id":"https:\/\/kuzeyinsesi.org\/index.php\/2024\/05\/01\/magusa-ve-iskelede-yarin-bazi-bolgeler-dort-saat-elektriksiz-kalacak\/#primaryimage"},"thumbnailUrl":"https:\/\/kuzeyinsesi.org\/wp-content\/uploads\/2024\/05\/elektirik.jpeg","articleSection":["K\u0131br\u0131s"],"inLanguage":"tr","potentialAction":[{"@type":"CommentAction","name":"Comment","target":["https:\/\/kuzeyinsesi.org\/index.php\/2024\/05\/01\/magusa-ve-iskelede-yarin-bazi-bolgeler-dort-saat-elektriksiz-kalacak\/#respond"]}]},{"@type":"WebPage","@id":"https:\/\/kuzeyinsesi.org\/index.php\/2024\/05\/01\/magusa-ve-iskelede-yarin-bazi-bolgeler-dort-saat-elektriksiz-kalacak\/","url":"https:\/\/kuzeyinsesi.org\/index.php\/2024\/05\/01\/magusa-ve-iskelede-yarin-bazi-bolgeler-dort-saat-elektriksiz-kalacak\/","name":"Ma\u011fusa ve \u0130skele\u2019de yar\u0131n baz\u0131 b\u00f6lgeler d\u00f6rt saat elektriksiz kalacak - Kuzeyin Sesi","isPartOf":{"@id":"https:\/\/kuzeyinsesi.org\/#website"},"primaryImageOfPage":{"@id":"https:\/\/kuzeyinsesi.org\/index.php\/2024\/05\/01\/magusa-ve-iskelede-yarin-bazi-bolgeler-dort-saat-elektriksiz-kalacak\/#primaryimage"},"image":{"@id":"https:\/\/kuzeyinsesi.org\/index.php\/2024\/05\/01\/magusa-ve-iskelede-yarin-bazi-bolgeler-dort-saat-elektriksiz-kalacak\/#primaryimage"},"thumbnailUrl":"https:\/\/kuzeyinsesi.org\/wp-content\/uploads\/2024\/05\/elektirik.jpeg","datePublished":"2024-05-01T07:55:41+00:00","author":{"@id":"https:\/\/kuzeyinsesi.org\/#\/schema\/person\/9f859689cdf01485597712386e37f5aa"},"breadcrumb":{"@id":"https:\/\/kuzeyinsesi.org\/index.php\/2024\/05\/01\/magusa-ve-iskelede-yarin-bazi-bolgeler-dort-saat-elektriksiz-kalacak\/#breadcrumb"},"inLanguage":"tr","potentialAction":[{"@type":"ReadAction","target":["https:\/\/kuzeyinsesi.org\/index.php\/2024\/05\/01\/magusa-ve-iskelede-yarin-bazi-bolgeler-dort-saat-elektriksiz-kalacak\/"]}]},{"@type":"ImageObject","inLanguage":"tr","@id":"https:\/\/kuzeyinsesi.org\/index.php\/2024\/05\/01\/magusa-ve-iskelede-yarin-bazi-bolgeler-dort-saat-elektriksiz-kalacak\/#primaryimage","url":"https:\/\/kuzeyinsesi.org\/wp-content\/uploads\/2024\/05\/elektirik.jpeg","contentUrl":"https:\/\/kuzeyinsesi.org\/wp-content\/uploads\/2024\/05\/elektirik.jpeg","width":1200,"height":845},{"@type":"BreadcrumbList","@id":"https:\/\/kuzeyinsesi.org\/index.php\/2024\/05\/01\/magusa-ve-iskelede-yarin-bazi-bolgeler-dort-saat-elektriksiz-kalacak\/#breadcrumb","itemListElement":[{"@type":"ListItem","position":1,"name":"Anasayfa","item":"https:\/\/kuzeyinsesi.org\/"},{"@type":"ListItem","position":2,"name":"Ma\u011fusa ve \u0130skele\u2019de yar\u0131n baz\u0131 b\u00f6lgeler d\u00f6rt saat elektriksiz kalacak"}]},{"@type":"WebSite","@id":"https:\/\/kuzeyinsesi.org\/#website","url":"https:\/\/kuzeyinsesi.org\/","name":"Kuzeyin Sesi","description":"Do\u011fru Haberin Adresi","potentialAction":[{"@type":"SearchAction","target":{"@type":"EntryPoint","urlTemplate":"https:\/\/kuzeyinsesi.org\/?s={search_term_string}"},"query-input":{"@type":"PropertyValueSpecification","valueRequired":true,"valueName":"search_term_string"}}],"inLanguage":"tr"},{"@type":"Person","@id":"https:\/\/kuzeyinsesi.org\/#\/schema\/person\/9f859689cdf01485597712386e37f5aa","name":"Kuzeyin Sesi","image":{"@type":"ImageObject","inLanguage":"tr","@id":"https:\/\/secure.gravatar.com\/avatar\/bab33852abfd8b282518d6ed81826833d77c3c882d9ab608add591ccace47a44?s=96&d=mm&r=g","url":"https:\/\/secure.gravatar.com\/avatar\/bab33852abfd8b282518d6ed81826833d77c3c882d9ab608add591ccace47a44?s=96&d=mm&r=g","contentUrl":"https:\/\/secure.gravatar.com\/avatar\/bab33852abfd8b282518d6ed81826833d77c3c882d9ab608add591ccace47a44?s=96&d=mm&r=g","caption":"Kuzeyin Sesi"},"sameAs":["https:\/\/kuzeyinsesi.org"],"url":"https:\/\/kuzeyinsesi.org\/index.php\/author\/guven\/"}]}},"_links":{"self":[{"href":"https:\/\/kuzeyinsesi.org\/index.php\/wp-json\/wp\/v2\/posts\/1098","targetHints":{"allow":["GET"]}}],"collection":[{"href":"https:\/\/kuzeyinsesi.org\/index.php\/wp-json\/wp\/v2\/posts"}],"about":[{"href":"https:\/\/kuzeyinsesi.org\/index.php\/wp-json\/wp\/v2\/types\/post"}],"author":[{"embeddable":true,"href":"https:\/\/kuzeyinsesi.org\/index.php\/wp-json\/wp\/v2\/users\/1"}],"replies":[{"embeddable":true,"href":"https:\/\/kuzeyinsesi.org\/index.php\/wp-json\/wp\/v2\/comments?post=1098"}],"version-history":[{"count":0,"href":"https:\/\/kuzeyinsesi.org\/index.php\/wp-json\/wp\/v2\/posts\/1098\/revisions"}],"wp:featuredmedia":[{"embeddable":true,"href":"https:\/\/kuzeyinsesi.org\/index.php\/wp-json\/wp\/v2\/media\/1099"}],"wp:attachment":[{"href":"https:\/\/kuzeyinsesi.org\/index.php\/wp-json\/wp\/v2\/media?parent=1098"}],"wp:term":[{"taxonomy":"category","embeddable":true,"href":"https:\/\/kuzeyinsesi.org\/index.php\/wp-json\/wp\/v2\/categories?post=1098"},{"taxonomy":"post_tag","embeddable":true,"href":"https:\/\/kuzeyinsesi.org\/index.php\/wp-json\/wp\/v2\/tags?post=1098"}],"curies":[{"name":"wp","href":"https:\/\/api.w.org\/{rel}","templated":true}]}}