{"id":10945,"date":"2024-10-04T15:58:11","date_gmt":"2024-10-04T12:58:11","guid":{"rendered":"https:\/\/kuzeyinsesi.org\/index.php\/2024\/10\/04\/uluslararasi-kuzey-kibris-muzik-festivali-piyano-trio-konseri-ile-devam-edecek\/"},"modified":"2024-10-04T15:58:11","modified_gmt":"2024-10-04T12:58:11","slug":"uluslararasi-kuzey-kibris-muzik-festivali-piyano-trio-konseri-ile-devam-edecek","status":"publish","type":"post","link":"https:\/\/kuzeyinsesi.org\/index.php\/2024\/10\/04\/uluslararasi-kuzey-kibris-muzik-festivali-piyano-trio-konseri-ile-devam-edecek\/","title":{"rendered":"Uluslararas\u0131 Kuzey K\u0131br\u0131s M\u00fczik Festivali, Piyano Trio konseri ile devam edecek"},"content":{"rendered":"<div>\n<div class=\"mariselle-image-container center\">\n                                            <\/div>\n<p>Uluslararas\u0131 Kuzey K\u0131br\u0131s M\u00fczik Festivali\u2019nde pazartesi, Piyano Trio konseri yer alacak.<\/p>\n<p>Kuzey K\u0131br\u0131s M\u00fczik Derne\u011fi\u2019nden yap\u0131lan a\u00e7\u0131klamaya g\u00f6re, bu y\u0131l 22\u2019ncisi d\u00fczenlenen Festival, Turizm ve K\u00fclt\u00fcr Bakanl\u0131\u011f\u0131, Deniz Plaza, Rocks Hotel, Bellapais Gardens, Kybele ve Huzur A\u011fa\u00e7 katk\u0131lar\u0131 ile yap\u0131l\u0131yor. Festival\u2019de 7 Ekim Pazartesi g\u00fcn\u00fc Piyano Trio konseri sunulacak.<\/p>\n<p>Bellapais Manast\u0131r\u0131\u2019nda pazartesi ak\u015fam\u0131 saat 20.30\u2019 da ba\u015flayacak Piyano Trio konserinde, Londra\u2019dan kat\u0131lacak sanat\u00e7\u0131lar Nihat A\u011fda\u00e7 (keman), Thomas Isaac (\u00e7ello) ve Emil Duncumb\u2019dan (piyano) olu\u015fan Trio, Mendelssohn\u2019un ve Dvorak\u2019\u0131n piyano triolar\u0131n\u0131 seslendirecek.<\/p>\n<p>Festival, 10 Ekim Per\u015fembe ak\u015fam\u0131 d\u00fcnyaca \u00fcnl\u00fc opera sanat\u00e7\u0131lar\u0131 \u0130talyan Tenor Massimiliano Pisapia ve ya\u015fam\u0131n\u0131 Fransa\u2019da s\u00fcrd\u00fcren Soprano Burcu Uyar\u2019\u0131n, \u0130talyan piyanist Achille Lampo e\u015fli\u011finde verecekleri konserle devam edecek.<\/p>\n<p>T\u00fcm konserlerin biletlerine Deniz Plaza ma\u011fazalar\u0131ndan, Bellapais Manast\u0131r\u0131 Bilet Ofisi\u2019nden ve online olarak Biletfest.com ile Gisekibris.com\u2019dan ula\u015f\u0131labiliyor.<\/p>\n<\/p><\/div>\n<p><script async\n                    defer\n                    crossorigin=\"anonymous\"\n                    src=\"https:\/\/connect.facebook.net\/tr_TR\/sdk.js#xfbml=1&#038;version=v3.3\"\n            ><\/script><\/p>\n","protected":false},"excerpt":{"rendered":"<p>Uluslararas\u0131 Kuzey K\u0131br\u0131s M\u00fczik Festivali\u2019nde pazartesi, Piyano Trio konseri yer alacak. Kuzey K\u0131br\u0131s M\u00fczik Derne\u011fi\u2019nden yap\u0131lan a\u00e7\u0131klamaya g\u00f6re, bu y\u0131l 22\u2019ncisi d\u00fczenlenen Festival, Turizm ve K\u00fclt\u00fcr Bakanl\u0131\u011f\u0131, Deniz Plaza, Rocks Hotel, Bellapais Gardens, Kybele ve Huzur A\u011fa\u00e7 katk\u0131lar\u0131 ile yap\u0131l\u0131yor. Festival\u2019de 7 Ekim Pazartesi g\u00fcn\u00fc Piyano Trio konseri sunulacak. Bellapais Manast\u0131r\u0131\u2019nda pazartesi ak\u015fam\u0131 saat 20.30\u2019 [&hellip;]<\/p>\n","protected":false},"author":1,"featured_media":10946,"comment_status":"open","ping_status":"open","sticky":false,"template":"","format":"standard","meta":{"jnews-multi-image_gallery":[],"jnews_single_post":[],"jnews_primary_category":[],"jnews_social_meta":[],"jnews_override_counter":[],"footnotes":""},"categories":[6],"tags":[],"class_list":["post-10945","post","type-post","status-publish","format-standard","has-post-thumbnail","hentry","category-yasam"],"yoast_head":"<!-- This site is optimized with the Yoast SEO plugin v27.4 - https:\/\/yoast.com\/product\/yoast-seo-wordpress\/ -->\n<title>Uluslararas\u0131 Kuzey K\u0131br\u0131s M\u00fczik Festivali, Piyano Trio konseri ile devam edecek - Kuzeyin Sesi<\/title>\n<meta name=\"robots\" content=\"index, follow, max-snippet:-1, max-image-preview:large, max-video-preview:-1\" \/>\n<link rel=\"canonical\" href=\"https:\/\/kuzeyinsesi.org\/index.php\/2024\/10\/04\/uluslararasi-kuzey-kibris-muzik-festivali-piyano-trio-konseri-ile-devam-edecek\/\" \/>\n<meta property=\"og:locale\" content=\"tr_TR\" \/>\n<meta property=\"og:type\" content=\"article\" \/>\n<meta property=\"og:title\" content=\"Uluslararas\u0131 Kuzey K\u0131br\u0131s M\u00fczik Festivali, Piyano Trio konseri ile devam edecek - Kuzeyin Sesi\" \/>\n<meta property=\"og:description\" content=\"Uluslararas\u0131 Kuzey K\u0131br\u0131s M\u00fczik Festivali\u2019nde pazartesi, Piyano Trio konseri yer alacak. Kuzey K\u0131br\u0131s M\u00fczik Derne\u011fi\u2019nden yap\u0131lan a\u00e7\u0131klamaya g\u00f6re, bu y\u0131l 22\u2019ncisi d\u00fczenlenen Festival, Turizm ve K\u00fclt\u00fcr Bakanl\u0131\u011f\u0131, Deniz Plaza, Rocks Hotel, Bellapais Gardens, Kybele ve Huzur A\u011fa\u00e7 katk\u0131lar\u0131 ile yap\u0131l\u0131yor. Festival\u2019de 7 Ekim Pazartesi g\u00fcn\u00fc Piyano Trio konseri sunulacak. Bellapais Manast\u0131r\u0131\u2019nda pazartesi ak\u015fam\u0131 saat 20.30\u2019 [&hellip;]\" \/>\n<meta property=\"og:url\" content=\"https:\/\/kuzeyinsesi.org\/index.php\/2024\/10\/04\/uluslararasi-kuzey-kibris-muzik-festivali-piyano-trio-konseri-ile-devam-edecek\/\" \/>\n<meta property=\"og:site_name\" content=\"Kuzeyin Sesi\" \/>\n<meta property=\"article:publisher\" content=\"https:\/\/www.facebook.com\/kuzeyinsesii\" \/>\n<meta property=\"article:published_time\" content=\"2024-10-04T12:58:11+00:00\" \/>\n<meta property=\"og:image\" content=\"https:\/\/brtk.net\/wp-content\/uploads\/2024\/10\/04\/56565.jpeg?ver=8145c212e23f7df9ba3fdb230c50119d\" \/>\n<meta name=\"author\" content=\"Kuzeyin Sesi\" \/>\n<meta name=\"twitter:card\" content=\"summary_large_image\" \/>\n<meta name=\"twitter:creator\" content=\"@kuzeyinsesii\" \/>\n<meta name=\"twitter:site\" content=\"@kuzeyinsesii\" \/>\n<meta name=\"twitter:label1\" content=\"Yazan:\" \/>\n\t<meta name=\"twitter:data1\" content=\"Kuzeyin Sesi\" \/>\n\t<meta name=\"twitter:label2\" content=\"Tahmini okuma s\u00fcresi\" \/>\n\t<meta name=\"twitter:data2\" content=\"1 dakika\" \/>\n<script type=\"application\/ld+json\" class=\"yoast-schema-graph\">{\"@context\":\"https:\\\/\\\/schema.org\",\"@graph\":[{\"@type\":\"Article\",\"@id\":\"https:\\\/\\\/kuzeyinsesi.org\\\/index.php\\\/2024\\\/10\\\/04\\\/uluslararasi-kuzey-kibris-muzik-festivali-piyano-trio-konseri-ile-devam-edecek\\\/#article\",\"isPartOf\":{\"@id\":\"https:\\\/\\\/kuzeyinsesi.org\\\/index.php\\\/2024\\\/10\\\/04\\\/uluslararasi-kuzey-kibris-muzik-festivali-piyano-trio-konseri-ile-devam-edecek\\\/\"},\"author\":{\"name\":\"Kuzeyin Sesi\",\"@id\":\"https:\\\/\\\/kuzeyinsesi.org\\\/#\\\/schema\\\/person\\\/9f859689cdf01485597712386e37f5aa\"},\"headline\":\"Uluslararas\u0131 Kuzey K\u0131br\u0131s M\u00fczik Festivali, Piyano Trio konseri ile devam edecek\",\"datePublished\":\"2024-10-04T12:58:11+00:00\",\"mainEntityOfPage\":{\"@id\":\"https:\\\/\\\/kuzeyinsesi.org\\\/index.php\\\/2024\\\/10\\\/04\\\/uluslararasi-kuzey-kibris-muzik-festivali-piyano-trio-konseri-ile-devam-edecek\\\/\"},\"wordCount\":194,\"commentCount\":0,\"image\":{\"@id\":\"https:\\\/\\\/kuzeyinsesi.org\\\/index.php\\\/2024\\\/10\\\/04\\\/uluslararasi-kuzey-kibris-muzik-festivali-piyano-trio-konseri-ile-devam-edecek\\\/#primaryimage\"},\"thumbnailUrl\":\"https:\\\/\\\/kuzeyinsesi.org\\\/wp-content\\\/uploads\\\/2024\\\/10\\\/56565.jpeg\",\"articleSection\":[\"Ya\u015fam\"],\"inLanguage\":\"tr\",\"potentialAction\":[{\"@type\":\"CommentAction\",\"name\":\"Comment\",\"target\":[\"https:\\\/\\\/kuzeyinsesi.org\\\/index.php\\\/2024\\\/10\\\/04\\\/uluslararasi-kuzey-kibris-muzik-festivali-piyano-trio-konseri-ile-devam-edecek\\\/#respond\"]}]},{\"@type\":\"WebPage\",\"@id\":\"https:\\\/\\\/kuzeyinsesi.org\\\/index.php\\\/2024\\\/10\\\/04\\\/uluslararasi-kuzey-kibris-muzik-festivali-piyano-trio-konseri-ile-devam-edecek\\\/\",\"url\":\"https:\\\/\\\/kuzeyinsesi.org\\\/index.php\\\/2024\\\/10\\\/04\\\/uluslararasi-kuzey-kibris-muzik-festivali-piyano-trio-konseri-ile-devam-edecek\\\/\",\"name\":\"Uluslararas\u0131 Kuzey K\u0131br\u0131s M\u00fczik Festivali, Piyano Trio konseri ile devam edecek - Kuzeyin Sesi\",\"isPartOf\":{\"@id\":\"https:\\\/\\\/kuzeyinsesi.org\\\/#website\"},\"primaryImageOfPage\":{\"@id\":\"https:\\\/\\\/kuzeyinsesi.org\\\/index.php\\\/2024\\\/10\\\/04\\\/uluslararasi-kuzey-kibris-muzik-festivali-piyano-trio-konseri-ile-devam-edecek\\\/#primaryimage\"},\"image\":{\"@id\":\"https:\\\/\\\/kuzeyinsesi.org\\\/index.php\\\/2024\\\/10\\\/04\\\/uluslararasi-kuzey-kibris-muzik-festivali-piyano-trio-konseri-ile-devam-edecek\\\/#primaryimage\"},\"thumbnailUrl\":\"https:\\\/\\\/kuzeyinsesi.org\\\/wp-content\\\/uploads\\\/2024\\\/10\\\/56565.jpeg\",\"datePublished\":\"2024-10-04T12:58:11+00:00\",\"author\":{\"@id\":\"https:\\\/\\\/kuzeyinsesi.org\\\/#\\\/schema\\\/person\\\/9f859689cdf01485597712386e37f5aa\"},\"breadcrumb\":{\"@id\":\"https:\\\/\\\/kuzeyinsesi.org\\\/index.php\\\/2024\\\/10\\\/04\\\/uluslararasi-kuzey-kibris-muzik-festivali-piyano-trio-konseri-ile-devam-edecek\\\/#breadcrumb\"},\"inLanguage\":\"tr\",\"potentialAction\":[{\"@type\":\"ReadAction\",\"target\":[\"https:\\\/\\\/kuzeyinsesi.org\\\/index.php\\\/2024\\\/10\\\/04\\\/uluslararasi-kuzey-kibris-muzik-festivali-piyano-trio-konseri-ile-devam-edecek\\\/\"]}]},{\"@type\":\"ImageObject\",\"inLanguage\":\"tr\",\"@id\":\"https:\\\/\\\/kuzeyinsesi.org\\\/index.php\\\/2024\\\/10\\\/04\\\/uluslararasi-kuzey-kibris-muzik-festivali-piyano-trio-konseri-ile-devam-edecek\\\/#primaryimage\",\"url\":\"https:\\\/\\\/kuzeyinsesi.org\\\/wp-content\\\/uploads\\\/2024\\\/10\\\/56565.jpeg\",\"contentUrl\":\"https:\\\/\\\/kuzeyinsesi.org\\\/wp-content\\\/uploads\\\/2024\\\/10\\\/56565.jpeg\",\"width\":1080,\"height\":1080},{\"@type\":\"BreadcrumbList\",\"@id\":\"https:\\\/\\\/kuzeyinsesi.org\\\/index.php\\\/2024\\\/10\\\/04\\\/uluslararasi-kuzey-kibris-muzik-festivali-piyano-trio-konseri-ile-devam-edecek\\\/#breadcrumb\",\"itemListElement\":[{\"@type\":\"ListItem\",\"position\":1,\"name\":\"Anasayfa\",\"item\":\"https:\\\/\\\/kuzeyinsesi.org\\\/\"},{\"@type\":\"ListItem\",\"position\":2,\"name\":\"Uluslararas\u0131 Kuzey K\u0131br\u0131s M\u00fczik Festivali, Piyano Trio konseri ile devam edecek\"}]},{\"@type\":\"WebSite\",\"@id\":\"https:\\\/\\\/kuzeyinsesi.org\\\/#website\",\"url\":\"https:\\\/\\\/kuzeyinsesi.org\\\/\",\"name\":\"Kuzeyin Sesi\",\"description\":\"Do\u011fru Haberin Adresi\",\"potentialAction\":[{\"@type\":\"SearchAction\",\"target\":{\"@type\":\"EntryPoint\",\"urlTemplate\":\"https:\\\/\\\/kuzeyinsesi.org\\\/?s={search_term_string}\"},\"query-input\":{\"@type\":\"PropertyValueSpecification\",\"valueRequired\":true,\"valueName\":\"search_term_string\"}}],\"inLanguage\":\"tr\"},{\"@type\":\"Person\",\"@id\":\"https:\\\/\\\/kuzeyinsesi.org\\\/#\\\/schema\\\/person\\\/9f859689cdf01485597712386e37f5aa\",\"name\":\"Kuzeyin Sesi\",\"image\":{\"@type\":\"ImageObject\",\"inLanguage\":\"tr\",\"@id\":\"https:\\\/\\\/secure.gravatar.com\\\/avatar\\\/bab33852abfd8b282518d6ed81826833d77c3c882d9ab608add591ccace47a44?s=96&d=mm&r=g\",\"url\":\"https:\\\/\\\/secure.gravatar.com\\\/avatar\\\/bab33852abfd8b282518d6ed81826833d77c3c882d9ab608add591ccace47a44?s=96&d=mm&r=g\",\"contentUrl\":\"https:\\\/\\\/secure.gravatar.com\\\/avatar\\\/bab33852abfd8b282518d6ed81826833d77c3c882d9ab608add591ccace47a44?s=96&d=mm&r=g\",\"caption\":\"Kuzeyin Sesi\"},\"sameAs\":[\"https:\\\/\\\/kuzeyinsesi.org\"],\"url\":\"https:\\\/\\\/kuzeyinsesi.org\\\/index.php\\\/author\\\/guven\\\/\"}]}<\/script>\n<!-- \/ Yoast SEO plugin. -->","yoast_head_json":{"title":"Uluslararas\u0131 Kuzey K\u0131br\u0131s M\u00fczik Festivali, Piyano Trio konseri ile devam edecek - Kuzeyin Sesi","robots":{"index":"index","follow":"follow","max-snippet":"max-snippet:-1","max-image-preview":"max-image-preview:large","max-video-preview":"max-video-preview:-1"},"canonical":"https:\/\/kuzeyinsesi.org\/index.php\/2024\/10\/04\/uluslararasi-kuzey-kibris-muzik-festivali-piyano-trio-konseri-ile-devam-edecek\/","og_locale":"tr_TR","og_type":"article","og_title":"Uluslararas\u0131 Kuzey K\u0131br\u0131s M\u00fczik Festivali, Piyano Trio konseri ile devam edecek - Kuzeyin Sesi","og_description":"Uluslararas\u0131 Kuzey K\u0131br\u0131s M\u00fczik Festivali\u2019nde pazartesi, Piyano Trio konseri yer alacak. Kuzey K\u0131br\u0131s M\u00fczik Derne\u011fi\u2019nden yap\u0131lan a\u00e7\u0131klamaya g\u00f6re, bu y\u0131l 22\u2019ncisi d\u00fczenlenen Festival, Turizm ve K\u00fclt\u00fcr Bakanl\u0131\u011f\u0131, Deniz Plaza, Rocks Hotel, Bellapais Gardens, Kybele ve Huzur A\u011fa\u00e7 katk\u0131lar\u0131 ile yap\u0131l\u0131yor. Festival\u2019de 7 Ekim Pazartesi g\u00fcn\u00fc Piyano Trio konseri sunulacak. Bellapais Manast\u0131r\u0131\u2019nda pazartesi ak\u015fam\u0131 saat 20.30\u2019 [&hellip;]","og_url":"https:\/\/kuzeyinsesi.org\/index.php\/2024\/10\/04\/uluslararasi-kuzey-kibris-muzik-festivali-piyano-trio-konseri-ile-devam-edecek\/","og_site_name":"Kuzeyin Sesi","article_publisher":"https:\/\/www.facebook.com\/kuzeyinsesii","article_published_time":"2024-10-04T12:58:11+00:00","og_image":[{"url":"https:\/\/brtk.net\/wp-content\/uploads\/2024\/10\/04\/56565.jpeg?ver=8145c212e23f7df9ba3fdb230c50119d","type":"","width":"","height":""}],"author":"Kuzeyin Sesi","twitter_card":"summary_large_image","twitter_creator":"@kuzeyinsesii","twitter_site":"@kuzeyinsesii","twitter_misc":{"Yazan:":"Kuzeyin Sesi","Tahmini okuma s\u00fcresi":"1 dakika"},"schema":{"@context":"https:\/\/schema.org","@graph":[{"@type":"Article","@id":"https:\/\/kuzeyinsesi.org\/index.php\/2024\/10\/04\/uluslararasi-kuzey-kibris-muzik-festivali-piyano-trio-konseri-ile-devam-edecek\/#article","isPartOf":{"@id":"https:\/\/kuzeyinsesi.org\/index.php\/2024\/10\/04\/uluslararasi-kuzey-kibris-muzik-festivali-piyano-trio-konseri-ile-devam-edecek\/"},"author":{"name":"Kuzeyin Sesi","@id":"https:\/\/kuzeyinsesi.org\/#\/schema\/person\/9f859689cdf01485597712386e37f5aa"},"headline":"Uluslararas\u0131 Kuzey K\u0131br\u0131s M\u00fczik Festivali, Piyano Trio konseri ile devam edecek","datePublished":"2024-10-04T12:58:11+00:00","mainEntityOfPage":{"@id":"https:\/\/kuzeyinsesi.org\/index.php\/2024\/10\/04\/uluslararasi-kuzey-kibris-muzik-festivali-piyano-trio-konseri-ile-devam-edecek\/"},"wordCount":194,"commentCount":0,"image":{"@id":"https:\/\/kuzeyinsesi.org\/index.php\/2024\/10\/04\/uluslararasi-kuzey-kibris-muzik-festivali-piyano-trio-konseri-ile-devam-edecek\/#primaryimage"},"thumbnailUrl":"https:\/\/kuzeyinsesi.org\/wp-content\/uploads\/2024\/10\/56565.jpeg","articleSection":["Ya\u015fam"],"inLanguage":"tr","potentialAction":[{"@type":"CommentAction","name":"Comment","target":["https:\/\/kuzeyinsesi.org\/index.php\/2024\/10\/04\/uluslararasi-kuzey-kibris-muzik-festivali-piyano-trio-konseri-ile-devam-edecek\/#respond"]}]},{"@type":"WebPage","@id":"https:\/\/kuzeyinsesi.org\/index.php\/2024\/10\/04\/uluslararasi-kuzey-kibris-muzik-festivali-piyano-trio-konseri-ile-devam-edecek\/","url":"https:\/\/kuzeyinsesi.org\/index.php\/2024\/10\/04\/uluslararasi-kuzey-kibris-muzik-festivali-piyano-trio-konseri-ile-devam-edecek\/","name":"Uluslararas\u0131 Kuzey K\u0131br\u0131s M\u00fczik Festivali, Piyano Trio konseri ile devam edecek - Kuzeyin Sesi","isPartOf":{"@id":"https:\/\/kuzeyinsesi.org\/#website"},"primaryImageOfPage":{"@id":"https:\/\/kuzeyinsesi.org\/index.php\/2024\/10\/04\/uluslararasi-kuzey-kibris-muzik-festivali-piyano-trio-konseri-ile-devam-edecek\/#primaryimage"},"image":{"@id":"https:\/\/kuzeyinsesi.org\/index.php\/2024\/10\/04\/uluslararasi-kuzey-kibris-muzik-festivali-piyano-trio-konseri-ile-devam-edecek\/#primaryimage"},"thumbnailUrl":"https:\/\/kuzeyinsesi.org\/wp-content\/uploads\/2024\/10\/56565.jpeg","datePublished":"2024-10-04T12:58:11+00:00","author":{"@id":"https:\/\/kuzeyinsesi.org\/#\/schema\/person\/9f859689cdf01485597712386e37f5aa"},"breadcrumb":{"@id":"https:\/\/kuzeyinsesi.org\/index.php\/2024\/10\/04\/uluslararasi-kuzey-kibris-muzik-festivali-piyano-trio-konseri-ile-devam-edecek\/#breadcrumb"},"inLanguage":"tr","potentialAction":[{"@type":"ReadAction","target":["https:\/\/kuzeyinsesi.org\/index.php\/2024\/10\/04\/uluslararasi-kuzey-kibris-muzik-festivali-piyano-trio-konseri-ile-devam-edecek\/"]}]},{"@type":"ImageObject","inLanguage":"tr","@id":"https:\/\/kuzeyinsesi.org\/index.php\/2024\/10\/04\/uluslararasi-kuzey-kibris-muzik-festivali-piyano-trio-konseri-ile-devam-edecek\/#primaryimage","url":"https:\/\/kuzeyinsesi.org\/wp-content\/uploads\/2024\/10\/56565.jpeg","contentUrl":"https:\/\/kuzeyinsesi.org\/wp-content\/uploads\/2024\/10\/56565.jpeg","width":1080,"height":1080},{"@type":"BreadcrumbList","@id":"https:\/\/kuzeyinsesi.org\/index.php\/2024\/10\/04\/uluslararasi-kuzey-kibris-muzik-festivali-piyano-trio-konseri-ile-devam-edecek\/#breadcrumb","itemListElement":[{"@type":"ListItem","position":1,"name":"Anasayfa","item":"https:\/\/kuzeyinsesi.org\/"},{"@type":"ListItem","position":2,"name":"Uluslararas\u0131 Kuzey K\u0131br\u0131s M\u00fczik Festivali, Piyano Trio konseri ile devam edecek"}]},{"@type":"WebSite","@id":"https:\/\/kuzeyinsesi.org\/#website","url":"https:\/\/kuzeyinsesi.org\/","name":"Kuzeyin Sesi","description":"Do\u011fru Haberin Adresi","potentialAction":[{"@type":"SearchAction","target":{"@type":"EntryPoint","urlTemplate":"https:\/\/kuzeyinsesi.org\/?s={search_term_string}"},"query-input":{"@type":"PropertyValueSpecification","valueRequired":true,"valueName":"search_term_string"}}],"inLanguage":"tr"},{"@type":"Person","@id":"https:\/\/kuzeyinsesi.org\/#\/schema\/person\/9f859689cdf01485597712386e37f5aa","name":"Kuzeyin Sesi","image":{"@type":"ImageObject","inLanguage":"tr","@id":"https:\/\/secure.gravatar.com\/avatar\/bab33852abfd8b282518d6ed81826833d77c3c882d9ab608add591ccace47a44?s=96&d=mm&r=g","url":"https:\/\/secure.gravatar.com\/avatar\/bab33852abfd8b282518d6ed81826833d77c3c882d9ab608add591ccace47a44?s=96&d=mm&r=g","contentUrl":"https:\/\/secure.gravatar.com\/avatar\/bab33852abfd8b282518d6ed81826833d77c3c882d9ab608add591ccace47a44?s=96&d=mm&r=g","caption":"Kuzeyin Sesi"},"sameAs":["https:\/\/kuzeyinsesi.org"],"url":"https:\/\/kuzeyinsesi.org\/index.php\/author\/guven\/"}]}},"_links":{"self":[{"href":"https:\/\/kuzeyinsesi.org\/index.php\/wp-json\/wp\/v2\/posts\/10945","targetHints":{"allow":["GET"]}}],"collection":[{"href":"https:\/\/kuzeyinsesi.org\/index.php\/wp-json\/wp\/v2\/posts"}],"about":[{"href":"https:\/\/kuzeyinsesi.org\/index.php\/wp-json\/wp\/v2\/types\/post"}],"author":[{"embeddable":true,"href":"https:\/\/kuzeyinsesi.org\/index.php\/wp-json\/wp\/v2\/users\/1"}],"replies":[{"embeddable":true,"href":"https:\/\/kuzeyinsesi.org\/index.php\/wp-json\/wp\/v2\/comments?post=10945"}],"version-history":[{"count":0,"href":"https:\/\/kuzeyinsesi.org\/index.php\/wp-json\/wp\/v2\/posts\/10945\/revisions"}],"wp:featuredmedia":[{"embeddable":true,"href":"https:\/\/kuzeyinsesi.org\/index.php\/wp-json\/wp\/v2\/media\/10946"}],"wp:attachment":[{"href":"https:\/\/kuzeyinsesi.org\/index.php\/wp-json\/wp\/v2\/media?parent=10945"}],"wp:term":[{"taxonomy":"category","embeddable":true,"href":"https:\/\/kuzeyinsesi.org\/index.php\/wp-json\/wp\/v2\/categories?post=10945"},{"taxonomy":"post_tag","embeddable":true,"href":"https:\/\/kuzeyinsesi.org\/index.php\/wp-json\/wp\/v2\/tags?post=10945"}],"curies":[{"name":"wp","href":"https:\/\/api.w.org\/{rel}","templated":true}]}}