{"id":10925,"date":"2024-10-04T12:53:19","date_gmt":"2024-10-04T09:53:19","guid":{"rendered":"https:\/\/kuzeyinsesi.org\/index.php\/2024\/10\/04\/23uncu-zeytinlik-zeytin-festivali-suruyor\/"},"modified":"2024-10-04T12:53:19","modified_gmt":"2024-10-04T09:53:19","slug":"23uncu-zeytinlik-zeytin-festivali-suruyor","status":"publish","type":"post","link":"https:\/\/kuzeyinsesi.org\/index.php\/2024\/10\/04\/23uncu-zeytinlik-zeytin-festivali-suruyor\/","title":{"rendered":"23\u2019\u00fcnc\u00fc Zeytinlik Zeytin Festivali s\u00fcr\u00fcyor"},"content":{"rendered":"<div>\n<p>\u00a0<\/p>\n<div class=\"mariselle-image-container center\">\n                                            <\/div>\n<p style=\"font-weight: 300;\"><span style=\"font-weight: 300 !important;\">Girne Belediyesi\u2019nin d\u00fczenledi\u011fi 23\u2019\u00fcnc\u00fc Uluslararas\u0131 Zeytinlik Zeytin Festivali s\u00fcr\u00fcyor.<\/span><\/p>\n<p style=\"font-weight: 300;\"><span style=\"font-weight: 300 !important;\">Belediyeden verilen bilgiye g\u00f6re, festivalin bug\u00fcnk\u00fc program\u0131 saat 17.00\u2019de \u2018\u00d6d\u00fcll\u00fc Bilardo Turnuvas\u0131\u2019 ile ba\u015flayacak.<\/span><\/p>\n<p style=\"font-weight: 300;\"><span style=\"font-weight: 300 !important;\">Girne Belediyesi Tenis Kortlar\u0131nda, Girne Belediyesi Tenis Turnuvas\u0131 yap\u0131lacak. HASDER\u2019in halk danslar\u0131 g\u00f6sterisi saat 18.30\u2019da k\u00f6y meydan\u0131nda olacak.<\/span><\/p>\n<p style=\"font-weight: 300;\"><span style=\"font-weight: 300 !important;\">Tango Siempre Tango g\u00f6sterisi saat 19.45\u2019te, Gavin Simons konseri saat 19:00\u2019da olacak.<\/span><\/p>\n<p style=\"font-weight: 300;\"><span style=\"font-weight: 300 !important;\">Cranberries Dance Studio saat 20.00\u2019de Frida Kahlo m\u00fczikalini sahneleyecek. Sonras\u0131nda Artstreet Kafkas Kartallar\u0131 halk danslar\u0131 g\u00f6sterisi sunacak. Bu ak\u015fam saat 21.00\u2019de ba\u015flayacak Eril Cambaz konseriyle son bulacak.<\/span><\/p>\n<p style=\"font-weight: 300;\"><span style=\"font-weight: 300 !important;\">\u00d6te yandan festival kapsam\u0131nda d\u00fcn k\u00f6y meydan\u0131nda Colourland Prep School\u2019un dans g\u00f6sterisi oldu. Gaziantep B\u00fcy\u00fck\u015fehir Belediyesi Tar\u0131msal Hizmetler Daire Ba\u015fkan\u0131 Kenan Se\u00e7kin\u2019in sunumuyla \u2018G\u00fcn\u00fcm\u00fczde Zeytincilik\u2019 semineri ger\u00e7ekle\u015fti. Gecede \u00f6nce Ebru &amp; Amor Latino ard\u0131ndan da Antalya Muratpa\u015fa Belediyesi Halk Danslar\u0131 Toplulu\u011fu sahne ald\u0131. Nicosia Dance House\u2019un sahneledi\u011fi \u2018\u00c7a\u011fda\u015f Dans G\u00f6sterisi\u2019nin ard\u0131ndan gece Ebru Ayd\u0131n konseriyle tamamland\u0131.<\/span><\/p>\n<p style=\"font-weight: 300;\"><span style=\"font-weight: 300 !important;\">Festival, 6 Ekim\u2019de sona erecek.<\/span><\/p>\n<\/p><\/div>\n<p><script async\n                    defer\n                    crossorigin=\"anonymous\"\n                    src=\"https:\/\/connect.facebook.net\/tr_TR\/sdk.js#xfbml=1&#038;version=v3.3\"\n            ><\/script><\/p>\n","protected":false},"excerpt":{"rendered":"<p>\u00a0 Girne Belediyesi\u2019nin d\u00fczenledi\u011fi 23\u2019\u00fcnc\u00fc Uluslararas\u0131 Zeytinlik Zeytin Festivali s\u00fcr\u00fcyor. Belediyeden verilen bilgiye g\u00f6re, festivalin bug\u00fcnk\u00fc program\u0131 saat 17.00\u2019de \u2018\u00d6d\u00fcll\u00fc Bilardo Turnuvas\u0131\u2019 ile ba\u015flayacak. Girne Belediyesi Tenis Kortlar\u0131nda, Girne Belediyesi Tenis Turnuvas\u0131 yap\u0131lacak. HASDER\u2019in halk danslar\u0131 g\u00f6sterisi saat 18.30\u2019da k\u00f6y meydan\u0131nda olacak. Tango Siempre Tango g\u00f6sterisi saat 19.45\u2019te, Gavin Simons konseri saat 19:00\u2019da olacak. Cranberries [&hellip;]<\/p>\n","protected":false},"author":1,"featured_media":10926,"comment_status":"open","ping_status":"open","sticky":false,"template":"","format":"standard","meta":{"jnews-multi-image_gallery":[],"jnews_single_post":[],"jnews_primary_category":[],"jnews_social_meta":[],"jnews_override_counter":[],"footnotes":""},"categories":[6],"tags":[],"class_list":["post-10925","post","type-post","status-publish","format-standard","has-post-thumbnail","hentry","category-yasam"],"yoast_head":"<!-- This site is optimized with the Yoast SEO plugin v27.4 - https:\/\/yoast.com\/product\/yoast-seo-wordpress\/ -->\n<title>23\u2019\u00fcnc\u00fc Zeytinlik Zeytin Festivali s\u00fcr\u00fcyor - Kuzeyin Sesi<\/title>\n<meta name=\"robots\" content=\"index, follow, max-snippet:-1, max-image-preview:large, max-video-preview:-1\" \/>\n<link rel=\"canonical\" href=\"https:\/\/kuzeyinsesi.org\/index.php\/2024\/10\/04\/23uncu-zeytinlik-zeytin-festivali-suruyor\/\" \/>\n<meta property=\"og:locale\" content=\"tr_TR\" \/>\n<meta property=\"og:type\" content=\"article\" \/>\n<meta property=\"og:title\" content=\"23\u2019\u00fcnc\u00fc Zeytinlik Zeytin Festivali s\u00fcr\u00fcyor - Kuzeyin Sesi\" \/>\n<meta property=\"og:description\" content=\"\u00a0 Girne Belediyesi\u2019nin d\u00fczenledi\u011fi 23\u2019\u00fcnc\u00fc Uluslararas\u0131 Zeytinlik Zeytin Festivali s\u00fcr\u00fcyor. Belediyeden verilen bilgiye g\u00f6re, festivalin bug\u00fcnk\u00fc program\u0131 saat 17.00\u2019de \u2018\u00d6d\u00fcll\u00fc Bilardo Turnuvas\u0131\u2019 ile ba\u015flayacak. Girne Belediyesi Tenis Kortlar\u0131nda, Girne Belediyesi Tenis Turnuvas\u0131 yap\u0131lacak. HASDER\u2019in halk danslar\u0131 g\u00f6sterisi saat 18.30\u2019da k\u00f6y meydan\u0131nda olacak. Tango Siempre Tango g\u00f6sterisi saat 19.45\u2019te, Gavin Simons konseri saat 19:00\u2019da olacak. Cranberries [&hellip;]\" \/>\n<meta property=\"og:url\" content=\"https:\/\/kuzeyinsesi.org\/index.php\/2024\/10\/04\/23uncu-zeytinlik-zeytin-festivali-suruyor\/\" \/>\n<meta property=\"og:site_name\" content=\"Kuzeyin Sesi\" \/>\n<meta property=\"article:publisher\" content=\"https:\/\/www.facebook.com\/kuzeyinsesii\" \/>\n<meta property=\"article:published_time\" content=\"2024-10-04T09:53:19+00:00\" \/>\n<meta property=\"og:image\" content=\"https:\/\/brtk.net\/wp-content\/uploads\/2024\/10\/04\/zeytin-festivali-1--scaled.jpg?ver=ed395061aaa52c6e894daf253bc335cf\" \/>\n<meta name=\"author\" content=\"Kuzeyin Sesi\" \/>\n<meta name=\"twitter:card\" content=\"summary_large_image\" \/>\n<meta name=\"twitter:creator\" content=\"@kuzeyinsesii\" \/>\n<meta name=\"twitter:site\" content=\"@kuzeyinsesii\" \/>\n<meta name=\"twitter:label1\" content=\"Yazan:\" \/>\n\t<meta name=\"twitter:data1\" content=\"Kuzeyin Sesi\" \/>\n\t<meta name=\"twitter:label2\" content=\"Tahmini okuma s\u00fcresi\" \/>\n\t<meta name=\"twitter:data2\" content=\"1 dakika\" \/>\n<script type=\"application\/ld+json\" class=\"yoast-schema-graph\">{\"@context\":\"https:\\\/\\\/schema.org\",\"@graph\":[{\"@type\":\"Article\",\"@id\":\"https:\\\/\\\/kuzeyinsesi.org\\\/index.php\\\/2024\\\/10\\\/04\\\/23uncu-zeytinlik-zeytin-festivali-suruyor\\\/#article\",\"isPartOf\":{\"@id\":\"https:\\\/\\\/kuzeyinsesi.org\\\/index.php\\\/2024\\\/10\\\/04\\\/23uncu-zeytinlik-zeytin-festivali-suruyor\\\/\"},\"author\":{\"name\":\"Kuzeyin Sesi\",\"@id\":\"https:\\\/\\\/kuzeyinsesi.org\\\/#\\\/schema\\\/person\\\/9f859689cdf01485597712386e37f5aa\"},\"headline\":\"23\u2019\u00fcnc\u00fc Zeytinlik Zeytin Festivali s\u00fcr\u00fcyor\",\"datePublished\":\"2024-10-04T09:53:19+00:00\",\"mainEntityOfPage\":{\"@id\":\"https:\\\/\\\/kuzeyinsesi.org\\\/index.php\\\/2024\\\/10\\\/04\\\/23uncu-zeytinlik-zeytin-festivali-suruyor\\\/\"},\"wordCount\":197,\"commentCount\":0,\"image\":{\"@id\":\"https:\\\/\\\/kuzeyinsesi.org\\\/index.php\\\/2024\\\/10\\\/04\\\/23uncu-zeytinlik-zeytin-festivali-suruyor\\\/#primaryimage\"},\"thumbnailUrl\":\"https:\\\/\\\/kuzeyinsesi.org\\\/wp-content\\\/uploads\\\/2024\\\/10\\\/zeytin-festivali-1-scaled.jpg\",\"articleSection\":[\"Ya\u015fam\"],\"inLanguage\":\"tr\",\"potentialAction\":[{\"@type\":\"CommentAction\",\"name\":\"Comment\",\"target\":[\"https:\\\/\\\/kuzeyinsesi.org\\\/index.php\\\/2024\\\/10\\\/04\\\/23uncu-zeytinlik-zeytin-festivali-suruyor\\\/#respond\"]}]},{\"@type\":\"WebPage\",\"@id\":\"https:\\\/\\\/kuzeyinsesi.org\\\/index.php\\\/2024\\\/10\\\/04\\\/23uncu-zeytinlik-zeytin-festivali-suruyor\\\/\",\"url\":\"https:\\\/\\\/kuzeyinsesi.org\\\/index.php\\\/2024\\\/10\\\/04\\\/23uncu-zeytinlik-zeytin-festivali-suruyor\\\/\",\"name\":\"23\u2019\u00fcnc\u00fc Zeytinlik Zeytin Festivali s\u00fcr\u00fcyor - Kuzeyin Sesi\",\"isPartOf\":{\"@id\":\"https:\\\/\\\/kuzeyinsesi.org\\\/#website\"},\"primaryImageOfPage\":{\"@id\":\"https:\\\/\\\/kuzeyinsesi.org\\\/index.php\\\/2024\\\/10\\\/04\\\/23uncu-zeytinlik-zeytin-festivali-suruyor\\\/#primaryimage\"},\"image\":{\"@id\":\"https:\\\/\\\/kuzeyinsesi.org\\\/index.php\\\/2024\\\/10\\\/04\\\/23uncu-zeytinlik-zeytin-festivali-suruyor\\\/#primaryimage\"},\"thumbnailUrl\":\"https:\\\/\\\/kuzeyinsesi.org\\\/wp-content\\\/uploads\\\/2024\\\/10\\\/zeytin-festivali-1-scaled.jpg\",\"datePublished\":\"2024-10-04T09:53:19+00:00\",\"author\":{\"@id\":\"https:\\\/\\\/kuzeyinsesi.org\\\/#\\\/schema\\\/person\\\/9f859689cdf01485597712386e37f5aa\"},\"breadcrumb\":{\"@id\":\"https:\\\/\\\/kuzeyinsesi.org\\\/index.php\\\/2024\\\/10\\\/04\\\/23uncu-zeytinlik-zeytin-festivali-suruyor\\\/#breadcrumb\"},\"inLanguage\":\"tr\",\"potentialAction\":[{\"@type\":\"ReadAction\",\"target\":[\"https:\\\/\\\/kuzeyinsesi.org\\\/index.php\\\/2024\\\/10\\\/04\\\/23uncu-zeytinlik-zeytin-festivali-suruyor\\\/\"]}]},{\"@type\":\"ImageObject\",\"inLanguage\":\"tr\",\"@id\":\"https:\\\/\\\/kuzeyinsesi.org\\\/index.php\\\/2024\\\/10\\\/04\\\/23uncu-zeytinlik-zeytin-festivali-suruyor\\\/#primaryimage\",\"url\":\"https:\\\/\\\/kuzeyinsesi.org\\\/wp-content\\\/uploads\\\/2024\\\/10\\\/zeytin-festivali-1-scaled.jpg\",\"contentUrl\":\"https:\\\/\\\/kuzeyinsesi.org\\\/wp-content\\\/uploads\\\/2024\\\/10\\\/zeytin-festivali-1-scaled.jpg\",\"width\":2560,\"height\":1711},{\"@type\":\"BreadcrumbList\",\"@id\":\"https:\\\/\\\/kuzeyinsesi.org\\\/index.php\\\/2024\\\/10\\\/04\\\/23uncu-zeytinlik-zeytin-festivali-suruyor\\\/#breadcrumb\",\"itemListElement\":[{\"@type\":\"ListItem\",\"position\":1,\"name\":\"Anasayfa\",\"item\":\"https:\\\/\\\/kuzeyinsesi.org\\\/\"},{\"@type\":\"ListItem\",\"position\":2,\"name\":\"23\u2019\u00fcnc\u00fc Zeytinlik Zeytin Festivali s\u00fcr\u00fcyor\"}]},{\"@type\":\"WebSite\",\"@id\":\"https:\\\/\\\/kuzeyinsesi.org\\\/#website\",\"url\":\"https:\\\/\\\/kuzeyinsesi.org\\\/\",\"name\":\"Kuzeyin Sesi\",\"description\":\"Do\u011fru Haberin Adresi\",\"potentialAction\":[{\"@type\":\"SearchAction\",\"target\":{\"@type\":\"EntryPoint\",\"urlTemplate\":\"https:\\\/\\\/kuzeyinsesi.org\\\/?s={search_term_string}\"},\"query-input\":{\"@type\":\"PropertyValueSpecification\",\"valueRequired\":true,\"valueName\":\"search_term_string\"}}],\"inLanguage\":\"tr\"},{\"@type\":\"Person\",\"@id\":\"https:\\\/\\\/kuzeyinsesi.org\\\/#\\\/schema\\\/person\\\/9f859689cdf01485597712386e37f5aa\",\"name\":\"Kuzeyin Sesi\",\"image\":{\"@type\":\"ImageObject\",\"inLanguage\":\"tr\",\"@id\":\"https:\\\/\\\/secure.gravatar.com\\\/avatar\\\/bab33852abfd8b282518d6ed81826833d77c3c882d9ab608add591ccace47a44?s=96&d=mm&r=g\",\"url\":\"https:\\\/\\\/secure.gravatar.com\\\/avatar\\\/bab33852abfd8b282518d6ed81826833d77c3c882d9ab608add591ccace47a44?s=96&d=mm&r=g\",\"contentUrl\":\"https:\\\/\\\/secure.gravatar.com\\\/avatar\\\/bab33852abfd8b282518d6ed81826833d77c3c882d9ab608add591ccace47a44?s=96&d=mm&r=g\",\"caption\":\"Kuzeyin Sesi\"},\"sameAs\":[\"https:\\\/\\\/kuzeyinsesi.org\"],\"url\":\"https:\\\/\\\/kuzeyinsesi.org\\\/index.php\\\/author\\\/guven\\\/\"}]}<\/script>\n<!-- \/ Yoast SEO plugin. -->","yoast_head_json":{"title":"23\u2019\u00fcnc\u00fc Zeytinlik Zeytin Festivali s\u00fcr\u00fcyor - Kuzeyin Sesi","robots":{"index":"index","follow":"follow","max-snippet":"max-snippet:-1","max-image-preview":"max-image-preview:large","max-video-preview":"max-video-preview:-1"},"canonical":"https:\/\/kuzeyinsesi.org\/index.php\/2024\/10\/04\/23uncu-zeytinlik-zeytin-festivali-suruyor\/","og_locale":"tr_TR","og_type":"article","og_title":"23\u2019\u00fcnc\u00fc Zeytinlik Zeytin Festivali s\u00fcr\u00fcyor - Kuzeyin Sesi","og_description":"\u00a0 Girne Belediyesi\u2019nin d\u00fczenledi\u011fi 23\u2019\u00fcnc\u00fc Uluslararas\u0131 Zeytinlik Zeytin Festivali s\u00fcr\u00fcyor. Belediyeden verilen bilgiye g\u00f6re, festivalin bug\u00fcnk\u00fc program\u0131 saat 17.00\u2019de \u2018\u00d6d\u00fcll\u00fc Bilardo Turnuvas\u0131\u2019 ile ba\u015flayacak. Girne Belediyesi Tenis Kortlar\u0131nda, Girne Belediyesi Tenis Turnuvas\u0131 yap\u0131lacak. HASDER\u2019in halk danslar\u0131 g\u00f6sterisi saat 18.30\u2019da k\u00f6y meydan\u0131nda olacak. Tango Siempre Tango g\u00f6sterisi saat 19.45\u2019te, Gavin Simons konseri saat 19:00\u2019da olacak. Cranberries [&hellip;]","og_url":"https:\/\/kuzeyinsesi.org\/index.php\/2024\/10\/04\/23uncu-zeytinlik-zeytin-festivali-suruyor\/","og_site_name":"Kuzeyin Sesi","article_publisher":"https:\/\/www.facebook.com\/kuzeyinsesii","article_published_time":"2024-10-04T09:53:19+00:00","og_image":[{"url":"https:\/\/brtk.net\/wp-content\/uploads\/2024\/10\/04\/zeytin-festivali-1--scaled.jpg?ver=ed395061aaa52c6e894daf253bc335cf","type":"","width":"","height":""}],"author":"Kuzeyin Sesi","twitter_card":"summary_large_image","twitter_creator":"@kuzeyinsesii","twitter_site":"@kuzeyinsesii","twitter_misc":{"Yazan:":"Kuzeyin Sesi","Tahmini okuma s\u00fcresi":"1 dakika"},"schema":{"@context":"https:\/\/schema.org","@graph":[{"@type":"Article","@id":"https:\/\/kuzeyinsesi.org\/index.php\/2024\/10\/04\/23uncu-zeytinlik-zeytin-festivali-suruyor\/#article","isPartOf":{"@id":"https:\/\/kuzeyinsesi.org\/index.php\/2024\/10\/04\/23uncu-zeytinlik-zeytin-festivali-suruyor\/"},"author":{"name":"Kuzeyin Sesi","@id":"https:\/\/kuzeyinsesi.org\/#\/schema\/person\/9f859689cdf01485597712386e37f5aa"},"headline":"23\u2019\u00fcnc\u00fc Zeytinlik Zeytin Festivali s\u00fcr\u00fcyor","datePublished":"2024-10-04T09:53:19+00:00","mainEntityOfPage":{"@id":"https:\/\/kuzeyinsesi.org\/index.php\/2024\/10\/04\/23uncu-zeytinlik-zeytin-festivali-suruyor\/"},"wordCount":197,"commentCount":0,"image":{"@id":"https:\/\/kuzeyinsesi.org\/index.php\/2024\/10\/04\/23uncu-zeytinlik-zeytin-festivali-suruyor\/#primaryimage"},"thumbnailUrl":"https:\/\/kuzeyinsesi.org\/wp-content\/uploads\/2024\/10\/zeytin-festivali-1-scaled.jpg","articleSection":["Ya\u015fam"],"inLanguage":"tr","potentialAction":[{"@type":"CommentAction","name":"Comment","target":["https:\/\/kuzeyinsesi.org\/index.php\/2024\/10\/04\/23uncu-zeytinlik-zeytin-festivali-suruyor\/#respond"]}]},{"@type":"WebPage","@id":"https:\/\/kuzeyinsesi.org\/index.php\/2024\/10\/04\/23uncu-zeytinlik-zeytin-festivali-suruyor\/","url":"https:\/\/kuzeyinsesi.org\/index.php\/2024\/10\/04\/23uncu-zeytinlik-zeytin-festivali-suruyor\/","name":"23\u2019\u00fcnc\u00fc Zeytinlik Zeytin Festivali s\u00fcr\u00fcyor - Kuzeyin Sesi","isPartOf":{"@id":"https:\/\/kuzeyinsesi.org\/#website"},"primaryImageOfPage":{"@id":"https:\/\/kuzeyinsesi.org\/index.php\/2024\/10\/04\/23uncu-zeytinlik-zeytin-festivali-suruyor\/#primaryimage"},"image":{"@id":"https:\/\/kuzeyinsesi.org\/index.php\/2024\/10\/04\/23uncu-zeytinlik-zeytin-festivali-suruyor\/#primaryimage"},"thumbnailUrl":"https:\/\/kuzeyinsesi.org\/wp-content\/uploads\/2024\/10\/zeytin-festivali-1-scaled.jpg","datePublished":"2024-10-04T09:53:19+00:00","author":{"@id":"https:\/\/kuzeyinsesi.org\/#\/schema\/person\/9f859689cdf01485597712386e37f5aa"},"breadcrumb":{"@id":"https:\/\/kuzeyinsesi.org\/index.php\/2024\/10\/04\/23uncu-zeytinlik-zeytin-festivali-suruyor\/#breadcrumb"},"inLanguage":"tr","potentialAction":[{"@type":"ReadAction","target":["https:\/\/kuzeyinsesi.org\/index.php\/2024\/10\/04\/23uncu-zeytinlik-zeytin-festivali-suruyor\/"]}]},{"@type":"ImageObject","inLanguage":"tr","@id":"https:\/\/kuzeyinsesi.org\/index.php\/2024\/10\/04\/23uncu-zeytinlik-zeytin-festivali-suruyor\/#primaryimage","url":"https:\/\/kuzeyinsesi.org\/wp-content\/uploads\/2024\/10\/zeytin-festivali-1-scaled.jpg","contentUrl":"https:\/\/kuzeyinsesi.org\/wp-content\/uploads\/2024\/10\/zeytin-festivali-1-scaled.jpg","width":2560,"height":1711},{"@type":"BreadcrumbList","@id":"https:\/\/kuzeyinsesi.org\/index.php\/2024\/10\/04\/23uncu-zeytinlik-zeytin-festivali-suruyor\/#breadcrumb","itemListElement":[{"@type":"ListItem","position":1,"name":"Anasayfa","item":"https:\/\/kuzeyinsesi.org\/"},{"@type":"ListItem","position":2,"name":"23\u2019\u00fcnc\u00fc Zeytinlik Zeytin Festivali s\u00fcr\u00fcyor"}]},{"@type":"WebSite","@id":"https:\/\/kuzeyinsesi.org\/#website","url":"https:\/\/kuzeyinsesi.org\/","name":"Kuzeyin Sesi","description":"Do\u011fru Haberin Adresi","potentialAction":[{"@type":"SearchAction","target":{"@type":"EntryPoint","urlTemplate":"https:\/\/kuzeyinsesi.org\/?s={search_term_string}"},"query-input":{"@type":"PropertyValueSpecification","valueRequired":true,"valueName":"search_term_string"}}],"inLanguage":"tr"},{"@type":"Person","@id":"https:\/\/kuzeyinsesi.org\/#\/schema\/person\/9f859689cdf01485597712386e37f5aa","name":"Kuzeyin Sesi","image":{"@type":"ImageObject","inLanguage":"tr","@id":"https:\/\/secure.gravatar.com\/avatar\/bab33852abfd8b282518d6ed81826833d77c3c882d9ab608add591ccace47a44?s=96&d=mm&r=g","url":"https:\/\/secure.gravatar.com\/avatar\/bab33852abfd8b282518d6ed81826833d77c3c882d9ab608add591ccace47a44?s=96&d=mm&r=g","contentUrl":"https:\/\/secure.gravatar.com\/avatar\/bab33852abfd8b282518d6ed81826833d77c3c882d9ab608add591ccace47a44?s=96&d=mm&r=g","caption":"Kuzeyin Sesi"},"sameAs":["https:\/\/kuzeyinsesi.org"],"url":"https:\/\/kuzeyinsesi.org\/index.php\/author\/guven\/"}]}},"_links":{"self":[{"href":"https:\/\/kuzeyinsesi.org\/index.php\/wp-json\/wp\/v2\/posts\/10925","targetHints":{"allow":["GET"]}}],"collection":[{"href":"https:\/\/kuzeyinsesi.org\/index.php\/wp-json\/wp\/v2\/posts"}],"about":[{"href":"https:\/\/kuzeyinsesi.org\/index.php\/wp-json\/wp\/v2\/types\/post"}],"author":[{"embeddable":true,"href":"https:\/\/kuzeyinsesi.org\/index.php\/wp-json\/wp\/v2\/users\/1"}],"replies":[{"embeddable":true,"href":"https:\/\/kuzeyinsesi.org\/index.php\/wp-json\/wp\/v2\/comments?post=10925"}],"version-history":[{"count":0,"href":"https:\/\/kuzeyinsesi.org\/index.php\/wp-json\/wp\/v2\/posts\/10925\/revisions"}],"wp:featuredmedia":[{"embeddable":true,"href":"https:\/\/kuzeyinsesi.org\/index.php\/wp-json\/wp\/v2\/media\/10926"}],"wp:attachment":[{"href":"https:\/\/kuzeyinsesi.org\/index.php\/wp-json\/wp\/v2\/media?parent=10925"}],"wp:term":[{"taxonomy":"category","embeddable":true,"href":"https:\/\/kuzeyinsesi.org\/index.php\/wp-json\/wp\/v2\/categories?post=10925"},{"taxonomy":"post_tag","embeddable":true,"href":"https:\/\/kuzeyinsesi.org\/index.php\/wp-json\/wp\/v2\/tags?post=10925"}],"curies":[{"name":"wp","href":"https:\/\/api.w.org\/{rel}","templated":true}]}}