{"id":10917,"date":"2024-10-04T11:52:40","date_gmt":"2024-10-04T08:52:40","guid":{"rendered":"https:\/\/kuzeyinsesi.org\/index.php\/2024\/10\/04\/lefkosa-fotomaraton-yarismasinin-sergisi-acildi-dereceye-girenler-odullerini-aldi\/"},"modified":"2024-10-04T11:52:40","modified_gmt":"2024-10-04T08:52:40","slug":"lefkosa-fotomaraton-yarismasinin-sergisi-acildi-dereceye-girenler-odullerini-aldi","status":"publish","type":"post","link":"https:\/\/kuzeyinsesi.org\/index.php\/2024\/10\/04\/lefkosa-fotomaraton-yarismasinin-sergisi-acildi-dereceye-girenler-odullerini-aldi\/","title":{"rendered":"Lefko\u015fa Fotomaraton Yar\u0131\u015fmas\u0131\u2019n\u0131n sergisi a\u00e7\u0131ld\u0131, dereceye girenler \u00f6d\u00fcllerini ald\u0131"},"content":{"rendered":"<div>\n<div class=\"mariselle-image-container center\">\n                                            <\/div>\n<p> 3\u2019\u00fcnc\u00fc Lefko\u015fa Fotomaraton Foto\u011fraf Yar\u0131\u015fmas\u0131\u2019n\u0131n \u00f6d\u00fcl t\u00f6reni ve sergi a\u00e7\u0131l\u0131\u015f\u0131 Merkez Lefko\u015fa\u2019da yap\u0131ld\u0131.  <\/p>\n<p>Birincilik \u00f6d\u00fcl\u00fc Veysi Canate\u015f\u2019in, ikincilik ve \u00fc\u00e7\u00fcnc\u00fcl\u00fck \u00f6d\u00fclleri Elena Hristoya\u2019n\u0131n olurken bu y\u0131l ilk kez verilen \u201cS\u00fcleyman Erg\u00fc\u00e7l\u00fc \u00d6zel \u00d6d\u00fcl\u00fc\u201dne Tevfik Ulual\u2019\u0131n eseri lay\u0131k g\u00f6r\u00fcld\u00fc.<\/p>\n<p>Lefko\u015fa T\u00fcrk Belediyesi (LTB) ile Y\u0131ltan Ta\u015f\u00e7\u0131 Akademi i\u015f birli\u011finde d\u00fczenlenen yar\u0131\u015fman\u0131n \u00f6d\u00fcl t\u00f6reninde konu\u015fmalar da yap\u0131ld\u0131.<\/p>\n<p><strong>-Harmanc\u0131: \u201cHaspolat\u2019taki ku\u015f pop\u00fclasyonu artacak ve \u00e7ok daha g\u00fczel foto\u011fraflar \u00e7ekilecek\u201d<\/strong><\/p>\n<p>Belediyeden yap\u0131lan a\u00e7\u0131klamaya g\u00f6re, LTB Ba\u015fkan\u0131 Mehmet Harmanc\u0131, etkinlikte yapt\u0131\u011f\u0131 konu\u015fmada Fotomaraton\u2019dan \u00e7\u0131kan foto\u011fraflar\u0131n LTB\u2019nin ar\u015fivine ve belle\u011fine b\u00fcy\u00fck bir zenginlik kataca\u011f\u0131n\u0131 ifade etti.<\/p>\n<p>Harmanc\u0131, bu organizasyonlar\u0131n art\u0131r\u0131larak devam etmesinden yana olduklar\u0131n\u0131 ve bir i\u015fin de\u011ferinin gelenekselle\u015fmeye ba\u015flad\u0131\u011f\u0131nda artt\u0131\u011f\u0131n\u0131 vurgulad\u0131.<\/p>\n<p>Haspolat Ar\u0131tma Tesisinde \u00e7ok g\u00fczel do\u011fa foto\u011fraflar\u0131 \u00e7ekildi\u011fini ve son zamanlarda LTB\u2019nin orada do\u011faya m\u00fcdahale etti\u011fi tart\u0131\u015fmas\u0131 yap\u0131ld\u0131\u011f\u0131n\u0131 hat\u0131rlatan Harmanc\u0131, bunun bir ileti\u015fimsizlikten kaynakland\u0131\u011f\u0131n\u0131 s\u00f6yleyerek \u015f\u00f6yle devam etti:<\/p>\n<p>\u201cBaz\u0131 yarg\u0131lara erken var\u0131lmas\u0131 sonucu ele\u015ftiri yap\u0131l\u0131yor. Oradaki havuzlar\u0131n hi\u00e7birinin rutininden ayr\u0131lma gibi bir durumu s\u00f6z konusu de\u011fildir. O alan\u0131n asl\u0131nda s\u0131k\u0131nt\u0131l\u0131 olan yerlerinin rehabilitasyonu yap\u0131l\u0131yor. Eski septik ar\u0131tma tesisi halen daha peynir alt\u0131 suyu, mezbaha kanlar\u0131 ve vidanj\u00f6r at\u0131klar\u0131n\u0131 kabul ediyordu. T\u00fcm bunlar oradaki do\u011fal ya\u015fam\u0131 yok eden noktalard\u0131. Bu proje ile birlikte art\u0131k eski tesise bunlar kabul edilmeyecek. Bunlar\u0131 oradan kald\u0131rmak \u00e7evreye yap\u0131lm\u0131\u015f en b\u00fcy\u00fck iyiliktir, en b\u00fcy\u00fck katk\u0131d\u0131r. Orada yap\u0131lan do\u011fal hayat\u0131 d\u00fcnden \u00e7ok daha zenginle\u015ftiren bir uygulamad\u0131r. B\u00f6lgedeki ku\u015f pop\u00fclasyonu artacak ve \u00e7ok daha g\u00fczel foto\u011fraflar \u00e7ekilecektir\u201d<\/p>\n<div class=\"mariselle-image-container center\">\n                <img decoding=\"async\" width=\"1600\" height=\"1267\" class=\"lazy-image\" alt=\"\" sizes=\"(max-width: 1600px) 100vw, 1600px\" src=\"https:\/\/brtk.net\/wp-content\/uploads\/2024\/10\/04\/qrqr.jpg?ver=e752e5ea1678f2e0985c4d893c709548\" srcset=\"https:\/\/brtk.net\/wp-content\/uploads\/2024\/10\/04\/qrqr.jpg?ver=e752e5ea1678f2e0985c4d893c709548 1600w, https:\/\/brtk.net\/wp-content\/uploads\/2024\/10\/04\/qrqr-300x238.jpg?ver=e752e5ea1678f2e0985c4d893c709548 300w, https:\/\/brtk.net\/wp-content\/uploads\/2024\/10\/04\/qrqr-1024x811.jpg?ver=24a7aafa772c06d94e8b87dbce721e8b 1024w, https:\/\/brtk.net\/wp-content\/uploads\/2024\/10\/04\/qrqr-768x608.jpg?ver=24a7aafa772c06d94e8b87dbce721e8b 768w, https:\/\/brtk.net\/wp-content\/uploads\/2024\/10\/04\/qrqr-1536x1216.jpg?ver=12378c43e1ea5450f571e48a00f5ffa0 1536w\"\/>                            <\/div>\n<p><strong>-Ta\u015f\u00e7\u0131: \u201cFotomaraton bir er meydan\u0131d\u0131r\u201d<\/strong><\/p>\n<p>Y\u0131ltan Ta\u015f\u00e7\u0131 Akademi Direkt\u00f6r\u00fc Y\u0131ltan Ta\u015f\u00e7\u0131, ise konu\u015fmas\u0131nda ge\u00e7mi\u015f y\u0131llarda Fotomaratonu \u201cer meydan\u0131\u201d olarak tan\u0131mlad\u0131\u011f\u0131n\u0131 an\u0131msatarak, bunun baz\u0131 ki\u015filer taraf\u0131ndan \u00e7ok iddial\u0131 bir s\u00f6z olarak de\u011ferlendirildi\u011fini an\u0131msatt\u0131.<\/p>\n<p>Photoshop program\u0131 kullanmadan 48 saat i\u00e7inde teknik bir \u00e7ekim yapman\u0131n kolay olmad\u0131\u011f\u0131n\u0131 belirten Ta\u015f\u00e7\u0131, er meydan\u0131 s\u00f6z\u00fcn\u00fcn arkas\u0131nda oldu\u011funu yineledi.<\/p>\n<p>Ele\u015ftirilere a\u00e7\u0131k olduklar\u0131n\u0131 ancak bunun yap\u0131c\u0131 olmas\u0131 gerekti\u011fini ifade eden Ta\u015f\u00e7\u0131, bu bak\u0131mdan ilk maratonun 8 saat olan s\u00fcresini ikinci ve \u00fc\u00e7\u00fcnc\u00fcde 48 saate \u00e7\u0131kard\u0131klar\u0131n\u0131, s\u00fcrece gece \u00e7ekimlerini de dahil ettiklerini belirtti.<\/p>\n<p>3. Fotomaratonda \u00f6nceki iki y\u0131la g\u00f6re daha nitelikli \u00e7ekimlerle kar\u015f\u0131la\u015ft\u0131klar\u0131n\u0131 ve j\u00fcrinin se\u00e7imlerde zorland\u0131\u011f\u0131n\u0131 dile getiren Ta\u015f\u00e7\u0131, LTB Ba\u015fkan\u0131 Mehmet Harmanc\u0131\u2019ya te\u015fekk\u00fcr ederek, sponsor olmalar\u0131 sayesinde bu organizasyonu ger\u00e7ekle\u015ftirdiklerini de s\u00f6zlerine ekledi.<\/p>\n<p><strong>-\u00d6d\u00fcller verildi, sergi a\u00e7\u0131ld\u0131<\/strong><\/p>\n<p>Konu\u015fmalar\u0131n ard\u0131ndan \u00f6d\u00fcl t\u00f6renine ge\u00e7ildi. Birincilik \u00f6d\u00fcl\u00fcn\u00fc alan Veysi Canate\u015f \u00f6d\u00fcl\u00fcn\u00fc LTB Ba\u015fkan\u0131 Mehmet Harmanc\u0131\u2019n\u0131n elinden al\u0131rken, ikinci ve \u00fc\u00e7\u00fcnc\u00fcl\u00fck \u00f6d\u00fcl\u00fcn\u00fc kazanan Elena Hristoya \u00f6d\u00fcllerini Y\u0131ltan Ta\u015f\u00e7\u0131 ve Merih Ako\u011ful\u2019dan ald\u0131.<\/p>\n<p>Bu y\u0131l verilen \u201cS\u00fcleyman Erg\u00fc\u00e7l\u00fc \u00d6zel \u00d6d\u00fcl\u00fc\u201dn\u00fcn sahibi olan Tevfik Ulual\u2019a bu \u00f6d\u00fcl\u00fc S\u00fcleyman Erg\u00fc\u00e7l\u00fc\u2019n\u00fcn o\u011flu Ziya Erg\u00fc\u00e7l\u00fc verdi. Fotomaraton sergisi Merkez Lefko\u015fa\u2019da 14 Ekim Pazartesi g\u00fcne kadar ziyaret edilebilecek.<\/p>\n<\/p><\/div>\n<p><script async\n                    defer\n                    crossorigin=\"anonymous\"\n                    src=\"https:\/\/connect.facebook.net\/tr_TR\/sdk.js#xfbml=1&#038;version=v3.3\"\n            ><\/script><\/p>\n","protected":false},"excerpt":{"rendered":"<p>3\u2019\u00fcnc\u00fc Lefko\u015fa Fotomaraton Foto\u011fraf Yar\u0131\u015fmas\u0131\u2019n\u0131n \u00f6d\u00fcl t\u00f6reni ve sergi a\u00e7\u0131l\u0131\u015f\u0131 Merkez Lefko\u015fa\u2019da yap\u0131ld\u0131. Birincilik \u00f6d\u00fcl\u00fc Veysi Canate\u015f\u2019in, ikincilik ve \u00fc\u00e7\u00fcnc\u00fcl\u00fck \u00f6d\u00fclleri Elena Hristoya\u2019n\u0131n olurken bu y\u0131l ilk kez verilen \u201cS\u00fcleyman Erg\u00fc\u00e7l\u00fc \u00d6zel \u00d6d\u00fcl\u00fc\u201dne Tevfik Ulual\u2019\u0131n eseri lay\u0131k g\u00f6r\u00fcld\u00fc. Lefko\u015fa T\u00fcrk Belediyesi (LTB) ile Y\u0131ltan Ta\u015f\u00e7\u0131 Akademi i\u015f birli\u011finde d\u00fczenlenen yar\u0131\u015fman\u0131n \u00f6d\u00fcl t\u00f6reninde konu\u015fmalar da yap\u0131ld\u0131. [&hellip;]<\/p>\n","protected":false},"author":1,"featured_media":10918,"comment_status":"open","ping_status":"open","sticky":false,"template":"","format":"standard","meta":{"jnews-multi-image_gallery":[],"jnews_single_post":[],"jnews_primary_category":[],"jnews_social_meta":[],"jnews_override_counter":[],"footnotes":""},"categories":[6],"tags":[],"class_list":["post-10917","post","type-post","status-publish","format-standard","has-post-thumbnail","hentry","category-yasam"],"yoast_head":"<!-- This site is optimized with the Yoast SEO plugin v27.4 - https:\/\/yoast.com\/product\/yoast-seo-wordpress\/ -->\n<title>Lefko\u015fa Fotomaraton Yar\u0131\u015fmas\u0131\u2019n\u0131n sergisi a\u00e7\u0131ld\u0131, dereceye girenler \u00f6d\u00fcllerini ald\u0131 - Kuzeyin Sesi<\/title>\n<meta name=\"robots\" content=\"index, follow, max-snippet:-1, max-image-preview:large, max-video-preview:-1\" \/>\n<link rel=\"canonical\" href=\"https:\/\/kuzeyinsesi.org\/index.php\/2024\/10\/04\/lefkosa-fotomaraton-yarismasinin-sergisi-acildi-dereceye-girenler-odullerini-aldi\/\" \/>\n<meta property=\"og:locale\" content=\"tr_TR\" \/>\n<meta property=\"og:type\" content=\"article\" \/>\n<meta property=\"og:title\" content=\"Lefko\u015fa Fotomaraton Yar\u0131\u015fmas\u0131\u2019n\u0131n sergisi a\u00e7\u0131ld\u0131, dereceye girenler \u00f6d\u00fcllerini ald\u0131 - Kuzeyin Sesi\" \/>\n<meta property=\"og:description\" content=\"3\u2019\u00fcnc\u00fc Lefko\u015fa Fotomaraton Foto\u011fraf Yar\u0131\u015fmas\u0131\u2019n\u0131n \u00f6d\u00fcl t\u00f6reni ve sergi a\u00e7\u0131l\u0131\u015f\u0131 Merkez Lefko\u015fa\u2019da yap\u0131ld\u0131. Birincilik \u00f6d\u00fcl\u00fc Veysi Canate\u015f\u2019in, ikincilik ve \u00fc\u00e7\u00fcnc\u00fcl\u00fck \u00f6d\u00fclleri Elena Hristoya\u2019n\u0131n olurken bu y\u0131l ilk kez verilen \u201cS\u00fcleyman Erg\u00fc\u00e7l\u00fc \u00d6zel \u00d6d\u00fcl\u00fc\u201dne Tevfik Ulual\u2019\u0131n eseri lay\u0131k g\u00f6r\u00fcld\u00fc. Lefko\u015fa T\u00fcrk Belediyesi (LTB) ile Y\u0131ltan Ta\u015f\u00e7\u0131 Akademi i\u015f birli\u011finde d\u00fczenlenen yar\u0131\u015fman\u0131n \u00f6d\u00fcl t\u00f6reninde konu\u015fmalar da yap\u0131ld\u0131. [&hellip;]\" \/>\n<meta property=\"og:url\" content=\"https:\/\/kuzeyinsesi.org\/index.php\/2024\/10\/04\/lefkosa-fotomaraton-yarismasinin-sergisi-acildi-dereceye-girenler-odullerini-aldi\/\" \/>\n<meta property=\"og:site_name\" content=\"Kuzeyin Sesi\" \/>\n<meta property=\"article:publisher\" content=\"https:\/\/www.facebook.com\/kuzeyinsesii\" \/>\n<meta property=\"article:published_time\" content=\"2024-10-04T08:52:40+00:00\" \/>\n<meta property=\"og:image\" content=\"https:\/\/brtk.net\/wp-content\/uploads\/2024\/10\/04\/1p4o1pg.jpg?ver=5aa6b9ddf56783650bfb6215ae63b8fd\" \/>\n<meta name=\"author\" content=\"Kuzeyin Sesi\" \/>\n<meta name=\"twitter:card\" content=\"summary_large_image\" \/>\n<meta name=\"twitter:creator\" content=\"@kuzeyinsesii\" \/>\n<meta name=\"twitter:site\" content=\"@kuzeyinsesii\" \/>\n<meta name=\"twitter:label1\" content=\"Yazan:\" \/>\n\t<meta name=\"twitter:data1\" content=\"Kuzeyin Sesi\" \/>\n\t<meta name=\"twitter:label2\" content=\"Tahmini okuma s\u00fcresi\" \/>\n\t<meta name=\"twitter:data2\" content=\"3 dakika\" \/>\n<script type=\"application\/ld+json\" class=\"yoast-schema-graph\">{\"@context\":\"https:\\\/\\\/schema.org\",\"@graph\":[{\"@type\":\"Article\",\"@id\":\"https:\\\/\\\/kuzeyinsesi.org\\\/index.php\\\/2024\\\/10\\\/04\\\/lefkosa-fotomaraton-yarismasinin-sergisi-acildi-dereceye-girenler-odullerini-aldi\\\/#article\",\"isPartOf\":{\"@id\":\"https:\\\/\\\/kuzeyinsesi.org\\\/index.php\\\/2024\\\/10\\\/04\\\/lefkosa-fotomaraton-yarismasinin-sergisi-acildi-dereceye-girenler-odullerini-aldi\\\/\"},\"author\":{\"name\":\"Kuzeyin Sesi\",\"@id\":\"https:\\\/\\\/kuzeyinsesi.org\\\/#\\\/schema\\\/person\\\/9f859689cdf01485597712386e37f5aa\"},\"headline\":\"Lefko\u015fa Fotomaraton Yar\u0131\u015fmas\u0131\u2019n\u0131n sergisi a\u00e7\u0131ld\u0131, dereceye girenler \u00f6d\u00fcllerini ald\u0131\",\"datePublished\":\"2024-10-04T08:52:40+00:00\",\"mainEntityOfPage\":{\"@id\":\"https:\\\/\\\/kuzeyinsesi.org\\\/index.php\\\/2024\\\/10\\\/04\\\/lefkosa-fotomaraton-yarismasinin-sergisi-acildi-dereceye-girenler-odullerini-aldi\\\/\"},\"wordCount\":635,\"commentCount\":0,\"image\":{\"@id\":\"https:\\\/\\\/kuzeyinsesi.org\\\/index.php\\\/2024\\\/10\\\/04\\\/lefkosa-fotomaraton-yarismasinin-sergisi-acildi-dereceye-girenler-odullerini-aldi\\\/#primaryimage\"},\"thumbnailUrl\":\"https:\\\/\\\/kuzeyinsesi.org\\\/wp-content\\\/uploads\\\/2024\\\/10\\\/1p4o1pg.jpg\",\"articleSection\":[\"Ya\u015fam\"],\"inLanguage\":\"tr\",\"potentialAction\":[{\"@type\":\"CommentAction\",\"name\":\"Comment\",\"target\":[\"https:\\\/\\\/kuzeyinsesi.org\\\/index.php\\\/2024\\\/10\\\/04\\\/lefkosa-fotomaraton-yarismasinin-sergisi-acildi-dereceye-girenler-odullerini-aldi\\\/#respond\"]}]},{\"@type\":\"WebPage\",\"@id\":\"https:\\\/\\\/kuzeyinsesi.org\\\/index.php\\\/2024\\\/10\\\/04\\\/lefkosa-fotomaraton-yarismasinin-sergisi-acildi-dereceye-girenler-odullerini-aldi\\\/\",\"url\":\"https:\\\/\\\/kuzeyinsesi.org\\\/index.php\\\/2024\\\/10\\\/04\\\/lefkosa-fotomaraton-yarismasinin-sergisi-acildi-dereceye-girenler-odullerini-aldi\\\/\",\"name\":\"Lefko\u015fa Fotomaraton Yar\u0131\u015fmas\u0131\u2019n\u0131n sergisi a\u00e7\u0131ld\u0131, dereceye girenler \u00f6d\u00fcllerini ald\u0131 - Kuzeyin Sesi\",\"isPartOf\":{\"@id\":\"https:\\\/\\\/kuzeyinsesi.org\\\/#website\"},\"primaryImageOfPage\":{\"@id\":\"https:\\\/\\\/kuzeyinsesi.org\\\/index.php\\\/2024\\\/10\\\/04\\\/lefkosa-fotomaraton-yarismasinin-sergisi-acildi-dereceye-girenler-odullerini-aldi\\\/#primaryimage\"},\"image\":{\"@id\":\"https:\\\/\\\/kuzeyinsesi.org\\\/index.php\\\/2024\\\/10\\\/04\\\/lefkosa-fotomaraton-yarismasinin-sergisi-acildi-dereceye-girenler-odullerini-aldi\\\/#primaryimage\"},\"thumbnailUrl\":\"https:\\\/\\\/kuzeyinsesi.org\\\/wp-content\\\/uploads\\\/2024\\\/10\\\/1p4o1pg.jpg\",\"datePublished\":\"2024-10-04T08:52:40+00:00\",\"author\":{\"@id\":\"https:\\\/\\\/kuzeyinsesi.org\\\/#\\\/schema\\\/person\\\/9f859689cdf01485597712386e37f5aa\"},\"breadcrumb\":{\"@id\":\"https:\\\/\\\/kuzeyinsesi.org\\\/index.php\\\/2024\\\/10\\\/04\\\/lefkosa-fotomaraton-yarismasinin-sergisi-acildi-dereceye-girenler-odullerini-aldi\\\/#breadcrumb\"},\"inLanguage\":\"tr\",\"potentialAction\":[{\"@type\":\"ReadAction\",\"target\":[\"https:\\\/\\\/kuzeyinsesi.org\\\/index.php\\\/2024\\\/10\\\/04\\\/lefkosa-fotomaraton-yarismasinin-sergisi-acildi-dereceye-girenler-odullerini-aldi\\\/\"]}]},{\"@type\":\"ImageObject\",\"inLanguage\":\"tr\",\"@id\":\"https:\\\/\\\/kuzeyinsesi.org\\\/index.php\\\/2024\\\/10\\\/04\\\/lefkosa-fotomaraton-yarismasinin-sergisi-acildi-dereceye-girenler-odullerini-aldi\\\/#primaryimage\",\"url\":\"https:\\\/\\\/kuzeyinsesi.org\\\/wp-content\\\/uploads\\\/2024\\\/10\\\/1p4o1pg.jpg\",\"contentUrl\":\"https:\\\/\\\/kuzeyinsesi.org\\\/wp-content\\\/uploads\\\/2024\\\/10\\\/1p4o1pg.jpg\",\"width\":1600,\"height\":649},{\"@type\":\"BreadcrumbList\",\"@id\":\"https:\\\/\\\/kuzeyinsesi.org\\\/index.php\\\/2024\\\/10\\\/04\\\/lefkosa-fotomaraton-yarismasinin-sergisi-acildi-dereceye-girenler-odullerini-aldi\\\/#breadcrumb\",\"itemListElement\":[{\"@type\":\"ListItem\",\"position\":1,\"name\":\"Anasayfa\",\"item\":\"https:\\\/\\\/kuzeyinsesi.org\\\/\"},{\"@type\":\"ListItem\",\"position\":2,\"name\":\"Lefko\u015fa Fotomaraton Yar\u0131\u015fmas\u0131\u2019n\u0131n sergisi a\u00e7\u0131ld\u0131, dereceye girenler \u00f6d\u00fcllerini ald\u0131\"}]},{\"@type\":\"WebSite\",\"@id\":\"https:\\\/\\\/kuzeyinsesi.org\\\/#website\",\"url\":\"https:\\\/\\\/kuzeyinsesi.org\\\/\",\"name\":\"Kuzeyin Sesi\",\"description\":\"Do\u011fru Haberin Adresi\",\"potentialAction\":[{\"@type\":\"SearchAction\",\"target\":{\"@type\":\"EntryPoint\",\"urlTemplate\":\"https:\\\/\\\/kuzeyinsesi.org\\\/?s={search_term_string}\"},\"query-input\":{\"@type\":\"PropertyValueSpecification\",\"valueRequired\":true,\"valueName\":\"search_term_string\"}}],\"inLanguage\":\"tr\"},{\"@type\":\"Person\",\"@id\":\"https:\\\/\\\/kuzeyinsesi.org\\\/#\\\/schema\\\/person\\\/9f859689cdf01485597712386e37f5aa\",\"name\":\"Kuzeyin Sesi\",\"image\":{\"@type\":\"ImageObject\",\"inLanguage\":\"tr\",\"@id\":\"https:\\\/\\\/secure.gravatar.com\\\/avatar\\\/bab33852abfd8b282518d6ed81826833d77c3c882d9ab608add591ccace47a44?s=96&d=mm&r=g\",\"url\":\"https:\\\/\\\/secure.gravatar.com\\\/avatar\\\/bab33852abfd8b282518d6ed81826833d77c3c882d9ab608add591ccace47a44?s=96&d=mm&r=g\",\"contentUrl\":\"https:\\\/\\\/secure.gravatar.com\\\/avatar\\\/bab33852abfd8b282518d6ed81826833d77c3c882d9ab608add591ccace47a44?s=96&d=mm&r=g\",\"caption\":\"Kuzeyin Sesi\"},\"sameAs\":[\"https:\\\/\\\/kuzeyinsesi.org\"],\"url\":\"https:\\\/\\\/kuzeyinsesi.org\\\/index.php\\\/author\\\/guven\\\/\"}]}<\/script>\n<!-- \/ Yoast SEO plugin. -->","yoast_head_json":{"title":"Lefko\u015fa Fotomaraton Yar\u0131\u015fmas\u0131\u2019n\u0131n sergisi a\u00e7\u0131ld\u0131, dereceye girenler \u00f6d\u00fcllerini ald\u0131 - Kuzeyin Sesi","robots":{"index":"index","follow":"follow","max-snippet":"max-snippet:-1","max-image-preview":"max-image-preview:large","max-video-preview":"max-video-preview:-1"},"canonical":"https:\/\/kuzeyinsesi.org\/index.php\/2024\/10\/04\/lefkosa-fotomaraton-yarismasinin-sergisi-acildi-dereceye-girenler-odullerini-aldi\/","og_locale":"tr_TR","og_type":"article","og_title":"Lefko\u015fa Fotomaraton Yar\u0131\u015fmas\u0131\u2019n\u0131n sergisi a\u00e7\u0131ld\u0131, dereceye girenler \u00f6d\u00fcllerini ald\u0131 - Kuzeyin Sesi","og_description":"3\u2019\u00fcnc\u00fc Lefko\u015fa Fotomaraton Foto\u011fraf Yar\u0131\u015fmas\u0131\u2019n\u0131n \u00f6d\u00fcl t\u00f6reni ve sergi a\u00e7\u0131l\u0131\u015f\u0131 Merkez Lefko\u015fa\u2019da yap\u0131ld\u0131. Birincilik \u00f6d\u00fcl\u00fc Veysi Canate\u015f\u2019in, ikincilik ve \u00fc\u00e7\u00fcnc\u00fcl\u00fck \u00f6d\u00fclleri Elena Hristoya\u2019n\u0131n olurken bu y\u0131l ilk kez verilen \u201cS\u00fcleyman Erg\u00fc\u00e7l\u00fc \u00d6zel \u00d6d\u00fcl\u00fc\u201dne Tevfik Ulual\u2019\u0131n eseri lay\u0131k g\u00f6r\u00fcld\u00fc. Lefko\u015fa T\u00fcrk Belediyesi (LTB) ile Y\u0131ltan Ta\u015f\u00e7\u0131 Akademi i\u015f birli\u011finde d\u00fczenlenen yar\u0131\u015fman\u0131n \u00f6d\u00fcl t\u00f6reninde konu\u015fmalar da yap\u0131ld\u0131. [&hellip;]","og_url":"https:\/\/kuzeyinsesi.org\/index.php\/2024\/10\/04\/lefkosa-fotomaraton-yarismasinin-sergisi-acildi-dereceye-girenler-odullerini-aldi\/","og_site_name":"Kuzeyin Sesi","article_publisher":"https:\/\/www.facebook.com\/kuzeyinsesii","article_published_time":"2024-10-04T08:52:40+00:00","og_image":[{"url":"https:\/\/brtk.net\/wp-content\/uploads\/2024\/10\/04\/1p4o1pg.jpg?ver=5aa6b9ddf56783650bfb6215ae63b8fd","type":"","width":"","height":""}],"author":"Kuzeyin Sesi","twitter_card":"summary_large_image","twitter_creator":"@kuzeyinsesii","twitter_site":"@kuzeyinsesii","twitter_misc":{"Yazan:":"Kuzeyin Sesi","Tahmini okuma s\u00fcresi":"3 dakika"},"schema":{"@context":"https:\/\/schema.org","@graph":[{"@type":"Article","@id":"https:\/\/kuzeyinsesi.org\/index.php\/2024\/10\/04\/lefkosa-fotomaraton-yarismasinin-sergisi-acildi-dereceye-girenler-odullerini-aldi\/#article","isPartOf":{"@id":"https:\/\/kuzeyinsesi.org\/index.php\/2024\/10\/04\/lefkosa-fotomaraton-yarismasinin-sergisi-acildi-dereceye-girenler-odullerini-aldi\/"},"author":{"name":"Kuzeyin Sesi","@id":"https:\/\/kuzeyinsesi.org\/#\/schema\/person\/9f859689cdf01485597712386e37f5aa"},"headline":"Lefko\u015fa Fotomaraton Yar\u0131\u015fmas\u0131\u2019n\u0131n sergisi a\u00e7\u0131ld\u0131, dereceye girenler \u00f6d\u00fcllerini ald\u0131","datePublished":"2024-10-04T08:52:40+00:00","mainEntityOfPage":{"@id":"https:\/\/kuzeyinsesi.org\/index.php\/2024\/10\/04\/lefkosa-fotomaraton-yarismasinin-sergisi-acildi-dereceye-girenler-odullerini-aldi\/"},"wordCount":635,"commentCount":0,"image":{"@id":"https:\/\/kuzeyinsesi.org\/index.php\/2024\/10\/04\/lefkosa-fotomaraton-yarismasinin-sergisi-acildi-dereceye-girenler-odullerini-aldi\/#primaryimage"},"thumbnailUrl":"https:\/\/kuzeyinsesi.org\/wp-content\/uploads\/2024\/10\/1p4o1pg.jpg","articleSection":["Ya\u015fam"],"inLanguage":"tr","potentialAction":[{"@type":"CommentAction","name":"Comment","target":["https:\/\/kuzeyinsesi.org\/index.php\/2024\/10\/04\/lefkosa-fotomaraton-yarismasinin-sergisi-acildi-dereceye-girenler-odullerini-aldi\/#respond"]}]},{"@type":"WebPage","@id":"https:\/\/kuzeyinsesi.org\/index.php\/2024\/10\/04\/lefkosa-fotomaraton-yarismasinin-sergisi-acildi-dereceye-girenler-odullerini-aldi\/","url":"https:\/\/kuzeyinsesi.org\/index.php\/2024\/10\/04\/lefkosa-fotomaraton-yarismasinin-sergisi-acildi-dereceye-girenler-odullerini-aldi\/","name":"Lefko\u015fa Fotomaraton Yar\u0131\u015fmas\u0131\u2019n\u0131n sergisi a\u00e7\u0131ld\u0131, dereceye girenler \u00f6d\u00fcllerini ald\u0131 - Kuzeyin Sesi","isPartOf":{"@id":"https:\/\/kuzeyinsesi.org\/#website"},"primaryImageOfPage":{"@id":"https:\/\/kuzeyinsesi.org\/index.php\/2024\/10\/04\/lefkosa-fotomaraton-yarismasinin-sergisi-acildi-dereceye-girenler-odullerini-aldi\/#primaryimage"},"image":{"@id":"https:\/\/kuzeyinsesi.org\/index.php\/2024\/10\/04\/lefkosa-fotomaraton-yarismasinin-sergisi-acildi-dereceye-girenler-odullerini-aldi\/#primaryimage"},"thumbnailUrl":"https:\/\/kuzeyinsesi.org\/wp-content\/uploads\/2024\/10\/1p4o1pg.jpg","datePublished":"2024-10-04T08:52:40+00:00","author":{"@id":"https:\/\/kuzeyinsesi.org\/#\/schema\/person\/9f859689cdf01485597712386e37f5aa"},"breadcrumb":{"@id":"https:\/\/kuzeyinsesi.org\/index.php\/2024\/10\/04\/lefkosa-fotomaraton-yarismasinin-sergisi-acildi-dereceye-girenler-odullerini-aldi\/#breadcrumb"},"inLanguage":"tr","potentialAction":[{"@type":"ReadAction","target":["https:\/\/kuzeyinsesi.org\/index.php\/2024\/10\/04\/lefkosa-fotomaraton-yarismasinin-sergisi-acildi-dereceye-girenler-odullerini-aldi\/"]}]},{"@type":"ImageObject","inLanguage":"tr","@id":"https:\/\/kuzeyinsesi.org\/index.php\/2024\/10\/04\/lefkosa-fotomaraton-yarismasinin-sergisi-acildi-dereceye-girenler-odullerini-aldi\/#primaryimage","url":"https:\/\/kuzeyinsesi.org\/wp-content\/uploads\/2024\/10\/1p4o1pg.jpg","contentUrl":"https:\/\/kuzeyinsesi.org\/wp-content\/uploads\/2024\/10\/1p4o1pg.jpg","width":1600,"height":649},{"@type":"BreadcrumbList","@id":"https:\/\/kuzeyinsesi.org\/index.php\/2024\/10\/04\/lefkosa-fotomaraton-yarismasinin-sergisi-acildi-dereceye-girenler-odullerini-aldi\/#breadcrumb","itemListElement":[{"@type":"ListItem","position":1,"name":"Anasayfa","item":"https:\/\/kuzeyinsesi.org\/"},{"@type":"ListItem","position":2,"name":"Lefko\u015fa Fotomaraton Yar\u0131\u015fmas\u0131\u2019n\u0131n sergisi a\u00e7\u0131ld\u0131, dereceye girenler \u00f6d\u00fcllerini ald\u0131"}]},{"@type":"WebSite","@id":"https:\/\/kuzeyinsesi.org\/#website","url":"https:\/\/kuzeyinsesi.org\/","name":"Kuzeyin Sesi","description":"Do\u011fru Haberin Adresi","potentialAction":[{"@type":"SearchAction","target":{"@type":"EntryPoint","urlTemplate":"https:\/\/kuzeyinsesi.org\/?s={search_term_string}"},"query-input":{"@type":"PropertyValueSpecification","valueRequired":true,"valueName":"search_term_string"}}],"inLanguage":"tr"},{"@type":"Person","@id":"https:\/\/kuzeyinsesi.org\/#\/schema\/person\/9f859689cdf01485597712386e37f5aa","name":"Kuzeyin Sesi","image":{"@type":"ImageObject","inLanguage":"tr","@id":"https:\/\/secure.gravatar.com\/avatar\/bab33852abfd8b282518d6ed81826833d77c3c882d9ab608add591ccace47a44?s=96&d=mm&r=g","url":"https:\/\/secure.gravatar.com\/avatar\/bab33852abfd8b282518d6ed81826833d77c3c882d9ab608add591ccace47a44?s=96&d=mm&r=g","contentUrl":"https:\/\/secure.gravatar.com\/avatar\/bab33852abfd8b282518d6ed81826833d77c3c882d9ab608add591ccace47a44?s=96&d=mm&r=g","caption":"Kuzeyin Sesi"},"sameAs":["https:\/\/kuzeyinsesi.org"],"url":"https:\/\/kuzeyinsesi.org\/index.php\/author\/guven\/"}]}},"_links":{"self":[{"href":"https:\/\/kuzeyinsesi.org\/index.php\/wp-json\/wp\/v2\/posts\/10917","targetHints":{"allow":["GET"]}}],"collection":[{"href":"https:\/\/kuzeyinsesi.org\/index.php\/wp-json\/wp\/v2\/posts"}],"about":[{"href":"https:\/\/kuzeyinsesi.org\/index.php\/wp-json\/wp\/v2\/types\/post"}],"author":[{"embeddable":true,"href":"https:\/\/kuzeyinsesi.org\/index.php\/wp-json\/wp\/v2\/users\/1"}],"replies":[{"embeddable":true,"href":"https:\/\/kuzeyinsesi.org\/index.php\/wp-json\/wp\/v2\/comments?post=10917"}],"version-history":[{"count":0,"href":"https:\/\/kuzeyinsesi.org\/index.php\/wp-json\/wp\/v2\/posts\/10917\/revisions"}],"wp:featuredmedia":[{"embeddable":true,"href":"https:\/\/kuzeyinsesi.org\/index.php\/wp-json\/wp\/v2\/media\/10918"}],"wp:attachment":[{"href":"https:\/\/kuzeyinsesi.org\/index.php\/wp-json\/wp\/v2\/media?parent=10917"}],"wp:term":[{"taxonomy":"category","embeddable":true,"href":"https:\/\/kuzeyinsesi.org\/index.php\/wp-json\/wp\/v2\/categories?post=10917"},{"taxonomy":"post_tag","embeddable":true,"href":"https:\/\/kuzeyinsesi.org\/index.php\/wp-json\/wp\/v2\/tags?post=10917"}],"curies":[{"name":"wp","href":"https:\/\/api.w.org\/{rel}","templated":true}]}}