{"id":10905,"date":"2024-10-03T22:22:49","date_gmt":"2024-10-03T19:22:49","guid":{"rendered":"https:\/\/kuzeyinsesi.org\/index.php\/2024\/10\/03\/gazimagusa-belediyesi-ile-biz-bafliyiz-inisiyatifinden-sergi-ve-sahne-gosterisi\/"},"modified":"2024-10-03T22:22:49","modified_gmt":"2024-10-03T19:22:49","slug":"gazimagusa-belediyesi-ile-biz-bafliyiz-inisiyatifinden-sergi-ve-sahne-gosterisi","status":"publish","type":"post","link":"https:\/\/kuzeyinsesi.org\/index.php\/2024\/10\/03\/gazimagusa-belediyesi-ile-biz-bafliyiz-inisiyatifinden-sergi-ve-sahne-gosterisi\/","title":{"rendered":"Gazima\u011fusa Belediyesi ile Biz Bafl\u0131y\u0131z \u0130nisiyatifi\u2019nden sergi ve sahne g\u00f6sterisi"},"content":{"rendered":"<div>\n<div class=\"mariselle-image-container center\">\n                                            <\/div>\n<p>Gazima\u011fusa Belediyesi ile Biz Bafl\u0131y\u0131z \u0130nisiyatifi, K\u00fclt\u00fcrel Baf Geceleri kapsam\u0131nda \u201cAli Atakan ve Bafl\u0131 \u00d6\u011frencilerinin Resim Sergisi\u201d ve \u201cK\u00fclt\u00fcrel Baf Gecesi\u201d d\u00fczenlenecek.<\/p>\n<p>Gazima\u011fusa Belediyesi\u2019nden verilen bilgiye g\u00f6re, Gazima\u011fusa Belediyesi Ba\u015fkan\u0131 S\u00fcleyman Ulu\u00e7ay ve Biz Bafl\u0131y\u0131z \u0130nisiyatifi \u00dcyeleri bas\u0131n toplant\u0131s\u0131nda etkinlik hakk\u0131nda bilgi verdi.<\/p>\n<p>Bafl\u0131 Ressam Ali Atakan an\u0131s\u0131na, Bandabuliya\u2019da yer alacak, Ali Atakan ve Bafl\u0131 \u00f6\u011frencilerinin resim sergisi 5-8 Ekim\u2019de ziyarete a\u00e7\u0131k olacak. Serginin a\u00e7\u0131l\u0131\u015f\u0131, 5 Ekim Cumartesi saat 18:00\u2019da olacak.<\/p>\n<p>K\u00fclt\u00fcrel Baf Gecesi ise 6 Ekim Pazar Nam\u0131k Kemal Meydan\u0131nda yer alacak. Saat 17:00\u2019da ba\u015flayacak olan etkinlikte Grup Otantik, K\u0131br\u0131s Havalar\u0131 Derne\u011fi ve Gazima\u011fusa Belediyesi Halk Danslar\u0131 Toplulu\u011fu sahne alacak, Ercan Saymen ile Zalihe Susuzlu\u2019nun parodileri ve A\u011f\u0131r Adamlar\u0131n eski K\u0131br\u0131s oyunlar\u0131 g\u00f6sterisi sahnelenecek.<\/p>\n<p>Gazima\u011fusa Belediye Ba\u015fkan\u0131 Dr. S\u00fcleyman Ulu\u00e7ay bas\u0131n toplant\u0131s\u0131nda yapt\u0131\u011f\u0131 konu\u015fmada, K\u0131br\u0131s k\u00fclt\u00fcr\u00fcn\u00fcn giderek unutuldu\u011fu bir d\u00f6nemde Bafl\u0131lar\u0131n k\u00fclt\u00fcr\u00fcne sahip \u00e7\u0131kt\u0131\u011f\u0131n\u0131 bunun gururu verici oldu\u011funu s\u00f6yledi.<\/p>\n<p>Ulu\u00e7ay, etkinlikte Ali Atakan gibi de\u011ferlerin hat\u0131rlaman\u0131n  \u00f6nemli oldu\u011funu belirtti ve \u0130nisiyatif \u00fcyelerine te\u015fekk\u00fcr etti.<\/p>\n<p>Biz Bafl\u0131y\u0131z \u0130nisiyatifi \u00dcyesi Y\u0131lmaz \u00d6zt\u00fcrk ise Ba\u015fkan Ulu\u00e7ay\u2019a etkinlik i\u00e7in verdi\u011fi destekten dolay\u0131 te\u015fekk\u00fcr etti.<\/p>\n<p>Ali Atakan\u2019\u0131n resmi \u00f6\u011frencilere sevdiren, \u00f6ld\u00fc\u011f\u00fc zamana kadar elinden f\u0131r\u00e7as\u0131 d\u00fc\u015fmeyen bir ressam oldu\u011funu belirten \u00d6zt\u00fcrk, Nam\u0131k Kemal\u2019 Lisesi\u2019nde de de\u011ferli \u00f6\u011frenciler yeti\u015ftirdi\u011fini, etkinli\u011fin isim babas\u0131n\u0131n \u00dcmit \u0130nat\u00e7\u0131 oldu\u011funu s\u00f6yledi.<\/p>\n<p>\u00d6zt\u00fcrk, Gazima\u011fusa Belediyesi\u2019nin yan\u0131nda Girne, Dikmen, Mesarya, De\u011firmenlik- Ak\u0131nc\u0131lar, G\u00fczelyurt, Lapta- Alsancak \u00c7aml\u0131bel Belediyelerinin organizasyona destek verdi\u011fini, Ba\u015fkan Ulu\u00e7ay ile birlikte etkinli\u011fin gelenekselle\u015fmesini istediklerini s\u00f6yledi.<\/p>\n<p>\u0130nisiyatif \u00dcyesi Halil Onba\u015f\u0131 da, Baf\u2019\u0131n k\u00fclt\u00fcrel olarak K\u0131br\u0131s\u2019\u0131n ana damar\u0131 oldu\u011funu, 1974 sonras\u0131 en fazla da\u011f\u0131lan halk oldu\u011funu, Bafl\u0131lar\u0131n 1974 \u00f6ncesi dayan\u0131\u015fma i\u00e7inde ya\u015fama k\u00fclt\u00fcr\u00fcn\u00fcn oldu\u011funu, bir Bafl\u0131\u2019n\u0131n nerelisin sorusuna Bafl\u0131y\u0131m diye cevap verdi\u011fini kald\u0131\u011f\u0131 k\u00f6y\u00fcn\u00fc daha sonra s\u00f6yledi\u011fini aktard\u0131. Yeni nesillere bu k\u00fclt\u00fcr\u00fc aktarmak istediklerini s\u00f6yleyen Onba\u015f\u0131, g\u00fcne\u015fin bat\u0131\u015f\u0131n\u0131n Baf\u2019ta, farkl\u0131 olarak \u201cg\u00fcne\u015f denize kavu\u015ftu\u201d diye s\u00f6ylendi\u011fini ifade etti.<\/p>\n<\/p><\/div>\n<p><script async\n                    defer\n                    crossorigin=\"anonymous\"\n                    src=\"https:\/\/connect.facebook.net\/tr_TR\/sdk.js#xfbml=1&#038;version=v3.3\"\n            ><\/script><\/p>\n","protected":false},"excerpt":{"rendered":"<p>Gazima\u011fusa Belediyesi ile Biz Bafl\u0131y\u0131z \u0130nisiyatifi, K\u00fclt\u00fcrel Baf Geceleri kapsam\u0131nda \u201cAli Atakan ve Bafl\u0131 \u00d6\u011frencilerinin Resim Sergisi\u201d ve \u201cK\u00fclt\u00fcrel Baf Gecesi\u201d d\u00fczenlenecek. Gazima\u011fusa Belediyesi\u2019nden verilen bilgiye g\u00f6re, Gazima\u011fusa Belediyesi Ba\u015fkan\u0131 S\u00fcleyman Ulu\u00e7ay ve Biz Bafl\u0131y\u0131z \u0130nisiyatifi \u00dcyeleri bas\u0131n toplant\u0131s\u0131nda etkinlik hakk\u0131nda bilgi verdi. Bafl\u0131 Ressam Ali Atakan an\u0131s\u0131na, Bandabuliya\u2019da yer alacak, Ali Atakan ve Bafl\u0131 [&hellip;]<\/p>\n","protected":false},"author":1,"featured_media":10906,"comment_status":"open","ping_status":"open","sticky":false,"template":"","format":"standard","meta":{"jnews-multi-image_gallery":[],"jnews_single_post":[],"jnews_primary_category":[],"jnews_social_meta":[],"jnews_override_counter":[],"footnotes":""},"categories":[6],"tags":[],"class_list":["post-10905","post","type-post","status-publish","format-standard","has-post-thumbnail","hentry","category-yasam"],"yoast_head":"<!-- This site is optimized with the Yoast SEO plugin v27.4 - https:\/\/yoast.com\/product\/yoast-seo-wordpress\/ -->\n<title>Gazima\u011fusa Belediyesi ile Biz Bafl\u0131y\u0131z \u0130nisiyatifi\u2019nden sergi ve sahne g\u00f6sterisi - Kuzeyin Sesi<\/title>\n<meta name=\"robots\" content=\"index, follow, max-snippet:-1, max-image-preview:large, max-video-preview:-1\" \/>\n<link rel=\"canonical\" href=\"https:\/\/kuzeyinsesi.org\/index.php\/2024\/10\/03\/gazimagusa-belediyesi-ile-biz-bafliyiz-inisiyatifinden-sergi-ve-sahne-gosterisi\/\" \/>\n<meta property=\"og:locale\" content=\"tr_TR\" \/>\n<meta property=\"og:type\" content=\"article\" \/>\n<meta property=\"og:title\" content=\"Gazima\u011fusa Belediyesi ile Biz Bafl\u0131y\u0131z \u0130nisiyatifi\u2019nden sergi ve sahne g\u00f6sterisi - Kuzeyin Sesi\" \/>\n<meta property=\"og:description\" content=\"Gazima\u011fusa Belediyesi ile Biz Bafl\u0131y\u0131z \u0130nisiyatifi, K\u00fclt\u00fcrel Baf Geceleri kapsam\u0131nda \u201cAli Atakan ve Bafl\u0131 \u00d6\u011frencilerinin Resim Sergisi\u201d ve \u201cK\u00fclt\u00fcrel Baf Gecesi\u201d d\u00fczenlenecek. Gazima\u011fusa Belediyesi\u2019nden verilen bilgiye g\u00f6re, Gazima\u011fusa Belediyesi Ba\u015fkan\u0131 S\u00fcleyman Ulu\u00e7ay ve Biz Bafl\u0131y\u0131z \u0130nisiyatifi \u00dcyeleri bas\u0131n toplant\u0131s\u0131nda etkinlik hakk\u0131nda bilgi verdi. Bafl\u0131 Ressam Ali Atakan an\u0131s\u0131na, Bandabuliya\u2019da yer alacak, Ali Atakan ve Bafl\u0131 [&hellip;]\" \/>\n<meta property=\"og:url\" content=\"https:\/\/kuzeyinsesi.org\/index.php\/2024\/10\/03\/gazimagusa-belediyesi-ile-biz-bafliyiz-inisiyatifinden-sergi-ve-sahne-gosterisi\/\" \/>\n<meta property=\"og:site_name\" content=\"Kuzeyin Sesi\" \/>\n<meta property=\"article:publisher\" content=\"https:\/\/www.facebook.com\/kuzeyinsesii\" \/>\n<meta property=\"article:published_time\" content=\"2024-10-03T19:22:49+00:00\" \/>\n<meta property=\"og:image\" content=\"https:\/\/brtk.net\/wp-content\/uploads\/2024\/10\/03\/kulturel-baf-geceleri-1--scaled.jpeg?ver=6168c177e4b5953fb48e21e710b9236b\" \/>\n<meta name=\"author\" content=\"Kuzeyin Sesi\" \/>\n<meta name=\"twitter:card\" content=\"summary_large_image\" \/>\n<meta name=\"twitter:creator\" content=\"@kuzeyinsesii\" \/>\n<meta name=\"twitter:site\" content=\"@kuzeyinsesii\" \/>\n<meta name=\"twitter:label1\" content=\"Yazan:\" \/>\n\t<meta name=\"twitter:data1\" content=\"Kuzeyin Sesi\" \/>\n\t<meta name=\"twitter:label2\" content=\"Tahmini okuma s\u00fcresi\" \/>\n\t<meta name=\"twitter:data2\" content=\"2 dakika\" \/>\n<script type=\"application\/ld+json\" class=\"yoast-schema-graph\">{\"@context\":\"https:\\\/\\\/schema.org\",\"@graph\":[{\"@type\":\"Article\",\"@id\":\"https:\\\/\\\/kuzeyinsesi.org\\\/index.php\\\/2024\\\/10\\\/03\\\/gazimagusa-belediyesi-ile-biz-bafliyiz-inisiyatifinden-sergi-ve-sahne-gosterisi\\\/#article\",\"isPartOf\":{\"@id\":\"https:\\\/\\\/kuzeyinsesi.org\\\/index.php\\\/2024\\\/10\\\/03\\\/gazimagusa-belediyesi-ile-biz-bafliyiz-inisiyatifinden-sergi-ve-sahne-gosterisi\\\/\"},\"author\":{\"name\":\"Kuzeyin Sesi\",\"@id\":\"https:\\\/\\\/kuzeyinsesi.org\\\/#\\\/schema\\\/person\\\/9f859689cdf01485597712386e37f5aa\"},\"headline\":\"Gazima\u011fusa Belediyesi ile Biz Bafl\u0131y\u0131z \u0130nisiyatifi\u2019nden sergi ve sahne g\u00f6sterisi\",\"datePublished\":\"2024-10-03T19:22:49+00:00\",\"mainEntityOfPage\":{\"@id\":\"https:\\\/\\\/kuzeyinsesi.org\\\/index.php\\\/2024\\\/10\\\/03\\\/gazimagusa-belediyesi-ile-biz-bafliyiz-inisiyatifinden-sergi-ve-sahne-gosterisi\\\/\"},\"wordCount\":455,\"commentCount\":0,\"image\":{\"@id\":\"https:\\\/\\\/kuzeyinsesi.org\\\/index.php\\\/2024\\\/10\\\/03\\\/gazimagusa-belediyesi-ile-biz-bafliyiz-inisiyatifinden-sergi-ve-sahne-gosterisi\\\/#primaryimage\"},\"thumbnailUrl\":\"https:\\\/\\\/kuzeyinsesi.org\\\/wp-content\\\/uploads\\\/2024\\\/10\\\/kulturel-baf-geceleri-1-scaled.jpeg\",\"articleSection\":[\"Ya\u015fam\"],\"inLanguage\":\"tr\",\"potentialAction\":[{\"@type\":\"CommentAction\",\"name\":\"Comment\",\"target\":[\"https:\\\/\\\/kuzeyinsesi.org\\\/index.php\\\/2024\\\/10\\\/03\\\/gazimagusa-belediyesi-ile-biz-bafliyiz-inisiyatifinden-sergi-ve-sahne-gosterisi\\\/#respond\"]}]},{\"@type\":\"WebPage\",\"@id\":\"https:\\\/\\\/kuzeyinsesi.org\\\/index.php\\\/2024\\\/10\\\/03\\\/gazimagusa-belediyesi-ile-biz-bafliyiz-inisiyatifinden-sergi-ve-sahne-gosterisi\\\/\",\"url\":\"https:\\\/\\\/kuzeyinsesi.org\\\/index.php\\\/2024\\\/10\\\/03\\\/gazimagusa-belediyesi-ile-biz-bafliyiz-inisiyatifinden-sergi-ve-sahne-gosterisi\\\/\",\"name\":\"Gazima\u011fusa Belediyesi ile Biz Bafl\u0131y\u0131z \u0130nisiyatifi\u2019nden sergi ve sahne g\u00f6sterisi - Kuzeyin Sesi\",\"isPartOf\":{\"@id\":\"https:\\\/\\\/kuzeyinsesi.org\\\/#website\"},\"primaryImageOfPage\":{\"@id\":\"https:\\\/\\\/kuzeyinsesi.org\\\/index.php\\\/2024\\\/10\\\/03\\\/gazimagusa-belediyesi-ile-biz-bafliyiz-inisiyatifinden-sergi-ve-sahne-gosterisi\\\/#primaryimage\"},\"image\":{\"@id\":\"https:\\\/\\\/kuzeyinsesi.org\\\/index.php\\\/2024\\\/10\\\/03\\\/gazimagusa-belediyesi-ile-biz-bafliyiz-inisiyatifinden-sergi-ve-sahne-gosterisi\\\/#primaryimage\"},\"thumbnailUrl\":\"https:\\\/\\\/kuzeyinsesi.org\\\/wp-content\\\/uploads\\\/2024\\\/10\\\/kulturel-baf-geceleri-1-scaled.jpeg\",\"datePublished\":\"2024-10-03T19:22:49+00:00\",\"author\":{\"@id\":\"https:\\\/\\\/kuzeyinsesi.org\\\/#\\\/schema\\\/person\\\/9f859689cdf01485597712386e37f5aa\"},\"breadcrumb\":{\"@id\":\"https:\\\/\\\/kuzeyinsesi.org\\\/index.php\\\/2024\\\/10\\\/03\\\/gazimagusa-belediyesi-ile-biz-bafliyiz-inisiyatifinden-sergi-ve-sahne-gosterisi\\\/#breadcrumb\"},\"inLanguage\":\"tr\",\"potentialAction\":[{\"@type\":\"ReadAction\",\"target\":[\"https:\\\/\\\/kuzeyinsesi.org\\\/index.php\\\/2024\\\/10\\\/03\\\/gazimagusa-belediyesi-ile-biz-bafliyiz-inisiyatifinden-sergi-ve-sahne-gosterisi\\\/\"]}]},{\"@type\":\"ImageObject\",\"inLanguage\":\"tr\",\"@id\":\"https:\\\/\\\/kuzeyinsesi.org\\\/index.php\\\/2024\\\/10\\\/03\\\/gazimagusa-belediyesi-ile-biz-bafliyiz-inisiyatifinden-sergi-ve-sahne-gosterisi\\\/#primaryimage\",\"url\":\"https:\\\/\\\/kuzeyinsesi.org\\\/wp-content\\\/uploads\\\/2024\\\/10\\\/kulturel-baf-geceleri-1-scaled.jpeg\",\"contentUrl\":\"https:\\\/\\\/kuzeyinsesi.org\\\/wp-content\\\/uploads\\\/2024\\\/10\\\/kulturel-baf-geceleri-1-scaled.jpeg\",\"width\":2560,\"height\":1440},{\"@type\":\"BreadcrumbList\",\"@id\":\"https:\\\/\\\/kuzeyinsesi.org\\\/index.php\\\/2024\\\/10\\\/03\\\/gazimagusa-belediyesi-ile-biz-bafliyiz-inisiyatifinden-sergi-ve-sahne-gosterisi\\\/#breadcrumb\",\"itemListElement\":[{\"@type\":\"ListItem\",\"position\":1,\"name\":\"Anasayfa\",\"item\":\"https:\\\/\\\/kuzeyinsesi.org\\\/\"},{\"@type\":\"ListItem\",\"position\":2,\"name\":\"Gazima\u011fusa Belediyesi ile Biz Bafl\u0131y\u0131z \u0130nisiyatifi\u2019nden sergi ve sahne g\u00f6sterisi\"}]},{\"@type\":\"WebSite\",\"@id\":\"https:\\\/\\\/kuzeyinsesi.org\\\/#website\",\"url\":\"https:\\\/\\\/kuzeyinsesi.org\\\/\",\"name\":\"Kuzeyin Sesi\",\"description\":\"Do\u011fru Haberin Adresi\",\"potentialAction\":[{\"@type\":\"SearchAction\",\"target\":{\"@type\":\"EntryPoint\",\"urlTemplate\":\"https:\\\/\\\/kuzeyinsesi.org\\\/?s={search_term_string}\"},\"query-input\":{\"@type\":\"PropertyValueSpecification\",\"valueRequired\":true,\"valueName\":\"search_term_string\"}}],\"inLanguage\":\"tr\"},{\"@type\":\"Person\",\"@id\":\"https:\\\/\\\/kuzeyinsesi.org\\\/#\\\/schema\\\/person\\\/9f859689cdf01485597712386e37f5aa\",\"name\":\"Kuzeyin Sesi\",\"image\":{\"@type\":\"ImageObject\",\"inLanguage\":\"tr\",\"@id\":\"https:\\\/\\\/secure.gravatar.com\\\/avatar\\\/bab33852abfd8b282518d6ed81826833d77c3c882d9ab608add591ccace47a44?s=96&d=mm&r=g\",\"url\":\"https:\\\/\\\/secure.gravatar.com\\\/avatar\\\/bab33852abfd8b282518d6ed81826833d77c3c882d9ab608add591ccace47a44?s=96&d=mm&r=g\",\"contentUrl\":\"https:\\\/\\\/secure.gravatar.com\\\/avatar\\\/bab33852abfd8b282518d6ed81826833d77c3c882d9ab608add591ccace47a44?s=96&d=mm&r=g\",\"caption\":\"Kuzeyin Sesi\"},\"sameAs\":[\"https:\\\/\\\/kuzeyinsesi.org\"],\"url\":\"https:\\\/\\\/kuzeyinsesi.org\\\/index.php\\\/author\\\/guven\\\/\"}]}<\/script>\n<!-- \/ Yoast SEO plugin. -->","yoast_head_json":{"title":"Gazima\u011fusa Belediyesi ile Biz Bafl\u0131y\u0131z \u0130nisiyatifi\u2019nden sergi ve sahne g\u00f6sterisi - Kuzeyin Sesi","robots":{"index":"index","follow":"follow","max-snippet":"max-snippet:-1","max-image-preview":"max-image-preview:large","max-video-preview":"max-video-preview:-1"},"canonical":"https:\/\/kuzeyinsesi.org\/index.php\/2024\/10\/03\/gazimagusa-belediyesi-ile-biz-bafliyiz-inisiyatifinden-sergi-ve-sahne-gosterisi\/","og_locale":"tr_TR","og_type":"article","og_title":"Gazima\u011fusa Belediyesi ile Biz Bafl\u0131y\u0131z \u0130nisiyatifi\u2019nden sergi ve sahne g\u00f6sterisi - Kuzeyin Sesi","og_description":"Gazima\u011fusa Belediyesi ile Biz Bafl\u0131y\u0131z \u0130nisiyatifi, K\u00fclt\u00fcrel Baf Geceleri kapsam\u0131nda \u201cAli Atakan ve Bafl\u0131 \u00d6\u011frencilerinin Resim Sergisi\u201d ve \u201cK\u00fclt\u00fcrel Baf Gecesi\u201d d\u00fczenlenecek. Gazima\u011fusa Belediyesi\u2019nden verilen bilgiye g\u00f6re, Gazima\u011fusa Belediyesi Ba\u015fkan\u0131 S\u00fcleyman Ulu\u00e7ay ve Biz Bafl\u0131y\u0131z \u0130nisiyatifi \u00dcyeleri bas\u0131n toplant\u0131s\u0131nda etkinlik hakk\u0131nda bilgi verdi. Bafl\u0131 Ressam Ali Atakan an\u0131s\u0131na, Bandabuliya\u2019da yer alacak, Ali Atakan ve Bafl\u0131 [&hellip;]","og_url":"https:\/\/kuzeyinsesi.org\/index.php\/2024\/10\/03\/gazimagusa-belediyesi-ile-biz-bafliyiz-inisiyatifinden-sergi-ve-sahne-gosterisi\/","og_site_name":"Kuzeyin Sesi","article_publisher":"https:\/\/www.facebook.com\/kuzeyinsesii","article_published_time":"2024-10-03T19:22:49+00:00","og_image":[{"url":"https:\/\/brtk.net\/wp-content\/uploads\/2024\/10\/03\/kulturel-baf-geceleri-1--scaled.jpeg?ver=6168c177e4b5953fb48e21e710b9236b","type":"","width":"","height":""}],"author":"Kuzeyin Sesi","twitter_card":"summary_large_image","twitter_creator":"@kuzeyinsesii","twitter_site":"@kuzeyinsesii","twitter_misc":{"Yazan:":"Kuzeyin Sesi","Tahmini okuma s\u00fcresi":"2 dakika"},"schema":{"@context":"https:\/\/schema.org","@graph":[{"@type":"Article","@id":"https:\/\/kuzeyinsesi.org\/index.php\/2024\/10\/03\/gazimagusa-belediyesi-ile-biz-bafliyiz-inisiyatifinden-sergi-ve-sahne-gosterisi\/#article","isPartOf":{"@id":"https:\/\/kuzeyinsesi.org\/index.php\/2024\/10\/03\/gazimagusa-belediyesi-ile-biz-bafliyiz-inisiyatifinden-sergi-ve-sahne-gosterisi\/"},"author":{"name":"Kuzeyin Sesi","@id":"https:\/\/kuzeyinsesi.org\/#\/schema\/person\/9f859689cdf01485597712386e37f5aa"},"headline":"Gazima\u011fusa Belediyesi ile Biz Bafl\u0131y\u0131z \u0130nisiyatifi\u2019nden sergi ve sahne g\u00f6sterisi","datePublished":"2024-10-03T19:22:49+00:00","mainEntityOfPage":{"@id":"https:\/\/kuzeyinsesi.org\/index.php\/2024\/10\/03\/gazimagusa-belediyesi-ile-biz-bafliyiz-inisiyatifinden-sergi-ve-sahne-gosterisi\/"},"wordCount":455,"commentCount":0,"image":{"@id":"https:\/\/kuzeyinsesi.org\/index.php\/2024\/10\/03\/gazimagusa-belediyesi-ile-biz-bafliyiz-inisiyatifinden-sergi-ve-sahne-gosterisi\/#primaryimage"},"thumbnailUrl":"https:\/\/kuzeyinsesi.org\/wp-content\/uploads\/2024\/10\/kulturel-baf-geceleri-1-scaled.jpeg","articleSection":["Ya\u015fam"],"inLanguage":"tr","potentialAction":[{"@type":"CommentAction","name":"Comment","target":["https:\/\/kuzeyinsesi.org\/index.php\/2024\/10\/03\/gazimagusa-belediyesi-ile-biz-bafliyiz-inisiyatifinden-sergi-ve-sahne-gosterisi\/#respond"]}]},{"@type":"WebPage","@id":"https:\/\/kuzeyinsesi.org\/index.php\/2024\/10\/03\/gazimagusa-belediyesi-ile-biz-bafliyiz-inisiyatifinden-sergi-ve-sahne-gosterisi\/","url":"https:\/\/kuzeyinsesi.org\/index.php\/2024\/10\/03\/gazimagusa-belediyesi-ile-biz-bafliyiz-inisiyatifinden-sergi-ve-sahne-gosterisi\/","name":"Gazima\u011fusa Belediyesi ile Biz Bafl\u0131y\u0131z \u0130nisiyatifi\u2019nden sergi ve sahne g\u00f6sterisi - Kuzeyin Sesi","isPartOf":{"@id":"https:\/\/kuzeyinsesi.org\/#website"},"primaryImageOfPage":{"@id":"https:\/\/kuzeyinsesi.org\/index.php\/2024\/10\/03\/gazimagusa-belediyesi-ile-biz-bafliyiz-inisiyatifinden-sergi-ve-sahne-gosterisi\/#primaryimage"},"image":{"@id":"https:\/\/kuzeyinsesi.org\/index.php\/2024\/10\/03\/gazimagusa-belediyesi-ile-biz-bafliyiz-inisiyatifinden-sergi-ve-sahne-gosterisi\/#primaryimage"},"thumbnailUrl":"https:\/\/kuzeyinsesi.org\/wp-content\/uploads\/2024\/10\/kulturel-baf-geceleri-1-scaled.jpeg","datePublished":"2024-10-03T19:22:49+00:00","author":{"@id":"https:\/\/kuzeyinsesi.org\/#\/schema\/person\/9f859689cdf01485597712386e37f5aa"},"breadcrumb":{"@id":"https:\/\/kuzeyinsesi.org\/index.php\/2024\/10\/03\/gazimagusa-belediyesi-ile-biz-bafliyiz-inisiyatifinden-sergi-ve-sahne-gosterisi\/#breadcrumb"},"inLanguage":"tr","potentialAction":[{"@type":"ReadAction","target":["https:\/\/kuzeyinsesi.org\/index.php\/2024\/10\/03\/gazimagusa-belediyesi-ile-biz-bafliyiz-inisiyatifinden-sergi-ve-sahne-gosterisi\/"]}]},{"@type":"ImageObject","inLanguage":"tr","@id":"https:\/\/kuzeyinsesi.org\/index.php\/2024\/10\/03\/gazimagusa-belediyesi-ile-biz-bafliyiz-inisiyatifinden-sergi-ve-sahne-gosterisi\/#primaryimage","url":"https:\/\/kuzeyinsesi.org\/wp-content\/uploads\/2024\/10\/kulturel-baf-geceleri-1-scaled.jpeg","contentUrl":"https:\/\/kuzeyinsesi.org\/wp-content\/uploads\/2024\/10\/kulturel-baf-geceleri-1-scaled.jpeg","width":2560,"height":1440},{"@type":"BreadcrumbList","@id":"https:\/\/kuzeyinsesi.org\/index.php\/2024\/10\/03\/gazimagusa-belediyesi-ile-biz-bafliyiz-inisiyatifinden-sergi-ve-sahne-gosterisi\/#breadcrumb","itemListElement":[{"@type":"ListItem","position":1,"name":"Anasayfa","item":"https:\/\/kuzeyinsesi.org\/"},{"@type":"ListItem","position":2,"name":"Gazima\u011fusa Belediyesi ile Biz Bafl\u0131y\u0131z \u0130nisiyatifi\u2019nden sergi ve sahne g\u00f6sterisi"}]},{"@type":"WebSite","@id":"https:\/\/kuzeyinsesi.org\/#website","url":"https:\/\/kuzeyinsesi.org\/","name":"Kuzeyin Sesi","description":"Do\u011fru Haberin Adresi","potentialAction":[{"@type":"SearchAction","target":{"@type":"EntryPoint","urlTemplate":"https:\/\/kuzeyinsesi.org\/?s={search_term_string}"},"query-input":{"@type":"PropertyValueSpecification","valueRequired":true,"valueName":"search_term_string"}}],"inLanguage":"tr"},{"@type":"Person","@id":"https:\/\/kuzeyinsesi.org\/#\/schema\/person\/9f859689cdf01485597712386e37f5aa","name":"Kuzeyin Sesi","image":{"@type":"ImageObject","inLanguage":"tr","@id":"https:\/\/secure.gravatar.com\/avatar\/bab33852abfd8b282518d6ed81826833d77c3c882d9ab608add591ccace47a44?s=96&d=mm&r=g","url":"https:\/\/secure.gravatar.com\/avatar\/bab33852abfd8b282518d6ed81826833d77c3c882d9ab608add591ccace47a44?s=96&d=mm&r=g","contentUrl":"https:\/\/secure.gravatar.com\/avatar\/bab33852abfd8b282518d6ed81826833d77c3c882d9ab608add591ccace47a44?s=96&d=mm&r=g","caption":"Kuzeyin Sesi"},"sameAs":["https:\/\/kuzeyinsesi.org"],"url":"https:\/\/kuzeyinsesi.org\/index.php\/author\/guven\/"}]}},"_links":{"self":[{"href":"https:\/\/kuzeyinsesi.org\/index.php\/wp-json\/wp\/v2\/posts\/10905","targetHints":{"allow":["GET"]}}],"collection":[{"href":"https:\/\/kuzeyinsesi.org\/index.php\/wp-json\/wp\/v2\/posts"}],"about":[{"href":"https:\/\/kuzeyinsesi.org\/index.php\/wp-json\/wp\/v2\/types\/post"}],"author":[{"embeddable":true,"href":"https:\/\/kuzeyinsesi.org\/index.php\/wp-json\/wp\/v2\/users\/1"}],"replies":[{"embeddable":true,"href":"https:\/\/kuzeyinsesi.org\/index.php\/wp-json\/wp\/v2\/comments?post=10905"}],"version-history":[{"count":0,"href":"https:\/\/kuzeyinsesi.org\/index.php\/wp-json\/wp\/v2\/posts\/10905\/revisions"}],"wp:featuredmedia":[{"embeddable":true,"href":"https:\/\/kuzeyinsesi.org\/index.php\/wp-json\/wp\/v2\/media\/10906"}],"wp:attachment":[{"href":"https:\/\/kuzeyinsesi.org\/index.php\/wp-json\/wp\/v2\/media?parent=10905"}],"wp:term":[{"taxonomy":"category","embeddable":true,"href":"https:\/\/kuzeyinsesi.org\/index.php\/wp-json\/wp\/v2\/categories?post=10905"},{"taxonomy":"post_tag","embeddable":true,"href":"https:\/\/kuzeyinsesi.org\/index.php\/wp-json\/wp\/v2\/tags?post=10905"}],"curies":[{"name":"wp","href":"https:\/\/api.w.org\/{rel}","templated":true}]}}