{"id":10872,"date":"2024-10-03T14:13:43","date_gmt":"2024-10-03T11:13:43","guid":{"rendered":"https:\/\/kuzeyinsesi.org\/index.php\/2024\/10\/03\/cumhurbaskani-ersin-tatar-23uncu-zeytin-festivaline-katildi\/"},"modified":"2024-10-03T14:13:43","modified_gmt":"2024-10-03T11:13:43","slug":"cumhurbaskani-ersin-tatar-23uncu-zeytin-festivaline-katildi","status":"publish","type":"post","link":"https:\/\/kuzeyinsesi.org\/index.php\/2024\/10\/03\/cumhurbaskani-ersin-tatar-23uncu-zeytin-festivaline-katildi\/","title":{"rendered":"Cumhurba\u015fkan\u0131 Ersin Tatar, 23\u2019\u00fcnc\u00fc Zeytin Festivali\u2019ne kat\u0131ld\u0131"},"content":{"rendered":"<div>\n<div class=\"mariselle-image-container center\">\n                                            <\/div>\n<p>Cumhurba\u015fkan\u0131 Ersin Tatar, Girne Belediyesi taraf\u0131ndan Zeytinlik\u2019te d\u00fczenlenen 23\u2019\u00fcnc\u00fc Zeytin Festivali\u2019ne kat\u0131ld\u0131.<\/p>\n<p>Cumhurba\u015fkanl\u0131\u011f\u0131ndan verilen bilgiye g\u00f6re, Cumhurba\u015fkan\u0131 Tatar, festivalin a\u00e7\u0131l\u0131\u015f\u0131nda yapt\u0131\u011f\u0131 konu\u015fmada, Girne\u2019de bulunan Zeytinlik K\u00f6y\u00fc\u2019n\u00fcn K\u0131br\u0131s\u2019\u0131n \u00fcr\u00fcn\u00fc, zenginli\u011fi ve ekonomisi oldu\u011funu s\u00f6yledi.<\/p>\n<p>Tatar, \u00fclkede turizm ve y\u00fcksek\u00f6\u011fretim geli\u015fmemi\u015fken, halk\u0131n zeytin ve zeytin ya\u011f\u0131ndan elde etti\u011fi gelirin, ekonomide \u00f6nemli bir yer tuttu\u011funu belirtti.<\/p>\n<div class=\"mariselle-image-container center\">\n                <img decoding=\"async\" width=\"1600\" height=\"1066\" class=\"lazy-image\" alt=\"\" sizes=\"(max-width: 1600px) 100vw, 1600px\" src=\"https:\/\/brtk.net\/wp-content\/uploads\/2024\/10\/03\/tatar-festival-1-1.jpg?ver=093a26cc06860d50a75c9baee40e11e7\" srcset=\"https:\/\/brtk.net\/wp-content\/uploads\/2024\/10\/03\/tatar-festival-1-1.jpg?ver=093a26cc06860d50a75c9baee40e11e7 1600w, https:\/\/brtk.net\/wp-content\/uploads\/2024\/10\/03\/tatar-festival-1-1-300x200.jpg?ver=093a26cc06860d50a75c9baee40e11e7 300w, https:\/\/brtk.net\/wp-content\/uploads\/2024\/10\/03\/tatar-festival-1-1-1024x682.jpg?ver=24690774dde5ffc536e97fdaf39a593c 1024w, https:\/\/brtk.net\/wp-content\/uploads\/2024\/10\/03\/tatar-festival-1-1-768x512.jpg?ver=24690774dde5ffc536e97fdaf39a593c 768w, https:\/\/brtk.net\/wp-content\/uploads\/2024\/10\/03\/tatar-festival-1-1-1536x1023.jpg?ver=f46897f5362fb713a23622dc40eda9e8 1536w\"\/>                            <\/div>\n<p>K\u0131br\u0131s Bar\u0131\u015f Harekat\u0131\u2019n\u0131n \u00fczerinden 50 y\u0131l, Kuzey K\u0131br\u0131s T\u00fcrk Cumhuriyeti\u2019nin kurulmas\u0131n\u0131n \u00fczerinden 40 y\u0131l ge\u00e7ti\u011fini hat\u0131rlatan Tatar, T\u00fcrkiye Cumhuriyeti\u2019nin de deste\u011fiyle devletin geli\u015fti\u011fini ve geli\u015fmeye devam etti\u011fini vurgulad\u0131.<\/p>\n<p>\u00dclkedeki geli\u015fmelerin sevindirici oldu\u011funu ancak do\u011fan\u0131n da korunmas\u0131 gerekti\u011fini ifade eden Tatar, \u201cZeytin ve zeytin \u00fcr\u00fcnleri ge\u00e7mi\u015ften gelen Adan\u0131n do\u011fas\u0131yla \u00f6zde\u015fle\u015fen bir zenginli\u011fimizdir. Bu zenginlikleri, korumak ve gelece\u011fe ta\u015f\u0131mak laz\u0131m. Ye\u015fil alanlara sahip \u00e7\u0131k\u0131p, koruyarak, yeni ye\u015fil alanlar yarat\u0131p ve zeytin fidanlar\u0131 dikerek, gelecek nesillere aktarmal\u0131y\u0131z\u201d diye konu\u015ftu.<\/p>\n<p>Zeytin Festivali\u2019nin d\u00fczenlenmesinde eme\u011fi ge\u00e7en Girne Belediye Ba\u015fkan\u0131 Murat \u015eenkul, belediye meclis \u00fcyeleri ve belediye \u00e7al\u0131\u015fanlar\u0131na te\u015fekk\u00fcr eden Cumhurba\u015fkan\u0131 Tatar, festival nedeniyle T\u00fcrkiye\u2019den gelen misafirleri \u00fclkede g\u00f6rmekten duydu\u011fu memnuniyeti ifade etti.<\/p>\n<p>Cumhurba\u015fkan\u0131 Tatar, K\u0131br\u0131s T\u00fcrk Belediyeler Birli\u011fi Ba\u015fkan\u0131 Mahmut \u00d6z\u00e7\u0131nar\u2019\u0131n T\u00fcrkiye ve yurtd\u0131\u015f\u0131nda Kuzey K\u0131br\u0131s T\u00fcrk Cumhuriyeti\u2019nin tan\u0131t\u0131m\u0131 ve belediyelerin geli\u015fmesi i\u00e7in yapt\u0131\u011f\u0131 \u00e7al\u0131\u015fmalardan dolay\u0131 kendisine te\u015fekk\u00fcr etti.<\/p>\n<\/p><\/div>\n<p><script async\n                    defer\n                    crossorigin=\"anonymous\"\n                    src=\"https:\/\/connect.facebook.net\/tr_TR\/sdk.js#xfbml=1&#038;version=v3.3\"\n            ><\/script><\/p>\n","protected":false},"excerpt":{"rendered":"<p>Cumhurba\u015fkan\u0131 Ersin Tatar, Girne Belediyesi taraf\u0131ndan Zeytinlik\u2019te d\u00fczenlenen 23\u2019\u00fcnc\u00fc Zeytin Festivali\u2019ne kat\u0131ld\u0131. Cumhurba\u015fkanl\u0131\u011f\u0131ndan verilen bilgiye g\u00f6re, Cumhurba\u015fkan\u0131 Tatar, festivalin a\u00e7\u0131l\u0131\u015f\u0131nda yapt\u0131\u011f\u0131 konu\u015fmada, Girne\u2019de bulunan Zeytinlik K\u00f6y\u00fc\u2019n\u00fcn K\u0131br\u0131s\u2019\u0131n \u00fcr\u00fcn\u00fc, zenginli\u011fi ve ekonomisi oldu\u011funu s\u00f6yledi. Tatar, \u00fclkede turizm ve y\u00fcksek\u00f6\u011fretim geli\u015fmemi\u015fken, halk\u0131n zeytin ve zeytin ya\u011f\u0131ndan elde etti\u011fi gelirin, ekonomide \u00f6nemli bir yer tuttu\u011funu belirtti. K\u0131br\u0131s Bar\u0131\u015f [&hellip;]<\/p>\n","protected":false},"author":1,"featured_media":10873,"comment_status":"open","ping_status":"open","sticky":false,"template":"","format":"standard","meta":{"jnews-multi-image_gallery":[],"jnews_single_post":[],"jnews_primary_category":[],"jnews_social_meta":[],"jnews_override_counter":[],"footnotes":""},"categories":[6],"tags":[],"class_list":["post-10872","post","type-post","status-publish","format-standard","has-post-thumbnail","hentry","category-yasam"],"yoast_head":"<!-- This site is optimized with the Yoast SEO plugin v27.4 - https:\/\/yoast.com\/product\/yoast-seo-wordpress\/ -->\n<title>Cumhurba\u015fkan\u0131 Ersin Tatar, 23\u2019\u00fcnc\u00fc Zeytin Festivali\u2019ne kat\u0131ld\u0131 - Kuzeyin Sesi<\/title>\n<meta name=\"robots\" content=\"index, follow, max-snippet:-1, max-image-preview:large, max-video-preview:-1\" \/>\n<link rel=\"canonical\" href=\"https:\/\/kuzeyinsesi.org\/index.php\/2024\/10\/03\/cumhurbaskani-ersin-tatar-23uncu-zeytin-festivaline-katildi\/\" \/>\n<meta property=\"og:locale\" content=\"tr_TR\" \/>\n<meta property=\"og:type\" content=\"article\" \/>\n<meta property=\"og:title\" content=\"Cumhurba\u015fkan\u0131 Ersin Tatar, 23\u2019\u00fcnc\u00fc Zeytin Festivali\u2019ne kat\u0131ld\u0131 - Kuzeyin Sesi\" \/>\n<meta property=\"og:description\" content=\"Cumhurba\u015fkan\u0131 Ersin Tatar, Girne Belediyesi taraf\u0131ndan Zeytinlik\u2019te d\u00fczenlenen 23\u2019\u00fcnc\u00fc Zeytin Festivali\u2019ne kat\u0131ld\u0131. Cumhurba\u015fkanl\u0131\u011f\u0131ndan verilen bilgiye g\u00f6re, Cumhurba\u015fkan\u0131 Tatar, festivalin a\u00e7\u0131l\u0131\u015f\u0131nda yapt\u0131\u011f\u0131 konu\u015fmada, Girne\u2019de bulunan Zeytinlik K\u00f6y\u00fc\u2019n\u00fcn K\u0131br\u0131s\u2019\u0131n \u00fcr\u00fcn\u00fc, zenginli\u011fi ve ekonomisi oldu\u011funu s\u00f6yledi. Tatar, \u00fclkede turizm ve y\u00fcksek\u00f6\u011fretim geli\u015fmemi\u015fken, halk\u0131n zeytin ve zeytin ya\u011f\u0131ndan elde etti\u011fi gelirin, ekonomide \u00f6nemli bir yer tuttu\u011funu belirtti. K\u0131br\u0131s Bar\u0131\u015f [&hellip;]\" \/>\n<meta property=\"og:url\" content=\"https:\/\/kuzeyinsesi.org\/index.php\/2024\/10\/03\/cumhurbaskani-ersin-tatar-23uncu-zeytin-festivaline-katildi\/\" \/>\n<meta property=\"og:site_name\" content=\"Kuzeyin Sesi\" \/>\n<meta property=\"article:publisher\" content=\"https:\/\/www.facebook.com\/kuzeyinsesii\" \/>\n<meta property=\"article:published_time\" content=\"2024-10-03T11:13:43+00:00\" \/>\n<meta property=\"og:image\" content=\"https:\/\/brtk.net\/wp-content\/uploads\/2024\/10\/03\/tatar-festival-4-1.jpg?ver=386dcde33a853b9d249fca5a49665d91\" \/>\n<meta name=\"author\" content=\"Kuzeyin Sesi\" \/>\n<meta name=\"twitter:card\" content=\"summary_large_image\" \/>\n<meta name=\"twitter:creator\" content=\"@kuzeyinsesii\" \/>\n<meta name=\"twitter:site\" content=\"@kuzeyinsesii\" \/>\n<meta name=\"twitter:label1\" content=\"Yazan:\" \/>\n\t<meta name=\"twitter:data1\" content=\"Kuzeyin Sesi\" \/>\n\t<meta name=\"twitter:label2\" content=\"Tahmini okuma s\u00fcresi\" \/>\n\t<meta name=\"twitter:data2\" content=\"1 dakika\" \/>\n<script type=\"application\/ld+json\" class=\"yoast-schema-graph\">{\"@context\":\"https:\\\/\\\/schema.org\",\"@graph\":[{\"@type\":\"Article\",\"@id\":\"https:\\\/\\\/kuzeyinsesi.org\\\/index.php\\\/2024\\\/10\\\/03\\\/cumhurbaskani-ersin-tatar-23uncu-zeytin-festivaline-katildi\\\/#article\",\"isPartOf\":{\"@id\":\"https:\\\/\\\/kuzeyinsesi.org\\\/index.php\\\/2024\\\/10\\\/03\\\/cumhurbaskani-ersin-tatar-23uncu-zeytin-festivaline-katildi\\\/\"},\"author\":{\"name\":\"Kuzeyin Sesi\",\"@id\":\"https:\\\/\\\/kuzeyinsesi.org\\\/#\\\/schema\\\/person\\\/9f859689cdf01485597712386e37f5aa\"},\"headline\":\"Cumhurba\u015fkan\u0131 Ersin Tatar, 23\u2019\u00fcnc\u00fc Zeytin Festivali\u2019ne kat\u0131ld\u0131\",\"datePublished\":\"2024-10-03T11:13:43+00:00\",\"mainEntityOfPage\":{\"@id\":\"https:\\\/\\\/kuzeyinsesi.org\\\/index.php\\\/2024\\\/10\\\/03\\\/cumhurbaskani-ersin-tatar-23uncu-zeytin-festivaline-katildi\\\/\"},\"wordCount\":308,\"commentCount\":0,\"image\":{\"@id\":\"https:\\\/\\\/kuzeyinsesi.org\\\/index.php\\\/2024\\\/10\\\/03\\\/cumhurbaskani-ersin-tatar-23uncu-zeytin-festivaline-katildi\\\/#primaryimage\"},\"thumbnailUrl\":\"https:\\\/\\\/kuzeyinsesi.org\\\/wp-content\\\/uploads\\\/2024\\\/10\\\/tatar-festival-4-1.jpg\",\"articleSection\":[\"Ya\u015fam\"],\"inLanguage\":\"tr\",\"potentialAction\":[{\"@type\":\"CommentAction\",\"name\":\"Comment\",\"target\":[\"https:\\\/\\\/kuzeyinsesi.org\\\/index.php\\\/2024\\\/10\\\/03\\\/cumhurbaskani-ersin-tatar-23uncu-zeytin-festivaline-katildi\\\/#respond\"]}]},{\"@type\":\"WebPage\",\"@id\":\"https:\\\/\\\/kuzeyinsesi.org\\\/index.php\\\/2024\\\/10\\\/03\\\/cumhurbaskani-ersin-tatar-23uncu-zeytin-festivaline-katildi\\\/\",\"url\":\"https:\\\/\\\/kuzeyinsesi.org\\\/index.php\\\/2024\\\/10\\\/03\\\/cumhurbaskani-ersin-tatar-23uncu-zeytin-festivaline-katildi\\\/\",\"name\":\"Cumhurba\u015fkan\u0131 Ersin Tatar, 23\u2019\u00fcnc\u00fc Zeytin Festivali\u2019ne kat\u0131ld\u0131 - Kuzeyin Sesi\",\"isPartOf\":{\"@id\":\"https:\\\/\\\/kuzeyinsesi.org\\\/#website\"},\"primaryImageOfPage\":{\"@id\":\"https:\\\/\\\/kuzeyinsesi.org\\\/index.php\\\/2024\\\/10\\\/03\\\/cumhurbaskani-ersin-tatar-23uncu-zeytin-festivaline-katildi\\\/#primaryimage\"},\"image\":{\"@id\":\"https:\\\/\\\/kuzeyinsesi.org\\\/index.php\\\/2024\\\/10\\\/03\\\/cumhurbaskani-ersin-tatar-23uncu-zeytin-festivaline-katildi\\\/#primaryimage\"},\"thumbnailUrl\":\"https:\\\/\\\/kuzeyinsesi.org\\\/wp-content\\\/uploads\\\/2024\\\/10\\\/tatar-festival-4-1.jpg\",\"datePublished\":\"2024-10-03T11:13:43+00:00\",\"author\":{\"@id\":\"https:\\\/\\\/kuzeyinsesi.org\\\/#\\\/schema\\\/person\\\/9f859689cdf01485597712386e37f5aa\"},\"breadcrumb\":{\"@id\":\"https:\\\/\\\/kuzeyinsesi.org\\\/index.php\\\/2024\\\/10\\\/03\\\/cumhurbaskani-ersin-tatar-23uncu-zeytin-festivaline-katildi\\\/#breadcrumb\"},\"inLanguage\":\"tr\",\"potentialAction\":[{\"@type\":\"ReadAction\",\"target\":[\"https:\\\/\\\/kuzeyinsesi.org\\\/index.php\\\/2024\\\/10\\\/03\\\/cumhurbaskani-ersin-tatar-23uncu-zeytin-festivaline-katildi\\\/\"]}]},{\"@type\":\"ImageObject\",\"inLanguage\":\"tr\",\"@id\":\"https:\\\/\\\/kuzeyinsesi.org\\\/index.php\\\/2024\\\/10\\\/03\\\/cumhurbaskani-ersin-tatar-23uncu-zeytin-festivaline-katildi\\\/#primaryimage\",\"url\":\"https:\\\/\\\/kuzeyinsesi.org\\\/wp-content\\\/uploads\\\/2024\\\/10\\\/tatar-festival-4-1.jpg\",\"contentUrl\":\"https:\\\/\\\/kuzeyinsesi.org\\\/wp-content\\\/uploads\\\/2024\\\/10\\\/tatar-festival-4-1.jpg\",\"width\":1600,\"height\":1066},{\"@type\":\"BreadcrumbList\",\"@id\":\"https:\\\/\\\/kuzeyinsesi.org\\\/index.php\\\/2024\\\/10\\\/03\\\/cumhurbaskani-ersin-tatar-23uncu-zeytin-festivaline-katildi\\\/#breadcrumb\",\"itemListElement\":[{\"@type\":\"ListItem\",\"position\":1,\"name\":\"Anasayfa\",\"item\":\"https:\\\/\\\/kuzeyinsesi.org\\\/\"},{\"@type\":\"ListItem\",\"position\":2,\"name\":\"Cumhurba\u015fkan\u0131 Ersin Tatar, 23\u2019\u00fcnc\u00fc Zeytin Festivali\u2019ne kat\u0131ld\u0131\"}]},{\"@type\":\"WebSite\",\"@id\":\"https:\\\/\\\/kuzeyinsesi.org\\\/#website\",\"url\":\"https:\\\/\\\/kuzeyinsesi.org\\\/\",\"name\":\"Kuzeyin Sesi\",\"description\":\"Do\u011fru Haberin Adresi\",\"potentialAction\":[{\"@type\":\"SearchAction\",\"target\":{\"@type\":\"EntryPoint\",\"urlTemplate\":\"https:\\\/\\\/kuzeyinsesi.org\\\/?s={search_term_string}\"},\"query-input\":{\"@type\":\"PropertyValueSpecification\",\"valueRequired\":true,\"valueName\":\"search_term_string\"}}],\"inLanguage\":\"tr\"},{\"@type\":\"Person\",\"@id\":\"https:\\\/\\\/kuzeyinsesi.org\\\/#\\\/schema\\\/person\\\/9f859689cdf01485597712386e37f5aa\",\"name\":\"Kuzeyin Sesi\",\"image\":{\"@type\":\"ImageObject\",\"inLanguage\":\"tr\",\"@id\":\"https:\\\/\\\/secure.gravatar.com\\\/avatar\\\/bab33852abfd8b282518d6ed81826833d77c3c882d9ab608add591ccace47a44?s=96&d=mm&r=g\",\"url\":\"https:\\\/\\\/secure.gravatar.com\\\/avatar\\\/bab33852abfd8b282518d6ed81826833d77c3c882d9ab608add591ccace47a44?s=96&d=mm&r=g\",\"contentUrl\":\"https:\\\/\\\/secure.gravatar.com\\\/avatar\\\/bab33852abfd8b282518d6ed81826833d77c3c882d9ab608add591ccace47a44?s=96&d=mm&r=g\",\"caption\":\"Kuzeyin Sesi\"},\"sameAs\":[\"https:\\\/\\\/kuzeyinsesi.org\"],\"url\":\"https:\\\/\\\/kuzeyinsesi.org\\\/index.php\\\/author\\\/guven\\\/\"}]}<\/script>\n<!-- \/ Yoast SEO plugin. -->","yoast_head_json":{"title":"Cumhurba\u015fkan\u0131 Ersin Tatar, 23\u2019\u00fcnc\u00fc Zeytin Festivali\u2019ne kat\u0131ld\u0131 - Kuzeyin Sesi","robots":{"index":"index","follow":"follow","max-snippet":"max-snippet:-1","max-image-preview":"max-image-preview:large","max-video-preview":"max-video-preview:-1"},"canonical":"https:\/\/kuzeyinsesi.org\/index.php\/2024\/10\/03\/cumhurbaskani-ersin-tatar-23uncu-zeytin-festivaline-katildi\/","og_locale":"tr_TR","og_type":"article","og_title":"Cumhurba\u015fkan\u0131 Ersin Tatar, 23\u2019\u00fcnc\u00fc Zeytin Festivali\u2019ne kat\u0131ld\u0131 - Kuzeyin Sesi","og_description":"Cumhurba\u015fkan\u0131 Ersin Tatar, Girne Belediyesi taraf\u0131ndan Zeytinlik\u2019te d\u00fczenlenen 23\u2019\u00fcnc\u00fc Zeytin Festivali\u2019ne kat\u0131ld\u0131. Cumhurba\u015fkanl\u0131\u011f\u0131ndan verilen bilgiye g\u00f6re, Cumhurba\u015fkan\u0131 Tatar, festivalin a\u00e7\u0131l\u0131\u015f\u0131nda yapt\u0131\u011f\u0131 konu\u015fmada, Girne\u2019de bulunan Zeytinlik K\u00f6y\u00fc\u2019n\u00fcn K\u0131br\u0131s\u2019\u0131n \u00fcr\u00fcn\u00fc, zenginli\u011fi ve ekonomisi oldu\u011funu s\u00f6yledi. Tatar, \u00fclkede turizm ve y\u00fcksek\u00f6\u011fretim geli\u015fmemi\u015fken, halk\u0131n zeytin ve zeytin ya\u011f\u0131ndan elde etti\u011fi gelirin, ekonomide \u00f6nemli bir yer tuttu\u011funu belirtti. K\u0131br\u0131s Bar\u0131\u015f [&hellip;]","og_url":"https:\/\/kuzeyinsesi.org\/index.php\/2024\/10\/03\/cumhurbaskani-ersin-tatar-23uncu-zeytin-festivaline-katildi\/","og_site_name":"Kuzeyin Sesi","article_publisher":"https:\/\/www.facebook.com\/kuzeyinsesii","article_published_time":"2024-10-03T11:13:43+00:00","og_image":[{"url":"https:\/\/brtk.net\/wp-content\/uploads\/2024\/10\/03\/tatar-festival-4-1.jpg?ver=386dcde33a853b9d249fca5a49665d91","type":"","width":"","height":""}],"author":"Kuzeyin Sesi","twitter_card":"summary_large_image","twitter_creator":"@kuzeyinsesii","twitter_site":"@kuzeyinsesii","twitter_misc":{"Yazan:":"Kuzeyin Sesi","Tahmini okuma s\u00fcresi":"1 dakika"},"schema":{"@context":"https:\/\/schema.org","@graph":[{"@type":"Article","@id":"https:\/\/kuzeyinsesi.org\/index.php\/2024\/10\/03\/cumhurbaskani-ersin-tatar-23uncu-zeytin-festivaline-katildi\/#article","isPartOf":{"@id":"https:\/\/kuzeyinsesi.org\/index.php\/2024\/10\/03\/cumhurbaskani-ersin-tatar-23uncu-zeytin-festivaline-katildi\/"},"author":{"name":"Kuzeyin Sesi","@id":"https:\/\/kuzeyinsesi.org\/#\/schema\/person\/9f859689cdf01485597712386e37f5aa"},"headline":"Cumhurba\u015fkan\u0131 Ersin Tatar, 23\u2019\u00fcnc\u00fc Zeytin Festivali\u2019ne kat\u0131ld\u0131","datePublished":"2024-10-03T11:13:43+00:00","mainEntityOfPage":{"@id":"https:\/\/kuzeyinsesi.org\/index.php\/2024\/10\/03\/cumhurbaskani-ersin-tatar-23uncu-zeytin-festivaline-katildi\/"},"wordCount":308,"commentCount":0,"image":{"@id":"https:\/\/kuzeyinsesi.org\/index.php\/2024\/10\/03\/cumhurbaskani-ersin-tatar-23uncu-zeytin-festivaline-katildi\/#primaryimage"},"thumbnailUrl":"https:\/\/kuzeyinsesi.org\/wp-content\/uploads\/2024\/10\/tatar-festival-4-1.jpg","articleSection":["Ya\u015fam"],"inLanguage":"tr","potentialAction":[{"@type":"CommentAction","name":"Comment","target":["https:\/\/kuzeyinsesi.org\/index.php\/2024\/10\/03\/cumhurbaskani-ersin-tatar-23uncu-zeytin-festivaline-katildi\/#respond"]}]},{"@type":"WebPage","@id":"https:\/\/kuzeyinsesi.org\/index.php\/2024\/10\/03\/cumhurbaskani-ersin-tatar-23uncu-zeytin-festivaline-katildi\/","url":"https:\/\/kuzeyinsesi.org\/index.php\/2024\/10\/03\/cumhurbaskani-ersin-tatar-23uncu-zeytin-festivaline-katildi\/","name":"Cumhurba\u015fkan\u0131 Ersin Tatar, 23\u2019\u00fcnc\u00fc Zeytin Festivali\u2019ne kat\u0131ld\u0131 - Kuzeyin Sesi","isPartOf":{"@id":"https:\/\/kuzeyinsesi.org\/#website"},"primaryImageOfPage":{"@id":"https:\/\/kuzeyinsesi.org\/index.php\/2024\/10\/03\/cumhurbaskani-ersin-tatar-23uncu-zeytin-festivaline-katildi\/#primaryimage"},"image":{"@id":"https:\/\/kuzeyinsesi.org\/index.php\/2024\/10\/03\/cumhurbaskani-ersin-tatar-23uncu-zeytin-festivaline-katildi\/#primaryimage"},"thumbnailUrl":"https:\/\/kuzeyinsesi.org\/wp-content\/uploads\/2024\/10\/tatar-festival-4-1.jpg","datePublished":"2024-10-03T11:13:43+00:00","author":{"@id":"https:\/\/kuzeyinsesi.org\/#\/schema\/person\/9f859689cdf01485597712386e37f5aa"},"breadcrumb":{"@id":"https:\/\/kuzeyinsesi.org\/index.php\/2024\/10\/03\/cumhurbaskani-ersin-tatar-23uncu-zeytin-festivaline-katildi\/#breadcrumb"},"inLanguage":"tr","potentialAction":[{"@type":"ReadAction","target":["https:\/\/kuzeyinsesi.org\/index.php\/2024\/10\/03\/cumhurbaskani-ersin-tatar-23uncu-zeytin-festivaline-katildi\/"]}]},{"@type":"ImageObject","inLanguage":"tr","@id":"https:\/\/kuzeyinsesi.org\/index.php\/2024\/10\/03\/cumhurbaskani-ersin-tatar-23uncu-zeytin-festivaline-katildi\/#primaryimage","url":"https:\/\/kuzeyinsesi.org\/wp-content\/uploads\/2024\/10\/tatar-festival-4-1.jpg","contentUrl":"https:\/\/kuzeyinsesi.org\/wp-content\/uploads\/2024\/10\/tatar-festival-4-1.jpg","width":1600,"height":1066},{"@type":"BreadcrumbList","@id":"https:\/\/kuzeyinsesi.org\/index.php\/2024\/10\/03\/cumhurbaskani-ersin-tatar-23uncu-zeytin-festivaline-katildi\/#breadcrumb","itemListElement":[{"@type":"ListItem","position":1,"name":"Anasayfa","item":"https:\/\/kuzeyinsesi.org\/"},{"@type":"ListItem","position":2,"name":"Cumhurba\u015fkan\u0131 Ersin Tatar, 23\u2019\u00fcnc\u00fc Zeytin Festivali\u2019ne kat\u0131ld\u0131"}]},{"@type":"WebSite","@id":"https:\/\/kuzeyinsesi.org\/#website","url":"https:\/\/kuzeyinsesi.org\/","name":"Kuzeyin Sesi","description":"Do\u011fru Haberin Adresi","potentialAction":[{"@type":"SearchAction","target":{"@type":"EntryPoint","urlTemplate":"https:\/\/kuzeyinsesi.org\/?s={search_term_string}"},"query-input":{"@type":"PropertyValueSpecification","valueRequired":true,"valueName":"search_term_string"}}],"inLanguage":"tr"},{"@type":"Person","@id":"https:\/\/kuzeyinsesi.org\/#\/schema\/person\/9f859689cdf01485597712386e37f5aa","name":"Kuzeyin Sesi","image":{"@type":"ImageObject","inLanguage":"tr","@id":"https:\/\/secure.gravatar.com\/avatar\/bab33852abfd8b282518d6ed81826833d77c3c882d9ab608add591ccace47a44?s=96&d=mm&r=g","url":"https:\/\/secure.gravatar.com\/avatar\/bab33852abfd8b282518d6ed81826833d77c3c882d9ab608add591ccace47a44?s=96&d=mm&r=g","contentUrl":"https:\/\/secure.gravatar.com\/avatar\/bab33852abfd8b282518d6ed81826833d77c3c882d9ab608add591ccace47a44?s=96&d=mm&r=g","caption":"Kuzeyin Sesi"},"sameAs":["https:\/\/kuzeyinsesi.org"],"url":"https:\/\/kuzeyinsesi.org\/index.php\/author\/guven\/"}]}},"_links":{"self":[{"href":"https:\/\/kuzeyinsesi.org\/index.php\/wp-json\/wp\/v2\/posts\/10872","targetHints":{"allow":["GET"]}}],"collection":[{"href":"https:\/\/kuzeyinsesi.org\/index.php\/wp-json\/wp\/v2\/posts"}],"about":[{"href":"https:\/\/kuzeyinsesi.org\/index.php\/wp-json\/wp\/v2\/types\/post"}],"author":[{"embeddable":true,"href":"https:\/\/kuzeyinsesi.org\/index.php\/wp-json\/wp\/v2\/users\/1"}],"replies":[{"embeddable":true,"href":"https:\/\/kuzeyinsesi.org\/index.php\/wp-json\/wp\/v2\/comments?post=10872"}],"version-history":[{"count":0,"href":"https:\/\/kuzeyinsesi.org\/index.php\/wp-json\/wp\/v2\/posts\/10872\/revisions"}],"wp:featuredmedia":[{"embeddable":true,"href":"https:\/\/kuzeyinsesi.org\/index.php\/wp-json\/wp\/v2\/media\/10873"}],"wp:attachment":[{"href":"https:\/\/kuzeyinsesi.org\/index.php\/wp-json\/wp\/v2\/media?parent=10872"}],"wp:term":[{"taxonomy":"category","embeddable":true,"href":"https:\/\/kuzeyinsesi.org\/index.php\/wp-json\/wp\/v2\/categories?post=10872"},{"taxonomy":"post_tag","embeddable":true,"href":"https:\/\/kuzeyinsesi.org\/index.php\/wp-json\/wp\/v2\/tags?post=10872"}],"curies":[{"name":"wp","href":"https:\/\/api.w.org\/{rel}","templated":true}]}}