{"id":10866,"date":"2024-10-03T13:12:35","date_gmt":"2024-10-03T10:12:35","guid":{"rendered":"https:\/\/kuzeyinsesi.org\/index.php\/2024\/10\/03\/23-zeytinlik-zeytin-festivali-basladi\/"},"modified":"2024-10-03T13:12:35","modified_gmt":"2024-10-03T10:12:35","slug":"23-zeytinlik-zeytin-festivali-basladi","status":"publish","type":"post","link":"https:\/\/kuzeyinsesi.org\/index.php\/2024\/10\/03\/23-zeytinlik-zeytin-festivali-basladi\/","title":{"rendered":"23. Zeytinlik Zeytin Festivali ba\u015flad\u0131"},"content":{"rendered":"<div>\n<div class=\"mariselle-image-container center\">\n                                            <\/div>\n<p>Girne Belediyesi 23\u2019\u00fcnc\u00fc Uluslararas\u0131 Zeytinlik Zeytin Festivali d\u00fcn ak\u015fam e\u015f zamanl\u0131 etkinliklerle ba\u015flad\u0131.<\/p>\n<p>Zeytinlik k\u00f6y meydan\u0131ndaki a\u00e7\u0131l\u0131\u015f seremonisinde Girne Belediye Ba\u015fkan\u0131 Murat \u015eenkul, Meclis Ba\u015fkan\u0131 Zorlu T\u00f6re ve Cumhurba\u015fkan\u0131 Ersin Tatar birer konu\u015fma yapt\u0131. Geceye \u00e7ok say\u0131da siyasinin yan\u0131 s\u0131ra T\u00fcrkiye\u2019den konuk belediye ve sivil toplum \u00f6rg\u00fctleri temsilcileri kat\u0131ld\u0131. Zeytin me\u015falesinin yak\u0131lmas\u0131yla resmi a\u00e7\u0131l\u0131\u015f\u0131 ger\u00e7ekle\u015ftirilen 23. Zeytinlik Zeytin Festivali 6 Ekim Pazar g\u00fcn\u00fcne kadar devam edecek.<\/p>\n<p>Meclis\u2019ten verilen bilgiye g\u00f6re, T\u00f6re konu\u015fmas\u0131nda, 1974 Mutlu Bar\u0131\u015f Harekat\u0131\u2019n\u0131n vermi\u015f oldu\u011fu huzur ve g\u00fcven ortam\u0131nda ya\u015fad\u0131klar\u0131na de\u011finerek, Gazze ve L\u00fcbnan\u2019da t\u00fcm d\u00fcnyan\u0131n g\u00f6z\u00fc \u00f6n\u00fcnde insanlar\u0131n katledildi\u011fini s\u00f6yledi.<\/p>\n<div class=\"mariselle-image-container center\">\n                <img decoding=\"async\" width=\"2560\" height=\"1707\" class=\"lazy-image\" alt=\"\" sizes=\"(max-width: 2560px) 100vw, 2560px\" src=\"https:\/\/brtk.net\/wp-content\/uploads\/2024\/10\/03\/girne-belediyesi-zeytinlik-festivali-40--scaled.jpg?ver=32a41aacf9b53a04902418caee9eba64\" srcset=\"https:\/\/brtk.net\/wp-content\/uploads\/2024\/10\/03\/girne-belediyesi-zeytinlik-festivali-40--scaled.jpg?ver=32a41aacf9b53a04902418caee9eba64 2560w, https:\/\/brtk.net\/wp-content\/uploads\/2024\/10\/03\/girne-belediyesi-zeytinlik-festivali-40--300x200.jpg?ver=32a41aacf9b53a04902418caee9eba64 300w, https:\/\/brtk.net\/wp-content\/uploads\/2024\/10\/03\/girne-belediyesi-zeytinlik-festivali-40--1024x683.jpg?ver=a984bd0cab683d73159b45a0bcb07eee 1024w, https:\/\/brtk.net\/wp-content\/uploads\/2024\/10\/03\/girne-belediyesi-zeytinlik-festivali-40--768x512.jpg?ver=e03d655438ebfe5c44d5138167d3c6a2 768w, https:\/\/brtk.net\/wp-content\/uploads\/2024\/10\/03\/girne-belediyesi-zeytinlik-festivali-40--1536x1024.jpg?ver=5cdfb1df82d2f4adc11f8c125915b3ee 1536w, https:\/\/brtk.net\/wp-content\/uploads\/2024\/10\/03\/girne-belediyesi-zeytinlik-festivali-40--2048x1365.jpg?ver=efa323d6bacc058809322abe5f8ab8db 2048w\"\/>                            <\/div>\n<p>\u00dclkede zaman zaman ya\u015fanan s\u0131k\u0131nt\u0131lara ra\u011fmen bir \u00fcretimin devam etti\u011fini ve her ge\u00e7en g\u00fcn geli\u015fen, b\u00fcy\u00fcyen bir \u00fclke olduklar\u0131na i\u015faret eden T\u00f6re, devletten ve cumhuriyetten vazge\u00e7meyeceklerini ifade etti.<\/p>\n<p>Baz\u0131 \u00e7evrelerin halka s\u00fcrekli \u201cBitip t\u00fckeniyoruz\u201d mesaj\u0131 verdi\u011fini vurgulayan T\u00f6re: \u201cBizim t\u00fckendi\u011fimiz zamanlar 1974 \u00f6ncesiydi. 1963\u2019den 1974\u2019e kadar ne ac\u0131lar ya\u015fad\u0131k. Allaha \u015f\u00fck\u00fcr \u015fu an \u00f6zg\u00fcrl\u00fck ve g\u00fcven i\u00e7erisinde ya\u015f\u0131yoruz. Evet daha iyi olmal\u0131yd\u0131k. Daha fazla adalet ve daha iyi y\u00f6netim de istiyoruz her zaman. Ama bunlar\u0131 isterken devletten vazge\u00e7memeliyiz\u201d dedi.<\/p>\n<p>T\u00f6re, Girne Belediye Ba\u015fkan\u0131 Murat \u015eenkul ba\u015fta olmak \u00fczere, festival sponsoru Ark\u0131n Gruba ve katk\u0131s\u0131 olan herkese te\u015fekk\u00fcr etti.<\/p>\n<p>-Festivalde ilk g\u00fcn<\/p>\n<div class=\"mariselle-image-container center\">\n                <img decoding=\"async\" width=\"2560\" height=\"1711\" class=\"lazy-image\" alt=\"\" sizes=\"(max-width: 2560px) 100vw, 2560px\" src=\"https:\/\/brtk.net\/wp-content\/uploads\/2024\/10\/03\/girne-belediyesi-zeytinlik-festivali-9--scaled.jpg?ver=b028d745b6bd1e31409164ebc0b36aee\" srcset=\"https:\/\/brtk.net\/wp-content\/uploads\/2024\/10\/03\/girne-belediyesi-zeytinlik-festivali-9--scaled.jpg?ver=b028d745b6bd1e31409164ebc0b36aee 2560w, https:\/\/brtk.net\/wp-content\/uploads\/2024\/10\/03\/girne-belediyesi-zeytinlik-festivali-9--300x201.jpg?ver=b028d745b6bd1e31409164ebc0b36aee 300w, https:\/\/brtk.net\/wp-content\/uploads\/2024\/10\/03\/girne-belediyesi-zeytinlik-festivali-9--1024x684.jpg?ver=c7db4f766c17bcc08088208040026ed2 1024w, https:\/\/brtk.net\/wp-content\/uploads\/2024\/10\/03\/girne-belediyesi-zeytinlik-festivali-9--768x513.jpg?ver=59b5d7721ae02c5c9b6432e100d14a3d 768w, https:\/\/brtk.net\/wp-content\/uploads\/2024\/10\/03\/girne-belediyesi-zeytinlik-festivali-9--1536x1027.jpg?ver=f5492eed7d51c3d146fe813ee5a1860f 1536w, https:\/\/brtk.net\/wp-content\/uploads\/2024\/10\/03\/girne-belediyesi-zeytinlik-festivali-9--2048x1369.jpg?ver=74fdc6b9666558f558792260d2e70491 2048w\"\/>                            <\/div>\n<p>Festival \u00e7er\u00e7evesinde organize edilen \u00d6d\u00fcll\u00fc Bilardo Turnuvas\u0131 17.00\u2019de, Tenis Turnuvas\u0131 17.30\u2019da ba\u015flad\u0131. Festivalin  19.00\u2019daki resmi a\u00e7\u0131l\u0131\u015f\u0131n ard\u0131ndan 19.30\u2019da Halk Danslar\u0131 G\u00f6sterisi, 19.45\u2019te \u0130brahim \u00d6zbask\u0131n ve Orkestras\u0131 Konseri ve 21.00\u2019de Fikri Karayel Konseri yer ald\u0131.<\/p>\n<p>Bilardo ve tenis turnuvalar\u0131n\u0131n devam edece\u011fi bug\u00fcn ayr\u0131ca 18.30\u2019da k\u00f6y meydan\u0131nda Colourland Prep School\u2019un dans g\u00f6sterisi sahne alacak. Gaziantep B\u00fcy\u00fck\u015fehir Belediyesi Tar\u0131msal Hizmetler Daire Ba\u015fkan\u0131 Kenan Se\u00e7kin\u2019in sunumu ile \u2018G\u00fcn\u00fcm\u00fczde Zeytincilik\u2019 semineri 19.00\u2019da yap\u0131lacak. Ebru &amp; Amor Latino 19.30\u2019da, Antalya Muratpa\u015fa Belediyesi Halk Danslar\u0131 Toplulu\u011fu 20.30\u2019da, Nicosia Dance House 20.45\u2019te sahne alacak. Ebru Ayd\u0131n ise gece 21.00\u2019de konser verecek.<\/p>\n<\/p><\/div>\n<p><script async\n                    defer\n                    crossorigin=\"anonymous\"\n                    src=\"https:\/\/connect.facebook.net\/tr_TR\/sdk.js#xfbml=1&#038;version=v3.3\"\n            ><\/script><\/p>\n","protected":false},"excerpt":{"rendered":"<p>Girne Belediyesi 23\u2019\u00fcnc\u00fc Uluslararas\u0131 Zeytinlik Zeytin Festivali d\u00fcn ak\u015fam e\u015f zamanl\u0131 etkinliklerle ba\u015flad\u0131. Zeytinlik k\u00f6y meydan\u0131ndaki a\u00e7\u0131l\u0131\u015f seremonisinde Girne Belediye Ba\u015fkan\u0131 Murat \u015eenkul, Meclis Ba\u015fkan\u0131 Zorlu T\u00f6re ve Cumhurba\u015fkan\u0131 Ersin Tatar birer konu\u015fma yapt\u0131. Geceye \u00e7ok say\u0131da siyasinin yan\u0131 s\u0131ra T\u00fcrkiye\u2019den konuk belediye ve sivil toplum \u00f6rg\u00fctleri temsilcileri kat\u0131ld\u0131. Zeytin me\u015falesinin yak\u0131lmas\u0131yla resmi a\u00e7\u0131l\u0131\u015f\u0131 ger\u00e7ekle\u015ftirilen [&hellip;]<\/p>\n","protected":false},"author":1,"featured_media":10867,"comment_status":"open","ping_status":"open","sticky":false,"template":"","format":"standard","meta":{"jnews-multi-image_gallery":[],"jnews_single_post":[],"jnews_primary_category":[],"jnews_social_meta":[],"jnews_override_counter":[],"footnotes":""},"categories":[6],"tags":[],"class_list":["post-10866","post","type-post","status-publish","format-standard","has-post-thumbnail","hentry","category-yasam"],"yoast_head":"<!-- This site is optimized with the Yoast SEO plugin v27.4 - https:\/\/yoast.com\/product\/yoast-seo-wordpress\/ -->\n<title>23. Zeytinlik Zeytin Festivali ba\u015flad\u0131 - Kuzeyin Sesi<\/title>\n<meta name=\"robots\" content=\"index, follow, max-snippet:-1, max-image-preview:large, max-video-preview:-1\" \/>\n<link rel=\"canonical\" href=\"https:\/\/kuzeyinsesi.org\/index.php\/2024\/10\/03\/23-zeytinlik-zeytin-festivali-basladi\/\" \/>\n<meta property=\"og:locale\" content=\"tr_TR\" \/>\n<meta property=\"og:type\" content=\"article\" \/>\n<meta property=\"og:title\" content=\"23. Zeytinlik Zeytin Festivali ba\u015flad\u0131 - Kuzeyin Sesi\" \/>\n<meta property=\"og:description\" content=\"Girne Belediyesi 23\u2019\u00fcnc\u00fc Uluslararas\u0131 Zeytinlik Zeytin Festivali d\u00fcn ak\u015fam e\u015f zamanl\u0131 etkinliklerle ba\u015flad\u0131. Zeytinlik k\u00f6y meydan\u0131ndaki a\u00e7\u0131l\u0131\u015f seremonisinde Girne Belediye Ba\u015fkan\u0131 Murat \u015eenkul, Meclis Ba\u015fkan\u0131 Zorlu T\u00f6re ve Cumhurba\u015fkan\u0131 Ersin Tatar birer konu\u015fma yapt\u0131. Geceye \u00e7ok say\u0131da siyasinin yan\u0131 s\u0131ra T\u00fcrkiye\u2019den konuk belediye ve sivil toplum \u00f6rg\u00fctleri temsilcileri kat\u0131ld\u0131. Zeytin me\u015falesinin yak\u0131lmas\u0131yla resmi a\u00e7\u0131l\u0131\u015f\u0131 ger\u00e7ekle\u015ftirilen [&hellip;]\" \/>\n<meta property=\"og:url\" content=\"https:\/\/kuzeyinsesi.org\/index.php\/2024\/10\/03\/23-zeytinlik-zeytin-festivali-basladi\/\" \/>\n<meta property=\"og:site_name\" content=\"Kuzeyin Sesi\" \/>\n<meta property=\"article:publisher\" content=\"https:\/\/www.facebook.com\/kuzeyinsesii\" \/>\n<meta property=\"article:published_time\" content=\"2024-10-03T10:12:35+00:00\" \/>\n<meta property=\"og:image\" content=\"https:\/\/brtk.net\/wp-content\/uploads\/2024\/10\/03\/girne-belediyesi-zeytinlik-festivali-14--scaled.jpg?ver=045a77c9468d64b0ba1fb9005014d315\" \/>\n<meta name=\"author\" content=\"Kuzeyin Sesi\" \/>\n<meta name=\"twitter:card\" content=\"summary_large_image\" \/>\n<meta name=\"twitter:creator\" content=\"@kuzeyinsesii\" \/>\n<meta name=\"twitter:site\" content=\"@kuzeyinsesii\" \/>\n<meta name=\"twitter:label1\" content=\"Yazan:\" \/>\n\t<meta name=\"twitter:data1\" content=\"Kuzeyin Sesi\" \/>\n\t<meta name=\"twitter:label2\" content=\"Tahmini okuma s\u00fcresi\" \/>\n\t<meta name=\"twitter:data2\" content=\"2 dakika\" \/>\n<script type=\"application\/ld+json\" class=\"yoast-schema-graph\">{\"@context\":\"https:\\\/\\\/schema.org\",\"@graph\":[{\"@type\":\"Article\",\"@id\":\"https:\\\/\\\/kuzeyinsesi.org\\\/index.php\\\/2024\\\/10\\\/03\\\/23-zeytinlik-zeytin-festivali-basladi\\\/#article\",\"isPartOf\":{\"@id\":\"https:\\\/\\\/kuzeyinsesi.org\\\/index.php\\\/2024\\\/10\\\/03\\\/23-zeytinlik-zeytin-festivali-basladi\\\/\"},\"author\":{\"name\":\"Kuzeyin Sesi\",\"@id\":\"https:\\\/\\\/kuzeyinsesi.org\\\/#\\\/schema\\\/person\\\/9f859689cdf01485597712386e37f5aa\"},\"headline\":\"23. Zeytinlik Zeytin Festivali ba\u015flad\u0131\",\"datePublished\":\"2024-10-03T10:12:35+00:00\",\"mainEntityOfPage\":{\"@id\":\"https:\\\/\\\/kuzeyinsesi.org\\\/index.php\\\/2024\\\/10\\\/03\\\/23-zeytinlik-zeytin-festivali-basladi\\\/\"},\"wordCount\":411,\"commentCount\":0,\"image\":{\"@id\":\"https:\\\/\\\/kuzeyinsesi.org\\\/index.php\\\/2024\\\/10\\\/03\\\/23-zeytinlik-zeytin-festivali-basladi\\\/#primaryimage\"},\"thumbnailUrl\":\"https:\\\/\\\/kuzeyinsesi.org\\\/wp-content\\\/uploads\\\/2024\\\/10\\\/girne-belediyesi-zeytinlik-festivali-14-scaled.jpg\",\"articleSection\":[\"Ya\u015fam\"],\"inLanguage\":\"tr\",\"potentialAction\":[{\"@type\":\"CommentAction\",\"name\":\"Comment\",\"target\":[\"https:\\\/\\\/kuzeyinsesi.org\\\/index.php\\\/2024\\\/10\\\/03\\\/23-zeytinlik-zeytin-festivali-basladi\\\/#respond\"]}]},{\"@type\":\"WebPage\",\"@id\":\"https:\\\/\\\/kuzeyinsesi.org\\\/index.php\\\/2024\\\/10\\\/03\\\/23-zeytinlik-zeytin-festivali-basladi\\\/\",\"url\":\"https:\\\/\\\/kuzeyinsesi.org\\\/index.php\\\/2024\\\/10\\\/03\\\/23-zeytinlik-zeytin-festivali-basladi\\\/\",\"name\":\"23. Zeytinlik Zeytin Festivali ba\u015flad\u0131 - Kuzeyin Sesi\",\"isPartOf\":{\"@id\":\"https:\\\/\\\/kuzeyinsesi.org\\\/#website\"},\"primaryImageOfPage\":{\"@id\":\"https:\\\/\\\/kuzeyinsesi.org\\\/index.php\\\/2024\\\/10\\\/03\\\/23-zeytinlik-zeytin-festivali-basladi\\\/#primaryimage\"},\"image\":{\"@id\":\"https:\\\/\\\/kuzeyinsesi.org\\\/index.php\\\/2024\\\/10\\\/03\\\/23-zeytinlik-zeytin-festivali-basladi\\\/#primaryimage\"},\"thumbnailUrl\":\"https:\\\/\\\/kuzeyinsesi.org\\\/wp-content\\\/uploads\\\/2024\\\/10\\\/girne-belediyesi-zeytinlik-festivali-14-scaled.jpg\",\"datePublished\":\"2024-10-03T10:12:35+00:00\",\"author\":{\"@id\":\"https:\\\/\\\/kuzeyinsesi.org\\\/#\\\/schema\\\/person\\\/9f859689cdf01485597712386e37f5aa\"},\"breadcrumb\":{\"@id\":\"https:\\\/\\\/kuzeyinsesi.org\\\/index.php\\\/2024\\\/10\\\/03\\\/23-zeytinlik-zeytin-festivali-basladi\\\/#breadcrumb\"},\"inLanguage\":\"tr\",\"potentialAction\":[{\"@type\":\"ReadAction\",\"target\":[\"https:\\\/\\\/kuzeyinsesi.org\\\/index.php\\\/2024\\\/10\\\/03\\\/23-zeytinlik-zeytin-festivali-basladi\\\/\"]}]},{\"@type\":\"ImageObject\",\"inLanguage\":\"tr\",\"@id\":\"https:\\\/\\\/kuzeyinsesi.org\\\/index.php\\\/2024\\\/10\\\/03\\\/23-zeytinlik-zeytin-festivali-basladi\\\/#primaryimage\",\"url\":\"https:\\\/\\\/kuzeyinsesi.org\\\/wp-content\\\/uploads\\\/2024\\\/10\\\/girne-belediyesi-zeytinlik-festivali-14-scaled.jpg\",\"contentUrl\":\"https:\\\/\\\/kuzeyinsesi.org\\\/wp-content\\\/uploads\\\/2024\\\/10\\\/girne-belediyesi-zeytinlik-festivali-14-scaled.jpg\",\"width\":2560,\"height\":1928},{\"@type\":\"BreadcrumbList\",\"@id\":\"https:\\\/\\\/kuzeyinsesi.org\\\/index.php\\\/2024\\\/10\\\/03\\\/23-zeytinlik-zeytin-festivali-basladi\\\/#breadcrumb\",\"itemListElement\":[{\"@type\":\"ListItem\",\"position\":1,\"name\":\"Anasayfa\",\"item\":\"https:\\\/\\\/kuzeyinsesi.org\\\/\"},{\"@type\":\"ListItem\",\"position\":2,\"name\":\"23. Zeytinlik Zeytin Festivali ba\u015flad\u0131\"}]},{\"@type\":\"WebSite\",\"@id\":\"https:\\\/\\\/kuzeyinsesi.org\\\/#website\",\"url\":\"https:\\\/\\\/kuzeyinsesi.org\\\/\",\"name\":\"Kuzeyin Sesi\",\"description\":\"Do\u011fru Haberin Adresi\",\"potentialAction\":[{\"@type\":\"SearchAction\",\"target\":{\"@type\":\"EntryPoint\",\"urlTemplate\":\"https:\\\/\\\/kuzeyinsesi.org\\\/?s={search_term_string}\"},\"query-input\":{\"@type\":\"PropertyValueSpecification\",\"valueRequired\":true,\"valueName\":\"search_term_string\"}}],\"inLanguage\":\"tr\"},{\"@type\":\"Person\",\"@id\":\"https:\\\/\\\/kuzeyinsesi.org\\\/#\\\/schema\\\/person\\\/9f859689cdf01485597712386e37f5aa\",\"name\":\"Kuzeyin Sesi\",\"image\":{\"@type\":\"ImageObject\",\"inLanguage\":\"tr\",\"@id\":\"https:\\\/\\\/secure.gravatar.com\\\/avatar\\\/bab33852abfd8b282518d6ed81826833d77c3c882d9ab608add591ccace47a44?s=96&d=mm&r=g\",\"url\":\"https:\\\/\\\/secure.gravatar.com\\\/avatar\\\/bab33852abfd8b282518d6ed81826833d77c3c882d9ab608add591ccace47a44?s=96&d=mm&r=g\",\"contentUrl\":\"https:\\\/\\\/secure.gravatar.com\\\/avatar\\\/bab33852abfd8b282518d6ed81826833d77c3c882d9ab608add591ccace47a44?s=96&d=mm&r=g\",\"caption\":\"Kuzeyin Sesi\"},\"sameAs\":[\"https:\\\/\\\/kuzeyinsesi.org\"],\"url\":\"https:\\\/\\\/kuzeyinsesi.org\\\/index.php\\\/author\\\/guven\\\/\"}]}<\/script>\n<!-- \/ Yoast SEO plugin. -->","yoast_head_json":{"title":"23. Zeytinlik Zeytin Festivali ba\u015flad\u0131 - Kuzeyin Sesi","robots":{"index":"index","follow":"follow","max-snippet":"max-snippet:-1","max-image-preview":"max-image-preview:large","max-video-preview":"max-video-preview:-1"},"canonical":"https:\/\/kuzeyinsesi.org\/index.php\/2024\/10\/03\/23-zeytinlik-zeytin-festivali-basladi\/","og_locale":"tr_TR","og_type":"article","og_title":"23. Zeytinlik Zeytin Festivali ba\u015flad\u0131 - Kuzeyin Sesi","og_description":"Girne Belediyesi 23\u2019\u00fcnc\u00fc Uluslararas\u0131 Zeytinlik Zeytin Festivali d\u00fcn ak\u015fam e\u015f zamanl\u0131 etkinliklerle ba\u015flad\u0131. Zeytinlik k\u00f6y meydan\u0131ndaki a\u00e7\u0131l\u0131\u015f seremonisinde Girne Belediye Ba\u015fkan\u0131 Murat \u015eenkul, Meclis Ba\u015fkan\u0131 Zorlu T\u00f6re ve Cumhurba\u015fkan\u0131 Ersin Tatar birer konu\u015fma yapt\u0131. Geceye \u00e7ok say\u0131da siyasinin yan\u0131 s\u0131ra T\u00fcrkiye\u2019den konuk belediye ve sivil toplum \u00f6rg\u00fctleri temsilcileri kat\u0131ld\u0131. Zeytin me\u015falesinin yak\u0131lmas\u0131yla resmi a\u00e7\u0131l\u0131\u015f\u0131 ger\u00e7ekle\u015ftirilen [&hellip;]","og_url":"https:\/\/kuzeyinsesi.org\/index.php\/2024\/10\/03\/23-zeytinlik-zeytin-festivali-basladi\/","og_site_name":"Kuzeyin Sesi","article_publisher":"https:\/\/www.facebook.com\/kuzeyinsesii","article_published_time":"2024-10-03T10:12:35+00:00","og_image":[{"url":"https:\/\/brtk.net\/wp-content\/uploads\/2024\/10\/03\/girne-belediyesi-zeytinlik-festivali-14--scaled.jpg?ver=045a77c9468d64b0ba1fb9005014d315","type":"","width":"","height":""}],"author":"Kuzeyin Sesi","twitter_card":"summary_large_image","twitter_creator":"@kuzeyinsesii","twitter_site":"@kuzeyinsesii","twitter_misc":{"Yazan:":"Kuzeyin Sesi","Tahmini okuma s\u00fcresi":"2 dakika"},"schema":{"@context":"https:\/\/schema.org","@graph":[{"@type":"Article","@id":"https:\/\/kuzeyinsesi.org\/index.php\/2024\/10\/03\/23-zeytinlik-zeytin-festivali-basladi\/#article","isPartOf":{"@id":"https:\/\/kuzeyinsesi.org\/index.php\/2024\/10\/03\/23-zeytinlik-zeytin-festivali-basladi\/"},"author":{"name":"Kuzeyin Sesi","@id":"https:\/\/kuzeyinsesi.org\/#\/schema\/person\/9f859689cdf01485597712386e37f5aa"},"headline":"23. Zeytinlik Zeytin Festivali ba\u015flad\u0131","datePublished":"2024-10-03T10:12:35+00:00","mainEntityOfPage":{"@id":"https:\/\/kuzeyinsesi.org\/index.php\/2024\/10\/03\/23-zeytinlik-zeytin-festivali-basladi\/"},"wordCount":411,"commentCount":0,"image":{"@id":"https:\/\/kuzeyinsesi.org\/index.php\/2024\/10\/03\/23-zeytinlik-zeytin-festivali-basladi\/#primaryimage"},"thumbnailUrl":"https:\/\/kuzeyinsesi.org\/wp-content\/uploads\/2024\/10\/girne-belediyesi-zeytinlik-festivali-14-scaled.jpg","articleSection":["Ya\u015fam"],"inLanguage":"tr","potentialAction":[{"@type":"CommentAction","name":"Comment","target":["https:\/\/kuzeyinsesi.org\/index.php\/2024\/10\/03\/23-zeytinlik-zeytin-festivali-basladi\/#respond"]}]},{"@type":"WebPage","@id":"https:\/\/kuzeyinsesi.org\/index.php\/2024\/10\/03\/23-zeytinlik-zeytin-festivali-basladi\/","url":"https:\/\/kuzeyinsesi.org\/index.php\/2024\/10\/03\/23-zeytinlik-zeytin-festivali-basladi\/","name":"23. Zeytinlik Zeytin Festivali ba\u015flad\u0131 - Kuzeyin Sesi","isPartOf":{"@id":"https:\/\/kuzeyinsesi.org\/#website"},"primaryImageOfPage":{"@id":"https:\/\/kuzeyinsesi.org\/index.php\/2024\/10\/03\/23-zeytinlik-zeytin-festivali-basladi\/#primaryimage"},"image":{"@id":"https:\/\/kuzeyinsesi.org\/index.php\/2024\/10\/03\/23-zeytinlik-zeytin-festivali-basladi\/#primaryimage"},"thumbnailUrl":"https:\/\/kuzeyinsesi.org\/wp-content\/uploads\/2024\/10\/girne-belediyesi-zeytinlik-festivali-14-scaled.jpg","datePublished":"2024-10-03T10:12:35+00:00","author":{"@id":"https:\/\/kuzeyinsesi.org\/#\/schema\/person\/9f859689cdf01485597712386e37f5aa"},"breadcrumb":{"@id":"https:\/\/kuzeyinsesi.org\/index.php\/2024\/10\/03\/23-zeytinlik-zeytin-festivali-basladi\/#breadcrumb"},"inLanguage":"tr","potentialAction":[{"@type":"ReadAction","target":["https:\/\/kuzeyinsesi.org\/index.php\/2024\/10\/03\/23-zeytinlik-zeytin-festivali-basladi\/"]}]},{"@type":"ImageObject","inLanguage":"tr","@id":"https:\/\/kuzeyinsesi.org\/index.php\/2024\/10\/03\/23-zeytinlik-zeytin-festivali-basladi\/#primaryimage","url":"https:\/\/kuzeyinsesi.org\/wp-content\/uploads\/2024\/10\/girne-belediyesi-zeytinlik-festivali-14-scaled.jpg","contentUrl":"https:\/\/kuzeyinsesi.org\/wp-content\/uploads\/2024\/10\/girne-belediyesi-zeytinlik-festivali-14-scaled.jpg","width":2560,"height":1928},{"@type":"BreadcrumbList","@id":"https:\/\/kuzeyinsesi.org\/index.php\/2024\/10\/03\/23-zeytinlik-zeytin-festivali-basladi\/#breadcrumb","itemListElement":[{"@type":"ListItem","position":1,"name":"Anasayfa","item":"https:\/\/kuzeyinsesi.org\/"},{"@type":"ListItem","position":2,"name":"23. Zeytinlik Zeytin Festivali ba\u015flad\u0131"}]},{"@type":"WebSite","@id":"https:\/\/kuzeyinsesi.org\/#website","url":"https:\/\/kuzeyinsesi.org\/","name":"Kuzeyin Sesi","description":"Do\u011fru Haberin Adresi","potentialAction":[{"@type":"SearchAction","target":{"@type":"EntryPoint","urlTemplate":"https:\/\/kuzeyinsesi.org\/?s={search_term_string}"},"query-input":{"@type":"PropertyValueSpecification","valueRequired":true,"valueName":"search_term_string"}}],"inLanguage":"tr"},{"@type":"Person","@id":"https:\/\/kuzeyinsesi.org\/#\/schema\/person\/9f859689cdf01485597712386e37f5aa","name":"Kuzeyin Sesi","image":{"@type":"ImageObject","inLanguage":"tr","@id":"https:\/\/secure.gravatar.com\/avatar\/bab33852abfd8b282518d6ed81826833d77c3c882d9ab608add591ccace47a44?s=96&d=mm&r=g","url":"https:\/\/secure.gravatar.com\/avatar\/bab33852abfd8b282518d6ed81826833d77c3c882d9ab608add591ccace47a44?s=96&d=mm&r=g","contentUrl":"https:\/\/secure.gravatar.com\/avatar\/bab33852abfd8b282518d6ed81826833d77c3c882d9ab608add591ccace47a44?s=96&d=mm&r=g","caption":"Kuzeyin Sesi"},"sameAs":["https:\/\/kuzeyinsesi.org"],"url":"https:\/\/kuzeyinsesi.org\/index.php\/author\/guven\/"}]}},"_links":{"self":[{"href":"https:\/\/kuzeyinsesi.org\/index.php\/wp-json\/wp\/v2\/posts\/10866","targetHints":{"allow":["GET"]}}],"collection":[{"href":"https:\/\/kuzeyinsesi.org\/index.php\/wp-json\/wp\/v2\/posts"}],"about":[{"href":"https:\/\/kuzeyinsesi.org\/index.php\/wp-json\/wp\/v2\/types\/post"}],"author":[{"embeddable":true,"href":"https:\/\/kuzeyinsesi.org\/index.php\/wp-json\/wp\/v2\/users\/1"}],"replies":[{"embeddable":true,"href":"https:\/\/kuzeyinsesi.org\/index.php\/wp-json\/wp\/v2\/comments?post=10866"}],"version-history":[{"count":0,"href":"https:\/\/kuzeyinsesi.org\/index.php\/wp-json\/wp\/v2\/posts\/10866\/revisions"}],"wp:featuredmedia":[{"embeddable":true,"href":"https:\/\/kuzeyinsesi.org\/index.php\/wp-json\/wp\/v2\/media\/10867"}],"wp:attachment":[{"href":"https:\/\/kuzeyinsesi.org\/index.php\/wp-json\/wp\/v2\/media?parent=10866"}],"wp:term":[{"taxonomy":"category","embeddable":true,"href":"https:\/\/kuzeyinsesi.org\/index.php\/wp-json\/wp\/v2\/categories?post=10866"},{"taxonomy":"post_tag","embeddable":true,"href":"https:\/\/kuzeyinsesi.org\/index.php\/wp-json\/wp\/v2\/tags?post=10866"}],"curies":[{"name":"wp","href":"https:\/\/api.w.org\/{rel}","templated":true}]}}