{"id":10803,"date":"2024-10-02T13:31:37","date_gmt":"2024-10-02T10:31:37","guid":{"rendered":"https:\/\/kuzeyinsesi.org\/index.php\/2024\/10\/02\/girne-belediyesi-turk-sanat-muzigi-toplulugu-ask-ve-nese-konseri-duzenledi\/"},"modified":"2024-10-02T13:31:37","modified_gmt":"2024-10-02T10:31:37","slug":"girne-belediyesi-turk-sanat-muzigi-toplulugu-ask-ve-nese-konseri-duzenledi","status":"publish","type":"post","link":"https:\/\/kuzeyinsesi.org\/index.php\/2024\/10\/02\/girne-belediyesi-turk-sanat-muzigi-toplulugu-ask-ve-nese-konseri-duzenledi\/","title":{"rendered":"Girne Belediyesi T\u00fcrk Sanat M\u00fczi\u011fi Toplulu\u011fu \u2018A\u015fk ve Ne\u015fe\u2019 konseri d\u00fczenledi"},"content":{"rendered":"<div>\n<p>\u00a0<\/p>\n<div class=\"mariselle-image-container center\">\n                                            <\/div>\n<p style=\"font-weight: 300;\">Girne Belediyesi T\u00fcrk Sanat M\u00fczi\u011fi Toplulu\u011fu \u2018A\u015fk ve Ne\u015fe\u2019 konseri d\u00fczenledi.<\/p>\n<p style=\"font-weight: 300;\">belediyeden verilen bilgiye g\u00f6re, \u2018Girne Ark\u0131n Group Fest24\u2019 kapsam\u0131nda ekim ay\u0131n\u0131n ilk etkinli\u011fi olan konserde, Girne Belediyesi T\u00fcrk Sanat M\u00fczi\u011fi Toplulu\u011fu, birbirinden g\u00fczel \u015fark\u0131lar\u0131 ile dinleyicilere nostalji dolu anlar ya\u015fatt\u0131.<\/p>\n<p style=\"font-weight: 300;\">Konserin sonunda Girne Belediye Ba\u015fkan\u0131 Murat \u015eenkul, \u015eef \u0130hsan G\u00fcrel\u2019e plaket ve \u00e7i\u00e7ek verdi.<\/p>\n<p style=\"font-weight: 300;\"><strong>-23. Zeytinlik Zeytin Festivali ba\u015fl\u0131yor<\/strong><\/p>\n<p style=\"font-weight: 300;\">\u00d6te yandan Girne Belediyesi 23\u2019\u00fcnc\u00fc Uluslararas\u0131 Zeytinlik Zeytin Festivali e\u015f zamanl\u0131 etkinliklerle ba\u015fl\u0131yor.<\/p>\n<p style=\"font-weight: 300;\">Etkinlik kapsam\u0131nda bug\u00fcn 17:00\u2019de \u2018\u00d6d\u00fcll\u00fc Bilardo Turnuvas\u0131\u2019, 17:30\u2019da Girne Belediyesi Tenis Turnuvas\u0131, 19:00\u2019da Festival A\u00e7\u0131l\u0131\u015f\u0131, 19:30 Halk Danslar\u0131 G\u00f6sterisi, 19:45 \u0130brahim \u00d6zbask\u0131n ve Orkestras\u0131 Konseri ve saat 21:00\u2019de ise gecenin son etkinli\u011fi olan Fikri Karayel Konseri yer al\u0131yor. 23\u2019\u00fcnc\u00fc Uluslararas\u0131 Zeytinlik Zeytin Festivali 6 Ekim Pazar g\u00fcn\u00fcne kadar devam edecek.<\/p>\n<\/p><\/div>\n<p><script async\n                    defer\n                    crossorigin=\"anonymous\"\n                    src=\"https:\/\/connect.facebook.net\/tr_TR\/sdk.js#xfbml=1&#038;version=v3.3\"\n            ><\/script><\/p>\n","protected":false},"excerpt":{"rendered":"<p>\u00a0 Girne Belediyesi T\u00fcrk Sanat M\u00fczi\u011fi Toplulu\u011fu \u2018A\u015fk ve Ne\u015fe\u2019 konseri d\u00fczenledi. belediyeden verilen bilgiye g\u00f6re, \u2018Girne Ark\u0131n Group Fest24\u2019 kapsam\u0131nda ekim ay\u0131n\u0131n ilk etkinli\u011fi olan konserde, Girne Belediyesi T\u00fcrk Sanat M\u00fczi\u011fi Toplulu\u011fu, birbirinden g\u00fczel \u015fark\u0131lar\u0131 ile dinleyicilere nostalji dolu anlar ya\u015fatt\u0131. Konserin sonunda Girne Belediye Ba\u015fkan\u0131 Murat \u015eenkul, \u015eef \u0130hsan G\u00fcrel\u2019e plaket ve \u00e7i\u00e7ek [&hellip;]<\/p>\n","protected":false},"author":1,"featured_media":10804,"comment_status":"open","ping_status":"open","sticky":false,"template":"","format":"standard","meta":{"jnews-multi-image_gallery":[],"jnews_single_post":[],"jnews_primary_category":[],"jnews_social_meta":[],"jnews_override_counter":[],"footnotes":""},"categories":[6],"tags":[],"class_list":["post-10803","post","type-post","status-publish","format-standard","has-post-thumbnail","hentry","category-yasam"],"yoast_head":"<!-- This site is optimized with the Yoast SEO plugin v27.4 - https:\/\/yoast.com\/product\/yoast-seo-wordpress\/ -->\n<title>Girne Belediyesi T\u00fcrk Sanat M\u00fczi\u011fi Toplulu\u011fu \u2018A\u015fk ve Ne\u015fe\u2019 konseri d\u00fczenledi - Kuzeyin Sesi<\/title>\n<meta name=\"robots\" content=\"index, follow, max-snippet:-1, max-image-preview:large, max-video-preview:-1\" \/>\n<link rel=\"canonical\" href=\"https:\/\/kuzeyinsesi.org\/index.php\/2024\/10\/02\/girne-belediyesi-turk-sanat-muzigi-toplulugu-ask-ve-nese-konseri-duzenledi\/\" \/>\n<meta property=\"og:locale\" content=\"tr_TR\" \/>\n<meta property=\"og:type\" content=\"article\" \/>\n<meta property=\"og:title\" content=\"Girne Belediyesi T\u00fcrk Sanat M\u00fczi\u011fi Toplulu\u011fu \u2018A\u015fk ve Ne\u015fe\u2019 konseri d\u00fczenledi - Kuzeyin Sesi\" \/>\n<meta property=\"og:description\" content=\"\u00a0 Girne Belediyesi T\u00fcrk Sanat M\u00fczi\u011fi Toplulu\u011fu \u2018A\u015fk ve Ne\u015fe\u2019 konseri d\u00fczenledi. belediyeden verilen bilgiye g\u00f6re, \u2018Girne Ark\u0131n Group Fest24\u2019 kapsam\u0131nda ekim ay\u0131n\u0131n ilk etkinli\u011fi olan konserde, Girne Belediyesi T\u00fcrk Sanat M\u00fczi\u011fi Toplulu\u011fu, birbirinden g\u00fczel \u015fark\u0131lar\u0131 ile dinleyicilere nostalji dolu anlar ya\u015fatt\u0131. Konserin sonunda Girne Belediye Ba\u015fkan\u0131 Murat \u015eenkul, \u015eef \u0130hsan G\u00fcrel\u2019e plaket ve \u00e7i\u00e7ek [&hellip;]\" \/>\n<meta property=\"og:url\" content=\"https:\/\/kuzeyinsesi.org\/index.php\/2024\/10\/02\/girne-belediyesi-turk-sanat-muzigi-toplulugu-ask-ve-nese-konseri-duzenledi\/\" \/>\n<meta property=\"og:site_name\" content=\"Kuzeyin Sesi\" \/>\n<meta property=\"article:publisher\" content=\"https:\/\/www.facebook.com\/kuzeyinsesii\" \/>\n<meta property=\"article:published_time\" content=\"2024-10-02T10:31:37+00:00\" \/>\n<meta property=\"og:image\" content=\"https:\/\/brtk.net\/wp-content\/uploads\/2024\/10\/02\/dada-scaled.jpg?ver=a648840d46a3971ebecd7128a05b9581\" \/>\n<meta name=\"author\" content=\"Kuzeyin Sesi\" \/>\n<meta name=\"twitter:card\" content=\"summary_large_image\" \/>\n<meta name=\"twitter:creator\" content=\"@kuzeyinsesii\" \/>\n<meta name=\"twitter:site\" content=\"@kuzeyinsesii\" \/>\n<meta name=\"twitter:label1\" content=\"Yazan:\" \/>\n\t<meta name=\"twitter:data1\" content=\"Kuzeyin Sesi\" \/>\n\t<meta name=\"twitter:label2\" content=\"Tahmini okuma s\u00fcresi\" \/>\n\t<meta name=\"twitter:data2\" content=\"1 dakika\" \/>\n<script type=\"application\/ld+json\" class=\"yoast-schema-graph\">{\"@context\":\"https:\\\/\\\/schema.org\",\"@graph\":[{\"@type\":\"Article\",\"@id\":\"https:\\\/\\\/kuzeyinsesi.org\\\/index.php\\\/2024\\\/10\\\/02\\\/girne-belediyesi-turk-sanat-muzigi-toplulugu-ask-ve-nese-konseri-duzenledi\\\/#article\",\"isPartOf\":{\"@id\":\"https:\\\/\\\/kuzeyinsesi.org\\\/index.php\\\/2024\\\/10\\\/02\\\/girne-belediyesi-turk-sanat-muzigi-toplulugu-ask-ve-nese-konseri-duzenledi\\\/\"},\"author\":{\"name\":\"Kuzeyin Sesi\",\"@id\":\"https:\\\/\\\/kuzeyinsesi.org\\\/#\\\/schema\\\/person\\\/9f859689cdf01485597712386e37f5aa\"},\"headline\":\"Girne Belediyesi T\u00fcrk Sanat M\u00fczi\u011fi Toplulu\u011fu \u2018A\u015fk ve Ne\u015fe\u2019 konseri d\u00fczenledi\",\"datePublished\":\"2024-10-02T10:31:37+00:00\",\"mainEntityOfPage\":{\"@id\":\"https:\\\/\\\/kuzeyinsesi.org\\\/index.php\\\/2024\\\/10\\\/02\\\/girne-belediyesi-turk-sanat-muzigi-toplulugu-ask-ve-nese-konseri-duzenledi\\\/\"},\"wordCount\":176,\"commentCount\":0,\"image\":{\"@id\":\"https:\\\/\\\/kuzeyinsesi.org\\\/index.php\\\/2024\\\/10\\\/02\\\/girne-belediyesi-turk-sanat-muzigi-toplulugu-ask-ve-nese-konseri-duzenledi\\\/#primaryimage\"},\"thumbnailUrl\":\"https:\\\/\\\/kuzeyinsesi.org\\\/wp-content\\\/uploads\\\/2024\\\/10\\\/dada-scaled.jpg\",\"articleSection\":[\"Ya\u015fam\"],\"inLanguage\":\"tr\",\"potentialAction\":[{\"@type\":\"CommentAction\",\"name\":\"Comment\",\"target\":[\"https:\\\/\\\/kuzeyinsesi.org\\\/index.php\\\/2024\\\/10\\\/02\\\/girne-belediyesi-turk-sanat-muzigi-toplulugu-ask-ve-nese-konseri-duzenledi\\\/#respond\"]}]},{\"@type\":\"WebPage\",\"@id\":\"https:\\\/\\\/kuzeyinsesi.org\\\/index.php\\\/2024\\\/10\\\/02\\\/girne-belediyesi-turk-sanat-muzigi-toplulugu-ask-ve-nese-konseri-duzenledi\\\/\",\"url\":\"https:\\\/\\\/kuzeyinsesi.org\\\/index.php\\\/2024\\\/10\\\/02\\\/girne-belediyesi-turk-sanat-muzigi-toplulugu-ask-ve-nese-konseri-duzenledi\\\/\",\"name\":\"Girne Belediyesi T\u00fcrk Sanat M\u00fczi\u011fi Toplulu\u011fu \u2018A\u015fk ve Ne\u015fe\u2019 konseri d\u00fczenledi - Kuzeyin Sesi\",\"isPartOf\":{\"@id\":\"https:\\\/\\\/kuzeyinsesi.org\\\/#website\"},\"primaryImageOfPage\":{\"@id\":\"https:\\\/\\\/kuzeyinsesi.org\\\/index.php\\\/2024\\\/10\\\/02\\\/girne-belediyesi-turk-sanat-muzigi-toplulugu-ask-ve-nese-konseri-duzenledi\\\/#primaryimage\"},\"image\":{\"@id\":\"https:\\\/\\\/kuzeyinsesi.org\\\/index.php\\\/2024\\\/10\\\/02\\\/girne-belediyesi-turk-sanat-muzigi-toplulugu-ask-ve-nese-konseri-duzenledi\\\/#primaryimage\"},\"thumbnailUrl\":\"https:\\\/\\\/kuzeyinsesi.org\\\/wp-content\\\/uploads\\\/2024\\\/10\\\/dada-scaled.jpg\",\"datePublished\":\"2024-10-02T10:31:37+00:00\",\"author\":{\"@id\":\"https:\\\/\\\/kuzeyinsesi.org\\\/#\\\/schema\\\/person\\\/9f859689cdf01485597712386e37f5aa\"},\"breadcrumb\":{\"@id\":\"https:\\\/\\\/kuzeyinsesi.org\\\/index.php\\\/2024\\\/10\\\/02\\\/girne-belediyesi-turk-sanat-muzigi-toplulugu-ask-ve-nese-konseri-duzenledi\\\/#breadcrumb\"},\"inLanguage\":\"tr\",\"potentialAction\":[{\"@type\":\"ReadAction\",\"target\":[\"https:\\\/\\\/kuzeyinsesi.org\\\/index.php\\\/2024\\\/10\\\/02\\\/girne-belediyesi-turk-sanat-muzigi-toplulugu-ask-ve-nese-konseri-duzenledi\\\/\"]}]},{\"@type\":\"ImageObject\",\"inLanguage\":\"tr\",\"@id\":\"https:\\\/\\\/kuzeyinsesi.org\\\/index.php\\\/2024\\\/10\\\/02\\\/girne-belediyesi-turk-sanat-muzigi-toplulugu-ask-ve-nese-konseri-duzenledi\\\/#primaryimage\",\"url\":\"https:\\\/\\\/kuzeyinsesi.org\\\/wp-content\\\/uploads\\\/2024\\\/10\\\/dada-scaled.jpg\",\"contentUrl\":\"https:\\\/\\\/kuzeyinsesi.org\\\/wp-content\\\/uploads\\\/2024\\\/10\\\/dada-scaled.jpg\",\"width\":2560,\"height\":1928},{\"@type\":\"BreadcrumbList\",\"@id\":\"https:\\\/\\\/kuzeyinsesi.org\\\/index.php\\\/2024\\\/10\\\/02\\\/girne-belediyesi-turk-sanat-muzigi-toplulugu-ask-ve-nese-konseri-duzenledi\\\/#breadcrumb\",\"itemListElement\":[{\"@type\":\"ListItem\",\"position\":1,\"name\":\"Anasayfa\",\"item\":\"https:\\\/\\\/kuzeyinsesi.org\\\/\"},{\"@type\":\"ListItem\",\"position\":2,\"name\":\"Girne Belediyesi T\u00fcrk Sanat M\u00fczi\u011fi Toplulu\u011fu \u2018A\u015fk ve Ne\u015fe\u2019 konseri d\u00fczenledi\"}]},{\"@type\":\"WebSite\",\"@id\":\"https:\\\/\\\/kuzeyinsesi.org\\\/#website\",\"url\":\"https:\\\/\\\/kuzeyinsesi.org\\\/\",\"name\":\"Kuzeyin Sesi\",\"description\":\"Do\u011fru Haberin Adresi\",\"potentialAction\":[{\"@type\":\"SearchAction\",\"target\":{\"@type\":\"EntryPoint\",\"urlTemplate\":\"https:\\\/\\\/kuzeyinsesi.org\\\/?s={search_term_string}\"},\"query-input\":{\"@type\":\"PropertyValueSpecification\",\"valueRequired\":true,\"valueName\":\"search_term_string\"}}],\"inLanguage\":\"tr\"},{\"@type\":\"Person\",\"@id\":\"https:\\\/\\\/kuzeyinsesi.org\\\/#\\\/schema\\\/person\\\/9f859689cdf01485597712386e37f5aa\",\"name\":\"Kuzeyin Sesi\",\"image\":{\"@type\":\"ImageObject\",\"inLanguage\":\"tr\",\"@id\":\"https:\\\/\\\/secure.gravatar.com\\\/avatar\\\/bab33852abfd8b282518d6ed81826833d77c3c882d9ab608add591ccace47a44?s=96&d=mm&r=g\",\"url\":\"https:\\\/\\\/secure.gravatar.com\\\/avatar\\\/bab33852abfd8b282518d6ed81826833d77c3c882d9ab608add591ccace47a44?s=96&d=mm&r=g\",\"contentUrl\":\"https:\\\/\\\/secure.gravatar.com\\\/avatar\\\/bab33852abfd8b282518d6ed81826833d77c3c882d9ab608add591ccace47a44?s=96&d=mm&r=g\",\"caption\":\"Kuzeyin Sesi\"},\"sameAs\":[\"https:\\\/\\\/kuzeyinsesi.org\"],\"url\":\"https:\\\/\\\/kuzeyinsesi.org\\\/index.php\\\/author\\\/guven\\\/\"}]}<\/script>\n<!-- \/ Yoast SEO plugin. -->","yoast_head_json":{"title":"Girne Belediyesi T\u00fcrk Sanat M\u00fczi\u011fi Toplulu\u011fu \u2018A\u015fk ve Ne\u015fe\u2019 konseri d\u00fczenledi - Kuzeyin Sesi","robots":{"index":"index","follow":"follow","max-snippet":"max-snippet:-1","max-image-preview":"max-image-preview:large","max-video-preview":"max-video-preview:-1"},"canonical":"https:\/\/kuzeyinsesi.org\/index.php\/2024\/10\/02\/girne-belediyesi-turk-sanat-muzigi-toplulugu-ask-ve-nese-konseri-duzenledi\/","og_locale":"tr_TR","og_type":"article","og_title":"Girne Belediyesi T\u00fcrk Sanat M\u00fczi\u011fi Toplulu\u011fu \u2018A\u015fk ve Ne\u015fe\u2019 konseri d\u00fczenledi - Kuzeyin Sesi","og_description":"\u00a0 Girne Belediyesi T\u00fcrk Sanat M\u00fczi\u011fi Toplulu\u011fu \u2018A\u015fk ve Ne\u015fe\u2019 konseri d\u00fczenledi. belediyeden verilen bilgiye g\u00f6re, \u2018Girne Ark\u0131n Group Fest24\u2019 kapsam\u0131nda ekim ay\u0131n\u0131n ilk etkinli\u011fi olan konserde, Girne Belediyesi T\u00fcrk Sanat M\u00fczi\u011fi Toplulu\u011fu, birbirinden g\u00fczel \u015fark\u0131lar\u0131 ile dinleyicilere nostalji dolu anlar ya\u015fatt\u0131. Konserin sonunda Girne Belediye Ba\u015fkan\u0131 Murat \u015eenkul, \u015eef \u0130hsan G\u00fcrel\u2019e plaket ve \u00e7i\u00e7ek [&hellip;]","og_url":"https:\/\/kuzeyinsesi.org\/index.php\/2024\/10\/02\/girne-belediyesi-turk-sanat-muzigi-toplulugu-ask-ve-nese-konseri-duzenledi\/","og_site_name":"Kuzeyin Sesi","article_publisher":"https:\/\/www.facebook.com\/kuzeyinsesii","article_published_time":"2024-10-02T10:31:37+00:00","og_image":[{"url":"https:\/\/brtk.net\/wp-content\/uploads\/2024\/10\/02\/dada-scaled.jpg?ver=a648840d46a3971ebecd7128a05b9581","type":"","width":"","height":""}],"author":"Kuzeyin Sesi","twitter_card":"summary_large_image","twitter_creator":"@kuzeyinsesii","twitter_site":"@kuzeyinsesii","twitter_misc":{"Yazan:":"Kuzeyin Sesi","Tahmini okuma s\u00fcresi":"1 dakika"},"schema":{"@context":"https:\/\/schema.org","@graph":[{"@type":"Article","@id":"https:\/\/kuzeyinsesi.org\/index.php\/2024\/10\/02\/girne-belediyesi-turk-sanat-muzigi-toplulugu-ask-ve-nese-konseri-duzenledi\/#article","isPartOf":{"@id":"https:\/\/kuzeyinsesi.org\/index.php\/2024\/10\/02\/girne-belediyesi-turk-sanat-muzigi-toplulugu-ask-ve-nese-konseri-duzenledi\/"},"author":{"name":"Kuzeyin Sesi","@id":"https:\/\/kuzeyinsesi.org\/#\/schema\/person\/9f859689cdf01485597712386e37f5aa"},"headline":"Girne Belediyesi T\u00fcrk Sanat M\u00fczi\u011fi Toplulu\u011fu \u2018A\u015fk ve Ne\u015fe\u2019 konseri d\u00fczenledi","datePublished":"2024-10-02T10:31:37+00:00","mainEntityOfPage":{"@id":"https:\/\/kuzeyinsesi.org\/index.php\/2024\/10\/02\/girne-belediyesi-turk-sanat-muzigi-toplulugu-ask-ve-nese-konseri-duzenledi\/"},"wordCount":176,"commentCount":0,"image":{"@id":"https:\/\/kuzeyinsesi.org\/index.php\/2024\/10\/02\/girne-belediyesi-turk-sanat-muzigi-toplulugu-ask-ve-nese-konseri-duzenledi\/#primaryimage"},"thumbnailUrl":"https:\/\/kuzeyinsesi.org\/wp-content\/uploads\/2024\/10\/dada-scaled.jpg","articleSection":["Ya\u015fam"],"inLanguage":"tr","potentialAction":[{"@type":"CommentAction","name":"Comment","target":["https:\/\/kuzeyinsesi.org\/index.php\/2024\/10\/02\/girne-belediyesi-turk-sanat-muzigi-toplulugu-ask-ve-nese-konseri-duzenledi\/#respond"]}]},{"@type":"WebPage","@id":"https:\/\/kuzeyinsesi.org\/index.php\/2024\/10\/02\/girne-belediyesi-turk-sanat-muzigi-toplulugu-ask-ve-nese-konseri-duzenledi\/","url":"https:\/\/kuzeyinsesi.org\/index.php\/2024\/10\/02\/girne-belediyesi-turk-sanat-muzigi-toplulugu-ask-ve-nese-konseri-duzenledi\/","name":"Girne Belediyesi T\u00fcrk Sanat M\u00fczi\u011fi Toplulu\u011fu \u2018A\u015fk ve Ne\u015fe\u2019 konseri d\u00fczenledi - Kuzeyin Sesi","isPartOf":{"@id":"https:\/\/kuzeyinsesi.org\/#website"},"primaryImageOfPage":{"@id":"https:\/\/kuzeyinsesi.org\/index.php\/2024\/10\/02\/girne-belediyesi-turk-sanat-muzigi-toplulugu-ask-ve-nese-konseri-duzenledi\/#primaryimage"},"image":{"@id":"https:\/\/kuzeyinsesi.org\/index.php\/2024\/10\/02\/girne-belediyesi-turk-sanat-muzigi-toplulugu-ask-ve-nese-konseri-duzenledi\/#primaryimage"},"thumbnailUrl":"https:\/\/kuzeyinsesi.org\/wp-content\/uploads\/2024\/10\/dada-scaled.jpg","datePublished":"2024-10-02T10:31:37+00:00","author":{"@id":"https:\/\/kuzeyinsesi.org\/#\/schema\/person\/9f859689cdf01485597712386e37f5aa"},"breadcrumb":{"@id":"https:\/\/kuzeyinsesi.org\/index.php\/2024\/10\/02\/girne-belediyesi-turk-sanat-muzigi-toplulugu-ask-ve-nese-konseri-duzenledi\/#breadcrumb"},"inLanguage":"tr","potentialAction":[{"@type":"ReadAction","target":["https:\/\/kuzeyinsesi.org\/index.php\/2024\/10\/02\/girne-belediyesi-turk-sanat-muzigi-toplulugu-ask-ve-nese-konseri-duzenledi\/"]}]},{"@type":"ImageObject","inLanguage":"tr","@id":"https:\/\/kuzeyinsesi.org\/index.php\/2024\/10\/02\/girne-belediyesi-turk-sanat-muzigi-toplulugu-ask-ve-nese-konseri-duzenledi\/#primaryimage","url":"https:\/\/kuzeyinsesi.org\/wp-content\/uploads\/2024\/10\/dada-scaled.jpg","contentUrl":"https:\/\/kuzeyinsesi.org\/wp-content\/uploads\/2024\/10\/dada-scaled.jpg","width":2560,"height":1928},{"@type":"BreadcrumbList","@id":"https:\/\/kuzeyinsesi.org\/index.php\/2024\/10\/02\/girne-belediyesi-turk-sanat-muzigi-toplulugu-ask-ve-nese-konseri-duzenledi\/#breadcrumb","itemListElement":[{"@type":"ListItem","position":1,"name":"Anasayfa","item":"https:\/\/kuzeyinsesi.org\/"},{"@type":"ListItem","position":2,"name":"Girne Belediyesi T\u00fcrk Sanat M\u00fczi\u011fi Toplulu\u011fu \u2018A\u015fk ve Ne\u015fe\u2019 konseri d\u00fczenledi"}]},{"@type":"WebSite","@id":"https:\/\/kuzeyinsesi.org\/#website","url":"https:\/\/kuzeyinsesi.org\/","name":"Kuzeyin Sesi","description":"Do\u011fru Haberin Adresi","potentialAction":[{"@type":"SearchAction","target":{"@type":"EntryPoint","urlTemplate":"https:\/\/kuzeyinsesi.org\/?s={search_term_string}"},"query-input":{"@type":"PropertyValueSpecification","valueRequired":true,"valueName":"search_term_string"}}],"inLanguage":"tr"},{"@type":"Person","@id":"https:\/\/kuzeyinsesi.org\/#\/schema\/person\/9f859689cdf01485597712386e37f5aa","name":"Kuzeyin Sesi","image":{"@type":"ImageObject","inLanguage":"tr","@id":"https:\/\/secure.gravatar.com\/avatar\/bab33852abfd8b282518d6ed81826833d77c3c882d9ab608add591ccace47a44?s=96&d=mm&r=g","url":"https:\/\/secure.gravatar.com\/avatar\/bab33852abfd8b282518d6ed81826833d77c3c882d9ab608add591ccace47a44?s=96&d=mm&r=g","contentUrl":"https:\/\/secure.gravatar.com\/avatar\/bab33852abfd8b282518d6ed81826833d77c3c882d9ab608add591ccace47a44?s=96&d=mm&r=g","caption":"Kuzeyin Sesi"},"sameAs":["https:\/\/kuzeyinsesi.org"],"url":"https:\/\/kuzeyinsesi.org\/index.php\/author\/guven\/"}]}},"_links":{"self":[{"href":"https:\/\/kuzeyinsesi.org\/index.php\/wp-json\/wp\/v2\/posts\/10803","targetHints":{"allow":["GET"]}}],"collection":[{"href":"https:\/\/kuzeyinsesi.org\/index.php\/wp-json\/wp\/v2\/posts"}],"about":[{"href":"https:\/\/kuzeyinsesi.org\/index.php\/wp-json\/wp\/v2\/types\/post"}],"author":[{"embeddable":true,"href":"https:\/\/kuzeyinsesi.org\/index.php\/wp-json\/wp\/v2\/users\/1"}],"replies":[{"embeddable":true,"href":"https:\/\/kuzeyinsesi.org\/index.php\/wp-json\/wp\/v2\/comments?post=10803"}],"version-history":[{"count":0,"href":"https:\/\/kuzeyinsesi.org\/index.php\/wp-json\/wp\/v2\/posts\/10803\/revisions"}],"wp:featuredmedia":[{"embeddable":true,"href":"https:\/\/kuzeyinsesi.org\/index.php\/wp-json\/wp\/v2\/media\/10804"}],"wp:attachment":[{"href":"https:\/\/kuzeyinsesi.org\/index.php\/wp-json\/wp\/v2\/media?parent=10803"}],"wp:term":[{"taxonomy":"category","embeddable":true,"href":"https:\/\/kuzeyinsesi.org\/index.php\/wp-json\/wp\/v2\/categories?post=10803"},{"taxonomy":"post_tag","embeddable":true,"href":"https:\/\/kuzeyinsesi.org\/index.php\/wp-json\/wp\/v2\/tags?post=10803"}],"curies":[{"name":"wp","href":"https:\/\/api.w.org\/{rel}","templated":true}]}}