{"id":10801,"date":"2024-10-02T12:27:23","date_gmt":"2024-10-02T09:27:23","guid":{"rendered":"https:\/\/kuzeyinsesi.org\/index.php\/2024\/10\/02\/liselerarasi-muzik-yarismasi-belgeseli-yayinlandi\/"},"modified":"2024-10-02T12:27:23","modified_gmt":"2024-10-02T09:27:23","slug":"liselerarasi-muzik-yarismasi-belgeseli-yayinlandi","status":"publish","type":"post","link":"https:\/\/kuzeyinsesi.org\/index.php\/2024\/10\/02\/liselerarasi-muzik-yarismasi-belgeseli-yayinlandi\/","title":{"rendered":"\u201cLiseleraras\u0131 M\u00fczik Yar\u0131\u015fmas\u0131\u201d belgeseli yay\u0131nland\u0131"},"content":{"rendered":"<div>\n<div class=\"mariselle-image-container center\">\n                                            <\/div>\n<p>Milli E\u011fitim Bakanl\u0131\u011f\u0131 ile Telsim\u2019in birlikte d\u00fczenledi\u011fi \u201cTelsim Freezone Liseleraras\u0131 M\u00fczik Yar\u0131\u015fmas\u0131\u201d belgeseli yay\u0131nland\u0131.<\/p>\n<p>Telsim\u2019den verilen bilgiye g\u00f6re, belgeselde, Milli E\u011fitim Bakan\u0131 Naz\u0131m \u00c7avu\u015fo\u011flu, Telsim Genel M\u00fcd\u00fcr\u00fc Sefer T\u00fcz, Genel Orta \u00d6\u011fretim Dairesi M\u00fcd\u00fcr\u00fc Cengiz Topel Uzun ve Telsim Genel M\u00fcd\u00fcr Yard\u0131mc\u0131s\u0131 Fevzi Tanp\u0131nar\u2019\u0131n yan\u0131 s\u0131ra yar\u0131\u015fmaya kat\u0131larak, m\u00fczik ve meslek hayatlar\u0131na y\u00f6n veren m\u00fczisyenler, m\u00fczik \u00f6\u011fretmenleri ve j\u00fcri \u00fcyeleri yer al\u0131yor.<\/p>\n<p>Liseli gen\u00e7lere y\u00f6nelik \u201c\u0130\u00e7indeki Yetene\u011fi Ke\u015ffet\u201d slogan\u0131yla d\u00fczenlenen Telsim Freezone Liseleraras\u0131 M\u00fczik Yar\u0131\u015fmas\u0131\u2019n\u0131n 10\u2019uncu y\u0131l belgeselinde, ilk ad\u0131mlar\u0131ndan g\u00fcn\u00fcm\u00fcze, 10 y\u0131ll\u0131k ser\u00fcven izleyicilerle payla\u015f\u0131l\u0131yor. Belgeselde, yar\u0131\u015fmaya kat\u0131lan gen\u00e7 yeteneklerin m\u00fccadeleleri, ba\u015far\u0131lar\u0131, hayalleri ve yar\u0131\u015fma sonras\u0131ndaki geli\u015fimleri aktar\u0131l\u0131yor.<\/p>\n<p>Yar\u0131\u015fmada, bug\u00fcne kadar yakla\u015f\u0131k 1400 yar\u0131\u015fmac\u0131 \u00f6\u011frenci ve 77 m\u00fczik \u00f6\u011fretmeninin yer ald\u0131\u011f\u0131 belirtilen a\u00e7\u0131klamada, Telsim Freezone Liseleraras\u0131 M\u00fczik Yar\u0131\u015fmas\u0131n\u0131n ileriki y\u0131llarda da devam ederek, bir \u00e7ok yetenekli gence \u0131\u015f\u0131k tutmaya devam edece\u011fi belirtildi.<\/p>\n<p>Belgeselde, \u00f6\u011frenciler, G\u00fcler \u00d6zgencil, Emre \u00d6zarabac\u0131, G\u00fcnay Olkan, Berk Ak\u0131mc\u0131, Seren Co\u015faner, Bekem Nejat Kocaismail, Melisa Karanl\u0131k, Nihat \u00d6zy\u00fcrekliler, Naciye A\u015f\u0131ksoy, Mustafa Basrio\u011flu, Mustafa Sel\u00e7uk \u00dcnsal, Kayra Sururi, Berk Ya\u011fl\u0131 ve G\u00f6kberk \u00c7\u0131rako\u011flu, j\u00fcri \u00fcyeleri, Muhittin Yang\u0131n, H\u00fcseyin K\u0131rm\u0131z\u0131 ve Serdar Denkta\u015f ile m\u00fczik \u00f6\u011fretmenleri, K\u00fcr\u015fat \u00d6zt\u00fcrk, Z\u00fchre Canatan ve Tolga Ruhi yer al\u0131yor.<\/p>\n<\/p><\/div>\n<p><script async\n                    defer\n                    crossorigin=\"anonymous\"\n                    src=\"https:\/\/connect.facebook.net\/tr_TR\/sdk.js#xfbml=1&#038;version=v3.3\"\n            ><\/script><\/p>\n","protected":false},"excerpt":{"rendered":"<p>Milli E\u011fitim Bakanl\u0131\u011f\u0131 ile Telsim\u2019in birlikte d\u00fczenledi\u011fi \u201cTelsim Freezone Liseleraras\u0131 M\u00fczik Yar\u0131\u015fmas\u0131\u201d belgeseli yay\u0131nland\u0131. Telsim\u2019den verilen bilgiye g\u00f6re, belgeselde, Milli E\u011fitim Bakan\u0131 Naz\u0131m \u00c7avu\u015fo\u011flu, Telsim Genel M\u00fcd\u00fcr\u00fc Sefer T\u00fcz, Genel Orta \u00d6\u011fretim Dairesi M\u00fcd\u00fcr\u00fc Cengiz Topel Uzun ve Telsim Genel M\u00fcd\u00fcr Yard\u0131mc\u0131s\u0131 Fevzi Tanp\u0131nar\u2019\u0131n yan\u0131 s\u0131ra yar\u0131\u015fmaya kat\u0131larak, m\u00fczik ve meslek hayatlar\u0131na y\u00f6n veren m\u00fczisyenler, [&hellip;]<\/p>\n","protected":false},"author":1,"featured_media":10802,"comment_status":"open","ping_status":"open","sticky":false,"template":"","format":"standard","meta":{"jnews-multi-image_gallery":[],"jnews_single_post":[],"jnews_primary_category":[],"jnews_social_meta":[],"jnews_override_counter":[],"footnotes":""},"categories":[6],"tags":[],"class_list":["post-10801","post","type-post","status-publish","format-standard","has-post-thumbnail","hentry","category-yasam"],"yoast_head":"<!-- This site is optimized with the Yoast SEO plugin v27.4 - https:\/\/yoast.com\/product\/yoast-seo-wordpress\/ -->\n<title>\u201cLiseleraras\u0131 M\u00fczik Yar\u0131\u015fmas\u0131\u201d belgeseli yay\u0131nland\u0131 - Kuzeyin Sesi<\/title>\n<meta name=\"robots\" content=\"index, follow, max-snippet:-1, max-image-preview:large, max-video-preview:-1\" \/>\n<link rel=\"canonical\" href=\"https:\/\/kuzeyinsesi.org\/index.php\/2024\/10\/02\/liselerarasi-muzik-yarismasi-belgeseli-yayinlandi\/\" \/>\n<meta property=\"og:locale\" content=\"tr_TR\" \/>\n<meta property=\"og:type\" content=\"article\" \/>\n<meta property=\"og:title\" content=\"\u201cLiseleraras\u0131 M\u00fczik Yar\u0131\u015fmas\u0131\u201d belgeseli yay\u0131nland\u0131 - Kuzeyin Sesi\" \/>\n<meta property=\"og:description\" content=\"Milli E\u011fitim Bakanl\u0131\u011f\u0131 ile Telsim\u2019in birlikte d\u00fczenledi\u011fi \u201cTelsim Freezone Liseleraras\u0131 M\u00fczik Yar\u0131\u015fmas\u0131\u201d belgeseli yay\u0131nland\u0131. Telsim\u2019den verilen bilgiye g\u00f6re, belgeselde, Milli E\u011fitim Bakan\u0131 Naz\u0131m \u00c7avu\u015fo\u011flu, Telsim Genel M\u00fcd\u00fcr\u00fc Sefer T\u00fcz, Genel Orta \u00d6\u011fretim Dairesi M\u00fcd\u00fcr\u00fc Cengiz Topel Uzun ve Telsim Genel M\u00fcd\u00fcr Yard\u0131mc\u0131s\u0131 Fevzi Tanp\u0131nar\u2019\u0131n yan\u0131 s\u0131ra yar\u0131\u015fmaya kat\u0131larak, m\u00fczik ve meslek hayatlar\u0131na y\u00f6n veren m\u00fczisyenler, [&hellip;]\" \/>\n<meta property=\"og:url\" content=\"https:\/\/kuzeyinsesi.org\/index.php\/2024\/10\/02\/liselerarasi-muzik-yarismasi-belgeseli-yayinlandi\/\" \/>\n<meta property=\"og:site_name\" content=\"Kuzeyin Sesi\" \/>\n<meta property=\"article:publisher\" content=\"https:\/\/www.facebook.com\/kuzeyinsesii\" \/>\n<meta property=\"article:published_time\" content=\"2024-10-02T09:27:23+00:00\" \/>\n<meta property=\"og:image\" content=\"https:\/\/brtk.net\/wp-content\/uploads\/2024\/10\/02\/54545443.jpg?ver=51f15def1acd766d2738a7a8f6ddf984\" \/>\n<meta name=\"author\" content=\"Kuzeyin Sesi\" \/>\n<meta name=\"twitter:card\" content=\"summary_large_image\" \/>\n<meta name=\"twitter:creator\" content=\"@kuzeyinsesii\" \/>\n<meta name=\"twitter:site\" content=\"@kuzeyinsesii\" \/>\n<meta name=\"twitter:label1\" content=\"Yazan:\" \/>\n\t<meta name=\"twitter:data1\" content=\"Kuzeyin Sesi\" \/>\n\t<meta name=\"twitter:label2\" content=\"Tahmini okuma s\u00fcresi\" \/>\n\t<meta name=\"twitter:data2\" content=\"1 dakika\" \/>\n<script type=\"application\/ld+json\" class=\"yoast-schema-graph\">{\"@context\":\"https:\\\/\\\/schema.org\",\"@graph\":[{\"@type\":\"Article\",\"@id\":\"https:\\\/\\\/kuzeyinsesi.org\\\/index.php\\\/2024\\\/10\\\/02\\\/liselerarasi-muzik-yarismasi-belgeseli-yayinlandi\\\/#article\",\"isPartOf\":{\"@id\":\"https:\\\/\\\/kuzeyinsesi.org\\\/index.php\\\/2024\\\/10\\\/02\\\/liselerarasi-muzik-yarismasi-belgeseli-yayinlandi\\\/\"},\"author\":{\"name\":\"Kuzeyin Sesi\",\"@id\":\"https:\\\/\\\/kuzeyinsesi.org\\\/#\\\/schema\\\/person\\\/9f859689cdf01485597712386e37f5aa\"},\"headline\":\"\u201cLiseleraras\u0131 M\u00fczik Yar\u0131\u015fmas\u0131\u201d belgeseli yay\u0131nland\u0131\",\"datePublished\":\"2024-10-02T09:27:23+00:00\",\"mainEntityOfPage\":{\"@id\":\"https:\\\/\\\/kuzeyinsesi.org\\\/index.php\\\/2024\\\/10\\\/02\\\/liselerarasi-muzik-yarismasi-belgeseli-yayinlandi\\\/\"},\"wordCount\":292,\"commentCount\":0,\"image\":{\"@id\":\"https:\\\/\\\/kuzeyinsesi.org\\\/index.php\\\/2024\\\/10\\\/02\\\/liselerarasi-muzik-yarismasi-belgeseli-yayinlandi\\\/#primaryimage\"},\"thumbnailUrl\":\"https:\\\/\\\/kuzeyinsesi.org\\\/wp-content\\\/uploads\\\/2024\\\/10\\\/54545443.jpg\",\"articleSection\":[\"Ya\u015fam\"],\"inLanguage\":\"tr\",\"potentialAction\":[{\"@type\":\"CommentAction\",\"name\":\"Comment\",\"target\":[\"https:\\\/\\\/kuzeyinsesi.org\\\/index.php\\\/2024\\\/10\\\/02\\\/liselerarasi-muzik-yarismasi-belgeseli-yayinlandi\\\/#respond\"]}]},{\"@type\":\"WebPage\",\"@id\":\"https:\\\/\\\/kuzeyinsesi.org\\\/index.php\\\/2024\\\/10\\\/02\\\/liselerarasi-muzik-yarismasi-belgeseli-yayinlandi\\\/\",\"url\":\"https:\\\/\\\/kuzeyinsesi.org\\\/index.php\\\/2024\\\/10\\\/02\\\/liselerarasi-muzik-yarismasi-belgeseli-yayinlandi\\\/\",\"name\":\"\u201cLiseleraras\u0131 M\u00fczik Yar\u0131\u015fmas\u0131\u201d belgeseli yay\u0131nland\u0131 - Kuzeyin Sesi\",\"isPartOf\":{\"@id\":\"https:\\\/\\\/kuzeyinsesi.org\\\/#website\"},\"primaryImageOfPage\":{\"@id\":\"https:\\\/\\\/kuzeyinsesi.org\\\/index.php\\\/2024\\\/10\\\/02\\\/liselerarasi-muzik-yarismasi-belgeseli-yayinlandi\\\/#primaryimage\"},\"image\":{\"@id\":\"https:\\\/\\\/kuzeyinsesi.org\\\/index.php\\\/2024\\\/10\\\/02\\\/liselerarasi-muzik-yarismasi-belgeseli-yayinlandi\\\/#primaryimage\"},\"thumbnailUrl\":\"https:\\\/\\\/kuzeyinsesi.org\\\/wp-content\\\/uploads\\\/2024\\\/10\\\/54545443.jpg\",\"datePublished\":\"2024-10-02T09:27:23+00:00\",\"author\":{\"@id\":\"https:\\\/\\\/kuzeyinsesi.org\\\/#\\\/schema\\\/person\\\/9f859689cdf01485597712386e37f5aa\"},\"breadcrumb\":{\"@id\":\"https:\\\/\\\/kuzeyinsesi.org\\\/index.php\\\/2024\\\/10\\\/02\\\/liselerarasi-muzik-yarismasi-belgeseli-yayinlandi\\\/#breadcrumb\"},\"inLanguage\":\"tr\",\"potentialAction\":[{\"@type\":\"ReadAction\",\"target\":[\"https:\\\/\\\/kuzeyinsesi.org\\\/index.php\\\/2024\\\/10\\\/02\\\/liselerarasi-muzik-yarismasi-belgeseli-yayinlandi\\\/\"]}]},{\"@type\":\"ImageObject\",\"inLanguage\":\"tr\",\"@id\":\"https:\\\/\\\/kuzeyinsesi.org\\\/index.php\\\/2024\\\/10\\\/02\\\/liselerarasi-muzik-yarismasi-belgeseli-yayinlandi\\\/#primaryimage\",\"url\":\"https:\\\/\\\/kuzeyinsesi.org\\\/wp-content\\\/uploads\\\/2024\\\/10\\\/54545443.jpg\",\"contentUrl\":\"https:\\\/\\\/kuzeyinsesi.org\\\/wp-content\\\/uploads\\\/2024\\\/10\\\/54545443.jpg\",\"width\":960,\"height\":960},{\"@type\":\"BreadcrumbList\",\"@id\":\"https:\\\/\\\/kuzeyinsesi.org\\\/index.php\\\/2024\\\/10\\\/02\\\/liselerarasi-muzik-yarismasi-belgeseli-yayinlandi\\\/#breadcrumb\",\"itemListElement\":[{\"@type\":\"ListItem\",\"position\":1,\"name\":\"Anasayfa\",\"item\":\"https:\\\/\\\/kuzeyinsesi.org\\\/\"},{\"@type\":\"ListItem\",\"position\":2,\"name\":\"\u201cLiseleraras\u0131 M\u00fczik Yar\u0131\u015fmas\u0131\u201d belgeseli yay\u0131nland\u0131\"}]},{\"@type\":\"WebSite\",\"@id\":\"https:\\\/\\\/kuzeyinsesi.org\\\/#website\",\"url\":\"https:\\\/\\\/kuzeyinsesi.org\\\/\",\"name\":\"Kuzeyin Sesi\",\"description\":\"Do\u011fru Haberin Adresi\",\"potentialAction\":[{\"@type\":\"SearchAction\",\"target\":{\"@type\":\"EntryPoint\",\"urlTemplate\":\"https:\\\/\\\/kuzeyinsesi.org\\\/?s={search_term_string}\"},\"query-input\":{\"@type\":\"PropertyValueSpecification\",\"valueRequired\":true,\"valueName\":\"search_term_string\"}}],\"inLanguage\":\"tr\"},{\"@type\":\"Person\",\"@id\":\"https:\\\/\\\/kuzeyinsesi.org\\\/#\\\/schema\\\/person\\\/9f859689cdf01485597712386e37f5aa\",\"name\":\"Kuzeyin Sesi\",\"image\":{\"@type\":\"ImageObject\",\"inLanguage\":\"tr\",\"@id\":\"https:\\\/\\\/secure.gravatar.com\\\/avatar\\\/bab33852abfd8b282518d6ed81826833d77c3c882d9ab608add591ccace47a44?s=96&d=mm&r=g\",\"url\":\"https:\\\/\\\/secure.gravatar.com\\\/avatar\\\/bab33852abfd8b282518d6ed81826833d77c3c882d9ab608add591ccace47a44?s=96&d=mm&r=g\",\"contentUrl\":\"https:\\\/\\\/secure.gravatar.com\\\/avatar\\\/bab33852abfd8b282518d6ed81826833d77c3c882d9ab608add591ccace47a44?s=96&d=mm&r=g\",\"caption\":\"Kuzeyin Sesi\"},\"sameAs\":[\"https:\\\/\\\/kuzeyinsesi.org\"],\"url\":\"https:\\\/\\\/kuzeyinsesi.org\\\/index.php\\\/author\\\/guven\\\/\"}]}<\/script>\n<!-- \/ Yoast SEO plugin. -->","yoast_head_json":{"title":"\u201cLiseleraras\u0131 M\u00fczik Yar\u0131\u015fmas\u0131\u201d belgeseli yay\u0131nland\u0131 - Kuzeyin Sesi","robots":{"index":"index","follow":"follow","max-snippet":"max-snippet:-1","max-image-preview":"max-image-preview:large","max-video-preview":"max-video-preview:-1"},"canonical":"https:\/\/kuzeyinsesi.org\/index.php\/2024\/10\/02\/liselerarasi-muzik-yarismasi-belgeseli-yayinlandi\/","og_locale":"tr_TR","og_type":"article","og_title":"\u201cLiseleraras\u0131 M\u00fczik Yar\u0131\u015fmas\u0131\u201d belgeseli yay\u0131nland\u0131 - Kuzeyin Sesi","og_description":"Milli E\u011fitim Bakanl\u0131\u011f\u0131 ile Telsim\u2019in birlikte d\u00fczenledi\u011fi \u201cTelsim Freezone Liseleraras\u0131 M\u00fczik Yar\u0131\u015fmas\u0131\u201d belgeseli yay\u0131nland\u0131. Telsim\u2019den verilen bilgiye g\u00f6re, belgeselde, Milli E\u011fitim Bakan\u0131 Naz\u0131m \u00c7avu\u015fo\u011flu, Telsim Genel M\u00fcd\u00fcr\u00fc Sefer T\u00fcz, Genel Orta \u00d6\u011fretim Dairesi M\u00fcd\u00fcr\u00fc Cengiz Topel Uzun ve Telsim Genel M\u00fcd\u00fcr Yard\u0131mc\u0131s\u0131 Fevzi Tanp\u0131nar\u2019\u0131n yan\u0131 s\u0131ra yar\u0131\u015fmaya kat\u0131larak, m\u00fczik ve meslek hayatlar\u0131na y\u00f6n veren m\u00fczisyenler, [&hellip;]","og_url":"https:\/\/kuzeyinsesi.org\/index.php\/2024\/10\/02\/liselerarasi-muzik-yarismasi-belgeseli-yayinlandi\/","og_site_name":"Kuzeyin Sesi","article_publisher":"https:\/\/www.facebook.com\/kuzeyinsesii","article_published_time":"2024-10-02T09:27:23+00:00","og_image":[{"url":"https:\/\/brtk.net\/wp-content\/uploads\/2024\/10\/02\/54545443.jpg?ver=51f15def1acd766d2738a7a8f6ddf984","type":"","width":"","height":""}],"author":"Kuzeyin Sesi","twitter_card":"summary_large_image","twitter_creator":"@kuzeyinsesii","twitter_site":"@kuzeyinsesii","twitter_misc":{"Yazan:":"Kuzeyin Sesi","Tahmini okuma s\u00fcresi":"1 dakika"},"schema":{"@context":"https:\/\/schema.org","@graph":[{"@type":"Article","@id":"https:\/\/kuzeyinsesi.org\/index.php\/2024\/10\/02\/liselerarasi-muzik-yarismasi-belgeseli-yayinlandi\/#article","isPartOf":{"@id":"https:\/\/kuzeyinsesi.org\/index.php\/2024\/10\/02\/liselerarasi-muzik-yarismasi-belgeseli-yayinlandi\/"},"author":{"name":"Kuzeyin Sesi","@id":"https:\/\/kuzeyinsesi.org\/#\/schema\/person\/9f859689cdf01485597712386e37f5aa"},"headline":"\u201cLiseleraras\u0131 M\u00fczik Yar\u0131\u015fmas\u0131\u201d belgeseli yay\u0131nland\u0131","datePublished":"2024-10-02T09:27:23+00:00","mainEntityOfPage":{"@id":"https:\/\/kuzeyinsesi.org\/index.php\/2024\/10\/02\/liselerarasi-muzik-yarismasi-belgeseli-yayinlandi\/"},"wordCount":292,"commentCount":0,"image":{"@id":"https:\/\/kuzeyinsesi.org\/index.php\/2024\/10\/02\/liselerarasi-muzik-yarismasi-belgeseli-yayinlandi\/#primaryimage"},"thumbnailUrl":"https:\/\/kuzeyinsesi.org\/wp-content\/uploads\/2024\/10\/54545443.jpg","articleSection":["Ya\u015fam"],"inLanguage":"tr","potentialAction":[{"@type":"CommentAction","name":"Comment","target":["https:\/\/kuzeyinsesi.org\/index.php\/2024\/10\/02\/liselerarasi-muzik-yarismasi-belgeseli-yayinlandi\/#respond"]}]},{"@type":"WebPage","@id":"https:\/\/kuzeyinsesi.org\/index.php\/2024\/10\/02\/liselerarasi-muzik-yarismasi-belgeseli-yayinlandi\/","url":"https:\/\/kuzeyinsesi.org\/index.php\/2024\/10\/02\/liselerarasi-muzik-yarismasi-belgeseli-yayinlandi\/","name":"\u201cLiseleraras\u0131 M\u00fczik Yar\u0131\u015fmas\u0131\u201d belgeseli yay\u0131nland\u0131 - Kuzeyin Sesi","isPartOf":{"@id":"https:\/\/kuzeyinsesi.org\/#website"},"primaryImageOfPage":{"@id":"https:\/\/kuzeyinsesi.org\/index.php\/2024\/10\/02\/liselerarasi-muzik-yarismasi-belgeseli-yayinlandi\/#primaryimage"},"image":{"@id":"https:\/\/kuzeyinsesi.org\/index.php\/2024\/10\/02\/liselerarasi-muzik-yarismasi-belgeseli-yayinlandi\/#primaryimage"},"thumbnailUrl":"https:\/\/kuzeyinsesi.org\/wp-content\/uploads\/2024\/10\/54545443.jpg","datePublished":"2024-10-02T09:27:23+00:00","author":{"@id":"https:\/\/kuzeyinsesi.org\/#\/schema\/person\/9f859689cdf01485597712386e37f5aa"},"breadcrumb":{"@id":"https:\/\/kuzeyinsesi.org\/index.php\/2024\/10\/02\/liselerarasi-muzik-yarismasi-belgeseli-yayinlandi\/#breadcrumb"},"inLanguage":"tr","potentialAction":[{"@type":"ReadAction","target":["https:\/\/kuzeyinsesi.org\/index.php\/2024\/10\/02\/liselerarasi-muzik-yarismasi-belgeseli-yayinlandi\/"]}]},{"@type":"ImageObject","inLanguage":"tr","@id":"https:\/\/kuzeyinsesi.org\/index.php\/2024\/10\/02\/liselerarasi-muzik-yarismasi-belgeseli-yayinlandi\/#primaryimage","url":"https:\/\/kuzeyinsesi.org\/wp-content\/uploads\/2024\/10\/54545443.jpg","contentUrl":"https:\/\/kuzeyinsesi.org\/wp-content\/uploads\/2024\/10\/54545443.jpg","width":960,"height":960},{"@type":"BreadcrumbList","@id":"https:\/\/kuzeyinsesi.org\/index.php\/2024\/10\/02\/liselerarasi-muzik-yarismasi-belgeseli-yayinlandi\/#breadcrumb","itemListElement":[{"@type":"ListItem","position":1,"name":"Anasayfa","item":"https:\/\/kuzeyinsesi.org\/"},{"@type":"ListItem","position":2,"name":"\u201cLiseleraras\u0131 M\u00fczik Yar\u0131\u015fmas\u0131\u201d belgeseli yay\u0131nland\u0131"}]},{"@type":"WebSite","@id":"https:\/\/kuzeyinsesi.org\/#website","url":"https:\/\/kuzeyinsesi.org\/","name":"Kuzeyin Sesi","description":"Do\u011fru Haberin Adresi","potentialAction":[{"@type":"SearchAction","target":{"@type":"EntryPoint","urlTemplate":"https:\/\/kuzeyinsesi.org\/?s={search_term_string}"},"query-input":{"@type":"PropertyValueSpecification","valueRequired":true,"valueName":"search_term_string"}}],"inLanguage":"tr"},{"@type":"Person","@id":"https:\/\/kuzeyinsesi.org\/#\/schema\/person\/9f859689cdf01485597712386e37f5aa","name":"Kuzeyin Sesi","image":{"@type":"ImageObject","inLanguage":"tr","@id":"https:\/\/secure.gravatar.com\/avatar\/bab33852abfd8b282518d6ed81826833d77c3c882d9ab608add591ccace47a44?s=96&d=mm&r=g","url":"https:\/\/secure.gravatar.com\/avatar\/bab33852abfd8b282518d6ed81826833d77c3c882d9ab608add591ccace47a44?s=96&d=mm&r=g","contentUrl":"https:\/\/secure.gravatar.com\/avatar\/bab33852abfd8b282518d6ed81826833d77c3c882d9ab608add591ccace47a44?s=96&d=mm&r=g","caption":"Kuzeyin Sesi"},"sameAs":["https:\/\/kuzeyinsesi.org"],"url":"https:\/\/kuzeyinsesi.org\/index.php\/author\/guven\/"}]}},"_links":{"self":[{"href":"https:\/\/kuzeyinsesi.org\/index.php\/wp-json\/wp\/v2\/posts\/10801","targetHints":{"allow":["GET"]}}],"collection":[{"href":"https:\/\/kuzeyinsesi.org\/index.php\/wp-json\/wp\/v2\/posts"}],"about":[{"href":"https:\/\/kuzeyinsesi.org\/index.php\/wp-json\/wp\/v2\/types\/post"}],"author":[{"embeddable":true,"href":"https:\/\/kuzeyinsesi.org\/index.php\/wp-json\/wp\/v2\/users\/1"}],"replies":[{"embeddable":true,"href":"https:\/\/kuzeyinsesi.org\/index.php\/wp-json\/wp\/v2\/comments?post=10801"}],"version-history":[{"count":0,"href":"https:\/\/kuzeyinsesi.org\/index.php\/wp-json\/wp\/v2\/posts\/10801\/revisions"}],"wp:featuredmedia":[{"embeddable":true,"href":"https:\/\/kuzeyinsesi.org\/index.php\/wp-json\/wp\/v2\/media\/10802"}],"wp:attachment":[{"href":"https:\/\/kuzeyinsesi.org\/index.php\/wp-json\/wp\/v2\/media?parent=10801"}],"wp:term":[{"taxonomy":"category","embeddable":true,"href":"https:\/\/kuzeyinsesi.org\/index.php\/wp-json\/wp\/v2\/categories?post=10801"},{"taxonomy":"post_tag","embeddable":true,"href":"https:\/\/kuzeyinsesi.org\/index.php\/wp-json\/wp\/v2\/tags?post=10801"}],"curies":[{"name":"wp","href":"https:\/\/api.w.org\/{rel}","templated":true}]}}