{"id":10796,"date":"2024-10-02T11:25:38","date_gmt":"2024-10-02T08:25:38","guid":{"rendered":"https:\/\/kuzeyinsesi.org\/index.php\/2024\/10\/02\/edebiyatci-tuncay-cagatayin-hayati-belgesel-oluyor\/"},"modified":"2024-10-02T11:25:38","modified_gmt":"2024-10-02T08:25:38","slug":"edebiyatci-tuncay-cagatayin-hayati-belgesel-oluyor","status":"publish","type":"post","link":"https:\/\/kuzeyinsesi.org\/index.php\/2024\/10\/02\/edebiyatci-tuncay-cagatayin-hayati-belgesel-oluyor\/","title":{"rendered":"Edebiyat\u00e7\u0131 Tuncay \u00c7a\u011fatay\u2019\u0131n hayat\u0131 belgesel oluyor"},"content":{"rendered":"<div>\n<div class=\"mariselle-image-container center\">\n                                            <\/div>\n<p> Edebiyat \u00f6\u011fretmeni Tuncay \u00c7a\u011fatay\u2019\u0131n hayat\u0131 belgesel oluyor.<\/p>\n<p>K\u0131br\u0131s Kad\u0131n \u00d6yk\u00fcleri Derne\u011fi\u2019nden (K\u00d6DER) verilen bilgiye g\u00f6re, belgesel, K\u00d6DER ile \u00d6nder Al\u0131\u015fveri\u015f Merkezleri aras\u0131nda imzalanan anla\u015fma ile hayata ge\u00e7irilecek.<\/p>\n<p>K\u00d6DER Ba\u015fkan\u0131 \u015eenay Ekingen ve \u00d6nder Al\u0131\u015fveri\u015f Merkezleri y\u00f6neticisi G\u00fcl\u015fah Sanver Manavo\u011flu aras\u0131nda imzalanan s\u00f6zle\u015fme ile edebiyat \u00f6\u011fretmeni Tuncay \u00c7a\u011fatay belgeselinin \u00e7ekimlerine yak\u0131nda ba\u015flanacak.<\/p>\n<p>K\u00d6DER Ba\u015fkan\u0131 \u015eenay Ekingen, \u00d6nder Al\u0131\u015fveri\u015f Merkezleri\u2019ne ve fark\u0131ndal\u0131\u011f\u0131 nedeniyle G\u00fcl\u015fah Sanver Manavo\u011flu\u2019na, derne\u011fe olan desteklerini s\u00fcrd\u00fcrd\u00fc\u011f\u00fc i\u00e7in te\u015fekk\u00fcr ederek, bu konuda \u00f6rnek bir davran\u0131\u015f sergilediklerini belirtti.<\/p>\n<p>G\u00fcl\u015fah Sanver Manavo\u011flu\u2019nun da, derne\u011fin \u00e7al\u0131\u015fmalar\u0131n\u0131 yak\u0131ndan takip etti\u011fini ve toplumun haf\u0131zas\u0131na \u00f6nemli katk\u0131lar yapt\u0131\u011f\u0131n\u0131 dile getirerek, bu \u00e7al\u0131\u015fmalara destek vermeyi s\u00fcrd\u00fcreceklerini kaydetti\u011fi aktar\u0131ld\u0131.<\/p>\n<\/p><\/div>\n<p><script async\n                    defer\n                    crossorigin=\"anonymous\"\n                    src=\"https:\/\/connect.facebook.net\/tr_TR\/sdk.js#xfbml=1&#038;version=v3.3\"\n            ><\/script><\/p>\n","protected":false},"excerpt":{"rendered":"<p>Edebiyat \u00f6\u011fretmeni Tuncay \u00c7a\u011fatay\u2019\u0131n hayat\u0131 belgesel oluyor. K\u0131br\u0131s Kad\u0131n \u00d6yk\u00fcleri Derne\u011fi\u2019nden (K\u00d6DER) verilen bilgiye g\u00f6re, belgesel, K\u00d6DER ile \u00d6nder Al\u0131\u015fveri\u015f Merkezleri aras\u0131nda imzalanan anla\u015fma ile hayata ge\u00e7irilecek. K\u00d6DER Ba\u015fkan\u0131 \u015eenay Ekingen ve \u00d6nder Al\u0131\u015fveri\u015f Merkezleri y\u00f6neticisi G\u00fcl\u015fah Sanver Manavo\u011flu aras\u0131nda imzalanan s\u00f6zle\u015fme ile edebiyat \u00f6\u011fretmeni Tuncay \u00c7a\u011fatay belgeselinin \u00e7ekimlerine yak\u0131nda ba\u015flanacak. K\u00d6DER Ba\u015fkan\u0131 \u015eenay Ekingen, [&hellip;]<\/p>\n","protected":false},"author":1,"featured_media":10797,"comment_status":"open","ping_status":"open","sticky":false,"template":"","format":"standard","meta":{"jnews-multi-image_gallery":[],"jnews_single_post":[],"jnews_primary_category":[],"jnews_social_meta":[],"jnews_override_counter":[],"footnotes":""},"categories":[6],"tags":[],"class_list":["post-10796","post","type-post","status-publish","format-standard","has-post-thumbnail","hentry","category-yasam"],"yoast_head":"<!-- This site is optimized with the Yoast SEO plugin v27.4 - https:\/\/yoast.com\/product\/yoast-seo-wordpress\/ -->\n<title>Edebiyat\u00e7\u0131 Tuncay \u00c7a\u011fatay\u2019\u0131n hayat\u0131 belgesel oluyor - Kuzeyin Sesi<\/title>\n<meta name=\"robots\" content=\"index, follow, max-snippet:-1, max-image-preview:large, max-video-preview:-1\" \/>\n<link rel=\"canonical\" href=\"https:\/\/kuzeyinsesi.org\/index.php\/2024\/10\/02\/edebiyatci-tuncay-cagatayin-hayati-belgesel-oluyor\/\" \/>\n<meta property=\"og:locale\" content=\"tr_TR\" \/>\n<meta property=\"og:type\" content=\"article\" \/>\n<meta property=\"og:title\" content=\"Edebiyat\u00e7\u0131 Tuncay \u00c7a\u011fatay\u2019\u0131n hayat\u0131 belgesel oluyor - Kuzeyin Sesi\" \/>\n<meta property=\"og:description\" content=\"Edebiyat \u00f6\u011fretmeni Tuncay \u00c7a\u011fatay\u2019\u0131n hayat\u0131 belgesel oluyor. K\u0131br\u0131s Kad\u0131n \u00d6yk\u00fcleri Derne\u011fi\u2019nden (K\u00d6DER) verilen bilgiye g\u00f6re, belgesel, K\u00d6DER ile \u00d6nder Al\u0131\u015fveri\u015f Merkezleri aras\u0131nda imzalanan anla\u015fma ile hayata ge\u00e7irilecek. K\u00d6DER Ba\u015fkan\u0131 \u015eenay Ekingen ve \u00d6nder Al\u0131\u015fveri\u015f Merkezleri y\u00f6neticisi G\u00fcl\u015fah Sanver Manavo\u011flu aras\u0131nda imzalanan s\u00f6zle\u015fme ile edebiyat \u00f6\u011fretmeni Tuncay \u00c7a\u011fatay belgeselinin \u00e7ekimlerine yak\u0131nda ba\u015flanacak. K\u00d6DER Ba\u015fkan\u0131 \u015eenay Ekingen, [&hellip;]\" \/>\n<meta property=\"og:url\" content=\"https:\/\/kuzeyinsesi.org\/index.php\/2024\/10\/02\/edebiyatci-tuncay-cagatayin-hayati-belgesel-oluyor\/\" \/>\n<meta property=\"og:site_name\" content=\"Kuzeyin Sesi\" \/>\n<meta property=\"article:publisher\" content=\"https:\/\/www.facebook.com\/kuzeyinsesii\" \/>\n<meta property=\"article:published_time\" content=\"2024-10-02T08:25:38+00:00\" \/>\n<meta property=\"og:image\" content=\"https:\/\/brtk.net\/wp-content\/uploads\/2024\/10\/02\/2qrfa.jpeg?ver=146dedf302f38cf1b33f9a499e8158e7\" \/>\n<meta name=\"author\" content=\"Kuzeyin Sesi\" \/>\n<meta name=\"twitter:card\" content=\"summary_large_image\" \/>\n<meta name=\"twitter:creator\" content=\"@kuzeyinsesii\" \/>\n<meta name=\"twitter:site\" content=\"@kuzeyinsesii\" \/>\n<meta name=\"twitter:label1\" content=\"Yazan:\" \/>\n\t<meta name=\"twitter:data1\" content=\"Kuzeyin Sesi\" \/>\n\t<meta name=\"twitter:label2\" content=\"Tahmini okuma s\u00fcresi\" \/>\n\t<meta name=\"twitter:data2\" content=\"1 dakika\" \/>\n<script type=\"application\/ld+json\" class=\"yoast-schema-graph\">{\"@context\":\"https:\\\/\\\/schema.org\",\"@graph\":[{\"@type\":\"Article\",\"@id\":\"https:\\\/\\\/kuzeyinsesi.org\\\/index.php\\\/2024\\\/10\\\/02\\\/edebiyatci-tuncay-cagatayin-hayati-belgesel-oluyor\\\/#article\",\"isPartOf\":{\"@id\":\"https:\\\/\\\/kuzeyinsesi.org\\\/index.php\\\/2024\\\/10\\\/02\\\/edebiyatci-tuncay-cagatayin-hayati-belgesel-oluyor\\\/\"},\"author\":{\"name\":\"Kuzeyin Sesi\",\"@id\":\"https:\\\/\\\/kuzeyinsesi.org\\\/#\\\/schema\\\/person\\\/9f859689cdf01485597712386e37f5aa\"},\"headline\":\"Edebiyat\u00e7\u0131 Tuncay \u00c7a\u011fatay\u2019\u0131n hayat\u0131 belgesel oluyor\",\"datePublished\":\"2024-10-02T08:25:38+00:00\",\"mainEntityOfPage\":{\"@id\":\"https:\\\/\\\/kuzeyinsesi.org\\\/index.php\\\/2024\\\/10\\\/02\\\/edebiyatci-tuncay-cagatayin-hayati-belgesel-oluyor\\\/\"},\"wordCount\":171,\"commentCount\":0,\"image\":{\"@id\":\"https:\\\/\\\/kuzeyinsesi.org\\\/index.php\\\/2024\\\/10\\\/02\\\/edebiyatci-tuncay-cagatayin-hayati-belgesel-oluyor\\\/#primaryimage\"},\"thumbnailUrl\":\"https:\\\/\\\/kuzeyinsesi.org\\\/wp-content\\\/uploads\\\/2024\\\/10\\\/2qrfa.jpeg\",\"articleSection\":[\"Ya\u015fam\"],\"inLanguage\":\"tr\",\"potentialAction\":[{\"@type\":\"CommentAction\",\"name\":\"Comment\",\"target\":[\"https:\\\/\\\/kuzeyinsesi.org\\\/index.php\\\/2024\\\/10\\\/02\\\/edebiyatci-tuncay-cagatayin-hayati-belgesel-oluyor\\\/#respond\"]}]},{\"@type\":\"WebPage\",\"@id\":\"https:\\\/\\\/kuzeyinsesi.org\\\/index.php\\\/2024\\\/10\\\/02\\\/edebiyatci-tuncay-cagatayin-hayati-belgesel-oluyor\\\/\",\"url\":\"https:\\\/\\\/kuzeyinsesi.org\\\/index.php\\\/2024\\\/10\\\/02\\\/edebiyatci-tuncay-cagatayin-hayati-belgesel-oluyor\\\/\",\"name\":\"Edebiyat\u00e7\u0131 Tuncay \u00c7a\u011fatay\u2019\u0131n hayat\u0131 belgesel oluyor - Kuzeyin Sesi\",\"isPartOf\":{\"@id\":\"https:\\\/\\\/kuzeyinsesi.org\\\/#website\"},\"primaryImageOfPage\":{\"@id\":\"https:\\\/\\\/kuzeyinsesi.org\\\/index.php\\\/2024\\\/10\\\/02\\\/edebiyatci-tuncay-cagatayin-hayati-belgesel-oluyor\\\/#primaryimage\"},\"image\":{\"@id\":\"https:\\\/\\\/kuzeyinsesi.org\\\/index.php\\\/2024\\\/10\\\/02\\\/edebiyatci-tuncay-cagatayin-hayati-belgesel-oluyor\\\/#primaryimage\"},\"thumbnailUrl\":\"https:\\\/\\\/kuzeyinsesi.org\\\/wp-content\\\/uploads\\\/2024\\\/10\\\/2qrfa.jpeg\",\"datePublished\":\"2024-10-02T08:25:38+00:00\",\"author\":{\"@id\":\"https:\\\/\\\/kuzeyinsesi.org\\\/#\\\/schema\\\/person\\\/9f859689cdf01485597712386e37f5aa\"},\"breadcrumb\":{\"@id\":\"https:\\\/\\\/kuzeyinsesi.org\\\/index.php\\\/2024\\\/10\\\/02\\\/edebiyatci-tuncay-cagatayin-hayati-belgesel-oluyor\\\/#breadcrumb\"},\"inLanguage\":\"tr\",\"potentialAction\":[{\"@type\":\"ReadAction\",\"target\":[\"https:\\\/\\\/kuzeyinsesi.org\\\/index.php\\\/2024\\\/10\\\/02\\\/edebiyatci-tuncay-cagatayin-hayati-belgesel-oluyor\\\/\"]}]},{\"@type\":\"ImageObject\",\"inLanguage\":\"tr\",\"@id\":\"https:\\\/\\\/kuzeyinsesi.org\\\/index.php\\\/2024\\\/10\\\/02\\\/edebiyatci-tuncay-cagatayin-hayati-belgesel-oluyor\\\/#primaryimage\",\"url\":\"https:\\\/\\\/kuzeyinsesi.org\\\/wp-content\\\/uploads\\\/2024\\\/10\\\/2qrfa.jpeg\",\"contentUrl\":\"https:\\\/\\\/kuzeyinsesi.org\\\/wp-content\\\/uploads\\\/2024\\\/10\\\/2qrfa.jpeg\",\"width\":1200,\"height\":817},{\"@type\":\"BreadcrumbList\",\"@id\":\"https:\\\/\\\/kuzeyinsesi.org\\\/index.php\\\/2024\\\/10\\\/02\\\/edebiyatci-tuncay-cagatayin-hayati-belgesel-oluyor\\\/#breadcrumb\",\"itemListElement\":[{\"@type\":\"ListItem\",\"position\":1,\"name\":\"Anasayfa\",\"item\":\"https:\\\/\\\/kuzeyinsesi.org\\\/\"},{\"@type\":\"ListItem\",\"position\":2,\"name\":\"Edebiyat\u00e7\u0131 Tuncay \u00c7a\u011fatay\u2019\u0131n hayat\u0131 belgesel oluyor\"}]},{\"@type\":\"WebSite\",\"@id\":\"https:\\\/\\\/kuzeyinsesi.org\\\/#website\",\"url\":\"https:\\\/\\\/kuzeyinsesi.org\\\/\",\"name\":\"Kuzeyin Sesi\",\"description\":\"Do\u011fru Haberin Adresi\",\"potentialAction\":[{\"@type\":\"SearchAction\",\"target\":{\"@type\":\"EntryPoint\",\"urlTemplate\":\"https:\\\/\\\/kuzeyinsesi.org\\\/?s={search_term_string}\"},\"query-input\":{\"@type\":\"PropertyValueSpecification\",\"valueRequired\":true,\"valueName\":\"search_term_string\"}}],\"inLanguage\":\"tr\"},{\"@type\":\"Person\",\"@id\":\"https:\\\/\\\/kuzeyinsesi.org\\\/#\\\/schema\\\/person\\\/9f859689cdf01485597712386e37f5aa\",\"name\":\"Kuzeyin Sesi\",\"image\":{\"@type\":\"ImageObject\",\"inLanguage\":\"tr\",\"@id\":\"https:\\\/\\\/secure.gravatar.com\\\/avatar\\\/bab33852abfd8b282518d6ed81826833d77c3c882d9ab608add591ccace47a44?s=96&d=mm&r=g\",\"url\":\"https:\\\/\\\/secure.gravatar.com\\\/avatar\\\/bab33852abfd8b282518d6ed81826833d77c3c882d9ab608add591ccace47a44?s=96&d=mm&r=g\",\"contentUrl\":\"https:\\\/\\\/secure.gravatar.com\\\/avatar\\\/bab33852abfd8b282518d6ed81826833d77c3c882d9ab608add591ccace47a44?s=96&d=mm&r=g\",\"caption\":\"Kuzeyin Sesi\"},\"sameAs\":[\"https:\\\/\\\/kuzeyinsesi.org\"],\"url\":\"https:\\\/\\\/kuzeyinsesi.org\\\/index.php\\\/author\\\/guven\\\/\"}]}<\/script>\n<!-- \/ Yoast SEO plugin. -->","yoast_head_json":{"title":"Edebiyat\u00e7\u0131 Tuncay \u00c7a\u011fatay\u2019\u0131n hayat\u0131 belgesel oluyor - Kuzeyin Sesi","robots":{"index":"index","follow":"follow","max-snippet":"max-snippet:-1","max-image-preview":"max-image-preview:large","max-video-preview":"max-video-preview:-1"},"canonical":"https:\/\/kuzeyinsesi.org\/index.php\/2024\/10\/02\/edebiyatci-tuncay-cagatayin-hayati-belgesel-oluyor\/","og_locale":"tr_TR","og_type":"article","og_title":"Edebiyat\u00e7\u0131 Tuncay \u00c7a\u011fatay\u2019\u0131n hayat\u0131 belgesel oluyor - Kuzeyin Sesi","og_description":"Edebiyat \u00f6\u011fretmeni Tuncay \u00c7a\u011fatay\u2019\u0131n hayat\u0131 belgesel oluyor. K\u0131br\u0131s Kad\u0131n \u00d6yk\u00fcleri Derne\u011fi\u2019nden (K\u00d6DER) verilen bilgiye g\u00f6re, belgesel, K\u00d6DER ile \u00d6nder Al\u0131\u015fveri\u015f Merkezleri aras\u0131nda imzalanan anla\u015fma ile hayata ge\u00e7irilecek. K\u00d6DER Ba\u015fkan\u0131 \u015eenay Ekingen ve \u00d6nder Al\u0131\u015fveri\u015f Merkezleri y\u00f6neticisi G\u00fcl\u015fah Sanver Manavo\u011flu aras\u0131nda imzalanan s\u00f6zle\u015fme ile edebiyat \u00f6\u011fretmeni Tuncay \u00c7a\u011fatay belgeselinin \u00e7ekimlerine yak\u0131nda ba\u015flanacak. K\u00d6DER Ba\u015fkan\u0131 \u015eenay Ekingen, [&hellip;]","og_url":"https:\/\/kuzeyinsesi.org\/index.php\/2024\/10\/02\/edebiyatci-tuncay-cagatayin-hayati-belgesel-oluyor\/","og_site_name":"Kuzeyin Sesi","article_publisher":"https:\/\/www.facebook.com\/kuzeyinsesii","article_published_time":"2024-10-02T08:25:38+00:00","og_image":[{"url":"https:\/\/brtk.net\/wp-content\/uploads\/2024\/10\/02\/2qrfa.jpeg?ver=146dedf302f38cf1b33f9a499e8158e7","type":"","width":"","height":""}],"author":"Kuzeyin Sesi","twitter_card":"summary_large_image","twitter_creator":"@kuzeyinsesii","twitter_site":"@kuzeyinsesii","twitter_misc":{"Yazan:":"Kuzeyin Sesi","Tahmini okuma s\u00fcresi":"1 dakika"},"schema":{"@context":"https:\/\/schema.org","@graph":[{"@type":"Article","@id":"https:\/\/kuzeyinsesi.org\/index.php\/2024\/10\/02\/edebiyatci-tuncay-cagatayin-hayati-belgesel-oluyor\/#article","isPartOf":{"@id":"https:\/\/kuzeyinsesi.org\/index.php\/2024\/10\/02\/edebiyatci-tuncay-cagatayin-hayati-belgesel-oluyor\/"},"author":{"name":"Kuzeyin Sesi","@id":"https:\/\/kuzeyinsesi.org\/#\/schema\/person\/9f859689cdf01485597712386e37f5aa"},"headline":"Edebiyat\u00e7\u0131 Tuncay \u00c7a\u011fatay\u2019\u0131n hayat\u0131 belgesel oluyor","datePublished":"2024-10-02T08:25:38+00:00","mainEntityOfPage":{"@id":"https:\/\/kuzeyinsesi.org\/index.php\/2024\/10\/02\/edebiyatci-tuncay-cagatayin-hayati-belgesel-oluyor\/"},"wordCount":171,"commentCount":0,"image":{"@id":"https:\/\/kuzeyinsesi.org\/index.php\/2024\/10\/02\/edebiyatci-tuncay-cagatayin-hayati-belgesel-oluyor\/#primaryimage"},"thumbnailUrl":"https:\/\/kuzeyinsesi.org\/wp-content\/uploads\/2024\/10\/2qrfa.jpeg","articleSection":["Ya\u015fam"],"inLanguage":"tr","potentialAction":[{"@type":"CommentAction","name":"Comment","target":["https:\/\/kuzeyinsesi.org\/index.php\/2024\/10\/02\/edebiyatci-tuncay-cagatayin-hayati-belgesel-oluyor\/#respond"]}]},{"@type":"WebPage","@id":"https:\/\/kuzeyinsesi.org\/index.php\/2024\/10\/02\/edebiyatci-tuncay-cagatayin-hayati-belgesel-oluyor\/","url":"https:\/\/kuzeyinsesi.org\/index.php\/2024\/10\/02\/edebiyatci-tuncay-cagatayin-hayati-belgesel-oluyor\/","name":"Edebiyat\u00e7\u0131 Tuncay \u00c7a\u011fatay\u2019\u0131n hayat\u0131 belgesel oluyor - Kuzeyin Sesi","isPartOf":{"@id":"https:\/\/kuzeyinsesi.org\/#website"},"primaryImageOfPage":{"@id":"https:\/\/kuzeyinsesi.org\/index.php\/2024\/10\/02\/edebiyatci-tuncay-cagatayin-hayati-belgesel-oluyor\/#primaryimage"},"image":{"@id":"https:\/\/kuzeyinsesi.org\/index.php\/2024\/10\/02\/edebiyatci-tuncay-cagatayin-hayati-belgesel-oluyor\/#primaryimage"},"thumbnailUrl":"https:\/\/kuzeyinsesi.org\/wp-content\/uploads\/2024\/10\/2qrfa.jpeg","datePublished":"2024-10-02T08:25:38+00:00","author":{"@id":"https:\/\/kuzeyinsesi.org\/#\/schema\/person\/9f859689cdf01485597712386e37f5aa"},"breadcrumb":{"@id":"https:\/\/kuzeyinsesi.org\/index.php\/2024\/10\/02\/edebiyatci-tuncay-cagatayin-hayati-belgesel-oluyor\/#breadcrumb"},"inLanguage":"tr","potentialAction":[{"@type":"ReadAction","target":["https:\/\/kuzeyinsesi.org\/index.php\/2024\/10\/02\/edebiyatci-tuncay-cagatayin-hayati-belgesel-oluyor\/"]}]},{"@type":"ImageObject","inLanguage":"tr","@id":"https:\/\/kuzeyinsesi.org\/index.php\/2024\/10\/02\/edebiyatci-tuncay-cagatayin-hayati-belgesel-oluyor\/#primaryimage","url":"https:\/\/kuzeyinsesi.org\/wp-content\/uploads\/2024\/10\/2qrfa.jpeg","contentUrl":"https:\/\/kuzeyinsesi.org\/wp-content\/uploads\/2024\/10\/2qrfa.jpeg","width":1200,"height":817},{"@type":"BreadcrumbList","@id":"https:\/\/kuzeyinsesi.org\/index.php\/2024\/10\/02\/edebiyatci-tuncay-cagatayin-hayati-belgesel-oluyor\/#breadcrumb","itemListElement":[{"@type":"ListItem","position":1,"name":"Anasayfa","item":"https:\/\/kuzeyinsesi.org\/"},{"@type":"ListItem","position":2,"name":"Edebiyat\u00e7\u0131 Tuncay \u00c7a\u011fatay\u2019\u0131n hayat\u0131 belgesel oluyor"}]},{"@type":"WebSite","@id":"https:\/\/kuzeyinsesi.org\/#website","url":"https:\/\/kuzeyinsesi.org\/","name":"Kuzeyin Sesi","description":"Do\u011fru Haberin Adresi","potentialAction":[{"@type":"SearchAction","target":{"@type":"EntryPoint","urlTemplate":"https:\/\/kuzeyinsesi.org\/?s={search_term_string}"},"query-input":{"@type":"PropertyValueSpecification","valueRequired":true,"valueName":"search_term_string"}}],"inLanguage":"tr"},{"@type":"Person","@id":"https:\/\/kuzeyinsesi.org\/#\/schema\/person\/9f859689cdf01485597712386e37f5aa","name":"Kuzeyin Sesi","image":{"@type":"ImageObject","inLanguage":"tr","@id":"https:\/\/secure.gravatar.com\/avatar\/bab33852abfd8b282518d6ed81826833d77c3c882d9ab608add591ccace47a44?s=96&d=mm&r=g","url":"https:\/\/secure.gravatar.com\/avatar\/bab33852abfd8b282518d6ed81826833d77c3c882d9ab608add591ccace47a44?s=96&d=mm&r=g","contentUrl":"https:\/\/secure.gravatar.com\/avatar\/bab33852abfd8b282518d6ed81826833d77c3c882d9ab608add591ccace47a44?s=96&d=mm&r=g","caption":"Kuzeyin Sesi"},"sameAs":["https:\/\/kuzeyinsesi.org"],"url":"https:\/\/kuzeyinsesi.org\/index.php\/author\/guven\/"}]}},"_links":{"self":[{"href":"https:\/\/kuzeyinsesi.org\/index.php\/wp-json\/wp\/v2\/posts\/10796","targetHints":{"allow":["GET"]}}],"collection":[{"href":"https:\/\/kuzeyinsesi.org\/index.php\/wp-json\/wp\/v2\/posts"}],"about":[{"href":"https:\/\/kuzeyinsesi.org\/index.php\/wp-json\/wp\/v2\/types\/post"}],"author":[{"embeddable":true,"href":"https:\/\/kuzeyinsesi.org\/index.php\/wp-json\/wp\/v2\/users\/1"}],"replies":[{"embeddable":true,"href":"https:\/\/kuzeyinsesi.org\/index.php\/wp-json\/wp\/v2\/comments?post=10796"}],"version-history":[{"count":0,"href":"https:\/\/kuzeyinsesi.org\/index.php\/wp-json\/wp\/v2\/posts\/10796\/revisions"}],"wp:featuredmedia":[{"embeddable":true,"href":"https:\/\/kuzeyinsesi.org\/index.php\/wp-json\/wp\/v2\/media\/10797"}],"wp:attachment":[{"href":"https:\/\/kuzeyinsesi.org\/index.php\/wp-json\/wp\/v2\/media?parent=10796"}],"wp:term":[{"taxonomy":"category","embeddable":true,"href":"https:\/\/kuzeyinsesi.org\/index.php\/wp-json\/wp\/v2\/categories?post=10796"},{"taxonomy":"post_tag","embeddable":true,"href":"https:\/\/kuzeyinsesi.org\/index.php\/wp-json\/wp\/v2\/tags?post=10796"}],"curies":[{"name":"wp","href":"https:\/\/api.w.org\/{rel}","templated":true}]}}