{"id":10772,"date":"2024-10-01T15:28:40","date_gmt":"2024-10-01T12:28:40","guid":{"rendered":"https:\/\/kuzeyinsesi.org\/index.php\/2024\/10\/01\/adanirin-yeni-kitabi-yayimlandi\/"},"modified":"2024-10-01T15:28:40","modified_gmt":"2024-10-01T12:28:40","slug":"adanirin-yeni-kitabi-yayimlandi","status":"publish","type":"post","link":"https:\/\/kuzeyinsesi.org\/index.php\/2024\/10\/01\/adanirin-yeni-kitabi-yayimlandi\/","title":{"rendered":"Adan\u0131r\u2019\u0131n yeni kitab\u0131 yay\u0131mland\u0131"},"content":{"rendered":"<div>\n<div class=\"mariselle-image-container center\">\n                                            <\/div>\n<p>Gazeteci, yazar, TV program yap\u0131mc\u0131s\u0131 Eralp Adan\u0131r\u2019\u0131n \u201cK\u0131br\u0131s T\u00fcrk Halkbiliminde 55 Y\u0131ll\u0131k Y\u00fcr\u00fcy\u00fc\u015f, Mahmut \u0130sl\u00e2mo\u011flu\u201d isimli kitab\u0131 yay\u0131mland\u0131.<\/p>\n<p>K\u0131br\u0131s T\u00fcrk Yazarlar Birli\u011fi taraf\u0131ndan yap\u0131lan a\u00e7\u0131klamaya g\u00f6re, Adan\u0131r, 25. yay\u0131n\u0131 olan kitapta, BRT-TV\u2019de yap\u0131m ve sunuculuklar\u0131n\u0131 \u00fcstlendi\u011fi \u201cKum Saati\u201d ile \u201cS\u00f6z ve Yaz\u0131\u201d programlar\u0131nda, \u0130sl\u00e2mo\u011flu ile ger\u00e7ekle\u015ftirdi\u011fi s\u00f6yle\u015filerden baz\u0131lar\u0131na yer verdi.<\/p>\n<div class=\"mariselle-image-container center\">\n                <img decoding=\"async\" width=\"1600\" height=\"1090\" class=\"lazy-image\" alt=\"\" sizes=\"(max-width: 1600px) 100vw, 1600px\" src=\"https:\/\/brtk.net\/wp-content\/uploads\/2024\/10\/01\/eralp-adanir-mahmut-islamoglu-kitap.jpg?ver=59689d73ddad5f9a8ef443628797e9d5\" srcset=\"https:\/\/brtk.net\/wp-content\/uploads\/2024\/10\/01\/eralp-adanir-mahmut-islamoglu-kitap.jpg?ver=59689d73ddad5f9a8ef443628797e9d5 1600w, https:\/\/brtk.net\/wp-content\/uploads\/2024\/10\/01\/eralp-adanir-mahmut-islamoglu-kitap-300x204.jpg?ver=59689d73ddad5f9a8ef443628797e9d5 300w, https:\/\/brtk.net\/wp-content\/uploads\/2024\/10\/01\/eralp-adanir-mahmut-islamoglu-kitap-1024x698.jpg?ver=e700e4a6b85a0f1363649c9b177dcde7 1024w, https:\/\/brtk.net\/wp-content\/uploads\/2024\/10\/01\/eralp-adanir-mahmut-islamoglu-kitap-768x523.jpg?ver=e700e4a6b85a0f1363649c9b177dcde7 768w, https:\/\/brtk.net\/wp-content\/uploads\/2024\/10\/01\/eralp-adanir-mahmut-islamoglu-kitap-1536x1046.jpg?ver=6646974f7e1353e53bc73e100d3c04e1 1536w\"\/>                            <\/div>\n<p>Kitapta yer alan s\u00f6yle\u015fi ba\u015fl\u0131klar\u0131 aras\u0131nda; \u201cK\u0131br\u0131s Rum Halk Edebiyat\u0131\u2019nda T\u00fcrkler \u0130\u00e7in Yak\u0131lan A\u011f\u0131tlar\u201d, \u201cEskiden Bayramlar\u0131m\u0131z\u201d, Kar\u015f\u0131la\u015ft\u0131rmal\u0131 K\u0131br\u0131s T\u00fcrk ve Rum Masallar\u0131\u201d, \u201cK\u0131br\u0131s T\u00fcrk ve Rum Halk Edebiyatlar\u0131ndan \u00d6rnekler-Bildiriler\/Geleneksel K\u0131br\u0131s T\u00fcrk ve Rum D\u00fc\u011f\u00fcnleri\u201d, \u201cGeleneksel K\u0131br\u0131s T\u00fcrk Mutfa\u011f\u0131\u201d, \u201cMahmut \u0130sl\u00e2mo\u011flu\u2019ndan Maniler\u201d yer al\u0131yor.<\/p>\n<p>K\u0131br\u0131s T\u00fcrk Yazarlar Birli\u011fi taraf\u0131ndan yay\u0131mlanan kitap 144 sayfa.<\/p>\n<p>Adan\u0131r ve \u0130slamo\u011flu, 5 Ekim Cumartesi saat 18.15\u2019te Zeytinlik Festivali\u2019nde imza ve s\u00f6yle\u015fi d\u00fczenleyecek.<\/p>\n<\/p><\/div>\n<p><script async\n                    defer\n                    crossorigin=\"anonymous\"\n                    src=\"https:\/\/connect.facebook.net\/tr_TR\/sdk.js#xfbml=1&#038;version=v3.3\"\n            ><\/script><\/p>\n","protected":false},"excerpt":{"rendered":"<p>Gazeteci, yazar, TV program yap\u0131mc\u0131s\u0131 Eralp Adan\u0131r\u2019\u0131n \u201cK\u0131br\u0131s T\u00fcrk Halkbiliminde 55 Y\u0131ll\u0131k Y\u00fcr\u00fcy\u00fc\u015f, Mahmut \u0130sl\u00e2mo\u011flu\u201d isimli kitab\u0131 yay\u0131mland\u0131. K\u0131br\u0131s T\u00fcrk Yazarlar Birli\u011fi taraf\u0131ndan yap\u0131lan a\u00e7\u0131klamaya g\u00f6re, Adan\u0131r, 25. yay\u0131n\u0131 olan kitapta, BRT-TV\u2019de yap\u0131m ve sunuculuklar\u0131n\u0131 \u00fcstlendi\u011fi \u201cKum Saati\u201d ile \u201cS\u00f6z ve Yaz\u0131\u201d programlar\u0131nda, \u0130sl\u00e2mo\u011flu ile ger\u00e7ekle\u015ftirdi\u011fi s\u00f6yle\u015filerden baz\u0131lar\u0131na yer verdi. Kitapta yer alan s\u00f6yle\u015fi ba\u015fl\u0131klar\u0131 [&hellip;]<\/p>\n","protected":false},"author":1,"featured_media":10773,"comment_status":"open","ping_status":"open","sticky":false,"template":"","format":"standard","meta":{"jnews-multi-image_gallery":[],"jnews_single_post":[],"jnews_primary_category":[],"jnews_social_meta":[],"jnews_override_counter":[],"footnotes":""},"categories":[6],"tags":[],"class_list":["post-10772","post","type-post","status-publish","format-standard","has-post-thumbnail","hentry","category-yasam"],"yoast_head":"<!-- This site is optimized with the Yoast SEO plugin v27.4 - https:\/\/yoast.com\/product\/yoast-seo-wordpress\/ -->\n<title>Adan\u0131r\u2019\u0131n yeni kitab\u0131 yay\u0131mland\u0131 - Kuzeyin Sesi<\/title>\n<meta name=\"robots\" content=\"index, follow, max-snippet:-1, max-image-preview:large, max-video-preview:-1\" \/>\n<link rel=\"canonical\" href=\"https:\/\/kuzeyinsesi.org\/index.php\/2024\/10\/01\/adanirin-yeni-kitabi-yayimlandi\/\" \/>\n<meta property=\"og:locale\" content=\"tr_TR\" \/>\n<meta property=\"og:type\" content=\"article\" \/>\n<meta property=\"og:title\" content=\"Adan\u0131r\u2019\u0131n yeni kitab\u0131 yay\u0131mland\u0131 - Kuzeyin Sesi\" \/>\n<meta property=\"og:description\" content=\"Gazeteci, yazar, TV program yap\u0131mc\u0131s\u0131 Eralp Adan\u0131r\u2019\u0131n \u201cK\u0131br\u0131s T\u00fcrk Halkbiliminde 55 Y\u0131ll\u0131k Y\u00fcr\u00fcy\u00fc\u015f, Mahmut \u0130sl\u00e2mo\u011flu\u201d isimli kitab\u0131 yay\u0131mland\u0131. K\u0131br\u0131s T\u00fcrk Yazarlar Birli\u011fi taraf\u0131ndan yap\u0131lan a\u00e7\u0131klamaya g\u00f6re, Adan\u0131r, 25. yay\u0131n\u0131 olan kitapta, BRT-TV\u2019de yap\u0131m ve sunuculuklar\u0131n\u0131 \u00fcstlendi\u011fi \u201cKum Saati\u201d ile \u201cS\u00f6z ve Yaz\u0131\u201d programlar\u0131nda, \u0130sl\u00e2mo\u011flu ile ger\u00e7ekle\u015ftirdi\u011fi s\u00f6yle\u015filerden baz\u0131lar\u0131na yer verdi. Kitapta yer alan s\u00f6yle\u015fi ba\u015fl\u0131klar\u0131 [&hellip;]\" \/>\n<meta property=\"og:url\" content=\"https:\/\/kuzeyinsesi.org\/index.php\/2024\/10\/01\/adanirin-yeni-kitabi-yayimlandi\/\" \/>\n<meta property=\"og:site_name\" content=\"Kuzeyin Sesi\" \/>\n<meta property=\"article:publisher\" content=\"https:\/\/www.facebook.com\/kuzeyinsesii\" \/>\n<meta property=\"article:published_time\" content=\"2024-10-01T12:28:40+00:00\" \/>\n<meta property=\"og:image\" content=\"https:\/\/brtk.net\/wp-content\/uploads\/2024\/10\/01\/eralp-adanir-foto.jpg?ver=6b987b78f6ab79c15d93b264b13fa13a\" \/>\n<meta name=\"author\" content=\"Kuzeyin Sesi\" \/>\n<meta name=\"twitter:card\" content=\"summary_large_image\" \/>\n<meta name=\"twitter:creator\" content=\"@kuzeyinsesii\" \/>\n<meta name=\"twitter:site\" content=\"@kuzeyinsesii\" \/>\n<meta name=\"twitter:label1\" content=\"Yazan:\" \/>\n\t<meta name=\"twitter:data1\" content=\"Kuzeyin Sesi\" \/>\n\t<meta name=\"twitter:label2\" content=\"Tahmini okuma s\u00fcresi\" \/>\n\t<meta name=\"twitter:data2\" content=\"1 dakika\" \/>\n<script type=\"application\/ld+json\" class=\"yoast-schema-graph\">{\"@context\":\"https:\\\/\\\/schema.org\",\"@graph\":[{\"@type\":\"Article\",\"@id\":\"https:\\\/\\\/kuzeyinsesi.org\\\/index.php\\\/2024\\\/10\\\/01\\\/adanirin-yeni-kitabi-yayimlandi\\\/#article\",\"isPartOf\":{\"@id\":\"https:\\\/\\\/kuzeyinsesi.org\\\/index.php\\\/2024\\\/10\\\/01\\\/adanirin-yeni-kitabi-yayimlandi\\\/\"},\"author\":{\"name\":\"Kuzeyin Sesi\",\"@id\":\"https:\\\/\\\/kuzeyinsesi.org\\\/#\\\/schema\\\/person\\\/9f859689cdf01485597712386e37f5aa\"},\"headline\":\"Adan\u0131r\u2019\u0131n yeni kitab\u0131 yay\u0131mland\u0131\",\"datePublished\":\"2024-10-01T12:28:40+00:00\",\"mainEntityOfPage\":{\"@id\":\"https:\\\/\\\/kuzeyinsesi.org\\\/index.php\\\/2024\\\/10\\\/01\\\/adanirin-yeni-kitabi-yayimlandi\\\/\"},\"wordCount\":205,\"commentCount\":0,\"image\":{\"@id\":\"https:\\\/\\\/kuzeyinsesi.org\\\/index.php\\\/2024\\\/10\\\/01\\\/adanirin-yeni-kitabi-yayimlandi\\\/#primaryimage\"},\"thumbnailUrl\":\"https:\\\/\\\/kuzeyinsesi.org\\\/wp-content\\\/uploads\\\/2024\\\/10\\\/eralp-adanir-mahmut-islamoglu-kitap.jpg\",\"articleSection\":[\"Ya\u015fam\"],\"inLanguage\":\"tr\",\"potentialAction\":[{\"@type\":\"CommentAction\",\"name\":\"Comment\",\"target\":[\"https:\\\/\\\/kuzeyinsesi.org\\\/index.php\\\/2024\\\/10\\\/01\\\/adanirin-yeni-kitabi-yayimlandi\\\/#respond\"]}]},{\"@type\":\"WebPage\",\"@id\":\"https:\\\/\\\/kuzeyinsesi.org\\\/index.php\\\/2024\\\/10\\\/01\\\/adanirin-yeni-kitabi-yayimlandi\\\/\",\"url\":\"https:\\\/\\\/kuzeyinsesi.org\\\/index.php\\\/2024\\\/10\\\/01\\\/adanirin-yeni-kitabi-yayimlandi\\\/\",\"name\":\"Adan\u0131r\u2019\u0131n yeni kitab\u0131 yay\u0131mland\u0131 - Kuzeyin Sesi\",\"isPartOf\":{\"@id\":\"https:\\\/\\\/kuzeyinsesi.org\\\/#website\"},\"primaryImageOfPage\":{\"@id\":\"https:\\\/\\\/kuzeyinsesi.org\\\/index.php\\\/2024\\\/10\\\/01\\\/adanirin-yeni-kitabi-yayimlandi\\\/#primaryimage\"},\"image\":{\"@id\":\"https:\\\/\\\/kuzeyinsesi.org\\\/index.php\\\/2024\\\/10\\\/01\\\/adanirin-yeni-kitabi-yayimlandi\\\/#primaryimage\"},\"thumbnailUrl\":\"https:\\\/\\\/kuzeyinsesi.org\\\/wp-content\\\/uploads\\\/2024\\\/10\\\/eralp-adanir-mahmut-islamoglu-kitap.jpg\",\"datePublished\":\"2024-10-01T12:28:40+00:00\",\"author\":{\"@id\":\"https:\\\/\\\/kuzeyinsesi.org\\\/#\\\/schema\\\/person\\\/9f859689cdf01485597712386e37f5aa\"},\"breadcrumb\":{\"@id\":\"https:\\\/\\\/kuzeyinsesi.org\\\/index.php\\\/2024\\\/10\\\/01\\\/adanirin-yeni-kitabi-yayimlandi\\\/#breadcrumb\"},\"inLanguage\":\"tr\",\"potentialAction\":[{\"@type\":\"ReadAction\",\"target\":[\"https:\\\/\\\/kuzeyinsesi.org\\\/index.php\\\/2024\\\/10\\\/01\\\/adanirin-yeni-kitabi-yayimlandi\\\/\"]}]},{\"@type\":\"ImageObject\",\"inLanguage\":\"tr\",\"@id\":\"https:\\\/\\\/kuzeyinsesi.org\\\/index.php\\\/2024\\\/10\\\/01\\\/adanirin-yeni-kitabi-yayimlandi\\\/#primaryimage\",\"url\":\"https:\\\/\\\/kuzeyinsesi.org\\\/wp-content\\\/uploads\\\/2024\\\/10\\\/eralp-adanir-mahmut-islamoglu-kitap.jpg\",\"contentUrl\":\"https:\\\/\\\/kuzeyinsesi.org\\\/wp-content\\\/uploads\\\/2024\\\/10\\\/eralp-adanir-mahmut-islamoglu-kitap.jpg\",\"width\":1600,\"height\":1090},{\"@type\":\"BreadcrumbList\",\"@id\":\"https:\\\/\\\/kuzeyinsesi.org\\\/index.php\\\/2024\\\/10\\\/01\\\/adanirin-yeni-kitabi-yayimlandi\\\/#breadcrumb\",\"itemListElement\":[{\"@type\":\"ListItem\",\"position\":1,\"name\":\"Anasayfa\",\"item\":\"https:\\\/\\\/kuzeyinsesi.org\\\/\"},{\"@type\":\"ListItem\",\"position\":2,\"name\":\"Adan\u0131r\u2019\u0131n yeni kitab\u0131 yay\u0131mland\u0131\"}]},{\"@type\":\"WebSite\",\"@id\":\"https:\\\/\\\/kuzeyinsesi.org\\\/#website\",\"url\":\"https:\\\/\\\/kuzeyinsesi.org\\\/\",\"name\":\"Kuzeyin Sesi\",\"description\":\"Do\u011fru Haberin Adresi\",\"potentialAction\":[{\"@type\":\"SearchAction\",\"target\":{\"@type\":\"EntryPoint\",\"urlTemplate\":\"https:\\\/\\\/kuzeyinsesi.org\\\/?s={search_term_string}\"},\"query-input\":{\"@type\":\"PropertyValueSpecification\",\"valueRequired\":true,\"valueName\":\"search_term_string\"}}],\"inLanguage\":\"tr\"},{\"@type\":\"Person\",\"@id\":\"https:\\\/\\\/kuzeyinsesi.org\\\/#\\\/schema\\\/person\\\/9f859689cdf01485597712386e37f5aa\",\"name\":\"Kuzeyin Sesi\",\"image\":{\"@type\":\"ImageObject\",\"inLanguage\":\"tr\",\"@id\":\"https:\\\/\\\/secure.gravatar.com\\\/avatar\\\/bab33852abfd8b282518d6ed81826833d77c3c882d9ab608add591ccace47a44?s=96&d=mm&r=g\",\"url\":\"https:\\\/\\\/secure.gravatar.com\\\/avatar\\\/bab33852abfd8b282518d6ed81826833d77c3c882d9ab608add591ccace47a44?s=96&d=mm&r=g\",\"contentUrl\":\"https:\\\/\\\/secure.gravatar.com\\\/avatar\\\/bab33852abfd8b282518d6ed81826833d77c3c882d9ab608add591ccace47a44?s=96&d=mm&r=g\",\"caption\":\"Kuzeyin Sesi\"},\"sameAs\":[\"https:\\\/\\\/kuzeyinsesi.org\"],\"url\":\"https:\\\/\\\/kuzeyinsesi.org\\\/index.php\\\/author\\\/guven\\\/\"}]}<\/script>\n<!-- \/ Yoast SEO plugin. -->","yoast_head_json":{"title":"Adan\u0131r\u2019\u0131n yeni kitab\u0131 yay\u0131mland\u0131 - Kuzeyin Sesi","robots":{"index":"index","follow":"follow","max-snippet":"max-snippet:-1","max-image-preview":"max-image-preview:large","max-video-preview":"max-video-preview:-1"},"canonical":"https:\/\/kuzeyinsesi.org\/index.php\/2024\/10\/01\/adanirin-yeni-kitabi-yayimlandi\/","og_locale":"tr_TR","og_type":"article","og_title":"Adan\u0131r\u2019\u0131n yeni kitab\u0131 yay\u0131mland\u0131 - Kuzeyin Sesi","og_description":"Gazeteci, yazar, TV program yap\u0131mc\u0131s\u0131 Eralp Adan\u0131r\u2019\u0131n \u201cK\u0131br\u0131s T\u00fcrk Halkbiliminde 55 Y\u0131ll\u0131k Y\u00fcr\u00fcy\u00fc\u015f, Mahmut \u0130sl\u00e2mo\u011flu\u201d isimli kitab\u0131 yay\u0131mland\u0131. K\u0131br\u0131s T\u00fcrk Yazarlar Birli\u011fi taraf\u0131ndan yap\u0131lan a\u00e7\u0131klamaya g\u00f6re, Adan\u0131r, 25. yay\u0131n\u0131 olan kitapta, BRT-TV\u2019de yap\u0131m ve sunuculuklar\u0131n\u0131 \u00fcstlendi\u011fi \u201cKum Saati\u201d ile \u201cS\u00f6z ve Yaz\u0131\u201d programlar\u0131nda, \u0130sl\u00e2mo\u011flu ile ger\u00e7ekle\u015ftirdi\u011fi s\u00f6yle\u015filerden baz\u0131lar\u0131na yer verdi. Kitapta yer alan s\u00f6yle\u015fi ba\u015fl\u0131klar\u0131 [&hellip;]","og_url":"https:\/\/kuzeyinsesi.org\/index.php\/2024\/10\/01\/adanirin-yeni-kitabi-yayimlandi\/","og_site_name":"Kuzeyin Sesi","article_publisher":"https:\/\/www.facebook.com\/kuzeyinsesii","article_published_time":"2024-10-01T12:28:40+00:00","og_image":[{"url":"https:\/\/brtk.net\/wp-content\/uploads\/2024\/10\/01\/eralp-adanir-foto.jpg?ver=6b987b78f6ab79c15d93b264b13fa13a","type":"","width":"","height":""}],"author":"Kuzeyin Sesi","twitter_card":"summary_large_image","twitter_creator":"@kuzeyinsesii","twitter_site":"@kuzeyinsesii","twitter_misc":{"Yazan:":"Kuzeyin Sesi","Tahmini okuma s\u00fcresi":"1 dakika"},"schema":{"@context":"https:\/\/schema.org","@graph":[{"@type":"Article","@id":"https:\/\/kuzeyinsesi.org\/index.php\/2024\/10\/01\/adanirin-yeni-kitabi-yayimlandi\/#article","isPartOf":{"@id":"https:\/\/kuzeyinsesi.org\/index.php\/2024\/10\/01\/adanirin-yeni-kitabi-yayimlandi\/"},"author":{"name":"Kuzeyin Sesi","@id":"https:\/\/kuzeyinsesi.org\/#\/schema\/person\/9f859689cdf01485597712386e37f5aa"},"headline":"Adan\u0131r\u2019\u0131n yeni kitab\u0131 yay\u0131mland\u0131","datePublished":"2024-10-01T12:28:40+00:00","mainEntityOfPage":{"@id":"https:\/\/kuzeyinsesi.org\/index.php\/2024\/10\/01\/adanirin-yeni-kitabi-yayimlandi\/"},"wordCount":205,"commentCount":0,"image":{"@id":"https:\/\/kuzeyinsesi.org\/index.php\/2024\/10\/01\/adanirin-yeni-kitabi-yayimlandi\/#primaryimage"},"thumbnailUrl":"https:\/\/kuzeyinsesi.org\/wp-content\/uploads\/2024\/10\/eralp-adanir-mahmut-islamoglu-kitap.jpg","articleSection":["Ya\u015fam"],"inLanguage":"tr","potentialAction":[{"@type":"CommentAction","name":"Comment","target":["https:\/\/kuzeyinsesi.org\/index.php\/2024\/10\/01\/adanirin-yeni-kitabi-yayimlandi\/#respond"]}]},{"@type":"WebPage","@id":"https:\/\/kuzeyinsesi.org\/index.php\/2024\/10\/01\/adanirin-yeni-kitabi-yayimlandi\/","url":"https:\/\/kuzeyinsesi.org\/index.php\/2024\/10\/01\/adanirin-yeni-kitabi-yayimlandi\/","name":"Adan\u0131r\u2019\u0131n yeni kitab\u0131 yay\u0131mland\u0131 - Kuzeyin Sesi","isPartOf":{"@id":"https:\/\/kuzeyinsesi.org\/#website"},"primaryImageOfPage":{"@id":"https:\/\/kuzeyinsesi.org\/index.php\/2024\/10\/01\/adanirin-yeni-kitabi-yayimlandi\/#primaryimage"},"image":{"@id":"https:\/\/kuzeyinsesi.org\/index.php\/2024\/10\/01\/adanirin-yeni-kitabi-yayimlandi\/#primaryimage"},"thumbnailUrl":"https:\/\/kuzeyinsesi.org\/wp-content\/uploads\/2024\/10\/eralp-adanir-mahmut-islamoglu-kitap.jpg","datePublished":"2024-10-01T12:28:40+00:00","author":{"@id":"https:\/\/kuzeyinsesi.org\/#\/schema\/person\/9f859689cdf01485597712386e37f5aa"},"breadcrumb":{"@id":"https:\/\/kuzeyinsesi.org\/index.php\/2024\/10\/01\/adanirin-yeni-kitabi-yayimlandi\/#breadcrumb"},"inLanguage":"tr","potentialAction":[{"@type":"ReadAction","target":["https:\/\/kuzeyinsesi.org\/index.php\/2024\/10\/01\/adanirin-yeni-kitabi-yayimlandi\/"]}]},{"@type":"ImageObject","inLanguage":"tr","@id":"https:\/\/kuzeyinsesi.org\/index.php\/2024\/10\/01\/adanirin-yeni-kitabi-yayimlandi\/#primaryimage","url":"https:\/\/kuzeyinsesi.org\/wp-content\/uploads\/2024\/10\/eralp-adanir-mahmut-islamoglu-kitap.jpg","contentUrl":"https:\/\/kuzeyinsesi.org\/wp-content\/uploads\/2024\/10\/eralp-adanir-mahmut-islamoglu-kitap.jpg","width":1600,"height":1090},{"@type":"BreadcrumbList","@id":"https:\/\/kuzeyinsesi.org\/index.php\/2024\/10\/01\/adanirin-yeni-kitabi-yayimlandi\/#breadcrumb","itemListElement":[{"@type":"ListItem","position":1,"name":"Anasayfa","item":"https:\/\/kuzeyinsesi.org\/"},{"@type":"ListItem","position":2,"name":"Adan\u0131r\u2019\u0131n yeni kitab\u0131 yay\u0131mland\u0131"}]},{"@type":"WebSite","@id":"https:\/\/kuzeyinsesi.org\/#website","url":"https:\/\/kuzeyinsesi.org\/","name":"Kuzeyin Sesi","description":"Do\u011fru Haberin Adresi","potentialAction":[{"@type":"SearchAction","target":{"@type":"EntryPoint","urlTemplate":"https:\/\/kuzeyinsesi.org\/?s={search_term_string}"},"query-input":{"@type":"PropertyValueSpecification","valueRequired":true,"valueName":"search_term_string"}}],"inLanguage":"tr"},{"@type":"Person","@id":"https:\/\/kuzeyinsesi.org\/#\/schema\/person\/9f859689cdf01485597712386e37f5aa","name":"Kuzeyin Sesi","image":{"@type":"ImageObject","inLanguage":"tr","@id":"https:\/\/secure.gravatar.com\/avatar\/bab33852abfd8b282518d6ed81826833d77c3c882d9ab608add591ccace47a44?s=96&d=mm&r=g","url":"https:\/\/secure.gravatar.com\/avatar\/bab33852abfd8b282518d6ed81826833d77c3c882d9ab608add591ccace47a44?s=96&d=mm&r=g","contentUrl":"https:\/\/secure.gravatar.com\/avatar\/bab33852abfd8b282518d6ed81826833d77c3c882d9ab608add591ccace47a44?s=96&d=mm&r=g","caption":"Kuzeyin Sesi"},"sameAs":["https:\/\/kuzeyinsesi.org"],"url":"https:\/\/kuzeyinsesi.org\/index.php\/author\/guven\/"}]}},"_links":{"self":[{"href":"https:\/\/kuzeyinsesi.org\/index.php\/wp-json\/wp\/v2\/posts\/10772","targetHints":{"allow":["GET"]}}],"collection":[{"href":"https:\/\/kuzeyinsesi.org\/index.php\/wp-json\/wp\/v2\/posts"}],"about":[{"href":"https:\/\/kuzeyinsesi.org\/index.php\/wp-json\/wp\/v2\/types\/post"}],"author":[{"embeddable":true,"href":"https:\/\/kuzeyinsesi.org\/index.php\/wp-json\/wp\/v2\/users\/1"}],"replies":[{"embeddable":true,"href":"https:\/\/kuzeyinsesi.org\/index.php\/wp-json\/wp\/v2\/comments?post=10772"}],"version-history":[{"count":0,"href":"https:\/\/kuzeyinsesi.org\/index.php\/wp-json\/wp\/v2\/posts\/10772\/revisions"}],"wp:featuredmedia":[{"embeddable":true,"href":"https:\/\/kuzeyinsesi.org\/index.php\/wp-json\/wp\/v2\/media\/10773"}],"wp:attachment":[{"href":"https:\/\/kuzeyinsesi.org\/index.php\/wp-json\/wp\/v2\/media?parent=10772"}],"wp:term":[{"taxonomy":"category","embeddable":true,"href":"https:\/\/kuzeyinsesi.org\/index.php\/wp-json\/wp\/v2\/categories?post=10772"},{"taxonomy":"post_tag","embeddable":true,"href":"https:\/\/kuzeyinsesi.org\/index.php\/wp-json\/wp\/v2\/tags?post=10772"}],"curies":[{"name":"wp","href":"https:\/\/api.w.org\/{rel}","templated":true}]}}