{"id":10766,"date":"2024-10-01T14:27:28","date_gmt":"2024-10-01T11:27:28","guid":{"rendered":"https:\/\/kuzeyinsesi.org\/index.php\/2024\/10\/01\/alim-folklorik-muzikal-tiyatrosu-dun-aksam-sahnelendi\/"},"modified":"2024-10-01T14:27:28","modified_gmt":"2024-10-01T11:27:28","slug":"alim-folklorik-muzikal-tiyatrosu-dun-aksam-sahnelendi","status":"publish","type":"post","link":"https:\/\/kuzeyinsesi.org\/index.php\/2024\/10\/01\/alim-folklorik-muzikal-tiyatrosu-dun-aksam-sahnelendi\/","title":{"rendered":"\u201cAli\u2019m\u201d folklorik m\u00fczikal tiyatrosu d\u00fcn ak\u015fam sahnelendi"},"content":{"rendered":"<div>\n<div class=\"mariselle-image-container center\">\n                                            <\/div>\n<p>\u2018Girne Ark\u0131n Group Fest24\u2019 kapsam\u0131nda d\u00fcn ak\u015fam \u201cAli\u2019m\u201d folklorik m\u00fczikal tiyatrosu sahnelendi.<\/p>\n<p>Girne Belediyesi\u2019nden verilen bilgiye g\u00f6re, eski Liman Kale Sahnesi\u2019nde yer alan oyun saat 20.00\u2019de ba\u015flad\u0131.<\/p>\n<p>K\u0131br\u0131s T\u00fcrk k\u00fclt\u00fcr\u00fcn\u00fcn en \u00f6nemli destanlar\u0131ndan biri olan \u2018Arap Ali Destan\u0131\u2019nda 150 ki\u015filik ekip yer ald\u0131.<\/p>\n<p>Akademi Sanat Derne\u011fi\u2019nin y\u0131llar s\u00fcren ara\u015ft\u0131rmas\u0131yla haz\u0131rlanan m\u00fczikal tiyatro \u2018Ma\u011fusa Liman\u0131\u2019 t\u00fcrk\u00fcs\u00fcne de konu olan Arap Ali\u2019nin ya\u015fam \u00f6yk\u00fcs\u00fcn\u00fc aktar\u0131yor.<\/p>\n<\/p><\/div>\n<p><script async\n                    defer\n                    crossorigin=\"anonymous\"\n                    src=\"https:\/\/connect.facebook.net\/tr_TR\/sdk.js#xfbml=1&#038;version=v3.3\"\n            ><\/script><\/p>\n","protected":false},"excerpt":{"rendered":"<p>\u2018Girne Ark\u0131n Group Fest24\u2019 kapsam\u0131nda d\u00fcn ak\u015fam \u201cAli\u2019m\u201d folklorik m\u00fczikal tiyatrosu sahnelendi. Girne Belediyesi\u2019nden verilen bilgiye g\u00f6re, eski Liman Kale Sahnesi\u2019nde yer alan oyun saat 20.00\u2019de ba\u015flad\u0131. K\u0131br\u0131s T\u00fcrk k\u00fclt\u00fcr\u00fcn\u00fcn en \u00f6nemli destanlar\u0131ndan biri olan \u2018Arap Ali Destan\u0131\u2019nda 150 ki\u015filik ekip yer ald\u0131. Akademi Sanat Derne\u011fi\u2019nin y\u0131llar s\u00fcren ara\u015ft\u0131rmas\u0131yla haz\u0131rlanan m\u00fczikal tiyatro \u2018Ma\u011fusa Liman\u0131\u2019 t\u00fcrk\u00fcs\u00fcne [&hellip;]<\/p>\n","protected":false},"author":1,"featured_media":10767,"comment_status":"open","ping_status":"open","sticky":false,"template":"","format":"standard","meta":{"jnews-multi-image_gallery":[],"jnews_single_post":[],"jnews_primary_category":[],"jnews_social_meta":[],"jnews_override_counter":[],"footnotes":""},"categories":[6],"tags":[],"class_list":["post-10766","post","type-post","status-publish","format-standard","has-post-thumbnail","hentry","category-yasam"],"yoast_head":"<!-- This site is optimized with the Yoast SEO plugin v27.4 - https:\/\/yoast.com\/product\/yoast-seo-wordpress\/ -->\n<title>\u201cAli\u2019m\u201d folklorik m\u00fczikal tiyatrosu d\u00fcn ak\u015fam sahnelendi - Kuzeyin Sesi<\/title>\n<meta name=\"robots\" content=\"index, follow, max-snippet:-1, max-image-preview:large, max-video-preview:-1\" \/>\n<link rel=\"canonical\" href=\"https:\/\/kuzeyinsesi.org\/index.php\/2024\/10\/01\/alim-folklorik-muzikal-tiyatrosu-dun-aksam-sahnelendi\/\" \/>\n<meta property=\"og:locale\" content=\"tr_TR\" \/>\n<meta property=\"og:type\" content=\"article\" \/>\n<meta property=\"og:title\" content=\"\u201cAli\u2019m\u201d folklorik m\u00fczikal tiyatrosu d\u00fcn ak\u015fam sahnelendi - Kuzeyin Sesi\" \/>\n<meta property=\"og:description\" content=\"\u2018Girne Ark\u0131n Group Fest24\u2019 kapsam\u0131nda d\u00fcn ak\u015fam \u201cAli\u2019m\u201d folklorik m\u00fczikal tiyatrosu sahnelendi. Girne Belediyesi\u2019nden verilen bilgiye g\u00f6re, eski Liman Kale Sahnesi\u2019nde yer alan oyun saat 20.00\u2019de ba\u015flad\u0131. K\u0131br\u0131s T\u00fcrk k\u00fclt\u00fcr\u00fcn\u00fcn en \u00f6nemli destanlar\u0131ndan biri olan \u2018Arap Ali Destan\u0131\u2019nda 150 ki\u015filik ekip yer ald\u0131. Akademi Sanat Derne\u011fi\u2019nin y\u0131llar s\u00fcren ara\u015ft\u0131rmas\u0131yla haz\u0131rlanan m\u00fczikal tiyatro \u2018Ma\u011fusa Liman\u0131\u2019 t\u00fcrk\u00fcs\u00fcne [&hellip;]\" \/>\n<meta property=\"og:url\" content=\"https:\/\/kuzeyinsesi.org\/index.php\/2024\/10\/01\/alim-folklorik-muzikal-tiyatrosu-dun-aksam-sahnelendi\/\" \/>\n<meta property=\"og:site_name\" content=\"Kuzeyin Sesi\" \/>\n<meta property=\"article:publisher\" content=\"https:\/\/www.facebook.com\/kuzeyinsesii\" \/>\n<meta property=\"article:published_time\" content=\"2024-10-01T11:27:28+00:00\" \/>\n<meta property=\"og:image\" content=\"https:\/\/brtk.net\/wp-content\/uploads\/2024\/10\/01\/images96.jpg?ver=5b74ae22c6c1edfd9d049afa15e56d6a\" \/>\n<meta name=\"author\" content=\"Kuzeyin Sesi\" \/>\n<meta name=\"twitter:card\" content=\"summary_large_image\" \/>\n<meta name=\"twitter:creator\" content=\"@kuzeyinsesii\" \/>\n<meta name=\"twitter:site\" content=\"@kuzeyinsesii\" \/>\n<meta name=\"twitter:label1\" content=\"Yazan:\" \/>\n\t<meta name=\"twitter:data1\" content=\"Kuzeyin Sesi\" \/>\n\t<meta name=\"twitter:label2\" content=\"Tahmini okuma s\u00fcresi\" \/>\n\t<meta name=\"twitter:data2\" content=\"1 dakika\" \/>\n<script type=\"application\/ld+json\" class=\"yoast-schema-graph\">{\"@context\":\"https:\\\/\\\/schema.org\",\"@graph\":[{\"@type\":\"Article\",\"@id\":\"https:\\\/\\\/kuzeyinsesi.org\\\/index.php\\\/2024\\\/10\\\/01\\\/alim-folklorik-muzikal-tiyatrosu-dun-aksam-sahnelendi\\\/#article\",\"isPartOf\":{\"@id\":\"https:\\\/\\\/kuzeyinsesi.org\\\/index.php\\\/2024\\\/10\\\/01\\\/alim-folklorik-muzikal-tiyatrosu-dun-aksam-sahnelendi\\\/\"},\"author\":{\"name\":\"Kuzeyin Sesi\",\"@id\":\"https:\\\/\\\/kuzeyinsesi.org\\\/#\\\/schema\\\/person\\\/9f859689cdf01485597712386e37f5aa\"},\"headline\":\"\u201cAli\u2019m\u201d folklorik m\u00fczikal tiyatrosu d\u00fcn ak\u015fam sahnelendi\",\"datePublished\":\"2024-10-01T11:27:28+00:00\",\"mainEntityOfPage\":{\"@id\":\"https:\\\/\\\/kuzeyinsesi.org\\\/index.php\\\/2024\\\/10\\\/01\\\/alim-folklorik-muzikal-tiyatrosu-dun-aksam-sahnelendi\\\/\"},\"wordCount\":111,\"commentCount\":0,\"image\":{\"@id\":\"https:\\\/\\\/kuzeyinsesi.org\\\/index.php\\\/2024\\\/10\\\/01\\\/alim-folklorik-muzikal-tiyatrosu-dun-aksam-sahnelendi\\\/#primaryimage\"},\"thumbnailUrl\":\"https:\\\/\\\/kuzeyinsesi.org\\\/wp-content\\\/uploads\\\/2024\\\/10\\\/images96.jpg\",\"articleSection\":[\"Ya\u015fam\"],\"inLanguage\":\"tr\",\"potentialAction\":[{\"@type\":\"CommentAction\",\"name\":\"Comment\",\"target\":[\"https:\\\/\\\/kuzeyinsesi.org\\\/index.php\\\/2024\\\/10\\\/01\\\/alim-folklorik-muzikal-tiyatrosu-dun-aksam-sahnelendi\\\/#respond\"]}]},{\"@type\":\"WebPage\",\"@id\":\"https:\\\/\\\/kuzeyinsesi.org\\\/index.php\\\/2024\\\/10\\\/01\\\/alim-folklorik-muzikal-tiyatrosu-dun-aksam-sahnelendi\\\/\",\"url\":\"https:\\\/\\\/kuzeyinsesi.org\\\/index.php\\\/2024\\\/10\\\/01\\\/alim-folklorik-muzikal-tiyatrosu-dun-aksam-sahnelendi\\\/\",\"name\":\"\u201cAli\u2019m\u201d folklorik m\u00fczikal tiyatrosu d\u00fcn ak\u015fam sahnelendi - Kuzeyin Sesi\",\"isPartOf\":{\"@id\":\"https:\\\/\\\/kuzeyinsesi.org\\\/#website\"},\"primaryImageOfPage\":{\"@id\":\"https:\\\/\\\/kuzeyinsesi.org\\\/index.php\\\/2024\\\/10\\\/01\\\/alim-folklorik-muzikal-tiyatrosu-dun-aksam-sahnelendi\\\/#primaryimage\"},\"image\":{\"@id\":\"https:\\\/\\\/kuzeyinsesi.org\\\/index.php\\\/2024\\\/10\\\/01\\\/alim-folklorik-muzikal-tiyatrosu-dun-aksam-sahnelendi\\\/#primaryimage\"},\"thumbnailUrl\":\"https:\\\/\\\/kuzeyinsesi.org\\\/wp-content\\\/uploads\\\/2024\\\/10\\\/images96.jpg\",\"datePublished\":\"2024-10-01T11:27:28+00:00\",\"author\":{\"@id\":\"https:\\\/\\\/kuzeyinsesi.org\\\/#\\\/schema\\\/person\\\/9f859689cdf01485597712386e37f5aa\"},\"breadcrumb\":{\"@id\":\"https:\\\/\\\/kuzeyinsesi.org\\\/index.php\\\/2024\\\/10\\\/01\\\/alim-folklorik-muzikal-tiyatrosu-dun-aksam-sahnelendi\\\/#breadcrumb\"},\"inLanguage\":\"tr\",\"potentialAction\":[{\"@type\":\"ReadAction\",\"target\":[\"https:\\\/\\\/kuzeyinsesi.org\\\/index.php\\\/2024\\\/10\\\/01\\\/alim-folklorik-muzikal-tiyatrosu-dun-aksam-sahnelendi\\\/\"]}]},{\"@type\":\"ImageObject\",\"inLanguage\":\"tr\",\"@id\":\"https:\\\/\\\/kuzeyinsesi.org\\\/index.php\\\/2024\\\/10\\\/01\\\/alim-folklorik-muzikal-tiyatrosu-dun-aksam-sahnelendi\\\/#primaryimage\",\"url\":\"https:\\\/\\\/kuzeyinsesi.org\\\/wp-content\\\/uploads\\\/2024\\\/10\\\/images96.jpg\",\"contentUrl\":\"https:\\\/\\\/kuzeyinsesi.org\\\/wp-content\\\/uploads\\\/2024\\\/10\\\/images96.jpg\",\"width\":225,\"height\":224},{\"@type\":\"BreadcrumbList\",\"@id\":\"https:\\\/\\\/kuzeyinsesi.org\\\/index.php\\\/2024\\\/10\\\/01\\\/alim-folklorik-muzikal-tiyatrosu-dun-aksam-sahnelendi\\\/#breadcrumb\",\"itemListElement\":[{\"@type\":\"ListItem\",\"position\":1,\"name\":\"Anasayfa\",\"item\":\"https:\\\/\\\/kuzeyinsesi.org\\\/\"},{\"@type\":\"ListItem\",\"position\":2,\"name\":\"\u201cAli\u2019m\u201d folklorik m\u00fczikal tiyatrosu d\u00fcn ak\u015fam sahnelendi\"}]},{\"@type\":\"WebSite\",\"@id\":\"https:\\\/\\\/kuzeyinsesi.org\\\/#website\",\"url\":\"https:\\\/\\\/kuzeyinsesi.org\\\/\",\"name\":\"Kuzeyin Sesi\",\"description\":\"Do\u011fru Haberin Adresi\",\"potentialAction\":[{\"@type\":\"SearchAction\",\"target\":{\"@type\":\"EntryPoint\",\"urlTemplate\":\"https:\\\/\\\/kuzeyinsesi.org\\\/?s={search_term_string}\"},\"query-input\":{\"@type\":\"PropertyValueSpecification\",\"valueRequired\":true,\"valueName\":\"search_term_string\"}}],\"inLanguage\":\"tr\"},{\"@type\":\"Person\",\"@id\":\"https:\\\/\\\/kuzeyinsesi.org\\\/#\\\/schema\\\/person\\\/9f859689cdf01485597712386e37f5aa\",\"name\":\"Kuzeyin Sesi\",\"image\":{\"@type\":\"ImageObject\",\"inLanguage\":\"tr\",\"@id\":\"https:\\\/\\\/secure.gravatar.com\\\/avatar\\\/bab33852abfd8b282518d6ed81826833d77c3c882d9ab608add591ccace47a44?s=96&d=mm&r=g\",\"url\":\"https:\\\/\\\/secure.gravatar.com\\\/avatar\\\/bab33852abfd8b282518d6ed81826833d77c3c882d9ab608add591ccace47a44?s=96&d=mm&r=g\",\"contentUrl\":\"https:\\\/\\\/secure.gravatar.com\\\/avatar\\\/bab33852abfd8b282518d6ed81826833d77c3c882d9ab608add591ccace47a44?s=96&d=mm&r=g\",\"caption\":\"Kuzeyin Sesi\"},\"sameAs\":[\"https:\\\/\\\/kuzeyinsesi.org\"],\"url\":\"https:\\\/\\\/kuzeyinsesi.org\\\/index.php\\\/author\\\/guven\\\/\"}]}<\/script>\n<!-- \/ Yoast SEO plugin. -->","yoast_head_json":{"title":"\u201cAli\u2019m\u201d folklorik m\u00fczikal tiyatrosu d\u00fcn ak\u015fam sahnelendi - Kuzeyin Sesi","robots":{"index":"index","follow":"follow","max-snippet":"max-snippet:-1","max-image-preview":"max-image-preview:large","max-video-preview":"max-video-preview:-1"},"canonical":"https:\/\/kuzeyinsesi.org\/index.php\/2024\/10\/01\/alim-folklorik-muzikal-tiyatrosu-dun-aksam-sahnelendi\/","og_locale":"tr_TR","og_type":"article","og_title":"\u201cAli\u2019m\u201d folklorik m\u00fczikal tiyatrosu d\u00fcn ak\u015fam sahnelendi - Kuzeyin Sesi","og_description":"\u2018Girne Ark\u0131n Group Fest24\u2019 kapsam\u0131nda d\u00fcn ak\u015fam \u201cAli\u2019m\u201d folklorik m\u00fczikal tiyatrosu sahnelendi. Girne Belediyesi\u2019nden verilen bilgiye g\u00f6re, eski Liman Kale Sahnesi\u2019nde yer alan oyun saat 20.00\u2019de ba\u015flad\u0131. K\u0131br\u0131s T\u00fcrk k\u00fclt\u00fcr\u00fcn\u00fcn en \u00f6nemli destanlar\u0131ndan biri olan \u2018Arap Ali Destan\u0131\u2019nda 150 ki\u015filik ekip yer ald\u0131. Akademi Sanat Derne\u011fi\u2019nin y\u0131llar s\u00fcren ara\u015ft\u0131rmas\u0131yla haz\u0131rlanan m\u00fczikal tiyatro \u2018Ma\u011fusa Liman\u0131\u2019 t\u00fcrk\u00fcs\u00fcne [&hellip;]","og_url":"https:\/\/kuzeyinsesi.org\/index.php\/2024\/10\/01\/alim-folklorik-muzikal-tiyatrosu-dun-aksam-sahnelendi\/","og_site_name":"Kuzeyin Sesi","article_publisher":"https:\/\/www.facebook.com\/kuzeyinsesii","article_published_time":"2024-10-01T11:27:28+00:00","og_image":[{"url":"https:\/\/brtk.net\/wp-content\/uploads\/2024\/10\/01\/images96.jpg?ver=5b74ae22c6c1edfd9d049afa15e56d6a","type":"","width":"","height":""}],"author":"Kuzeyin Sesi","twitter_card":"summary_large_image","twitter_creator":"@kuzeyinsesii","twitter_site":"@kuzeyinsesii","twitter_misc":{"Yazan:":"Kuzeyin Sesi","Tahmini okuma s\u00fcresi":"1 dakika"},"schema":{"@context":"https:\/\/schema.org","@graph":[{"@type":"Article","@id":"https:\/\/kuzeyinsesi.org\/index.php\/2024\/10\/01\/alim-folklorik-muzikal-tiyatrosu-dun-aksam-sahnelendi\/#article","isPartOf":{"@id":"https:\/\/kuzeyinsesi.org\/index.php\/2024\/10\/01\/alim-folklorik-muzikal-tiyatrosu-dun-aksam-sahnelendi\/"},"author":{"name":"Kuzeyin Sesi","@id":"https:\/\/kuzeyinsesi.org\/#\/schema\/person\/9f859689cdf01485597712386e37f5aa"},"headline":"\u201cAli\u2019m\u201d folklorik m\u00fczikal tiyatrosu d\u00fcn ak\u015fam sahnelendi","datePublished":"2024-10-01T11:27:28+00:00","mainEntityOfPage":{"@id":"https:\/\/kuzeyinsesi.org\/index.php\/2024\/10\/01\/alim-folklorik-muzikal-tiyatrosu-dun-aksam-sahnelendi\/"},"wordCount":111,"commentCount":0,"image":{"@id":"https:\/\/kuzeyinsesi.org\/index.php\/2024\/10\/01\/alim-folklorik-muzikal-tiyatrosu-dun-aksam-sahnelendi\/#primaryimage"},"thumbnailUrl":"https:\/\/kuzeyinsesi.org\/wp-content\/uploads\/2024\/10\/images96.jpg","articleSection":["Ya\u015fam"],"inLanguage":"tr","potentialAction":[{"@type":"CommentAction","name":"Comment","target":["https:\/\/kuzeyinsesi.org\/index.php\/2024\/10\/01\/alim-folklorik-muzikal-tiyatrosu-dun-aksam-sahnelendi\/#respond"]}]},{"@type":"WebPage","@id":"https:\/\/kuzeyinsesi.org\/index.php\/2024\/10\/01\/alim-folklorik-muzikal-tiyatrosu-dun-aksam-sahnelendi\/","url":"https:\/\/kuzeyinsesi.org\/index.php\/2024\/10\/01\/alim-folklorik-muzikal-tiyatrosu-dun-aksam-sahnelendi\/","name":"\u201cAli\u2019m\u201d folklorik m\u00fczikal tiyatrosu d\u00fcn ak\u015fam sahnelendi - Kuzeyin Sesi","isPartOf":{"@id":"https:\/\/kuzeyinsesi.org\/#website"},"primaryImageOfPage":{"@id":"https:\/\/kuzeyinsesi.org\/index.php\/2024\/10\/01\/alim-folklorik-muzikal-tiyatrosu-dun-aksam-sahnelendi\/#primaryimage"},"image":{"@id":"https:\/\/kuzeyinsesi.org\/index.php\/2024\/10\/01\/alim-folklorik-muzikal-tiyatrosu-dun-aksam-sahnelendi\/#primaryimage"},"thumbnailUrl":"https:\/\/kuzeyinsesi.org\/wp-content\/uploads\/2024\/10\/images96.jpg","datePublished":"2024-10-01T11:27:28+00:00","author":{"@id":"https:\/\/kuzeyinsesi.org\/#\/schema\/person\/9f859689cdf01485597712386e37f5aa"},"breadcrumb":{"@id":"https:\/\/kuzeyinsesi.org\/index.php\/2024\/10\/01\/alim-folklorik-muzikal-tiyatrosu-dun-aksam-sahnelendi\/#breadcrumb"},"inLanguage":"tr","potentialAction":[{"@type":"ReadAction","target":["https:\/\/kuzeyinsesi.org\/index.php\/2024\/10\/01\/alim-folklorik-muzikal-tiyatrosu-dun-aksam-sahnelendi\/"]}]},{"@type":"ImageObject","inLanguage":"tr","@id":"https:\/\/kuzeyinsesi.org\/index.php\/2024\/10\/01\/alim-folklorik-muzikal-tiyatrosu-dun-aksam-sahnelendi\/#primaryimage","url":"https:\/\/kuzeyinsesi.org\/wp-content\/uploads\/2024\/10\/images96.jpg","contentUrl":"https:\/\/kuzeyinsesi.org\/wp-content\/uploads\/2024\/10\/images96.jpg","width":225,"height":224},{"@type":"BreadcrumbList","@id":"https:\/\/kuzeyinsesi.org\/index.php\/2024\/10\/01\/alim-folklorik-muzikal-tiyatrosu-dun-aksam-sahnelendi\/#breadcrumb","itemListElement":[{"@type":"ListItem","position":1,"name":"Anasayfa","item":"https:\/\/kuzeyinsesi.org\/"},{"@type":"ListItem","position":2,"name":"\u201cAli\u2019m\u201d folklorik m\u00fczikal tiyatrosu d\u00fcn ak\u015fam sahnelendi"}]},{"@type":"WebSite","@id":"https:\/\/kuzeyinsesi.org\/#website","url":"https:\/\/kuzeyinsesi.org\/","name":"Kuzeyin Sesi","description":"Do\u011fru Haberin Adresi","potentialAction":[{"@type":"SearchAction","target":{"@type":"EntryPoint","urlTemplate":"https:\/\/kuzeyinsesi.org\/?s={search_term_string}"},"query-input":{"@type":"PropertyValueSpecification","valueRequired":true,"valueName":"search_term_string"}}],"inLanguage":"tr"},{"@type":"Person","@id":"https:\/\/kuzeyinsesi.org\/#\/schema\/person\/9f859689cdf01485597712386e37f5aa","name":"Kuzeyin Sesi","image":{"@type":"ImageObject","inLanguage":"tr","@id":"https:\/\/secure.gravatar.com\/avatar\/bab33852abfd8b282518d6ed81826833d77c3c882d9ab608add591ccace47a44?s=96&d=mm&r=g","url":"https:\/\/secure.gravatar.com\/avatar\/bab33852abfd8b282518d6ed81826833d77c3c882d9ab608add591ccace47a44?s=96&d=mm&r=g","contentUrl":"https:\/\/secure.gravatar.com\/avatar\/bab33852abfd8b282518d6ed81826833d77c3c882d9ab608add591ccace47a44?s=96&d=mm&r=g","caption":"Kuzeyin Sesi"},"sameAs":["https:\/\/kuzeyinsesi.org"],"url":"https:\/\/kuzeyinsesi.org\/index.php\/author\/guven\/"}]}},"_links":{"self":[{"href":"https:\/\/kuzeyinsesi.org\/index.php\/wp-json\/wp\/v2\/posts\/10766","targetHints":{"allow":["GET"]}}],"collection":[{"href":"https:\/\/kuzeyinsesi.org\/index.php\/wp-json\/wp\/v2\/posts"}],"about":[{"href":"https:\/\/kuzeyinsesi.org\/index.php\/wp-json\/wp\/v2\/types\/post"}],"author":[{"embeddable":true,"href":"https:\/\/kuzeyinsesi.org\/index.php\/wp-json\/wp\/v2\/users\/1"}],"replies":[{"embeddable":true,"href":"https:\/\/kuzeyinsesi.org\/index.php\/wp-json\/wp\/v2\/comments?post=10766"}],"version-history":[{"count":0,"href":"https:\/\/kuzeyinsesi.org\/index.php\/wp-json\/wp\/v2\/posts\/10766\/revisions"}],"wp:featuredmedia":[{"embeddable":true,"href":"https:\/\/kuzeyinsesi.org\/index.php\/wp-json\/wp\/v2\/media\/10767"}],"wp:attachment":[{"href":"https:\/\/kuzeyinsesi.org\/index.php\/wp-json\/wp\/v2\/media?parent=10766"}],"wp:term":[{"taxonomy":"category","embeddable":true,"href":"https:\/\/kuzeyinsesi.org\/index.php\/wp-json\/wp\/v2\/categories?post=10766"},{"taxonomy":"post_tag","embeddable":true,"href":"https:\/\/kuzeyinsesi.org\/index.php\/wp-json\/wp\/v2\/tags?post=10766"}],"curies":[{"name":"wp","href":"https:\/\/api.w.org\/{rel}","templated":true}]}}