{"id":10758,"date":"2024-10-01T13:26:52","date_gmt":"2024-10-01T10:26:52","guid":{"rendered":"https:\/\/kuzeyinsesi.org\/index.php\/2024\/10\/01\/gecenin-rengi-color-of-the-night-fotograf-sergisi-ercan-havaalaninda\/"},"modified":"2024-10-01T13:26:52","modified_gmt":"2024-10-01T10:26:52","slug":"gecenin-rengi-color-of-the-night-fotograf-sergisi-ercan-havaalaninda","status":"publish","type":"post","link":"https:\/\/kuzeyinsesi.org\/index.php\/2024\/10\/01\/gecenin-rengi-color-of-the-night-fotograf-sergisi-ercan-havaalaninda\/","title":{"rendered":"\u201cGecenin Rengi-Color of the Night\u201d foto\u011fraf sergisi Ercan Havaalan\u0131\u2019nda\u2026"},"content":{"rendered":"<div>\n<div class=\"mariselle-image-container center\">\n                                            <\/div>\n<p>Foto\u011fraf sanat\u00e7\u0131lar\u0131 Atila Karaderi ve Mehmet G\u00f6kyi\u011fit\u2019in gece foto\u011fraflar\u0131ndan olu\u015fan \u201cGecenin Rengi \u2013 Color of the Night\u201d temal\u0131 foto\u011fraf sergisi, Ercan Havaalan\u0131\u2019nda a\u00e7\u0131ld\u0131. <\/p>\n<p>Kuzey K\u0131br\u0131s\u2019ta sadece gece foto\u011fraflar\u0131ndan olu\u015fan ilk sergi olmas\u0131 \u00f6zelli\u011fini ta\u015f\u0131yan \u00e7al\u0131\u015fmalar, 26 Aral\u0131k 2023 ile 4 Ocak 2024 tarihleri aras\u0131nda Lefko\u015fa Atat\u00fcrk K\u00fclt\u00fcr Merkezi\u2019nde sanatseverlerin be\u011fenisine sunulmu\u015ftu.<\/p>\n<p>Karaderi ve G\u00f6kyi\u011fit, d\u00f6ng\u00fc, samanyolu ve \u0131\u015f\u0131kla boyama foto\u011fraflar\u0131ndan olu\u015fan 60 foto\u011frafl\u0131k sergilerini bu kez de her g\u00fcn binlerce ki\u015finin yolculuk yapt\u0131\u011f\u0131 Ercan Havaalan\u0131\u2019nda sergilenmesinin kendilerini mutlu etti\u011fini belirterek, T&amp;T Havaliman\u0131 \u0130\u015fletmecili\u011fi\u2019ne desteklerinden dolay\u0131 te\u015fekk\u00fcr etti.<\/p>\n<p>Pandemi d\u00f6neminde dahi foto\u011fraf \u00e7ekimlerine devam etmek ad\u0131na G\u00fczelyurt Kaymakaml\u0131\u011f\u0131\u2019ndan gerekli izinleri al\u0131p \u00e7al\u0131\u015fmalar\u0131na devam ettiklerini belirten sanat\u00e7\u0131lar, gece foto\u011fraf\u0131 \u00e7ekmenin zorlu bir s\u00fcre\u00e7 te\u015fkil etti\u011fini, riskler ta\u015f\u0131d\u0131\u011f\u0131n\u0131 ancak \u00e7ekilen foto\u011fraflardan olu\u015fan sunumlar\u0131n\u0131n \u00e7al\u0131\u015fmalar\u0131na kal\u0131c\u0131l\u0131k katt\u0131\u011f\u0131n\u0131 belirterek, uzun soluklu projelerine her y\u0131l \u00e7ekecekleri yeni foto\u011fraflarla devam edeceklerine vurgu yapt\u0131.<\/p>\n<p>\u201cGecenin Rengi \u2013 Color of the Night\u201d temal\u0131 foto\u011fraf sergisi, Karaderi ve G\u00f6kyi\u011fit\u2019in ortak a\u00e7t\u0131klar\u0131 ilk sergi. Ulusal ve uluslararas\u0131 foto\u011fraf yar\u0131\u015fmalar\u0131na kat\u0131l\u0131m g\u00f6sterip bir\u00e7ok ba\u015far\u0131ya imza atan Karaderi ve G\u00f6kyi\u011fit\u2019in farkl\u0131 \u00fclkelerde kazand\u0131klar\u0131 bir\u00e7ok \u00f6d\u00fcl de bulunuyor.<\/p>\n<\/p><\/div>\n<p><script async\n                    defer\n                    crossorigin=\"anonymous\"\n                    src=\"https:\/\/connect.facebook.net\/tr_TR\/sdk.js#xfbml=1&#038;version=v3.3\"\n            ><\/script><\/p>\n","protected":false},"excerpt":{"rendered":"<p>Foto\u011fraf sanat\u00e7\u0131lar\u0131 Atila Karaderi ve Mehmet G\u00f6kyi\u011fit\u2019in gece foto\u011fraflar\u0131ndan olu\u015fan \u201cGecenin Rengi \u2013 Color of the Night\u201d temal\u0131 foto\u011fraf sergisi, Ercan Havaalan\u0131\u2019nda a\u00e7\u0131ld\u0131. Kuzey K\u0131br\u0131s\u2019ta sadece gece foto\u011fraflar\u0131ndan olu\u015fan ilk sergi olmas\u0131 \u00f6zelli\u011fini ta\u015f\u0131yan \u00e7al\u0131\u015fmalar, 26 Aral\u0131k 2023 ile 4 Ocak 2024 tarihleri aras\u0131nda Lefko\u015fa Atat\u00fcrk K\u00fclt\u00fcr Merkezi\u2019nde sanatseverlerin be\u011fenisine sunulmu\u015ftu. Karaderi ve G\u00f6kyi\u011fit, d\u00f6ng\u00fc, [&hellip;]<\/p>\n","protected":false},"author":1,"featured_media":10759,"comment_status":"open","ping_status":"open","sticky":false,"template":"","format":"standard","meta":{"jnews-multi-image_gallery":[],"jnews_single_post":[],"jnews_primary_category":[],"jnews_social_meta":[],"jnews_override_counter":[],"footnotes":""},"categories":[6],"tags":[],"class_list":["post-10758","post","type-post","status-publish","format-standard","has-post-thumbnail","hentry","category-yasam"],"yoast_head":"<!-- This site is optimized with the Yoast SEO plugin v27.4 - https:\/\/yoast.com\/product\/yoast-seo-wordpress\/ -->\n<title>\u201cGecenin Rengi-Color of the Night\u201d foto\u011fraf sergisi Ercan Havaalan\u0131\u2019nda\u2026 - Kuzeyin Sesi<\/title>\n<meta name=\"robots\" content=\"index, follow, max-snippet:-1, max-image-preview:large, max-video-preview:-1\" \/>\n<link rel=\"canonical\" href=\"https:\/\/kuzeyinsesi.org\/index.php\/2024\/10\/01\/gecenin-rengi-color-of-the-night-fotograf-sergisi-ercan-havaalaninda\/\" \/>\n<meta property=\"og:locale\" content=\"tr_TR\" \/>\n<meta property=\"og:type\" content=\"article\" \/>\n<meta property=\"og:title\" content=\"\u201cGecenin Rengi-Color of the Night\u201d foto\u011fraf sergisi Ercan Havaalan\u0131\u2019nda\u2026 - Kuzeyin Sesi\" \/>\n<meta property=\"og:description\" content=\"Foto\u011fraf sanat\u00e7\u0131lar\u0131 Atila Karaderi ve Mehmet G\u00f6kyi\u011fit\u2019in gece foto\u011fraflar\u0131ndan olu\u015fan \u201cGecenin Rengi \u2013 Color of the Night\u201d temal\u0131 foto\u011fraf sergisi, Ercan Havaalan\u0131\u2019nda a\u00e7\u0131ld\u0131. Kuzey K\u0131br\u0131s\u2019ta sadece gece foto\u011fraflar\u0131ndan olu\u015fan ilk sergi olmas\u0131 \u00f6zelli\u011fini ta\u015f\u0131yan \u00e7al\u0131\u015fmalar, 26 Aral\u0131k 2023 ile 4 Ocak 2024 tarihleri aras\u0131nda Lefko\u015fa Atat\u00fcrk K\u00fclt\u00fcr Merkezi\u2019nde sanatseverlerin be\u011fenisine sunulmu\u015ftu. Karaderi ve G\u00f6kyi\u011fit, d\u00f6ng\u00fc, [&hellip;]\" \/>\n<meta property=\"og:url\" content=\"https:\/\/kuzeyinsesi.org\/index.php\/2024\/10\/01\/gecenin-rengi-color-of-the-night-fotograf-sergisi-ercan-havaalaninda\/\" \/>\n<meta property=\"og:site_name\" content=\"Kuzeyin Sesi\" \/>\n<meta property=\"article:publisher\" content=\"https:\/\/www.facebook.com\/kuzeyinsesii\" \/>\n<meta property=\"article:published_time\" content=\"2024-10-01T10:26:52+00:00\" \/>\n<meta property=\"og:image\" content=\"https:\/\/brtk.net\/wp-content\/uploads\/2024\/10\/01\/gecenin-rengi-1-.jpg?ver=d8040b97fcecd8555288d3cf3e0b3fcc\" \/>\n<meta name=\"author\" content=\"Kuzeyin Sesi\" \/>\n<meta name=\"twitter:card\" content=\"summary_large_image\" \/>\n<meta name=\"twitter:creator\" content=\"@kuzeyinsesii\" \/>\n<meta name=\"twitter:site\" content=\"@kuzeyinsesii\" \/>\n<meta name=\"twitter:label1\" content=\"Yazan:\" \/>\n\t<meta name=\"twitter:data1\" content=\"Kuzeyin Sesi\" \/>\n\t<meta name=\"twitter:label2\" content=\"Tahmini okuma s\u00fcresi\" \/>\n\t<meta name=\"twitter:data2\" content=\"1 dakika\" \/>\n<script type=\"application\/ld+json\" class=\"yoast-schema-graph\">{\"@context\":\"https:\\\/\\\/schema.org\",\"@graph\":[{\"@type\":\"Article\",\"@id\":\"https:\\\/\\\/kuzeyinsesi.org\\\/index.php\\\/2024\\\/10\\\/01\\\/gecenin-rengi-color-of-the-night-fotograf-sergisi-ercan-havaalaninda\\\/#article\",\"isPartOf\":{\"@id\":\"https:\\\/\\\/kuzeyinsesi.org\\\/index.php\\\/2024\\\/10\\\/01\\\/gecenin-rengi-color-of-the-night-fotograf-sergisi-ercan-havaalaninda\\\/\"},\"author\":{\"name\":\"Kuzeyin Sesi\",\"@id\":\"https:\\\/\\\/kuzeyinsesi.org\\\/#\\\/schema\\\/person\\\/9f859689cdf01485597712386e37f5aa\"},\"headline\":\"\u201cGecenin Rengi-Color of the Night\u201d foto\u011fraf sergisi Ercan Havaalan\u0131\u2019nda\u2026\",\"datePublished\":\"2024-10-01T10:26:52+00:00\",\"mainEntityOfPage\":{\"@id\":\"https:\\\/\\\/kuzeyinsesi.org\\\/index.php\\\/2024\\\/10\\\/01\\\/gecenin-rengi-color-of-the-night-fotograf-sergisi-ercan-havaalaninda\\\/\"},\"wordCount\":273,\"commentCount\":0,\"image\":{\"@id\":\"https:\\\/\\\/kuzeyinsesi.org\\\/index.php\\\/2024\\\/10\\\/01\\\/gecenin-rengi-color-of-the-night-fotograf-sergisi-ercan-havaalaninda\\\/#primaryimage\"},\"thumbnailUrl\":\"https:\\\/\\\/kuzeyinsesi.org\\\/wp-content\\\/uploads\\\/2024\\\/10\\\/gecenin-rengi-1-.jpg\",\"articleSection\":[\"Ya\u015fam\"],\"inLanguage\":\"tr\",\"potentialAction\":[{\"@type\":\"CommentAction\",\"name\":\"Comment\",\"target\":[\"https:\\\/\\\/kuzeyinsesi.org\\\/index.php\\\/2024\\\/10\\\/01\\\/gecenin-rengi-color-of-the-night-fotograf-sergisi-ercan-havaalaninda\\\/#respond\"]}]},{\"@type\":\"WebPage\",\"@id\":\"https:\\\/\\\/kuzeyinsesi.org\\\/index.php\\\/2024\\\/10\\\/01\\\/gecenin-rengi-color-of-the-night-fotograf-sergisi-ercan-havaalaninda\\\/\",\"url\":\"https:\\\/\\\/kuzeyinsesi.org\\\/index.php\\\/2024\\\/10\\\/01\\\/gecenin-rengi-color-of-the-night-fotograf-sergisi-ercan-havaalaninda\\\/\",\"name\":\"\u201cGecenin Rengi-Color of the Night\u201d foto\u011fraf sergisi Ercan Havaalan\u0131\u2019nda\u2026 - Kuzeyin Sesi\",\"isPartOf\":{\"@id\":\"https:\\\/\\\/kuzeyinsesi.org\\\/#website\"},\"primaryImageOfPage\":{\"@id\":\"https:\\\/\\\/kuzeyinsesi.org\\\/index.php\\\/2024\\\/10\\\/01\\\/gecenin-rengi-color-of-the-night-fotograf-sergisi-ercan-havaalaninda\\\/#primaryimage\"},\"image\":{\"@id\":\"https:\\\/\\\/kuzeyinsesi.org\\\/index.php\\\/2024\\\/10\\\/01\\\/gecenin-rengi-color-of-the-night-fotograf-sergisi-ercan-havaalaninda\\\/#primaryimage\"},\"thumbnailUrl\":\"https:\\\/\\\/kuzeyinsesi.org\\\/wp-content\\\/uploads\\\/2024\\\/10\\\/gecenin-rengi-1-.jpg\",\"datePublished\":\"2024-10-01T10:26:52+00:00\",\"author\":{\"@id\":\"https:\\\/\\\/kuzeyinsesi.org\\\/#\\\/schema\\\/person\\\/9f859689cdf01485597712386e37f5aa\"},\"breadcrumb\":{\"@id\":\"https:\\\/\\\/kuzeyinsesi.org\\\/index.php\\\/2024\\\/10\\\/01\\\/gecenin-rengi-color-of-the-night-fotograf-sergisi-ercan-havaalaninda\\\/#breadcrumb\"},\"inLanguage\":\"tr\",\"potentialAction\":[{\"@type\":\"ReadAction\",\"target\":[\"https:\\\/\\\/kuzeyinsesi.org\\\/index.php\\\/2024\\\/10\\\/01\\\/gecenin-rengi-color-of-the-night-fotograf-sergisi-ercan-havaalaninda\\\/\"]}]},{\"@type\":\"ImageObject\",\"inLanguage\":\"tr\",\"@id\":\"https:\\\/\\\/kuzeyinsesi.org\\\/index.php\\\/2024\\\/10\\\/01\\\/gecenin-rengi-color-of-the-night-fotograf-sergisi-ercan-havaalaninda\\\/#primaryimage\",\"url\":\"https:\\\/\\\/kuzeyinsesi.org\\\/wp-content\\\/uploads\\\/2024\\\/10\\\/gecenin-rengi-1-.jpg\",\"contentUrl\":\"https:\\\/\\\/kuzeyinsesi.org\\\/wp-content\\\/uploads\\\/2024\\\/10\\\/gecenin-rengi-1-.jpg\",\"width\":1600,\"height\":901},{\"@type\":\"BreadcrumbList\",\"@id\":\"https:\\\/\\\/kuzeyinsesi.org\\\/index.php\\\/2024\\\/10\\\/01\\\/gecenin-rengi-color-of-the-night-fotograf-sergisi-ercan-havaalaninda\\\/#breadcrumb\",\"itemListElement\":[{\"@type\":\"ListItem\",\"position\":1,\"name\":\"Anasayfa\",\"item\":\"https:\\\/\\\/kuzeyinsesi.org\\\/\"},{\"@type\":\"ListItem\",\"position\":2,\"name\":\"\u201cGecenin Rengi-Color of the Night\u201d foto\u011fraf sergisi Ercan Havaalan\u0131\u2019nda\u2026\"}]},{\"@type\":\"WebSite\",\"@id\":\"https:\\\/\\\/kuzeyinsesi.org\\\/#website\",\"url\":\"https:\\\/\\\/kuzeyinsesi.org\\\/\",\"name\":\"Kuzeyin Sesi\",\"description\":\"Do\u011fru Haberin Adresi\",\"potentialAction\":[{\"@type\":\"SearchAction\",\"target\":{\"@type\":\"EntryPoint\",\"urlTemplate\":\"https:\\\/\\\/kuzeyinsesi.org\\\/?s={search_term_string}\"},\"query-input\":{\"@type\":\"PropertyValueSpecification\",\"valueRequired\":true,\"valueName\":\"search_term_string\"}}],\"inLanguage\":\"tr\"},{\"@type\":\"Person\",\"@id\":\"https:\\\/\\\/kuzeyinsesi.org\\\/#\\\/schema\\\/person\\\/9f859689cdf01485597712386e37f5aa\",\"name\":\"Kuzeyin Sesi\",\"image\":{\"@type\":\"ImageObject\",\"inLanguage\":\"tr\",\"@id\":\"https:\\\/\\\/secure.gravatar.com\\\/avatar\\\/bab33852abfd8b282518d6ed81826833d77c3c882d9ab608add591ccace47a44?s=96&d=mm&r=g\",\"url\":\"https:\\\/\\\/secure.gravatar.com\\\/avatar\\\/bab33852abfd8b282518d6ed81826833d77c3c882d9ab608add591ccace47a44?s=96&d=mm&r=g\",\"contentUrl\":\"https:\\\/\\\/secure.gravatar.com\\\/avatar\\\/bab33852abfd8b282518d6ed81826833d77c3c882d9ab608add591ccace47a44?s=96&d=mm&r=g\",\"caption\":\"Kuzeyin Sesi\"},\"sameAs\":[\"https:\\\/\\\/kuzeyinsesi.org\"],\"url\":\"https:\\\/\\\/kuzeyinsesi.org\\\/index.php\\\/author\\\/guven\\\/\"}]}<\/script>\n<!-- \/ Yoast SEO plugin. -->","yoast_head_json":{"title":"\u201cGecenin Rengi-Color of the Night\u201d foto\u011fraf sergisi Ercan Havaalan\u0131\u2019nda\u2026 - Kuzeyin Sesi","robots":{"index":"index","follow":"follow","max-snippet":"max-snippet:-1","max-image-preview":"max-image-preview:large","max-video-preview":"max-video-preview:-1"},"canonical":"https:\/\/kuzeyinsesi.org\/index.php\/2024\/10\/01\/gecenin-rengi-color-of-the-night-fotograf-sergisi-ercan-havaalaninda\/","og_locale":"tr_TR","og_type":"article","og_title":"\u201cGecenin Rengi-Color of the Night\u201d foto\u011fraf sergisi Ercan Havaalan\u0131\u2019nda\u2026 - Kuzeyin Sesi","og_description":"Foto\u011fraf sanat\u00e7\u0131lar\u0131 Atila Karaderi ve Mehmet G\u00f6kyi\u011fit\u2019in gece foto\u011fraflar\u0131ndan olu\u015fan \u201cGecenin Rengi \u2013 Color of the Night\u201d temal\u0131 foto\u011fraf sergisi, Ercan Havaalan\u0131\u2019nda a\u00e7\u0131ld\u0131. Kuzey K\u0131br\u0131s\u2019ta sadece gece foto\u011fraflar\u0131ndan olu\u015fan ilk sergi olmas\u0131 \u00f6zelli\u011fini ta\u015f\u0131yan \u00e7al\u0131\u015fmalar, 26 Aral\u0131k 2023 ile 4 Ocak 2024 tarihleri aras\u0131nda Lefko\u015fa Atat\u00fcrk K\u00fclt\u00fcr Merkezi\u2019nde sanatseverlerin be\u011fenisine sunulmu\u015ftu. Karaderi ve G\u00f6kyi\u011fit, d\u00f6ng\u00fc, [&hellip;]","og_url":"https:\/\/kuzeyinsesi.org\/index.php\/2024\/10\/01\/gecenin-rengi-color-of-the-night-fotograf-sergisi-ercan-havaalaninda\/","og_site_name":"Kuzeyin Sesi","article_publisher":"https:\/\/www.facebook.com\/kuzeyinsesii","article_published_time":"2024-10-01T10:26:52+00:00","og_image":[{"url":"https:\/\/brtk.net\/wp-content\/uploads\/2024\/10\/01\/gecenin-rengi-1-.jpg?ver=d8040b97fcecd8555288d3cf3e0b3fcc","type":"","width":"","height":""}],"author":"Kuzeyin Sesi","twitter_card":"summary_large_image","twitter_creator":"@kuzeyinsesii","twitter_site":"@kuzeyinsesii","twitter_misc":{"Yazan:":"Kuzeyin Sesi","Tahmini okuma s\u00fcresi":"1 dakika"},"schema":{"@context":"https:\/\/schema.org","@graph":[{"@type":"Article","@id":"https:\/\/kuzeyinsesi.org\/index.php\/2024\/10\/01\/gecenin-rengi-color-of-the-night-fotograf-sergisi-ercan-havaalaninda\/#article","isPartOf":{"@id":"https:\/\/kuzeyinsesi.org\/index.php\/2024\/10\/01\/gecenin-rengi-color-of-the-night-fotograf-sergisi-ercan-havaalaninda\/"},"author":{"name":"Kuzeyin Sesi","@id":"https:\/\/kuzeyinsesi.org\/#\/schema\/person\/9f859689cdf01485597712386e37f5aa"},"headline":"\u201cGecenin Rengi-Color of the Night\u201d foto\u011fraf sergisi Ercan Havaalan\u0131\u2019nda\u2026","datePublished":"2024-10-01T10:26:52+00:00","mainEntityOfPage":{"@id":"https:\/\/kuzeyinsesi.org\/index.php\/2024\/10\/01\/gecenin-rengi-color-of-the-night-fotograf-sergisi-ercan-havaalaninda\/"},"wordCount":273,"commentCount":0,"image":{"@id":"https:\/\/kuzeyinsesi.org\/index.php\/2024\/10\/01\/gecenin-rengi-color-of-the-night-fotograf-sergisi-ercan-havaalaninda\/#primaryimage"},"thumbnailUrl":"https:\/\/kuzeyinsesi.org\/wp-content\/uploads\/2024\/10\/gecenin-rengi-1-.jpg","articleSection":["Ya\u015fam"],"inLanguage":"tr","potentialAction":[{"@type":"CommentAction","name":"Comment","target":["https:\/\/kuzeyinsesi.org\/index.php\/2024\/10\/01\/gecenin-rengi-color-of-the-night-fotograf-sergisi-ercan-havaalaninda\/#respond"]}]},{"@type":"WebPage","@id":"https:\/\/kuzeyinsesi.org\/index.php\/2024\/10\/01\/gecenin-rengi-color-of-the-night-fotograf-sergisi-ercan-havaalaninda\/","url":"https:\/\/kuzeyinsesi.org\/index.php\/2024\/10\/01\/gecenin-rengi-color-of-the-night-fotograf-sergisi-ercan-havaalaninda\/","name":"\u201cGecenin Rengi-Color of the Night\u201d foto\u011fraf sergisi Ercan Havaalan\u0131\u2019nda\u2026 - Kuzeyin Sesi","isPartOf":{"@id":"https:\/\/kuzeyinsesi.org\/#website"},"primaryImageOfPage":{"@id":"https:\/\/kuzeyinsesi.org\/index.php\/2024\/10\/01\/gecenin-rengi-color-of-the-night-fotograf-sergisi-ercan-havaalaninda\/#primaryimage"},"image":{"@id":"https:\/\/kuzeyinsesi.org\/index.php\/2024\/10\/01\/gecenin-rengi-color-of-the-night-fotograf-sergisi-ercan-havaalaninda\/#primaryimage"},"thumbnailUrl":"https:\/\/kuzeyinsesi.org\/wp-content\/uploads\/2024\/10\/gecenin-rengi-1-.jpg","datePublished":"2024-10-01T10:26:52+00:00","author":{"@id":"https:\/\/kuzeyinsesi.org\/#\/schema\/person\/9f859689cdf01485597712386e37f5aa"},"breadcrumb":{"@id":"https:\/\/kuzeyinsesi.org\/index.php\/2024\/10\/01\/gecenin-rengi-color-of-the-night-fotograf-sergisi-ercan-havaalaninda\/#breadcrumb"},"inLanguage":"tr","potentialAction":[{"@type":"ReadAction","target":["https:\/\/kuzeyinsesi.org\/index.php\/2024\/10\/01\/gecenin-rengi-color-of-the-night-fotograf-sergisi-ercan-havaalaninda\/"]}]},{"@type":"ImageObject","inLanguage":"tr","@id":"https:\/\/kuzeyinsesi.org\/index.php\/2024\/10\/01\/gecenin-rengi-color-of-the-night-fotograf-sergisi-ercan-havaalaninda\/#primaryimage","url":"https:\/\/kuzeyinsesi.org\/wp-content\/uploads\/2024\/10\/gecenin-rengi-1-.jpg","contentUrl":"https:\/\/kuzeyinsesi.org\/wp-content\/uploads\/2024\/10\/gecenin-rengi-1-.jpg","width":1600,"height":901},{"@type":"BreadcrumbList","@id":"https:\/\/kuzeyinsesi.org\/index.php\/2024\/10\/01\/gecenin-rengi-color-of-the-night-fotograf-sergisi-ercan-havaalaninda\/#breadcrumb","itemListElement":[{"@type":"ListItem","position":1,"name":"Anasayfa","item":"https:\/\/kuzeyinsesi.org\/"},{"@type":"ListItem","position":2,"name":"\u201cGecenin Rengi-Color of the Night\u201d foto\u011fraf sergisi Ercan Havaalan\u0131\u2019nda\u2026"}]},{"@type":"WebSite","@id":"https:\/\/kuzeyinsesi.org\/#website","url":"https:\/\/kuzeyinsesi.org\/","name":"Kuzeyin Sesi","description":"Do\u011fru Haberin Adresi","potentialAction":[{"@type":"SearchAction","target":{"@type":"EntryPoint","urlTemplate":"https:\/\/kuzeyinsesi.org\/?s={search_term_string}"},"query-input":{"@type":"PropertyValueSpecification","valueRequired":true,"valueName":"search_term_string"}}],"inLanguage":"tr"},{"@type":"Person","@id":"https:\/\/kuzeyinsesi.org\/#\/schema\/person\/9f859689cdf01485597712386e37f5aa","name":"Kuzeyin Sesi","image":{"@type":"ImageObject","inLanguage":"tr","@id":"https:\/\/secure.gravatar.com\/avatar\/bab33852abfd8b282518d6ed81826833d77c3c882d9ab608add591ccace47a44?s=96&d=mm&r=g","url":"https:\/\/secure.gravatar.com\/avatar\/bab33852abfd8b282518d6ed81826833d77c3c882d9ab608add591ccace47a44?s=96&d=mm&r=g","contentUrl":"https:\/\/secure.gravatar.com\/avatar\/bab33852abfd8b282518d6ed81826833d77c3c882d9ab608add591ccace47a44?s=96&d=mm&r=g","caption":"Kuzeyin Sesi"},"sameAs":["https:\/\/kuzeyinsesi.org"],"url":"https:\/\/kuzeyinsesi.org\/index.php\/author\/guven\/"}]}},"_links":{"self":[{"href":"https:\/\/kuzeyinsesi.org\/index.php\/wp-json\/wp\/v2\/posts\/10758","targetHints":{"allow":["GET"]}}],"collection":[{"href":"https:\/\/kuzeyinsesi.org\/index.php\/wp-json\/wp\/v2\/posts"}],"about":[{"href":"https:\/\/kuzeyinsesi.org\/index.php\/wp-json\/wp\/v2\/types\/post"}],"author":[{"embeddable":true,"href":"https:\/\/kuzeyinsesi.org\/index.php\/wp-json\/wp\/v2\/users\/1"}],"replies":[{"embeddable":true,"href":"https:\/\/kuzeyinsesi.org\/index.php\/wp-json\/wp\/v2\/comments?post=10758"}],"version-history":[{"count":0,"href":"https:\/\/kuzeyinsesi.org\/index.php\/wp-json\/wp\/v2\/posts\/10758\/revisions"}],"wp:featuredmedia":[{"embeddable":true,"href":"https:\/\/kuzeyinsesi.org\/index.php\/wp-json\/wp\/v2\/media\/10759"}],"wp:attachment":[{"href":"https:\/\/kuzeyinsesi.org\/index.php\/wp-json\/wp\/v2\/media?parent=10758"}],"wp:term":[{"taxonomy":"category","embeddable":true,"href":"https:\/\/kuzeyinsesi.org\/index.php\/wp-json\/wp\/v2\/categories?post=10758"},{"taxonomy":"post_tag","embeddable":true,"href":"https:\/\/kuzeyinsesi.org\/index.php\/wp-json\/wp\/v2\/tags?post=10758"}],"curies":[{"name":"wp","href":"https:\/\/api.w.org\/{rel}","templated":true}]}}