{"id":10734,"date":"2024-10-01T11:22:23","date_gmt":"2024-10-01T08:22:23","guid":{"rendered":"https:\/\/kuzeyinsesi.org\/index.php\/2024\/10\/01\/gonyeli-alaykoy-belediyesi-festivalleri-basliyor\/"},"modified":"2024-10-01T11:22:23","modified_gmt":"2024-10-01T08:22:23","slug":"gonyeli-alaykoy-belediyesi-festivalleri-basliyor","status":"publish","type":"post","link":"https:\/\/kuzeyinsesi.org\/index.php\/2024\/10\/01\/gonyeli-alaykoy-belediyesi-festivalleri-basliyor\/","title":{"rendered":"G\u00f6nyeli-Alayk\u00f6y Belediyesi Festivalleri ba\u015fl\u0131yor"},"content":{"rendered":"<div>\n<div class=\"mariselle-image-container center\">\n                                            <\/div>\n<p> G\u00f6nyeli-Alayk\u00f6y Belediyesi Festivalleri cuma g\u00fcn\u00fc ba\u015fl\u0131yor.<\/p>\n<p>Belediyeden verilen bilgiye g\u00f6re, 4- 19 Ekim tarihleri aras\u0131nda, \u00fcnl\u00fc sanat\u00e7\u0131lar, yerli m\u00fczik gruplar\u0131, DJ performanslar\u0131, halk danslar\u0131 ve daha pek \u00e7ok etkinliklerin yer alaca\u011f\u0131  \u00fc\u00e7 ayr\u0131 festival yap\u0131lacak.<\/p>\n<p>Etkinlikler 4 Ekim\u2019de Alayk\u00f6y\u2019deki Tah\u0131l Festivali ile ba\u015fl\u0131yor. Bu festivalde yerli sanat\u00e7\u0131 konserleri ve halk danslar\u0131yla geleneksel k\u00fclt\u00fcr sahne al\u0131rken, 5 Ekim\u2019de Murat Mermer ve Koray Avc\u0131 sahne alacak.<\/p>\n<p>11 Ekim\u2019de Yenikent\u2019te ger\u00e7ekle\u015fecek Ralli \u015eov, Kent turunun ard\u0131ndan h\u0131z tutkunlar\u0131n\u0131 bir araya getirecek. 13 Ekim Pazar g\u00fcn\u00fc Ozbi konseri yer alacak.<\/p>\n<p>18-19 Ekim\u2019de ise G\u00f6nyeli \u00c7emberi\u2019nde d\u00fczenlenecek Gen\u00e7lik Festivali, \u0130kiye On Kala, Emir Can \u0130\u011frek, Nova Norda ve Can Bonomo gibi pop\u00fcler sanat\u00e7\u0131lar\u0131 sahnesinde a\u011f\u0131rlayacak. Bu festival, dans g\u00f6sterileri ile yerli sanat\u00e7\u0131larla m\u00fczik dolu iki g\u00fcn sunacak.<\/p>\n<p>Festival s\u00fcresince yerli gruplar\u0131n m\u00fczik performanslar\u0131, tiyatro g\u00f6sterileri, dans ve jimnastik etkinlikleri de sunulacak. \u00c7ocuklar i\u00e7in \u00f6zel oyun alanlar\u0131 ve lezzet dolu festival standlar\u0131 da kurulacak.<\/p>\n<\/p><\/div>\n<p><script async\n                    defer\n                    crossorigin=\"anonymous\"\n                    src=\"https:\/\/connect.facebook.net\/tr_TR\/sdk.js#xfbml=1&#038;version=v3.3\"\n            ><\/script><\/p>\n","protected":false},"excerpt":{"rendered":"<p>G\u00f6nyeli-Alayk\u00f6y Belediyesi Festivalleri cuma g\u00fcn\u00fc ba\u015fl\u0131yor. Belediyeden verilen bilgiye g\u00f6re, 4- 19 Ekim tarihleri aras\u0131nda, \u00fcnl\u00fc sanat\u00e7\u0131lar, yerli m\u00fczik gruplar\u0131, DJ performanslar\u0131, halk danslar\u0131 ve daha pek \u00e7ok etkinliklerin yer alaca\u011f\u0131 \u00fc\u00e7 ayr\u0131 festival yap\u0131lacak. Etkinlikler 4 Ekim\u2019de Alayk\u00f6y\u2019deki Tah\u0131l Festivali ile ba\u015fl\u0131yor. Bu festivalde yerli sanat\u00e7\u0131 konserleri ve halk danslar\u0131yla geleneksel k\u00fclt\u00fcr sahne al\u0131rken, [&hellip;]<\/p>\n","protected":false},"author":1,"featured_media":10735,"comment_status":"open","ping_status":"open","sticky":false,"template":"","format":"standard","meta":{"jnews-multi-image_gallery":[],"jnews_single_post":[],"jnews_primary_category":[],"jnews_social_meta":[],"jnews_override_counter":[],"footnotes":""},"categories":[6],"tags":[],"class_list":["post-10734","post","type-post","status-publish","format-standard","has-post-thumbnail","hentry","category-yasam"],"yoast_head":"<!-- This site is optimized with the Yoast SEO plugin v27.4 - https:\/\/yoast.com\/product\/yoast-seo-wordpress\/ -->\n<title>G\u00f6nyeli-Alayk\u00f6y Belediyesi Festivalleri ba\u015fl\u0131yor - Kuzeyin Sesi<\/title>\n<meta name=\"robots\" content=\"index, follow, max-snippet:-1, max-image-preview:large, max-video-preview:-1\" \/>\n<link rel=\"canonical\" href=\"https:\/\/kuzeyinsesi.org\/index.php\/2024\/10\/01\/gonyeli-alaykoy-belediyesi-festivalleri-basliyor\/\" \/>\n<meta property=\"og:locale\" content=\"tr_TR\" \/>\n<meta property=\"og:type\" content=\"article\" \/>\n<meta property=\"og:title\" content=\"G\u00f6nyeli-Alayk\u00f6y Belediyesi Festivalleri ba\u015fl\u0131yor - Kuzeyin Sesi\" \/>\n<meta property=\"og:description\" content=\"G\u00f6nyeli-Alayk\u00f6y Belediyesi Festivalleri cuma g\u00fcn\u00fc ba\u015fl\u0131yor. Belediyeden verilen bilgiye g\u00f6re, 4- 19 Ekim tarihleri aras\u0131nda, \u00fcnl\u00fc sanat\u00e7\u0131lar, yerli m\u00fczik gruplar\u0131, DJ performanslar\u0131, halk danslar\u0131 ve daha pek \u00e7ok etkinliklerin yer alaca\u011f\u0131 \u00fc\u00e7 ayr\u0131 festival yap\u0131lacak. Etkinlikler 4 Ekim\u2019de Alayk\u00f6y\u2019deki Tah\u0131l Festivali ile ba\u015fl\u0131yor. Bu festivalde yerli sanat\u00e7\u0131 konserleri ve halk danslar\u0131yla geleneksel k\u00fclt\u00fcr sahne al\u0131rken, [&hellip;]\" \/>\n<meta property=\"og:url\" content=\"https:\/\/kuzeyinsesi.org\/index.php\/2024\/10\/01\/gonyeli-alaykoy-belediyesi-festivalleri-basliyor\/\" \/>\n<meta property=\"og:site_name\" content=\"Kuzeyin Sesi\" \/>\n<meta property=\"article:publisher\" content=\"https:\/\/www.facebook.com\/kuzeyinsesii\" \/>\n<meta property=\"article:published_time\" content=\"2024-10-01T08:22:23+00:00\" \/>\n<meta property=\"og:image\" content=\"https:\/\/brtk.net\/wp-content\/uploads\/2024\/10\/01\/gonyeli-alaykoy-festival.jpg?ver=02d08b16907ca81db953549852369a67\" \/>\n<meta name=\"author\" content=\"Kuzeyin Sesi\" \/>\n<meta name=\"twitter:card\" content=\"summary_large_image\" \/>\n<meta name=\"twitter:creator\" content=\"@kuzeyinsesii\" \/>\n<meta name=\"twitter:site\" content=\"@kuzeyinsesii\" \/>\n<meta name=\"twitter:label1\" content=\"Yazan:\" \/>\n\t<meta name=\"twitter:data1\" content=\"Kuzeyin Sesi\" \/>\n\t<meta name=\"twitter:label2\" content=\"Tahmini okuma s\u00fcresi\" \/>\n\t<meta name=\"twitter:data2\" content=\"1 dakika\" \/>\n<script type=\"application\/ld+json\" class=\"yoast-schema-graph\">{\"@context\":\"https:\\\/\\\/schema.org\",\"@graph\":[{\"@type\":\"Article\",\"@id\":\"https:\\\/\\\/kuzeyinsesi.org\\\/index.php\\\/2024\\\/10\\\/01\\\/gonyeli-alaykoy-belediyesi-festivalleri-basliyor\\\/#article\",\"isPartOf\":{\"@id\":\"https:\\\/\\\/kuzeyinsesi.org\\\/index.php\\\/2024\\\/10\\\/01\\\/gonyeli-alaykoy-belediyesi-festivalleri-basliyor\\\/\"},\"author\":{\"name\":\"Kuzeyin Sesi\",\"@id\":\"https:\\\/\\\/kuzeyinsesi.org\\\/#\\\/schema\\\/person\\\/9f859689cdf01485597712386e37f5aa\"},\"headline\":\"G\u00f6nyeli-Alayk\u00f6y Belediyesi Festivalleri ba\u015fl\u0131yor\",\"datePublished\":\"2024-10-01T08:22:23+00:00\",\"mainEntityOfPage\":{\"@id\":\"https:\\\/\\\/kuzeyinsesi.org\\\/index.php\\\/2024\\\/10\\\/01\\\/gonyeli-alaykoy-belediyesi-festivalleri-basliyor\\\/\"},\"wordCount\":196,\"commentCount\":0,\"image\":{\"@id\":\"https:\\\/\\\/kuzeyinsesi.org\\\/index.php\\\/2024\\\/10\\\/01\\\/gonyeli-alaykoy-belediyesi-festivalleri-basliyor\\\/#primaryimage\"},\"thumbnailUrl\":\"https:\\\/\\\/kuzeyinsesi.org\\\/wp-content\\\/uploads\\\/2024\\\/10\\\/gonyeli-alaykoy-festival.jpg\",\"articleSection\":[\"Ya\u015fam\"],\"inLanguage\":\"tr\",\"potentialAction\":[{\"@type\":\"CommentAction\",\"name\":\"Comment\",\"target\":[\"https:\\\/\\\/kuzeyinsesi.org\\\/index.php\\\/2024\\\/10\\\/01\\\/gonyeli-alaykoy-belediyesi-festivalleri-basliyor\\\/#respond\"]}]},{\"@type\":\"WebPage\",\"@id\":\"https:\\\/\\\/kuzeyinsesi.org\\\/index.php\\\/2024\\\/10\\\/01\\\/gonyeli-alaykoy-belediyesi-festivalleri-basliyor\\\/\",\"url\":\"https:\\\/\\\/kuzeyinsesi.org\\\/index.php\\\/2024\\\/10\\\/01\\\/gonyeli-alaykoy-belediyesi-festivalleri-basliyor\\\/\",\"name\":\"G\u00f6nyeli-Alayk\u00f6y Belediyesi Festivalleri ba\u015fl\u0131yor - Kuzeyin Sesi\",\"isPartOf\":{\"@id\":\"https:\\\/\\\/kuzeyinsesi.org\\\/#website\"},\"primaryImageOfPage\":{\"@id\":\"https:\\\/\\\/kuzeyinsesi.org\\\/index.php\\\/2024\\\/10\\\/01\\\/gonyeli-alaykoy-belediyesi-festivalleri-basliyor\\\/#primaryimage\"},\"image\":{\"@id\":\"https:\\\/\\\/kuzeyinsesi.org\\\/index.php\\\/2024\\\/10\\\/01\\\/gonyeli-alaykoy-belediyesi-festivalleri-basliyor\\\/#primaryimage\"},\"thumbnailUrl\":\"https:\\\/\\\/kuzeyinsesi.org\\\/wp-content\\\/uploads\\\/2024\\\/10\\\/gonyeli-alaykoy-festival.jpg\",\"datePublished\":\"2024-10-01T08:22:23+00:00\",\"author\":{\"@id\":\"https:\\\/\\\/kuzeyinsesi.org\\\/#\\\/schema\\\/person\\\/9f859689cdf01485597712386e37f5aa\"},\"breadcrumb\":{\"@id\":\"https:\\\/\\\/kuzeyinsesi.org\\\/index.php\\\/2024\\\/10\\\/01\\\/gonyeli-alaykoy-belediyesi-festivalleri-basliyor\\\/#breadcrumb\"},\"inLanguage\":\"tr\",\"potentialAction\":[{\"@type\":\"ReadAction\",\"target\":[\"https:\\\/\\\/kuzeyinsesi.org\\\/index.php\\\/2024\\\/10\\\/01\\\/gonyeli-alaykoy-belediyesi-festivalleri-basliyor\\\/\"]}]},{\"@type\":\"ImageObject\",\"inLanguage\":\"tr\",\"@id\":\"https:\\\/\\\/kuzeyinsesi.org\\\/index.php\\\/2024\\\/10\\\/01\\\/gonyeli-alaykoy-belediyesi-festivalleri-basliyor\\\/#primaryimage\",\"url\":\"https:\\\/\\\/kuzeyinsesi.org\\\/wp-content\\\/uploads\\\/2024\\\/10\\\/gonyeli-alaykoy-festival.jpg\",\"contentUrl\":\"https:\\\/\\\/kuzeyinsesi.org\\\/wp-content\\\/uploads\\\/2024\\\/10\\\/gonyeli-alaykoy-festival.jpg\",\"width\":1600,\"height\":995},{\"@type\":\"BreadcrumbList\",\"@id\":\"https:\\\/\\\/kuzeyinsesi.org\\\/index.php\\\/2024\\\/10\\\/01\\\/gonyeli-alaykoy-belediyesi-festivalleri-basliyor\\\/#breadcrumb\",\"itemListElement\":[{\"@type\":\"ListItem\",\"position\":1,\"name\":\"Anasayfa\",\"item\":\"https:\\\/\\\/kuzeyinsesi.org\\\/\"},{\"@type\":\"ListItem\",\"position\":2,\"name\":\"G\u00f6nyeli-Alayk\u00f6y Belediyesi Festivalleri ba\u015fl\u0131yor\"}]},{\"@type\":\"WebSite\",\"@id\":\"https:\\\/\\\/kuzeyinsesi.org\\\/#website\",\"url\":\"https:\\\/\\\/kuzeyinsesi.org\\\/\",\"name\":\"Kuzeyin Sesi\",\"description\":\"Do\u011fru Haberin Adresi\",\"potentialAction\":[{\"@type\":\"SearchAction\",\"target\":{\"@type\":\"EntryPoint\",\"urlTemplate\":\"https:\\\/\\\/kuzeyinsesi.org\\\/?s={search_term_string}\"},\"query-input\":{\"@type\":\"PropertyValueSpecification\",\"valueRequired\":true,\"valueName\":\"search_term_string\"}}],\"inLanguage\":\"tr\"},{\"@type\":\"Person\",\"@id\":\"https:\\\/\\\/kuzeyinsesi.org\\\/#\\\/schema\\\/person\\\/9f859689cdf01485597712386e37f5aa\",\"name\":\"Kuzeyin Sesi\",\"image\":{\"@type\":\"ImageObject\",\"inLanguage\":\"tr\",\"@id\":\"https:\\\/\\\/secure.gravatar.com\\\/avatar\\\/bab33852abfd8b282518d6ed81826833d77c3c882d9ab608add591ccace47a44?s=96&d=mm&r=g\",\"url\":\"https:\\\/\\\/secure.gravatar.com\\\/avatar\\\/bab33852abfd8b282518d6ed81826833d77c3c882d9ab608add591ccace47a44?s=96&d=mm&r=g\",\"contentUrl\":\"https:\\\/\\\/secure.gravatar.com\\\/avatar\\\/bab33852abfd8b282518d6ed81826833d77c3c882d9ab608add591ccace47a44?s=96&d=mm&r=g\",\"caption\":\"Kuzeyin Sesi\"},\"sameAs\":[\"https:\\\/\\\/kuzeyinsesi.org\"],\"url\":\"https:\\\/\\\/kuzeyinsesi.org\\\/index.php\\\/author\\\/guven\\\/\"}]}<\/script>\n<!-- \/ Yoast SEO plugin. -->","yoast_head_json":{"title":"G\u00f6nyeli-Alayk\u00f6y Belediyesi Festivalleri ba\u015fl\u0131yor - Kuzeyin Sesi","robots":{"index":"index","follow":"follow","max-snippet":"max-snippet:-1","max-image-preview":"max-image-preview:large","max-video-preview":"max-video-preview:-1"},"canonical":"https:\/\/kuzeyinsesi.org\/index.php\/2024\/10\/01\/gonyeli-alaykoy-belediyesi-festivalleri-basliyor\/","og_locale":"tr_TR","og_type":"article","og_title":"G\u00f6nyeli-Alayk\u00f6y Belediyesi Festivalleri ba\u015fl\u0131yor - Kuzeyin Sesi","og_description":"G\u00f6nyeli-Alayk\u00f6y Belediyesi Festivalleri cuma g\u00fcn\u00fc ba\u015fl\u0131yor. Belediyeden verilen bilgiye g\u00f6re, 4- 19 Ekim tarihleri aras\u0131nda, \u00fcnl\u00fc sanat\u00e7\u0131lar, yerli m\u00fczik gruplar\u0131, DJ performanslar\u0131, halk danslar\u0131 ve daha pek \u00e7ok etkinliklerin yer alaca\u011f\u0131 \u00fc\u00e7 ayr\u0131 festival yap\u0131lacak. Etkinlikler 4 Ekim\u2019de Alayk\u00f6y\u2019deki Tah\u0131l Festivali ile ba\u015fl\u0131yor. Bu festivalde yerli sanat\u00e7\u0131 konserleri ve halk danslar\u0131yla geleneksel k\u00fclt\u00fcr sahne al\u0131rken, [&hellip;]","og_url":"https:\/\/kuzeyinsesi.org\/index.php\/2024\/10\/01\/gonyeli-alaykoy-belediyesi-festivalleri-basliyor\/","og_site_name":"Kuzeyin Sesi","article_publisher":"https:\/\/www.facebook.com\/kuzeyinsesii","article_published_time":"2024-10-01T08:22:23+00:00","og_image":[{"url":"https:\/\/brtk.net\/wp-content\/uploads\/2024\/10\/01\/gonyeli-alaykoy-festival.jpg?ver=02d08b16907ca81db953549852369a67","type":"","width":"","height":""}],"author":"Kuzeyin Sesi","twitter_card":"summary_large_image","twitter_creator":"@kuzeyinsesii","twitter_site":"@kuzeyinsesii","twitter_misc":{"Yazan:":"Kuzeyin Sesi","Tahmini okuma s\u00fcresi":"1 dakika"},"schema":{"@context":"https:\/\/schema.org","@graph":[{"@type":"Article","@id":"https:\/\/kuzeyinsesi.org\/index.php\/2024\/10\/01\/gonyeli-alaykoy-belediyesi-festivalleri-basliyor\/#article","isPartOf":{"@id":"https:\/\/kuzeyinsesi.org\/index.php\/2024\/10\/01\/gonyeli-alaykoy-belediyesi-festivalleri-basliyor\/"},"author":{"name":"Kuzeyin Sesi","@id":"https:\/\/kuzeyinsesi.org\/#\/schema\/person\/9f859689cdf01485597712386e37f5aa"},"headline":"G\u00f6nyeli-Alayk\u00f6y Belediyesi Festivalleri ba\u015fl\u0131yor","datePublished":"2024-10-01T08:22:23+00:00","mainEntityOfPage":{"@id":"https:\/\/kuzeyinsesi.org\/index.php\/2024\/10\/01\/gonyeli-alaykoy-belediyesi-festivalleri-basliyor\/"},"wordCount":196,"commentCount":0,"image":{"@id":"https:\/\/kuzeyinsesi.org\/index.php\/2024\/10\/01\/gonyeli-alaykoy-belediyesi-festivalleri-basliyor\/#primaryimage"},"thumbnailUrl":"https:\/\/kuzeyinsesi.org\/wp-content\/uploads\/2024\/10\/gonyeli-alaykoy-festival.jpg","articleSection":["Ya\u015fam"],"inLanguage":"tr","potentialAction":[{"@type":"CommentAction","name":"Comment","target":["https:\/\/kuzeyinsesi.org\/index.php\/2024\/10\/01\/gonyeli-alaykoy-belediyesi-festivalleri-basliyor\/#respond"]}]},{"@type":"WebPage","@id":"https:\/\/kuzeyinsesi.org\/index.php\/2024\/10\/01\/gonyeli-alaykoy-belediyesi-festivalleri-basliyor\/","url":"https:\/\/kuzeyinsesi.org\/index.php\/2024\/10\/01\/gonyeli-alaykoy-belediyesi-festivalleri-basliyor\/","name":"G\u00f6nyeli-Alayk\u00f6y Belediyesi Festivalleri ba\u015fl\u0131yor - Kuzeyin Sesi","isPartOf":{"@id":"https:\/\/kuzeyinsesi.org\/#website"},"primaryImageOfPage":{"@id":"https:\/\/kuzeyinsesi.org\/index.php\/2024\/10\/01\/gonyeli-alaykoy-belediyesi-festivalleri-basliyor\/#primaryimage"},"image":{"@id":"https:\/\/kuzeyinsesi.org\/index.php\/2024\/10\/01\/gonyeli-alaykoy-belediyesi-festivalleri-basliyor\/#primaryimage"},"thumbnailUrl":"https:\/\/kuzeyinsesi.org\/wp-content\/uploads\/2024\/10\/gonyeli-alaykoy-festival.jpg","datePublished":"2024-10-01T08:22:23+00:00","author":{"@id":"https:\/\/kuzeyinsesi.org\/#\/schema\/person\/9f859689cdf01485597712386e37f5aa"},"breadcrumb":{"@id":"https:\/\/kuzeyinsesi.org\/index.php\/2024\/10\/01\/gonyeli-alaykoy-belediyesi-festivalleri-basliyor\/#breadcrumb"},"inLanguage":"tr","potentialAction":[{"@type":"ReadAction","target":["https:\/\/kuzeyinsesi.org\/index.php\/2024\/10\/01\/gonyeli-alaykoy-belediyesi-festivalleri-basliyor\/"]}]},{"@type":"ImageObject","inLanguage":"tr","@id":"https:\/\/kuzeyinsesi.org\/index.php\/2024\/10\/01\/gonyeli-alaykoy-belediyesi-festivalleri-basliyor\/#primaryimage","url":"https:\/\/kuzeyinsesi.org\/wp-content\/uploads\/2024\/10\/gonyeli-alaykoy-festival.jpg","contentUrl":"https:\/\/kuzeyinsesi.org\/wp-content\/uploads\/2024\/10\/gonyeli-alaykoy-festival.jpg","width":1600,"height":995},{"@type":"BreadcrumbList","@id":"https:\/\/kuzeyinsesi.org\/index.php\/2024\/10\/01\/gonyeli-alaykoy-belediyesi-festivalleri-basliyor\/#breadcrumb","itemListElement":[{"@type":"ListItem","position":1,"name":"Anasayfa","item":"https:\/\/kuzeyinsesi.org\/"},{"@type":"ListItem","position":2,"name":"G\u00f6nyeli-Alayk\u00f6y Belediyesi Festivalleri ba\u015fl\u0131yor"}]},{"@type":"WebSite","@id":"https:\/\/kuzeyinsesi.org\/#website","url":"https:\/\/kuzeyinsesi.org\/","name":"Kuzeyin Sesi","description":"Do\u011fru Haberin Adresi","potentialAction":[{"@type":"SearchAction","target":{"@type":"EntryPoint","urlTemplate":"https:\/\/kuzeyinsesi.org\/?s={search_term_string}"},"query-input":{"@type":"PropertyValueSpecification","valueRequired":true,"valueName":"search_term_string"}}],"inLanguage":"tr"},{"@type":"Person","@id":"https:\/\/kuzeyinsesi.org\/#\/schema\/person\/9f859689cdf01485597712386e37f5aa","name":"Kuzeyin Sesi","image":{"@type":"ImageObject","inLanguage":"tr","@id":"https:\/\/secure.gravatar.com\/avatar\/bab33852abfd8b282518d6ed81826833d77c3c882d9ab608add591ccace47a44?s=96&d=mm&r=g","url":"https:\/\/secure.gravatar.com\/avatar\/bab33852abfd8b282518d6ed81826833d77c3c882d9ab608add591ccace47a44?s=96&d=mm&r=g","contentUrl":"https:\/\/secure.gravatar.com\/avatar\/bab33852abfd8b282518d6ed81826833d77c3c882d9ab608add591ccace47a44?s=96&d=mm&r=g","caption":"Kuzeyin Sesi"},"sameAs":["https:\/\/kuzeyinsesi.org"],"url":"https:\/\/kuzeyinsesi.org\/index.php\/author\/guven\/"}]}},"_links":{"self":[{"href":"https:\/\/kuzeyinsesi.org\/index.php\/wp-json\/wp\/v2\/posts\/10734","targetHints":{"allow":["GET"]}}],"collection":[{"href":"https:\/\/kuzeyinsesi.org\/index.php\/wp-json\/wp\/v2\/posts"}],"about":[{"href":"https:\/\/kuzeyinsesi.org\/index.php\/wp-json\/wp\/v2\/types\/post"}],"author":[{"embeddable":true,"href":"https:\/\/kuzeyinsesi.org\/index.php\/wp-json\/wp\/v2\/users\/1"}],"replies":[{"embeddable":true,"href":"https:\/\/kuzeyinsesi.org\/index.php\/wp-json\/wp\/v2\/comments?post=10734"}],"version-history":[{"count":0,"href":"https:\/\/kuzeyinsesi.org\/index.php\/wp-json\/wp\/v2\/posts\/10734\/revisions"}],"wp:featuredmedia":[{"embeddable":true,"href":"https:\/\/kuzeyinsesi.org\/index.php\/wp-json\/wp\/v2\/media\/10735"}],"wp:attachment":[{"href":"https:\/\/kuzeyinsesi.org\/index.php\/wp-json\/wp\/v2\/media?parent=10734"}],"wp:term":[{"taxonomy":"category","embeddable":true,"href":"https:\/\/kuzeyinsesi.org\/index.php\/wp-json\/wp\/v2\/categories?post=10734"},{"taxonomy":"post_tag","embeddable":true,"href":"https:\/\/kuzeyinsesi.org\/index.php\/wp-json\/wp\/v2\/tags?post=10734"}],"curies":[{"name":"wp","href":"https:\/\/api.w.org\/{rel}","templated":true}]}}