{"id":10711,"date":"2024-09-30T15:39:42","date_gmt":"2024-09-30T12:39:42","guid":{"rendered":"https:\/\/kuzeyinsesi.org\/index.php\/2024\/09\/30\/yiltan-tasci-akademi-3-lefkosa-fotograf-gunleri-3-8-ekimde-yapilacak\/"},"modified":"2024-09-30T15:39:42","modified_gmt":"2024-09-30T12:39:42","slug":"yiltan-tasci-akademi-3-lefkosa-fotograf-gunleri-3-8-ekimde-yapilacak","status":"publish","type":"post","link":"https:\/\/kuzeyinsesi.org\/index.php\/2024\/09\/30\/yiltan-tasci-akademi-3-lefkosa-fotograf-gunleri-3-8-ekimde-yapilacak\/","title":{"rendered":"\u201cY\u0131ltan Ta\u015f\u00e7\u0131 Akademi 3. Lefko\u015fa Foto\u011fraf G\u00fcnleri\u201d 3-8 Ekim\u2019de yap\u0131lacak"},"content":{"rendered":"<div>\n<div class=\"mariselle-image-container center\">\n                                            <\/div>\n<p>T\u00fcrkiye\u2019nin usta foto\u011fraf\u00e7\u0131lar\u0131 \u00d6zer Kanburo\u011flu, Merih Ako\u011ful, Cihan Kar ve Aramis Kalay, 3-8 Ekim tarihlerinde d\u00fczenlenecek Y\u0131ltan Ta\u015f\u00e7\u0131 Akademi 3. Lefko\u015fa Foto\u011fraf G\u00fcnleri\u2019ne konuk olacak.<\/p>\n<p>Akademiden verilen bilgiye g\u00f6re etkinlik, Akg\u00fcnler Denizcilik\u2019in ana sponsorlu\u011funda, Lefko\u015fa T\u00fcrk Belediyesi\u2019nin katk\u0131lar\u0131yla ger\u00e7ekle\u015ftirilecek.<\/p>\n<p>Etkinlik \u00e7er\u00e7evesinde \u00d6zer Kanburo\u011flu, 4 Ekim\u2019de Lefko\u015fa Sanat Merkezi\u2019nde, \u201cMimar\u00ee Foto\u011fraf\u00e7\u0131l\u0131kta Dikkat Edilmesi Gereken Konular\u201d sunumu ve \u201c\u00d6yk\u00fcler\u201d ba\u015fl\u0131kl\u0131 foto\u011fraf g\u00f6sterimi yapacak. Merih Ako\u011ful ise, \u201cFoto\u011fraf\u0131 Do\u011fru Okumak\u201d sunum-at\u00f6lye \u00e7al\u0131\u015fmas\u0131n\u0131 ger\u00e7ekle\u015ftirecek. <\/p>\n<p>5 Ekim\u2019de Lefko\u015fa Surlari\u00e7i\u2019nde \u00d6zer Kanburo\u011flu\u2019nun, \u201cMimar\u00ee Foto\u011fraf\u00e7\u0131l\u0131k\u201d, Merih Ako\u011ful\u2019un ise, \u201cBize Bakan Nesneler\u201d at\u00f6lyeleri yap\u0131lacak.<\/p>\n<p>6 Ekim\u2019de \u00d6zer Kanburo\u011flu, Merih Ako\u011ful, Cihan Kar ve Aramis Kalay ile birlikte Karmi k\u00f6y\u00fcnde foto\u011fraf \u00e7ekimi yap\u0131larak, \u00e7ekilen foto\u011fraflar Lefko\u015fa Sanat Merkezi\u2019nde de\u011ferlendirilecek.<\/p>\n<p>7 Ekim\u2019de, Cihan Kar, Lefko\u015fa Sanat Merkezi\u2019nde, \u201cDijital Foto\u011fraf D\u00fczenleme\u201d konulu sunumu ve portre \u00e7al\u0131\u015fmalar\u0131 at\u00f6lyesini yapacak.<\/p>\n<p>Y\u0131ltan Ta\u015f\u00e7\u0131 Akademi 3\u2019\u00fcnc\u00fc Lefko\u015fa Foto\u011fraf G\u00fcnleri\u2019nin a\u00e7\u0131l\u0131\u015f\u0131, 3 Ekim Per\u015fembe g\u00fcn\u00fc saat 13.00\u2019te Acapulco Tatil K\u00f6y\u00fc\u2019nde d\u00fczenlenecek bas\u0131n toplant\u0131s\u0131yla yap\u0131lacak.<\/p>\n<\/p><\/div>\n<p><script async\n                    defer\n                    crossorigin=\"anonymous\"\n                    src=\"https:\/\/connect.facebook.net\/tr_TR\/sdk.js#xfbml=1&#038;version=v3.3\"\n            ><\/script><\/p>\n","protected":false},"excerpt":{"rendered":"<p>T\u00fcrkiye\u2019nin usta foto\u011fraf\u00e7\u0131lar\u0131 \u00d6zer Kanburo\u011flu, Merih Ako\u011ful, Cihan Kar ve Aramis Kalay, 3-8 Ekim tarihlerinde d\u00fczenlenecek Y\u0131ltan Ta\u015f\u00e7\u0131 Akademi 3. Lefko\u015fa Foto\u011fraf G\u00fcnleri\u2019ne konuk olacak. Akademiden verilen bilgiye g\u00f6re etkinlik, Akg\u00fcnler Denizcilik\u2019in ana sponsorlu\u011funda, Lefko\u015fa T\u00fcrk Belediyesi\u2019nin katk\u0131lar\u0131yla ger\u00e7ekle\u015ftirilecek. Etkinlik \u00e7er\u00e7evesinde \u00d6zer Kanburo\u011flu, 4 Ekim\u2019de Lefko\u015fa Sanat Merkezi\u2019nde, \u201cMimar\u00ee Foto\u011fraf\u00e7\u0131l\u0131kta Dikkat Edilmesi Gereken Konular\u201d sunumu [&hellip;]<\/p>\n","protected":false},"author":1,"featured_media":10712,"comment_status":"open","ping_status":"open","sticky":false,"template":"","format":"standard","meta":{"jnews-multi-image_gallery":[],"jnews_single_post":[],"jnews_primary_category":[],"jnews_social_meta":[],"jnews_override_counter":[],"footnotes":""},"categories":[6],"tags":[],"class_list":["post-10711","post","type-post","status-publish","format-standard","has-post-thumbnail","hentry","category-yasam"],"yoast_head":"<!-- This site is optimized with the Yoast SEO plugin v27.4 - https:\/\/yoast.com\/product\/yoast-seo-wordpress\/ -->\n<title>\u201cY\u0131ltan Ta\u015f\u00e7\u0131 Akademi 3. Lefko\u015fa Foto\u011fraf G\u00fcnleri\u201d 3-8 Ekim\u2019de yap\u0131lacak - Kuzeyin Sesi<\/title>\n<meta name=\"robots\" content=\"index, follow, max-snippet:-1, max-image-preview:large, max-video-preview:-1\" \/>\n<link rel=\"canonical\" href=\"https:\/\/kuzeyinsesi.org\/index.php\/2024\/09\/30\/yiltan-tasci-akademi-3-lefkosa-fotograf-gunleri-3-8-ekimde-yapilacak\/\" \/>\n<meta property=\"og:locale\" content=\"tr_TR\" \/>\n<meta property=\"og:type\" content=\"article\" \/>\n<meta property=\"og:title\" content=\"\u201cY\u0131ltan Ta\u015f\u00e7\u0131 Akademi 3. Lefko\u015fa Foto\u011fraf G\u00fcnleri\u201d 3-8 Ekim\u2019de yap\u0131lacak - Kuzeyin Sesi\" \/>\n<meta property=\"og:description\" content=\"T\u00fcrkiye\u2019nin usta foto\u011fraf\u00e7\u0131lar\u0131 \u00d6zer Kanburo\u011flu, Merih Ako\u011ful, Cihan Kar ve Aramis Kalay, 3-8 Ekim tarihlerinde d\u00fczenlenecek Y\u0131ltan Ta\u015f\u00e7\u0131 Akademi 3. Lefko\u015fa Foto\u011fraf G\u00fcnleri\u2019ne konuk olacak. Akademiden verilen bilgiye g\u00f6re etkinlik, Akg\u00fcnler Denizcilik\u2019in ana sponsorlu\u011funda, Lefko\u015fa T\u00fcrk Belediyesi\u2019nin katk\u0131lar\u0131yla ger\u00e7ekle\u015ftirilecek. Etkinlik \u00e7er\u00e7evesinde \u00d6zer Kanburo\u011flu, 4 Ekim\u2019de Lefko\u015fa Sanat Merkezi\u2019nde, \u201cMimar\u00ee Foto\u011fraf\u00e7\u0131l\u0131kta Dikkat Edilmesi Gereken Konular\u201d sunumu [&hellip;]\" \/>\n<meta property=\"og:url\" content=\"https:\/\/kuzeyinsesi.org\/index.php\/2024\/09\/30\/yiltan-tasci-akademi-3-lefkosa-fotograf-gunleri-3-8-ekimde-yapilacak\/\" \/>\n<meta property=\"og:site_name\" content=\"Kuzeyin Sesi\" \/>\n<meta property=\"article:publisher\" content=\"https:\/\/www.facebook.com\/kuzeyinsesii\" \/>\n<meta property=\"article:published_time\" content=\"2024-09-30T12:39:42+00:00\" \/>\n<meta property=\"og:image\" content=\"https:\/\/brtk.net\/wp-content\/uploads\/2024\/09\/30\/tasci-foto.jpg?ver=f3c108e6bad7d0ee583efe82fdaa3a4e\" \/>\n<meta name=\"author\" content=\"Kuzeyin Sesi\" \/>\n<meta name=\"twitter:card\" content=\"summary_large_image\" \/>\n<meta name=\"twitter:creator\" content=\"@kuzeyinsesii\" \/>\n<meta name=\"twitter:site\" content=\"@kuzeyinsesii\" \/>\n<meta name=\"twitter:label1\" content=\"Yazan:\" \/>\n\t<meta name=\"twitter:data1\" content=\"Kuzeyin Sesi\" \/>\n\t<meta name=\"twitter:label2\" content=\"Tahmini okuma s\u00fcresi\" \/>\n\t<meta name=\"twitter:data2\" content=\"1 dakika\" \/>\n<script type=\"application\/ld+json\" class=\"yoast-schema-graph\">{\"@context\":\"https:\\\/\\\/schema.org\",\"@graph\":[{\"@type\":\"Article\",\"@id\":\"https:\\\/\\\/kuzeyinsesi.org\\\/index.php\\\/2024\\\/09\\\/30\\\/yiltan-tasci-akademi-3-lefkosa-fotograf-gunleri-3-8-ekimde-yapilacak\\\/#article\",\"isPartOf\":{\"@id\":\"https:\\\/\\\/kuzeyinsesi.org\\\/index.php\\\/2024\\\/09\\\/30\\\/yiltan-tasci-akademi-3-lefkosa-fotograf-gunleri-3-8-ekimde-yapilacak\\\/\"},\"author\":{\"name\":\"Kuzeyin Sesi\",\"@id\":\"https:\\\/\\\/kuzeyinsesi.org\\\/#\\\/schema\\\/person\\\/9f859689cdf01485597712386e37f5aa\"},\"headline\":\"\u201cY\u0131ltan Ta\u015f\u00e7\u0131 Akademi 3. Lefko\u015fa Foto\u011fraf G\u00fcnleri\u201d 3-8 Ekim\u2019de yap\u0131lacak\",\"datePublished\":\"2024-09-30T12:39:42+00:00\",\"mainEntityOfPage\":{\"@id\":\"https:\\\/\\\/kuzeyinsesi.org\\\/index.php\\\/2024\\\/09\\\/30\\\/yiltan-tasci-akademi-3-lefkosa-fotograf-gunleri-3-8-ekimde-yapilacak\\\/\"},\"wordCount\":247,\"commentCount\":0,\"image\":{\"@id\":\"https:\\\/\\\/kuzeyinsesi.org\\\/index.php\\\/2024\\\/09\\\/30\\\/yiltan-tasci-akademi-3-lefkosa-fotograf-gunleri-3-8-ekimde-yapilacak\\\/#primaryimage\"},\"thumbnailUrl\":\"https:\\\/\\\/kuzeyinsesi.org\\\/wp-content\\\/uploads\\\/2024\\\/09\\\/tasci-foto.jpg\",\"articleSection\":[\"Ya\u015fam\"],\"inLanguage\":\"tr\",\"potentialAction\":[{\"@type\":\"CommentAction\",\"name\":\"Comment\",\"target\":[\"https:\\\/\\\/kuzeyinsesi.org\\\/index.php\\\/2024\\\/09\\\/30\\\/yiltan-tasci-akademi-3-lefkosa-fotograf-gunleri-3-8-ekimde-yapilacak\\\/#respond\"]}]},{\"@type\":\"WebPage\",\"@id\":\"https:\\\/\\\/kuzeyinsesi.org\\\/index.php\\\/2024\\\/09\\\/30\\\/yiltan-tasci-akademi-3-lefkosa-fotograf-gunleri-3-8-ekimde-yapilacak\\\/\",\"url\":\"https:\\\/\\\/kuzeyinsesi.org\\\/index.php\\\/2024\\\/09\\\/30\\\/yiltan-tasci-akademi-3-lefkosa-fotograf-gunleri-3-8-ekimde-yapilacak\\\/\",\"name\":\"\u201cY\u0131ltan Ta\u015f\u00e7\u0131 Akademi 3. Lefko\u015fa Foto\u011fraf G\u00fcnleri\u201d 3-8 Ekim\u2019de yap\u0131lacak - Kuzeyin Sesi\",\"isPartOf\":{\"@id\":\"https:\\\/\\\/kuzeyinsesi.org\\\/#website\"},\"primaryImageOfPage\":{\"@id\":\"https:\\\/\\\/kuzeyinsesi.org\\\/index.php\\\/2024\\\/09\\\/30\\\/yiltan-tasci-akademi-3-lefkosa-fotograf-gunleri-3-8-ekimde-yapilacak\\\/#primaryimage\"},\"image\":{\"@id\":\"https:\\\/\\\/kuzeyinsesi.org\\\/index.php\\\/2024\\\/09\\\/30\\\/yiltan-tasci-akademi-3-lefkosa-fotograf-gunleri-3-8-ekimde-yapilacak\\\/#primaryimage\"},\"thumbnailUrl\":\"https:\\\/\\\/kuzeyinsesi.org\\\/wp-content\\\/uploads\\\/2024\\\/09\\\/tasci-foto.jpg\",\"datePublished\":\"2024-09-30T12:39:42+00:00\",\"author\":{\"@id\":\"https:\\\/\\\/kuzeyinsesi.org\\\/#\\\/schema\\\/person\\\/9f859689cdf01485597712386e37f5aa\"},\"breadcrumb\":{\"@id\":\"https:\\\/\\\/kuzeyinsesi.org\\\/index.php\\\/2024\\\/09\\\/30\\\/yiltan-tasci-akademi-3-lefkosa-fotograf-gunleri-3-8-ekimde-yapilacak\\\/#breadcrumb\"},\"inLanguage\":\"tr\",\"potentialAction\":[{\"@type\":\"ReadAction\",\"target\":[\"https:\\\/\\\/kuzeyinsesi.org\\\/index.php\\\/2024\\\/09\\\/30\\\/yiltan-tasci-akademi-3-lefkosa-fotograf-gunleri-3-8-ekimde-yapilacak\\\/\"]}]},{\"@type\":\"ImageObject\",\"inLanguage\":\"tr\",\"@id\":\"https:\\\/\\\/kuzeyinsesi.org\\\/index.php\\\/2024\\\/09\\\/30\\\/yiltan-tasci-akademi-3-lefkosa-fotograf-gunleri-3-8-ekimde-yapilacak\\\/#primaryimage\",\"url\":\"https:\\\/\\\/kuzeyinsesi.org\\\/wp-content\\\/uploads\\\/2024\\\/09\\\/tasci-foto.jpg\",\"contentUrl\":\"https:\\\/\\\/kuzeyinsesi.org\\\/wp-content\\\/uploads\\\/2024\\\/09\\\/tasci-foto.jpg\",\"width\":949,\"height\":517},{\"@type\":\"BreadcrumbList\",\"@id\":\"https:\\\/\\\/kuzeyinsesi.org\\\/index.php\\\/2024\\\/09\\\/30\\\/yiltan-tasci-akademi-3-lefkosa-fotograf-gunleri-3-8-ekimde-yapilacak\\\/#breadcrumb\",\"itemListElement\":[{\"@type\":\"ListItem\",\"position\":1,\"name\":\"Anasayfa\",\"item\":\"https:\\\/\\\/kuzeyinsesi.org\\\/\"},{\"@type\":\"ListItem\",\"position\":2,\"name\":\"\u201cY\u0131ltan Ta\u015f\u00e7\u0131 Akademi 3. Lefko\u015fa Foto\u011fraf G\u00fcnleri\u201d 3-8 Ekim\u2019de yap\u0131lacak\"}]},{\"@type\":\"WebSite\",\"@id\":\"https:\\\/\\\/kuzeyinsesi.org\\\/#website\",\"url\":\"https:\\\/\\\/kuzeyinsesi.org\\\/\",\"name\":\"Kuzeyin Sesi\",\"description\":\"Do\u011fru Haberin Adresi\",\"potentialAction\":[{\"@type\":\"SearchAction\",\"target\":{\"@type\":\"EntryPoint\",\"urlTemplate\":\"https:\\\/\\\/kuzeyinsesi.org\\\/?s={search_term_string}\"},\"query-input\":{\"@type\":\"PropertyValueSpecification\",\"valueRequired\":true,\"valueName\":\"search_term_string\"}}],\"inLanguage\":\"tr\"},{\"@type\":\"Person\",\"@id\":\"https:\\\/\\\/kuzeyinsesi.org\\\/#\\\/schema\\\/person\\\/9f859689cdf01485597712386e37f5aa\",\"name\":\"Kuzeyin Sesi\",\"image\":{\"@type\":\"ImageObject\",\"inLanguage\":\"tr\",\"@id\":\"https:\\\/\\\/secure.gravatar.com\\\/avatar\\\/bab33852abfd8b282518d6ed81826833d77c3c882d9ab608add591ccace47a44?s=96&d=mm&r=g\",\"url\":\"https:\\\/\\\/secure.gravatar.com\\\/avatar\\\/bab33852abfd8b282518d6ed81826833d77c3c882d9ab608add591ccace47a44?s=96&d=mm&r=g\",\"contentUrl\":\"https:\\\/\\\/secure.gravatar.com\\\/avatar\\\/bab33852abfd8b282518d6ed81826833d77c3c882d9ab608add591ccace47a44?s=96&d=mm&r=g\",\"caption\":\"Kuzeyin Sesi\"},\"sameAs\":[\"https:\\\/\\\/kuzeyinsesi.org\"],\"url\":\"https:\\\/\\\/kuzeyinsesi.org\\\/index.php\\\/author\\\/guven\\\/\"}]}<\/script>\n<!-- \/ Yoast SEO plugin. -->","yoast_head_json":{"title":"\u201cY\u0131ltan Ta\u015f\u00e7\u0131 Akademi 3. Lefko\u015fa Foto\u011fraf G\u00fcnleri\u201d 3-8 Ekim\u2019de yap\u0131lacak - Kuzeyin Sesi","robots":{"index":"index","follow":"follow","max-snippet":"max-snippet:-1","max-image-preview":"max-image-preview:large","max-video-preview":"max-video-preview:-1"},"canonical":"https:\/\/kuzeyinsesi.org\/index.php\/2024\/09\/30\/yiltan-tasci-akademi-3-lefkosa-fotograf-gunleri-3-8-ekimde-yapilacak\/","og_locale":"tr_TR","og_type":"article","og_title":"\u201cY\u0131ltan Ta\u015f\u00e7\u0131 Akademi 3. Lefko\u015fa Foto\u011fraf G\u00fcnleri\u201d 3-8 Ekim\u2019de yap\u0131lacak - Kuzeyin Sesi","og_description":"T\u00fcrkiye\u2019nin usta foto\u011fraf\u00e7\u0131lar\u0131 \u00d6zer Kanburo\u011flu, Merih Ako\u011ful, Cihan Kar ve Aramis Kalay, 3-8 Ekim tarihlerinde d\u00fczenlenecek Y\u0131ltan Ta\u015f\u00e7\u0131 Akademi 3. Lefko\u015fa Foto\u011fraf G\u00fcnleri\u2019ne konuk olacak. Akademiden verilen bilgiye g\u00f6re etkinlik, Akg\u00fcnler Denizcilik\u2019in ana sponsorlu\u011funda, Lefko\u015fa T\u00fcrk Belediyesi\u2019nin katk\u0131lar\u0131yla ger\u00e7ekle\u015ftirilecek. Etkinlik \u00e7er\u00e7evesinde \u00d6zer Kanburo\u011flu, 4 Ekim\u2019de Lefko\u015fa Sanat Merkezi\u2019nde, \u201cMimar\u00ee Foto\u011fraf\u00e7\u0131l\u0131kta Dikkat Edilmesi Gereken Konular\u201d sunumu [&hellip;]","og_url":"https:\/\/kuzeyinsesi.org\/index.php\/2024\/09\/30\/yiltan-tasci-akademi-3-lefkosa-fotograf-gunleri-3-8-ekimde-yapilacak\/","og_site_name":"Kuzeyin Sesi","article_publisher":"https:\/\/www.facebook.com\/kuzeyinsesii","article_published_time":"2024-09-30T12:39:42+00:00","og_image":[{"url":"https:\/\/brtk.net\/wp-content\/uploads\/2024\/09\/30\/tasci-foto.jpg?ver=f3c108e6bad7d0ee583efe82fdaa3a4e","type":"","width":"","height":""}],"author":"Kuzeyin Sesi","twitter_card":"summary_large_image","twitter_creator":"@kuzeyinsesii","twitter_site":"@kuzeyinsesii","twitter_misc":{"Yazan:":"Kuzeyin Sesi","Tahmini okuma s\u00fcresi":"1 dakika"},"schema":{"@context":"https:\/\/schema.org","@graph":[{"@type":"Article","@id":"https:\/\/kuzeyinsesi.org\/index.php\/2024\/09\/30\/yiltan-tasci-akademi-3-lefkosa-fotograf-gunleri-3-8-ekimde-yapilacak\/#article","isPartOf":{"@id":"https:\/\/kuzeyinsesi.org\/index.php\/2024\/09\/30\/yiltan-tasci-akademi-3-lefkosa-fotograf-gunleri-3-8-ekimde-yapilacak\/"},"author":{"name":"Kuzeyin Sesi","@id":"https:\/\/kuzeyinsesi.org\/#\/schema\/person\/9f859689cdf01485597712386e37f5aa"},"headline":"\u201cY\u0131ltan Ta\u015f\u00e7\u0131 Akademi 3. Lefko\u015fa Foto\u011fraf G\u00fcnleri\u201d 3-8 Ekim\u2019de yap\u0131lacak","datePublished":"2024-09-30T12:39:42+00:00","mainEntityOfPage":{"@id":"https:\/\/kuzeyinsesi.org\/index.php\/2024\/09\/30\/yiltan-tasci-akademi-3-lefkosa-fotograf-gunleri-3-8-ekimde-yapilacak\/"},"wordCount":247,"commentCount":0,"image":{"@id":"https:\/\/kuzeyinsesi.org\/index.php\/2024\/09\/30\/yiltan-tasci-akademi-3-lefkosa-fotograf-gunleri-3-8-ekimde-yapilacak\/#primaryimage"},"thumbnailUrl":"https:\/\/kuzeyinsesi.org\/wp-content\/uploads\/2024\/09\/tasci-foto.jpg","articleSection":["Ya\u015fam"],"inLanguage":"tr","potentialAction":[{"@type":"CommentAction","name":"Comment","target":["https:\/\/kuzeyinsesi.org\/index.php\/2024\/09\/30\/yiltan-tasci-akademi-3-lefkosa-fotograf-gunleri-3-8-ekimde-yapilacak\/#respond"]}]},{"@type":"WebPage","@id":"https:\/\/kuzeyinsesi.org\/index.php\/2024\/09\/30\/yiltan-tasci-akademi-3-lefkosa-fotograf-gunleri-3-8-ekimde-yapilacak\/","url":"https:\/\/kuzeyinsesi.org\/index.php\/2024\/09\/30\/yiltan-tasci-akademi-3-lefkosa-fotograf-gunleri-3-8-ekimde-yapilacak\/","name":"\u201cY\u0131ltan Ta\u015f\u00e7\u0131 Akademi 3. Lefko\u015fa Foto\u011fraf G\u00fcnleri\u201d 3-8 Ekim\u2019de yap\u0131lacak - Kuzeyin Sesi","isPartOf":{"@id":"https:\/\/kuzeyinsesi.org\/#website"},"primaryImageOfPage":{"@id":"https:\/\/kuzeyinsesi.org\/index.php\/2024\/09\/30\/yiltan-tasci-akademi-3-lefkosa-fotograf-gunleri-3-8-ekimde-yapilacak\/#primaryimage"},"image":{"@id":"https:\/\/kuzeyinsesi.org\/index.php\/2024\/09\/30\/yiltan-tasci-akademi-3-lefkosa-fotograf-gunleri-3-8-ekimde-yapilacak\/#primaryimage"},"thumbnailUrl":"https:\/\/kuzeyinsesi.org\/wp-content\/uploads\/2024\/09\/tasci-foto.jpg","datePublished":"2024-09-30T12:39:42+00:00","author":{"@id":"https:\/\/kuzeyinsesi.org\/#\/schema\/person\/9f859689cdf01485597712386e37f5aa"},"breadcrumb":{"@id":"https:\/\/kuzeyinsesi.org\/index.php\/2024\/09\/30\/yiltan-tasci-akademi-3-lefkosa-fotograf-gunleri-3-8-ekimde-yapilacak\/#breadcrumb"},"inLanguage":"tr","potentialAction":[{"@type":"ReadAction","target":["https:\/\/kuzeyinsesi.org\/index.php\/2024\/09\/30\/yiltan-tasci-akademi-3-lefkosa-fotograf-gunleri-3-8-ekimde-yapilacak\/"]}]},{"@type":"ImageObject","inLanguage":"tr","@id":"https:\/\/kuzeyinsesi.org\/index.php\/2024\/09\/30\/yiltan-tasci-akademi-3-lefkosa-fotograf-gunleri-3-8-ekimde-yapilacak\/#primaryimage","url":"https:\/\/kuzeyinsesi.org\/wp-content\/uploads\/2024\/09\/tasci-foto.jpg","contentUrl":"https:\/\/kuzeyinsesi.org\/wp-content\/uploads\/2024\/09\/tasci-foto.jpg","width":949,"height":517},{"@type":"BreadcrumbList","@id":"https:\/\/kuzeyinsesi.org\/index.php\/2024\/09\/30\/yiltan-tasci-akademi-3-lefkosa-fotograf-gunleri-3-8-ekimde-yapilacak\/#breadcrumb","itemListElement":[{"@type":"ListItem","position":1,"name":"Anasayfa","item":"https:\/\/kuzeyinsesi.org\/"},{"@type":"ListItem","position":2,"name":"\u201cY\u0131ltan Ta\u015f\u00e7\u0131 Akademi 3. Lefko\u015fa Foto\u011fraf G\u00fcnleri\u201d 3-8 Ekim\u2019de yap\u0131lacak"}]},{"@type":"WebSite","@id":"https:\/\/kuzeyinsesi.org\/#website","url":"https:\/\/kuzeyinsesi.org\/","name":"Kuzeyin Sesi","description":"Do\u011fru Haberin Adresi","potentialAction":[{"@type":"SearchAction","target":{"@type":"EntryPoint","urlTemplate":"https:\/\/kuzeyinsesi.org\/?s={search_term_string}"},"query-input":{"@type":"PropertyValueSpecification","valueRequired":true,"valueName":"search_term_string"}}],"inLanguage":"tr"},{"@type":"Person","@id":"https:\/\/kuzeyinsesi.org\/#\/schema\/person\/9f859689cdf01485597712386e37f5aa","name":"Kuzeyin Sesi","image":{"@type":"ImageObject","inLanguage":"tr","@id":"https:\/\/secure.gravatar.com\/avatar\/bab33852abfd8b282518d6ed81826833d77c3c882d9ab608add591ccace47a44?s=96&d=mm&r=g","url":"https:\/\/secure.gravatar.com\/avatar\/bab33852abfd8b282518d6ed81826833d77c3c882d9ab608add591ccace47a44?s=96&d=mm&r=g","contentUrl":"https:\/\/secure.gravatar.com\/avatar\/bab33852abfd8b282518d6ed81826833d77c3c882d9ab608add591ccace47a44?s=96&d=mm&r=g","caption":"Kuzeyin Sesi"},"sameAs":["https:\/\/kuzeyinsesi.org"],"url":"https:\/\/kuzeyinsesi.org\/index.php\/author\/guven\/"}]}},"_links":{"self":[{"href":"https:\/\/kuzeyinsesi.org\/index.php\/wp-json\/wp\/v2\/posts\/10711","targetHints":{"allow":["GET"]}}],"collection":[{"href":"https:\/\/kuzeyinsesi.org\/index.php\/wp-json\/wp\/v2\/posts"}],"about":[{"href":"https:\/\/kuzeyinsesi.org\/index.php\/wp-json\/wp\/v2\/types\/post"}],"author":[{"embeddable":true,"href":"https:\/\/kuzeyinsesi.org\/index.php\/wp-json\/wp\/v2\/users\/1"}],"replies":[{"embeddable":true,"href":"https:\/\/kuzeyinsesi.org\/index.php\/wp-json\/wp\/v2\/comments?post=10711"}],"version-history":[{"count":0,"href":"https:\/\/kuzeyinsesi.org\/index.php\/wp-json\/wp\/v2\/posts\/10711\/revisions"}],"wp:featuredmedia":[{"embeddable":true,"href":"https:\/\/kuzeyinsesi.org\/index.php\/wp-json\/wp\/v2\/media\/10712"}],"wp:attachment":[{"href":"https:\/\/kuzeyinsesi.org\/index.php\/wp-json\/wp\/v2\/media?parent=10711"}],"wp:term":[{"taxonomy":"category","embeddable":true,"href":"https:\/\/kuzeyinsesi.org\/index.php\/wp-json\/wp\/v2\/categories?post=10711"},{"taxonomy":"post_tag","embeddable":true,"href":"https:\/\/kuzeyinsesi.org\/index.php\/wp-json\/wp\/v2\/tags?post=10711"}],"curies":[{"name":"wp","href":"https:\/\/api.w.org\/{rel}","templated":true}]}}