{"id":10704,"date":"2024-09-30T14:38:32","date_gmt":"2024-09-30T11:38:32","guid":{"rendered":"https:\/\/kuzeyinsesi.org\/index.php\/2024\/09\/30\/muzler-sanat-sempozyumu-kapanis-sergisi-ile-sona-erdi\/"},"modified":"2024-09-30T14:38:32","modified_gmt":"2024-09-30T11:38:32","slug":"muzler-sanat-sempozyumu-kapanis-sergisi-ile-sona-erdi","status":"publish","type":"post","link":"https:\/\/kuzeyinsesi.org\/index.php\/2024\/09\/30\/muzler-sanat-sempozyumu-kapanis-sergisi-ile-sona-erdi\/","title":{"rendered":"\u201cM\u00dcZler Sanat Sempozyumu\u201d kapan\u0131\u015f sergisi ile sona erdi"},"content":{"rendered":"<div>\n<div class=\"mariselle-image-container center\">\n                                            <\/div>\n<p>\u201cGirne Ark\u0131n Group Fest24\u201d kapsam\u0131nda d\u00fczenlenen \u201cGirne Belediyesi M\u00dcZler Sanat Sempozyumu\u201d cumartesi yap\u0131lan kapan\u0131\u015f sergisi ile sona erdi.<\/p>\n<p>Belediyeden yap\u0131lan a\u00e7\u0131klamaya g\u00f6re, Girne Belediyesi Yeni Hizmet Binas\u0131\u2019nda ger\u00e7ekle\u015ftirilen sergide, sempozyuma kat\u0131lan sanat\u00e7\u0131lar\u0131n \u00e7al\u0131\u015fmalar\u0131 yer ald\u0131.<\/p>\n<div class=\"mariselle-image-container center\">\n                <img decoding=\"async\" width=\"1440\" height=\"860\" class=\"lazy-image\" alt=\"\" sizes=\"(max-width: 1440px) 100vw, 1440px\" src=\"https:\/\/brtk.net\/wp-content\/uploads\/2024\/09\/30\/mmmmmmmmmmmmmmmmmmmmmmmmmmmmmmmmmmmmm.jpg?ver=8aa5b4345c842c583c1dbabf974d0d85\" srcset=\"https:\/\/brtk.net\/wp-content\/uploads\/2024\/09\/30\/mmmmmmmmmmmmmmmmmmmmmmmmmmmmmmmmmmmmm.jpg?ver=8aa5b4345c842c583c1dbabf974d0d85 1440w, https:\/\/brtk.net\/wp-content\/uploads\/2024\/09\/30\/mmmmmmmmmmmmmmmmmmmmmmmmmmmmmmmmmmmmm-300x179.jpg?ver=6ee1af6b6e4cfa755499670a46db55ac 300w, https:\/\/brtk.net\/wp-content\/uploads\/2024\/09\/30\/mmmmmmmmmmmmmmmmmmmmmmmmmmmmmmmmmmmmm-1024x612.jpg?ver=6ee1af6b6e4cfa755499670a46db55ac 1024w, https:\/\/brtk.net\/wp-content\/uploads\/2024\/09\/30\/mmmmmmmmmmmmmmmmmmmmmmmmmmmmmmmmmmmmm-768x459.jpg?ver=6ee1af6b6e4cfa755499670a46db55ac 768w\"\/>                            <\/div>\n<p>Etkinlikte, Girne Belediyesi Sosyal \u0130\u015fler Amiri Serdar Tuksal, M\u00dcZler Sanat Sempozyumu Koordinat\u00f6r\u00fc Nevin Halis ve Girne Belediye Meclis \u00dcyesi Ziya Egemen Sencer birer konu\u015fma yapt\u0131.<\/p>\n<p>Girne Belediye Meclis \u00dcyeleri Ali Piro ve Ziya Egemen Sencer sanat\u00e7\u0131lara hediye takdim ederken, sanat\u00e7\u0131lar da, Girne Belediye Ba\u015fkan\u0131 Murat \u015eenkul\u2019un e\u015fi Song\u00fcl \u015eenkul\u2019a hediye takdiminde bulundu.<\/p>\n<p>Gecenin dikkat \u00e7eken etkinliklerinden biri de, Chang Yin taraf\u0131ndan uygulanan ve \u00c7in\u2019de gelenek olan \u00e7ay seremonisi oldu.<\/p>\n<p>Bu y\u0131l ikincisi d\u00fczenlenen ve 15 g\u00fcn devam eden  \u201cGirne Belediyesi M\u00dcZler Sanat Sempozyumu\u201dna 8 \u00fclkeden 35 sanat\u00e7\u0131 kat\u0131ld\u0131. <\/p>\n<p>Sempozyum kapsam\u0131nda, \u00f6zellikle engelli bireylerin sanat ile bulu\u015fmas\u0131n\u0131 hedefleyen bir\u00e7ok ara etkinlik ve \u00e7ocuk etkinlikleri yer ald\u0131.<\/p>\n<\/p><\/div>\n<p><script async\n                    defer\n                    crossorigin=\"anonymous\"\n                    src=\"https:\/\/connect.facebook.net\/tr_TR\/sdk.js#xfbml=1&#038;version=v3.3\"\n            ><\/script><\/p>\n","protected":false},"excerpt":{"rendered":"<p>\u201cGirne Ark\u0131n Group Fest24\u201d kapsam\u0131nda d\u00fczenlenen \u201cGirne Belediyesi M\u00dcZler Sanat Sempozyumu\u201d cumartesi yap\u0131lan kapan\u0131\u015f sergisi ile sona erdi. Belediyeden yap\u0131lan a\u00e7\u0131klamaya g\u00f6re, Girne Belediyesi Yeni Hizmet Binas\u0131\u2019nda ger\u00e7ekle\u015ftirilen sergide, sempozyuma kat\u0131lan sanat\u00e7\u0131lar\u0131n \u00e7al\u0131\u015fmalar\u0131 yer ald\u0131. Etkinlikte, Girne Belediyesi Sosyal \u0130\u015fler Amiri Serdar Tuksal, M\u00dcZler Sanat Sempozyumu Koordinat\u00f6r\u00fc Nevin Halis ve Girne Belediye Meclis \u00dcyesi Ziya [&hellip;]<\/p>\n","protected":false},"author":1,"featured_media":10705,"comment_status":"open","ping_status":"open","sticky":false,"template":"","format":"standard","meta":{"jnews-multi-image_gallery":[],"jnews_single_post":[],"jnews_primary_category":[],"jnews_social_meta":[],"jnews_override_counter":[],"footnotes":""},"categories":[6],"tags":[],"class_list":["post-10704","post","type-post","status-publish","format-standard","has-post-thumbnail","hentry","category-yasam"],"yoast_head":"<!-- This site is optimized with the Yoast SEO plugin v27.4 - https:\/\/yoast.com\/product\/yoast-seo-wordpress\/ -->\n<title>\u201cM\u00dcZler Sanat Sempozyumu\u201d kapan\u0131\u015f sergisi ile sona erdi - Kuzeyin Sesi<\/title>\n<meta name=\"robots\" content=\"index, follow, max-snippet:-1, max-image-preview:large, max-video-preview:-1\" \/>\n<link rel=\"canonical\" href=\"https:\/\/kuzeyinsesi.org\/index.php\/2024\/09\/30\/muzler-sanat-sempozyumu-kapanis-sergisi-ile-sona-erdi\/\" \/>\n<meta property=\"og:locale\" content=\"tr_TR\" \/>\n<meta property=\"og:type\" content=\"article\" \/>\n<meta property=\"og:title\" content=\"\u201cM\u00dcZler Sanat Sempozyumu\u201d kapan\u0131\u015f sergisi ile sona erdi - Kuzeyin Sesi\" \/>\n<meta property=\"og:description\" content=\"\u201cGirne Ark\u0131n Group Fest24\u201d kapsam\u0131nda d\u00fczenlenen \u201cGirne Belediyesi M\u00dcZler Sanat Sempozyumu\u201d cumartesi yap\u0131lan kapan\u0131\u015f sergisi ile sona erdi. Belediyeden yap\u0131lan a\u00e7\u0131klamaya g\u00f6re, Girne Belediyesi Yeni Hizmet Binas\u0131\u2019nda ger\u00e7ekle\u015ftirilen sergide, sempozyuma kat\u0131lan sanat\u00e7\u0131lar\u0131n \u00e7al\u0131\u015fmalar\u0131 yer ald\u0131. Etkinlikte, Girne Belediyesi Sosyal \u0130\u015fler Amiri Serdar Tuksal, M\u00dcZler Sanat Sempozyumu Koordinat\u00f6r\u00fc Nevin Halis ve Girne Belediye Meclis \u00dcyesi Ziya [&hellip;]\" \/>\n<meta property=\"og:url\" content=\"https:\/\/kuzeyinsesi.org\/index.php\/2024\/09\/30\/muzler-sanat-sempozyumu-kapanis-sergisi-ile-sona-erdi\/\" \/>\n<meta property=\"og:site_name\" content=\"Kuzeyin Sesi\" \/>\n<meta property=\"article:publisher\" content=\"https:\/\/www.facebook.com\/kuzeyinsesii\" \/>\n<meta property=\"article:published_time\" content=\"2024-09-30T11:38:32+00:00\" \/>\n<meta property=\"og:image\" content=\"https:\/\/brtk.net\/wp-content\/uploads\/2024\/09\/30\/muzler-sempozyumu-1.jpg?ver=670d9ca8b7dab496143f682e39fbe1e5\" \/>\n<meta name=\"author\" content=\"Kuzeyin Sesi\" \/>\n<meta name=\"twitter:card\" content=\"summary_large_image\" \/>\n<meta name=\"twitter:creator\" content=\"@kuzeyinsesii\" \/>\n<meta name=\"twitter:site\" content=\"@kuzeyinsesii\" \/>\n<meta name=\"twitter:label1\" content=\"Yazan:\" \/>\n\t<meta name=\"twitter:data1\" content=\"Kuzeyin Sesi\" \/>\n\t<meta name=\"twitter:label2\" content=\"Tahmini okuma s\u00fcresi\" \/>\n\t<meta name=\"twitter:data2\" content=\"1 dakika\" \/>\n<script type=\"application\/ld+json\" class=\"yoast-schema-graph\">{\"@context\":\"https:\\\/\\\/schema.org\",\"@graph\":[{\"@type\":\"Article\",\"@id\":\"https:\\\/\\\/kuzeyinsesi.org\\\/index.php\\\/2024\\\/09\\\/30\\\/muzler-sanat-sempozyumu-kapanis-sergisi-ile-sona-erdi\\\/#article\",\"isPartOf\":{\"@id\":\"https:\\\/\\\/kuzeyinsesi.org\\\/index.php\\\/2024\\\/09\\\/30\\\/muzler-sanat-sempozyumu-kapanis-sergisi-ile-sona-erdi\\\/\"},\"author\":{\"name\":\"Kuzeyin Sesi\",\"@id\":\"https:\\\/\\\/kuzeyinsesi.org\\\/#\\\/schema\\\/person\\\/9f859689cdf01485597712386e37f5aa\"},\"headline\":\"\u201cM\u00dcZler Sanat Sempozyumu\u201d kapan\u0131\u015f sergisi ile sona erdi\",\"datePublished\":\"2024-09-30T11:38:32+00:00\",\"mainEntityOfPage\":{\"@id\":\"https:\\\/\\\/kuzeyinsesi.org\\\/index.php\\\/2024\\\/09\\\/30\\\/muzler-sanat-sempozyumu-kapanis-sergisi-ile-sona-erdi\\\/\"},\"wordCount\":183,\"commentCount\":0,\"image\":{\"@id\":\"https:\\\/\\\/kuzeyinsesi.org\\\/index.php\\\/2024\\\/09\\\/30\\\/muzler-sanat-sempozyumu-kapanis-sergisi-ile-sona-erdi\\\/#primaryimage\"},\"thumbnailUrl\":\"https:\\\/\\\/kuzeyinsesi.org\\\/wp-content\\\/uploads\\\/2024\\\/09\\\/mmmmmmmmmmmmmmmmmmmmmmmmmmmmmmmmmmmmm.jpg\",\"articleSection\":[\"Ya\u015fam\"],\"inLanguage\":\"tr\",\"potentialAction\":[{\"@type\":\"CommentAction\",\"name\":\"Comment\",\"target\":[\"https:\\\/\\\/kuzeyinsesi.org\\\/index.php\\\/2024\\\/09\\\/30\\\/muzler-sanat-sempozyumu-kapanis-sergisi-ile-sona-erdi\\\/#respond\"]}]},{\"@type\":\"WebPage\",\"@id\":\"https:\\\/\\\/kuzeyinsesi.org\\\/index.php\\\/2024\\\/09\\\/30\\\/muzler-sanat-sempozyumu-kapanis-sergisi-ile-sona-erdi\\\/\",\"url\":\"https:\\\/\\\/kuzeyinsesi.org\\\/index.php\\\/2024\\\/09\\\/30\\\/muzler-sanat-sempozyumu-kapanis-sergisi-ile-sona-erdi\\\/\",\"name\":\"\u201cM\u00dcZler Sanat Sempozyumu\u201d kapan\u0131\u015f sergisi ile sona erdi - Kuzeyin Sesi\",\"isPartOf\":{\"@id\":\"https:\\\/\\\/kuzeyinsesi.org\\\/#website\"},\"primaryImageOfPage\":{\"@id\":\"https:\\\/\\\/kuzeyinsesi.org\\\/index.php\\\/2024\\\/09\\\/30\\\/muzler-sanat-sempozyumu-kapanis-sergisi-ile-sona-erdi\\\/#primaryimage\"},\"image\":{\"@id\":\"https:\\\/\\\/kuzeyinsesi.org\\\/index.php\\\/2024\\\/09\\\/30\\\/muzler-sanat-sempozyumu-kapanis-sergisi-ile-sona-erdi\\\/#primaryimage\"},\"thumbnailUrl\":\"https:\\\/\\\/kuzeyinsesi.org\\\/wp-content\\\/uploads\\\/2024\\\/09\\\/mmmmmmmmmmmmmmmmmmmmmmmmmmmmmmmmmmmmm.jpg\",\"datePublished\":\"2024-09-30T11:38:32+00:00\",\"author\":{\"@id\":\"https:\\\/\\\/kuzeyinsesi.org\\\/#\\\/schema\\\/person\\\/9f859689cdf01485597712386e37f5aa\"},\"breadcrumb\":{\"@id\":\"https:\\\/\\\/kuzeyinsesi.org\\\/index.php\\\/2024\\\/09\\\/30\\\/muzler-sanat-sempozyumu-kapanis-sergisi-ile-sona-erdi\\\/#breadcrumb\"},\"inLanguage\":\"tr\",\"potentialAction\":[{\"@type\":\"ReadAction\",\"target\":[\"https:\\\/\\\/kuzeyinsesi.org\\\/index.php\\\/2024\\\/09\\\/30\\\/muzler-sanat-sempozyumu-kapanis-sergisi-ile-sona-erdi\\\/\"]}]},{\"@type\":\"ImageObject\",\"inLanguage\":\"tr\",\"@id\":\"https:\\\/\\\/kuzeyinsesi.org\\\/index.php\\\/2024\\\/09\\\/30\\\/muzler-sanat-sempozyumu-kapanis-sergisi-ile-sona-erdi\\\/#primaryimage\",\"url\":\"https:\\\/\\\/kuzeyinsesi.org\\\/wp-content\\\/uploads\\\/2024\\\/09\\\/mmmmmmmmmmmmmmmmmmmmmmmmmmmmmmmmmmmmm.jpg\",\"contentUrl\":\"https:\\\/\\\/kuzeyinsesi.org\\\/wp-content\\\/uploads\\\/2024\\\/09\\\/mmmmmmmmmmmmmmmmmmmmmmmmmmmmmmmmmmmmm.jpg\",\"width\":1440,\"height\":860},{\"@type\":\"BreadcrumbList\",\"@id\":\"https:\\\/\\\/kuzeyinsesi.org\\\/index.php\\\/2024\\\/09\\\/30\\\/muzler-sanat-sempozyumu-kapanis-sergisi-ile-sona-erdi\\\/#breadcrumb\",\"itemListElement\":[{\"@type\":\"ListItem\",\"position\":1,\"name\":\"Anasayfa\",\"item\":\"https:\\\/\\\/kuzeyinsesi.org\\\/\"},{\"@type\":\"ListItem\",\"position\":2,\"name\":\"\u201cM\u00dcZler Sanat Sempozyumu\u201d kapan\u0131\u015f sergisi ile sona erdi\"}]},{\"@type\":\"WebSite\",\"@id\":\"https:\\\/\\\/kuzeyinsesi.org\\\/#website\",\"url\":\"https:\\\/\\\/kuzeyinsesi.org\\\/\",\"name\":\"Kuzeyin Sesi\",\"description\":\"Do\u011fru Haberin Adresi\",\"potentialAction\":[{\"@type\":\"SearchAction\",\"target\":{\"@type\":\"EntryPoint\",\"urlTemplate\":\"https:\\\/\\\/kuzeyinsesi.org\\\/?s={search_term_string}\"},\"query-input\":{\"@type\":\"PropertyValueSpecification\",\"valueRequired\":true,\"valueName\":\"search_term_string\"}}],\"inLanguage\":\"tr\"},{\"@type\":\"Person\",\"@id\":\"https:\\\/\\\/kuzeyinsesi.org\\\/#\\\/schema\\\/person\\\/9f859689cdf01485597712386e37f5aa\",\"name\":\"Kuzeyin Sesi\",\"image\":{\"@type\":\"ImageObject\",\"inLanguage\":\"tr\",\"@id\":\"https:\\\/\\\/secure.gravatar.com\\\/avatar\\\/bab33852abfd8b282518d6ed81826833d77c3c882d9ab608add591ccace47a44?s=96&d=mm&r=g\",\"url\":\"https:\\\/\\\/secure.gravatar.com\\\/avatar\\\/bab33852abfd8b282518d6ed81826833d77c3c882d9ab608add591ccace47a44?s=96&d=mm&r=g\",\"contentUrl\":\"https:\\\/\\\/secure.gravatar.com\\\/avatar\\\/bab33852abfd8b282518d6ed81826833d77c3c882d9ab608add591ccace47a44?s=96&d=mm&r=g\",\"caption\":\"Kuzeyin Sesi\"},\"sameAs\":[\"https:\\\/\\\/kuzeyinsesi.org\"],\"url\":\"https:\\\/\\\/kuzeyinsesi.org\\\/index.php\\\/author\\\/guven\\\/\"}]}<\/script>\n<!-- \/ Yoast SEO plugin. -->","yoast_head_json":{"title":"\u201cM\u00dcZler Sanat Sempozyumu\u201d kapan\u0131\u015f sergisi ile sona erdi - Kuzeyin Sesi","robots":{"index":"index","follow":"follow","max-snippet":"max-snippet:-1","max-image-preview":"max-image-preview:large","max-video-preview":"max-video-preview:-1"},"canonical":"https:\/\/kuzeyinsesi.org\/index.php\/2024\/09\/30\/muzler-sanat-sempozyumu-kapanis-sergisi-ile-sona-erdi\/","og_locale":"tr_TR","og_type":"article","og_title":"\u201cM\u00dcZler Sanat Sempozyumu\u201d kapan\u0131\u015f sergisi ile sona erdi - Kuzeyin Sesi","og_description":"\u201cGirne Ark\u0131n Group Fest24\u201d kapsam\u0131nda d\u00fczenlenen \u201cGirne Belediyesi M\u00dcZler Sanat Sempozyumu\u201d cumartesi yap\u0131lan kapan\u0131\u015f sergisi ile sona erdi. Belediyeden yap\u0131lan a\u00e7\u0131klamaya g\u00f6re, Girne Belediyesi Yeni Hizmet Binas\u0131\u2019nda ger\u00e7ekle\u015ftirilen sergide, sempozyuma kat\u0131lan sanat\u00e7\u0131lar\u0131n \u00e7al\u0131\u015fmalar\u0131 yer ald\u0131. Etkinlikte, Girne Belediyesi Sosyal \u0130\u015fler Amiri Serdar Tuksal, M\u00dcZler Sanat Sempozyumu Koordinat\u00f6r\u00fc Nevin Halis ve Girne Belediye Meclis \u00dcyesi Ziya [&hellip;]","og_url":"https:\/\/kuzeyinsesi.org\/index.php\/2024\/09\/30\/muzler-sanat-sempozyumu-kapanis-sergisi-ile-sona-erdi\/","og_site_name":"Kuzeyin Sesi","article_publisher":"https:\/\/www.facebook.com\/kuzeyinsesii","article_published_time":"2024-09-30T11:38:32+00:00","og_image":[{"url":"https:\/\/brtk.net\/wp-content\/uploads\/2024\/09\/30\/muzler-sempozyumu-1.jpg?ver=670d9ca8b7dab496143f682e39fbe1e5","type":"","width":"","height":""}],"author":"Kuzeyin Sesi","twitter_card":"summary_large_image","twitter_creator":"@kuzeyinsesii","twitter_site":"@kuzeyinsesii","twitter_misc":{"Yazan:":"Kuzeyin Sesi","Tahmini okuma s\u00fcresi":"1 dakika"},"schema":{"@context":"https:\/\/schema.org","@graph":[{"@type":"Article","@id":"https:\/\/kuzeyinsesi.org\/index.php\/2024\/09\/30\/muzler-sanat-sempozyumu-kapanis-sergisi-ile-sona-erdi\/#article","isPartOf":{"@id":"https:\/\/kuzeyinsesi.org\/index.php\/2024\/09\/30\/muzler-sanat-sempozyumu-kapanis-sergisi-ile-sona-erdi\/"},"author":{"name":"Kuzeyin Sesi","@id":"https:\/\/kuzeyinsesi.org\/#\/schema\/person\/9f859689cdf01485597712386e37f5aa"},"headline":"\u201cM\u00dcZler Sanat Sempozyumu\u201d kapan\u0131\u015f sergisi ile sona erdi","datePublished":"2024-09-30T11:38:32+00:00","mainEntityOfPage":{"@id":"https:\/\/kuzeyinsesi.org\/index.php\/2024\/09\/30\/muzler-sanat-sempozyumu-kapanis-sergisi-ile-sona-erdi\/"},"wordCount":183,"commentCount":0,"image":{"@id":"https:\/\/kuzeyinsesi.org\/index.php\/2024\/09\/30\/muzler-sanat-sempozyumu-kapanis-sergisi-ile-sona-erdi\/#primaryimage"},"thumbnailUrl":"https:\/\/kuzeyinsesi.org\/wp-content\/uploads\/2024\/09\/mmmmmmmmmmmmmmmmmmmmmmmmmmmmmmmmmmmmm.jpg","articleSection":["Ya\u015fam"],"inLanguage":"tr","potentialAction":[{"@type":"CommentAction","name":"Comment","target":["https:\/\/kuzeyinsesi.org\/index.php\/2024\/09\/30\/muzler-sanat-sempozyumu-kapanis-sergisi-ile-sona-erdi\/#respond"]}]},{"@type":"WebPage","@id":"https:\/\/kuzeyinsesi.org\/index.php\/2024\/09\/30\/muzler-sanat-sempozyumu-kapanis-sergisi-ile-sona-erdi\/","url":"https:\/\/kuzeyinsesi.org\/index.php\/2024\/09\/30\/muzler-sanat-sempozyumu-kapanis-sergisi-ile-sona-erdi\/","name":"\u201cM\u00dcZler Sanat Sempozyumu\u201d kapan\u0131\u015f sergisi ile sona erdi - Kuzeyin Sesi","isPartOf":{"@id":"https:\/\/kuzeyinsesi.org\/#website"},"primaryImageOfPage":{"@id":"https:\/\/kuzeyinsesi.org\/index.php\/2024\/09\/30\/muzler-sanat-sempozyumu-kapanis-sergisi-ile-sona-erdi\/#primaryimage"},"image":{"@id":"https:\/\/kuzeyinsesi.org\/index.php\/2024\/09\/30\/muzler-sanat-sempozyumu-kapanis-sergisi-ile-sona-erdi\/#primaryimage"},"thumbnailUrl":"https:\/\/kuzeyinsesi.org\/wp-content\/uploads\/2024\/09\/mmmmmmmmmmmmmmmmmmmmmmmmmmmmmmmmmmmmm.jpg","datePublished":"2024-09-30T11:38:32+00:00","author":{"@id":"https:\/\/kuzeyinsesi.org\/#\/schema\/person\/9f859689cdf01485597712386e37f5aa"},"breadcrumb":{"@id":"https:\/\/kuzeyinsesi.org\/index.php\/2024\/09\/30\/muzler-sanat-sempozyumu-kapanis-sergisi-ile-sona-erdi\/#breadcrumb"},"inLanguage":"tr","potentialAction":[{"@type":"ReadAction","target":["https:\/\/kuzeyinsesi.org\/index.php\/2024\/09\/30\/muzler-sanat-sempozyumu-kapanis-sergisi-ile-sona-erdi\/"]}]},{"@type":"ImageObject","inLanguage":"tr","@id":"https:\/\/kuzeyinsesi.org\/index.php\/2024\/09\/30\/muzler-sanat-sempozyumu-kapanis-sergisi-ile-sona-erdi\/#primaryimage","url":"https:\/\/kuzeyinsesi.org\/wp-content\/uploads\/2024\/09\/mmmmmmmmmmmmmmmmmmmmmmmmmmmmmmmmmmmmm.jpg","contentUrl":"https:\/\/kuzeyinsesi.org\/wp-content\/uploads\/2024\/09\/mmmmmmmmmmmmmmmmmmmmmmmmmmmmmmmmmmmmm.jpg","width":1440,"height":860},{"@type":"BreadcrumbList","@id":"https:\/\/kuzeyinsesi.org\/index.php\/2024\/09\/30\/muzler-sanat-sempozyumu-kapanis-sergisi-ile-sona-erdi\/#breadcrumb","itemListElement":[{"@type":"ListItem","position":1,"name":"Anasayfa","item":"https:\/\/kuzeyinsesi.org\/"},{"@type":"ListItem","position":2,"name":"\u201cM\u00dcZler Sanat Sempozyumu\u201d kapan\u0131\u015f sergisi ile sona erdi"}]},{"@type":"WebSite","@id":"https:\/\/kuzeyinsesi.org\/#website","url":"https:\/\/kuzeyinsesi.org\/","name":"Kuzeyin Sesi","description":"Do\u011fru Haberin Adresi","potentialAction":[{"@type":"SearchAction","target":{"@type":"EntryPoint","urlTemplate":"https:\/\/kuzeyinsesi.org\/?s={search_term_string}"},"query-input":{"@type":"PropertyValueSpecification","valueRequired":true,"valueName":"search_term_string"}}],"inLanguage":"tr"},{"@type":"Person","@id":"https:\/\/kuzeyinsesi.org\/#\/schema\/person\/9f859689cdf01485597712386e37f5aa","name":"Kuzeyin Sesi","image":{"@type":"ImageObject","inLanguage":"tr","@id":"https:\/\/secure.gravatar.com\/avatar\/bab33852abfd8b282518d6ed81826833d77c3c882d9ab608add591ccace47a44?s=96&d=mm&r=g","url":"https:\/\/secure.gravatar.com\/avatar\/bab33852abfd8b282518d6ed81826833d77c3c882d9ab608add591ccace47a44?s=96&d=mm&r=g","contentUrl":"https:\/\/secure.gravatar.com\/avatar\/bab33852abfd8b282518d6ed81826833d77c3c882d9ab608add591ccace47a44?s=96&d=mm&r=g","caption":"Kuzeyin Sesi"},"sameAs":["https:\/\/kuzeyinsesi.org"],"url":"https:\/\/kuzeyinsesi.org\/index.php\/author\/guven\/"}]}},"_links":{"self":[{"href":"https:\/\/kuzeyinsesi.org\/index.php\/wp-json\/wp\/v2\/posts\/10704","targetHints":{"allow":["GET"]}}],"collection":[{"href":"https:\/\/kuzeyinsesi.org\/index.php\/wp-json\/wp\/v2\/posts"}],"about":[{"href":"https:\/\/kuzeyinsesi.org\/index.php\/wp-json\/wp\/v2\/types\/post"}],"author":[{"embeddable":true,"href":"https:\/\/kuzeyinsesi.org\/index.php\/wp-json\/wp\/v2\/users\/1"}],"replies":[{"embeddable":true,"href":"https:\/\/kuzeyinsesi.org\/index.php\/wp-json\/wp\/v2\/comments?post=10704"}],"version-history":[{"count":0,"href":"https:\/\/kuzeyinsesi.org\/index.php\/wp-json\/wp\/v2\/posts\/10704\/revisions"}],"wp:featuredmedia":[{"embeddable":true,"href":"https:\/\/kuzeyinsesi.org\/index.php\/wp-json\/wp\/v2\/media\/10705"}],"wp:attachment":[{"href":"https:\/\/kuzeyinsesi.org\/index.php\/wp-json\/wp\/v2\/media?parent=10704"}],"wp:term":[{"taxonomy":"category","embeddable":true,"href":"https:\/\/kuzeyinsesi.org\/index.php\/wp-json\/wp\/v2\/categories?post=10704"},{"taxonomy":"post_tag","embeddable":true,"href":"https:\/\/kuzeyinsesi.org\/index.php\/wp-json\/wp\/v2\/tags?post=10704"}],"curies":[{"name":"wp","href":"https:\/\/api.w.org\/{rel}","templated":true}]}}