{"id":10687,"date":"2024-09-30T11:29:42","date_gmt":"2024-09-30T08:29:42","guid":{"rendered":"https:\/\/kuzeyinsesi.org\/index.php\/2024\/09\/30\/uluslararasi-kuzey-kibris-muzik-festivali-arman-ratip-piyano-resitali-ile-devam-edecek\/"},"modified":"2024-09-30T11:29:42","modified_gmt":"2024-09-30T08:29:42","slug":"uluslararasi-kuzey-kibris-muzik-festivali-arman-ratip-piyano-resitali-ile-devam-edecek","status":"publish","type":"post","link":"https:\/\/kuzeyinsesi.org\/index.php\/2024\/09\/30\/uluslararasi-kuzey-kibris-muzik-festivali-arman-ratip-piyano-resitali-ile-devam-edecek\/","title":{"rendered":"Uluslararas\u0131 Kuzey K\u0131br\u0131s M\u00fczik Festivali Arman Ratip Piyano Resitali ile devam edecek"},"content":{"rendered":"<div>\n<div class=\"mariselle-image-container center\">\n                                            <\/div>\n<p>Uluslararas\u0131 Kuzey K\u0131br\u0131s M\u00fczik Festivali, 2 Ekim \u00c7ar\u015famba ak\u015fam\u0131 saat 20.30\u2019da piyanist-besteci Arman Ratip\u2019in verece\u011fi piyano resitali ile devam edecek.<\/p>\n<p>Kuzey K\u0131br\u0131s M\u00fczik Derne\u011fi\u2019nin her y\u0131l d\u00fczenledi\u011fi Uluslararas\u0131 Kuzey K\u0131br\u0131s M\u00fczik Festivali, bu y\u0131l Ba\u015fbakan Yard\u0131mc\u0131l\u0131\u011f\u0131 Turizm K\u00fclt\u00fcr Gen\u00e7lik ve \u00c7evre Bakanl\u0131\u011f\u0131, Deniz Plaza, Rocks Hotel, Bellapais Gardens, Kybele ve Huzur A\u011fa\u00e7 katk\u0131lar\u0131yla d\u00fczenleniyor.<\/p>\n<p>Bellapais Manast\u0131r\u0131\u2019ndaki resitalde Ratip\u2019in Edvard Grieg, Thelonious Monk, Dave Brubeck aranjmanlar\u0131 ile The Devil\u2019s Feather, Spirit World, Star People adl\u0131 kendi besteleri yer alacak .<\/p>\n<p>T\u00fcm konserlerin biletlerine Deniz Plazalardan, Bellapais Manast\u0131r\u0131 bilet ofisinden ve online olarak Biletfest.com ile Gisekibris.com dan ula\u015f\u0131labilecek.<\/p>\n<p>K\u0131br\u0131s, T\u00fcrkiye, Rusya, Ukrayna, Belarus, Amerika, Almanya, \u0130ngiltere, \u0130talya, Fransa, \u0130svi\u00e7re, Polonya, Tataristan ve Azerbaycan\u2019dan y\u00fczlerce sanat\u00e7\u0131n\u0131n yer alaca\u011f\u0131 <strong>22. Uluslararas\u0131 Kuzey K\u0131br\u0131s M\u00fczik Festivali\u2019nin program\u0131  \u015f\u00f6yle:<\/strong><\/p>\n<p>\u201c2 Ekim Arman Ratip Piyano Resitali<\/p>\n<p>7 Ekim Nihat A\u011fda\u00e7-Thomas Isaac-Emil Duncumb Trio<\/p>\n<p>10 Ekim Soprano Burcu Uyar &amp; Tenor Massimiliano Pisapia, Achille Lampo, Piyano<\/p>\n<p>12 Ekim Rauf Kas\u0131mov Piyano Resitali<\/p>\n<p>14 Ekim Lelya Bayramo\u011fullar\u0131 &amp; Tutu Ayd\u0131no\u011flu Fl\u00fct \u2013 Piyano Resitali<\/p>\n<p>16 Ekim 3 Basses Konseri<\/p>\n<p>18 Ekim KKTC CSO Konseri<\/p>\n<p>22 Ekim Ma\u011fusa Kent Orkestras\u0131 &amp; Burcu Durmaz<\/p>\n<p>24 Ekim Alexa Rodrian &amp; Jens Fischer Rodrian<\/p>\n<p>31 Ekim Faz\u0131l Say Piyano Resitali<\/p>\n<p>1 Kas\u0131m Ian Maksin &amp; Taliya Haf\u0131z<\/p>\n<p>4 Kas\u0131m Magnetic Faces Trio<\/p>\n<p>7 Kas\u0131m 3 Tenor Konseri<\/p>\n<p>9 Kas\u0131m Gen\u00e7 Piyanistler Resitali<\/p>\n<p>13 Kas\u0131m Anastasiia Andrievskaya Piyano Resitali<\/p>\n<p>16 Kas\u0131m LBO &amp; Erkan Da\u011fl\u0131-Katie Economidou Konseri\u201d<\/p>\n<\/p><\/div>\n<p><script async\n                    defer\n                    crossorigin=\"anonymous\"\n                    src=\"https:\/\/connect.facebook.net\/tr_TR\/sdk.js#xfbml=1&#038;version=v3.3\"\n            ><\/script><\/p>\n","protected":false},"excerpt":{"rendered":"<p>Uluslararas\u0131 Kuzey K\u0131br\u0131s M\u00fczik Festivali, 2 Ekim \u00c7ar\u015famba ak\u015fam\u0131 saat 20.30\u2019da piyanist-besteci Arman Ratip\u2019in verece\u011fi piyano resitali ile devam edecek. Kuzey K\u0131br\u0131s M\u00fczik Derne\u011fi\u2019nin her y\u0131l d\u00fczenledi\u011fi Uluslararas\u0131 Kuzey K\u0131br\u0131s M\u00fczik Festivali, bu y\u0131l Ba\u015fbakan Yard\u0131mc\u0131l\u0131\u011f\u0131 Turizm K\u00fclt\u00fcr Gen\u00e7lik ve \u00c7evre Bakanl\u0131\u011f\u0131, Deniz Plaza, Rocks Hotel, Bellapais Gardens, Kybele ve Huzur A\u011fa\u00e7 katk\u0131lar\u0131yla d\u00fczenleniyor. Bellapais [&hellip;]<\/p>\n","protected":false},"author":1,"featured_media":10688,"comment_status":"open","ping_status":"open","sticky":false,"template":"","format":"standard","meta":{"jnews-multi-image_gallery":[],"jnews_single_post":[],"jnews_primary_category":[],"jnews_social_meta":[],"jnews_override_counter":[],"footnotes":""},"categories":[6],"tags":[],"class_list":["post-10687","post","type-post","status-publish","format-standard","has-post-thumbnail","hentry","category-yasam"],"yoast_head":"<!-- This site is optimized with the Yoast SEO plugin v27.4 - https:\/\/yoast.com\/product\/yoast-seo-wordpress\/ -->\n<title>Uluslararas\u0131 Kuzey K\u0131br\u0131s M\u00fczik Festivali Arman Ratip Piyano Resitali ile devam edecek - Kuzeyin Sesi<\/title>\n<meta name=\"robots\" content=\"index, follow, max-snippet:-1, max-image-preview:large, max-video-preview:-1\" \/>\n<link rel=\"canonical\" href=\"https:\/\/kuzeyinsesi.org\/index.php\/2024\/09\/30\/uluslararasi-kuzey-kibris-muzik-festivali-arman-ratip-piyano-resitali-ile-devam-edecek\/\" \/>\n<meta property=\"og:locale\" content=\"tr_TR\" \/>\n<meta property=\"og:type\" content=\"article\" \/>\n<meta property=\"og:title\" content=\"Uluslararas\u0131 Kuzey K\u0131br\u0131s M\u00fczik Festivali Arman Ratip Piyano Resitali ile devam edecek - Kuzeyin Sesi\" \/>\n<meta property=\"og:description\" content=\"Uluslararas\u0131 Kuzey K\u0131br\u0131s M\u00fczik Festivali, 2 Ekim \u00c7ar\u015famba ak\u015fam\u0131 saat 20.30\u2019da piyanist-besteci Arman Ratip\u2019in verece\u011fi piyano resitali ile devam edecek. Kuzey K\u0131br\u0131s M\u00fczik Derne\u011fi\u2019nin her y\u0131l d\u00fczenledi\u011fi Uluslararas\u0131 Kuzey K\u0131br\u0131s M\u00fczik Festivali, bu y\u0131l Ba\u015fbakan Yard\u0131mc\u0131l\u0131\u011f\u0131 Turizm K\u00fclt\u00fcr Gen\u00e7lik ve \u00c7evre Bakanl\u0131\u011f\u0131, Deniz Plaza, Rocks Hotel, Bellapais Gardens, Kybele ve Huzur A\u011fa\u00e7 katk\u0131lar\u0131yla d\u00fczenleniyor. Bellapais [&hellip;]\" \/>\n<meta property=\"og:url\" content=\"https:\/\/kuzeyinsesi.org\/index.php\/2024\/09\/30\/uluslararasi-kuzey-kibris-muzik-festivali-arman-ratip-piyano-resitali-ile-devam-edecek\/\" \/>\n<meta property=\"og:site_name\" content=\"Kuzeyin Sesi\" \/>\n<meta property=\"article:publisher\" content=\"https:\/\/www.facebook.com\/kuzeyinsesii\" \/>\n<meta property=\"article:published_time\" content=\"2024-09-30T08:29:42+00:00\" \/>\n<meta property=\"og:image\" content=\"https:\/\/brtk.net\/wp-content\/uploads\/2024\/09\/30\/arrrr.jpg?ver=eb02ad6c4ebb7a8134443fac9315b10f\" \/>\n<meta name=\"author\" content=\"Kuzeyin Sesi\" \/>\n<meta name=\"twitter:card\" content=\"summary_large_image\" \/>\n<meta name=\"twitter:creator\" content=\"@kuzeyinsesii\" \/>\n<meta name=\"twitter:site\" content=\"@kuzeyinsesii\" \/>\n<meta name=\"twitter:label1\" content=\"Yazan:\" \/>\n\t<meta name=\"twitter:data1\" content=\"Kuzeyin Sesi\" \/>\n\t<meta name=\"twitter:label2\" content=\"Tahmini okuma s\u00fcresi\" \/>\n\t<meta name=\"twitter:data2\" content=\"1 dakika\" \/>\n<script type=\"application\/ld+json\" class=\"yoast-schema-graph\">{\"@context\":\"https:\\\/\\\/schema.org\",\"@graph\":[{\"@type\":\"Article\",\"@id\":\"https:\\\/\\\/kuzeyinsesi.org\\\/index.php\\\/2024\\\/09\\\/30\\\/uluslararasi-kuzey-kibris-muzik-festivali-arman-ratip-piyano-resitali-ile-devam-edecek\\\/#article\",\"isPartOf\":{\"@id\":\"https:\\\/\\\/kuzeyinsesi.org\\\/index.php\\\/2024\\\/09\\\/30\\\/uluslararasi-kuzey-kibris-muzik-festivali-arman-ratip-piyano-resitali-ile-devam-edecek\\\/\"},\"author\":{\"name\":\"Kuzeyin Sesi\",\"@id\":\"https:\\\/\\\/kuzeyinsesi.org\\\/#\\\/schema\\\/person\\\/9f859689cdf01485597712386e37f5aa\"},\"headline\":\"Uluslararas\u0131 Kuzey K\u0131br\u0131s M\u00fczik Festivali Arman Ratip Piyano Resitali ile devam edecek\",\"datePublished\":\"2024-09-30T08:29:42+00:00\",\"mainEntityOfPage\":{\"@id\":\"https:\\\/\\\/kuzeyinsesi.org\\\/index.php\\\/2024\\\/09\\\/30\\\/uluslararasi-kuzey-kibris-muzik-festivali-arman-ratip-piyano-resitali-ile-devam-edecek\\\/\"},\"wordCount\":294,\"commentCount\":0,\"image\":{\"@id\":\"https:\\\/\\\/kuzeyinsesi.org\\\/index.php\\\/2024\\\/09\\\/30\\\/uluslararasi-kuzey-kibris-muzik-festivali-arman-ratip-piyano-resitali-ile-devam-edecek\\\/#primaryimage\"},\"thumbnailUrl\":\"https:\\\/\\\/kuzeyinsesi.org\\\/wp-content\\\/uploads\\\/2024\\\/09\\\/arrrr.jpg\",\"articleSection\":[\"Ya\u015fam\"],\"inLanguage\":\"tr\",\"potentialAction\":[{\"@type\":\"CommentAction\",\"name\":\"Comment\",\"target\":[\"https:\\\/\\\/kuzeyinsesi.org\\\/index.php\\\/2024\\\/09\\\/30\\\/uluslararasi-kuzey-kibris-muzik-festivali-arman-ratip-piyano-resitali-ile-devam-edecek\\\/#respond\"]}]},{\"@type\":\"WebPage\",\"@id\":\"https:\\\/\\\/kuzeyinsesi.org\\\/index.php\\\/2024\\\/09\\\/30\\\/uluslararasi-kuzey-kibris-muzik-festivali-arman-ratip-piyano-resitali-ile-devam-edecek\\\/\",\"url\":\"https:\\\/\\\/kuzeyinsesi.org\\\/index.php\\\/2024\\\/09\\\/30\\\/uluslararasi-kuzey-kibris-muzik-festivali-arman-ratip-piyano-resitali-ile-devam-edecek\\\/\",\"name\":\"Uluslararas\u0131 Kuzey K\u0131br\u0131s M\u00fczik Festivali Arman Ratip Piyano Resitali ile devam edecek - Kuzeyin Sesi\",\"isPartOf\":{\"@id\":\"https:\\\/\\\/kuzeyinsesi.org\\\/#website\"},\"primaryImageOfPage\":{\"@id\":\"https:\\\/\\\/kuzeyinsesi.org\\\/index.php\\\/2024\\\/09\\\/30\\\/uluslararasi-kuzey-kibris-muzik-festivali-arman-ratip-piyano-resitali-ile-devam-edecek\\\/#primaryimage\"},\"image\":{\"@id\":\"https:\\\/\\\/kuzeyinsesi.org\\\/index.php\\\/2024\\\/09\\\/30\\\/uluslararasi-kuzey-kibris-muzik-festivali-arman-ratip-piyano-resitali-ile-devam-edecek\\\/#primaryimage\"},\"thumbnailUrl\":\"https:\\\/\\\/kuzeyinsesi.org\\\/wp-content\\\/uploads\\\/2024\\\/09\\\/arrrr.jpg\",\"datePublished\":\"2024-09-30T08:29:42+00:00\",\"author\":{\"@id\":\"https:\\\/\\\/kuzeyinsesi.org\\\/#\\\/schema\\\/person\\\/9f859689cdf01485597712386e37f5aa\"},\"breadcrumb\":{\"@id\":\"https:\\\/\\\/kuzeyinsesi.org\\\/index.php\\\/2024\\\/09\\\/30\\\/uluslararasi-kuzey-kibris-muzik-festivali-arman-ratip-piyano-resitali-ile-devam-edecek\\\/#breadcrumb\"},\"inLanguage\":\"tr\",\"potentialAction\":[{\"@type\":\"ReadAction\",\"target\":[\"https:\\\/\\\/kuzeyinsesi.org\\\/index.php\\\/2024\\\/09\\\/30\\\/uluslararasi-kuzey-kibris-muzik-festivali-arman-ratip-piyano-resitali-ile-devam-edecek\\\/\"]}]},{\"@type\":\"ImageObject\",\"inLanguage\":\"tr\",\"@id\":\"https:\\\/\\\/kuzeyinsesi.org\\\/index.php\\\/2024\\\/09\\\/30\\\/uluslararasi-kuzey-kibris-muzik-festivali-arman-ratip-piyano-resitali-ile-devam-edecek\\\/#primaryimage\",\"url\":\"https:\\\/\\\/kuzeyinsesi.org\\\/wp-content\\\/uploads\\\/2024\\\/09\\\/arrrr.jpg\",\"contentUrl\":\"https:\\\/\\\/kuzeyinsesi.org\\\/wp-content\\\/uploads\\\/2024\\\/09\\\/arrrr.jpg\",\"width\":1080,\"height\":608},{\"@type\":\"BreadcrumbList\",\"@id\":\"https:\\\/\\\/kuzeyinsesi.org\\\/index.php\\\/2024\\\/09\\\/30\\\/uluslararasi-kuzey-kibris-muzik-festivali-arman-ratip-piyano-resitali-ile-devam-edecek\\\/#breadcrumb\",\"itemListElement\":[{\"@type\":\"ListItem\",\"position\":1,\"name\":\"Anasayfa\",\"item\":\"https:\\\/\\\/kuzeyinsesi.org\\\/\"},{\"@type\":\"ListItem\",\"position\":2,\"name\":\"Uluslararas\u0131 Kuzey K\u0131br\u0131s M\u00fczik Festivali Arman Ratip Piyano Resitali ile devam edecek\"}]},{\"@type\":\"WebSite\",\"@id\":\"https:\\\/\\\/kuzeyinsesi.org\\\/#website\",\"url\":\"https:\\\/\\\/kuzeyinsesi.org\\\/\",\"name\":\"Kuzeyin Sesi\",\"description\":\"Do\u011fru Haberin Adresi\",\"potentialAction\":[{\"@type\":\"SearchAction\",\"target\":{\"@type\":\"EntryPoint\",\"urlTemplate\":\"https:\\\/\\\/kuzeyinsesi.org\\\/?s={search_term_string}\"},\"query-input\":{\"@type\":\"PropertyValueSpecification\",\"valueRequired\":true,\"valueName\":\"search_term_string\"}}],\"inLanguage\":\"tr\"},{\"@type\":\"Person\",\"@id\":\"https:\\\/\\\/kuzeyinsesi.org\\\/#\\\/schema\\\/person\\\/9f859689cdf01485597712386e37f5aa\",\"name\":\"Kuzeyin Sesi\",\"image\":{\"@type\":\"ImageObject\",\"inLanguage\":\"tr\",\"@id\":\"https:\\\/\\\/secure.gravatar.com\\\/avatar\\\/bab33852abfd8b282518d6ed81826833d77c3c882d9ab608add591ccace47a44?s=96&d=mm&r=g\",\"url\":\"https:\\\/\\\/secure.gravatar.com\\\/avatar\\\/bab33852abfd8b282518d6ed81826833d77c3c882d9ab608add591ccace47a44?s=96&d=mm&r=g\",\"contentUrl\":\"https:\\\/\\\/secure.gravatar.com\\\/avatar\\\/bab33852abfd8b282518d6ed81826833d77c3c882d9ab608add591ccace47a44?s=96&d=mm&r=g\",\"caption\":\"Kuzeyin Sesi\"},\"sameAs\":[\"https:\\\/\\\/kuzeyinsesi.org\"],\"url\":\"https:\\\/\\\/kuzeyinsesi.org\\\/index.php\\\/author\\\/guven\\\/\"}]}<\/script>\n<!-- \/ Yoast SEO plugin. -->","yoast_head_json":{"title":"Uluslararas\u0131 Kuzey K\u0131br\u0131s M\u00fczik Festivali Arman Ratip Piyano Resitali ile devam edecek - Kuzeyin Sesi","robots":{"index":"index","follow":"follow","max-snippet":"max-snippet:-1","max-image-preview":"max-image-preview:large","max-video-preview":"max-video-preview:-1"},"canonical":"https:\/\/kuzeyinsesi.org\/index.php\/2024\/09\/30\/uluslararasi-kuzey-kibris-muzik-festivali-arman-ratip-piyano-resitali-ile-devam-edecek\/","og_locale":"tr_TR","og_type":"article","og_title":"Uluslararas\u0131 Kuzey K\u0131br\u0131s M\u00fczik Festivali Arman Ratip Piyano Resitali ile devam edecek - Kuzeyin Sesi","og_description":"Uluslararas\u0131 Kuzey K\u0131br\u0131s M\u00fczik Festivali, 2 Ekim \u00c7ar\u015famba ak\u015fam\u0131 saat 20.30\u2019da piyanist-besteci Arman Ratip\u2019in verece\u011fi piyano resitali ile devam edecek. Kuzey K\u0131br\u0131s M\u00fczik Derne\u011fi\u2019nin her y\u0131l d\u00fczenledi\u011fi Uluslararas\u0131 Kuzey K\u0131br\u0131s M\u00fczik Festivali, bu y\u0131l Ba\u015fbakan Yard\u0131mc\u0131l\u0131\u011f\u0131 Turizm K\u00fclt\u00fcr Gen\u00e7lik ve \u00c7evre Bakanl\u0131\u011f\u0131, Deniz Plaza, Rocks Hotel, Bellapais Gardens, Kybele ve Huzur A\u011fa\u00e7 katk\u0131lar\u0131yla d\u00fczenleniyor. Bellapais [&hellip;]","og_url":"https:\/\/kuzeyinsesi.org\/index.php\/2024\/09\/30\/uluslararasi-kuzey-kibris-muzik-festivali-arman-ratip-piyano-resitali-ile-devam-edecek\/","og_site_name":"Kuzeyin Sesi","article_publisher":"https:\/\/www.facebook.com\/kuzeyinsesii","article_published_time":"2024-09-30T08:29:42+00:00","og_image":[{"url":"https:\/\/brtk.net\/wp-content\/uploads\/2024\/09\/30\/arrrr.jpg?ver=eb02ad6c4ebb7a8134443fac9315b10f","type":"","width":"","height":""}],"author":"Kuzeyin Sesi","twitter_card":"summary_large_image","twitter_creator":"@kuzeyinsesii","twitter_site":"@kuzeyinsesii","twitter_misc":{"Yazan:":"Kuzeyin Sesi","Tahmini okuma s\u00fcresi":"1 dakika"},"schema":{"@context":"https:\/\/schema.org","@graph":[{"@type":"Article","@id":"https:\/\/kuzeyinsesi.org\/index.php\/2024\/09\/30\/uluslararasi-kuzey-kibris-muzik-festivali-arman-ratip-piyano-resitali-ile-devam-edecek\/#article","isPartOf":{"@id":"https:\/\/kuzeyinsesi.org\/index.php\/2024\/09\/30\/uluslararasi-kuzey-kibris-muzik-festivali-arman-ratip-piyano-resitali-ile-devam-edecek\/"},"author":{"name":"Kuzeyin Sesi","@id":"https:\/\/kuzeyinsesi.org\/#\/schema\/person\/9f859689cdf01485597712386e37f5aa"},"headline":"Uluslararas\u0131 Kuzey K\u0131br\u0131s M\u00fczik Festivali Arman Ratip Piyano Resitali ile devam edecek","datePublished":"2024-09-30T08:29:42+00:00","mainEntityOfPage":{"@id":"https:\/\/kuzeyinsesi.org\/index.php\/2024\/09\/30\/uluslararasi-kuzey-kibris-muzik-festivali-arman-ratip-piyano-resitali-ile-devam-edecek\/"},"wordCount":294,"commentCount":0,"image":{"@id":"https:\/\/kuzeyinsesi.org\/index.php\/2024\/09\/30\/uluslararasi-kuzey-kibris-muzik-festivali-arman-ratip-piyano-resitali-ile-devam-edecek\/#primaryimage"},"thumbnailUrl":"https:\/\/kuzeyinsesi.org\/wp-content\/uploads\/2024\/09\/arrrr.jpg","articleSection":["Ya\u015fam"],"inLanguage":"tr","potentialAction":[{"@type":"CommentAction","name":"Comment","target":["https:\/\/kuzeyinsesi.org\/index.php\/2024\/09\/30\/uluslararasi-kuzey-kibris-muzik-festivali-arman-ratip-piyano-resitali-ile-devam-edecek\/#respond"]}]},{"@type":"WebPage","@id":"https:\/\/kuzeyinsesi.org\/index.php\/2024\/09\/30\/uluslararasi-kuzey-kibris-muzik-festivali-arman-ratip-piyano-resitali-ile-devam-edecek\/","url":"https:\/\/kuzeyinsesi.org\/index.php\/2024\/09\/30\/uluslararasi-kuzey-kibris-muzik-festivali-arman-ratip-piyano-resitali-ile-devam-edecek\/","name":"Uluslararas\u0131 Kuzey K\u0131br\u0131s M\u00fczik Festivali Arman Ratip Piyano Resitali ile devam edecek - Kuzeyin Sesi","isPartOf":{"@id":"https:\/\/kuzeyinsesi.org\/#website"},"primaryImageOfPage":{"@id":"https:\/\/kuzeyinsesi.org\/index.php\/2024\/09\/30\/uluslararasi-kuzey-kibris-muzik-festivali-arman-ratip-piyano-resitali-ile-devam-edecek\/#primaryimage"},"image":{"@id":"https:\/\/kuzeyinsesi.org\/index.php\/2024\/09\/30\/uluslararasi-kuzey-kibris-muzik-festivali-arman-ratip-piyano-resitali-ile-devam-edecek\/#primaryimage"},"thumbnailUrl":"https:\/\/kuzeyinsesi.org\/wp-content\/uploads\/2024\/09\/arrrr.jpg","datePublished":"2024-09-30T08:29:42+00:00","author":{"@id":"https:\/\/kuzeyinsesi.org\/#\/schema\/person\/9f859689cdf01485597712386e37f5aa"},"breadcrumb":{"@id":"https:\/\/kuzeyinsesi.org\/index.php\/2024\/09\/30\/uluslararasi-kuzey-kibris-muzik-festivali-arman-ratip-piyano-resitali-ile-devam-edecek\/#breadcrumb"},"inLanguage":"tr","potentialAction":[{"@type":"ReadAction","target":["https:\/\/kuzeyinsesi.org\/index.php\/2024\/09\/30\/uluslararasi-kuzey-kibris-muzik-festivali-arman-ratip-piyano-resitali-ile-devam-edecek\/"]}]},{"@type":"ImageObject","inLanguage":"tr","@id":"https:\/\/kuzeyinsesi.org\/index.php\/2024\/09\/30\/uluslararasi-kuzey-kibris-muzik-festivali-arman-ratip-piyano-resitali-ile-devam-edecek\/#primaryimage","url":"https:\/\/kuzeyinsesi.org\/wp-content\/uploads\/2024\/09\/arrrr.jpg","contentUrl":"https:\/\/kuzeyinsesi.org\/wp-content\/uploads\/2024\/09\/arrrr.jpg","width":1080,"height":608},{"@type":"BreadcrumbList","@id":"https:\/\/kuzeyinsesi.org\/index.php\/2024\/09\/30\/uluslararasi-kuzey-kibris-muzik-festivali-arman-ratip-piyano-resitali-ile-devam-edecek\/#breadcrumb","itemListElement":[{"@type":"ListItem","position":1,"name":"Anasayfa","item":"https:\/\/kuzeyinsesi.org\/"},{"@type":"ListItem","position":2,"name":"Uluslararas\u0131 Kuzey K\u0131br\u0131s M\u00fczik Festivali Arman Ratip Piyano Resitali ile devam edecek"}]},{"@type":"WebSite","@id":"https:\/\/kuzeyinsesi.org\/#website","url":"https:\/\/kuzeyinsesi.org\/","name":"Kuzeyin Sesi","description":"Do\u011fru Haberin Adresi","potentialAction":[{"@type":"SearchAction","target":{"@type":"EntryPoint","urlTemplate":"https:\/\/kuzeyinsesi.org\/?s={search_term_string}"},"query-input":{"@type":"PropertyValueSpecification","valueRequired":true,"valueName":"search_term_string"}}],"inLanguage":"tr"},{"@type":"Person","@id":"https:\/\/kuzeyinsesi.org\/#\/schema\/person\/9f859689cdf01485597712386e37f5aa","name":"Kuzeyin Sesi","image":{"@type":"ImageObject","inLanguage":"tr","@id":"https:\/\/secure.gravatar.com\/avatar\/bab33852abfd8b282518d6ed81826833d77c3c882d9ab608add591ccace47a44?s=96&d=mm&r=g","url":"https:\/\/secure.gravatar.com\/avatar\/bab33852abfd8b282518d6ed81826833d77c3c882d9ab608add591ccace47a44?s=96&d=mm&r=g","contentUrl":"https:\/\/secure.gravatar.com\/avatar\/bab33852abfd8b282518d6ed81826833d77c3c882d9ab608add591ccace47a44?s=96&d=mm&r=g","caption":"Kuzeyin Sesi"},"sameAs":["https:\/\/kuzeyinsesi.org"],"url":"https:\/\/kuzeyinsesi.org\/index.php\/author\/guven\/"}]}},"_links":{"self":[{"href":"https:\/\/kuzeyinsesi.org\/index.php\/wp-json\/wp\/v2\/posts\/10687","targetHints":{"allow":["GET"]}}],"collection":[{"href":"https:\/\/kuzeyinsesi.org\/index.php\/wp-json\/wp\/v2\/posts"}],"about":[{"href":"https:\/\/kuzeyinsesi.org\/index.php\/wp-json\/wp\/v2\/types\/post"}],"author":[{"embeddable":true,"href":"https:\/\/kuzeyinsesi.org\/index.php\/wp-json\/wp\/v2\/users\/1"}],"replies":[{"embeddable":true,"href":"https:\/\/kuzeyinsesi.org\/index.php\/wp-json\/wp\/v2\/comments?post=10687"}],"version-history":[{"count":0,"href":"https:\/\/kuzeyinsesi.org\/index.php\/wp-json\/wp\/v2\/posts\/10687\/revisions"}],"wp:featuredmedia":[{"embeddable":true,"href":"https:\/\/kuzeyinsesi.org\/index.php\/wp-json\/wp\/v2\/media\/10688"}],"wp:attachment":[{"href":"https:\/\/kuzeyinsesi.org\/index.php\/wp-json\/wp\/v2\/media?parent=10687"}],"wp:term":[{"taxonomy":"category","embeddable":true,"href":"https:\/\/kuzeyinsesi.org\/index.php\/wp-json\/wp\/v2\/categories?post=10687"},{"taxonomy":"post_tag","embeddable":true,"href":"https:\/\/kuzeyinsesi.org\/index.php\/wp-json\/wp\/v2\/tags?post=10687"}],"curies":[{"name":"wp","href":"https:\/\/api.w.org\/{rel}","templated":true}]}}