{"id":1068,"date":"2024-04-30T22:57:44","date_gmt":"2024-04-30T19:57:44","guid":{"rendered":"https:\/\/kuzeyinsesi.com\/index.php\/2024\/04\/30\/gazzedeki-israilli-esirlerin-ailelerinden-netanyahu-ile-acil-gorusme-talebi\/"},"modified":"2024-04-30T22:57:44","modified_gmt":"2024-04-30T19:57:44","slug":"gazzedeki-israilli-esirlerin-ailelerinden-netanyahu-ile-acil-gorusme-talebi","status":"publish","type":"post","link":"https:\/\/kuzeyinsesi.org\/index.php\/2024\/04\/30\/gazzedeki-israilli-esirlerin-ailelerinden-netanyahu-ile-acil-gorusme-talebi\/","title":{"rendered":"Gazze&#039;deki \u0130srailli esirlerin ailelerinden Netanyahu ile acil g\u00f6r\u00fc\u015fme talebi"},"content":{"rendered":"<p><\/p>\n<div>\n<p>&#13;<br \/>\n\tTel Aviv ile <a href=\"https:\/\/www.trthaber.com\/etiket\/hamas\/\" target=\"_blank\" rel=\"noopener\">Hamas<\/a> aras\u0131ndaki anla\u015fmazl\u0131klar ve <a href=\"https:\/\/www.trthaber.com\/etiket\/israil\/\" target=\"_blank\" rel=\"noopener\">\u0130srail<\/a> h\u00fck\u00fcmeti i\u00e7indeki b\u00f6l\u00fcnmenin bir sonucu olarak esir takas\u0131 mutabakat\u0131na var\u0131lmas\u0131 konusundaki iyimserlik ciddi bir \u015fekilde azal\u0131rken, Gazze&#8217;deki \u0130srailli esirlerin ailelerinin temsilcileri Netanyahu&#8217;ya mektup g\u00f6nderdi.<\/p>\n<p>&#13;<br \/>\n\tKanal 12 televizyonunun haberine g\u00f6re, esirlerin ailelerinin temsilcileri, teklif edilen anla\u015fmadaki geli\u015fmeler hakk\u0131nda bilgi almak ve esirler konusunun \u00f6ncelik olarak kalmas\u0131n\u0131 talep etmek amac\u0131yla <a href=\"https:\/\/www.trthaber.com\/etiket\/netanyahu\/\" target=\"_blank\" rel=\"noopener\">Netanyahu<\/a> ile yar\u0131n en k\u0131sa zamanda acil bir toplant\u0131 talep etti.<\/p>\n<p>&#13;<br \/>\n\tIsrael Hayom gazetesine g\u00f6re, esirlerin ailelerinin temsilcileri Netahyahu&#8217;ya g\u00f6nderdikleri mektuplar\u0131nda \u015funlar\u0131 kaydetti:<\/p>\n<p>&#13;<br \/>\n\t&#8220;G\u00f6r\u00fc\u015fmeden ge\u00e7en aylar sonra bir toplant\u0131 talebinde bulunmak \u00fczere yakla\u015f\u0131k bir bu\u00e7uk hafta \u00f6nce sizinle ve <a href=\"https:\/\/www.trthaber.com\/etiket\/savas\/\" target=\"_blank\" rel=\"noopener\">Sava\u015f<\/a> Konseyi&#8217;nin t\u00fcm \u00fcyeleriyle temasa ge\u00e7tik. Sava\u015f Konseyi \u00fcyelerinden herhangi birinin resmi yan\u0131t\u0131 veya yorumu olmaks\u0131z\u0131n, talebimiz de\u011fi\u015fmeden kalm\u0131\u015ft\u0131r. Anla\u015fman\u0131n durumu hakk\u0131nda bilgi almak ve esirlerin durumuna ili\u015fkin kesin tutumumuzu ifade etmek i\u00e7in yar\u0131n acil bir g\u00f6r\u00fc\u015fme yap\u0131lmas\u0131n\u0131 talep ediyoruz.&#8221;<\/p>\n<p>&#13;<br \/>\n\t<strong>Tel Aviv&#8217;de Savunma Bakanl\u0131\u011f\u0131 \u00f6n\u00fcnde g\u00f6steri<\/strong><\/p>\n<p>&#13;<br \/>\n\t\u00d6te yandan, \u0130srailli esirlerin yak\u0131nlar\u0131 ve destek\u00e7ileri, son d\u00f6nemde oldu\u011fu gibi ba\u015fkent Tel Aviv&#8217;de Savunma Bakanl\u0131\u011f\u0131 \u00f6n\u00fcndeki Begin Caddesi&#8217;nde topland\u0131.<\/p>\n<p>&#13;<br \/>\n\tYakla\u015f\u0131k 200 ki\u015filik grup, Netanyahu&#8217;dan gelen Refah&#8217;a sald\u0131r\u0131laca\u011f\u0131 a\u00e7\u0131klamalar\u0131n\u0131 ele\u015ftiren sloganlar att\u0131, h\u00fck\u00fcmete esirlerin kurtar\u0131lmas\u0131 i\u00e7in anla\u015fma yapmas\u0131 \u00e7a\u011fr\u0131s\u0131 yapt\u0131.<\/p>\n<p>&#13;<br \/>\n\t&#8220;Esirleri kurtar\u0131n&#8221;, &#8220;Bekleyecek zamanlar\u0131 kalmad\u0131 kurtar\u0131n&#8221; yaz\u0131l\u0131 pankart ta\u015f\u0131yan g\u00f6stericiler bir s\u00fcre yolu kapatt\u0131.<\/p>\n<p>&#13;<br \/>\n\t<a href=\"https:\/\/www.trthaber.com\/etiket\/gazze\/\" target=\"_blank\" rel=\"noopener\">Gazze<\/a> \u015eeridindeki \u0130srailli esirlerin yak\u0131nlar\u0131 Netanyahu h\u00fck\u00fcmetini esirlerin kurtar\u0131lmas\u0131 i\u00e7in &#8220;elinden geleni yapmamakla&#8221; ele\u015ftirerek son d\u00f6nemde protestolar\u0131n\u0131 s\u0131kla\u015ft\u0131rd\u0131. G\u00f6sterilere kat\u0131l\u0131m\u0131n zaman zaman artmas\u0131yla polisle g\u00f6stericiler aras\u0131nda olaylar \u00e7\u0131km\u0131\u015ft\u0131.<\/p>\n<p>&#13;<br \/>\n\tNetanyahu, \u0130srail ve uluslararas\u0131 kamuoyunda siyasi nedenlerden dolay\u0131 Hamas ile esir takas\u0131 anla\u015fmas\u0131 yapmamakla su\u00e7lan\u0131yor.<\/p>\n<p>&#13;<br \/>\n\t<a href=\"https:\/\/www.trthaber.com\/etiket\/misir\/\" target=\"_blank\" rel=\"noopener\">M\u0131s\u0131r<\/a> ve <a href=\"https:\/\/www.trthaber.com\/etiket\/katar\/\" target=\"_blank\" rel=\"noopener\">Katar<\/a> arabuluculu\u011funda haz\u0131rlanan yeni bir ate\u015fkes ve kar\u015f\u0131l\u0131kl\u0131 esir takas\u0131 anla\u015fmas\u0131 teklifinin cuma g\u00fcn\u00fc Hamas&#8217;a sunuldu\u011fu, Hamas&#8217;\u0131n teklif \u00fczerinde \u00e7al\u0131\u015ft\u0131\u011f\u0131 ve yak\u0131nda yan\u0131t\u0131n\u0131 verece\u011fi a\u00e7\u0131klanm\u0131\u015ft\u0131.<\/p>\n<p>&#13;<br \/>\n\tHamas&#8217;tan bir heyetin ate\u015fkes teklifini g\u00f6r\u00fc\u015fmek \u00fczere 22 Nisan&#8217;da Kahire&#8217;ye gitti\u011fi aktar\u0131lm\u0131\u015ft\u0131.<\/p>\n<p>&#13;<br \/>\n\t\u0130srail makamlar\u0131na g\u00f6re, Gazze \u015eeridi&#8217;nde, baz\u0131lar\u0131 hayatta baz\u0131lar\u0131 \u00f6l\u00fc 130&#8217;dan fazla \u0130srailli esir bulunuyor.<\/p>\n<p>&#13;<br \/>\n\tHamas&#8217;\u0131n silahl\u0131 kanad\u0131 \u0130zzeddin el-Kassam Tugaylar\u0131, \u0130srail&#8217;in Gazze&#8217;ye sald\u0131r\u0131lar\u0131nda \u00f6ld\u00fcr\u00fclen \u0130srailli esir say\u0131s\u0131n\u0131n 70&#8217;i ge\u00e7ti\u011fini duyurmu\u015ftu.<\/p>\n<p>&#13;<br \/>\n\t\u0130srail&#8217;in 7 Ekim&#8217;den bu yana Gazze \u015eeridi&#8217;ne d\u00fczenledi\u011fi sald\u0131r\u0131larda 24 binden fazlas\u0131 kad\u0131n ve \u00e7ocuk 34 bini a\u015fk\u0131n Filistinli \u00f6ld\u00fc.<\/p>\n<p>&#13;<br \/>\n\tSa\u011fl\u0131k sisteminin \u00e7\u00f6kmek \u00fczere oldu\u011fu b\u00f6lgede 77 binden fazla yaral\u0131 var, 7 bin kadar ki\u015finin de kay\u0131p oldu\u011fu aktar\u0131l\u0131yor. Gazze \u015eeridi i\u00e7inde 1,9 milyondan fazla Filistinli ise zorla <a href=\"https:\/\/www.trthaber.com\/etiket\/goc\/\" target=\"_blank\" rel=\"noopener\">g\u00f6\u00e7<\/a> ettirildi.<\/p>\n<p>&#13;<br \/>\n\t<a href=\"https:\/\/www.trthaber.com\/etiket\/birlesmis-milletler\/\" target=\"_blank\" rel=\"noopener\">Birle\u015fmi\u015f Milletler<\/a> G\u00fcvenlik Konseyinden 25 Mart&#8217;ta ge\u00e7en &#8220;ate\u015fkes karar\u0131&#8221; hi\u00e7e say\u0131larak \u0130srail ordusunun sald\u0131r\u0131lar\u0131 devam etti.<\/p>\n<p>&#13;<br \/>\n\tUluslararas\u0131 toplumdan gelen uyar\u0131lara ra\u011fmen \u0130srail makamlar\u0131, 1,5 milyon kadar Filistinlinin s\u0131\u011f\u0131nd\u0131\u011f\u0131 Gazze \u015eeridi&#8217;nin g\u00fcneyindeki Refah&#8217;a kara sald\u0131r\u0131s\u0131 ba\u015flat\u0131laca\u011f\u0131 s\u00f6ylemini s\u00fcrd\u00fcr\u00fcyor.<\/p>\n<\/p><\/div>\n","protected":false},"excerpt":{"rendered":"<p>&#13; Tel Aviv ile Hamas aras\u0131ndaki anla\u015fmazl\u0131klar ve \u0130srail h\u00fck\u00fcmeti i\u00e7indeki b\u00f6l\u00fcnmenin bir sonucu olarak esir takas\u0131 mutabakat\u0131na var\u0131lmas\u0131 konusundaki iyimserlik ciddi bir \u015fekilde azal\u0131rken, Gazze&#8217;deki \u0130srailli esirlerin ailelerinin temsilcileri Netanyahu&#8217;ya mektup g\u00f6nderdi. &#13; Kanal 12 televizyonunun haberine g\u00f6re, esirlerin ailelerinin temsilcileri, teklif edilen anla\u015fmadaki geli\u015fmeler hakk\u0131nda bilgi almak ve esirler konusunun \u00f6ncelik olarak kalmas\u0131n\u0131 [&hellip;]<\/p>\n","protected":false},"author":1,"featured_media":1069,"comment_status":"open","ping_status":"open","sticky":false,"template":"","format":"standard","meta":{"jnews-multi-image_gallery":[],"jnews_single_post":[],"jnews_primary_category":[],"jnews_social_meta":[],"jnews_override_counter":[],"footnotes":""},"categories":[2],"tags":[],"class_list":["post-1068","post","type-post","status-publish","format-standard","has-post-thumbnail","hentry","category-dunya"],"yoast_head":"<!-- This site is optimized with the Yoast SEO plugin v27.5 - https:\/\/yoast.com\/product\/yoast-seo-wordpress\/ -->\n<title>Gazze&#039;deki \u0130srailli esirlerin ailelerinden Netanyahu ile acil g\u00f6r\u00fc\u015fme talebi - Kuzeyin Sesi<\/title>\n<meta name=\"robots\" content=\"index, follow, max-snippet:-1, max-image-preview:large, max-video-preview:-1\" \/>\n<link rel=\"canonical\" href=\"https:\/\/kuzeyinsesi.org\/index.php\/2024\/04\/30\/gazzedeki-israilli-esirlerin-ailelerinden-netanyahu-ile-acil-gorusme-talebi\/\" \/>\n<meta property=\"og:locale\" content=\"tr_TR\" \/>\n<meta property=\"og:type\" content=\"article\" \/>\n<meta property=\"og:title\" content=\"Gazze&#039;deki \u0130srailli esirlerin ailelerinden Netanyahu ile acil g\u00f6r\u00fc\u015fme talebi - Kuzeyin Sesi\" \/>\n<meta property=\"og:description\" content=\"&#013; Tel Aviv ile Hamas aras\u0131ndaki anla\u015fmazl\u0131klar ve \u0130srail h\u00fck\u00fcmeti i\u00e7indeki b\u00f6l\u00fcnmenin bir sonucu olarak esir takas\u0131 mutabakat\u0131na var\u0131lmas\u0131 konusundaki iyimserlik ciddi bir \u015fekilde azal\u0131rken, Gazze&#8217;deki \u0130srailli esirlerin ailelerinin temsilcileri Netanyahu&#8217;ya mektup g\u00f6nderdi. &#013; Kanal 12 televizyonunun haberine g\u00f6re, esirlerin ailelerinin temsilcileri, teklif edilen anla\u015fmadaki geli\u015fmeler hakk\u0131nda bilgi almak ve esirler konusunun \u00f6ncelik olarak kalmas\u0131n\u0131 [&hellip;]\" \/>\n<meta property=\"og:url\" content=\"https:\/\/kuzeyinsesi.org\/index.php\/2024\/04\/30\/gazzedeki-israilli-esirlerin-ailelerinden-netanyahu-ile-acil-gorusme-talebi\/\" \/>\n<meta property=\"og:site_name\" content=\"Kuzeyin Sesi\" \/>\n<meta property=\"article:publisher\" content=\"https:\/\/www.facebook.com\/kuzeyinsesii\" \/>\n<meta property=\"article:published_time\" content=\"2024-04-30T19:57:44+00:00\" \/>\n<meta property=\"og:image\" content=\"https:\/\/kuzeyinsesi.org\/wp-content\/uploads\/2024\/04\/1714507066_netanyahu-reuters-2150498.jpg\" \/>\n\t<meta property=\"og:image:width\" content=\"1280\" \/>\n\t<meta property=\"og:image:height\" content=\"720\" \/>\n\t<meta property=\"og:image:type\" content=\"image\/jpeg\" \/>\n<meta name=\"author\" content=\"Kuzeyin Sesi\" \/>\n<meta name=\"twitter:card\" content=\"summary_large_image\" \/>\n<meta name=\"twitter:creator\" content=\"@kuzeyinsesii\" \/>\n<meta name=\"twitter:site\" content=\"@kuzeyinsesii\" \/>\n<meta name=\"twitter:label1\" content=\"Yazan:\" \/>\n\t<meta name=\"twitter:data1\" content=\"Kuzeyin Sesi\" \/>\n\t<meta name=\"twitter:label2\" content=\"Tahmini okuma s\u00fcresi\" \/>\n\t<meta name=\"twitter:data2\" content=\"3 dakika\" \/>\n<script type=\"application\/ld+json\" class=\"yoast-schema-graph\">{\"@context\":\"https:\\\/\\\/schema.org\",\"@graph\":[{\"@type\":\"Article\",\"@id\":\"https:\\\/\\\/kuzeyinsesi.org\\\/index.php\\\/2024\\\/04\\\/30\\\/gazzedeki-israilli-esirlerin-ailelerinden-netanyahu-ile-acil-gorusme-talebi\\\/#article\",\"isPartOf\":{\"@id\":\"https:\\\/\\\/kuzeyinsesi.org\\\/index.php\\\/2024\\\/04\\\/30\\\/gazzedeki-israilli-esirlerin-ailelerinden-netanyahu-ile-acil-gorusme-talebi\\\/\"},\"author\":{\"name\":\"Kuzeyin Sesi\",\"@id\":\"https:\\\/\\\/kuzeyinsesi.org\\\/#\\\/schema\\\/person\\\/9f859689cdf01485597712386e37f5aa\"},\"headline\":\"Gazze&#039;deki \u0130srailli esirlerin ailelerinden Netanyahu ile acil g\u00f6r\u00fc\u015fme talebi\",\"datePublished\":\"2024-04-30T19:57:44+00:00\",\"mainEntityOfPage\":{\"@id\":\"https:\\\/\\\/kuzeyinsesi.org\\\/index.php\\\/2024\\\/04\\\/30\\\/gazzedeki-israilli-esirlerin-ailelerinden-netanyahu-ile-acil-gorusme-talebi\\\/\"},\"wordCount\":591,\"commentCount\":0,\"image\":{\"@id\":\"https:\\\/\\\/kuzeyinsesi.org\\\/index.php\\\/2024\\\/04\\\/30\\\/gazzedeki-israilli-esirlerin-ailelerinden-netanyahu-ile-acil-gorusme-talebi\\\/#primaryimage\"},\"thumbnailUrl\":\"https:\\\/\\\/kuzeyinsesi.org\\\/wp-content\\\/uploads\\\/2024\\\/04\\\/1714507066_netanyahu-reuters-2150498.jpg\",\"articleSection\":[\"D\u00fcnya\"],\"inLanguage\":\"tr\",\"potentialAction\":[{\"@type\":\"CommentAction\",\"name\":\"Comment\",\"target\":[\"https:\\\/\\\/kuzeyinsesi.org\\\/index.php\\\/2024\\\/04\\\/30\\\/gazzedeki-israilli-esirlerin-ailelerinden-netanyahu-ile-acil-gorusme-talebi\\\/#respond\"]}]},{\"@type\":\"WebPage\",\"@id\":\"https:\\\/\\\/kuzeyinsesi.org\\\/index.php\\\/2024\\\/04\\\/30\\\/gazzedeki-israilli-esirlerin-ailelerinden-netanyahu-ile-acil-gorusme-talebi\\\/\",\"url\":\"https:\\\/\\\/kuzeyinsesi.org\\\/index.php\\\/2024\\\/04\\\/30\\\/gazzedeki-israilli-esirlerin-ailelerinden-netanyahu-ile-acil-gorusme-talebi\\\/\",\"name\":\"Gazze&#039;deki \u0130srailli esirlerin ailelerinden Netanyahu ile acil g\u00f6r\u00fc\u015fme talebi - Kuzeyin Sesi\",\"isPartOf\":{\"@id\":\"https:\\\/\\\/kuzeyinsesi.org\\\/#website\"},\"primaryImageOfPage\":{\"@id\":\"https:\\\/\\\/kuzeyinsesi.org\\\/index.php\\\/2024\\\/04\\\/30\\\/gazzedeki-israilli-esirlerin-ailelerinden-netanyahu-ile-acil-gorusme-talebi\\\/#primaryimage\"},\"image\":{\"@id\":\"https:\\\/\\\/kuzeyinsesi.org\\\/index.php\\\/2024\\\/04\\\/30\\\/gazzedeki-israilli-esirlerin-ailelerinden-netanyahu-ile-acil-gorusme-talebi\\\/#primaryimage\"},\"thumbnailUrl\":\"https:\\\/\\\/kuzeyinsesi.org\\\/wp-content\\\/uploads\\\/2024\\\/04\\\/1714507066_netanyahu-reuters-2150498.jpg\",\"datePublished\":\"2024-04-30T19:57:44+00:00\",\"author\":{\"@id\":\"https:\\\/\\\/kuzeyinsesi.org\\\/#\\\/schema\\\/person\\\/9f859689cdf01485597712386e37f5aa\"},\"breadcrumb\":{\"@id\":\"https:\\\/\\\/kuzeyinsesi.org\\\/index.php\\\/2024\\\/04\\\/30\\\/gazzedeki-israilli-esirlerin-ailelerinden-netanyahu-ile-acil-gorusme-talebi\\\/#breadcrumb\"},\"inLanguage\":\"tr\",\"potentialAction\":[{\"@type\":\"ReadAction\",\"target\":[\"https:\\\/\\\/kuzeyinsesi.org\\\/index.php\\\/2024\\\/04\\\/30\\\/gazzedeki-israilli-esirlerin-ailelerinden-netanyahu-ile-acil-gorusme-talebi\\\/\"]}]},{\"@type\":\"ImageObject\",\"inLanguage\":\"tr\",\"@id\":\"https:\\\/\\\/kuzeyinsesi.org\\\/index.php\\\/2024\\\/04\\\/30\\\/gazzedeki-israilli-esirlerin-ailelerinden-netanyahu-ile-acil-gorusme-talebi\\\/#primaryimage\",\"url\":\"https:\\\/\\\/kuzeyinsesi.org\\\/wp-content\\\/uploads\\\/2024\\\/04\\\/1714507066_netanyahu-reuters-2150498.jpg\",\"contentUrl\":\"https:\\\/\\\/kuzeyinsesi.org\\\/wp-content\\\/uploads\\\/2024\\\/04\\\/1714507066_netanyahu-reuters-2150498.jpg\",\"width\":1280,\"height\":720},{\"@type\":\"BreadcrumbList\",\"@id\":\"https:\\\/\\\/kuzeyinsesi.org\\\/index.php\\\/2024\\\/04\\\/30\\\/gazzedeki-israilli-esirlerin-ailelerinden-netanyahu-ile-acil-gorusme-talebi\\\/#breadcrumb\",\"itemListElement\":[{\"@type\":\"ListItem\",\"position\":1,\"name\":\"Anasayfa\",\"item\":\"https:\\\/\\\/kuzeyinsesi.org\\\/\"},{\"@type\":\"ListItem\",\"position\":2,\"name\":\"Gazze&#039;deki \u0130srailli esirlerin ailelerinden Netanyahu ile acil g\u00f6r\u00fc\u015fme talebi\"}]},{\"@type\":\"WebSite\",\"@id\":\"https:\\\/\\\/kuzeyinsesi.org\\\/#website\",\"url\":\"https:\\\/\\\/kuzeyinsesi.org\\\/\",\"name\":\"Kuzeyin Sesi\",\"description\":\"Do\u011fru Haberin Adresi\",\"potentialAction\":[{\"@type\":\"SearchAction\",\"target\":{\"@type\":\"EntryPoint\",\"urlTemplate\":\"https:\\\/\\\/kuzeyinsesi.org\\\/?s={search_term_string}\"},\"query-input\":{\"@type\":\"PropertyValueSpecification\",\"valueRequired\":true,\"valueName\":\"search_term_string\"}}],\"inLanguage\":\"tr\"},{\"@type\":\"Person\",\"@id\":\"https:\\\/\\\/kuzeyinsesi.org\\\/#\\\/schema\\\/person\\\/9f859689cdf01485597712386e37f5aa\",\"name\":\"Kuzeyin Sesi\",\"image\":{\"@type\":\"ImageObject\",\"inLanguage\":\"tr\",\"@id\":\"https:\\\/\\\/secure.gravatar.com\\\/avatar\\\/bab33852abfd8b282518d6ed81826833d77c3c882d9ab608add591ccace47a44?s=96&d=mm&r=g\",\"url\":\"https:\\\/\\\/secure.gravatar.com\\\/avatar\\\/bab33852abfd8b282518d6ed81826833d77c3c882d9ab608add591ccace47a44?s=96&d=mm&r=g\",\"contentUrl\":\"https:\\\/\\\/secure.gravatar.com\\\/avatar\\\/bab33852abfd8b282518d6ed81826833d77c3c882d9ab608add591ccace47a44?s=96&d=mm&r=g\",\"caption\":\"Kuzeyin Sesi\"},\"sameAs\":[\"https:\\\/\\\/kuzeyinsesi.org\"],\"url\":\"https:\\\/\\\/kuzeyinsesi.org\\\/index.php\\\/author\\\/guven\\\/\"}]}<\/script>\n<!-- \/ Yoast SEO plugin. -->","yoast_head_json":{"title":"Gazze&#039;deki \u0130srailli esirlerin ailelerinden Netanyahu ile acil g\u00f6r\u00fc\u015fme talebi - Kuzeyin Sesi","robots":{"index":"index","follow":"follow","max-snippet":"max-snippet:-1","max-image-preview":"max-image-preview:large","max-video-preview":"max-video-preview:-1"},"canonical":"https:\/\/kuzeyinsesi.org\/index.php\/2024\/04\/30\/gazzedeki-israilli-esirlerin-ailelerinden-netanyahu-ile-acil-gorusme-talebi\/","og_locale":"tr_TR","og_type":"article","og_title":"Gazze&#039;deki \u0130srailli esirlerin ailelerinden Netanyahu ile acil g\u00f6r\u00fc\u015fme talebi - Kuzeyin Sesi","og_description":"&#13; Tel Aviv ile Hamas aras\u0131ndaki anla\u015fmazl\u0131klar ve \u0130srail h\u00fck\u00fcmeti i\u00e7indeki b\u00f6l\u00fcnmenin bir sonucu olarak esir takas\u0131 mutabakat\u0131na var\u0131lmas\u0131 konusundaki iyimserlik ciddi bir \u015fekilde azal\u0131rken, Gazze&#8217;deki \u0130srailli esirlerin ailelerinin temsilcileri Netanyahu&#8217;ya mektup g\u00f6nderdi. &#13; Kanal 12 televizyonunun haberine g\u00f6re, esirlerin ailelerinin temsilcileri, teklif edilen anla\u015fmadaki geli\u015fmeler hakk\u0131nda bilgi almak ve esirler konusunun \u00f6ncelik olarak kalmas\u0131n\u0131 [&hellip;]","og_url":"https:\/\/kuzeyinsesi.org\/index.php\/2024\/04\/30\/gazzedeki-israilli-esirlerin-ailelerinden-netanyahu-ile-acil-gorusme-talebi\/","og_site_name":"Kuzeyin Sesi","article_publisher":"https:\/\/www.facebook.com\/kuzeyinsesii","article_published_time":"2024-04-30T19:57:44+00:00","og_image":[{"width":1280,"height":720,"url":"https:\/\/kuzeyinsesi.org\/wp-content\/uploads\/2024\/04\/1714507066_netanyahu-reuters-2150498.jpg","type":"image\/jpeg"}],"author":"Kuzeyin Sesi","twitter_card":"summary_large_image","twitter_creator":"@kuzeyinsesii","twitter_site":"@kuzeyinsesii","twitter_misc":{"Yazan:":"Kuzeyin Sesi","Tahmini okuma s\u00fcresi":"3 dakika"},"schema":{"@context":"https:\/\/schema.org","@graph":[{"@type":"Article","@id":"https:\/\/kuzeyinsesi.org\/index.php\/2024\/04\/30\/gazzedeki-israilli-esirlerin-ailelerinden-netanyahu-ile-acil-gorusme-talebi\/#article","isPartOf":{"@id":"https:\/\/kuzeyinsesi.org\/index.php\/2024\/04\/30\/gazzedeki-israilli-esirlerin-ailelerinden-netanyahu-ile-acil-gorusme-talebi\/"},"author":{"name":"Kuzeyin Sesi","@id":"https:\/\/kuzeyinsesi.org\/#\/schema\/person\/9f859689cdf01485597712386e37f5aa"},"headline":"Gazze&#039;deki \u0130srailli esirlerin ailelerinden Netanyahu ile acil g\u00f6r\u00fc\u015fme talebi","datePublished":"2024-04-30T19:57:44+00:00","mainEntityOfPage":{"@id":"https:\/\/kuzeyinsesi.org\/index.php\/2024\/04\/30\/gazzedeki-israilli-esirlerin-ailelerinden-netanyahu-ile-acil-gorusme-talebi\/"},"wordCount":591,"commentCount":0,"image":{"@id":"https:\/\/kuzeyinsesi.org\/index.php\/2024\/04\/30\/gazzedeki-israilli-esirlerin-ailelerinden-netanyahu-ile-acil-gorusme-talebi\/#primaryimage"},"thumbnailUrl":"https:\/\/kuzeyinsesi.org\/wp-content\/uploads\/2024\/04\/1714507066_netanyahu-reuters-2150498.jpg","articleSection":["D\u00fcnya"],"inLanguage":"tr","potentialAction":[{"@type":"CommentAction","name":"Comment","target":["https:\/\/kuzeyinsesi.org\/index.php\/2024\/04\/30\/gazzedeki-israilli-esirlerin-ailelerinden-netanyahu-ile-acil-gorusme-talebi\/#respond"]}]},{"@type":"WebPage","@id":"https:\/\/kuzeyinsesi.org\/index.php\/2024\/04\/30\/gazzedeki-israilli-esirlerin-ailelerinden-netanyahu-ile-acil-gorusme-talebi\/","url":"https:\/\/kuzeyinsesi.org\/index.php\/2024\/04\/30\/gazzedeki-israilli-esirlerin-ailelerinden-netanyahu-ile-acil-gorusme-talebi\/","name":"Gazze&#039;deki \u0130srailli esirlerin ailelerinden Netanyahu ile acil g\u00f6r\u00fc\u015fme talebi - Kuzeyin Sesi","isPartOf":{"@id":"https:\/\/kuzeyinsesi.org\/#website"},"primaryImageOfPage":{"@id":"https:\/\/kuzeyinsesi.org\/index.php\/2024\/04\/30\/gazzedeki-israilli-esirlerin-ailelerinden-netanyahu-ile-acil-gorusme-talebi\/#primaryimage"},"image":{"@id":"https:\/\/kuzeyinsesi.org\/index.php\/2024\/04\/30\/gazzedeki-israilli-esirlerin-ailelerinden-netanyahu-ile-acil-gorusme-talebi\/#primaryimage"},"thumbnailUrl":"https:\/\/kuzeyinsesi.org\/wp-content\/uploads\/2024\/04\/1714507066_netanyahu-reuters-2150498.jpg","datePublished":"2024-04-30T19:57:44+00:00","author":{"@id":"https:\/\/kuzeyinsesi.org\/#\/schema\/person\/9f859689cdf01485597712386e37f5aa"},"breadcrumb":{"@id":"https:\/\/kuzeyinsesi.org\/index.php\/2024\/04\/30\/gazzedeki-israilli-esirlerin-ailelerinden-netanyahu-ile-acil-gorusme-talebi\/#breadcrumb"},"inLanguage":"tr","potentialAction":[{"@type":"ReadAction","target":["https:\/\/kuzeyinsesi.org\/index.php\/2024\/04\/30\/gazzedeki-israilli-esirlerin-ailelerinden-netanyahu-ile-acil-gorusme-talebi\/"]}]},{"@type":"ImageObject","inLanguage":"tr","@id":"https:\/\/kuzeyinsesi.org\/index.php\/2024\/04\/30\/gazzedeki-israilli-esirlerin-ailelerinden-netanyahu-ile-acil-gorusme-talebi\/#primaryimage","url":"https:\/\/kuzeyinsesi.org\/wp-content\/uploads\/2024\/04\/1714507066_netanyahu-reuters-2150498.jpg","contentUrl":"https:\/\/kuzeyinsesi.org\/wp-content\/uploads\/2024\/04\/1714507066_netanyahu-reuters-2150498.jpg","width":1280,"height":720},{"@type":"BreadcrumbList","@id":"https:\/\/kuzeyinsesi.org\/index.php\/2024\/04\/30\/gazzedeki-israilli-esirlerin-ailelerinden-netanyahu-ile-acil-gorusme-talebi\/#breadcrumb","itemListElement":[{"@type":"ListItem","position":1,"name":"Anasayfa","item":"https:\/\/kuzeyinsesi.org\/"},{"@type":"ListItem","position":2,"name":"Gazze&#039;deki \u0130srailli esirlerin ailelerinden Netanyahu ile acil g\u00f6r\u00fc\u015fme talebi"}]},{"@type":"WebSite","@id":"https:\/\/kuzeyinsesi.org\/#website","url":"https:\/\/kuzeyinsesi.org\/","name":"Kuzeyin Sesi","description":"Do\u011fru Haberin Adresi","potentialAction":[{"@type":"SearchAction","target":{"@type":"EntryPoint","urlTemplate":"https:\/\/kuzeyinsesi.org\/?s={search_term_string}"},"query-input":{"@type":"PropertyValueSpecification","valueRequired":true,"valueName":"search_term_string"}}],"inLanguage":"tr"},{"@type":"Person","@id":"https:\/\/kuzeyinsesi.org\/#\/schema\/person\/9f859689cdf01485597712386e37f5aa","name":"Kuzeyin Sesi","image":{"@type":"ImageObject","inLanguage":"tr","@id":"https:\/\/secure.gravatar.com\/avatar\/bab33852abfd8b282518d6ed81826833d77c3c882d9ab608add591ccace47a44?s=96&d=mm&r=g","url":"https:\/\/secure.gravatar.com\/avatar\/bab33852abfd8b282518d6ed81826833d77c3c882d9ab608add591ccace47a44?s=96&d=mm&r=g","contentUrl":"https:\/\/secure.gravatar.com\/avatar\/bab33852abfd8b282518d6ed81826833d77c3c882d9ab608add591ccace47a44?s=96&d=mm&r=g","caption":"Kuzeyin Sesi"},"sameAs":["https:\/\/kuzeyinsesi.org"],"url":"https:\/\/kuzeyinsesi.org\/index.php\/author\/guven\/"}]}},"_links":{"self":[{"href":"https:\/\/kuzeyinsesi.org\/index.php\/wp-json\/wp\/v2\/posts\/1068","targetHints":{"allow":["GET"]}}],"collection":[{"href":"https:\/\/kuzeyinsesi.org\/index.php\/wp-json\/wp\/v2\/posts"}],"about":[{"href":"https:\/\/kuzeyinsesi.org\/index.php\/wp-json\/wp\/v2\/types\/post"}],"author":[{"embeddable":true,"href":"https:\/\/kuzeyinsesi.org\/index.php\/wp-json\/wp\/v2\/users\/1"}],"replies":[{"embeddable":true,"href":"https:\/\/kuzeyinsesi.org\/index.php\/wp-json\/wp\/v2\/comments?post=1068"}],"version-history":[{"count":0,"href":"https:\/\/kuzeyinsesi.org\/index.php\/wp-json\/wp\/v2\/posts\/1068\/revisions"}],"wp:featuredmedia":[{"embeddable":true,"href":"https:\/\/kuzeyinsesi.org\/index.php\/wp-json\/wp\/v2\/media\/1069"}],"wp:attachment":[{"href":"https:\/\/kuzeyinsesi.org\/index.php\/wp-json\/wp\/v2\/media?parent=1068"}],"wp:term":[{"taxonomy":"category","embeddable":true,"href":"https:\/\/kuzeyinsesi.org\/index.php\/wp-json\/wp\/v2\/categories?post=1068"},{"taxonomy":"post_tag","embeddable":true,"href":"https:\/\/kuzeyinsesi.org\/index.php\/wp-json\/wp\/v2\/tags?post=1068"}],"curies":[{"name":"wp","href":"https:\/\/api.w.org\/{rel}","templated":true}]}}