{"id":1066,"date":"2024-04-30T22:14:49","date_gmt":"2024-04-30T19:14:49","guid":{"rendered":"https:\/\/kuzeyinsesi.com\/index.php\/2024\/04\/30\/tasinmaz-mal-edinme-ve-uzun-vadeli-kiralama-yabancilar-degisiklik-yasa-tasarisi-komitede\/"},"modified":"2024-04-30T22:14:49","modified_gmt":"2024-04-30T19:14:49","slug":"tasinmaz-mal-edinme-ve-uzun-vadeli-kiralama-yabancilar-degisiklik-yasa-tasarisi-komitede","status":"publish","type":"post","link":"https:\/\/kuzeyinsesi.org\/index.php\/2024\/04\/30\/tasinmaz-mal-edinme-ve-uzun-vadeli-kiralama-yabancilar-degisiklik-yasa-tasarisi-komitede\/","title":{"rendered":"\u201cTa\u015f\u0131nmaz Mal Edinme ve Uzun Vadeli Kiralama (Yabanc\u0131lar) (De\u011fi\u015fiklik) Yasa Tasar\u0131s\u0131\u201d komitede\u2026"},"content":{"rendered":"<div>\n<div class=\"mariselle-image-container center\">\n                                            <\/div>\n<p>Cumhuriyet Meclisi, Hukuk, Siyasi \u0130\u015fler ve D\u0131\u015fili\u015fkiler Komitesi, Ta\u015f\u0131nmaz Mal Edinme ve Uzun Vadeli Kiralama (Yabanc\u0131lar) (De\u011fi\u015fiklik) Yasa Tasar\u0131s\u0131\u201dn\u0131 ele ald\u0131. Komite, genel g\u00f6r\u00fc\u015fmesi yap\u0131lan Yasa Tasar\u0131 ile ilgili \u00e7al\u0131\u015fmalar\u0131na bir sonraki toplant\u0131s\u0131nda devam edecek.<\/p>\n<p>Meclis\u2019ten yap\u0131lan a\u00e7\u0131klamaya g\u00f6re, Cumhuriyet Meclisi, Hukuk, Siyasi \u0130\u015fler ve D\u0131\u015fili\u015fkiler Komitesi bug\u00fcn saat 09.30\u2019da UBP Milletvekili Komite Ba\u015fkan\u0131 Yasemi \u00d6zt\u00fcrk ba\u015fkanl\u0131\u011f\u0131nda topland\u0131.<\/p>\n<p>Komite, g\u00fcndemindeki \u201cTa\u015f\u0131nmaz Mal Edinme ve Uzun Vadeli Kiralama (Yabanc\u0131lar) (De\u011fi\u015fiklik) Yasa Tasar\u0131s\u0131\u201dn\u0131 ele ald\u0131\u011f\u0131 toplant\u0131da, tasar\u0131n\u0131n genel g\u00f6r\u00fc\u015fmesini ger\u00e7ekle\u015ftirdi. Komite, Yasa Tasar\u0131s\u0131 ile ilgili \u00e7al\u0131\u015fmalar\u0131na bir sonraki toplant\u0131s\u0131nda devam edecek.<\/p>\n<p>Komite toplant\u0131s\u0131nda \u0130\u00e7i\u015fleri Bakan\u0131 Dursun O\u011fuz da haz\u0131r bulundu. Komite toplant\u0131s\u0131na davetli olarak, Ba\u015fbakanl\u0131k, \u0130\u00e7i\u015fleri Bakanl\u0131\u011f\u0131, Ekonomi ve Enerji Bakanl\u0131\u011f\u0131 ve Tapu ve Kadastro Dairesi\u2019nden yetkililer kat\u0131larak konu ile ilgili g\u00f6r\u00fc\u015flerini komiteye sundu.<\/p>\n<p>UBP Milletvekili Komite Ba\u015fkan\u0131 Yasemi \u00d6zt\u00fcrk ba\u015fkanl\u0131\u011f\u0131ndaki toplant\u0131ya, CTP Milletvekili Komite Ba\u015fkan Vekili Ongun Talat, Komite \u00dcyesi UBP Milletvekilleri F\u0131rt\u0131na Karanfil, Hasan K\u00fc\u00e7\u00fck ve CTP Milletvekili \u00dcr\u00fcn Solyal\u0131 kat\u0131ld\u0131.<\/p>\n<p>Komite toplant\u0131s\u0131na ayr\u0131ca, UBP Milletvekili Emrah Ye\u015fil\u0131rmak, CTP Milletvekilleri Tufan Erh\u00fcrman, As\u0131m Akansoy, Erkut \u015eahali, Fikri Toros, Do\u011fu\u015f Derya, Filiz Besim, Devrim Bar\u00e7\u0131n, Ceyhun Birinci, Fide K\u00fcr\u015fat, Arma\u011fan Candan ve Ba\u011f\u0131ms\u0131z Milletvekilleri Ay\u015feg\u00fcl Baybars ile Jale Refik Rogers kat\u0131ld\u0131.<\/p>\n<\/p><\/div>\n<p><script async\n                    defer\n                    crossorigin=\"anonymous\"\n                    src=\"https:\/\/connect.facebook.net\/tr_TR\/sdk.js#xfbml=1&#038;version=v3.3\"\n            ><\/script><\/p>\n","protected":false},"excerpt":{"rendered":"<p>Cumhuriyet Meclisi, Hukuk, Siyasi \u0130\u015fler ve D\u0131\u015fili\u015fkiler Komitesi, Ta\u015f\u0131nmaz Mal Edinme ve Uzun Vadeli Kiralama (Yabanc\u0131lar) (De\u011fi\u015fiklik) Yasa Tasar\u0131s\u0131\u201dn\u0131 ele ald\u0131. Komite, genel g\u00f6r\u00fc\u015fmesi yap\u0131lan Yasa Tasar\u0131 ile ilgili \u00e7al\u0131\u015fmalar\u0131na bir sonraki toplant\u0131s\u0131nda devam edecek. Meclis\u2019ten yap\u0131lan a\u00e7\u0131klamaya g\u00f6re, Cumhuriyet Meclisi, Hukuk, Siyasi \u0130\u015fler ve D\u0131\u015fili\u015fkiler Komitesi bug\u00fcn saat 09.30\u2019da UBP Milletvekili Komite Ba\u015fkan\u0131 Yasemi [&hellip;]<\/p>\n","protected":false},"author":1,"featured_media":1067,"comment_status":"open","ping_status":"open","sticky":false,"template":"","format":"standard","meta":{"jnews-multi-image_gallery":[],"jnews_single_post":[],"jnews_primary_category":[],"jnews_social_meta":[],"jnews_override_counter":[],"footnotes":""},"categories":[1],"tags":[],"class_list":["post-1066","post","type-post","status-publish","format-standard","has-post-thumbnail","hentry","category-kibris"],"yoast_head":"<!-- This site is optimized with the Yoast SEO plugin v27.5 - https:\/\/yoast.com\/product\/yoast-seo-wordpress\/ -->\n<title>\u201cTa\u015f\u0131nmaz Mal Edinme ve Uzun Vadeli Kiralama (Yabanc\u0131lar) (De\u011fi\u015fiklik) Yasa Tasar\u0131s\u0131\u201d komitede\u2026 - Kuzeyin Sesi<\/title>\n<meta name=\"robots\" content=\"index, follow, max-snippet:-1, max-image-preview:large, max-video-preview:-1\" \/>\n<link rel=\"canonical\" href=\"https:\/\/kuzeyinsesi.org\/index.php\/2024\/04\/30\/tasinmaz-mal-edinme-ve-uzun-vadeli-kiralama-yabancilar-degisiklik-yasa-tasarisi-komitede\/\" \/>\n<meta property=\"og:locale\" content=\"tr_TR\" \/>\n<meta property=\"og:type\" content=\"article\" \/>\n<meta property=\"og:title\" content=\"\u201cTa\u015f\u0131nmaz Mal Edinme ve Uzun Vadeli Kiralama (Yabanc\u0131lar) (De\u011fi\u015fiklik) Yasa Tasar\u0131s\u0131\u201d komitede\u2026 - Kuzeyin Sesi\" \/>\n<meta property=\"og:description\" content=\"Cumhuriyet Meclisi, Hukuk, Siyasi \u0130\u015fler ve D\u0131\u015fili\u015fkiler Komitesi, Ta\u015f\u0131nmaz Mal Edinme ve Uzun Vadeli Kiralama (Yabanc\u0131lar) (De\u011fi\u015fiklik) Yasa Tasar\u0131s\u0131\u201dn\u0131 ele ald\u0131. Komite, genel g\u00f6r\u00fc\u015fmesi yap\u0131lan Yasa Tasar\u0131 ile ilgili \u00e7al\u0131\u015fmalar\u0131na bir sonraki toplant\u0131s\u0131nda devam edecek. Meclis\u2019ten yap\u0131lan a\u00e7\u0131klamaya g\u00f6re, Cumhuriyet Meclisi, Hukuk, Siyasi \u0130\u015fler ve D\u0131\u015fili\u015fkiler Komitesi bug\u00fcn saat 09.30\u2019da UBP Milletvekili Komite Ba\u015fkan\u0131 Yasemi [&hellip;]\" \/>\n<meta property=\"og:url\" content=\"https:\/\/kuzeyinsesi.org\/index.php\/2024\/04\/30\/tasinmaz-mal-edinme-ve-uzun-vadeli-kiralama-yabancilar-degisiklik-yasa-tasarisi-komitede\/\" \/>\n<meta property=\"og:site_name\" content=\"Kuzeyin Sesi\" \/>\n<meta property=\"article:publisher\" content=\"https:\/\/www.facebook.com\/kuzeyinsesii\" \/>\n<meta property=\"article:published_time\" content=\"2024-04-30T19:14:49+00:00\" \/>\n<meta property=\"og:image\" content=\"https:\/\/kuzeyinsesi.org\/wp-content\/uploads\/2024\/04\/hukuk-komitesi-1-1.jpg\" \/>\n\t<meta property=\"og:image:width\" content=\"1600\" \/>\n\t<meta property=\"og:image:height\" content=\"900\" \/>\n\t<meta property=\"og:image:type\" content=\"image\/jpeg\" \/>\n<meta name=\"author\" content=\"Kuzeyin Sesi\" \/>\n<meta name=\"twitter:card\" content=\"summary_large_image\" \/>\n<meta name=\"twitter:creator\" content=\"@kuzeyinsesii\" \/>\n<meta name=\"twitter:site\" content=\"@kuzeyinsesii\" \/>\n<meta name=\"twitter:label1\" content=\"Yazan:\" \/>\n\t<meta name=\"twitter:data1\" content=\"Kuzeyin Sesi\" \/>\n\t<meta name=\"twitter:label2\" content=\"Tahmini okuma s\u00fcresi\" \/>\n\t<meta name=\"twitter:data2\" content=\"1 dakika\" \/>\n<script type=\"application\/ld+json\" class=\"yoast-schema-graph\">{\"@context\":\"https:\\\/\\\/schema.org\",\"@graph\":[{\"@type\":\"Article\",\"@id\":\"https:\\\/\\\/kuzeyinsesi.org\\\/index.php\\\/2024\\\/04\\\/30\\\/tasinmaz-mal-edinme-ve-uzun-vadeli-kiralama-yabancilar-degisiklik-yasa-tasarisi-komitede\\\/#article\",\"isPartOf\":{\"@id\":\"https:\\\/\\\/kuzeyinsesi.org\\\/index.php\\\/2024\\\/04\\\/30\\\/tasinmaz-mal-edinme-ve-uzun-vadeli-kiralama-yabancilar-degisiklik-yasa-tasarisi-komitede\\\/\"},\"author\":{\"name\":\"Kuzeyin Sesi\",\"@id\":\"https:\\\/\\\/kuzeyinsesi.org\\\/#\\\/schema\\\/person\\\/9f859689cdf01485597712386e37f5aa\"},\"headline\":\"\u201cTa\u015f\u0131nmaz Mal Edinme ve Uzun Vadeli Kiralama (Yabanc\u0131lar) (De\u011fi\u015fiklik) Yasa Tasar\u0131s\u0131\u201d komitede\u2026\",\"datePublished\":\"2024-04-30T19:14:49+00:00\",\"mainEntityOfPage\":{\"@id\":\"https:\\\/\\\/kuzeyinsesi.org\\\/index.php\\\/2024\\\/04\\\/30\\\/tasinmaz-mal-edinme-ve-uzun-vadeli-kiralama-yabancilar-degisiklik-yasa-tasarisi-komitede\\\/\"},\"wordCount\":294,\"commentCount\":0,\"image\":{\"@id\":\"https:\\\/\\\/kuzeyinsesi.org\\\/index.php\\\/2024\\\/04\\\/30\\\/tasinmaz-mal-edinme-ve-uzun-vadeli-kiralama-yabancilar-degisiklik-yasa-tasarisi-komitede\\\/#primaryimage\"},\"thumbnailUrl\":\"https:\\\/\\\/kuzeyinsesi.org\\\/wp-content\\\/uploads\\\/2024\\\/04\\\/hukuk-komitesi-1-1.jpg\",\"articleSection\":[\"K\u0131br\u0131s\"],\"inLanguage\":\"tr\",\"potentialAction\":[{\"@type\":\"CommentAction\",\"name\":\"Comment\",\"target\":[\"https:\\\/\\\/kuzeyinsesi.org\\\/index.php\\\/2024\\\/04\\\/30\\\/tasinmaz-mal-edinme-ve-uzun-vadeli-kiralama-yabancilar-degisiklik-yasa-tasarisi-komitede\\\/#respond\"]}]},{\"@type\":\"WebPage\",\"@id\":\"https:\\\/\\\/kuzeyinsesi.org\\\/index.php\\\/2024\\\/04\\\/30\\\/tasinmaz-mal-edinme-ve-uzun-vadeli-kiralama-yabancilar-degisiklik-yasa-tasarisi-komitede\\\/\",\"url\":\"https:\\\/\\\/kuzeyinsesi.org\\\/index.php\\\/2024\\\/04\\\/30\\\/tasinmaz-mal-edinme-ve-uzun-vadeli-kiralama-yabancilar-degisiklik-yasa-tasarisi-komitede\\\/\",\"name\":\"\u201cTa\u015f\u0131nmaz Mal Edinme ve Uzun Vadeli Kiralama (Yabanc\u0131lar) (De\u011fi\u015fiklik) Yasa Tasar\u0131s\u0131\u201d komitede\u2026 - Kuzeyin Sesi\",\"isPartOf\":{\"@id\":\"https:\\\/\\\/kuzeyinsesi.org\\\/#website\"},\"primaryImageOfPage\":{\"@id\":\"https:\\\/\\\/kuzeyinsesi.org\\\/index.php\\\/2024\\\/04\\\/30\\\/tasinmaz-mal-edinme-ve-uzun-vadeli-kiralama-yabancilar-degisiklik-yasa-tasarisi-komitede\\\/#primaryimage\"},\"image\":{\"@id\":\"https:\\\/\\\/kuzeyinsesi.org\\\/index.php\\\/2024\\\/04\\\/30\\\/tasinmaz-mal-edinme-ve-uzun-vadeli-kiralama-yabancilar-degisiklik-yasa-tasarisi-komitede\\\/#primaryimage\"},\"thumbnailUrl\":\"https:\\\/\\\/kuzeyinsesi.org\\\/wp-content\\\/uploads\\\/2024\\\/04\\\/hukuk-komitesi-1-1.jpg\",\"datePublished\":\"2024-04-30T19:14:49+00:00\",\"author\":{\"@id\":\"https:\\\/\\\/kuzeyinsesi.org\\\/#\\\/schema\\\/person\\\/9f859689cdf01485597712386e37f5aa\"},\"breadcrumb\":{\"@id\":\"https:\\\/\\\/kuzeyinsesi.org\\\/index.php\\\/2024\\\/04\\\/30\\\/tasinmaz-mal-edinme-ve-uzun-vadeli-kiralama-yabancilar-degisiklik-yasa-tasarisi-komitede\\\/#breadcrumb\"},\"inLanguage\":\"tr\",\"potentialAction\":[{\"@type\":\"ReadAction\",\"target\":[\"https:\\\/\\\/kuzeyinsesi.org\\\/index.php\\\/2024\\\/04\\\/30\\\/tasinmaz-mal-edinme-ve-uzun-vadeli-kiralama-yabancilar-degisiklik-yasa-tasarisi-komitede\\\/\"]}]},{\"@type\":\"ImageObject\",\"inLanguage\":\"tr\",\"@id\":\"https:\\\/\\\/kuzeyinsesi.org\\\/index.php\\\/2024\\\/04\\\/30\\\/tasinmaz-mal-edinme-ve-uzun-vadeli-kiralama-yabancilar-degisiklik-yasa-tasarisi-komitede\\\/#primaryimage\",\"url\":\"https:\\\/\\\/kuzeyinsesi.org\\\/wp-content\\\/uploads\\\/2024\\\/04\\\/hukuk-komitesi-1-1.jpg\",\"contentUrl\":\"https:\\\/\\\/kuzeyinsesi.org\\\/wp-content\\\/uploads\\\/2024\\\/04\\\/hukuk-komitesi-1-1.jpg\",\"width\":1600,\"height\":900},{\"@type\":\"BreadcrumbList\",\"@id\":\"https:\\\/\\\/kuzeyinsesi.org\\\/index.php\\\/2024\\\/04\\\/30\\\/tasinmaz-mal-edinme-ve-uzun-vadeli-kiralama-yabancilar-degisiklik-yasa-tasarisi-komitede\\\/#breadcrumb\",\"itemListElement\":[{\"@type\":\"ListItem\",\"position\":1,\"name\":\"Anasayfa\",\"item\":\"https:\\\/\\\/kuzeyinsesi.org\\\/\"},{\"@type\":\"ListItem\",\"position\":2,\"name\":\"\u201cTa\u015f\u0131nmaz Mal Edinme ve Uzun Vadeli Kiralama (Yabanc\u0131lar) (De\u011fi\u015fiklik) Yasa Tasar\u0131s\u0131\u201d komitede\u2026\"}]},{\"@type\":\"WebSite\",\"@id\":\"https:\\\/\\\/kuzeyinsesi.org\\\/#website\",\"url\":\"https:\\\/\\\/kuzeyinsesi.org\\\/\",\"name\":\"Kuzeyin Sesi\",\"description\":\"Do\u011fru Haberin Adresi\",\"potentialAction\":[{\"@type\":\"SearchAction\",\"target\":{\"@type\":\"EntryPoint\",\"urlTemplate\":\"https:\\\/\\\/kuzeyinsesi.org\\\/?s={search_term_string}\"},\"query-input\":{\"@type\":\"PropertyValueSpecification\",\"valueRequired\":true,\"valueName\":\"search_term_string\"}}],\"inLanguage\":\"tr\"},{\"@type\":\"Person\",\"@id\":\"https:\\\/\\\/kuzeyinsesi.org\\\/#\\\/schema\\\/person\\\/9f859689cdf01485597712386e37f5aa\",\"name\":\"Kuzeyin Sesi\",\"image\":{\"@type\":\"ImageObject\",\"inLanguage\":\"tr\",\"@id\":\"https:\\\/\\\/secure.gravatar.com\\\/avatar\\\/bab33852abfd8b282518d6ed81826833d77c3c882d9ab608add591ccace47a44?s=96&d=mm&r=g\",\"url\":\"https:\\\/\\\/secure.gravatar.com\\\/avatar\\\/bab33852abfd8b282518d6ed81826833d77c3c882d9ab608add591ccace47a44?s=96&d=mm&r=g\",\"contentUrl\":\"https:\\\/\\\/secure.gravatar.com\\\/avatar\\\/bab33852abfd8b282518d6ed81826833d77c3c882d9ab608add591ccace47a44?s=96&d=mm&r=g\",\"caption\":\"Kuzeyin Sesi\"},\"sameAs\":[\"https:\\\/\\\/kuzeyinsesi.org\"],\"url\":\"https:\\\/\\\/kuzeyinsesi.org\\\/index.php\\\/author\\\/guven\\\/\"}]}<\/script>\n<!-- \/ Yoast SEO plugin. -->","yoast_head_json":{"title":"\u201cTa\u015f\u0131nmaz Mal Edinme ve Uzun Vadeli Kiralama (Yabanc\u0131lar) (De\u011fi\u015fiklik) Yasa Tasar\u0131s\u0131\u201d komitede\u2026 - Kuzeyin Sesi","robots":{"index":"index","follow":"follow","max-snippet":"max-snippet:-1","max-image-preview":"max-image-preview:large","max-video-preview":"max-video-preview:-1"},"canonical":"https:\/\/kuzeyinsesi.org\/index.php\/2024\/04\/30\/tasinmaz-mal-edinme-ve-uzun-vadeli-kiralama-yabancilar-degisiklik-yasa-tasarisi-komitede\/","og_locale":"tr_TR","og_type":"article","og_title":"\u201cTa\u015f\u0131nmaz Mal Edinme ve Uzun Vadeli Kiralama (Yabanc\u0131lar) (De\u011fi\u015fiklik) Yasa Tasar\u0131s\u0131\u201d komitede\u2026 - Kuzeyin Sesi","og_description":"Cumhuriyet Meclisi, Hukuk, Siyasi \u0130\u015fler ve D\u0131\u015fili\u015fkiler Komitesi, Ta\u015f\u0131nmaz Mal Edinme ve Uzun Vadeli Kiralama (Yabanc\u0131lar) (De\u011fi\u015fiklik) Yasa Tasar\u0131s\u0131\u201dn\u0131 ele ald\u0131. Komite, genel g\u00f6r\u00fc\u015fmesi yap\u0131lan Yasa Tasar\u0131 ile ilgili \u00e7al\u0131\u015fmalar\u0131na bir sonraki toplant\u0131s\u0131nda devam edecek. Meclis\u2019ten yap\u0131lan a\u00e7\u0131klamaya g\u00f6re, Cumhuriyet Meclisi, Hukuk, Siyasi \u0130\u015fler ve D\u0131\u015fili\u015fkiler Komitesi bug\u00fcn saat 09.30\u2019da UBP Milletvekili Komite Ba\u015fkan\u0131 Yasemi [&hellip;]","og_url":"https:\/\/kuzeyinsesi.org\/index.php\/2024\/04\/30\/tasinmaz-mal-edinme-ve-uzun-vadeli-kiralama-yabancilar-degisiklik-yasa-tasarisi-komitede\/","og_site_name":"Kuzeyin Sesi","article_publisher":"https:\/\/www.facebook.com\/kuzeyinsesii","article_published_time":"2024-04-30T19:14:49+00:00","og_image":[{"width":1600,"height":900,"url":"https:\/\/kuzeyinsesi.org\/wp-content\/uploads\/2024\/04\/hukuk-komitesi-1-1.jpg","type":"image\/jpeg"}],"author":"Kuzeyin Sesi","twitter_card":"summary_large_image","twitter_creator":"@kuzeyinsesii","twitter_site":"@kuzeyinsesii","twitter_misc":{"Yazan:":"Kuzeyin Sesi","Tahmini okuma s\u00fcresi":"1 dakika"},"schema":{"@context":"https:\/\/schema.org","@graph":[{"@type":"Article","@id":"https:\/\/kuzeyinsesi.org\/index.php\/2024\/04\/30\/tasinmaz-mal-edinme-ve-uzun-vadeli-kiralama-yabancilar-degisiklik-yasa-tasarisi-komitede\/#article","isPartOf":{"@id":"https:\/\/kuzeyinsesi.org\/index.php\/2024\/04\/30\/tasinmaz-mal-edinme-ve-uzun-vadeli-kiralama-yabancilar-degisiklik-yasa-tasarisi-komitede\/"},"author":{"name":"Kuzeyin Sesi","@id":"https:\/\/kuzeyinsesi.org\/#\/schema\/person\/9f859689cdf01485597712386e37f5aa"},"headline":"\u201cTa\u015f\u0131nmaz Mal Edinme ve Uzun Vadeli Kiralama (Yabanc\u0131lar) (De\u011fi\u015fiklik) Yasa Tasar\u0131s\u0131\u201d komitede\u2026","datePublished":"2024-04-30T19:14:49+00:00","mainEntityOfPage":{"@id":"https:\/\/kuzeyinsesi.org\/index.php\/2024\/04\/30\/tasinmaz-mal-edinme-ve-uzun-vadeli-kiralama-yabancilar-degisiklik-yasa-tasarisi-komitede\/"},"wordCount":294,"commentCount":0,"image":{"@id":"https:\/\/kuzeyinsesi.org\/index.php\/2024\/04\/30\/tasinmaz-mal-edinme-ve-uzun-vadeli-kiralama-yabancilar-degisiklik-yasa-tasarisi-komitede\/#primaryimage"},"thumbnailUrl":"https:\/\/kuzeyinsesi.org\/wp-content\/uploads\/2024\/04\/hukuk-komitesi-1-1.jpg","articleSection":["K\u0131br\u0131s"],"inLanguage":"tr","potentialAction":[{"@type":"CommentAction","name":"Comment","target":["https:\/\/kuzeyinsesi.org\/index.php\/2024\/04\/30\/tasinmaz-mal-edinme-ve-uzun-vadeli-kiralama-yabancilar-degisiklik-yasa-tasarisi-komitede\/#respond"]}]},{"@type":"WebPage","@id":"https:\/\/kuzeyinsesi.org\/index.php\/2024\/04\/30\/tasinmaz-mal-edinme-ve-uzun-vadeli-kiralama-yabancilar-degisiklik-yasa-tasarisi-komitede\/","url":"https:\/\/kuzeyinsesi.org\/index.php\/2024\/04\/30\/tasinmaz-mal-edinme-ve-uzun-vadeli-kiralama-yabancilar-degisiklik-yasa-tasarisi-komitede\/","name":"\u201cTa\u015f\u0131nmaz Mal Edinme ve Uzun Vadeli Kiralama (Yabanc\u0131lar) (De\u011fi\u015fiklik) Yasa Tasar\u0131s\u0131\u201d komitede\u2026 - Kuzeyin Sesi","isPartOf":{"@id":"https:\/\/kuzeyinsesi.org\/#website"},"primaryImageOfPage":{"@id":"https:\/\/kuzeyinsesi.org\/index.php\/2024\/04\/30\/tasinmaz-mal-edinme-ve-uzun-vadeli-kiralama-yabancilar-degisiklik-yasa-tasarisi-komitede\/#primaryimage"},"image":{"@id":"https:\/\/kuzeyinsesi.org\/index.php\/2024\/04\/30\/tasinmaz-mal-edinme-ve-uzun-vadeli-kiralama-yabancilar-degisiklik-yasa-tasarisi-komitede\/#primaryimage"},"thumbnailUrl":"https:\/\/kuzeyinsesi.org\/wp-content\/uploads\/2024\/04\/hukuk-komitesi-1-1.jpg","datePublished":"2024-04-30T19:14:49+00:00","author":{"@id":"https:\/\/kuzeyinsesi.org\/#\/schema\/person\/9f859689cdf01485597712386e37f5aa"},"breadcrumb":{"@id":"https:\/\/kuzeyinsesi.org\/index.php\/2024\/04\/30\/tasinmaz-mal-edinme-ve-uzun-vadeli-kiralama-yabancilar-degisiklik-yasa-tasarisi-komitede\/#breadcrumb"},"inLanguage":"tr","potentialAction":[{"@type":"ReadAction","target":["https:\/\/kuzeyinsesi.org\/index.php\/2024\/04\/30\/tasinmaz-mal-edinme-ve-uzun-vadeli-kiralama-yabancilar-degisiklik-yasa-tasarisi-komitede\/"]}]},{"@type":"ImageObject","inLanguage":"tr","@id":"https:\/\/kuzeyinsesi.org\/index.php\/2024\/04\/30\/tasinmaz-mal-edinme-ve-uzun-vadeli-kiralama-yabancilar-degisiklik-yasa-tasarisi-komitede\/#primaryimage","url":"https:\/\/kuzeyinsesi.org\/wp-content\/uploads\/2024\/04\/hukuk-komitesi-1-1.jpg","contentUrl":"https:\/\/kuzeyinsesi.org\/wp-content\/uploads\/2024\/04\/hukuk-komitesi-1-1.jpg","width":1600,"height":900},{"@type":"BreadcrumbList","@id":"https:\/\/kuzeyinsesi.org\/index.php\/2024\/04\/30\/tasinmaz-mal-edinme-ve-uzun-vadeli-kiralama-yabancilar-degisiklik-yasa-tasarisi-komitede\/#breadcrumb","itemListElement":[{"@type":"ListItem","position":1,"name":"Anasayfa","item":"https:\/\/kuzeyinsesi.org\/"},{"@type":"ListItem","position":2,"name":"\u201cTa\u015f\u0131nmaz Mal Edinme ve Uzun Vadeli Kiralama (Yabanc\u0131lar) (De\u011fi\u015fiklik) Yasa Tasar\u0131s\u0131\u201d komitede\u2026"}]},{"@type":"WebSite","@id":"https:\/\/kuzeyinsesi.org\/#website","url":"https:\/\/kuzeyinsesi.org\/","name":"Kuzeyin Sesi","description":"Do\u011fru Haberin Adresi","potentialAction":[{"@type":"SearchAction","target":{"@type":"EntryPoint","urlTemplate":"https:\/\/kuzeyinsesi.org\/?s={search_term_string}"},"query-input":{"@type":"PropertyValueSpecification","valueRequired":true,"valueName":"search_term_string"}}],"inLanguage":"tr"},{"@type":"Person","@id":"https:\/\/kuzeyinsesi.org\/#\/schema\/person\/9f859689cdf01485597712386e37f5aa","name":"Kuzeyin Sesi","image":{"@type":"ImageObject","inLanguage":"tr","@id":"https:\/\/secure.gravatar.com\/avatar\/bab33852abfd8b282518d6ed81826833d77c3c882d9ab608add591ccace47a44?s=96&d=mm&r=g","url":"https:\/\/secure.gravatar.com\/avatar\/bab33852abfd8b282518d6ed81826833d77c3c882d9ab608add591ccace47a44?s=96&d=mm&r=g","contentUrl":"https:\/\/secure.gravatar.com\/avatar\/bab33852abfd8b282518d6ed81826833d77c3c882d9ab608add591ccace47a44?s=96&d=mm&r=g","caption":"Kuzeyin Sesi"},"sameAs":["https:\/\/kuzeyinsesi.org"],"url":"https:\/\/kuzeyinsesi.org\/index.php\/author\/guven\/"}]}},"_links":{"self":[{"href":"https:\/\/kuzeyinsesi.org\/index.php\/wp-json\/wp\/v2\/posts\/1066","targetHints":{"allow":["GET"]}}],"collection":[{"href":"https:\/\/kuzeyinsesi.org\/index.php\/wp-json\/wp\/v2\/posts"}],"about":[{"href":"https:\/\/kuzeyinsesi.org\/index.php\/wp-json\/wp\/v2\/types\/post"}],"author":[{"embeddable":true,"href":"https:\/\/kuzeyinsesi.org\/index.php\/wp-json\/wp\/v2\/users\/1"}],"replies":[{"embeddable":true,"href":"https:\/\/kuzeyinsesi.org\/index.php\/wp-json\/wp\/v2\/comments?post=1066"}],"version-history":[{"count":0,"href":"https:\/\/kuzeyinsesi.org\/index.php\/wp-json\/wp\/v2\/posts\/1066\/revisions"}],"wp:featuredmedia":[{"embeddable":true,"href":"https:\/\/kuzeyinsesi.org\/index.php\/wp-json\/wp\/v2\/media\/1067"}],"wp:attachment":[{"href":"https:\/\/kuzeyinsesi.org\/index.php\/wp-json\/wp\/v2\/media?parent=1066"}],"wp:term":[{"taxonomy":"category","embeddable":true,"href":"https:\/\/kuzeyinsesi.org\/index.php\/wp-json\/wp\/v2\/categories?post=1066"},{"taxonomy":"post_tag","embeddable":true,"href":"https:\/\/kuzeyinsesi.org\/index.php\/wp-json\/wp\/v2\/tags?post=1066"}],"curies":[{"name":"wp","href":"https:\/\/api.w.org\/{rel}","templated":true}]}}