{"id":10649,"date":"2024-09-29T13:33:34","date_gmt":"2024-09-29T10:33:34","guid":{"rendered":"https:\/\/kuzeyinsesi.org\/index.php\/2024\/09\/29\/iskele-belediyesi-6-kulturlerin-kaynasmasi-etkinligi-6-ekimde\/"},"modified":"2024-09-29T13:33:34","modified_gmt":"2024-09-29T10:33:34","slug":"iskele-belediyesi-6-kulturlerin-kaynasmasi-etkinligi-6-ekimde","status":"publish","type":"post","link":"https:\/\/kuzeyinsesi.org\/index.php\/2024\/09\/29\/iskele-belediyesi-6-kulturlerin-kaynasmasi-etkinligi-6-ekimde\/","title":{"rendered":"\u0130skele Belediyesi 6. K\u00fclt\u00fcrlerin Kayna\u015fmas\u0131 etkinli\u011fi 6 Ekim\u2019de\u2026"},"content":{"rendered":"<div>\n<div class=\"mariselle-image-container center\">\n                                            <\/div>\n<p>\u0130skele Belediyesi\u2019nin, bu y\u0131l 6.\u2019s\u0131n\u0131 d\u00fczenlemeye haz\u0131rland\u0131\u011f\u0131 K\u00fclt\u00fcrlerin Kayna\u015fmas\u0131 etkinli\u011fi, 6 Ekim Pazar g\u00fcn\u00fc saat 10.00\u2019da ba\u015flay\u0131p g\u00fcn boyu devam edecek. <\/p>\n<p>\u0130skele Belediyesi\u2019nden verilen bilgiye g\u00f6re, \u201cBizim sevdam\u0131z sizin de sevdan\u0131z olsun, 6 Ekim\u2019de rotan\u0131z \u0130skele olsun\u201d slogan\u0131yla d\u00fczenlenen etkinlik \u0130skele Kent Merkezi\u2019nde yer alacak. Etkinlik kapsam\u0131nda saat 21.30\u2019da \u015fark\u0131c\u0131 Derya Ulu\u011f sahne alacak.<\/p>\n<p>Konserler, dans g\u00f6sterileri, KKTC ve T\u00fcrkiye\u2019nin yan\u0131 s\u0131ra 3. \u00fclke k\u00fclt\u00fcrlerinin tan\u0131t\u0131m stantlar\u0131 yer alacak etkinlikte yiyecek, i\u00e7ecek ve  el eme\u011fi \u00fcr\u00fcn sat\u0131\u015f\u0131 da yap\u0131lacak.<\/p>\n<p>Ambulans ve sa\u011fl\u0131k ekibi de haz\u0131r bulunacak etkinlikte \u0130skele Belediyesi Sa\u011fl\u0131k Birimi, \u0130skele Polis M\u00fcd\u00fcrl\u00fc\u011f\u00fc, \u0130skele Belediyesi Zab\u0131ta Birimi ve \u0130skele Belediyesi \u00c7evre ve Sa\u011fl\u0131k Denetim B\u00f6l\u00fcm\u00fc elemanlar\u0131 g\u00f6rev yapacak.<\/p>\n<p>-Standlar i\u00e7in kura \u00e7ekimi 3 Ekim Per\u015femde g\u00fcn\u00fc\u2026<\/p>\n<p>Stant kuracaklar i\u00e7in noter huzurunda yap\u0131lacak kura \u00e7ekimi ise 3 Ekim Per\u015fembe g\u00fcn\u00fc. Kura \u00e7ekiminin ard\u0131ndan etkinlik alan\u0131n\u0131 ve stantlar\u0131 g\u00f6steren kroki haz\u0131rlanarak \u0130skele Belediyesi\u2019nin resmi Facebook sayfas\u0131 https:\/\/www.facebook.com\/iskele.belediye \u00fczerinden payla\u015f\u0131lacak.<\/p>\n<p>-\u00c7ocuklar da unutulmad\u0131<\/p>\n<p>\u00c7ocuklar da kendileri i\u00e7in \u00f6zel olarak haz\u0131rlanan oyun soka\u011f\u0131nda vakit ge\u00e7irebilecek. \u0130skele Belediyesi otopark\u0131nda kurulacak Oyun Soka\u011f\u0131, \u0130skele Belediyesi Yuvam Ana Kuca\u011f\u0131 e\u011fitmenleri g\u00f6zetiminde olacak.<\/p>\n<p>12.00-19.00 saatleri aras\u0131nda a\u00e7\u0131k olacak Oyun Soka\u011f\u0131nda y\u00fcz boyama, z\u0131pz\u0131plar ve oyun aktivitelerinin yan\u0131 s\u0131ra saat 17.00-19.30 aras\u0131nda \u00e7ocuk e\u011flence saati olacak.<\/p>\n<p>Yerli sanat\u00e7\u0131lar Grup Deniz Feneri, Halil Sahk\u0131n, Murat \u00c7\u0131\u011f ve Orkestras\u0131, Yahya Erenk\u00f6yl\u00fc ve Orkestras\u0131 da konser verecek.  Derya Ulu\u011f ise saat 21.30\u2019da \u0130skele Ecevit Meydan\u0131\u2019na sahne alacak.<\/p>\n<p>T\u00fcm etkinlik ve konserler  \u00fccretsiz olacak.<\/p>\n<\/p><\/div>\n<p><script async\n                    defer\n                    crossorigin=\"anonymous\"\n                    src=\"https:\/\/connect.facebook.net\/tr_TR\/sdk.js#xfbml=1&#038;version=v3.3\"\n            ><\/script><\/p>\n","protected":false},"excerpt":{"rendered":"<p>\u0130skele Belediyesi\u2019nin, bu y\u0131l 6.\u2019s\u0131n\u0131 d\u00fczenlemeye haz\u0131rland\u0131\u011f\u0131 K\u00fclt\u00fcrlerin Kayna\u015fmas\u0131 etkinli\u011fi, 6 Ekim Pazar g\u00fcn\u00fc saat 10.00\u2019da ba\u015flay\u0131p g\u00fcn boyu devam edecek. \u0130skele Belediyesi\u2019nden verilen bilgiye g\u00f6re, \u201cBizim sevdam\u0131z sizin de sevdan\u0131z olsun, 6 Ekim\u2019de rotan\u0131z \u0130skele olsun\u201d slogan\u0131yla d\u00fczenlenen etkinlik \u0130skele Kent Merkezi\u2019nde yer alacak. Etkinlik kapsam\u0131nda saat 21.30\u2019da \u015fark\u0131c\u0131 Derya Ulu\u011f sahne alacak. Konserler, [&hellip;]<\/p>\n","protected":false},"author":1,"featured_media":10650,"comment_status":"open","ping_status":"open","sticky":false,"template":"","format":"standard","meta":{"jnews-multi-image_gallery":[],"jnews_single_post":[],"jnews_primary_category":[],"jnews_social_meta":[],"jnews_override_counter":[],"footnotes":""},"categories":[6],"tags":[],"class_list":["post-10649","post","type-post","status-publish","format-standard","has-post-thumbnail","hentry","category-yasam"],"yoast_head":"<!-- This site is optimized with the Yoast SEO plugin v27.4 - https:\/\/yoast.com\/product\/yoast-seo-wordpress\/ -->\n<title>\u0130skele Belediyesi 6. K\u00fclt\u00fcrlerin Kayna\u015fmas\u0131 etkinli\u011fi 6 Ekim\u2019de\u2026 - Kuzeyin Sesi<\/title>\n<meta name=\"robots\" content=\"index, follow, max-snippet:-1, max-image-preview:large, max-video-preview:-1\" \/>\n<link rel=\"canonical\" href=\"https:\/\/kuzeyinsesi.org\/index.php\/2024\/09\/29\/iskele-belediyesi-6-kulturlerin-kaynasmasi-etkinligi-6-ekimde\/\" \/>\n<meta property=\"og:locale\" content=\"tr_TR\" \/>\n<meta property=\"og:type\" content=\"article\" \/>\n<meta property=\"og:title\" content=\"\u0130skele Belediyesi 6. K\u00fclt\u00fcrlerin Kayna\u015fmas\u0131 etkinli\u011fi 6 Ekim\u2019de\u2026 - Kuzeyin Sesi\" \/>\n<meta property=\"og:description\" content=\"\u0130skele Belediyesi\u2019nin, bu y\u0131l 6.\u2019s\u0131n\u0131 d\u00fczenlemeye haz\u0131rland\u0131\u011f\u0131 K\u00fclt\u00fcrlerin Kayna\u015fmas\u0131 etkinli\u011fi, 6 Ekim Pazar g\u00fcn\u00fc saat 10.00\u2019da ba\u015flay\u0131p g\u00fcn boyu devam edecek. \u0130skele Belediyesi\u2019nden verilen bilgiye g\u00f6re, \u201cBizim sevdam\u0131z sizin de sevdan\u0131z olsun, 6 Ekim\u2019de rotan\u0131z \u0130skele olsun\u201d slogan\u0131yla d\u00fczenlenen etkinlik \u0130skele Kent Merkezi\u2019nde yer alacak. Etkinlik kapsam\u0131nda saat 21.30\u2019da \u015fark\u0131c\u0131 Derya Ulu\u011f sahne alacak. Konserler, [&hellip;]\" \/>\n<meta property=\"og:url\" content=\"https:\/\/kuzeyinsesi.org\/index.php\/2024\/09\/29\/iskele-belediyesi-6-kulturlerin-kaynasmasi-etkinligi-6-ekimde\/\" \/>\n<meta property=\"og:site_name\" content=\"Kuzeyin Sesi\" \/>\n<meta property=\"article:publisher\" content=\"https:\/\/www.facebook.com\/kuzeyinsesii\" \/>\n<meta property=\"article:published_time\" content=\"2024-09-29T10:33:34+00:00\" \/>\n<meta property=\"og:image\" content=\"https:\/\/brtk.net\/wp-content\/uploads\/2024\/09\/29\/e-iskele-belediyesi-1-.jpg?ver=f27ed01a13604441c82e76ab4c91f2c8\" \/>\n<meta name=\"author\" content=\"Kuzeyin Sesi\" \/>\n<meta name=\"twitter:card\" content=\"summary_large_image\" \/>\n<meta name=\"twitter:creator\" content=\"@kuzeyinsesii\" \/>\n<meta name=\"twitter:site\" content=\"@kuzeyinsesii\" \/>\n<meta name=\"twitter:label1\" content=\"Yazan:\" \/>\n\t<meta name=\"twitter:data1\" content=\"Kuzeyin Sesi\" \/>\n\t<meta name=\"twitter:label2\" content=\"Tahmini okuma s\u00fcresi\" \/>\n\t<meta name=\"twitter:data2\" content=\"2 dakika\" \/>\n<script type=\"application\/ld+json\" class=\"yoast-schema-graph\">{\"@context\":\"https:\\\/\\\/schema.org\",\"@graph\":[{\"@type\":\"Article\",\"@id\":\"https:\\\/\\\/kuzeyinsesi.org\\\/index.php\\\/2024\\\/09\\\/29\\\/iskele-belediyesi-6-kulturlerin-kaynasmasi-etkinligi-6-ekimde\\\/#article\",\"isPartOf\":{\"@id\":\"https:\\\/\\\/kuzeyinsesi.org\\\/index.php\\\/2024\\\/09\\\/29\\\/iskele-belediyesi-6-kulturlerin-kaynasmasi-etkinligi-6-ekimde\\\/\"},\"author\":{\"name\":\"Kuzeyin Sesi\",\"@id\":\"https:\\\/\\\/kuzeyinsesi.org\\\/#\\\/schema\\\/person\\\/9f859689cdf01485597712386e37f5aa\"},\"headline\":\"\u0130skele Belediyesi 6. K\u00fclt\u00fcrlerin Kayna\u015fmas\u0131 etkinli\u011fi 6 Ekim\u2019de\u2026\",\"datePublished\":\"2024-09-29T10:33:34+00:00\",\"mainEntityOfPage\":{\"@id\":\"https:\\\/\\\/kuzeyinsesi.org\\\/index.php\\\/2024\\\/09\\\/29\\\/iskele-belediyesi-6-kulturlerin-kaynasmasi-etkinligi-6-ekimde\\\/\"},\"wordCount\":326,\"commentCount\":0,\"image\":{\"@id\":\"https:\\\/\\\/kuzeyinsesi.org\\\/index.php\\\/2024\\\/09\\\/29\\\/iskele-belediyesi-6-kulturlerin-kaynasmasi-etkinligi-6-ekimde\\\/#primaryimage\"},\"thumbnailUrl\":\"https:\\\/\\\/kuzeyinsesi.org\\\/wp-content\\\/uploads\\\/2024\\\/09\\\/e-iskele-belediyesi-1-.jpg\",\"articleSection\":[\"Ya\u015fam\"],\"inLanguage\":\"tr\",\"potentialAction\":[{\"@type\":\"CommentAction\",\"name\":\"Comment\",\"target\":[\"https:\\\/\\\/kuzeyinsesi.org\\\/index.php\\\/2024\\\/09\\\/29\\\/iskele-belediyesi-6-kulturlerin-kaynasmasi-etkinligi-6-ekimde\\\/#respond\"]}]},{\"@type\":\"WebPage\",\"@id\":\"https:\\\/\\\/kuzeyinsesi.org\\\/index.php\\\/2024\\\/09\\\/29\\\/iskele-belediyesi-6-kulturlerin-kaynasmasi-etkinligi-6-ekimde\\\/\",\"url\":\"https:\\\/\\\/kuzeyinsesi.org\\\/index.php\\\/2024\\\/09\\\/29\\\/iskele-belediyesi-6-kulturlerin-kaynasmasi-etkinligi-6-ekimde\\\/\",\"name\":\"\u0130skele Belediyesi 6. K\u00fclt\u00fcrlerin Kayna\u015fmas\u0131 etkinli\u011fi 6 Ekim\u2019de\u2026 - Kuzeyin Sesi\",\"isPartOf\":{\"@id\":\"https:\\\/\\\/kuzeyinsesi.org\\\/#website\"},\"primaryImageOfPage\":{\"@id\":\"https:\\\/\\\/kuzeyinsesi.org\\\/index.php\\\/2024\\\/09\\\/29\\\/iskele-belediyesi-6-kulturlerin-kaynasmasi-etkinligi-6-ekimde\\\/#primaryimage\"},\"image\":{\"@id\":\"https:\\\/\\\/kuzeyinsesi.org\\\/index.php\\\/2024\\\/09\\\/29\\\/iskele-belediyesi-6-kulturlerin-kaynasmasi-etkinligi-6-ekimde\\\/#primaryimage\"},\"thumbnailUrl\":\"https:\\\/\\\/kuzeyinsesi.org\\\/wp-content\\\/uploads\\\/2024\\\/09\\\/e-iskele-belediyesi-1-.jpg\",\"datePublished\":\"2024-09-29T10:33:34+00:00\",\"author\":{\"@id\":\"https:\\\/\\\/kuzeyinsesi.org\\\/#\\\/schema\\\/person\\\/9f859689cdf01485597712386e37f5aa\"},\"breadcrumb\":{\"@id\":\"https:\\\/\\\/kuzeyinsesi.org\\\/index.php\\\/2024\\\/09\\\/29\\\/iskele-belediyesi-6-kulturlerin-kaynasmasi-etkinligi-6-ekimde\\\/#breadcrumb\"},\"inLanguage\":\"tr\",\"potentialAction\":[{\"@type\":\"ReadAction\",\"target\":[\"https:\\\/\\\/kuzeyinsesi.org\\\/index.php\\\/2024\\\/09\\\/29\\\/iskele-belediyesi-6-kulturlerin-kaynasmasi-etkinligi-6-ekimde\\\/\"]}]},{\"@type\":\"ImageObject\",\"inLanguage\":\"tr\",\"@id\":\"https:\\\/\\\/kuzeyinsesi.org\\\/index.php\\\/2024\\\/09\\\/29\\\/iskele-belediyesi-6-kulturlerin-kaynasmasi-etkinligi-6-ekimde\\\/#primaryimage\",\"url\":\"https:\\\/\\\/kuzeyinsesi.org\\\/wp-content\\\/uploads\\\/2024\\\/09\\\/e-iskele-belediyesi-1-.jpg\",\"contentUrl\":\"https:\\\/\\\/kuzeyinsesi.org\\\/wp-content\\\/uploads\\\/2024\\\/09\\\/e-iskele-belediyesi-1-.jpg\",\"width\":1082,\"height\":1082},{\"@type\":\"BreadcrumbList\",\"@id\":\"https:\\\/\\\/kuzeyinsesi.org\\\/index.php\\\/2024\\\/09\\\/29\\\/iskele-belediyesi-6-kulturlerin-kaynasmasi-etkinligi-6-ekimde\\\/#breadcrumb\",\"itemListElement\":[{\"@type\":\"ListItem\",\"position\":1,\"name\":\"Anasayfa\",\"item\":\"https:\\\/\\\/kuzeyinsesi.org\\\/\"},{\"@type\":\"ListItem\",\"position\":2,\"name\":\"\u0130skele Belediyesi 6. K\u00fclt\u00fcrlerin Kayna\u015fmas\u0131 etkinli\u011fi 6 Ekim\u2019de\u2026\"}]},{\"@type\":\"WebSite\",\"@id\":\"https:\\\/\\\/kuzeyinsesi.org\\\/#website\",\"url\":\"https:\\\/\\\/kuzeyinsesi.org\\\/\",\"name\":\"Kuzeyin Sesi\",\"description\":\"Do\u011fru Haberin Adresi\",\"potentialAction\":[{\"@type\":\"SearchAction\",\"target\":{\"@type\":\"EntryPoint\",\"urlTemplate\":\"https:\\\/\\\/kuzeyinsesi.org\\\/?s={search_term_string}\"},\"query-input\":{\"@type\":\"PropertyValueSpecification\",\"valueRequired\":true,\"valueName\":\"search_term_string\"}}],\"inLanguage\":\"tr\"},{\"@type\":\"Person\",\"@id\":\"https:\\\/\\\/kuzeyinsesi.org\\\/#\\\/schema\\\/person\\\/9f859689cdf01485597712386e37f5aa\",\"name\":\"Kuzeyin Sesi\",\"image\":{\"@type\":\"ImageObject\",\"inLanguage\":\"tr\",\"@id\":\"https:\\\/\\\/secure.gravatar.com\\\/avatar\\\/bab33852abfd8b282518d6ed81826833d77c3c882d9ab608add591ccace47a44?s=96&d=mm&r=g\",\"url\":\"https:\\\/\\\/secure.gravatar.com\\\/avatar\\\/bab33852abfd8b282518d6ed81826833d77c3c882d9ab608add591ccace47a44?s=96&d=mm&r=g\",\"contentUrl\":\"https:\\\/\\\/secure.gravatar.com\\\/avatar\\\/bab33852abfd8b282518d6ed81826833d77c3c882d9ab608add591ccace47a44?s=96&d=mm&r=g\",\"caption\":\"Kuzeyin Sesi\"},\"sameAs\":[\"https:\\\/\\\/kuzeyinsesi.org\"],\"url\":\"https:\\\/\\\/kuzeyinsesi.org\\\/index.php\\\/author\\\/guven\\\/\"}]}<\/script>\n<!-- \/ Yoast SEO plugin. -->","yoast_head_json":{"title":"\u0130skele Belediyesi 6. K\u00fclt\u00fcrlerin Kayna\u015fmas\u0131 etkinli\u011fi 6 Ekim\u2019de\u2026 - Kuzeyin Sesi","robots":{"index":"index","follow":"follow","max-snippet":"max-snippet:-1","max-image-preview":"max-image-preview:large","max-video-preview":"max-video-preview:-1"},"canonical":"https:\/\/kuzeyinsesi.org\/index.php\/2024\/09\/29\/iskele-belediyesi-6-kulturlerin-kaynasmasi-etkinligi-6-ekimde\/","og_locale":"tr_TR","og_type":"article","og_title":"\u0130skele Belediyesi 6. K\u00fclt\u00fcrlerin Kayna\u015fmas\u0131 etkinli\u011fi 6 Ekim\u2019de\u2026 - Kuzeyin Sesi","og_description":"\u0130skele Belediyesi\u2019nin, bu y\u0131l 6.\u2019s\u0131n\u0131 d\u00fczenlemeye haz\u0131rland\u0131\u011f\u0131 K\u00fclt\u00fcrlerin Kayna\u015fmas\u0131 etkinli\u011fi, 6 Ekim Pazar g\u00fcn\u00fc saat 10.00\u2019da ba\u015flay\u0131p g\u00fcn boyu devam edecek. \u0130skele Belediyesi\u2019nden verilen bilgiye g\u00f6re, \u201cBizim sevdam\u0131z sizin de sevdan\u0131z olsun, 6 Ekim\u2019de rotan\u0131z \u0130skele olsun\u201d slogan\u0131yla d\u00fczenlenen etkinlik \u0130skele Kent Merkezi\u2019nde yer alacak. Etkinlik kapsam\u0131nda saat 21.30\u2019da \u015fark\u0131c\u0131 Derya Ulu\u011f sahne alacak. Konserler, [&hellip;]","og_url":"https:\/\/kuzeyinsesi.org\/index.php\/2024\/09\/29\/iskele-belediyesi-6-kulturlerin-kaynasmasi-etkinligi-6-ekimde\/","og_site_name":"Kuzeyin Sesi","article_publisher":"https:\/\/www.facebook.com\/kuzeyinsesii","article_published_time":"2024-09-29T10:33:34+00:00","og_image":[{"url":"https:\/\/brtk.net\/wp-content\/uploads\/2024\/09\/29\/e-iskele-belediyesi-1-.jpg?ver=f27ed01a13604441c82e76ab4c91f2c8","type":"","width":"","height":""}],"author":"Kuzeyin Sesi","twitter_card":"summary_large_image","twitter_creator":"@kuzeyinsesii","twitter_site":"@kuzeyinsesii","twitter_misc":{"Yazan:":"Kuzeyin Sesi","Tahmini okuma s\u00fcresi":"2 dakika"},"schema":{"@context":"https:\/\/schema.org","@graph":[{"@type":"Article","@id":"https:\/\/kuzeyinsesi.org\/index.php\/2024\/09\/29\/iskele-belediyesi-6-kulturlerin-kaynasmasi-etkinligi-6-ekimde\/#article","isPartOf":{"@id":"https:\/\/kuzeyinsesi.org\/index.php\/2024\/09\/29\/iskele-belediyesi-6-kulturlerin-kaynasmasi-etkinligi-6-ekimde\/"},"author":{"name":"Kuzeyin Sesi","@id":"https:\/\/kuzeyinsesi.org\/#\/schema\/person\/9f859689cdf01485597712386e37f5aa"},"headline":"\u0130skele Belediyesi 6. K\u00fclt\u00fcrlerin Kayna\u015fmas\u0131 etkinli\u011fi 6 Ekim\u2019de\u2026","datePublished":"2024-09-29T10:33:34+00:00","mainEntityOfPage":{"@id":"https:\/\/kuzeyinsesi.org\/index.php\/2024\/09\/29\/iskele-belediyesi-6-kulturlerin-kaynasmasi-etkinligi-6-ekimde\/"},"wordCount":326,"commentCount":0,"image":{"@id":"https:\/\/kuzeyinsesi.org\/index.php\/2024\/09\/29\/iskele-belediyesi-6-kulturlerin-kaynasmasi-etkinligi-6-ekimde\/#primaryimage"},"thumbnailUrl":"https:\/\/kuzeyinsesi.org\/wp-content\/uploads\/2024\/09\/e-iskele-belediyesi-1-.jpg","articleSection":["Ya\u015fam"],"inLanguage":"tr","potentialAction":[{"@type":"CommentAction","name":"Comment","target":["https:\/\/kuzeyinsesi.org\/index.php\/2024\/09\/29\/iskele-belediyesi-6-kulturlerin-kaynasmasi-etkinligi-6-ekimde\/#respond"]}]},{"@type":"WebPage","@id":"https:\/\/kuzeyinsesi.org\/index.php\/2024\/09\/29\/iskele-belediyesi-6-kulturlerin-kaynasmasi-etkinligi-6-ekimde\/","url":"https:\/\/kuzeyinsesi.org\/index.php\/2024\/09\/29\/iskele-belediyesi-6-kulturlerin-kaynasmasi-etkinligi-6-ekimde\/","name":"\u0130skele Belediyesi 6. K\u00fclt\u00fcrlerin Kayna\u015fmas\u0131 etkinli\u011fi 6 Ekim\u2019de\u2026 - Kuzeyin Sesi","isPartOf":{"@id":"https:\/\/kuzeyinsesi.org\/#website"},"primaryImageOfPage":{"@id":"https:\/\/kuzeyinsesi.org\/index.php\/2024\/09\/29\/iskele-belediyesi-6-kulturlerin-kaynasmasi-etkinligi-6-ekimde\/#primaryimage"},"image":{"@id":"https:\/\/kuzeyinsesi.org\/index.php\/2024\/09\/29\/iskele-belediyesi-6-kulturlerin-kaynasmasi-etkinligi-6-ekimde\/#primaryimage"},"thumbnailUrl":"https:\/\/kuzeyinsesi.org\/wp-content\/uploads\/2024\/09\/e-iskele-belediyesi-1-.jpg","datePublished":"2024-09-29T10:33:34+00:00","author":{"@id":"https:\/\/kuzeyinsesi.org\/#\/schema\/person\/9f859689cdf01485597712386e37f5aa"},"breadcrumb":{"@id":"https:\/\/kuzeyinsesi.org\/index.php\/2024\/09\/29\/iskele-belediyesi-6-kulturlerin-kaynasmasi-etkinligi-6-ekimde\/#breadcrumb"},"inLanguage":"tr","potentialAction":[{"@type":"ReadAction","target":["https:\/\/kuzeyinsesi.org\/index.php\/2024\/09\/29\/iskele-belediyesi-6-kulturlerin-kaynasmasi-etkinligi-6-ekimde\/"]}]},{"@type":"ImageObject","inLanguage":"tr","@id":"https:\/\/kuzeyinsesi.org\/index.php\/2024\/09\/29\/iskele-belediyesi-6-kulturlerin-kaynasmasi-etkinligi-6-ekimde\/#primaryimage","url":"https:\/\/kuzeyinsesi.org\/wp-content\/uploads\/2024\/09\/e-iskele-belediyesi-1-.jpg","contentUrl":"https:\/\/kuzeyinsesi.org\/wp-content\/uploads\/2024\/09\/e-iskele-belediyesi-1-.jpg","width":1082,"height":1082},{"@type":"BreadcrumbList","@id":"https:\/\/kuzeyinsesi.org\/index.php\/2024\/09\/29\/iskele-belediyesi-6-kulturlerin-kaynasmasi-etkinligi-6-ekimde\/#breadcrumb","itemListElement":[{"@type":"ListItem","position":1,"name":"Anasayfa","item":"https:\/\/kuzeyinsesi.org\/"},{"@type":"ListItem","position":2,"name":"\u0130skele Belediyesi 6. K\u00fclt\u00fcrlerin Kayna\u015fmas\u0131 etkinli\u011fi 6 Ekim\u2019de\u2026"}]},{"@type":"WebSite","@id":"https:\/\/kuzeyinsesi.org\/#website","url":"https:\/\/kuzeyinsesi.org\/","name":"Kuzeyin Sesi","description":"Do\u011fru Haberin Adresi","potentialAction":[{"@type":"SearchAction","target":{"@type":"EntryPoint","urlTemplate":"https:\/\/kuzeyinsesi.org\/?s={search_term_string}"},"query-input":{"@type":"PropertyValueSpecification","valueRequired":true,"valueName":"search_term_string"}}],"inLanguage":"tr"},{"@type":"Person","@id":"https:\/\/kuzeyinsesi.org\/#\/schema\/person\/9f859689cdf01485597712386e37f5aa","name":"Kuzeyin Sesi","image":{"@type":"ImageObject","inLanguage":"tr","@id":"https:\/\/secure.gravatar.com\/avatar\/bab33852abfd8b282518d6ed81826833d77c3c882d9ab608add591ccace47a44?s=96&d=mm&r=g","url":"https:\/\/secure.gravatar.com\/avatar\/bab33852abfd8b282518d6ed81826833d77c3c882d9ab608add591ccace47a44?s=96&d=mm&r=g","contentUrl":"https:\/\/secure.gravatar.com\/avatar\/bab33852abfd8b282518d6ed81826833d77c3c882d9ab608add591ccace47a44?s=96&d=mm&r=g","caption":"Kuzeyin Sesi"},"sameAs":["https:\/\/kuzeyinsesi.org"],"url":"https:\/\/kuzeyinsesi.org\/index.php\/author\/guven\/"}]}},"_links":{"self":[{"href":"https:\/\/kuzeyinsesi.org\/index.php\/wp-json\/wp\/v2\/posts\/10649","targetHints":{"allow":["GET"]}}],"collection":[{"href":"https:\/\/kuzeyinsesi.org\/index.php\/wp-json\/wp\/v2\/posts"}],"about":[{"href":"https:\/\/kuzeyinsesi.org\/index.php\/wp-json\/wp\/v2\/types\/post"}],"author":[{"embeddable":true,"href":"https:\/\/kuzeyinsesi.org\/index.php\/wp-json\/wp\/v2\/users\/1"}],"replies":[{"embeddable":true,"href":"https:\/\/kuzeyinsesi.org\/index.php\/wp-json\/wp\/v2\/comments?post=10649"}],"version-history":[{"count":0,"href":"https:\/\/kuzeyinsesi.org\/index.php\/wp-json\/wp\/v2\/posts\/10649\/revisions"}],"wp:featuredmedia":[{"embeddable":true,"href":"https:\/\/kuzeyinsesi.org\/index.php\/wp-json\/wp\/v2\/media\/10650"}],"wp:attachment":[{"href":"https:\/\/kuzeyinsesi.org\/index.php\/wp-json\/wp\/v2\/media?parent=10649"}],"wp:term":[{"taxonomy":"category","embeddable":true,"href":"https:\/\/kuzeyinsesi.org\/index.php\/wp-json\/wp\/v2\/categories?post=10649"},{"taxonomy":"post_tag","embeddable":true,"href":"https:\/\/kuzeyinsesi.org\/index.php\/wp-json\/wp\/v2\/tags?post=10649"}],"curies":[{"name":"wp","href":"https:\/\/api.w.org\/{rel}","templated":true}]}}