{"id":10641,"date":"2024-09-29T11:31:02","date_gmt":"2024-09-29T08:31:02","guid":{"rendered":"https:\/\/kuzeyinsesi.org\/index.php\/2024\/09\/29\/zafer-muhtaroglu-yaseminin-gozyaslari-kitabini-uc-yerde-tanitiyor\/"},"modified":"2024-09-29T11:31:02","modified_gmt":"2024-09-29T08:31:02","slug":"zafer-muhtaroglu-yaseminin-gozyaslari-kitabini-uc-yerde-tanitiyor","status":"publish","type":"post","link":"https:\/\/kuzeyinsesi.org\/index.php\/2024\/09\/29\/zafer-muhtaroglu-yaseminin-gozyaslari-kitabini-uc-yerde-tanitiyor\/","title":{"rendered":"Zafer Muhtaro\u011flu \u201cYaseminin G\u00f6zya\u015flar\u0131\u201d kitab\u0131n\u0131 \u00fc\u00e7 yerde tan\u0131t\u0131yor"},"content":{"rendered":"<div>\n<div class=\"mariselle-image-container center\">\n                                            <\/div>\n<p>\u015eair-yazar Zafer Muhtaro\u011flu, \u201cYaseminin G\u00f6zya\u015flar\u0131\u201d adl\u0131 yeni kitab\u0131n\u0131, \u00fc\u00e7 yerde d\u00fczenleyece\u011fi etkinliklerle tan\u0131t\u0131yor.<\/p>\n<p>5 Ekim\u2019de Alsancak\u2019ta LA\u00c7 Belediyesi G\u00f6kay Bo\u011fa\u00e7han K\u00fclt\u00fcr Salonu\u2019nda; 12 Ekim\u2019de Lefko\u015fa AKM k\u00fc\u00e7\u00fck salonda, 19 Ekim\u2019de ise Gazima\u011fusa Bandabuliya\u2019da \u015fiir dinletisi, kitap tan\u0131t\u0131m\u0131 ve imza g\u00fcn\u00fc etkinlikleri yap\u0131lacak.<\/p>\n<p>Etkinliklerin t\u00fcm\u00fc saat 19.00\u2019da ba\u015flayacak. <\/p>\n<p>Etkinlik d\u00fczenlemekle yarat\u0131lan \u00fcr\u00fcn\u00fcn daha \u00e7ok insana ula\u015fmas\u0131n\u0131 ama\u00e7lad\u0131klar\u0131n\u0131 ifade eden Zafer Muhtaro\u011flu, sanatseverleri etkinliklerinde g\u00f6rmekten mutlu olaca\u011f\u0131n\u0131 belirtti.<\/p>\n<\/p><\/div>\n<p><script async\n                    defer\n                    crossorigin=\"anonymous\"\n                    src=\"https:\/\/connect.facebook.net\/tr_TR\/sdk.js#xfbml=1&#038;version=v3.3\"\n            ><\/script><\/p>\n","protected":false},"excerpt":{"rendered":"<p>\u015eair-yazar Zafer Muhtaro\u011flu, \u201cYaseminin G\u00f6zya\u015flar\u0131\u201d adl\u0131 yeni kitab\u0131n\u0131, \u00fc\u00e7 yerde d\u00fczenleyece\u011fi etkinliklerle tan\u0131t\u0131yor. 5 Ekim\u2019de Alsancak\u2019ta LA\u00c7 Belediyesi G\u00f6kay Bo\u011fa\u00e7han K\u00fclt\u00fcr Salonu\u2019nda; 12 Ekim\u2019de Lefko\u015fa AKM k\u00fc\u00e7\u00fck salonda, 19 Ekim\u2019de ise Gazima\u011fusa Bandabuliya\u2019da \u015fiir dinletisi, kitap tan\u0131t\u0131m\u0131 ve imza g\u00fcn\u00fc etkinlikleri yap\u0131lacak. Etkinliklerin t\u00fcm\u00fc saat 19.00\u2019da ba\u015flayacak. Etkinlik d\u00fczenlemekle yarat\u0131lan \u00fcr\u00fcn\u00fcn daha \u00e7ok insana ula\u015fmas\u0131n\u0131 [&hellip;]<\/p>\n","protected":false},"author":1,"featured_media":10642,"comment_status":"open","ping_status":"open","sticky":false,"template":"","format":"standard","meta":{"jnews-multi-image_gallery":[],"jnews_single_post":[],"jnews_primary_category":[],"jnews_social_meta":[],"jnews_override_counter":[],"footnotes":""},"categories":[6],"tags":[],"class_list":["post-10641","post","type-post","status-publish","format-standard","has-post-thumbnail","hentry","category-yasam"],"yoast_head":"<!-- This site is optimized with the Yoast SEO plugin v27.4 - https:\/\/yoast.com\/product\/yoast-seo-wordpress\/ -->\n<title>Zafer Muhtaro\u011flu \u201cYaseminin G\u00f6zya\u015flar\u0131\u201d kitab\u0131n\u0131 \u00fc\u00e7 yerde tan\u0131t\u0131yor - Kuzeyin Sesi<\/title>\n<meta name=\"robots\" content=\"index, follow, max-snippet:-1, max-image-preview:large, max-video-preview:-1\" \/>\n<link rel=\"canonical\" href=\"https:\/\/kuzeyinsesi.org\/index.php\/2024\/09\/29\/zafer-muhtaroglu-yaseminin-gozyaslari-kitabini-uc-yerde-tanitiyor\/\" \/>\n<meta property=\"og:locale\" content=\"tr_TR\" \/>\n<meta property=\"og:type\" content=\"article\" \/>\n<meta property=\"og:title\" content=\"Zafer Muhtaro\u011flu \u201cYaseminin G\u00f6zya\u015flar\u0131\u201d kitab\u0131n\u0131 \u00fc\u00e7 yerde tan\u0131t\u0131yor - Kuzeyin Sesi\" \/>\n<meta property=\"og:description\" content=\"\u015eair-yazar Zafer Muhtaro\u011flu, \u201cYaseminin G\u00f6zya\u015flar\u0131\u201d adl\u0131 yeni kitab\u0131n\u0131, \u00fc\u00e7 yerde d\u00fczenleyece\u011fi etkinliklerle tan\u0131t\u0131yor. 5 Ekim\u2019de Alsancak\u2019ta LA\u00c7 Belediyesi G\u00f6kay Bo\u011fa\u00e7han K\u00fclt\u00fcr Salonu\u2019nda; 12 Ekim\u2019de Lefko\u015fa AKM k\u00fc\u00e7\u00fck salonda, 19 Ekim\u2019de ise Gazima\u011fusa Bandabuliya\u2019da \u015fiir dinletisi, kitap tan\u0131t\u0131m\u0131 ve imza g\u00fcn\u00fc etkinlikleri yap\u0131lacak. Etkinliklerin t\u00fcm\u00fc saat 19.00\u2019da ba\u015flayacak. Etkinlik d\u00fczenlemekle yarat\u0131lan \u00fcr\u00fcn\u00fcn daha \u00e7ok insana ula\u015fmas\u0131n\u0131 [&hellip;]\" \/>\n<meta property=\"og:url\" content=\"https:\/\/kuzeyinsesi.org\/index.php\/2024\/09\/29\/zafer-muhtaroglu-yaseminin-gozyaslari-kitabini-uc-yerde-tanitiyor\/\" \/>\n<meta property=\"og:site_name\" content=\"Kuzeyin Sesi\" \/>\n<meta property=\"article:publisher\" content=\"https:\/\/www.facebook.com\/kuzeyinsesii\" \/>\n<meta property=\"article:published_time\" content=\"2024-09-29T08:31:02+00:00\" \/>\n<meta property=\"og:image\" content=\"https:\/\/brtk.net\/wp-content\/uploads\/2024\/09\/29\/zafer-muhtaroglu-tanitim.jpg?ver=5b55187515f18dc1e4548c1cc17d58bb\" \/>\n<meta name=\"author\" content=\"Kuzeyin Sesi\" \/>\n<meta name=\"twitter:card\" content=\"summary_large_image\" \/>\n<meta name=\"twitter:creator\" content=\"@kuzeyinsesii\" \/>\n<meta name=\"twitter:site\" content=\"@kuzeyinsesii\" \/>\n<meta name=\"twitter:label1\" content=\"Yazan:\" \/>\n\t<meta name=\"twitter:data1\" content=\"Kuzeyin Sesi\" \/>\n\t<meta name=\"twitter:label2\" content=\"Tahmini okuma s\u00fcresi\" \/>\n\t<meta name=\"twitter:data2\" content=\"1 dakika\" \/>\n<script type=\"application\/ld+json\" class=\"yoast-schema-graph\">{\"@context\":\"https:\\\/\\\/schema.org\",\"@graph\":[{\"@type\":\"Article\",\"@id\":\"https:\\\/\\\/kuzeyinsesi.org\\\/index.php\\\/2024\\\/09\\\/29\\\/zafer-muhtaroglu-yaseminin-gozyaslari-kitabini-uc-yerde-tanitiyor\\\/#article\",\"isPartOf\":{\"@id\":\"https:\\\/\\\/kuzeyinsesi.org\\\/index.php\\\/2024\\\/09\\\/29\\\/zafer-muhtaroglu-yaseminin-gozyaslari-kitabini-uc-yerde-tanitiyor\\\/\"},\"author\":{\"name\":\"Kuzeyin Sesi\",\"@id\":\"https:\\\/\\\/kuzeyinsesi.org\\\/#\\\/schema\\\/person\\\/9f859689cdf01485597712386e37f5aa\"},\"headline\":\"Zafer Muhtaro\u011flu \u201cYaseminin G\u00f6zya\u015flar\u0131\u201d kitab\u0131n\u0131 \u00fc\u00e7 yerde tan\u0131t\u0131yor\",\"datePublished\":\"2024-09-29T08:31:02+00:00\",\"mainEntityOfPage\":{\"@id\":\"https:\\\/\\\/kuzeyinsesi.org\\\/index.php\\\/2024\\\/09\\\/29\\\/zafer-muhtaroglu-yaseminin-gozyaslari-kitabini-uc-yerde-tanitiyor\\\/\"},\"wordCount\":115,\"commentCount\":0,\"image\":{\"@id\":\"https:\\\/\\\/kuzeyinsesi.org\\\/index.php\\\/2024\\\/09\\\/29\\\/zafer-muhtaroglu-yaseminin-gozyaslari-kitabini-uc-yerde-tanitiyor\\\/#primaryimage\"},\"thumbnailUrl\":\"https:\\\/\\\/kuzeyinsesi.org\\\/wp-content\\\/uploads\\\/2024\\\/09\\\/zafer-muhtaroglu-tanitim.jpg\",\"articleSection\":[\"Ya\u015fam\"],\"inLanguage\":\"tr\",\"potentialAction\":[{\"@type\":\"CommentAction\",\"name\":\"Comment\",\"target\":[\"https:\\\/\\\/kuzeyinsesi.org\\\/index.php\\\/2024\\\/09\\\/29\\\/zafer-muhtaroglu-yaseminin-gozyaslari-kitabini-uc-yerde-tanitiyor\\\/#respond\"]}]},{\"@type\":\"WebPage\",\"@id\":\"https:\\\/\\\/kuzeyinsesi.org\\\/index.php\\\/2024\\\/09\\\/29\\\/zafer-muhtaroglu-yaseminin-gozyaslari-kitabini-uc-yerde-tanitiyor\\\/\",\"url\":\"https:\\\/\\\/kuzeyinsesi.org\\\/index.php\\\/2024\\\/09\\\/29\\\/zafer-muhtaroglu-yaseminin-gozyaslari-kitabini-uc-yerde-tanitiyor\\\/\",\"name\":\"Zafer Muhtaro\u011flu \u201cYaseminin G\u00f6zya\u015flar\u0131\u201d kitab\u0131n\u0131 \u00fc\u00e7 yerde tan\u0131t\u0131yor - Kuzeyin Sesi\",\"isPartOf\":{\"@id\":\"https:\\\/\\\/kuzeyinsesi.org\\\/#website\"},\"primaryImageOfPage\":{\"@id\":\"https:\\\/\\\/kuzeyinsesi.org\\\/index.php\\\/2024\\\/09\\\/29\\\/zafer-muhtaroglu-yaseminin-gozyaslari-kitabini-uc-yerde-tanitiyor\\\/#primaryimage\"},\"image\":{\"@id\":\"https:\\\/\\\/kuzeyinsesi.org\\\/index.php\\\/2024\\\/09\\\/29\\\/zafer-muhtaroglu-yaseminin-gozyaslari-kitabini-uc-yerde-tanitiyor\\\/#primaryimage\"},\"thumbnailUrl\":\"https:\\\/\\\/kuzeyinsesi.org\\\/wp-content\\\/uploads\\\/2024\\\/09\\\/zafer-muhtaroglu-tanitim.jpg\",\"datePublished\":\"2024-09-29T08:31:02+00:00\",\"author\":{\"@id\":\"https:\\\/\\\/kuzeyinsesi.org\\\/#\\\/schema\\\/person\\\/9f859689cdf01485597712386e37f5aa\"},\"breadcrumb\":{\"@id\":\"https:\\\/\\\/kuzeyinsesi.org\\\/index.php\\\/2024\\\/09\\\/29\\\/zafer-muhtaroglu-yaseminin-gozyaslari-kitabini-uc-yerde-tanitiyor\\\/#breadcrumb\"},\"inLanguage\":\"tr\",\"potentialAction\":[{\"@type\":\"ReadAction\",\"target\":[\"https:\\\/\\\/kuzeyinsesi.org\\\/index.php\\\/2024\\\/09\\\/29\\\/zafer-muhtaroglu-yaseminin-gozyaslari-kitabini-uc-yerde-tanitiyor\\\/\"]}]},{\"@type\":\"ImageObject\",\"inLanguage\":\"tr\",\"@id\":\"https:\\\/\\\/kuzeyinsesi.org\\\/index.php\\\/2024\\\/09\\\/29\\\/zafer-muhtaroglu-yaseminin-gozyaslari-kitabini-uc-yerde-tanitiyor\\\/#primaryimage\",\"url\":\"https:\\\/\\\/kuzeyinsesi.org\\\/wp-content\\\/uploads\\\/2024\\\/09\\\/zafer-muhtaroglu-tanitim.jpg\",\"contentUrl\":\"https:\\\/\\\/kuzeyinsesi.org\\\/wp-content\\\/uploads\\\/2024\\\/09\\\/zafer-muhtaroglu-tanitim.jpg\",\"width\":1142,\"height\":1600},{\"@type\":\"BreadcrumbList\",\"@id\":\"https:\\\/\\\/kuzeyinsesi.org\\\/index.php\\\/2024\\\/09\\\/29\\\/zafer-muhtaroglu-yaseminin-gozyaslari-kitabini-uc-yerde-tanitiyor\\\/#breadcrumb\",\"itemListElement\":[{\"@type\":\"ListItem\",\"position\":1,\"name\":\"Anasayfa\",\"item\":\"https:\\\/\\\/kuzeyinsesi.org\\\/\"},{\"@type\":\"ListItem\",\"position\":2,\"name\":\"Zafer Muhtaro\u011flu \u201cYaseminin G\u00f6zya\u015flar\u0131\u201d kitab\u0131n\u0131 \u00fc\u00e7 yerde tan\u0131t\u0131yor\"}]},{\"@type\":\"WebSite\",\"@id\":\"https:\\\/\\\/kuzeyinsesi.org\\\/#website\",\"url\":\"https:\\\/\\\/kuzeyinsesi.org\\\/\",\"name\":\"Kuzeyin Sesi\",\"description\":\"Do\u011fru Haberin Adresi\",\"potentialAction\":[{\"@type\":\"SearchAction\",\"target\":{\"@type\":\"EntryPoint\",\"urlTemplate\":\"https:\\\/\\\/kuzeyinsesi.org\\\/?s={search_term_string}\"},\"query-input\":{\"@type\":\"PropertyValueSpecification\",\"valueRequired\":true,\"valueName\":\"search_term_string\"}}],\"inLanguage\":\"tr\"},{\"@type\":\"Person\",\"@id\":\"https:\\\/\\\/kuzeyinsesi.org\\\/#\\\/schema\\\/person\\\/9f859689cdf01485597712386e37f5aa\",\"name\":\"Kuzeyin Sesi\",\"image\":{\"@type\":\"ImageObject\",\"inLanguage\":\"tr\",\"@id\":\"https:\\\/\\\/secure.gravatar.com\\\/avatar\\\/bab33852abfd8b282518d6ed81826833d77c3c882d9ab608add591ccace47a44?s=96&d=mm&r=g\",\"url\":\"https:\\\/\\\/secure.gravatar.com\\\/avatar\\\/bab33852abfd8b282518d6ed81826833d77c3c882d9ab608add591ccace47a44?s=96&d=mm&r=g\",\"contentUrl\":\"https:\\\/\\\/secure.gravatar.com\\\/avatar\\\/bab33852abfd8b282518d6ed81826833d77c3c882d9ab608add591ccace47a44?s=96&d=mm&r=g\",\"caption\":\"Kuzeyin Sesi\"},\"sameAs\":[\"https:\\\/\\\/kuzeyinsesi.org\"],\"url\":\"https:\\\/\\\/kuzeyinsesi.org\\\/index.php\\\/author\\\/guven\\\/\"}]}<\/script>\n<!-- \/ Yoast SEO plugin. -->","yoast_head_json":{"title":"Zafer Muhtaro\u011flu \u201cYaseminin G\u00f6zya\u015flar\u0131\u201d kitab\u0131n\u0131 \u00fc\u00e7 yerde tan\u0131t\u0131yor - Kuzeyin Sesi","robots":{"index":"index","follow":"follow","max-snippet":"max-snippet:-1","max-image-preview":"max-image-preview:large","max-video-preview":"max-video-preview:-1"},"canonical":"https:\/\/kuzeyinsesi.org\/index.php\/2024\/09\/29\/zafer-muhtaroglu-yaseminin-gozyaslari-kitabini-uc-yerde-tanitiyor\/","og_locale":"tr_TR","og_type":"article","og_title":"Zafer Muhtaro\u011flu \u201cYaseminin G\u00f6zya\u015flar\u0131\u201d kitab\u0131n\u0131 \u00fc\u00e7 yerde tan\u0131t\u0131yor - Kuzeyin Sesi","og_description":"\u015eair-yazar Zafer Muhtaro\u011flu, \u201cYaseminin G\u00f6zya\u015flar\u0131\u201d adl\u0131 yeni kitab\u0131n\u0131, \u00fc\u00e7 yerde d\u00fczenleyece\u011fi etkinliklerle tan\u0131t\u0131yor. 5 Ekim\u2019de Alsancak\u2019ta LA\u00c7 Belediyesi G\u00f6kay Bo\u011fa\u00e7han K\u00fclt\u00fcr Salonu\u2019nda; 12 Ekim\u2019de Lefko\u015fa AKM k\u00fc\u00e7\u00fck salonda, 19 Ekim\u2019de ise Gazima\u011fusa Bandabuliya\u2019da \u015fiir dinletisi, kitap tan\u0131t\u0131m\u0131 ve imza g\u00fcn\u00fc etkinlikleri yap\u0131lacak. Etkinliklerin t\u00fcm\u00fc saat 19.00\u2019da ba\u015flayacak. Etkinlik d\u00fczenlemekle yarat\u0131lan \u00fcr\u00fcn\u00fcn daha \u00e7ok insana ula\u015fmas\u0131n\u0131 [&hellip;]","og_url":"https:\/\/kuzeyinsesi.org\/index.php\/2024\/09\/29\/zafer-muhtaroglu-yaseminin-gozyaslari-kitabini-uc-yerde-tanitiyor\/","og_site_name":"Kuzeyin Sesi","article_publisher":"https:\/\/www.facebook.com\/kuzeyinsesii","article_published_time":"2024-09-29T08:31:02+00:00","og_image":[{"url":"https:\/\/brtk.net\/wp-content\/uploads\/2024\/09\/29\/zafer-muhtaroglu-tanitim.jpg?ver=5b55187515f18dc1e4548c1cc17d58bb","type":"","width":"","height":""}],"author":"Kuzeyin Sesi","twitter_card":"summary_large_image","twitter_creator":"@kuzeyinsesii","twitter_site":"@kuzeyinsesii","twitter_misc":{"Yazan:":"Kuzeyin Sesi","Tahmini okuma s\u00fcresi":"1 dakika"},"schema":{"@context":"https:\/\/schema.org","@graph":[{"@type":"Article","@id":"https:\/\/kuzeyinsesi.org\/index.php\/2024\/09\/29\/zafer-muhtaroglu-yaseminin-gozyaslari-kitabini-uc-yerde-tanitiyor\/#article","isPartOf":{"@id":"https:\/\/kuzeyinsesi.org\/index.php\/2024\/09\/29\/zafer-muhtaroglu-yaseminin-gozyaslari-kitabini-uc-yerde-tanitiyor\/"},"author":{"name":"Kuzeyin Sesi","@id":"https:\/\/kuzeyinsesi.org\/#\/schema\/person\/9f859689cdf01485597712386e37f5aa"},"headline":"Zafer Muhtaro\u011flu \u201cYaseminin G\u00f6zya\u015flar\u0131\u201d kitab\u0131n\u0131 \u00fc\u00e7 yerde tan\u0131t\u0131yor","datePublished":"2024-09-29T08:31:02+00:00","mainEntityOfPage":{"@id":"https:\/\/kuzeyinsesi.org\/index.php\/2024\/09\/29\/zafer-muhtaroglu-yaseminin-gozyaslari-kitabini-uc-yerde-tanitiyor\/"},"wordCount":115,"commentCount":0,"image":{"@id":"https:\/\/kuzeyinsesi.org\/index.php\/2024\/09\/29\/zafer-muhtaroglu-yaseminin-gozyaslari-kitabini-uc-yerde-tanitiyor\/#primaryimage"},"thumbnailUrl":"https:\/\/kuzeyinsesi.org\/wp-content\/uploads\/2024\/09\/zafer-muhtaroglu-tanitim.jpg","articleSection":["Ya\u015fam"],"inLanguage":"tr","potentialAction":[{"@type":"CommentAction","name":"Comment","target":["https:\/\/kuzeyinsesi.org\/index.php\/2024\/09\/29\/zafer-muhtaroglu-yaseminin-gozyaslari-kitabini-uc-yerde-tanitiyor\/#respond"]}]},{"@type":"WebPage","@id":"https:\/\/kuzeyinsesi.org\/index.php\/2024\/09\/29\/zafer-muhtaroglu-yaseminin-gozyaslari-kitabini-uc-yerde-tanitiyor\/","url":"https:\/\/kuzeyinsesi.org\/index.php\/2024\/09\/29\/zafer-muhtaroglu-yaseminin-gozyaslari-kitabini-uc-yerde-tanitiyor\/","name":"Zafer Muhtaro\u011flu \u201cYaseminin G\u00f6zya\u015flar\u0131\u201d kitab\u0131n\u0131 \u00fc\u00e7 yerde tan\u0131t\u0131yor - Kuzeyin Sesi","isPartOf":{"@id":"https:\/\/kuzeyinsesi.org\/#website"},"primaryImageOfPage":{"@id":"https:\/\/kuzeyinsesi.org\/index.php\/2024\/09\/29\/zafer-muhtaroglu-yaseminin-gozyaslari-kitabini-uc-yerde-tanitiyor\/#primaryimage"},"image":{"@id":"https:\/\/kuzeyinsesi.org\/index.php\/2024\/09\/29\/zafer-muhtaroglu-yaseminin-gozyaslari-kitabini-uc-yerde-tanitiyor\/#primaryimage"},"thumbnailUrl":"https:\/\/kuzeyinsesi.org\/wp-content\/uploads\/2024\/09\/zafer-muhtaroglu-tanitim.jpg","datePublished":"2024-09-29T08:31:02+00:00","author":{"@id":"https:\/\/kuzeyinsesi.org\/#\/schema\/person\/9f859689cdf01485597712386e37f5aa"},"breadcrumb":{"@id":"https:\/\/kuzeyinsesi.org\/index.php\/2024\/09\/29\/zafer-muhtaroglu-yaseminin-gozyaslari-kitabini-uc-yerde-tanitiyor\/#breadcrumb"},"inLanguage":"tr","potentialAction":[{"@type":"ReadAction","target":["https:\/\/kuzeyinsesi.org\/index.php\/2024\/09\/29\/zafer-muhtaroglu-yaseminin-gozyaslari-kitabini-uc-yerde-tanitiyor\/"]}]},{"@type":"ImageObject","inLanguage":"tr","@id":"https:\/\/kuzeyinsesi.org\/index.php\/2024\/09\/29\/zafer-muhtaroglu-yaseminin-gozyaslari-kitabini-uc-yerde-tanitiyor\/#primaryimage","url":"https:\/\/kuzeyinsesi.org\/wp-content\/uploads\/2024\/09\/zafer-muhtaroglu-tanitim.jpg","contentUrl":"https:\/\/kuzeyinsesi.org\/wp-content\/uploads\/2024\/09\/zafer-muhtaroglu-tanitim.jpg","width":1142,"height":1600},{"@type":"BreadcrumbList","@id":"https:\/\/kuzeyinsesi.org\/index.php\/2024\/09\/29\/zafer-muhtaroglu-yaseminin-gozyaslari-kitabini-uc-yerde-tanitiyor\/#breadcrumb","itemListElement":[{"@type":"ListItem","position":1,"name":"Anasayfa","item":"https:\/\/kuzeyinsesi.org\/"},{"@type":"ListItem","position":2,"name":"Zafer Muhtaro\u011flu \u201cYaseminin G\u00f6zya\u015flar\u0131\u201d kitab\u0131n\u0131 \u00fc\u00e7 yerde tan\u0131t\u0131yor"}]},{"@type":"WebSite","@id":"https:\/\/kuzeyinsesi.org\/#website","url":"https:\/\/kuzeyinsesi.org\/","name":"Kuzeyin Sesi","description":"Do\u011fru Haberin Adresi","potentialAction":[{"@type":"SearchAction","target":{"@type":"EntryPoint","urlTemplate":"https:\/\/kuzeyinsesi.org\/?s={search_term_string}"},"query-input":{"@type":"PropertyValueSpecification","valueRequired":true,"valueName":"search_term_string"}}],"inLanguage":"tr"},{"@type":"Person","@id":"https:\/\/kuzeyinsesi.org\/#\/schema\/person\/9f859689cdf01485597712386e37f5aa","name":"Kuzeyin Sesi","image":{"@type":"ImageObject","inLanguage":"tr","@id":"https:\/\/secure.gravatar.com\/avatar\/bab33852abfd8b282518d6ed81826833d77c3c882d9ab608add591ccace47a44?s=96&d=mm&r=g","url":"https:\/\/secure.gravatar.com\/avatar\/bab33852abfd8b282518d6ed81826833d77c3c882d9ab608add591ccace47a44?s=96&d=mm&r=g","contentUrl":"https:\/\/secure.gravatar.com\/avatar\/bab33852abfd8b282518d6ed81826833d77c3c882d9ab608add591ccace47a44?s=96&d=mm&r=g","caption":"Kuzeyin Sesi"},"sameAs":["https:\/\/kuzeyinsesi.org"],"url":"https:\/\/kuzeyinsesi.org\/index.php\/author\/guven\/"}]}},"_links":{"self":[{"href":"https:\/\/kuzeyinsesi.org\/index.php\/wp-json\/wp\/v2\/posts\/10641","targetHints":{"allow":["GET"]}}],"collection":[{"href":"https:\/\/kuzeyinsesi.org\/index.php\/wp-json\/wp\/v2\/posts"}],"about":[{"href":"https:\/\/kuzeyinsesi.org\/index.php\/wp-json\/wp\/v2\/types\/post"}],"author":[{"embeddable":true,"href":"https:\/\/kuzeyinsesi.org\/index.php\/wp-json\/wp\/v2\/users\/1"}],"replies":[{"embeddable":true,"href":"https:\/\/kuzeyinsesi.org\/index.php\/wp-json\/wp\/v2\/comments?post=10641"}],"version-history":[{"count":0,"href":"https:\/\/kuzeyinsesi.org\/index.php\/wp-json\/wp\/v2\/posts\/10641\/revisions"}],"wp:featuredmedia":[{"embeddable":true,"href":"https:\/\/kuzeyinsesi.org\/index.php\/wp-json\/wp\/v2\/media\/10642"}],"wp:attachment":[{"href":"https:\/\/kuzeyinsesi.org\/index.php\/wp-json\/wp\/v2\/media?parent=10641"}],"wp:term":[{"taxonomy":"category","embeddable":true,"href":"https:\/\/kuzeyinsesi.org\/index.php\/wp-json\/wp\/v2\/categories?post=10641"},{"taxonomy":"post_tag","embeddable":true,"href":"https:\/\/kuzeyinsesi.org\/index.php\/wp-json\/wp\/v2\/tags?post=10641"}],"curies":[{"name":"wp","href":"https:\/\/api.w.org\/{rel}","templated":true}]}}