{"id":1064,"date":"2024-04-30T22:08:01","date_gmt":"2024-04-30T19:08:01","guid":{"rendered":"https:\/\/kuzeyinsesi.com\/index.php\/2024\/04\/30\/cumhurbaskani-tatar-1-mayis-dolayisiyla-mesaj-yayimladi-bizler-isci-ve-emekcinin-katkisinin-bir-devlet-bir-ulke-icin-en-basta-gelen-unsur-oldugunun-bilincindeyiz\/"},"modified":"2024-04-30T22:08:01","modified_gmt":"2024-04-30T19:08:01","slug":"cumhurbaskani-tatar-1-mayis-dolayisiyla-mesaj-yayimladi-bizler-isci-ve-emekcinin-katkisinin-bir-devlet-bir-ulke-icin-en-basta-gelen-unsur-oldugunun-bilincindeyiz","status":"publish","type":"post","link":"https:\/\/kuzeyinsesi.org\/index.php\/2024\/04\/30\/cumhurbaskani-tatar-1-mayis-dolayisiyla-mesaj-yayimladi-bizler-isci-ve-emekcinin-katkisinin-bir-devlet-bir-ulke-icin-en-basta-gelen-unsur-oldugunun-bilincindeyiz\/","title":{"rendered":"Cumhurba\u015fkan\u0131 Tatar, 1 May\u0131s dolay\u0131s\u0131yla mesaj yay\u0131mlad\u0131: \u201cBizler, i\u015f\u00e7i ve emek\u00e7inin katk\u0131s\u0131n\u0131n bir Devlet, bir \u00fclke i\u00e7in en ba\u015fta gelen unsur oldu\u011funun bilincindeyiz.\u201d"},"content":{"rendered":"<div>\n<div class=\"mariselle-image-container center\">\n                                            <\/div>\n<p>Cumhurba\u015fkan\u0131 Ersin Tatar, Amerika Birle\u015fik Devletleri\u2019nin Chicago Eyaleti\u2019nde i\u015f\u00e7ilerin 8 saatlik i\u015f g\u00fcn\u00fc taleplerini desteklemek amac\u0131yla 3-4 May\u0131s 1886 tarihinde ger\u00e7ekle\u015fen ve Haymarket Meydan\u0131nda d\u00fczenlenen miting s\u0131ras\u0131nda \u00e7\u0131kan \u00e7at\u0131\u015fmalar sonucunda 7 polis ve 4 i\u015f\u00e7inin \u00f6l\u00fcm\u00fcyle sonu\u00e7lanan Haymarket Meydan\u0131 Olaylar\u0131 vesilesi ile ilk ad\u0131mlar\u0131 at\u0131lan ve 1889\u2019da Paris\u2019te d\u00fczenlenen \u0130kinci Enternasyonal Kongresi\u2019nde, Uluslararas\u0131 \u0130\u015f\u00e7i Bayram\u0131 olarak kabul edilen ve \u00fclkemizde de resmi tatil olarak kutlanan 1 May\u0131s Emek ve Dayan\u0131\u015fma Bayram\u0131 dolay\u0131s\u0131yla mesaj yay\u0131mlad\u0131. <\/p>\n<p>Cumhurba\u015fkan\u0131 Ersin Tatar, i\u015f\u00e7i ve emek\u00e7inin bir devlet ve bir \u00fclke i\u00e7in en ba\u015fta gelen unsur oldu\u011funu vurgulad\u0131\u011f\u0131 mesaj\u0131nda \u015fu ifadelere yer verdi;<\/p>\n<p>\u201c1 May\u0131s Emek ve Dayan\u0131\u015fma Bayram\u0131\u2019n\u0131 bar\u0131\u015f ve huzur i\u00e7erisinde kutlaman\u0131n gurur ve mutlulu\u011funu ya\u015f\u0131yoruz. Bu anlaml\u0131 g\u00fcn, eme\u011fin ve emek\u00e7inin de\u011ferini bir kez daha hat\u0131rlatmakta, dayan\u0131\u015fma ve birlik ruhumuzu peki\u015ftirmektedir.<br \/>Bizler, i\u015f\u00e7i ve emek\u00e7inin katk\u0131s\u0131n\u0131n bir Devlet, bir \u00fclke i\u00e7in en ba\u015fta gelen unsur oldu\u011funun bilincindeyiz. Dolay\u0131s\u0131yla bu kesimin, \u00e7al\u0131\u015fma ko\u015fullar\u0131n\u0131, ya\u015fam seviyesini ileri ta\u015f\u0131mak, haklar\u0131n\u0131 koruyup geli\u015ftirmek suretiyle \u00fcretimi en \u00fcst seviyeye \u00e7\u0131karmay\u0131 \u00f6dev say\u0131yoruz. K\u0131br\u0131s T\u00fcrk\u00fc bug\u00fcnlere emek\u00e7isi, i\u015f d\u00fcnyas\u0131, \u00f6\u011fretmeni, memurunun verdi\u011fi yo\u011fun m\u00fccadele ile gelmi\u015ftir. Yine \u00f6yle olacakt\u0131r. Zorluklar\u0131 birlikte a\u015facak, \u00fclkemizi daha g\u00fczel, daha parlak yar\u0131nlara ta\u015f\u0131yaca\u011f\u0131z.<br \/>\u00dclkemizin kalk\u0131nmas\u0131 ve ilerlemesi i\u00e7in fedakarca \u00e7al\u0131\u015fan, \u00fcreten ve emek veren t\u00fcm vatanda\u015flar\u0131m\u0131z\u0131n 1 May\u0131s Emek ve Dayan\u0131\u015fma Bayram\u0131\u2019n\u0131 en i\u00e7ten duygular\u0131mla kutluyorum. Sizler, \u00fclkemizin gelece\u011fini in\u015fa eden en de\u011ferli unsurlars\u0131n\u0131z.<br \/>Bu vesileyle, \u015fehit emek\u00e7ilerimizi bir kez daha rahmet ve minnetle an\u0131yor, t\u00fcm halk\u0131m\u0131za sa\u011fl\u0131k, mutluluk ve huzur dolu bir gelecek diliyorum.\u201d<\/p>\n<\/p><\/div>\n<p><script async\n                    defer\n                    crossorigin=\"anonymous\"\n                    src=\"https:\/\/connect.facebook.net\/tr_TR\/sdk.js#xfbml=1&#038;version=v3.3\"\n            ><\/script><\/p>\n","protected":false},"excerpt":{"rendered":"<p>Cumhurba\u015fkan\u0131 Ersin Tatar, Amerika Birle\u015fik Devletleri\u2019nin Chicago Eyaleti\u2019nde i\u015f\u00e7ilerin 8 saatlik i\u015f g\u00fcn\u00fc taleplerini desteklemek amac\u0131yla 3-4 May\u0131s 1886 tarihinde ger\u00e7ekle\u015fen ve Haymarket Meydan\u0131nda d\u00fczenlenen miting s\u0131ras\u0131nda \u00e7\u0131kan \u00e7at\u0131\u015fmalar sonucunda 7 polis ve 4 i\u015f\u00e7inin \u00f6l\u00fcm\u00fcyle sonu\u00e7lanan Haymarket Meydan\u0131 Olaylar\u0131 vesilesi ile ilk ad\u0131mlar\u0131 at\u0131lan ve 1889\u2019da Paris\u2019te d\u00fczenlenen \u0130kinci Enternasyonal Kongresi\u2019nde, Uluslararas\u0131 \u0130\u015f\u00e7i Bayram\u0131 [&hellip;]<\/p>\n","protected":false},"author":1,"featured_media":1065,"comment_status":"open","ping_status":"open","sticky":false,"template":"","format":"standard","meta":{"jnews-multi-image_gallery":[],"jnews_single_post":[],"jnews_primary_category":[],"jnews_social_meta":[],"jnews_override_counter":[],"footnotes":""},"categories":[1],"tags":[],"class_list":["post-1064","post","type-post","status-publish","format-standard","has-post-thumbnail","hentry","category-kibris"],"yoast_head":"<!-- This site is optimized with the Yoast SEO plugin v27.5 - https:\/\/yoast.com\/product\/yoast-seo-wordpress\/ -->\n<title>Cumhurba\u015fkan\u0131 Tatar, 1 May\u0131s dolay\u0131s\u0131yla mesaj yay\u0131mlad\u0131: \u201cBizler, i\u015f\u00e7i ve emek\u00e7inin katk\u0131s\u0131n\u0131n bir Devlet, bir \u00fclke i\u00e7in en ba\u015fta gelen unsur oldu\u011funun bilincindeyiz.\u201d - Kuzeyin Sesi<\/title>\n<meta name=\"robots\" content=\"index, follow, max-snippet:-1, max-image-preview:large, max-video-preview:-1\" \/>\n<link rel=\"canonical\" href=\"https:\/\/kuzeyinsesi.org\/index.php\/2024\/04\/30\/cumhurbaskani-tatar-1-mayis-dolayisiyla-mesaj-yayimladi-bizler-isci-ve-emekcinin-katkisinin-bir-devlet-bir-ulke-icin-en-basta-gelen-unsur-oldugunun-bilincindeyiz\/\" \/>\n<meta property=\"og:locale\" content=\"tr_TR\" \/>\n<meta property=\"og:type\" content=\"article\" \/>\n<meta property=\"og:title\" content=\"Cumhurba\u015fkan\u0131 Tatar, 1 May\u0131s dolay\u0131s\u0131yla mesaj yay\u0131mlad\u0131: \u201cBizler, i\u015f\u00e7i ve emek\u00e7inin katk\u0131s\u0131n\u0131n bir Devlet, bir \u00fclke i\u00e7in en ba\u015fta gelen unsur oldu\u011funun bilincindeyiz.\u201d - Kuzeyin Sesi\" \/>\n<meta property=\"og:description\" content=\"Cumhurba\u015fkan\u0131 Ersin Tatar, Amerika Birle\u015fik Devletleri\u2019nin Chicago Eyaleti\u2019nde i\u015f\u00e7ilerin 8 saatlik i\u015f g\u00fcn\u00fc taleplerini desteklemek amac\u0131yla 3-4 May\u0131s 1886 tarihinde ger\u00e7ekle\u015fen ve Haymarket Meydan\u0131nda d\u00fczenlenen miting s\u0131ras\u0131nda \u00e7\u0131kan \u00e7at\u0131\u015fmalar sonucunda 7 polis ve 4 i\u015f\u00e7inin \u00f6l\u00fcm\u00fcyle sonu\u00e7lanan Haymarket Meydan\u0131 Olaylar\u0131 vesilesi ile ilk ad\u0131mlar\u0131 at\u0131lan ve 1889\u2019da Paris\u2019te d\u00fczenlenen \u0130kinci Enternasyonal Kongresi\u2019nde, Uluslararas\u0131 \u0130\u015f\u00e7i Bayram\u0131 [&hellip;]\" \/>\n<meta property=\"og:url\" content=\"https:\/\/kuzeyinsesi.org\/index.php\/2024\/04\/30\/cumhurbaskani-tatar-1-mayis-dolayisiyla-mesaj-yayimladi-bizler-isci-ve-emekcinin-katkisinin-bir-devlet-bir-ulke-icin-en-basta-gelen-unsur-oldugunun-bilincindeyiz\/\" \/>\n<meta property=\"og:site_name\" content=\"Kuzeyin Sesi\" \/>\n<meta property=\"article:publisher\" content=\"https:\/\/www.facebook.com\/kuzeyinsesii\" \/>\n<meta property=\"article:published_time\" content=\"2024-04-30T19:08:01+00:00\" \/>\n<meta property=\"og:image\" content=\"https:\/\/kuzeyinsesi.org\/wp-content\/uploads\/2024\/04\/ersin-tatar-YAZI-YAZARKEN-1536x900-1.jpeg\" \/>\n\t<meta property=\"og:image:width\" content=\"1536\" \/>\n\t<meta property=\"og:image:height\" content=\"900\" \/>\n\t<meta property=\"og:image:type\" content=\"image\/jpeg\" \/>\n<meta name=\"author\" content=\"Kuzeyin Sesi\" \/>\n<meta name=\"twitter:card\" content=\"summary_large_image\" \/>\n<meta name=\"twitter:creator\" content=\"@kuzeyinsesii\" \/>\n<meta name=\"twitter:site\" content=\"@kuzeyinsesii\" \/>\n<meta name=\"twitter:label1\" content=\"Yazan:\" \/>\n\t<meta name=\"twitter:data1\" content=\"Kuzeyin Sesi\" \/>\n\t<meta name=\"twitter:label2\" content=\"Tahmini okuma s\u00fcresi\" \/>\n\t<meta name=\"twitter:data2\" content=\"2 dakika\" \/>\n<script type=\"application\/ld+json\" class=\"yoast-schema-graph\">{\"@context\":\"https:\\\/\\\/schema.org\",\"@graph\":[{\"@type\":\"Article\",\"@id\":\"https:\\\/\\\/kuzeyinsesi.org\\\/index.php\\\/2024\\\/04\\\/30\\\/cumhurbaskani-tatar-1-mayis-dolayisiyla-mesaj-yayimladi-bizler-isci-ve-emekcinin-katkisinin-bir-devlet-bir-ulke-icin-en-basta-gelen-unsur-oldugunun-bilincindeyiz\\\/#article\",\"isPartOf\":{\"@id\":\"https:\\\/\\\/kuzeyinsesi.org\\\/index.php\\\/2024\\\/04\\\/30\\\/cumhurbaskani-tatar-1-mayis-dolayisiyla-mesaj-yayimladi-bizler-isci-ve-emekcinin-katkisinin-bir-devlet-bir-ulke-icin-en-basta-gelen-unsur-oldugunun-bilincindeyiz\\\/\"},\"author\":{\"name\":\"Kuzeyin Sesi\",\"@id\":\"https:\\\/\\\/kuzeyinsesi.org\\\/#\\\/schema\\\/person\\\/9f859689cdf01485597712386e37f5aa\"},\"headline\":\"Cumhurba\u015fkan\u0131 Tatar, 1 May\u0131s dolay\u0131s\u0131yla mesaj yay\u0131mlad\u0131: \u201cBizler, i\u015f\u00e7i ve emek\u00e7inin katk\u0131s\u0131n\u0131n bir Devlet, bir \u00fclke i\u00e7in en ba\u015fta gelen unsur oldu\u011funun bilincindeyiz.\u201d\",\"datePublished\":\"2024-04-30T19:08:01+00:00\",\"mainEntityOfPage\":{\"@id\":\"https:\\\/\\\/kuzeyinsesi.org\\\/index.php\\\/2024\\\/04\\\/30\\\/cumhurbaskani-tatar-1-mayis-dolayisiyla-mesaj-yayimladi-bizler-isci-ve-emekcinin-katkisinin-bir-devlet-bir-ulke-icin-en-basta-gelen-unsur-oldugunun-bilincindeyiz\\\/\"},\"wordCount\":379,\"commentCount\":0,\"image\":{\"@id\":\"https:\\\/\\\/kuzeyinsesi.org\\\/index.php\\\/2024\\\/04\\\/30\\\/cumhurbaskani-tatar-1-mayis-dolayisiyla-mesaj-yayimladi-bizler-isci-ve-emekcinin-katkisinin-bir-devlet-bir-ulke-icin-en-basta-gelen-unsur-oldugunun-bilincindeyiz\\\/#primaryimage\"},\"thumbnailUrl\":\"https:\\\/\\\/kuzeyinsesi.org\\\/wp-content\\\/uploads\\\/2024\\\/04\\\/ersin-tatar-YAZI-YAZARKEN-1536x900-1.jpeg\",\"articleSection\":[\"K\u0131br\u0131s\"],\"inLanguage\":\"tr\",\"potentialAction\":[{\"@type\":\"CommentAction\",\"name\":\"Comment\",\"target\":[\"https:\\\/\\\/kuzeyinsesi.org\\\/index.php\\\/2024\\\/04\\\/30\\\/cumhurbaskani-tatar-1-mayis-dolayisiyla-mesaj-yayimladi-bizler-isci-ve-emekcinin-katkisinin-bir-devlet-bir-ulke-icin-en-basta-gelen-unsur-oldugunun-bilincindeyiz\\\/#respond\"]}]},{\"@type\":\"WebPage\",\"@id\":\"https:\\\/\\\/kuzeyinsesi.org\\\/index.php\\\/2024\\\/04\\\/30\\\/cumhurbaskani-tatar-1-mayis-dolayisiyla-mesaj-yayimladi-bizler-isci-ve-emekcinin-katkisinin-bir-devlet-bir-ulke-icin-en-basta-gelen-unsur-oldugunun-bilincindeyiz\\\/\",\"url\":\"https:\\\/\\\/kuzeyinsesi.org\\\/index.php\\\/2024\\\/04\\\/30\\\/cumhurbaskani-tatar-1-mayis-dolayisiyla-mesaj-yayimladi-bizler-isci-ve-emekcinin-katkisinin-bir-devlet-bir-ulke-icin-en-basta-gelen-unsur-oldugunun-bilincindeyiz\\\/\",\"name\":\"Cumhurba\u015fkan\u0131 Tatar, 1 May\u0131s dolay\u0131s\u0131yla mesaj yay\u0131mlad\u0131: \u201cBizler, i\u015f\u00e7i ve emek\u00e7inin katk\u0131s\u0131n\u0131n bir Devlet, bir \u00fclke i\u00e7in en ba\u015fta gelen unsur oldu\u011funun bilincindeyiz.\u201d - Kuzeyin Sesi\",\"isPartOf\":{\"@id\":\"https:\\\/\\\/kuzeyinsesi.org\\\/#website\"},\"primaryImageOfPage\":{\"@id\":\"https:\\\/\\\/kuzeyinsesi.org\\\/index.php\\\/2024\\\/04\\\/30\\\/cumhurbaskani-tatar-1-mayis-dolayisiyla-mesaj-yayimladi-bizler-isci-ve-emekcinin-katkisinin-bir-devlet-bir-ulke-icin-en-basta-gelen-unsur-oldugunun-bilincindeyiz\\\/#primaryimage\"},\"image\":{\"@id\":\"https:\\\/\\\/kuzeyinsesi.org\\\/index.php\\\/2024\\\/04\\\/30\\\/cumhurbaskani-tatar-1-mayis-dolayisiyla-mesaj-yayimladi-bizler-isci-ve-emekcinin-katkisinin-bir-devlet-bir-ulke-icin-en-basta-gelen-unsur-oldugunun-bilincindeyiz\\\/#primaryimage\"},\"thumbnailUrl\":\"https:\\\/\\\/kuzeyinsesi.org\\\/wp-content\\\/uploads\\\/2024\\\/04\\\/ersin-tatar-YAZI-YAZARKEN-1536x900-1.jpeg\",\"datePublished\":\"2024-04-30T19:08:01+00:00\",\"author\":{\"@id\":\"https:\\\/\\\/kuzeyinsesi.org\\\/#\\\/schema\\\/person\\\/9f859689cdf01485597712386e37f5aa\"},\"breadcrumb\":{\"@id\":\"https:\\\/\\\/kuzeyinsesi.org\\\/index.php\\\/2024\\\/04\\\/30\\\/cumhurbaskani-tatar-1-mayis-dolayisiyla-mesaj-yayimladi-bizler-isci-ve-emekcinin-katkisinin-bir-devlet-bir-ulke-icin-en-basta-gelen-unsur-oldugunun-bilincindeyiz\\\/#breadcrumb\"},\"inLanguage\":\"tr\",\"potentialAction\":[{\"@type\":\"ReadAction\",\"target\":[\"https:\\\/\\\/kuzeyinsesi.org\\\/index.php\\\/2024\\\/04\\\/30\\\/cumhurbaskani-tatar-1-mayis-dolayisiyla-mesaj-yayimladi-bizler-isci-ve-emekcinin-katkisinin-bir-devlet-bir-ulke-icin-en-basta-gelen-unsur-oldugunun-bilincindeyiz\\\/\"]}]},{\"@type\":\"ImageObject\",\"inLanguage\":\"tr\",\"@id\":\"https:\\\/\\\/kuzeyinsesi.org\\\/index.php\\\/2024\\\/04\\\/30\\\/cumhurbaskani-tatar-1-mayis-dolayisiyla-mesaj-yayimladi-bizler-isci-ve-emekcinin-katkisinin-bir-devlet-bir-ulke-icin-en-basta-gelen-unsur-oldugunun-bilincindeyiz\\\/#primaryimage\",\"url\":\"https:\\\/\\\/kuzeyinsesi.org\\\/wp-content\\\/uploads\\\/2024\\\/04\\\/ersin-tatar-YAZI-YAZARKEN-1536x900-1.jpeg\",\"contentUrl\":\"https:\\\/\\\/kuzeyinsesi.org\\\/wp-content\\\/uploads\\\/2024\\\/04\\\/ersin-tatar-YAZI-YAZARKEN-1536x900-1.jpeg\",\"width\":1536,\"height\":900},{\"@type\":\"BreadcrumbList\",\"@id\":\"https:\\\/\\\/kuzeyinsesi.org\\\/index.php\\\/2024\\\/04\\\/30\\\/cumhurbaskani-tatar-1-mayis-dolayisiyla-mesaj-yayimladi-bizler-isci-ve-emekcinin-katkisinin-bir-devlet-bir-ulke-icin-en-basta-gelen-unsur-oldugunun-bilincindeyiz\\\/#breadcrumb\",\"itemListElement\":[{\"@type\":\"ListItem\",\"position\":1,\"name\":\"Anasayfa\",\"item\":\"https:\\\/\\\/kuzeyinsesi.org\\\/\"},{\"@type\":\"ListItem\",\"position\":2,\"name\":\"Cumhurba\u015fkan\u0131 Tatar, 1 May\u0131s dolay\u0131s\u0131yla mesaj yay\u0131mlad\u0131: \u201cBizler, i\u015f\u00e7i ve emek\u00e7inin katk\u0131s\u0131n\u0131n bir Devlet, bir \u00fclke i\u00e7in en ba\u015fta gelen unsur oldu\u011funun bilincindeyiz.\u201d\"}]},{\"@type\":\"WebSite\",\"@id\":\"https:\\\/\\\/kuzeyinsesi.org\\\/#website\",\"url\":\"https:\\\/\\\/kuzeyinsesi.org\\\/\",\"name\":\"Kuzeyin Sesi\",\"description\":\"Do\u011fru Haberin Adresi\",\"potentialAction\":[{\"@type\":\"SearchAction\",\"target\":{\"@type\":\"EntryPoint\",\"urlTemplate\":\"https:\\\/\\\/kuzeyinsesi.org\\\/?s={search_term_string}\"},\"query-input\":{\"@type\":\"PropertyValueSpecification\",\"valueRequired\":true,\"valueName\":\"search_term_string\"}}],\"inLanguage\":\"tr\"},{\"@type\":\"Person\",\"@id\":\"https:\\\/\\\/kuzeyinsesi.org\\\/#\\\/schema\\\/person\\\/9f859689cdf01485597712386e37f5aa\",\"name\":\"Kuzeyin Sesi\",\"image\":{\"@type\":\"ImageObject\",\"inLanguage\":\"tr\",\"@id\":\"https:\\\/\\\/secure.gravatar.com\\\/avatar\\\/bab33852abfd8b282518d6ed81826833d77c3c882d9ab608add591ccace47a44?s=96&d=mm&r=g\",\"url\":\"https:\\\/\\\/secure.gravatar.com\\\/avatar\\\/bab33852abfd8b282518d6ed81826833d77c3c882d9ab608add591ccace47a44?s=96&d=mm&r=g\",\"contentUrl\":\"https:\\\/\\\/secure.gravatar.com\\\/avatar\\\/bab33852abfd8b282518d6ed81826833d77c3c882d9ab608add591ccace47a44?s=96&d=mm&r=g\",\"caption\":\"Kuzeyin Sesi\"},\"sameAs\":[\"https:\\\/\\\/kuzeyinsesi.org\"],\"url\":\"https:\\\/\\\/kuzeyinsesi.org\\\/index.php\\\/author\\\/guven\\\/\"}]}<\/script>\n<!-- \/ Yoast SEO plugin. -->","yoast_head_json":{"title":"Cumhurba\u015fkan\u0131 Tatar, 1 May\u0131s dolay\u0131s\u0131yla mesaj yay\u0131mlad\u0131: \u201cBizler, i\u015f\u00e7i ve emek\u00e7inin katk\u0131s\u0131n\u0131n bir Devlet, bir \u00fclke i\u00e7in en ba\u015fta gelen unsur oldu\u011funun bilincindeyiz.\u201d - Kuzeyin Sesi","robots":{"index":"index","follow":"follow","max-snippet":"max-snippet:-1","max-image-preview":"max-image-preview:large","max-video-preview":"max-video-preview:-1"},"canonical":"https:\/\/kuzeyinsesi.org\/index.php\/2024\/04\/30\/cumhurbaskani-tatar-1-mayis-dolayisiyla-mesaj-yayimladi-bizler-isci-ve-emekcinin-katkisinin-bir-devlet-bir-ulke-icin-en-basta-gelen-unsur-oldugunun-bilincindeyiz\/","og_locale":"tr_TR","og_type":"article","og_title":"Cumhurba\u015fkan\u0131 Tatar, 1 May\u0131s dolay\u0131s\u0131yla mesaj yay\u0131mlad\u0131: \u201cBizler, i\u015f\u00e7i ve emek\u00e7inin katk\u0131s\u0131n\u0131n bir Devlet, bir \u00fclke i\u00e7in en ba\u015fta gelen unsur oldu\u011funun bilincindeyiz.\u201d - Kuzeyin Sesi","og_description":"Cumhurba\u015fkan\u0131 Ersin Tatar, Amerika Birle\u015fik Devletleri\u2019nin Chicago Eyaleti\u2019nde i\u015f\u00e7ilerin 8 saatlik i\u015f g\u00fcn\u00fc taleplerini desteklemek amac\u0131yla 3-4 May\u0131s 1886 tarihinde ger\u00e7ekle\u015fen ve Haymarket Meydan\u0131nda d\u00fczenlenen miting s\u0131ras\u0131nda \u00e7\u0131kan \u00e7at\u0131\u015fmalar sonucunda 7 polis ve 4 i\u015f\u00e7inin \u00f6l\u00fcm\u00fcyle sonu\u00e7lanan Haymarket Meydan\u0131 Olaylar\u0131 vesilesi ile ilk ad\u0131mlar\u0131 at\u0131lan ve 1889\u2019da Paris\u2019te d\u00fczenlenen \u0130kinci Enternasyonal Kongresi\u2019nde, Uluslararas\u0131 \u0130\u015f\u00e7i Bayram\u0131 [&hellip;]","og_url":"https:\/\/kuzeyinsesi.org\/index.php\/2024\/04\/30\/cumhurbaskani-tatar-1-mayis-dolayisiyla-mesaj-yayimladi-bizler-isci-ve-emekcinin-katkisinin-bir-devlet-bir-ulke-icin-en-basta-gelen-unsur-oldugunun-bilincindeyiz\/","og_site_name":"Kuzeyin Sesi","article_publisher":"https:\/\/www.facebook.com\/kuzeyinsesii","article_published_time":"2024-04-30T19:08:01+00:00","og_image":[{"width":1536,"height":900,"url":"https:\/\/kuzeyinsesi.org\/wp-content\/uploads\/2024\/04\/ersin-tatar-YAZI-YAZARKEN-1536x900-1.jpeg","type":"image\/jpeg"}],"author":"Kuzeyin Sesi","twitter_card":"summary_large_image","twitter_creator":"@kuzeyinsesii","twitter_site":"@kuzeyinsesii","twitter_misc":{"Yazan:":"Kuzeyin Sesi","Tahmini okuma s\u00fcresi":"2 dakika"},"schema":{"@context":"https:\/\/schema.org","@graph":[{"@type":"Article","@id":"https:\/\/kuzeyinsesi.org\/index.php\/2024\/04\/30\/cumhurbaskani-tatar-1-mayis-dolayisiyla-mesaj-yayimladi-bizler-isci-ve-emekcinin-katkisinin-bir-devlet-bir-ulke-icin-en-basta-gelen-unsur-oldugunun-bilincindeyiz\/#article","isPartOf":{"@id":"https:\/\/kuzeyinsesi.org\/index.php\/2024\/04\/30\/cumhurbaskani-tatar-1-mayis-dolayisiyla-mesaj-yayimladi-bizler-isci-ve-emekcinin-katkisinin-bir-devlet-bir-ulke-icin-en-basta-gelen-unsur-oldugunun-bilincindeyiz\/"},"author":{"name":"Kuzeyin Sesi","@id":"https:\/\/kuzeyinsesi.org\/#\/schema\/person\/9f859689cdf01485597712386e37f5aa"},"headline":"Cumhurba\u015fkan\u0131 Tatar, 1 May\u0131s dolay\u0131s\u0131yla mesaj yay\u0131mlad\u0131: \u201cBizler, i\u015f\u00e7i ve emek\u00e7inin katk\u0131s\u0131n\u0131n bir Devlet, bir \u00fclke i\u00e7in en ba\u015fta gelen unsur oldu\u011funun bilincindeyiz.\u201d","datePublished":"2024-04-30T19:08:01+00:00","mainEntityOfPage":{"@id":"https:\/\/kuzeyinsesi.org\/index.php\/2024\/04\/30\/cumhurbaskani-tatar-1-mayis-dolayisiyla-mesaj-yayimladi-bizler-isci-ve-emekcinin-katkisinin-bir-devlet-bir-ulke-icin-en-basta-gelen-unsur-oldugunun-bilincindeyiz\/"},"wordCount":379,"commentCount":0,"image":{"@id":"https:\/\/kuzeyinsesi.org\/index.php\/2024\/04\/30\/cumhurbaskani-tatar-1-mayis-dolayisiyla-mesaj-yayimladi-bizler-isci-ve-emekcinin-katkisinin-bir-devlet-bir-ulke-icin-en-basta-gelen-unsur-oldugunun-bilincindeyiz\/#primaryimage"},"thumbnailUrl":"https:\/\/kuzeyinsesi.org\/wp-content\/uploads\/2024\/04\/ersin-tatar-YAZI-YAZARKEN-1536x900-1.jpeg","articleSection":["K\u0131br\u0131s"],"inLanguage":"tr","potentialAction":[{"@type":"CommentAction","name":"Comment","target":["https:\/\/kuzeyinsesi.org\/index.php\/2024\/04\/30\/cumhurbaskani-tatar-1-mayis-dolayisiyla-mesaj-yayimladi-bizler-isci-ve-emekcinin-katkisinin-bir-devlet-bir-ulke-icin-en-basta-gelen-unsur-oldugunun-bilincindeyiz\/#respond"]}]},{"@type":"WebPage","@id":"https:\/\/kuzeyinsesi.org\/index.php\/2024\/04\/30\/cumhurbaskani-tatar-1-mayis-dolayisiyla-mesaj-yayimladi-bizler-isci-ve-emekcinin-katkisinin-bir-devlet-bir-ulke-icin-en-basta-gelen-unsur-oldugunun-bilincindeyiz\/","url":"https:\/\/kuzeyinsesi.org\/index.php\/2024\/04\/30\/cumhurbaskani-tatar-1-mayis-dolayisiyla-mesaj-yayimladi-bizler-isci-ve-emekcinin-katkisinin-bir-devlet-bir-ulke-icin-en-basta-gelen-unsur-oldugunun-bilincindeyiz\/","name":"Cumhurba\u015fkan\u0131 Tatar, 1 May\u0131s dolay\u0131s\u0131yla mesaj yay\u0131mlad\u0131: \u201cBizler, i\u015f\u00e7i ve emek\u00e7inin katk\u0131s\u0131n\u0131n bir Devlet, bir \u00fclke i\u00e7in en ba\u015fta gelen unsur oldu\u011funun bilincindeyiz.\u201d - Kuzeyin Sesi","isPartOf":{"@id":"https:\/\/kuzeyinsesi.org\/#website"},"primaryImageOfPage":{"@id":"https:\/\/kuzeyinsesi.org\/index.php\/2024\/04\/30\/cumhurbaskani-tatar-1-mayis-dolayisiyla-mesaj-yayimladi-bizler-isci-ve-emekcinin-katkisinin-bir-devlet-bir-ulke-icin-en-basta-gelen-unsur-oldugunun-bilincindeyiz\/#primaryimage"},"image":{"@id":"https:\/\/kuzeyinsesi.org\/index.php\/2024\/04\/30\/cumhurbaskani-tatar-1-mayis-dolayisiyla-mesaj-yayimladi-bizler-isci-ve-emekcinin-katkisinin-bir-devlet-bir-ulke-icin-en-basta-gelen-unsur-oldugunun-bilincindeyiz\/#primaryimage"},"thumbnailUrl":"https:\/\/kuzeyinsesi.org\/wp-content\/uploads\/2024\/04\/ersin-tatar-YAZI-YAZARKEN-1536x900-1.jpeg","datePublished":"2024-04-30T19:08:01+00:00","author":{"@id":"https:\/\/kuzeyinsesi.org\/#\/schema\/person\/9f859689cdf01485597712386e37f5aa"},"breadcrumb":{"@id":"https:\/\/kuzeyinsesi.org\/index.php\/2024\/04\/30\/cumhurbaskani-tatar-1-mayis-dolayisiyla-mesaj-yayimladi-bizler-isci-ve-emekcinin-katkisinin-bir-devlet-bir-ulke-icin-en-basta-gelen-unsur-oldugunun-bilincindeyiz\/#breadcrumb"},"inLanguage":"tr","potentialAction":[{"@type":"ReadAction","target":["https:\/\/kuzeyinsesi.org\/index.php\/2024\/04\/30\/cumhurbaskani-tatar-1-mayis-dolayisiyla-mesaj-yayimladi-bizler-isci-ve-emekcinin-katkisinin-bir-devlet-bir-ulke-icin-en-basta-gelen-unsur-oldugunun-bilincindeyiz\/"]}]},{"@type":"ImageObject","inLanguage":"tr","@id":"https:\/\/kuzeyinsesi.org\/index.php\/2024\/04\/30\/cumhurbaskani-tatar-1-mayis-dolayisiyla-mesaj-yayimladi-bizler-isci-ve-emekcinin-katkisinin-bir-devlet-bir-ulke-icin-en-basta-gelen-unsur-oldugunun-bilincindeyiz\/#primaryimage","url":"https:\/\/kuzeyinsesi.org\/wp-content\/uploads\/2024\/04\/ersin-tatar-YAZI-YAZARKEN-1536x900-1.jpeg","contentUrl":"https:\/\/kuzeyinsesi.org\/wp-content\/uploads\/2024\/04\/ersin-tatar-YAZI-YAZARKEN-1536x900-1.jpeg","width":1536,"height":900},{"@type":"BreadcrumbList","@id":"https:\/\/kuzeyinsesi.org\/index.php\/2024\/04\/30\/cumhurbaskani-tatar-1-mayis-dolayisiyla-mesaj-yayimladi-bizler-isci-ve-emekcinin-katkisinin-bir-devlet-bir-ulke-icin-en-basta-gelen-unsur-oldugunun-bilincindeyiz\/#breadcrumb","itemListElement":[{"@type":"ListItem","position":1,"name":"Anasayfa","item":"https:\/\/kuzeyinsesi.org\/"},{"@type":"ListItem","position":2,"name":"Cumhurba\u015fkan\u0131 Tatar, 1 May\u0131s dolay\u0131s\u0131yla mesaj yay\u0131mlad\u0131: \u201cBizler, i\u015f\u00e7i ve emek\u00e7inin katk\u0131s\u0131n\u0131n bir Devlet, bir \u00fclke i\u00e7in en ba\u015fta gelen unsur oldu\u011funun bilincindeyiz.\u201d"}]},{"@type":"WebSite","@id":"https:\/\/kuzeyinsesi.org\/#website","url":"https:\/\/kuzeyinsesi.org\/","name":"Kuzeyin Sesi","description":"Do\u011fru Haberin Adresi","potentialAction":[{"@type":"SearchAction","target":{"@type":"EntryPoint","urlTemplate":"https:\/\/kuzeyinsesi.org\/?s={search_term_string}"},"query-input":{"@type":"PropertyValueSpecification","valueRequired":true,"valueName":"search_term_string"}}],"inLanguage":"tr"},{"@type":"Person","@id":"https:\/\/kuzeyinsesi.org\/#\/schema\/person\/9f859689cdf01485597712386e37f5aa","name":"Kuzeyin Sesi","image":{"@type":"ImageObject","inLanguage":"tr","@id":"https:\/\/secure.gravatar.com\/avatar\/bab33852abfd8b282518d6ed81826833d77c3c882d9ab608add591ccace47a44?s=96&d=mm&r=g","url":"https:\/\/secure.gravatar.com\/avatar\/bab33852abfd8b282518d6ed81826833d77c3c882d9ab608add591ccace47a44?s=96&d=mm&r=g","contentUrl":"https:\/\/secure.gravatar.com\/avatar\/bab33852abfd8b282518d6ed81826833d77c3c882d9ab608add591ccace47a44?s=96&d=mm&r=g","caption":"Kuzeyin Sesi"},"sameAs":["https:\/\/kuzeyinsesi.org"],"url":"https:\/\/kuzeyinsesi.org\/index.php\/author\/guven\/"}]}},"_links":{"self":[{"href":"https:\/\/kuzeyinsesi.org\/index.php\/wp-json\/wp\/v2\/posts\/1064","targetHints":{"allow":["GET"]}}],"collection":[{"href":"https:\/\/kuzeyinsesi.org\/index.php\/wp-json\/wp\/v2\/posts"}],"about":[{"href":"https:\/\/kuzeyinsesi.org\/index.php\/wp-json\/wp\/v2\/types\/post"}],"author":[{"embeddable":true,"href":"https:\/\/kuzeyinsesi.org\/index.php\/wp-json\/wp\/v2\/users\/1"}],"replies":[{"embeddable":true,"href":"https:\/\/kuzeyinsesi.org\/index.php\/wp-json\/wp\/v2\/comments?post=1064"}],"version-history":[{"count":0,"href":"https:\/\/kuzeyinsesi.org\/index.php\/wp-json\/wp\/v2\/posts\/1064\/revisions"}],"wp:featuredmedia":[{"embeddable":true,"href":"https:\/\/kuzeyinsesi.org\/index.php\/wp-json\/wp\/v2\/media\/1065"}],"wp:attachment":[{"href":"https:\/\/kuzeyinsesi.org\/index.php\/wp-json\/wp\/v2\/media?parent=1064"}],"wp:term":[{"taxonomy":"category","embeddable":true,"href":"https:\/\/kuzeyinsesi.org\/index.php\/wp-json\/wp\/v2\/categories?post=1064"},{"taxonomy":"post_tag","embeddable":true,"href":"https:\/\/kuzeyinsesi.org\/index.php\/wp-json\/wp\/v2\/tags?post=1064"}],"curies":[{"name":"wp","href":"https:\/\/api.w.org\/{rel}","templated":true}]}}