{"id":10608,"date":"2024-09-28T16:33:14","date_gmt":"2024-09-28T13:33:14","guid":{"rendered":"https:\/\/kuzeyinsesi.org\/index.php\/2024\/09\/28\/gazimagusa-namik-kemal-meydaninda-yesilcam-filim-muzikleri-konseri\/"},"modified":"2024-09-28T16:33:14","modified_gmt":"2024-09-28T13:33:14","slug":"gazimagusa-namik-kemal-meydaninda-yesilcam-filim-muzikleri-konseri","status":"publish","type":"post","link":"https:\/\/kuzeyinsesi.org\/index.php\/2024\/09\/28\/gazimagusa-namik-kemal-meydaninda-yesilcam-filim-muzikleri-konseri\/","title":{"rendered":"Gazima\u011fusa Nam\u0131k Kemal Meydan\u0131\u2019nda Ye\u015fil\u00e7am Filim M\u00fczikleri konseri"},"content":{"rendered":"<div>\n<div class=\"mariselle-image-container none\">\n                                            <\/div>\n<p style=\"font-weight: 300;\">Gazima\u011fusa Nam\u0131k Kemal Meydan\u0131\u2019nda, Lefko\u015fa Belediye Orkestras\u0131, Ye\u015fil\u00e7am Film M\u00fczikleri konseri verdi.<\/p>\n<p style=\"font-weight: 300;\">Gazima\u011fusa Belediyesi\u2019nden verilen bilgiye g\u00f6re, konser Gazima\u011fusa Belediyesi ile Lefko\u015fa T\u00fcrk Belediyesi i\u015fbirli\u011finde d\u00fczenlendi.<\/p>\n<p style=\"font-weight: 300;\">Nam\u0131k Kemal Meydan\u0131\u2019nda yer alan konserde, \u015eef Oskay Hoca, solist ise Eda Aslant\u00fcrk\u2019t\u00fc.<\/p>\n<p style=\"font-weight: 300;\">Orkestra, Gurbet-\u00d6zdemir Erdo\u011fan, D\u00fcmtek-Mo\u011follar, \u00c7i\u00e7ek Abbas-Cahit Berkay, Selvi Boylum Al Yazmal\u0131m-Cahit Berkay, \u00c7emberimde G\u00fcl Oya-Selda Ba\u011fcan, \u00c7oban Y\u0131ld\u0131z\u0131-Melih Kibar, \u00c7ar\u015fambay\u0131 Sel Ald\u0131-Zafer Dilek, Bizim Aile-Melih Kibar, Hababam S\u0131n\u0131f\u0131-Melih Kibar, Devlerin A\u015fk\u0131 Cahit Berkay, Yunus-Bora Ayano\u011flu, Nihavend Longa-Osman \u0130\u015fmen, Aile \u015eerefi-Melih Kibar, \u015eehnaz Longa-Santuri Ethem Efendi, Ate\u015f B\u00f6ce\u011fi-Baha Boduro\u011flu, Son Verdim Kalbimin \u0130\u015fine-Enrico Macias eserlerini icra etti.<\/p>\n<p style=\"font-weight: 300;\">Konserin ard\u0131ndan, Gazima\u011fusa Belediye Ba\u015fkan\u0131 S\u00fcleyman Ulu\u00e7ay, \u015eef Oskay Hoca ve sanat\u00e7\u0131 Eda Aslant\u00fcrk\u2019e \u00e7i\u00e7ek ve plaket takdim etti.<\/p>\n<\/p><\/div>\n<p><script async\n                    defer\n                    crossorigin=\"anonymous\"\n                    src=\"https:\/\/connect.facebook.net\/tr_TR\/sdk.js#xfbml=1&#038;version=v3.3\"\n            ><\/script><\/p>\n","protected":false},"excerpt":{"rendered":"<p>Gazima\u011fusa Nam\u0131k Kemal Meydan\u0131\u2019nda, Lefko\u015fa Belediye Orkestras\u0131, Ye\u015fil\u00e7am Film M\u00fczikleri konseri verdi. Gazima\u011fusa Belediyesi\u2019nden verilen bilgiye g\u00f6re, konser Gazima\u011fusa Belediyesi ile Lefko\u015fa T\u00fcrk Belediyesi i\u015fbirli\u011finde d\u00fczenlendi. Nam\u0131k Kemal Meydan\u0131\u2019nda yer alan konserde, \u015eef Oskay Hoca, solist ise Eda Aslant\u00fcrk\u2019t\u00fc. Orkestra, Gurbet-\u00d6zdemir Erdo\u011fan, D\u00fcmtek-Mo\u011follar, \u00c7i\u00e7ek Abbas-Cahit Berkay, Selvi Boylum Al Yazmal\u0131m-Cahit Berkay, \u00c7emberimde G\u00fcl Oya-Selda Ba\u011fcan, [&hellip;]<\/p>\n","protected":false},"author":1,"featured_media":10609,"comment_status":"open","ping_status":"open","sticky":false,"template":"","format":"standard","meta":{"jnews-multi-image_gallery":[],"jnews_single_post":[],"jnews_primary_category":[],"jnews_social_meta":[],"jnews_override_counter":[],"footnotes":""},"categories":[6],"tags":[],"class_list":["post-10608","post","type-post","status-publish","format-standard","has-post-thumbnail","hentry","category-yasam"],"yoast_head":"<!-- This site is optimized with the Yoast SEO plugin v27.4 - https:\/\/yoast.com\/product\/yoast-seo-wordpress\/ -->\n<title>Gazima\u011fusa Nam\u0131k Kemal Meydan\u0131\u2019nda Ye\u015fil\u00e7am Filim M\u00fczikleri konseri - Kuzeyin Sesi<\/title>\n<meta name=\"robots\" content=\"index, follow, max-snippet:-1, max-image-preview:large, max-video-preview:-1\" \/>\n<link rel=\"canonical\" href=\"https:\/\/kuzeyinsesi.org\/index.php\/2024\/09\/28\/gazimagusa-namik-kemal-meydaninda-yesilcam-filim-muzikleri-konseri\/\" \/>\n<meta property=\"og:locale\" content=\"tr_TR\" \/>\n<meta property=\"og:type\" content=\"article\" \/>\n<meta property=\"og:title\" content=\"Gazima\u011fusa Nam\u0131k Kemal Meydan\u0131\u2019nda Ye\u015fil\u00e7am Filim M\u00fczikleri konseri - Kuzeyin Sesi\" \/>\n<meta property=\"og:description\" content=\"Gazima\u011fusa Nam\u0131k Kemal Meydan\u0131\u2019nda, Lefko\u015fa Belediye Orkestras\u0131, Ye\u015fil\u00e7am Film M\u00fczikleri konseri verdi. Gazima\u011fusa Belediyesi\u2019nden verilen bilgiye g\u00f6re, konser Gazima\u011fusa Belediyesi ile Lefko\u015fa T\u00fcrk Belediyesi i\u015fbirli\u011finde d\u00fczenlendi. Nam\u0131k Kemal Meydan\u0131\u2019nda yer alan konserde, \u015eef Oskay Hoca, solist ise Eda Aslant\u00fcrk\u2019t\u00fc. Orkestra, Gurbet-\u00d6zdemir Erdo\u011fan, D\u00fcmtek-Mo\u011follar, \u00c7i\u00e7ek Abbas-Cahit Berkay, Selvi Boylum Al Yazmal\u0131m-Cahit Berkay, \u00c7emberimde G\u00fcl Oya-Selda Ba\u011fcan, [&hellip;]\" \/>\n<meta property=\"og:url\" content=\"https:\/\/kuzeyinsesi.org\/index.php\/2024\/09\/28\/gazimagusa-namik-kemal-meydaninda-yesilcam-filim-muzikleri-konseri\/\" \/>\n<meta property=\"og:site_name\" content=\"Kuzeyin Sesi\" \/>\n<meta property=\"article:publisher\" content=\"https:\/\/www.facebook.com\/kuzeyinsesii\" \/>\n<meta property=\"article:published_time\" content=\"2024-09-28T13:33:14+00:00\" \/>\n<meta property=\"og:image\" content=\"https:\/\/brtk.net\/wp-content\/uploads\/2024\/09\/28\/yesilcam-muzikleri-6-.jpeg?ver=b06fd3b797e033e4846bdaeb6423fc3c\" \/>\n<meta name=\"author\" content=\"Kuzeyin Sesi\" \/>\n<meta name=\"twitter:card\" content=\"summary_large_image\" \/>\n<meta name=\"twitter:creator\" content=\"@kuzeyinsesii\" \/>\n<meta name=\"twitter:site\" content=\"@kuzeyinsesii\" \/>\n<meta name=\"twitter:label1\" content=\"Yazan:\" \/>\n\t<meta name=\"twitter:data1\" content=\"Kuzeyin Sesi\" \/>\n\t<meta name=\"twitter:label2\" content=\"Tahmini okuma s\u00fcresi\" \/>\n\t<meta name=\"twitter:data2\" content=\"1 dakika\" \/>\n<script type=\"application\/ld+json\" class=\"yoast-schema-graph\">{\"@context\":\"https:\\\/\\\/schema.org\",\"@graph\":[{\"@type\":\"Article\",\"@id\":\"https:\\\/\\\/kuzeyinsesi.org\\\/index.php\\\/2024\\\/09\\\/28\\\/gazimagusa-namik-kemal-meydaninda-yesilcam-filim-muzikleri-konseri\\\/#article\",\"isPartOf\":{\"@id\":\"https:\\\/\\\/kuzeyinsesi.org\\\/index.php\\\/2024\\\/09\\\/28\\\/gazimagusa-namik-kemal-meydaninda-yesilcam-filim-muzikleri-konseri\\\/\"},\"author\":{\"name\":\"Kuzeyin Sesi\",\"@id\":\"https:\\\/\\\/kuzeyinsesi.org\\\/#\\\/schema\\\/person\\\/9f859689cdf01485597712386e37f5aa\"},\"headline\":\"Gazima\u011fusa Nam\u0131k Kemal Meydan\u0131\u2019nda Ye\u015fil\u00e7am Filim M\u00fczikleri konseri\",\"datePublished\":\"2024-09-28T13:33:14+00:00\",\"mainEntityOfPage\":{\"@id\":\"https:\\\/\\\/kuzeyinsesi.org\\\/index.php\\\/2024\\\/09\\\/28\\\/gazimagusa-namik-kemal-meydaninda-yesilcam-filim-muzikleri-konseri\\\/\"},\"wordCount\":177,\"commentCount\":0,\"image\":{\"@id\":\"https:\\\/\\\/kuzeyinsesi.org\\\/index.php\\\/2024\\\/09\\\/28\\\/gazimagusa-namik-kemal-meydaninda-yesilcam-filim-muzikleri-konseri\\\/#primaryimage\"},\"thumbnailUrl\":\"https:\\\/\\\/kuzeyinsesi.org\\\/wp-content\\\/uploads\\\/2024\\\/09\\\/yesilcam-muzikleri-6-.jpeg\",\"articleSection\":[\"Ya\u015fam\"],\"inLanguage\":\"tr\",\"potentialAction\":[{\"@type\":\"CommentAction\",\"name\":\"Comment\",\"target\":[\"https:\\\/\\\/kuzeyinsesi.org\\\/index.php\\\/2024\\\/09\\\/28\\\/gazimagusa-namik-kemal-meydaninda-yesilcam-filim-muzikleri-konseri\\\/#respond\"]}]},{\"@type\":\"WebPage\",\"@id\":\"https:\\\/\\\/kuzeyinsesi.org\\\/index.php\\\/2024\\\/09\\\/28\\\/gazimagusa-namik-kemal-meydaninda-yesilcam-filim-muzikleri-konseri\\\/\",\"url\":\"https:\\\/\\\/kuzeyinsesi.org\\\/index.php\\\/2024\\\/09\\\/28\\\/gazimagusa-namik-kemal-meydaninda-yesilcam-filim-muzikleri-konseri\\\/\",\"name\":\"Gazima\u011fusa Nam\u0131k Kemal Meydan\u0131\u2019nda Ye\u015fil\u00e7am Filim M\u00fczikleri konseri - Kuzeyin Sesi\",\"isPartOf\":{\"@id\":\"https:\\\/\\\/kuzeyinsesi.org\\\/#website\"},\"primaryImageOfPage\":{\"@id\":\"https:\\\/\\\/kuzeyinsesi.org\\\/index.php\\\/2024\\\/09\\\/28\\\/gazimagusa-namik-kemal-meydaninda-yesilcam-filim-muzikleri-konseri\\\/#primaryimage\"},\"image\":{\"@id\":\"https:\\\/\\\/kuzeyinsesi.org\\\/index.php\\\/2024\\\/09\\\/28\\\/gazimagusa-namik-kemal-meydaninda-yesilcam-filim-muzikleri-konseri\\\/#primaryimage\"},\"thumbnailUrl\":\"https:\\\/\\\/kuzeyinsesi.org\\\/wp-content\\\/uploads\\\/2024\\\/09\\\/yesilcam-muzikleri-6-.jpeg\",\"datePublished\":\"2024-09-28T13:33:14+00:00\",\"author\":{\"@id\":\"https:\\\/\\\/kuzeyinsesi.org\\\/#\\\/schema\\\/person\\\/9f859689cdf01485597712386e37f5aa\"},\"breadcrumb\":{\"@id\":\"https:\\\/\\\/kuzeyinsesi.org\\\/index.php\\\/2024\\\/09\\\/28\\\/gazimagusa-namik-kemal-meydaninda-yesilcam-filim-muzikleri-konseri\\\/#breadcrumb\"},\"inLanguage\":\"tr\",\"potentialAction\":[{\"@type\":\"ReadAction\",\"target\":[\"https:\\\/\\\/kuzeyinsesi.org\\\/index.php\\\/2024\\\/09\\\/28\\\/gazimagusa-namik-kemal-meydaninda-yesilcam-filim-muzikleri-konseri\\\/\"]}]},{\"@type\":\"ImageObject\",\"inLanguage\":\"tr\",\"@id\":\"https:\\\/\\\/kuzeyinsesi.org\\\/index.php\\\/2024\\\/09\\\/28\\\/gazimagusa-namik-kemal-meydaninda-yesilcam-filim-muzikleri-konseri\\\/#primaryimage\",\"url\":\"https:\\\/\\\/kuzeyinsesi.org\\\/wp-content\\\/uploads\\\/2024\\\/09\\\/yesilcam-muzikleri-6-.jpeg\",\"contentUrl\":\"https:\\\/\\\/kuzeyinsesi.org\\\/wp-content\\\/uploads\\\/2024\\\/09\\\/yesilcam-muzikleri-6-.jpeg\",\"width\":2048,\"height\":1536},{\"@type\":\"BreadcrumbList\",\"@id\":\"https:\\\/\\\/kuzeyinsesi.org\\\/index.php\\\/2024\\\/09\\\/28\\\/gazimagusa-namik-kemal-meydaninda-yesilcam-filim-muzikleri-konseri\\\/#breadcrumb\",\"itemListElement\":[{\"@type\":\"ListItem\",\"position\":1,\"name\":\"Anasayfa\",\"item\":\"https:\\\/\\\/kuzeyinsesi.org\\\/\"},{\"@type\":\"ListItem\",\"position\":2,\"name\":\"Gazima\u011fusa Nam\u0131k Kemal Meydan\u0131\u2019nda Ye\u015fil\u00e7am Filim M\u00fczikleri konseri\"}]},{\"@type\":\"WebSite\",\"@id\":\"https:\\\/\\\/kuzeyinsesi.org\\\/#website\",\"url\":\"https:\\\/\\\/kuzeyinsesi.org\\\/\",\"name\":\"Kuzeyin Sesi\",\"description\":\"Do\u011fru Haberin Adresi\",\"potentialAction\":[{\"@type\":\"SearchAction\",\"target\":{\"@type\":\"EntryPoint\",\"urlTemplate\":\"https:\\\/\\\/kuzeyinsesi.org\\\/?s={search_term_string}\"},\"query-input\":{\"@type\":\"PropertyValueSpecification\",\"valueRequired\":true,\"valueName\":\"search_term_string\"}}],\"inLanguage\":\"tr\"},{\"@type\":\"Person\",\"@id\":\"https:\\\/\\\/kuzeyinsesi.org\\\/#\\\/schema\\\/person\\\/9f859689cdf01485597712386e37f5aa\",\"name\":\"Kuzeyin Sesi\",\"image\":{\"@type\":\"ImageObject\",\"inLanguage\":\"tr\",\"@id\":\"https:\\\/\\\/secure.gravatar.com\\\/avatar\\\/bab33852abfd8b282518d6ed81826833d77c3c882d9ab608add591ccace47a44?s=96&d=mm&r=g\",\"url\":\"https:\\\/\\\/secure.gravatar.com\\\/avatar\\\/bab33852abfd8b282518d6ed81826833d77c3c882d9ab608add591ccace47a44?s=96&d=mm&r=g\",\"contentUrl\":\"https:\\\/\\\/secure.gravatar.com\\\/avatar\\\/bab33852abfd8b282518d6ed81826833d77c3c882d9ab608add591ccace47a44?s=96&d=mm&r=g\",\"caption\":\"Kuzeyin Sesi\"},\"sameAs\":[\"https:\\\/\\\/kuzeyinsesi.org\"],\"url\":\"https:\\\/\\\/kuzeyinsesi.org\\\/index.php\\\/author\\\/guven\\\/\"}]}<\/script>\n<!-- \/ Yoast SEO plugin. -->","yoast_head_json":{"title":"Gazima\u011fusa Nam\u0131k Kemal Meydan\u0131\u2019nda Ye\u015fil\u00e7am Filim M\u00fczikleri konseri - Kuzeyin Sesi","robots":{"index":"index","follow":"follow","max-snippet":"max-snippet:-1","max-image-preview":"max-image-preview:large","max-video-preview":"max-video-preview:-1"},"canonical":"https:\/\/kuzeyinsesi.org\/index.php\/2024\/09\/28\/gazimagusa-namik-kemal-meydaninda-yesilcam-filim-muzikleri-konseri\/","og_locale":"tr_TR","og_type":"article","og_title":"Gazima\u011fusa Nam\u0131k Kemal Meydan\u0131\u2019nda Ye\u015fil\u00e7am Filim M\u00fczikleri konseri - Kuzeyin Sesi","og_description":"Gazima\u011fusa Nam\u0131k Kemal Meydan\u0131\u2019nda, Lefko\u015fa Belediye Orkestras\u0131, Ye\u015fil\u00e7am Film M\u00fczikleri konseri verdi. Gazima\u011fusa Belediyesi\u2019nden verilen bilgiye g\u00f6re, konser Gazima\u011fusa Belediyesi ile Lefko\u015fa T\u00fcrk Belediyesi i\u015fbirli\u011finde d\u00fczenlendi. Nam\u0131k Kemal Meydan\u0131\u2019nda yer alan konserde, \u015eef Oskay Hoca, solist ise Eda Aslant\u00fcrk\u2019t\u00fc. Orkestra, Gurbet-\u00d6zdemir Erdo\u011fan, D\u00fcmtek-Mo\u011follar, \u00c7i\u00e7ek Abbas-Cahit Berkay, Selvi Boylum Al Yazmal\u0131m-Cahit Berkay, \u00c7emberimde G\u00fcl Oya-Selda Ba\u011fcan, [&hellip;]","og_url":"https:\/\/kuzeyinsesi.org\/index.php\/2024\/09\/28\/gazimagusa-namik-kemal-meydaninda-yesilcam-filim-muzikleri-konseri\/","og_site_name":"Kuzeyin Sesi","article_publisher":"https:\/\/www.facebook.com\/kuzeyinsesii","article_published_time":"2024-09-28T13:33:14+00:00","og_image":[{"url":"https:\/\/brtk.net\/wp-content\/uploads\/2024\/09\/28\/yesilcam-muzikleri-6-.jpeg?ver=b06fd3b797e033e4846bdaeb6423fc3c","type":"","width":"","height":""}],"author":"Kuzeyin Sesi","twitter_card":"summary_large_image","twitter_creator":"@kuzeyinsesii","twitter_site":"@kuzeyinsesii","twitter_misc":{"Yazan:":"Kuzeyin Sesi","Tahmini okuma s\u00fcresi":"1 dakika"},"schema":{"@context":"https:\/\/schema.org","@graph":[{"@type":"Article","@id":"https:\/\/kuzeyinsesi.org\/index.php\/2024\/09\/28\/gazimagusa-namik-kemal-meydaninda-yesilcam-filim-muzikleri-konseri\/#article","isPartOf":{"@id":"https:\/\/kuzeyinsesi.org\/index.php\/2024\/09\/28\/gazimagusa-namik-kemal-meydaninda-yesilcam-filim-muzikleri-konseri\/"},"author":{"name":"Kuzeyin Sesi","@id":"https:\/\/kuzeyinsesi.org\/#\/schema\/person\/9f859689cdf01485597712386e37f5aa"},"headline":"Gazima\u011fusa Nam\u0131k Kemal Meydan\u0131\u2019nda Ye\u015fil\u00e7am Filim M\u00fczikleri konseri","datePublished":"2024-09-28T13:33:14+00:00","mainEntityOfPage":{"@id":"https:\/\/kuzeyinsesi.org\/index.php\/2024\/09\/28\/gazimagusa-namik-kemal-meydaninda-yesilcam-filim-muzikleri-konseri\/"},"wordCount":177,"commentCount":0,"image":{"@id":"https:\/\/kuzeyinsesi.org\/index.php\/2024\/09\/28\/gazimagusa-namik-kemal-meydaninda-yesilcam-filim-muzikleri-konseri\/#primaryimage"},"thumbnailUrl":"https:\/\/kuzeyinsesi.org\/wp-content\/uploads\/2024\/09\/yesilcam-muzikleri-6-.jpeg","articleSection":["Ya\u015fam"],"inLanguage":"tr","potentialAction":[{"@type":"CommentAction","name":"Comment","target":["https:\/\/kuzeyinsesi.org\/index.php\/2024\/09\/28\/gazimagusa-namik-kemal-meydaninda-yesilcam-filim-muzikleri-konseri\/#respond"]}]},{"@type":"WebPage","@id":"https:\/\/kuzeyinsesi.org\/index.php\/2024\/09\/28\/gazimagusa-namik-kemal-meydaninda-yesilcam-filim-muzikleri-konseri\/","url":"https:\/\/kuzeyinsesi.org\/index.php\/2024\/09\/28\/gazimagusa-namik-kemal-meydaninda-yesilcam-filim-muzikleri-konseri\/","name":"Gazima\u011fusa Nam\u0131k Kemal Meydan\u0131\u2019nda Ye\u015fil\u00e7am Filim M\u00fczikleri konseri - Kuzeyin Sesi","isPartOf":{"@id":"https:\/\/kuzeyinsesi.org\/#website"},"primaryImageOfPage":{"@id":"https:\/\/kuzeyinsesi.org\/index.php\/2024\/09\/28\/gazimagusa-namik-kemal-meydaninda-yesilcam-filim-muzikleri-konseri\/#primaryimage"},"image":{"@id":"https:\/\/kuzeyinsesi.org\/index.php\/2024\/09\/28\/gazimagusa-namik-kemal-meydaninda-yesilcam-filim-muzikleri-konseri\/#primaryimage"},"thumbnailUrl":"https:\/\/kuzeyinsesi.org\/wp-content\/uploads\/2024\/09\/yesilcam-muzikleri-6-.jpeg","datePublished":"2024-09-28T13:33:14+00:00","author":{"@id":"https:\/\/kuzeyinsesi.org\/#\/schema\/person\/9f859689cdf01485597712386e37f5aa"},"breadcrumb":{"@id":"https:\/\/kuzeyinsesi.org\/index.php\/2024\/09\/28\/gazimagusa-namik-kemal-meydaninda-yesilcam-filim-muzikleri-konseri\/#breadcrumb"},"inLanguage":"tr","potentialAction":[{"@type":"ReadAction","target":["https:\/\/kuzeyinsesi.org\/index.php\/2024\/09\/28\/gazimagusa-namik-kemal-meydaninda-yesilcam-filim-muzikleri-konseri\/"]}]},{"@type":"ImageObject","inLanguage":"tr","@id":"https:\/\/kuzeyinsesi.org\/index.php\/2024\/09\/28\/gazimagusa-namik-kemal-meydaninda-yesilcam-filim-muzikleri-konseri\/#primaryimage","url":"https:\/\/kuzeyinsesi.org\/wp-content\/uploads\/2024\/09\/yesilcam-muzikleri-6-.jpeg","contentUrl":"https:\/\/kuzeyinsesi.org\/wp-content\/uploads\/2024\/09\/yesilcam-muzikleri-6-.jpeg","width":2048,"height":1536},{"@type":"BreadcrumbList","@id":"https:\/\/kuzeyinsesi.org\/index.php\/2024\/09\/28\/gazimagusa-namik-kemal-meydaninda-yesilcam-filim-muzikleri-konseri\/#breadcrumb","itemListElement":[{"@type":"ListItem","position":1,"name":"Anasayfa","item":"https:\/\/kuzeyinsesi.org\/"},{"@type":"ListItem","position":2,"name":"Gazima\u011fusa Nam\u0131k Kemal Meydan\u0131\u2019nda Ye\u015fil\u00e7am Filim M\u00fczikleri konseri"}]},{"@type":"WebSite","@id":"https:\/\/kuzeyinsesi.org\/#website","url":"https:\/\/kuzeyinsesi.org\/","name":"Kuzeyin Sesi","description":"Do\u011fru Haberin Adresi","potentialAction":[{"@type":"SearchAction","target":{"@type":"EntryPoint","urlTemplate":"https:\/\/kuzeyinsesi.org\/?s={search_term_string}"},"query-input":{"@type":"PropertyValueSpecification","valueRequired":true,"valueName":"search_term_string"}}],"inLanguage":"tr"},{"@type":"Person","@id":"https:\/\/kuzeyinsesi.org\/#\/schema\/person\/9f859689cdf01485597712386e37f5aa","name":"Kuzeyin Sesi","image":{"@type":"ImageObject","inLanguage":"tr","@id":"https:\/\/secure.gravatar.com\/avatar\/bab33852abfd8b282518d6ed81826833d77c3c882d9ab608add591ccace47a44?s=96&d=mm&r=g","url":"https:\/\/secure.gravatar.com\/avatar\/bab33852abfd8b282518d6ed81826833d77c3c882d9ab608add591ccace47a44?s=96&d=mm&r=g","contentUrl":"https:\/\/secure.gravatar.com\/avatar\/bab33852abfd8b282518d6ed81826833d77c3c882d9ab608add591ccace47a44?s=96&d=mm&r=g","caption":"Kuzeyin Sesi"},"sameAs":["https:\/\/kuzeyinsesi.org"],"url":"https:\/\/kuzeyinsesi.org\/index.php\/author\/guven\/"}]}},"_links":{"self":[{"href":"https:\/\/kuzeyinsesi.org\/index.php\/wp-json\/wp\/v2\/posts\/10608","targetHints":{"allow":["GET"]}}],"collection":[{"href":"https:\/\/kuzeyinsesi.org\/index.php\/wp-json\/wp\/v2\/posts"}],"about":[{"href":"https:\/\/kuzeyinsesi.org\/index.php\/wp-json\/wp\/v2\/types\/post"}],"author":[{"embeddable":true,"href":"https:\/\/kuzeyinsesi.org\/index.php\/wp-json\/wp\/v2\/users\/1"}],"replies":[{"embeddable":true,"href":"https:\/\/kuzeyinsesi.org\/index.php\/wp-json\/wp\/v2\/comments?post=10608"}],"version-history":[{"count":0,"href":"https:\/\/kuzeyinsesi.org\/index.php\/wp-json\/wp\/v2\/posts\/10608\/revisions"}],"wp:featuredmedia":[{"embeddable":true,"href":"https:\/\/kuzeyinsesi.org\/index.php\/wp-json\/wp\/v2\/media\/10609"}],"wp:attachment":[{"href":"https:\/\/kuzeyinsesi.org\/index.php\/wp-json\/wp\/v2\/media?parent=10608"}],"wp:term":[{"taxonomy":"category","embeddable":true,"href":"https:\/\/kuzeyinsesi.org\/index.php\/wp-json\/wp\/v2\/categories?post=10608"},{"taxonomy":"post_tag","embeddable":true,"href":"https:\/\/kuzeyinsesi.org\/index.php\/wp-json\/wp\/v2\/tags?post=10608"}],"curies":[{"name":"wp","href":"https:\/\/api.w.org\/{rel}","templated":true}]}}