{"id":1060,"date":"2024-04-30T21:57:09","date_gmt":"2024-04-30T18:57:09","guid":{"rendered":"https:\/\/kuzeyinsesi.com\/index.php\/2024\/04\/30\/abd-savunma-bakani-austine-protesto-gazzede-soykirimi-destekliyorsunuz\/"},"modified":"2024-04-30T21:57:09","modified_gmt":"2024-04-30T18:57:09","slug":"abd-savunma-bakani-austine-protesto-gazzede-soykirimi-destekliyorsunuz","status":"publish","type":"post","link":"https:\/\/kuzeyinsesi.org\/index.php\/2024\/04\/30\/abd-savunma-bakani-austine-protesto-gazzede-soykirimi-destekliyorsunuz\/","title":{"rendered":"ABD Savunma Bakan\u0131 Austin&#039;e protesto: Gazze&#039;de soyk\u0131r\u0131m\u0131 destekliyorsunuz"},"content":{"rendered":"<p><\/p>\n<div>\n<p>&#13;<br \/>\n\tGazze&#8217;deki sald\u0131r\u0131lar\u0131na devam eden \u0130srail&#8217;e ko\u015fulsuz destek veren ABD&#8217;nin Savunma Bakan\u0131 Austin, Temsilciler Meclisinde kat\u0131ld\u0131\u011f\u0131 bir oturumda protesto edilerek konu\u015fmas\u0131 kesildi.<\/p>\n<p>&#13;<br \/>\n\tAustin&#8217;in konu\u015fmas\u0131 devam ederken, elinde &#8220;Gazze ya\u015fas\u0131n&#8221; yaz\u0131l\u0131 bir pankartla aya\u011fa kalkan &#8220;CODEPINK&#8221; adl\u0131 <a href=\"https:\/\/www.trthaber.com\/etiket\/savas\/\" target=\"_blank\" rel=\"noopener\">sava\u015f<\/a> kar\u015f\u0131t\u0131 sivil toplum \u00f6rg\u00fct\u00fcn\u00fcn temsilcisi Medea Benjamin, Bakan&#8217;\u0131n s\u00f6zlerini keserek, Filistin konusundaki tepkisini ortaya koydu.<\/p>\n<p>&#13;<br \/>\n\tBenjamin, &#8220;Gazze&#8217;deki soyk\u0131r\u0131m\u0131 desteklerken nas\u0131l ABD&#8217;nin liderli\u011finden bahsedebilirsiniz? Gazze&#8217;de yap\u0131lan yasa d\u0131\u015f\u0131, ahlaks\u0131zca ve mide buland\u0131r\u0131c\u0131. T\u00fcm d\u00fcnya bizi izliyor.&#8221; diye ba\u011f\u0131rarak, <a href=\"https:\/\/www.trthaber.com\/etiket\/gazze\/\" target=\"_blank\" rel=\"noopener\">Gazze<\/a> konusunda Biden y\u00f6netiminin de <a href=\"https:\/\/www.trthaber.com\/etiket\/israil\/\" target=\"_blank\" rel=\"noopener\">\u0130srail<\/a> kadar su\u00e7lu oldu\u011funu s\u00f6yledi.<\/p>\n<p>&#13;<br \/>\n\tOturum ba\u015fkan\u0131n\u0131n uyar\u0131s\u0131yla salondaki g\u00fcvenlik g\u00f6revlilerince d\u0131\u015far\u0131 \u00e7\u0131kar\u0131lan Benjamin, g\u00f6zalt\u0131na al\u0131nd\u0131.<\/p>\n<p>&#13;<br \/>\n\tABD&#8217;nin \u0130srail&#8217;e y\u00f6nelik ko\u015fulsuz deste\u011fini bir\u00e7ok platformda protesto eden sivil toplum \u00f6rg\u00fctlerinden CODEPINK, uzun y\u0131llard\u0131r Amerikan y\u00f6netimlerinin sava\u015f yanl\u0131s\u0131 politikalar\u0131na tepkilerini ortaya koyuyor.<\/p>\n<\/p><\/div>\n","protected":false},"excerpt":{"rendered":"<p>&#13; Gazze&#8217;deki sald\u0131r\u0131lar\u0131na devam eden \u0130srail&#8217;e ko\u015fulsuz destek veren ABD&#8217;nin Savunma Bakan\u0131 Austin, Temsilciler Meclisinde kat\u0131ld\u0131\u011f\u0131 bir oturumda protesto edilerek konu\u015fmas\u0131 kesildi. &#13; Austin&#8217;in konu\u015fmas\u0131 devam ederken, elinde &#8220;Gazze ya\u015fas\u0131n&#8221; yaz\u0131l\u0131 bir pankartla aya\u011fa kalkan &#8220;CODEPINK&#8221; adl\u0131 sava\u015f kar\u015f\u0131t\u0131 sivil toplum \u00f6rg\u00fct\u00fcn\u00fcn temsilcisi Medea Benjamin, Bakan&#8217;\u0131n s\u00f6zlerini keserek, Filistin konusundaki tepkisini ortaya koydu. &#13; Benjamin, [&hellip;]<\/p>\n","protected":false},"author":1,"featured_media":1061,"comment_status":"open","ping_status":"open","sticky":false,"template":"","format":"standard","meta":{"jnews-multi-image_gallery":[],"jnews_single_post":[],"jnews_primary_category":[],"jnews_social_meta":[],"jnews_override_counter":[],"footnotes":""},"categories":[2],"tags":[],"class_list":["post-1060","post","type-post","status-publish","format-standard","has-post-thumbnail","hentry","category-dunya"],"yoast_head":"<!-- This site is optimized with the Yoast SEO plugin v27.5 - https:\/\/yoast.com\/product\/yoast-seo-wordpress\/ -->\n<title>ABD Savunma Bakan\u0131 Austin&#039;e protesto: Gazze&#039;de soyk\u0131r\u0131m\u0131 destekliyorsunuz - Kuzeyin Sesi<\/title>\n<meta name=\"robots\" content=\"index, follow, max-snippet:-1, max-image-preview:large, max-video-preview:-1\" \/>\n<link rel=\"canonical\" href=\"https:\/\/kuzeyinsesi.org\/index.php\/2024\/04\/30\/abd-savunma-bakani-austine-protesto-gazzede-soykirimi-destekliyorsunuz\/\" \/>\n<meta property=\"og:locale\" content=\"tr_TR\" \/>\n<meta property=\"og:type\" content=\"article\" \/>\n<meta property=\"og:title\" content=\"ABD Savunma Bakan\u0131 Austin&#039;e protesto: Gazze&#039;de soyk\u0131r\u0131m\u0131 destekliyorsunuz - Kuzeyin Sesi\" \/>\n<meta property=\"og:description\" content=\"&#013; Gazze&#8217;deki sald\u0131r\u0131lar\u0131na devam eden \u0130srail&#8217;e ko\u015fulsuz destek veren ABD&#8217;nin Savunma Bakan\u0131 Austin, Temsilciler Meclisinde kat\u0131ld\u0131\u011f\u0131 bir oturumda protesto edilerek konu\u015fmas\u0131 kesildi. &#013; Austin&#8217;in konu\u015fmas\u0131 devam ederken, elinde &#8220;Gazze ya\u015fas\u0131n&#8221; yaz\u0131l\u0131 bir pankartla aya\u011fa kalkan &#8220;CODEPINK&#8221; adl\u0131 sava\u015f kar\u015f\u0131t\u0131 sivil toplum \u00f6rg\u00fct\u00fcn\u00fcn temsilcisi Medea Benjamin, Bakan&#8217;\u0131n s\u00f6zlerini keserek, Filistin konusundaki tepkisini ortaya koydu. &#013; Benjamin, [&hellip;]\" \/>\n<meta property=\"og:url\" content=\"https:\/\/kuzeyinsesi.org\/index.php\/2024\/04\/30\/abd-savunma-bakani-austine-protesto-gazzede-soykirimi-destekliyorsunuz\/\" \/>\n<meta property=\"og:site_name\" content=\"Kuzeyin Sesi\" \/>\n<meta property=\"article:publisher\" content=\"https:\/\/www.facebook.com\/kuzeyinsesii\" \/>\n<meta property=\"article:published_time\" content=\"2024-04-30T18:57:09+00:00\" \/>\n<meta property=\"og:image\" content=\"https:\/\/kuzeyinsesi.org\/wp-content\/uploads\/2024\/04\/astin-aa-2222278.jpg\" \/>\n\t<meta property=\"og:image:width\" content=\"1280\" \/>\n\t<meta property=\"og:image:height\" content=\"720\" \/>\n\t<meta property=\"og:image:type\" content=\"image\/jpeg\" \/>\n<meta name=\"author\" content=\"Kuzeyin Sesi\" \/>\n<meta name=\"twitter:card\" content=\"summary_large_image\" \/>\n<meta name=\"twitter:creator\" content=\"@kuzeyinsesii\" \/>\n<meta name=\"twitter:site\" content=\"@kuzeyinsesii\" \/>\n<meta name=\"twitter:label1\" content=\"Yazan:\" \/>\n\t<meta name=\"twitter:data1\" content=\"Kuzeyin Sesi\" \/>\n\t<meta name=\"twitter:label2\" content=\"Tahmini okuma s\u00fcresi\" \/>\n\t<meta name=\"twitter:data2\" content=\"1 dakika\" \/>\n<script type=\"application\/ld+json\" class=\"yoast-schema-graph\">{\"@context\":\"https:\\\/\\\/schema.org\",\"@graph\":[{\"@type\":\"Article\",\"@id\":\"https:\\\/\\\/kuzeyinsesi.org\\\/index.php\\\/2024\\\/04\\\/30\\\/abd-savunma-bakani-austine-protesto-gazzede-soykirimi-destekliyorsunuz\\\/#article\",\"isPartOf\":{\"@id\":\"https:\\\/\\\/kuzeyinsesi.org\\\/index.php\\\/2024\\\/04\\\/30\\\/abd-savunma-bakani-austine-protesto-gazzede-soykirimi-destekliyorsunuz\\\/\"},\"author\":{\"name\":\"Kuzeyin Sesi\",\"@id\":\"https:\\\/\\\/kuzeyinsesi.org\\\/#\\\/schema\\\/person\\\/9f859689cdf01485597712386e37f5aa\"},\"headline\":\"ABD Savunma Bakan\u0131 Austin&#039;e protesto: Gazze&#039;de soyk\u0131r\u0131m\u0131 destekliyorsunuz\",\"datePublished\":\"2024-04-30T18:57:09+00:00\",\"mainEntityOfPage\":{\"@id\":\"https:\\\/\\\/kuzeyinsesi.org\\\/index.php\\\/2024\\\/04\\\/30\\\/abd-savunma-bakani-austine-protesto-gazzede-soykirimi-destekliyorsunuz\\\/\"},\"wordCount\":192,\"commentCount\":0,\"image\":{\"@id\":\"https:\\\/\\\/kuzeyinsesi.org\\\/index.php\\\/2024\\\/04\\\/30\\\/abd-savunma-bakani-austine-protesto-gazzede-soykirimi-destekliyorsunuz\\\/#primaryimage\"},\"thumbnailUrl\":\"https:\\\/\\\/kuzeyinsesi.org\\\/wp-content\\\/uploads\\\/2024\\\/04\\\/astin-aa-2222278.jpg\",\"articleSection\":[\"D\u00fcnya\"],\"inLanguage\":\"tr\",\"potentialAction\":[{\"@type\":\"CommentAction\",\"name\":\"Comment\",\"target\":[\"https:\\\/\\\/kuzeyinsesi.org\\\/index.php\\\/2024\\\/04\\\/30\\\/abd-savunma-bakani-austine-protesto-gazzede-soykirimi-destekliyorsunuz\\\/#respond\"]}]},{\"@type\":\"WebPage\",\"@id\":\"https:\\\/\\\/kuzeyinsesi.org\\\/index.php\\\/2024\\\/04\\\/30\\\/abd-savunma-bakani-austine-protesto-gazzede-soykirimi-destekliyorsunuz\\\/\",\"url\":\"https:\\\/\\\/kuzeyinsesi.org\\\/index.php\\\/2024\\\/04\\\/30\\\/abd-savunma-bakani-austine-protesto-gazzede-soykirimi-destekliyorsunuz\\\/\",\"name\":\"ABD Savunma Bakan\u0131 Austin&#039;e protesto: Gazze&#039;de soyk\u0131r\u0131m\u0131 destekliyorsunuz - Kuzeyin Sesi\",\"isPartOf\":{\"@id\":\"https:\\\/\\\/kuzeyinsesi.org\\\/#website\"},\"primaryImageOfPage\":{\"@id\":\"https:\\\/\\\/kuzeyinsesi.org\\\/index.php\\\/2024\\\/04\\\/30\\\/abd-savunma-bakani-austine-protesto-gazzede-soykirimi-destekliyorsunuz\\\/#primaryimage\"},\"image\":{\"@id\":\"https:\\\/\\\/kuzeyinsesi.org\\\/index.php\\\/2024\\\/04\\\/30\\\/abd-savunma-bakani-austine-protesto-gazzede-soykirimi-destekliyorsunuz\\\/#primaryimage\"},\"thumbnailUrl\":\"https:\\\/\\\/kuzeyinsesi.org\\\/wp-content\\\/uploads\\\/2024\\\/04\\\/astin-aa-2222278.jpg\",\"datePublished\":\"2024-04-30T18:57:09+00:00\",\"author\":{\"@id\":\"https:\\\/\\\/kuzeyinsesi.org\\\/#\\\/schema\\\/person\\\/9f859689cdf01485597712386e37f5aa\"},\"breadcrumb\":{\"@id\":\"https:\\\/\\\/kuzeyinsesi.org\\\/index.php\\\/2024\\\/04\\\/30\\\/abd-savunma-bakani-austine-protesto-gazzede-soykirimi-destekliyorsunuz\\\/#breadcrumb\"},\"inLanguage\":\"tr\",\"potentialAction\":[{\"@type\":\"ReadAction\",\"target\":[\"https:\\\/\\\/kuzeyinsesi.org\\\/index.php\\\/2024\\\/04\\\/30\\\/abd-savunma-bakani-austine-protesto-gazzede-soykirimi-destekliyorsunuz\\\/\"]}]},{\"@type\":\"ImageObject\",\"inLanguage\":\"tr\",\"@id\":\"https:\\\/\\\/kuzeyinsesi.org\\\/index.php\\\/2024\\\/04\\\/30\\\/abd-savunma-bakani-austine-protesto-gazzede-soykirimi-destekliyorsunuz\\\/#primaryimage\",\"url\":\"https:\\\/\\\/kuzeyinsesi.org\\\/wp-content\\\/uploads\\\/2024\\\/04\\\/astin-aa-2222278.jpg\",\"contentUrl\":\"https:\\\/\\\/kuzeyinsesi.org\\\/wp-content\\\/uploads\\\/2024\\\/04\\\/astin-aa-2222278.jpg\",\"width\":1280,\"height\":720},{\"@type\":\"BreadcrumbList\",\"@id\":\"https:\\\/\\\/kuzeyinsesi.org\\\/index.php\\\/2024\\\/04\\\/30\\\/abd-savunma-bakani-austine-protesto-gazzede-soykirimi-destekliyorsunuz\\\/#breadcrumb\",\"itemListElement\":[{\"@type\":\"ListItem\",\"position\":1,\"name\":\"Anasayfa\",\"item\":\"https:\\\/\\\/kuzeyinsesi.org\\\/\"},{\"@type\":\"ListItem\",\"position\":2,\"name\":\"ABD Savunma Bakan\u0131 Austin&#039;e protesto: Gazze&#039;de soyk\u0131r\u0131m\u0131 destekliyorsunuz\"}]},{\"@type\":\"WebSite\",\"@id\":\"https:\\\/\\\/kuzeyinsesi.org\\\/#website\",\"url\":\"https:\\\/\\\/kuzeyinsesi.org\\\/\",\"name\":\"Kuzeyin Sesi\",\"description\":\"Do\u011fru Haberin Adresi\",\"potentialAction\":[{\"@type\":\"SearchAction\",\"target\":{\"@type\":\"EntryPoint\",\"urlTemplate\":\"https:\\\/\\\/kuzeyinsesi.org\\\/?s={search_term_string}\"},\"query-input\":{\"@type\":\"PropertyValueSpecification\",\"valueRequired\":true,\"valueName\":\"search_term_string\"}}],\"inLanguage\":\"tr\"},{\"@type\":\"Person\",\"@id\":\"https:\\\/\\\/kuzeyinsesi.org\\\/#\\\/schema\\\/person\\\/9f859689cdf01485597712386e37f5aa\",\"name\":\"Kuzeyin Sesi\",\"image\":{\"@type\":\"ImageObject\",\"inLanguage\":\"tr\",\"@id\":\"https:\\\/\\\/secure.gravatar.com\\\/avatar\\\/bab33852abfd8b282518d6ed81826833d77c3c882d9ab608add591ccace47a44?s=96&d=mm&r=g\",\"url\":\"https:\\\/\\\/secure.gravatar.com\\\/avatar\\\/bab33852abfd8b282518d6ed81826833d77c3c882d9ab608add591ccace47a44?s=96&d=mm&r=g\",\"contentUrl\":\"https:\\\/\\\/secure.gravatar.com\\\/avatar\\\/bab33852abfd8b282518d6ed81826833d77c3c882d9ab608add591ccace47a44?s=96&d=mm&r=g\",\"caption\":\"Kuzeyin Sesi\"},\"sameAs\":[\"https:\\\/\\\/kuzeyinsesi.org\"],\"url\":\"https:\\\/\\\/kuzeyinsesi.org\\\/index.php\\\/author\\\/guven\\\/\"}]}<\/script>\n<!-- \/ Yoast SEO plugin. -->","yoast_head_json":{"title":"ABD Savunma Bakan\u0131 Austin&#039;e protesto: Gazze&#039;de soyk\u0131r\u0131m\u0131 destekliyorsunuz - Kuzeyin Sesi","robots":{"index":"index","follow":"follow","max-snippet":"max-snippet:-1","max-image-preview":"max-image-preview:large","max-video-preview":"max-video-preview:-1"},"canonical":"https:\/\/kuzeyinsesi.org\/index.php\/2024\/04\/30\/abd-savunma-bakani-austine-protesto-gazzede-soykirimi-destekliyorsunuz\/","og_locale":"tr_TR","og_type":"article","og_title":"ABD Savunma Bakan\u0131 Austin&#039;e protesto: Gazze&#039;de soyk\u0131r\u0131m\u0131 destekliyorsunuz - Kuzeyin Sesi","og_description":"&#13; Gazze&#8217;deki sald\u0131r\u0131lar\u0131na devam eden \u0130srail&#8217;e ko\u015fulsuz destek veren ABD&#8217;nin Savunma Bakan\u0131 Austin, Temsilciler Meclisinde kat\u0131ld\u0131\u011f\u0131 bir oturumda protesto edilerek konu\u015fmas\u0131 kesildi. &#13; Austin&#8217;in konu\u015fmas\u0131 devam ederken, elinde &#8220;Gazze ya\u015fas\u0131n&#8221; yaz\u0131l\u0131 bir pankartla aya\u011fa kalkan &#8220;CODEPINK&#8221; adl\u0131 sava\u015f kar\u015f\u0131t\u0131 sivil toplum \u00f6rg\u00fct\u00fcn\u00fcn temsilcisi Medea Benjamin, Bakan&#8217;\u0131n s\u00f6zlerini keserek, Filistin konusundaki tepkisini ortaya koydu. &#13; Benjamin, [&hellip;]","og_url":"https:\/\/kuzeyinsesi.org\/index.php\/2024\/04\/30\/abd-savunma-bakani-austine-protesto-gazzede-soykirimi-destekliyorsunuz\/","og_site_name":"Kuzeyin Sesi","article_publisher":"https:\/\/www.facebook.com\/kuzeyinsesii","article_published_time":"2024-04-30T18:57:09+00:00","og_image":[{"width":1280,"height":720,"url":"https:\/\/kuzeyinsesi.org\/wp-content\/uploads\/2024\/04\/astin-aa-2222278.jpg","type":"image\/jpeg"}],"author":"Kuzeyin Sesi","twitter_card":"summary_large_image","twitter_creator":"@kuzeyinsesii","twitter_site":"@kuzeyinsesii","twitter_misc":{"Yazan:":"Kuzeyin Sesi","Tahmini okuma s\u00fcresi":"1 dakika"},"schema":{"@context":"https:\/\/schema.org","@graph":[{"@type":"Article","@id":"https:\/\/kuzeyinsesi.org\/index.php\/2024\/04\/30\/abd-savunma-bakani-austine-protesto-gazzede-soykirimi-destekliyorsunuz\/#article","isPartOf":{"@id":"https:\/\/kuzeyinsesi.org\/index.php\/2024\/04\/30\/abd-savunma-bakani-austine-protesto-gazzede-soykirimi-destekliyorsunuz\/"},"author":{"name":"Kuzeyin Sesi","@id":"https:\/\/kuzeyinsesi.org\/#\/schema\/person\/9f859689cdf01485597712386e37f5aa"},"headline":"ABD Savunma Bakan\u0131 Austin&#039;e protesto: Gazze&#039;de soyk\u0131r\u0131m\u0131 destekliyorsunuz","datePublished":"2024-04-30T18:57:09+00:00","mainEntityOfPage":{"@id":"https:\/\/kuzeyinsesi.org\/index.php\/2024\/04\/30\/abd-savunma-bakani-austine-protesto-gazzede-soykirimi-destekliyorsunuz\/"},"wordCount":192,"commentCount":0,"image":{"@id":"https:\/\/kuzeyinsesi.org\/index.php\/2024\/04\/30\/abd-savunma-bakani-austine-protesto-gazzede-soykirimi-destekliyorsunuz\/#primaryimage"},"thumbnailUrl":"https:\/\/kuzeyinsesi.org\/wp-content\/uploads\/2024\/04\/astin-aa-2222278.jpg","articleSection":["D\u00fcnya"],"inLanguage":"tr","potentialAction":[{"@type":"CommentAction","name":"Comment","target":["https:\/\/kuzeyinsesi.org\/index.php\/2024\/04\/30\/abd-savunma-bakani-austine-protesto-gazzede-soykirimi-destekliyorsunuz\/#respond"]}]},{"@type":"WebPage","@id":"https:\/\/kuzeyinsesi.org\/index.php\/2024\/04\/30\/abd-savunma-bakani-austine-protesto-gazzede-soykirimi-destekliyorsunuz\/","url":"https:\/\/kuzeyinsesi.org\/index.php\/2024\/04\/30\/abd-savunma-bakani-austine-protesto-gazzede-soykirimi-destekliyorsunuz\/","name":"ABD Savunma Bakan\u0131 Austin&#039;e protesto: Gazze&#039;de soyk\u0131r\u0131m\u0131 destekliyorsunuz - Kuzeyin Sesi","isPartOf":{"@id":"https:\/\/kuzeyinsesi.org\/#website"},"primaryImageOfPage":{"@id":"https:\/\/kuzeyinsesi.org\/index.php\/2024\/04\/30\/abd-savunma-bakani-austine-protesto-gazzede-soykirimi-destekliyorsunuz\/#primaryimage"},"image":{"@id":"https:\/\/kuzeyinsesi.org\/index.php\/2024\/04\/30\/abd-savunma-bakani-austine-protesto-gazzede-soykirimi-destekliyorsunuz\/#primaryimage"},"thumbnailUrl":"https:\/\/kuzeyinsesi.org\/wp-content\/uploads\/2024\/04\/astin-aa-2222278.jpg","datePublished":"2024-04-30T18:57:09+00:00","author":{"@id":"https:\/\/kuzeyinsesi.org\/#\/schema\/person\/9f859689cdf01485597712386e37f5aa"},"breadcrumb":{"@id":"https:\/\/kuzeyinsesi.org\/index.php\/2024\/04\/30\/abd-savunma-bakani-austine-protesto-gazzede-soykirimi-destekliyorsunuz\/#breadcrumb"},"inLanguage":"tr","potentialAction":[{"@type":"ReadAction","target":["https:\/\/kuzeyinsesi.org\/index.php\/2024\/04\/30\/abd-savunma-bakani-austine-protesto-gazzede-soykirimi-destekliyorsunuz\/"]}]},{"@type":"ImageObject","inLanguage":"tr","@id":"https:\/\/kuzeyinsesi.org\/index.php\/2024\/04\/30\/abd-savunma-bakani-austine-protesto-gazzede-soykirimi-destekliyorsunuz\/#primaryimage","url":"https:\/\/kuzeyinsesi.org\/wp-content\/uploads\/2024\/04\/astin-aa-2222278.jpg","contentUrl":"https:\/\/kuzeyinsesi.org\/wp-content\/uploads\/2024\/04\/astin-aa-2222278.jpg","width":1280,"height":720},{"@type":"BreadcrumbList","@id":"https:\/\/kuzeyinsesi.org\/index.php\/2024\/04\/30\/abd-savunma-bakani-austine-protesto-gazzede-soykirimi-destekliyorsunuz\/#breadcrumb","itemListElement":[{"@type":"ListItem","position":1,"name":"Anasayfa","item":"https:\/\/kuzeyinsesi.org\/"},{"@type":"ListItem","position":2,"name":"ABD Savunma Bakan\u0131 Austin&#039;e protesto: Gazze&#039;de soyk\u0131r\u0131m\u0131 destekliyorsunuz"}]},{"@type":"WebSite","@id":"https:\/\/kuzeyinsesi.org\/#website","url":"https:\/\/kuzeyinsesi.org\/","name":"Kuzeyin Sesi","description":"Do\u011fru Haberin Adresi","potentialAction":[{"@type":"SearchAction","target":{"@type":"EntryPoint","urlTemplate":"https:\/\/kuzeyinsesi.org\/?s={search_term_string}"},"query-input":{"@type":"PropertyValueSpecification","valueRequired":true,"valueName":"search_term_string"}}],"inLanguage":"tr"},{"@type":"Person","@id":"https:\/\/kuzeyinsesi.org\/#\/schema\/person\/9f859689cdf01485597712386e37f5aa","name":"Kuzeyin Sesi","image":{"@type":"ImageObject","inLanguage":"tr","@id":"https:\/\/secure.gravatar.com\/avatar\/bab33852abfd8b282518d6ed81826833d77c3c882d9ab608add591ccace47a44?s=96&d=mm&r=g","url":"https:\/\/secure.gravatar.com\/avatar\/bab33852abfd8b282518d6ed81826833d77c3c882d9ab608add591ccace47a44?s=96&d=mm&r=g","contentUrl":"https:\/\/secure.gravatar.com\/avatar\/bab33852abfd8b282518d6ed81826833d77c3c882d9ab608add591ccace47a44?s=96&d=mm&r=g","caption":"Kuzeyin Sesi"},"sameAs":["https:\/\/kuzeyinsesi.org"],"url":"https:\/\/kuzeyinsesi.org\/index.php\/author\/guven\/"}]}},"_links":{"self":[{"href":"https:\/\/kuzeyinsesi.org\/index.php\/wp-json\/wp\/v2\/posts\/1060","targetHints":{"allow":["GET"]}}],"collection":[{"href":"https:\/\/kuzeyinsesi.org\/index.php\/wp-json\/wp\/v2\/posts"}],"about":[{"href":"https:\/\/kuzeyinsesi.org\/index.php\/wp-json\/wp\/v2\/types\/post"}],"author":[{"embeddable":true,"href":"https:\/\/kuzeyinsesi.org\/index.php\/wp-json\/wp\/v2\/users\/1"}],"replies":[{"embeddable":true,"href":"https:\/\/kuzeyinsesi.org\/index.php\/wp-json\/wp\/v2\/comments?post=1060"}],"version-history":[{"count":0,"href":"https:\/\/kuzeyinsesi.org\/index.php\/wp-json\/wp\/v2\/posts\/1060\/revisions"}],"wp:featuredmedia":[{"embeddable":true,"href":"https:\/\/kuzeyinsesi.org\/index.php\/wp-json\/wp\/v2\/media\/1061"}],"wp:attachment":[{"href":"https:\/\/kuzeyinsesi.org\/index.php\/wp-json\/wp\/v2\/media?parent=1060"}],"wp:term":[{"taxonomy":"category","embeddable":true,"href":"https:\/\/kuzeyinsesi.org\/index.php\/wp-json\/wp\/v2\/categories?post=1060"},{"taxonomy":"post_tag","embeddable":true,"href":"https:\/\/kuzeyinsesi.org\/index.php\/wp-json\/wp\/v2\/tags?post=1060"}],"curies":[{"name":"wp","href":"https:\/\/api.w.org\/{rel}","templated":true}]}}