{"id":10598,"date":"2024-09-28T13:24:58","date_gmt":"2024-09-28T10:24:58","guid":{"rendered":"https:\/\/kuzeyinsesi.org\/index.php\/2024\/09\/28\/uluslararasi-kuzey-kibris-muzik-festivali-huseyin-altan-jazz-manouche-project-konseri-ile-devam-edecek\/"},"modified":"2024-09-28T13:24:58","modified_gmt":"2024-09-28T10:24:58","slug":"uluslararasi-kuzey-kibris-muzik-festivali-huseyin-altan-jazz-manouche-project-konseri-ile-devam-edecek","status":"publish","type":"post","link":"https:\/\/kuzeyinsesi.org\/index.php\/2024\/09\/28\/uluslararasi-kuzey-kibris-muzik-festivali-huseyin-altan-jazz-manouche-project-konseri-ile-devam-edecek\/","title":{"rendered":"Uluslararas\u0131 Kuzey K\u0131br\u0131s M\u00fczik Festivali H\u00fcseyin Altan Jazz Manouche Project Konseri ile devam edecek"},"content":{"rendered":"<div>\n<div class=\"mariselle-image-container none\">\n                                            <\/div>\n<p>Kuzey K\u0131br\u0131s M\u00fczik Derne\u011fi\u2019nin, Turizm ve K\u00fclt\u00fcr Bakanl\u0131\u011f\u0131, Deniz Plaza, Rocks Hotel, Bellapais Gardens, Kybele ve Huzur A\u011fa\u00e7 katk\u0131lar\u0131yla 22.sini ger\u00e7ekle\u015ftirdi\u011fi Uluslararas\u0131 Kuzey K\u0131br\u0131s M\u00fczik Festivali 30 Eyl\u00fcl Pazartesi ak\u015fam\u0131 H\u00fcseyin Altan Jazz Manouche Project Konseri ile devam edecek.<\/p>\n<p>Kuzey K\u0131br\u0131s M\u00fczik Derne\u011fi\u2019ndenb yap\u0131lan a\u00e7\u0131klamaya g\u00f6re, \u00a0Bellapais Manast\u0131r\u0131\u2019 nda pazartesi ak\u015fam\u0131 saat 20.30\u2019 da yer alacak H\u00fcseyin Altan Jazz Manouche Project Konseri\u2019 nde KKTC\u2019nin \u00f6nemli m\u00fczisyenleri ve T\u00fcrkiye\u2019 den bu proje i\u00e7in gelecek olan m\u00fczisyenler; H\u00fcseyin Altan (guitar &amp; vocal), Kadir Evre (guitar), Erhan Erbelger (guitar), Volkan Topako\u011flu (double bass), U\u011fur G\u00fc\u00e7l\u00fc (drums), Ersen Sururi. (viola,) Cahit Kutrafal\u0131 (electric bass), Atakan Sar\u0131 (piano) ve Erkan Erzurumlu (guitar) Gipsy Jazz m\u00fczi\u011finin en g\u00fczel \u00f6rneklerini yorumlayacak.<\/p>\n<p>Konserlerin biletlerine Deniz Plazalardan, Bellapais Manast\u0131r\u0131 Bilet Ofisinden ve Online olarak Biletfest.com ile Gisekibris.com\u2019dan ula\u015f\u0131labilecek.<\/p>\n<p>K\u0131br\u0131s, T\u00fcrkiye, Rusya, Ukrayna, Belarus, Amerika, Almanya, \u0130ngiltere, \u0130talya, Fransa, \u0130svi\u00e7re, Polonya, Tataristan ve Azerbaycan\u2019dan sanat\u00e7\u0131lar\u0131n yer alaca\u011f\u0131 22. Uluslararas\u0131 Kuzey K\u0131br\u0131s M\u00fczik Festivali\u2019 nin program\u0131 \u015f\u00f6yle:<\/p>\n<p>\u201c30 Eyl\u00fcl H\u00fcseyin Altan Jazz Manouche Project; 2 Ekim Arman Ratip Piyano Resitali; 5 Ekim Tatiana Stupak Piyano Resitali; 7 Ekim Nihat A\u011fda\u00e7-Thomas Isaac-Emil Duncumb Trio; 10 Ekim Soprano Burcu Uyar &amp; Tenor Massimiliano Pisapia, Achille Lampo, Piyano; 12 Ekim Rauf Kas\u0131mov Piyano Resitali; 14 Ekim Lelya Bayramo\u011fullar\u0131 &amp; Tutu Ayd\u0131no\u011flu Fl\u00fct \u2013 Piyano Resitali; 16 Ekim 3 Basses Konseri; 18 Ekim KKTC CSO Konseri; 22 Ekim Ma\u011fusa Kent Orkestras\u0131 &amp; Burcu Durmaz; 24 Ekim Alexa Rodrian &amp; Jens Fischer Rodrian; 31 Ekim Faz\u0131l Say Piyano Resitali ; 1 Kas\u0131m Ian Maksin &amp; Taliya Haf\u0131z; 4 Kas\u0131m Magnetic Faces Trio; 7 Kas\u0131m 3 Tenor Konseri ; 9 Kas\u0131m Gen\u00e7 Piyanistler Resitali; 13 Kas\u0131m Anastasiia Andrievskaya Piyano Resitali; 16 Kas\u0131m LBO &amp; Erkan Da\u011fl\u0131-Katie Economidou Konseri.<\/p>\n<\/p><\/div>\n<p><script async\n                    defer\n                    crossorigin=\"anonymous\"\n                    src=\"https:\/\/connect.facebook.net\/tr_TR\/sdk.js#xfbml=1&#038;version=v3.3\"\n            ><\/script><\/p>\n","protected":false},"excerpt":{"rendered":"<p>Kuzey K\u0131br\u0131s M\u00fczik Derne\u011fi\u2019nin, Turizm ve K\u00fclt\u00fcr Bakanl\u0131\u011f\u0131, Deniz Plaza, Rocks Hotel, Bellapais Gardens, Kybele ve Huzur A\u011fa\u00e7 katk\u0131lar\u0131yla 22.sini ger\u00e7ekle\u015ftirdi\u011fi Uluslararas\u0131 Kuzey K\u0131br\u0131s M\u00fczik Festivali 30 Eyl\u00fcl Pazartesi ak\u015fam\u0131 H\u00fcseyin Altan Jazz Manouche Project Konseri ile devam edecek. Kuzey K\u0131br\u0131s M\u00fczik Derne\u011fi\u2019ndenb yap\u0131lan a\u00e7\u0131klamaya g\u00f6re, \u00a0Bellapais Manast\u0131r\u0131\u2019 nda pazartesi ak\u015fam\u0131 saat 20.30\u2019 da yer [&hellip;]<\/p>\n","protected":false},"author":1,"featured_media":10599,"comment_status":"open","ping_status":"open","sticky":false,"template":"","format":"standard","meta":{"jnews-multi-image_gallery":[],"jnews_single_post":[],"jnews_primary_category":[],"jnews_social_meta":[],"jnews_override_counter":[],"footnotes":""},"categories":[6],"tags":[],"class_list":["post-10598","post","type-post","status-publish","format-standard","has-post-thumbnail","hentry","category-yasam"],"yoast_head":"<!-- This site is optimized with the Yoast SEO plugin v27.4 - https:\/\/yoast.com\/product\/yoast-seo-wordpress\/ -->\n<title>Uluslararas\u0131 Kuzey K\u0131br\u0131s M\u00fczik Festivali H\u00fcseyin Altan Jazz Manouche Project Konseri ile devam edecek - Kuzeyin Sesi<\/title>\n<meta name=\"robots\" content=\"index, follow, max-snippet:-1, max-image-preview:large, max-video-preview:-1\" \/>\n<link rel=\"canonical\" href=\"https:\/\/kuzeyinsesi.org\/index.php\/2024\/09\/28\/uluslararasi-kuzey-kibris-muzik-festivali-huseyin-altan-jazz-manouche-project-konseri-ile-devam-edecek\/\" \/>\n<meta property=\"og:locale\" content=\"tr_TR\" \/>\n<meta property=\"og:type\" content=\"article\" \/>\n<meta property=\"og:title\" content=\"Uluslararas\u0131 Kuzey K\u0131br\u0131s M\u00fczik Festivali H\u00fcseyin Altan Jazz Manouche Project Konseri ile devam edecek - Kuzeyin Sesi\" \/>\n<meta property=\"og:description\" content=\"Kuzey K\u0131br\u0131s M\u00fczik Derne\u011fi\u2019nin, Turizm ve K\u00fclt\u00fcr Bakanl\u0131\u011f\u0131, Deniz Plaza, Rocks Hotel, Bellapais Gardens, Kybele ve Huzur A\u011fa\u00e7 katk\u0131lar\u0131yla 22.sini ger\u00e7ekle\u015ftirdi\u011fi Uluslararas\u0131 Kuzey K\u0131br\u0131s M\u00fczik Festivali 30 Eyl\u00fcl Pazartesi ak\u015fam\u0131 H\u00fcseyin Altan Jazz Manouche Project Konseri ile devam edecek. Kuzey K\u0131br\u0131s M\u00fczik Derne\u011fi\u2019ndenb yap\u0131lan a\u00e7\u0131klamaya g\u00f6re, \u00a0Bellapais Manast\u0131r\u0131\u2019 nda pazartesi ak\u015fam\u0131 saat 20.30\u2019 da yer [&hellip;]\" \/>\n<meta property=\"og:url\" content=\"https:\/\/kuzeyinsesi.org\/index.php\/2024\/09\/28\/uluslararasi-kuzey-kibris-muzik-festivali-huseyin-altan-jazz-manouche-project-konseri-ile-devam-edecek\/\" \/>\n<meta property=\"og:site_name\" content=\"Kuzeyin Sesi\" \/>\n<meta property=\"article:publisher\" content=\"https:\/\/www.facebook.com\/kuzeyinsesii\" \/>\n<meta property=\"article:published_time\" content=\"2024-09-28T10:24:58+00:00\" \/>\n<meta property=\"og:image\" content=\"https:\/\/brtk.net\/wp-content\/uploads\/2024\/09\/28\/muzik-festivali-2-.jpg?ver=e37beee8cd72dbd63b6578ee1fbf594a\" \/>\n<meta name=\"author\" content=\"Kuzeyin Sesi\" \/>\n<meta name=\"twitter:card\" content=\"summary_large_image\" \/>\n<meta name=\"twitter:creator\" content=\"@kuzeyinsesii\" \/>\n<meta name=\"twitter:site\" content=\"@kuzeyinsesii\" \/>\n<meta name=\"twitter:label1\" content=\"Yazan:\" \/>\n\t<meta name=\"twitter:data1\" content=\"Kuzeyin Sesi\" \/>\n\t<meta name=\"twitter:label2\" content=\"Tahmini okuma s\u00fcresi\" \/>\n\t<meta name=\"twitter:data2\" content=\"2 dakika\" \/>\n<script type=\"application\/ld+json\" class=\"yoast-schema-graph\">{\"@context\":\"https:\\\/\\\/schema.org\",\"@graph\":[{\"@type\":\"Article\",\"@id\":\"https:\\\/\\\/kuzeyinsesi.org\\\/index.php\\\/2024\\\/09\\\/28\\\/uluslararasi-kuzey-kibris-muzik-festivali-huseyin-altan-jazz-manouche-project-konseri-ile-devam-edecek\\\/#article\",\"isPartOf\":{\"@id\":\"https:\\\/\\\/kuzeyinsesi.org\\\/index.php\\\/2024\\\/09\\\/28\\\/uluslararasi-kuzey-kibris-muzik-festivali-huseyin-altan-jazz-manouche-project-konseri-ile-devam-edecek\\\/\"},\"author\":{\"name\":\"Kuzeyin Sesi\",\"@id\":\"https:\\\/\\\/kuzeyinsesi.org\\\/#\\\/schema\\\/person\\\/9f859689cdf01485597712386e37f5aa\"},\"headline\":\"Uluslararas\u0131 Kuzey K\u0131br\u0131s M\u00fczik Festivali H\u00fcseyin Altan Jazz Manouche Project Konseri ile devam edecek\",\"datePublished\":\"2024-09-28T10:24:58+00:00\",\"mainEntityOfPage\":{\"@id\":\"https:\\\/\\\/kuzeyinsesi.org\\\/index.php\\\/2024\\\/09\\\/28\\\/uluslararasi-kuzey-kibris-muzik-festivali-huseyin-altan-jazz-manouche-project-konseri-ile-devam-edecek\\\/\"},\"wordCount\":350,\"commentCount\":0,\"image\":{\"@id\":\"https:\\\/\\\/kuzeyinsesi.org\\\/index.php\\\/2024\\\/09\\\/28\\\/uluslararasi-kuzey-kibris-muzik-festivali-huseyin-altan-jazz-manouche-project-konseri-ile-devam-edecek\\\/#primaryimage\"},\"thumbnailUrl\":\"https:\\\/\\\/kuzeyinsesi.org\\\/wp-content\\\/uploads\\\/2024\\\/09\\\/muzik-festivali-2-.jpg\",\"articleSection\":[\"Ya\u015fam\"],\"inLanguage\":\"tr\",\"potentialAction\":[{\"@type\":\"CommentAction\",\"name\":\"Comment\",\"target\":[\"https:\\\/\\\/kuzeyinsesi.org\\\/index.php\\\/2024\\\/09\\\/28\\\/uluslararasi-kuzey-kibris-muzik-festivali-huseyin-altan-jazz-manouche-project-konseri-ile-devam-edecek\\\/#respond\"]}]},{\"@type\":\"WebPage\",\"@id\":\"https:\\\/\\\/kuzeyinsesi.org\\\/index.php\\\/2024\\\/09\\\/28\\\/uluslararasi-kuzey-kibris-muzik-festivali-huseyin-altan-jazz-manouche-project-konseri-ile-devam-edecek\\\/\",\"url\":\"https:\\\/\\\/kuzeyinsesi.org\\\/index.php\\\/2024\\\/09\\\/28\\\/uluslararasi-kuzey-kibris-muzik-festivali-huseyin-altan-jazz-manouche-project-konseri-ile-devam-edecek\\\/\",\"name\":\"Uluslararas\u0131 Kuzey K\u0131br\u0131s M\u00fczik Festivali H\u00fcseyin Altan Jazz Manouche Project Konseri ile devam edecek - Kuzeyin Sesi\",\"isPartOf\":{\"@id\":\"https:\\\/\\\/kuzeyinsesi.org\\\/#website\"},\"primaryImageOfPage\":{\"@id\":\"https:\\\/\\\/kuzeyinsesi.org\\\/index.php\\\/2024\\\/09\\\/28\\\/uluslararasi-kuzey-kibris-muzik-festivali-huseyin-altan-jazz-manouche-project-konseri-ile-devam-edecek\\\/#primaryimage\"},\"image\":{\"@id\":\"https:\\\/\\\/kuzeyinsesi.org\\\/index.php\\\/2024\\\/09\\\/28\\\/uluslararasi-kuzey-kibris-muzik-festivali-huseyin-altan-jazz-manouche-project-konseri-ile-devam-edecek\\\/#primaryimage\"},\"thumbnailUrl\":\"https:\\\/\\\/kuzeyinsesi.org\\\/wp-content\\\/uploads\\\/2024\\\/09\\\/muzik-festivali-2-.jpg\",\"datePublished\":\"2024-09-28T10:24:58+00:00\",\"author\":{\"@id\":\"https:\\\/\\\/kuzeyinsesi.org\\\/#\\\/schema\\\/person\\\/9f859689cdf01485597712386e37f5aa\"},\"breadcrumb\":{\"@id\":\"https:\\\/\\\/kuzeyinsesi.org\\\/index.php\\\/2024\\\/09\\\/28\\\/uluslararasi-kuzey-kibris-muzik-festivali-huseyin-altan-jazz-manouche-project-konseri-ile-devam-edecek\\\/#breadcrumb\"},\"inLanguage\":\"tr\",\"potentialAction\":[{\"@type\":\"ReadAction\",\"target\":[\"https:\\\/\\\/kuzeyinsesi.org\\\/index.php\\\/2024\\\/09\\\/28\\\/uluslararasi-kuzey-kibris-muzik-festivali-huseyin-altan-jazz-manouche-project-konseri-ile-devam-edecek\\\/\"]}]},{\"@type\":\"ImageObject\",\"inLanguage\":\"tr\",\"@id\":\"https:\\\/\\\/kuzeyinsesi.org\\\/index.php\\\/2024\\\/09\\\/28\\\/uluslararasi-kuzey-kibris-muzik-festivali-huseyin-altan-jazz-manouche-project-konseri-ile-devam-edecek\\\/#primaryimage\",\"url\":\"https:\\\/\\\/kuzeyinsesi.org\\\/wp-content\\\/uploads\\\/2024\\\/09\\\/muzik-festivali-2-.jpg\",\"contentUrl\":\"https:\\\/\\\/kuzeyinsesi.org\\\/wp-content\\\/uploads\\\/2024\\\/09\\\/muzik-festivali-2-.jpg\",\"width\":1080,\"height\":1080},{\"@type\":\"BreadcrumbList\",\"@id\":\"https:\\\/\\\/kuzeyinsesi.org\\\/index.php\\\/2024\\\/09\\\/28\\\/uluslararasi-kuzey-kibris-muzik-festivali-huseyin-altan-jazz-manouche-project-konseri-ile-devam-edecek\\\/#breadcrumb\",\"itemListElement\":[{\"@type\":\"ListItem\",\"position\":1,\"name\":\"Anasayfa\",\"item\":\"https:\\\/\\\/kuzeyinsesi.org\\\/\"},{\"@type\":\"ListItem\",\"position\":2,\"name\":\"Uluslararas\u0131 Kuzey K\u0131br\u0131s M\u00fczik Festivali H\u00fcseyin Altan Jazz Manouche Project Konseri ile devam edecek\"}]},{\"@type\":\"WebSite\",\"@id\":\"https:\\\/\\\/kuzeyinsesi.org\\\/#website\",\"url\":\"https:\\\/\\\/kuzeyinsesi.org\\\/\",\"name\":\"Kuzeyin Sesi\",\"description\":\"Do\u011fru Haberin Adresi\",\"potentialAction\":[{\"@type\":\"SearchAction\",\"target\":{\"@type\":\"EntryPoint\",\"urlTemplate\":\"https:\\\/\\\/kuzeyinsesi.org\\\/?s={search_term_string}\"},\"query-input\":{\"@type\":\"PropertyValueSpecification\",\"valueRequired\":true,\"valueName\":\"search_term_string\"}}],\"inLanguage\":\"tr\"},{\"@type\":\"Person\",\"@id\":\"https:\\\/\\\/kuzeyinsesi.org\\\/#\\\/schema\\\/person\\\/9f859689cdf01485597712386e37f5aa\",\"name\":\"Kuzeyin Sesi\",\"image\":{\"@type\":\"ImageObject\",\"inLanguage\":\"tr\",\"@id\":\"https:\\\/\\\/secure.gravatar.com\\\/avatar\\\/bab33852abfd8b282518d6ed81826833d77c3c882d9ab608add591ccace47a44?s=96&d=mm&r=g\",\"url\":\"https:\\\/\\\/secure.gravatar.com\\\/avatar\\\/bab33852abfd8b282518d6ed81826833d77c3c882d9ab608add591ccace47a44?s=96&d=mm&r=g\",\"contentUrl\":\"https:\\\/\\\/secure.gravatar.com\\\/avatar\\\/bab33852abfd8b282518d6ed81826833d77c3c882d9ab608add591ccace47a44?s=96&d=mm&r=g\",\"caption\":\"Kuzeyin Sesi\"},\"sameAs\":[\"https:\\\/\\\/kuzeyinsesi.org\"],\"url\":\"https:\\\/\\\/kuzeyinsesi.org\\\/index.php\\\/author\\\/guven\\\/\"}]}<\/script>\n<!-- \/ Yoast SEO plugin. -->","yoast_head_json":{"title":"Uluslararas\u0131 Kuzey K\u0131br\u0131s M\u00fczik Festivali H\u00fcseyin Altan Jazz Manouche Project Konseri ile devam edecek - Kuzeyin Sesi","robots":{"index":"index","follow":"follow","max-snippet":"max-snippet:-1","max-image-preview":"max-image-preview:large","max-video-preview":"max-video-preview:-1"},"canonical":"https:\/\/kuzeyinsesi.org\/index.php\/2024\/09\/28\/uluslararasi-kuzey-kibris-muzik-festivali-huseyin-altan-jazz-manouche-project-konseri-ile-devam-edecek\/","og_locale":"tr_TR","og_type":"article","og_title":"Uluslararas\u0131 Kuzey K\u0131br\u0131s M\u00fczik Festivali H\u00fcseyin Altan Jazz Manouche Project Konseri ile devam edecek - Kuzeyin Sesi","og_description":"Kuzey K\u0131br\u0131s M\u00fczik Derne\u011fi\u2019nin, Turizm ve K\u00fclt\u00fcr Bakanl\u0131\u011f\u0131, Deniz Plaza, Rocks Hotel, Bellapais Gardens, Kybele ve Huzur A\u011fa\u00e7 katk\u0131lar\u0131yla 22.sini ger\u00e7ekle\u015ftirdi\u011fi Uluslararas\u0131 Kuzey K\u0131br\u0131s M\u00fczik Festivali 30 Eyl\u00fcl Pazartesi ak\u015fam\u0131 H\u00fcseyin Altan Jazz Manouche Project Konseri ile devam edecek. Kuzey K\u0131br\u0131s M\u00fczik Derne\u011fi\u2019ndenb yap\u0131lan a\u00e7\u0131klamaya g\u00f6re, \u00a0Bellapais Manast\u0131r\u0131\u2019 nda pazartesi ak\u015fam\u0131 saat 20.30\u2019 da yer [&hellip;]","og_url":"https:\/\/kuzeyinsesi.org\/index.php\/2024\/09\/28\/uluslararasi-kuzey-kibris-muzik-festivali-huseyin-altan-jazz-manouche-project-konseri-ile-devam-edecek\/","og_site_name":"Kuzeyin Sesi","article_publisher":"https:\/\/www.facebook.com\/kuzeyinsesii","article_published_time":"2024-09-28T10:24:58+00:00","og_image":[{"url":"https:\/\/brtk.net\/wp-content\/uploads\/2024\/09\/28\/muzik-festivali-2-.jpg?ver=e37beee8cd72dbd63b6578ee1fbf594a","type":"","width":"","height":""}],"author":"Kuzeyin Sesi","twitter_card":"summary_large_image","twitter_creator":"@kuzeyinsesii","twitter_site":"@kuzeyinsesii","twitter_misc":{"Yazan:":"Kuzeyin Sesi","Tahmini okuma s\u00fcresi":"2 dakika"},"schema":{"@context":"https:\/\/schema.org","@graph":[{"@type":"Article","@id":"https:\/\/kuzeyinsesi.org\/index.php\/2024\/09\/28\/uluslararasi-kuzey-kibris-muzik-festivali-huseyin-altan-jazz-manouche-project-konseri-ile-devam-edecek\/#article","isPartOf":{"@id":"https:\/\/kuzeyinsesi.org\/index.php\/2024\/09\/28\/uluslararasi-kuzey-kibris-muzik-festivali-huseyin-altan-jazz-manouche-project-konseri-ile-devam-edecek\/"},"author":{"name":"Kuzeyin Sesi","@id":"https:\/\/kuzeyinsesi.org\/#\/schema\/person\/9f859689cdf01485597712386e37f5aa"},"headline":"Uluslararas\u0131 Kuzey K\u0131br\u0131s M\u00fczik Festivali H\u00fcseyin Altan Jazz Manouche Project Konseri ile devam edecek","datePublished":"2024-09-28T10:24:58+00:00","mainEntityOfPage":{"@id":"https:\/\/kuzeyinsesi.org\/index.php\/2024\/09\/28\/uluslararasi-kuzey-kibris-muzik-festivali-huseyin-altan-jazz-manouche-project-konseri-ile-devam-edecek\/"},"wordCount":350,"commentCount":0,"image":{"@id":"https:\/\/kuzeyinsesi.org\/index.php\/2024\/09\/28\/uluslararasi-kuzey-kibris-muzik-festivali-huseyin-altan-jazz-manouche-project-konseri-ile-devam-edecek\/#primaryimage"},"thumbnailUrl":"https:\/\/kuzeyinsesi.org\/wp-content\/uploads\/2024\/09\/muzik-festivali-2-.jpg","articleSection":["Ya\u015fam"],"inLanguage":"tr","potentialAction":[{"@type":"CommentAction","name":"Comment","target":["https:\/\/kuzeyinsesi.org\/index.php\/2024\/09\/28\/uluslararasi-kuzey-kibris-muzik-festivali-huseyin-altan-jazz-manouche-project-konseri-ile-devam-edecek\/#respond"]}]},{"@type":"WebPage","@id":"https:\/\/kuzeyinsesi.org\/index.php\/2024\/09\/28\/uluslararasi-kuzey-kibris-muzik-festivali-huseyin-altan-jazz-manouche-project-konseri-ile-devam-edecek\/","url":"https:\/\/kuzeyinsesi.org\/index.php\/2024\/09\/28\/uluslararasi-kuzey-kibris-muzik-festivali-huseyin-altan-jazz-manouche-project-konseri-ile-devam-edecek\/","name":"Uluslararas\u0131 Kuzey K\u0131br\u0131s M\u00fczik Festivali H\u00fcseyin Altan Jazz Manouche Project Konseri ile devam edecek - Kuzeyin Sesi","isPartOf":{"@id":"https:\/\/kuzeyinsesi.org\/#website"},"primaryImageOfPage":{"@id":"https:\/\/kuzeyinsesi.org\/index.php\/2024\/09\/28\/uluslararasi-kuzey-kibris-muzik-festivali-huseyin-altan-jazz-manouche-project-konseri-ile-devam-edecek\/#primaryimage"},"image":{"@id":"https:\/\/kuzeyinsesi.org\/index.php\/2024\/09\/28\/uluslararasi-kuzey-kibris-muzik-festivali-huseyin-altan-jazz-manouche-project-konseri-ile-devam-edecek\/#primaryimage"},"thumbnailUrl":"https:\/\/kuzeyinsesi.org\/wp-content\/uploads\/2024\/09\/muzik-festivali-2-.jpg","datePublished":"2024-09-28T10:24:58+00:00","author":{"@id":"https:\/\/kuzeyinsesi.org\/#\/schema\/person\/9f859689cdf01485597712386e37f5aa"},"breadcrumb":{"@id":"https:\/\/kuzeyinsesi.org\/index.php\/2024\/09\/28\/uluslararasi-kuzey-kibris-muzik-festivali-huseyin-altan-jazz-manouche-project-konseri-ile-devam-edecek\/#breadcrumb"},"inLanguage":"tr","potentialAction":[{"@type":"ReadAction","target":["https:\/\/kuzeyinsesi.org\/index.php\/2024\/09\/28\/uluslararasi-kuzey-kibris-muzik-festivali-huseyin-altan-jazz-manouche-project-konseri-ile-devam-edecek\/"]}]},{"@type":"ImageObject","inLanguage":"tr","@id":"https:\/\/kuzeyinsesi.org\/index.php\/2024\/09\/28\/uluslararasi-kuzey-kibris-muzik-festivali-huseyin-altan-jazz-manouche-project-konseri-ile-devam-edecek\/#primaryimage","url":"https:\/\/kuzeyinsesi.org\/wp-content\/uploads\/2024\/09\/muzik-festivali-2-.jpg","contentUrl":"https:\/\/kuzeyinsesi.org\/wp-content\/uploads\/2024\/09\/muzik-festivali-2-.jpg","width":1080,"height":1080},{"@type":"BreadcrumbList","@id":"https:\/\/kuzeyinsesi.org\/index.php\/2024\/09\/28\/uluslararasi-kuzey-kibris-muzik-festivali-huseyin-altan-jazz-manouche-project-konseri-ile-devam-edecek\/#breadcrumb","itemListElement":[{"@type":"ListItem","position":1,"name":"Anasayfa","item":"https:\/\/kuzeyinsesi.org\/"},{"@type":"ListItem","position":2,"name":"Uluslararas\u0131 Kuzey K\u0131br\u0131s M\u00fczik Festivali H\u00fcseyin Altan Jazz Manouche Project Konseri ile devam edecek"}]},{"@type":"WebSite","@id":"https:\/\/kuzeyinsesi.org\/#website","url":"https:\/\/kuzeyinsesi.org\/","name":"Kuzeyin Sesi","description":"Do\u011fru Haberin Adresi","potentialAction":[{"@type":"SearchAction","target":{"@type":"EntryPoint","urlTemplate":"https:\/\/kuzeyinsesi.org\/?s={search_term_string}"},"query-input":{"@type":"PropertyValueSpecification","valueRequired":true,"valueName":"search_term_string"}}],"inLanguage":"tr"},{"@type":"Person","@id":"https:\/\/kuzeyinsesi.org\/#\/schema\/person\/9f859689cdf01485597712386e37f5aa","name":"Kuzeyin Sesi","image":{"@type":"ImageObject","inLanguage":"tr","@id":"https:\/\/secure.gravatar.com\/avatar\/bab33852abfd8b282518d6ed81826833d77c3c882d9ab608add591ccace47a44?s=96&d=mm&r=g","url":"https:\/\/secure.gravatar.com\/avatar\/bab33852abfd8b282518d6ed81826833d77c3c882d9ab608add591ccace47a44?s=96&d=mm&r=g","contentUrl":"https:\/\/secure.gravatar.com\/avatar\/bab33852abfd8b282518d6ed81826833d77c3c882d9ab608add591ccace47a44?s=96&d=mm&r=g","caption":"Kuzeyin Sesi"},"sameAs":["https:\/\/kuzeyinsesi.org"],"url":"https:\/\/kuzeyinsesi.org\/index.php\/author\/guven\/"}]}},"_links":{"self":[{"href":"https:\/\/kuzeyinsesi.org\/index.php\/wp-json\/wp\/v2\/posts\/10598","targetHints":{"allow":["GET"]}}],"collection":[{"href":"https:\/\/kuzeyinsesi.org\/index.php\/wp-json\/wp\/v2\/posts"}],"about":[{"href":"https:\/\/kuzeyinsesi.org\/index.php\/wp-json\/wp\/v2\/types\/post"}],"author":[{"embeddable":true,"href":"https:\/\/kuzeyinsesi.org\/index.php\/wp-json\/wp\/v2\/users\/1"}],"replies":[{"embeddable":true,"href":"https:\/\/kuzeyinsesi.org\/index.php\/wp-json\/wp\/v2\/comments?post=10598"}],"version-history":[{"count":0,"href":"https:\/\/kuzeyinsesi.org\/index.php\/wp-json\/wp\/v2\/posts\/10598\/revisions"}],"wp:featuredmedia":[{"embeddable":true,"href":"https:\/\/kuzeyinsesi.org\/index.php\/wp-json\/wp\/v2\/media\/10599"}],"wp:attachment":[{"href":"https:\/\/kuzeyinsesi.org\/index.php\/wp-json\/wp\/v2\/media?parent=10598"}],"wp:term":[{"taxonomy":"category","embeddable":true,"href":"https:\/\/kuzeyinsesi.org\/index.php\/wp-json\/wp\/v2\/categories?post=10598"},{"taxonomy":"post_tag","embeddable":true,"href":"https:\/\/kuzeyinsesi.org\/index.php\/wp-json\/wp\/v2\/tags?post=10598"}],"curies":[{"name":"wp","href":"https:\/\/api.w.org\/{rel}","templated":true}]}}