{"id":10580,"date":"2024-09-27T20:55:06","date_gmt":"2024-09-27T17:55:06","guid":{"rendered":"https:\/\/kuzeyinsesi.org\/index.php\/2024\/09\/27\/ilk-kadin-sairlerden-necla-salih-suphinin-siir-kitabi-icimdeki-dunya-tanitildi\/"},"modified":"2024-09-27T20:55:06","modified_gmt":"2024-09-27T17:55:06","slug":"ilk-kadin-sairlerden-necla-salih-suphinin-siir-kitabi-icimdeki-dunya-tanitildi","status":"publish","type":"post","link":"https:\/\/kuzeyinsesi.org\/index.php\/2024\/09\/27\/ilk-kadin-sairlerden-necla-salih-suphinin-siir-kitabi-icimdeki-dunya-tanitildi\/","title":{"rendered":"\u0130lk kad\u0131n \u015fairlerden Necla Salih Suphi\u2019nin \u015fiir kitab\u0131 \u201c\u0130\u00e7imdeki D\u00fcnya\u201d tan\u0131t\u0131ld\u0131"},"content":{"rendered":"<div>\n<div class=\"mariselle-image-container center\">\n                                            <\/div>\n<p>K\u0131br\u0131s T\u00fcrk Edebiyat\u0131\u2019n\u0131n ilk kad\u0131n \u015fairlerinden Necla Salih Suphi\u2019nin \u015fiir kitab\u0131 \u201c\u0130\u00e7imdeki D\u00fcnya\u201d tan\u0131t\u0131ld\u0131.<\/p>\n<p>Necla Salih Suphi\u2019nin k\u0131z\u0131 Nilden Eminer\u2019in derledi\u011fi ve o\u011flu Nevhan Emin\u2019in tasarlad\u0131\u011f\u0131 kitap i\u00e7in sal\u0131 ak\u015fam\u0131 Lefko\u015fa R\u00fcstem Kitabevi\u2019nde tan\u0131t\u0131m gecesi d\u00fczenlendi. <\/p>\n<p>\u015eair Suphi\u2019nin sayg\u0131yla an\u0131ld\u0131\u011f\u0131 etkinli\u011fin moderat\u00f6rl\u00fc\u011f\u00fcn\u00fc e\u011fitimci-yazar Akile Ruh \u00fcstlendi. Gece boyunca \u015fairin \u015fiirleri, ara\u015ft\u0131rmac\u0131-tiyatro oyun yazar\u0131 Sevil Emirzade\u2019nin yorumuyla seslendirilirken, ara\u015ft\u0131rmac\u0131 akademisyen Bekir Azg\u0131n konu\u015fma yaparak \u015fairin ve eserlerinin \u00f6nemine de\u011findi.<\/p>\n<p>Etkinlikte, ayr\u0131ca, Arven Nalc\u0131o\u011flu b\u00fcy\u00fck anneannesi Necla Salih Suphi\u2019nin 1994 y\u0131l\u0131nda kaleme ald\u0131\u011f\u0131 \u201cK\u0131br\u0131s\u2019\u0131m\u201d adl\u0131 \u015fiirini okudu.<\/p>\n<p>Nilden Eminer, gecede yapt\u0131\u011f\u0131 konu\u015fmada, annesinin \u015fiirlerini y\u0131llar sonra kitapla\u015ft\u0131rman\u0131n hem onun vasiyetini yerine getirmek hem de K\u0131br\u0131s T\u00fcrk Edebiyat\u0131\u2019na katk\u0131 sa\u011flamak a\u00e7\u0131s\u0131ndan b\u00fcy\u00fck bir mutluluk kayna\u011f\u0131 oldu\u011funu belirterek, gecede eme\u011fi ge\u00e7en herkese te\u015fekk\u00fcr etti.<\/p>\n<\/p><\/div>\n<p><script async\n                    defer\n                    crossorigin=\"anonymous\"\n                    src=\"https:\/\/connect.facebook.net\/tr_TR\/sdk.js#xfbml=1&#038;version=v3.3\"\n            ><\/script><\/p>\n","protected":false},"excerpt":{"rendered":"<p>K\u0131br\u0131s T\u00fcrk Edebiyat\u0131\u2019n\u0131n ilk kad\u0131n \u015fairlerinden Necla Salih Suphi\u2019nin \u015fiir kitab\u0131 \u201c\u0130\u00e7imdeki D\u00fcnya\u201d tan\u0131t\u0131ld\u0131. Necla Salih Suphi\u2019nin k\u0131z\u0131 Nilden Eminer\u2019in derledi\u011fi ve o\u011flu Nevhan Emin\u2019in tasarlad\u0131\u011f\u0131 kitap i\u00e7in sal\u0131 ak\u015fam\u0131 Lefko\u015fa R\u00fcstem Kitabevi\u2019nde tan\u0131t\u0131m gecesi d\u00fczenlendi. \u015eair Suphi\u2019nin sayg\u0131yla an\u0131ld\u0131\u011f\u0131 etkinli\u011fin moderat\u00f6rl\u00fc\u011f\u00fcn\u00fc e\u011fitimci-yazar Akile Ruh \u00fcstlendi. Gece boyunca \u015fairin \u015fiirleri, ara\u015ft\u0131rmac\u0131-tiyatro oyun yazar\u0131 Sevil Emirzade\u2019nin [&hellip;]<\/p>\n","protected":false},"author":1,"featured_media":10581,"comment_status":"open","ping_status":"open","sticky":false,"template":"","format":"standard","meta":{"jnews-multi-image_gallery":[],"jnews_single_post":[],"jnews_primary_category":[],"jnews_social_meta":[],"jnews_override_counter":[],"footnotes":""},"categories":[6],"tags":[],"class_list":["post-10580","post","type-post","status-publish","format-standard","has-post-thumbnail","hentry","category-yasam"],"yoast_head":"<!-- This site is optimized with the Yoast SEO plugin v27.4 - https:\/\/yoast.com\/product\/yoast-seo-wordpress\/ -->\n<title>\u0130lk kad\u0131n \u015fairlerden Necla Salih Suphi\u2019nin \u015fiir kitab\u0131 \u201c\u0130\u00e7imdeki D\u00fcnya\u201d tan\u0131t\u0131ld\u0131 - Kuzeyin Sesi<\/title>\n<meta name=\"robots\" content=\"index, follow, max-snippet:-1, max-image-preview:large, max-video-preview:-1\" \/>\n<link rel=\"canonical\" href=\"https:\/\/kuzeyinsesi.org\/index.php\/2024\/09\/27\/ilk-kadin-sairlerden-necla-salih-suphinin-siir-kitabi-icimdeki-dunya-tanitildi\/\" \/>\n<meta property=\"og:locale\" content=\"tr_TR\" \/>\n<meta property=\"og:type\" content=\"article\" \/>\n<meta property=\"og:title\" content=\"\u0130lk kad\u0131n \u015fairlerden Necla Salih Suphi\u2019nin \u015fiir kitab\u0131 \u201c\u0130\u00e7imdeki D\u00fcnya\u201d tan\u0131t\u0131ld\u0131 - Kuzeyin Sesi\" \/>\n<meta property=\"og:description\" content=\"K\u0131br\u0131s T\u00fcrk Edebiyat\u0131\u2019n\u0131n ilk kad\u0131n \u015fairlerinden Necla Salih Suphi\u2019nin \u015fiir kitab\u0131 \u201c\u0130\u00e7imdeki D\u00fcnya\u201d tan\u0131t\u0131ld\u0131. Necla Salih Suphi\u2019nin k\u0131z\u0131 Nilden Eminer\u2019in derledi\u011fi ve o\u011flu Nevhan Emin\u2019in tasarlad\u0131\u011f\u0131 kitap i\u00e7in sal\u0131 ak\u015fam\u0131 Lefko\u015fa R\u00fcstem Kitabevi\u2019nde tan\u0131t\u0131m gecesi d\u00fczenlendi. \u015eair Suphi\u2019nin sayg\u0131yla an\u0131ld\u0131\u011f\u0131 etkinli\u011fin moderat\u00f6rl\u00fc\u011f\u00fcn\u00fc e\u011fitimci-yazar Akile Ruh \u00fcstlendi. Gece boyunca \u015fairin \u015fiirleri, ara\u015ft\u0131rmac\u0131-tiyatro oyun yazar\u0131 Sevil Emirzade\u2019nin [&hellip;]\" \/>\n<meta property=\"og:url\" content=\"https:\/\/kuzeyinsesi.org\/index.php\/2024\/09\/27\/ilk-kadin-sairlerden-necla-salih-suphinin-siir-kitabi-icimdeki-dunya-tanitildi\/\" \/>\n<meta property=\"og:site_name\" content=\"Kuzeyin Sesi\" \/>\n<meta property=\"article:publisher\" content=\"https:\/\/www.facebook.com\/kuzeyinsesii\" \/>\n<meta property=\"article:published_time\" content=\"2024-09-27T17:55:06+00:00\" \/>\n<meta property=\"og:image\" content=\"https:\/\/brtk.net\/wp-content\/uploads\/2024\/09\/27\/lkasjda.png?ver=6d0081a17e76fd06eb42f1e0ae4b7f16\" \/>\n<meta name=\"author\" content=\"Kuzeyin Sesi\" \/>\n<meta name=\"twitter:card\" content=\"summary_large_image\" \/>\n<meta name=\"twitter:creator\" content=\"@kuzeyinsesii\" \/>\n<meta name=\"twitter:site\" content=\"@kuzeyinsesii\" \/>\n<meta name=\"twitter:label1\" content=\"Yazan:\" \/>\n\t<meta name=\"twitter:data1\" content=\"Kuzeyin Sesi\" \/>\n\t<meta name=\"twitter:label2\" content=\"Tahmini okuma s\u00fcresi\" \/>\n\t<meta name=\"twitter:data2\" content=\"1 dakika\" \/>\n<script type=\"application\/ld+json\" class=\"yoast-schema-graph\">{\"@context\":\"https:\\\/\\\/schema.org\",\"@graph\":[{\"@type\":\"Article\",\"@id\":\"https:\\\/\\\/kuzeyinsesi.org\\\/index.php\\\/2024\\\/09\\\/27\\\/ilk-kadin-sairlerden-necla-salih-suphinin-siir-kitabi-icimdeki-dunya-tanitildi\\\/#article\",\"isPartOf\":{\"@id\":\"https:\\\/\\\/kuzeyinsesi.org\\\/index.php\\\/2024\\\/09\\\/27\\\/ilk-kadin-sairlerden-necla-salih-suphinin-siir-kitabi-icimdeki-dunya-tanitildi\\\/\"},\"author\":{\"name\":\"Kuzeyin Sesi\",\"@id\":\"https:\\\/\\\/kuzeyinsesi.org\\\/#\\\/schema\\\/person\\\/9f859689cdf01485597712386e37f5aa\"},\"headline\":\"\u0130lk kad\u0131n \u015fairlerden Necla Salih Suphi\u2019nin \u015fiir kitab\u0131 \u201c\u0130\u00e7imdeki D\u00fcnya\u201d tan\u0131t\u0131ld\u0131\",\"datePublished\":\"2024-09-27T17:55:06+00:00\",\"mainEntityOfPage\":{\"@id\":\"https:\\\/\\\/kuzeyinsesi.org\\\/index.php\\\/2024\\\/09\\\/27\\\/ilk-kadin-sairlerden-necla-salih-suphinin-siir-kitabi-icimdeki-dunya-tanitildi\\\/\"},\"wordCount\":205,\"commentCount\":0,\"image\":{\"@id\":\"https:\\\/\\\/kuzeyinsesi.org\\\/index.php\\\/2024\\\/09\\\/27\\\/ilk-kadin-sairlerden-necla-salih-suphinin-siir-kitabi-icimdeki-dunya-tanitildi\\\/#primaryimage\"},\"thumbnailUrl\":\"https:\\\/\\\/kuzeyinsesi.org\\\/wp-content\\\/uploads\\\/2024\\\/09\\\/lkasjda.png\",\"articleSection\":[\"Ya\u015fam\"],\"inLanguage\":\"tr\",\"potentialAction\":[{\"@type\":\"CommentAction\",\"name\":\"Comment\",\"target\":[\"https:\\\/\\\/kuzeyinsesi.org\\\/index.php\\\/2024\\\/09\\\/27\\\/ilk-kadin-sairlerden-necla-salih-suphinin-siir-kitabi-icimdeki-dunya-tanitildi\\\/#respond\"]}]},{\"@type\":\"WebPage\",\"@id\":\"https:\\\/\\\/kuzeyinsesi.org\\\/index.php\\\/2024\\\/09\\\/27\\\/ilk-kadin-sairlerden-necla-salih-suphinin-siir-kitabi-icimdeki-dunya-tanitildi\\\/\",\"url\":\"https:\\\/\\\/kuzeyinsesi.org\\\/index.php\\\/2024\\\/09\\\/27\\\/ilk-kadin-sairlerden-necla-salih-suphinin-siir-kitabi-icimdeki-dunya-tanitildi\\\/\",\"name\":\"\u0130lk kad\u0131n \u015fairlerden Necla Salih Suphi\u2019nin \u015fiir kitab\u0131 \u201c\u0130\u00e7imdeki D\u00fcnya\u201d tan\u0131t\u0131ld\u0131 - Kuzeyin Sesi\",\"isPartOf\":{\"@id\":\"https:\\\/\\\/kuzeyinsesi.org\\\/#website\"},\"primaryImageOfPage\":{\"@id\":\"https:\\\/\\\/kuzeyinsesi.org\\\/index.php\\\/2024\\\/09\\\/27\\\/ilk-kadin-sairlerden-necla-salih-suphinin-siir-kitabi-icimdeki-dunya-tanitildi\\\/#primaryimage\"},\"image\":{\"@id\":\"https:\\\/\\\/kuzeyinsesi.org\\\/index.php\\\/2024\\\/09\\\/27\\\/ilk-kadin-sairlerden-necla-salih-suphinin-siir-kitabi-icimdeki-dunya-tanitildi\\\/#primaryimage\"},\"thumbnailUrl\":\"https:\\\/\\\/kuzeyinsesi.org\\\/wp-content\\\/uploads\\\/2024\\\/09\\\/lkasjda.png\",\"datePublished\":\"2024-09-27T17:55:06+00:00\",\"author\":{\"@id\":\"https:\\\/\\\/kuzeyinsesi.org\\\/#\\\/schema\\\/person\\\/9f859689cdf01485597712386e37f5aa\"},\"breadcrumb\":{\"@id\":\"https:\\\/\\\/kuzeyinsesi.org\\\/index.php\\\/2024\\\/09\\\/27\\\/ilk-kadin-sairlerden-necla-salih-suphinin-siir-kitabi-icimdeki-dunya-tanitildi\\\/#breadcrumb\"},\"inLanguage\":\"tr\",\"potentialAction\":[{\"@type\":\"ReadAction\",\"target\":[\"https:\\\/\\\/kuzeyinsesi.org\\\/index.php\\\/2024\\\/09\\\/27\\\/ilk-kadin-sairlerden-necla-salih-suphinin-siir-kitabi-icimdeki-dunya-tanitildi\\\/\"]}]},{\"@type\":\"ImageObject\",\"inLanguage\":\"tr\",\"@id\":\"https:\\\/\\\/kuzeyinsesi.org\\\/index.php\\\/2024\\\/09\\\/27\\\/ilk-kadin-sairlerden-necla-salih-suphinin-siir-kitabi-icimdeki-dunya-tanitildi\\\/#primaryimage\",\"url\":\"https:\\\/\\\/kuzeyinsesi.org\\\/wp-content\\\/uploads\\\/2024\\\/09\\\/lkasjda.png\",\"contentUrl\":\"https:\\\/\\\/kuzeyinsesi.org\\\/wp-content\\\/uploads\\\/2024\\\/09\\\/lkasjda.png\",\"width\":2436,\"height\":1125},{\"@type\":\"BreadcrumbList\",\"@id\":\"https:\\\/\\\/kuzeyinsesi.org\\\/index.php\\\/2024\\\/09\\\/27\\\/ilk-kadin-sairlerden-necla-salih-suphinin-siir-kitabi-icimdeki-dunya-tanitildi\\\/#breadcrumb\",\"itemListElement\":[{\"@type\":\"ListItem\",\"position\":1,\"name\":\"Anasayfa\",\"item\":\"https:\\\/\\\/kuzeyinsesi.org\\\/\"},{\"@type\":\"ListItem\",\"position\":2,\"name\":\"\u0130lk kad\u0131n \u015fairlerden Necla Salih Suphi\u2019nin \u015fiir kitab\u0131 \u201c\u0130\u00e7imdeki D\u00fcnya\u201d tan\u0131t\u0131ld\u0131\"}]},{\"@type\":\"WebSite\",\"@id\":\"https:\\\/\\\/kuzeyinsesi.org\\\/#website\",\"url\":\"https:\\\/\\\/kuzeyinsesi.org\\\/\",\"name\":\"Kuzeyin Sesi\",\"description\":\"Do\u011fru Haberin Adresi\",\"potentialAction\":[{\"@type\":\"SearchAction\",\"target\":{\"@type\":\"EntryPoint\",\"urlTemplate\":\"https:\\\/\\\/kuzeyinsesi.org\\\/?s={search_term_string}\"},\"query-input\":{\"@type\":\"PropertyValueSpecification\",\"valueRequired\":true,\"valueName\":\"search_term_string\"}}],\"inLanguage\":\"tr\"},{\"@type\":\"Person\",\"@id\":\"https:\\\/\\\/kuzeyinsesi.org\\\/#\\\/schema\\\/person\\\/9f859689cdf01485597712386e37f5aa\",\"name\":\"Kuzeyin Sesi\",\"image\":{\"@type\":\"ImageObject\",\"inLanguage\":\"tr\",\"@id\":\"https:\\\/\\\/secure.gravatar.com\\\/avatar\\\/bab33852abfd8b282518d6ed81826833d77c3c882d9ab608add591ccace47a44?s=96&d=mm&r=g\",\"url\":\"https:\\\/\\\/secure.gravatar.com\\\/avatar\\\/bab33852abfd8b282518d6ed81826833d77c3c882d9ab608add591ccace47a44?s=96&d=mm&r=g\",\"contentUrl\":\"https:\\\/\\\/secure.gravatar.com\\\/avatar\\\/bab33852abfd8b282518d6ed81826833d77c3c882d9ab608add591ccace47a44?s=96&d=mm&r=g\",\"caption\":\"Kuzeyin Sesi\"},\"sameAs\":[\"https:\\\/\\\/kuzeyinsesi.org\"],\"url\":\"https:\\\/\\\/kuzeyinsesi.org\\\/index.php\\\/author\\\/guven\\\/\"}]}<\/script>\n<!-- \/ Yoast SEO plugin. -->","yoast_head_json":{"title":"\u0130lk kad\u0131n \u015fairlerden Necla Salih Suphi\u2019nin \u015fiir kitab\u0131 \u201c\u0130\u00e7imdeki D\u00fcnya\u201d tan\u0131t\u0131ld\u0131 - Kuzeyin Sesi","robots":{"index":"index","follow":"follow","max-snippet":"max-snippet:-1","max-image-preview":"max-image-preview:large","max-video-preview":"max-video-preview:-1"},"canonical":"https:\/\/kuzeyinsesi.org\/index.php\/2024\/09\/27\/ilk-kadin-sairlerden-necla-salih-suphinin-siir-kitabi-icimdeki-dunya-tanitildi\/","og_locale":"tr_TR","og_type":"article","og_title":"\u0130lk kad\u0131n \u015fairlerden Necla Salih Suphi\u2019nin \u015fiir kitab\u0131 \u201c\u0130\u00e7imdeki D\u00fcnya\u201d tan\u0131t\u0131ld\u0131 - Kuzeyin Sesi","og_description":"K\u0131br\u0131s T\u00fcrk Edebiyat\u0131\u2019n\u0131n ilk kad\u0131n \u015fairlerinden Necla Salih Suphi\u2019nin \u015fiir kitab\u0131 \u201c\u0130\u00e7imdeki D\u00fcnya\u201d tan\u0131t\u0131ld\u0131. Necla Salih Suphi\u2019nin k\u0131z\u0131 Nilden Eminer\u2019in derledi\u011fi ve o\u011flu Nevhan Emin\u2019in tasarlad\u0131\u011f\u0131 kitap i\u00e7in sal\u0131 ak\u015fam\u0131 Lefko\u015fa R\u00fcstem Kitabevi\u2019nde tan\u0131t\u0131m gecesi d\u00fczenlendi. \u015eair Suphi\u2019nin sayg\u0131yla an\u0131ld\u0131\u011f\u0131 etkinli\u011fin moderat\u00f6rl\u00fc\u011f\u00fcn\u00fc e\u011fitimci-yazar Akile Ruh \u00fcstlendi. Gece boyunca \u015fairin \u015fiirleri, ara\u015ft\u0131rmac\u0131-tiyatro oyun yazar\u0131 Sevil Emirzade\u2019nin [&hellip;]","og_url":"https:\/\/kuzeyinsesi.org\/index.php\/2024\/09\/27\/ilk-kadin-sairlerden-necla-salih-suphinin-siir-kitabi-icimdeki-dunya-tanitildi\/","og_site_name":"Kuzeyin Sesi","article_publisher":"https:\/\/www.facebook.com\/kuzeyinsesii","article_published_time":"2024-09-27T17:55:06+00:00","og_image":[{"url":"https:\/\/brtk.net\/wp-content\/uploads\/2024\/09\/27\/lkasjda.png?ver=6d0081a17e76fd06eb42f1e0ae4b7f16","type":"","width":"","height":""}],"author":"Kuzeyin Sesi","twitter_card":"summary_large_image","twitter_creator":"@kuzeyinsesii","twitter_site":"@kuzeyinsesii","twitter_misc":{"Yazan:":"Kuzeyin Sesi","Tahmini okuma s\u00fcresi":"1 dakika"},"schema":{"@context":"https:\/\/schema.org","@graph":[{"@type":"Article","@id":"https:\/\/kuzeyinsesi.org\/index.php\/2024\/09\/27\/ilk-kadin-sairlerden-necla-salih-suphinin-siir-kitabi-icimdeki-dunya-tanitildi\/#article","isPartOf":{"@id":"https:\/\/kuzeyinsesi.org\/index.php\/2024\/09\/27\/ilk-kadin-sairlerden-necla-salih-suphinin-siir-kitabi-icimdeki-dunya-tanitildi\/"},"author":{"name":"Kuzeyin Sesi","@id":"https:\/\/kuzeyinsesi.org\/#\/schema\/person\/9f859689cdf01485597712386e37f5aa"},"headline":"\u0130lk kad\u0131n \u015fairlerden Necla Salih Suphi\u2019nin \u015fiir kitab\u0131 \u201c\u0130\u00e7imdeki D\u00fcnya\u201d tan\u0131t\u0131ld\u0131","datePublished":"2024-09-27T17:55:06+00:00","mainEntityOfPage":{"@id":"https:\/\/kuzeyinsesi.org\/index.php\/2024\/09\/27\/ilk-kadin-sairlerden-necla-salih-suphinin-siir-kitabi-icimdeki-dunya-tanitildi\/"},"wordCount":205,"commentCount":0,"image":{"@id":"https:\/\/kuzeyinsesi.org\/index.php\/2024\/09\/27\/ilk-kadin-sairlerden-necla-salih-suphinin-siir-kitabi-icimdeki-dunya-tanitildi\/#primaryimage"},"thumbnailUrl":"https:\/\/kuzeyinsesi.org\/wp-content\/uploads\/2024\/09\/lkasjda.png","articleSection":["Ya\u015fam"],"inLanguage":"tr","potentialAction":[{"@type":"CommentAction","name":"Comment","target":["https:\/\/kuzeyinsesi.org\/index.php\/2024\/09\/27\/ilk-kadin-sairlerden-necla-salih-suphinin-siir-kitabi-icimdeki-dunya-tanitildi\/#respond"]}]},{"@type":"WebPage","@id":"https:\/\/kuzeyinsesi.org\/index.php\/2024\/09\/27\/ilk-kadin-sairlerden-necla-salih-suphinin-siir-kitabi-icimdeki-dunya-tanitildi\/","url":"https:\/\/kuzeyinsesi.org\/index.php\/2024\/09\/27\/ilk-kadin-sairlerden-necla-salih-suphinin-siir-kitabi-icimdeki-dunya-tanitildi\/","name":"\u0130lk kad\u0131n \u015fairlerden Necla Salih Suphi\u2019nin \u015fiir kitab\u0131 \u201c\u0130\u00e7imdeki D\u00fcnya\u201d tan\u0131t\u0131ld\u0131 - Kuzeyin Sesi","isPartOf":{"@id":"https:\/\/kuzeyinsesi.org\/#website"},"primaryImageOfPage":{"@id":"https:\/\/kuzeyinsesi.org\/index.php\/2024\/09\/27\/ilk-kadin-sairlerden-necla-salih-suphinin-siir-kitabi-icimdeki-dunya-tanitildi\/#primaryimage"},"image":{"@id":"https:\/\/kuzeyinsesi.org\/index.php\/2024\/09\/27\/ilk-kadin-sairlerden-necla-salih-suphinin-siir-kitabi-icimdeki-dunya-tanitildi\/#primaryimage"},"thumbnailUrl":"https:\/\/kuzeyinsesi.org\/wp-content\/uploads\/2024\/09\/lkasjda.png","datePublished":"2024-09-27T17:55:06+00:00","author":{"@id":"https:\/\/kuzeyinsesi.org\/#\/schema\/person\/9f859689cdf01485597712386e37f5aa"},"breadcrumb":{"@id":"https:\/\/kuzeyinsesi.org\/index.php\/2024\/09\/27\/ilk-kadin-sairlerden-necla-salih-suphinin-siir-kitabi-icimdeki-dunya-tanitildi\/#breadcrumb"},"inLanguage":"tr","potentialAction":[{"@type":"ReadAction","target":["https:\/\/kuzeyinsesi.org\/index.php\/2024\/09\/27\/ilk-kadin-sairlerden-necla-salih-suphinin-siir-kitabi-icimdeki-dunya-tanitildi\/"]}]},{"@type":"ImageObject","inLanguage":"tr","@id":"https:\/\/kuzeyinsesi.org\/index.php\/2024\/09\/27\/ilk-kadin-sairlerden-necla-salih-suphinin-siir-kitabi-icimdeki-dunya-tanitildi\/#primaryimage","url":"https:\/\/kuzeyinsesi.org\/wp-content\/uploads\/2024\/09\/lkasjda.png","contentUrl":"https:\/\/kuzeyinsesi.org\/wp-content\/uploads\/2024\/09\/lkasjda.png","width":2436,"height":1125},{"@type":"BreadcrumbList","@id":"https:\/\/kuzeyinsesi.org\/index.php\/2024\/09\/27\/ilk-kadin-sairlerden-necla-salih-suphinin-siir-kitabi-icimdeki-dunya-tanitildi\/#breadcrumb","itemListElement":[{"@type":"ListItem","position":1,"name":"Anasayfa","item":"https:\/\/kuzeyinsesi.org\/"},{"@type":"ListItem","position":2,"name":"\u0130lk kad\u0131n \u015fairlerden Necla Salih Suphi\u2019nin \u015fiir kitab\u0131 \u201c\u0130\u00e7imdeki D\u00fcnya\u201d tan\u0131t\u0131ld\u0131"}]},{"@type":"WebSite","@id":"https:\/\/kuzeyinsesi.org\/#website","url":"https:\/\/kuzeyinsesi.org\/","name":"Kuzeyin Sesi","description":"Do\u011fru Haberin Adresi","potentialAction":[{"@type":"SearchAction","target":{"@type":"EntryPoint","urlTemplate":"https:\/\/kuzeyinsesi.org\/?s={search_term_string}"},"query-input":{"@type":"PropertyValueSpecification","valueRequired":true,"valueName":"search_term_string"}}],"inLanguage":"tr"},{"@type":"Person","@id":"https:\/\/kuzeyinsesi.org\/#\/schema\/person\/9f859689cdf01485597712386e37f5aa","name":"Kuzeyin Sesi","image":{"@type":"ImageObject","inLanguage":"tr","@id":"https:\/\/secure.gravatar.com\/avatar\/bab33852abfd8b282518d6ed81826833d77c3c882d9ab608add591ccace47a44?s=96&d=mm&r=g","url":"https:\/\/secure.gravatar.com\/avatar\/bab33852abfd8b282518d6ed81826833d77c3c882d9ab608add591ccace47a44?s=96&d=mm&r=g","contentUrl":"https:\/\/secure.gravatar.com\/avatar\/bab33852abfd8b282518d6ed81826833d77c3c882d9ab608add591ccace47a44?s=96&d=mm&r=g","caption":"Kuzeyin Sesi"},"sameAs":["https:\/\/kuzeyinsesi.org"],"url":"https:\/\/kuzeyinsesi.org\/index.php\/author\/guven\/"}]}},"_links":{"self":[{"href":"https:\/\/kuzeyinsesi.org\/index.php\/wp-json\/wp\/v2\/posts\/10580","targetHints":{"allow":["GET"]}}],"collection":[{"href":"https:\/\/kuzeyinsesi.org\/index.php\/wp-json\/wp\/v2\/posts"}],"about":[{"href":"https:\/\/kuzeyinsesi.org\/index.php\/wp-json\/wp\/v2\/types\/post"}],"author":[{"embeddable":true,"href":"https:\/\/kuzeyinsesi.org\/index.php\/wp-json\/wp\/v2\/users\/1"}],"replies":[{"embeddable":true,"href":"https:\/\/kuzeyinsesi.org\/index.php\/wp-json\/wp\/v2\/comments?post=10580"}],"version-history":[{"count":0,"href":"https:\/\/kuzeyinsesi.org\/index.php\/wp-json\/wp\/v2\/posts\/10580\/revisions"}],"wp:featuredmedia":[{"embeddable":true,"href":"https:\/\/kuzeyinsesi.org\/index.php\/wp-json\/wp\/v2\/media\/10581"}],"wp:attachment":[{"href":"https:\/\/kuzeyinsesi.org\/index.php\/wp-json\/wp\/v2\/media?parent=10580"}],"wp:term":[{"taxonomy":"category","embeddable":true,"href":"https:\/\/kuzeyinsesi.org\/index.php\/wp-json\/wp\/v2\/categories?post=10580"},{"taxonomy":"post_tag","embeddable":true,"href":"https:\/\/kuzeyinsesi.org\/index.php\/wp-json\/wp\/v2\/tags?post=10580"}],"curies":[{"name":"wp","href":"https:\/\/api.w.org\/{rel}","templated":true}]}}