{"id":10554,"date":"2024-09-27T15:46:12","date_gmt":"2024-09-27T12:46:12","guid":{"rendered":"https:\/\/kuzeyinsesi.org\/index.php\/2024\/09\/27\/cam-kese-bocegi-ile-mucadele-temali-pul-serisi-ve-ilk-gun-zarfi-basildi\/"},"modified":"2024-09-27T15:46:12","modified_gmt":"2024-09-27T12:46:12","slug":"cam-kese-bocegi-ile-mucadele-temali-pul-serisi-ve-ilk-gun-zarfi-basildi","status":"publish","type":"post","link":"https:\/\/kuzeyinsesi.org\/index.php\/2024\/09\/27\/cam-kese-bocegi-ile-mucadele-temali-pul-serisi-ve-ilk-gun-zarfi-basildi\/","title":{"rendered":"\u201c\u00c7am Kese B\u00f6ce\u011fi ile M\u00fccadele\u201d temal\u0131 pul serisi ve ilk g\u00fcn zarf\u0131 bas\u0131ld\u0131"},"content":{"rendered":"<div>\n<div class=\"mariselle-image-container center\">\n                                            <\/div>\n<p> Posta Dairesi, \u201c\u00c7am Kese B\u00f6ce\u011fi ile M\u00fccadele\u201d temal\u0131 pul serisi ve ilk g\u00fcn zarf\u0131 \u00e7\u0131kard\u0131.<\/p>\n<p>Devlet Bas\u0131mevi\u2019nde dijital bask\u0131 usul\u00fcyle 16\u2019l\u0131 tabakalar halinde filigranl\u0131 ka\u011f\u0131da bast\u0131r\u0131lan pullar\u0131n pazartesinden itibaren sat\u0131\u015fa sunulaca\u011f\u0131 a\u00e7\u0131kland\u0131.<\/p>\n<p>Posta Dairesi\u2019nden yap\u0131lan a\u00e7\u0131klamada pul serisinin haz\u0131rlanmas\u0131na katk\u0131s\u0131ndan \u00f6t\u00fcr\u00fc Ta\u015fkent Do\u011fa Park\u0131\u2019na te\u015fekk\u00fcr edildi.<\/p>\n<p>\u00c7am kese b\u00f6ce\u011fi, \u00fclkedeki \u00e7am ormanlar\u0131na zarar veren b\u00f6ceklerin ba\u015f\u0131nda geliyor.<\/p>\n<\/p><\/div>\n<p><script async\n                    defer\n                    crossorigin=\"anonymous\"\n                    src=\"https:\/\/connect.facebook.net\/tr_TR\/sdk.js#xfbml=1&#038;version=v3.3\"\n            ><\/script><\/p>\n","protected":false},"excerpt":{"rendered":"<p>Posta Dairesi, \u201c\u00c7am Kese B\u00f6ce\u011fi ile M\u00fccadele\u201d temal\u0131 pul serisi ve ilk g\u00fcn zarf\u0131 \u00e7\u0131kard\u0131. Devlet Bas\u0131mevi\u2019nde dijital bask\u0131 usul\u00fcyle 16\u2019l\u0131 tabakalar halinde filigranl\u0131 ka\u011f\u0131da bast\u0131r\u0131lan pullar\u0131n pazartesinden itibaren sat\u0131\u015fa sunulaca\u011f\u0131 a\u00e7\u0131kland\u0131. Posta Dairesi\u2019nden yap\u0131lan a\u00e7\u0131klamada pul serisinin haz\u0131rlanmas\u0131na katk\u0131s\u0131ndan \u00f6t\u00fcr\u00fc Ta\u015fkent Do\u011fa Park\u0131\u2019na te\u015fekk\u00fcr edildi. \u00c7am kese b\u00f6ce\u011fi, \u00fclkedeki \u00e7am ormanlar\u0131na zarar veren b\u00f6ceklerin [&hellip;]<\/p>\n","protected":false},"author":1,"featured_media":10555,"comment_status":"open","ping_status":"open","sticky":false,"template":"","format":"standard","meta":{"jnews-multi-image_gallery":[],"jnews_single_post":[],"jnews_primary_category":[],"jnews_social_meta":[],"jnews_override_counter":[],"footnotes":""},"categories":[6],"tags":[],"class_list":["post-10554","post","type-post","status-publish","format-standard","has-post-thumbnail","hentry","category-yasam"],"yoast_head":"<!-- This site is optimized with the Yoast SEO plugin v27.4 - https:\/\/yoast.com\/product\/yoast-seo-wordpress\/ -->\n<title>\u201c\u00c7am Kese B\u00f6ce\u011fi ile M\u00fccadele\u201d temal\u0131 pul serisi ve ilk g\u00fcn zarf\u0131 bas\u0131ld\u0131 - Kuzeyin Sesi<\/title>\n<meta name=\"robots\" content=\"index, follow, max-snippet:-1, max-image-preview:large, max-video-preview:-1\" \/>\n<link rel=\"canonical\" href=\"https:\/\/kuzeyinsesi.org\/index.php\/2024\/09\/27\/cam-kese-bocegi-ile-mucadele-temali-pul-serisi-ve-ilk-gun-zarfi-basildi\/\" \/>\n<meta property=\"og:locale\" content=\"tr_TR\" \/>\n<meta property=\"og:type\" content=\"article\" \/>\n<meta property=\"og:title\" content=\"\u201c\u00c7am Kese B\u00f6ce\u011fi ile M\u00fccadele\u201d temal\u0131 pul serisi ve ilk g\u00fcn zarf\u0131 bas\u0131ld\u0131 - Kuzeyin Sesi\" \/>\n<meta property=\"og:description\" content=\"Posta Dairesi, \u201c\u00c7am Kese B\u00f6ce\u011fi ile M\u00fccadele\u201d temal\u0131 pul serisi ve ilk g\u00fcn zarf\u0131 \u00e7\u0131kard\u0131. Devlet Bas\u0131mevi\u2019nde dijital bask\u0131 usul\u00fcyle 16\u2019l\u0131 tabakalar halinde filigranl\u0131 ka\u011f\u0131da bast\u0131r\u0131lan pullar\u0131n pazartesinden itibaren sat\u0131\u015fa sunulaca\u011f\u0131 a\u00e7\u0131kland\u0131. Posta Dairesi\u2019nden yap\u0131lan a\u00e7\u0131klamada pul serisinin haz\u0131rlanmas\u0131na katk\u0131s\u0131ndan \u00f6t\u00fcr\u00fc Ta\u015fkent Do\u011fa Park\u0131\u2019na te\u015fekk\u00fcr edildi. \u00c7am kese b\u00f6ce\u011fi, \u00fclkedeki \u00e7am ormanlar\u0131na zarar veren b\u00f6ceklerin [&hellip;]\" \/>\n<meta property=\"og:url\" content=\"https:\/\/kuzeyinsesi.org\/index.php\/2024\/09\/27\/cam-kese-bocegi-ile-mucadele-temali-pul-serisi-ve-ilk-gun-zarfi-basildi\/\" \/>\n<meta property=\"og:site_name\" content=\"Kuzeyin Sesi\" \/>\n<meta property=\"article:publisher\" content=\"https:\/\/www.facebook.com\/kuzeyinsesii\" \/>\n<meta property=\"article:published_time\" content=\"2024-09-27T12:46:12+00:00\" \/>\n<meta property=\"og:image\" content=\"https:\/\/brtk.net\/wp-content\/uploads\/2024\/09\/27\/v2yeniproje52_1727423591.jpg?ver=18286a69721bbdfd5aaba4c65fc8b3d7\" \/>\n<meta name=\"author\" content=\"Kuzeyin Sesi\" \/>\n<meta name=\"twitter:card\" content=\"summary_large_image\" \/>\n<meta name=\"twitter:creator\" content=\"@kuzeyinsesii\" \/>\n<meta name=\"twitter:site\" content=\"@kuzeyinsesii\" \/>\n<meta name=\"twitter:label1\" content=\"Yazan:\" \/>\n\t<meta name=\"twitter:data1\" content=\"Kuzeyin Sesi\" \/>\n<script type=\"application\/ld+json\" class=\"yoast-schema-graph\">{\"@context\":\"https:\\\/\\\/schema.org\",\"@graph\":[{\"@type\":\"Article\",\"@id\":\"https:\\\/\\\/kuzeyinsesi.org\\\/index.php\\\/2024\\\/09\\\/27\\\/cam-kese-bocegi-ile-mucadele-temali-pul-serisi-ve-ilk-gun-zarfi-basildi\\\/#article\",\"isPartOf\":{\"@id\":\"https:\\\/\\\/kuzeyinsesi.org\\\/index.php\\\/2024\\\/09\\\/27\\\/cam-kese-bocegi-ile-mucadele-temali-pul-serisi-ve-ilk-gun-zarfi-basildi\\\/\"},\"author\":{\"name\":\"Kuzeyin Sesi\",\"@id\":\"https:\\\/\\\/kuzeyinsesi.org\\\/#\\\/schema\\\/person\\\/9f859689cdf01485597712386e37f5aa\"},\"headline\":\"\u201c\u00c7am Kese B\u00f6ce\u011fi ile M\u00fccadele\u201d temal\u0131 pul serisi ve ilk g\u00fcn zarf\u0131 bas\u0131ld\u0131\",\"datePublished\":\"2024-09-27T12:46:12+00:00\",\"mainEntityOfPage\":{\"@id\":\"https:\\\/\\\/kuzeyinsesi.org\\\/index.php\\\/2024\\\/09\\\/27\\\/cam-kese-bocegi-ile-mucadele-temali-pul-serisi-ve-ilk-gun-zarfi-basildi\\\/\"},\"wordCount\":106,\"commentCount\":0,\"image\":{\"@id\":\"https:\\\/\\\/kuzeyinsesi.org\\\/index.php\\\/2024\\\/09\\\/27\\\/cam-kese-bocegi-ile-mucadele-temali-pul-serisi-ve-ilk-gun-zarfi-basildi\\\/#primaryimage\"},\"thumbnailUrl\":\"https:\\\/\\\/kuzeyinsesi.org\\\/wp-content\\\/uploads\\\/2024\\\/09\\\/v2yeniproje52_1727423591.jpg\",\"articleSection\":[\"Ya\u015fam\"],\"inLanguage\":\"tr\",\"potentialAction\":[{\"@type\":\"CommentAction\",\"name\":\"Comment\",\"target\":[\"https:\\\/\\\/kuzeyinsesi.org\\\/index.php\\\/2024\\\/09\\\/27\\\/cam-kese-bocegi-ile-mucadele-temali-pul-serisi-ve-ilk-gun-zarfi-basildi\\\/#respond\"]}]},{\"@type\":\"WebPage\",\"@id\":\"https:\\\/\\\/kuzeyinsesi.org\\\/index.php\\\/2024\\\/09\\\/27\\\/cam-kese-bocegi-ile-mucadele-temali-pul-serisi-ve-ilk-gun-zarfi-basildi\\\/\",\"url\":\"https:\\\/\\\/kuzeyinsesi.org\\\/index.php\\\/2024\\\/09\\\/27\\\/cam-kese-bocegi-ile-mucadele-temali-pul-serisi-ve-ilk-gun-zarfi-basildi\\\/\",\"name\":\"\u201c\u00c7am Kese B\u00f6ce\u011fi ile M\u00fccadele\u201d temal\u0131 pul serisi ve ilk g\u00fcn zarf\u0131 bas\u0131ld\u0131 - Kuzeyin Sesi\",\"isPartOf\":{\"@id\":\"https:\\\/\\\/kuzeyinsesi.org\\\/#website\"},\"primaryImageOfPage\":{\"@id\":\"https:\\\/\\\/kuzeyinsesi.org\\\/index.php\\\/2024\\\/09\\\/27\\\/cam-kese-bocegi-ile-mucadele-temali-pul-serisi-ve-ilk-gun-zarfi-basildi\\\/#primaryimage\"},\"image\":{\"@id\":\"https:\\\/\\\/kuzeyinsesi.org\\\/index.php\\\/2024\\\/09\\\/27\\\/cam-kese-bocegi-ile-mucadele-temali-pul-serisi-ve-ilk-gun-zarfi-basildi\\\/#primaryimage\"},\"thumbnailUrl\":\"https:\\\/\\\/kuzeyinsesi.org\\\/wp-content\\\/uploads\\\/2024\\\/09\\\/v2yeniproje52_1727423591.jpg\",\"datePublished\":\"2024-09-27T12:46:12+00:00\",\"author\":{\"@id\":\"https:\\\/\\\/kuzeyinsesi.org\\\/#\\\/schema\\\/person\\\/9f859689cdf01485597712386e37f5aa\"},\"breadcrumb\":{\"@id\":\"https:\\\/\\\/kuzeyinsesi.org\\\/index.php\\\/2024\\\/09\\\/27\\\/cam-kese-bocegi-ile-mucadele-temali-pul-serisi-ve-ilk-gun-zarfi-basildi\\\/#breadcrumb\"},\"inLanguage\":\"tr\",\"potentialAction\":[{\"@type\":\"ReadAction\",\"target\":[\"https:\\\/\\\/kuzeyinsesi.org\\\/index.php\\\/2024\\\/09\\\/27\\\/cam-kese-bocegi-ile-mucadele-temali-pul-serisi-ve-ilk-gun-zarfi-basildi\\\/\"]}]},{\"@type\":\"ImageObject\",\"inLanguage\":\"tr\",\"@id\":\"https:\\\/\\\/kuzeyinsesi.org\\\/index.php\\\/2024\\\/09\\\/27\\\/cam-kese-bocegi-ile-mucadele-temali-pul-serisi-ve-ilk-gun-zarfi-basildi\\\/#primaryimage\",\"url\":\"https:\\\/\\\/kuzeyinsesi.org\\\/wp-content\\\/uploads\\\/2024\\\/09\\\/v2yeniproje52_1727423591.jpg\",\"contentUrl\":\"https:\\\/\\\/kuzeyinsesi.org\\\/wp-content\\\/uploads\\\/2024\\\/09\\\/v2yeniproje52_1727423591.jpg\",\"width\":971,\"height\":551},{\"@type\":\"BreadcrumbList\",\"@id\":\"https:\\\/\\\/kuzeyinsesi.org\\\/index.php\\\/2024\\\/09\\\/27\\\/cam-kese-bocegi-ile-mucadele-temali-pul-serisi-ve-ilk-gun-zarfi-basildi\\\/#breadcrumb\",\"itemListElement\":[{\"@type\":\"ListItem\",\"position\":1,\"name\":\"Anasayfa\",\"item\":\"https:\\\/\\\/kuzeyinsesi.org\\\/\"},{\"@type\":\"ListItem\",\"position\":2,\"name\":\"\u201c\u00c7am Kese B\u00f6ce\u011fi ile M\u00fccadele\u201d temal\u0131 pul serisi ve ilk g\u00fcn zarf\u0131 bas\u0131ld\u0131\"}]},{\"@type\":\"WebSite\",\"@id\":\"https:\\\/\\\/kuzeyinsesi.org\\\/#website\",\"url\":\"https:\\\/\\\/kuzeyinsesi.org\\\/\",\"name\":\"Kuzeyin Sesi\",\"description\":\"Do\u011fru Haberin Adresi\",\"potentialAction\":[{\"@type\":\"SearchAction\",\"target\":{\"@type\":\"EntryPoint\",\"urlTemplate\":\"https:\\\/\\\/kuzeyinsesi.org\\\/?s={search_term_string}\"},\"query-input\":{\"@type\":\"PropertyValueSpecification\",\"valueRequired\":true,\"valueName\":\"search_term_string\"}}],\"inLanguage\":\"tr\"},{\"@type\":\"Person\",\"@id\":\"https:\\\/\\\/kuzeyinsesi.org\\\/#\\\/schema\\\/person\\\/9f859689cdf01485597712386e37f5aa\",\"name\":\"Kuzeyin Sesi\",\"image\":{\"@type\":\"ImageObject\",\"inLanguage\":\"tr\",\"@id\":\"https:\\\/\\\/secure.gravatar.com\\\/avatar\\\/bab33852abfd8b282518d6ed81826833d77c3c882d9ab608add591ccace47a44?s=96&d=mm&r=g\",\"url\":\"https:\\\/\\\/secure.gravatar.com\\\/avatar\\\/bab33852abfd8b282518d6ed81826833d77c3c882d9ab608add591ccace47a44?s=96&d=mm&r=g\",\"contentUrl\":\"https:\\\/\\\/secure.gravatar.com\\\/avatar\\\/bab33852abfd8b282518d6ed81826833d77c3c882d9ab608add591ccace47a44?s=96&d=mm&r=g\",\"caption\":\"Kuzeyin Sesi\"},\"sameAs\":[\"https:\\\/\\\/kuzeyinsesi.org\"],\"url\":\"https:\\\/\\\/kuzeyinsesi.org\\\/index.php\\\/author\\\/guven\\\/\"}]}<\/script>\n<!-- \/ Yoast SEO plugin. -->","yoast_head_json":{"title":"\u201c\u00c7am Kese B\u00f6ce\u011fi ile M\u00fccadele\u201d temal\u0131 pul serisi ve ilk g\u00fcn zarf\u0131 bas\u0131ld\u0131 - Kuzeyin Sesi","robots":{"index":"index","follow":"follow","max-snippet":"max-snippet:-1","max-image-preview":"max-image-preview:large","max-video-preview":"max-video-preview:-1"},"canonical":"https:\/\/kuzeyinsesi.org\/index.php\/2024\/09\/27\/cam-kese-bocegi-ile-mucadele-temali-pul-serisi-ve-ilk-gun-zarfi-basildi\/","og_locale":"tr_TR","og_type":"article","og_title":"\u201c\u00c7am Kese B\u00f6ce\u011fi ile M\u00fccadele\u201d temal\u0131 pul serisi ve ilk g\u00fcn zarf\u0131 bas\u0131ld\u0131 - Kuzeyin Sesi","og_description":"Posta Dairesi, \u201c\u00c7am Kese B\u00f6ce\u011fi ile M\u00fccadele\u201d temal\u0131 pul serisi ve ilk g\u00fcn zarf\u0131 \u00e7\u0131kard\u0131. Devlet Bas\u0131mevi\u2019nde dijital bask\u0131 usul\u00fcyle 16\u2019l\u0131 tabakalar halinde filigranl\u0131 ka\u011f\u0131da bast\u0131r\u0131lan pullar\u0131n pazartesinden itibaren sat\u0131\u015fa sunulaca\u011f\u0131 a\u00e7\u0131kland\u0131. Posta Dairesi\u2019nden yap\u0131lan a\u00e7\u0131klamada pul serisinin haz\u0131rlanmas\u0131na katk\u0131s\u0131ndan \u00f6t\u00fcr\u00fc Ta\u015fkent Do\u011fa Park\u0131\u2019na te\u015fekk\u00fcr edildi. \u00c7am kese b\u00f6ce\u011fi, \u00fclkedeki \u00e7am ormanlar\u0131na zarar veren b\u00f6ceklerin [&hellip;]","og_url":"https:\/\/kuzeyinsesi.org\/index.php\/2024\/09\/27\/cam-kese-bocegi-ile-mucadele-temali-pul-serisi-ve-ilk-gun-zarfi-basildi\/","og_site_name":"Kuzeyin Sesi","article_publisher":"https:\/\/www.facebook.com\/kuzeyinsesii","article_published_time":"2024-09-27T12:46:12+00:00","og_image":[{"url":"https:\/\/brtk.net\/wp-content\/uploads\/2024\/09\/27\/v2yeniproje52_1727423591.jpg?ver=18286a69721bbdfd5aaba4c65fc8b3d7","type":"","width":"","height":""}],"author":"Kuzeyin Sesi","twitter_card":"summary_large_image","twitter_creator":"@kuzeyinsesii","twitter_site":"@kuzeyinsesii","twitter_misc":{"Yazan:":"Kuzeyin Sesi"},"schema":{"@context":"https:\/\/schema.org","@graph":[{"@type":"Article","@id":"https:\/\/kuzeyinsesi.org\/index.php\/2024\/09\/27\/cam-kese-bocegi-ile-mucadele-temali-pul-serisi-ve-ilk-gun-zarfi-basildi\/#article","isPartOf":{"@id":"https:\/\/kuzeyinsesi.org\/index.php\/2024\/09\/27\/cam-kese-bocegi-ile-mucadele-temali-pul-serisi-ve-ilk-gun-zarfi-basildi\/"},"author":{"name":"Kuzeyin Sesi","@id":"https:\/\/kuzeyinsesi.org\/#\/schema\/person\/9f859689cdf01485597712386e37f5aa"},"headline":"\u201c\u00c7am Kese B\u00f6ce\u011fi ile M\u00fccadele\u201d temal\u0131 pul serisi ve ilk g\u00fcn zarf\u0131 bas\u0131ld\u0131","datePublished":"2024-09-27T12:46:12+00:00","mainEntityOfPage":{"@id":"https:\/\/kuzeyinsesi.org\/index.php\/2024\/09\/27\/cam-kese-bocegi-ile-mucadele-temali-pul-serisi-ve-ilk-gun-zarfi-basildi\/"},"wordCount":106,"commentCount":0,"image":{"@id":"https:\/\/kuzeyinsesi.org\/index.php\/2024\/09\/27\/cam-kese-bocegi-ile-mucadele-temali-pul-serisi-ve-ilk-gun-zarfi-basildi\/#primaryimage"},"thumbnailUrl":"https:\/\/kuzeyinsesi.org\/wp-content\/uploads\/2024\/09\/v2yeniproje52_1727423591.jpg","articleSection":["Ya\u015fam"],"inLanguage":"tr","potentialAction":[{"@type":"CommentAction","name":"Comment","target":["https:\/\/kuzeyinsesi.org\/index.php\/2024\/09\/27\/cam-kese-bocegi-ile-mucadele-temali-pul-serisi-ve-ilk-gun-zarfi-basildi\/#respond"]}]},{"@type":"WebPage","@id":"https:\/\/kuzeyinsesi.org\/index.php\/2024\/09\/27\/cam-kese-bocegi-ile-mucadele-temali-pul-serisi-ve-ilk-gun-zarfi-basildi\/","url":"https:\/\/kuzeyinsesi.org\/index.php\/2024\/09\/27\/cam-kese-bocegi-ile-mucadele-temali-pul-serisi-ve-ilk-gun-zarfi-basildi\/","name":"\u201c\u00c7am Kese B\u00f6ce\u011fi ile M\u00fccadele\u201d temal\u0131 pul serisi ve ilk g\u00fcn zarf\u0131 bas\u0131ld\u0131 - Kuzeyin Sesi","isPartOf":{"@id":"https:\/\/kuzeyinsesi.org\/#website"},"primaryImageOfPage":{"@id":"https:\/\/kuzeyinsesi.org\/index.php\/2024\/09\/27\/cam-kese-bocegi-ile-mucadele-temali-pul-serisi-ve-ilk-gun-zarfi-basildi\/#primaryimage"},"image":{"@id":"https:\/\/kuzeyinsesi.org\/index.php\/2024\/09\/27\/cam-kese-bocegi-ile-mucadele-temali-pul-serisi-ve-ilk-gun-zarfi-basildi\/#primaryimage"},"thumbnailUrl":"https:\/\/kuzeyinsesi.org\/wp-content\/uploads\/2024\/09\/v2yeniproje52_1727423591.jpg","datePublished":"2024-09-27T12:46:12+00:00","author":{"@id":"https:\/\/kuzeyinsesi.org\/#\/schema\/person\/9f859689cdf01485597712386e37f5aa"},"breadcrumb":{"@id":"https:\/\/kuzeyinsesi.org\/index.php\/2024\/09\/27\/cam-kese-bocegi-ile-mucadele-temali-pul-serisi-ve-ilk-gun-zarfi-basildi\/#breadcrumb"},"inLanguage":"tr","potentialAction":[{"@type":"ReadAction","target":["https:\/\/kuzeyinsesi.org\/index.php\/2024\/09\/27\/cam-kese-bocegi-ile-mucadele-temali-pul-serisi-ve-ilk-gun-zarfi-basildi\/"]}]},{"@type":"ImageObject","inLanguage":"tr","@id":"https:\/\/kuzeyinsesi.org\/index.php\/2024\/09\/27\/cam-kese-bocegi-ile-mucadele-temali-pul-serisi-ve-ilk-gun-zarfi-basildi\/#primaryimage","url":"https:\/\/kuzeyinsesi.org\/wp-content\/uploads\/2024\/09\/v2yeniproje52_1727423591.jpg","contentUrl":"https:\/\/kuzeyinsesi.org\/wp-content\/uploads\/2024\/09\/v2yeniproje52_1727423591.jpg","width":971,"height":551},{"@type":"BreadcrumbList","@id":"https:\/\/kuzeyinsesi.org\/index.php\/2024\/09\/27\/cam-kese-bocegi-ile-mucadele-temali-pul-serisi-ve-ilk-gun-zarfi-basildi\/#breadcrumb","itemListElement":[{"@type":"ListItem","position":1,"name":"Anasayfa","item":"https:\/\/kuzeyinsesi.org\/"},{"@type":"ListItem","position":2,"name":"\u201c\u00c7am Kese B\u00f6ce\u011fi ile M\u00fccadele\u201d temal\u0131 pul serisi ve ilk g\u00fcn zarf\u0131 bas\u0131ld\u0131"}]},{"@type":"WebSite","@id":"https:\/\/kuzeyinsesi.org\/#website","url":"https:\/\/kuzeyinsesi.org\/","name":"Kuzeyin Sesi","description":"Do\u011fru Haberin Adresi","potentialAction":[{"@type":"SearchAction","target":{"@type":"EntryPoint","urlTemplate":"https:\/\/kuzeyinsesi.org\/?s={search_term_string}"},"query-input":{"@type":"PropertyValueSpecification","valueRequired":true,"valueName":"search_term_string"}}],"inLanguage":"tr"},{"@type":"Person","@id":"https:\/\/kuzeyinsesi.org\/#\/schema\/person\/9f859689cdf01485597712386e37f5aa","name":"Kuzeyin Sesi","image":{"@type":"ImageObject","inLanguage":"tr","@id":"https:\/\/secure.gravatar.com\/avatar\/bab33852abfd8b282518d6ed81826833d77c3c882d9ab608add591ccace47a44?s=96&d=mm&r=g","url":"https:\/\/secure.gravatar.com\/avatar\/bab33852abfd8b282518d6ed81826833d77c3c882d9ab608add591ccace47a44?s=96&d=mm&r=g","contentUrl":"https:\/\/secure.gravatar.com\/avatar\/bab33852abfd8b282518d6ed81826833d77c3c882d9ab608add591ccace47a44?s=96&d=mm&r=g","caption":"Kuzeyin Sesi"},"sameAs":["https:\/\/kuzeyinsesi.org"],"url":"https:\/\/kuzeyinsesi.org\/index.php\/author\/guven\/"}]}},"_links":{"self":[{"href":"https:\/\/kuzeyinsesi.org\/index.php\/wp-json\/wp\/v2\/posts\/10554","targetHints":{"allow":["GET"]}}],"collection":[{"href":"https:\/\/kuzeyinsesi.org\/index.php\/wp-json\/wp\/v2\/posts"}],"about":[{"href":"https:\/\/kuzeyinsesi.org\/index.php\/wp-json\/wp\/v2\/types\/post"}],"author":[{"embeddable":true,"href":"https:\/\/kuzeyinsesi.org\/index.php\/wp-json\/wp\/v2\/users\/1"}],"replies":[{"embeddable":true,"href":"https:\/\/kuzeyinsesi.org\/index.php\/wp-json\/wp\/v2\/comments?post=10554"}],"version-history":[{"count":0,"href":"https:\/\/kuzeyinsesi.org\/index.php\/wp-json\/wp\/v2\/posts\/10554\/revisions"}],"wp:featuredmedia":[{"embeddable":true,"href":"https:\/\/kuzeyinsesi.org\/index.php\/wp-json\/wp\/v2\/media\/10555"}],"wp:attachment":[{"href":"https:\/\/kuzeyinsesi.org\/index.php\/wp-json\/wp\/v2\/media?parent=10554"}],"wp:term":[{"taxonomy":"category","embeddable":true,"href":"https:\/\/kuzeyinsesi.org\/index.php\/wp-json\/wp\/v2\/categories?post=10554"},{"taxonomy":"post_tag","embeddable":true,"href":"https:\/\/kuzeyinsesi.org\/index.php\/wp-json\/wp\/v2\/tags?post=10554"}],"curies":[{"name":"wp","href":"https:\/\/api.w.org\/{rel}","templated":true}]}}