{"id":10552,"date":"2024-09-27T14:45:25","date_gmt":"2024-09-27T11:45:25","guid":{"rendered":"https:\/\/kuzeyinsesi.org\/index.php\/2024\/09\/27\/girne-arkin-group-fest24-kapsaminda-bu-aksam-zeynep-bastik-konseri-var\/"},"modified":"2024-09-27T14:45:25","modified_gmt":"2024-09-27T11:45:25","slug":"girne-arkin-group-fest24-kapsaminda-bu-aksam-zeynep-bastik-konseri-var","status":"publish","type":"post","link":"https:\/\/kuzeyinsesi.org\/index.php\/2024\/09\/27\/girne-arkin-group-fest24-kapsaminda-bu-aksam-zeynep-bastik-konseri-var\/","title":{"rendered":"\u201cGirne Ark\u0131n Group Fest24\u201d kapsam\u0131nda bu ak\u015fam Zeynep Bast\u0131k konseri var\u2026"},"content":{"rendered":"<div>\n<div class=\"mariselle-image-container center\">\n                                            <\/div>\n<p> \u201cGirne Ark\u0131n Group Fest24\u2019 kapsam\u0131nda bu ak\u015fam Zeynep Bast\u0131k sahne alacak.<\/p>\n<p>Girne Amfi-Tiyatro\u2019da yer alacak konser saat 21.00\u2019de ba\u015flayacak.<\/p>\n<p>Girne Belediyesi\u2019nden verilen bilgiye g\u00f6re d\u00fcn ak\u015fam ise \u201cGipsy Kings by Andre Reyes\u201d festival kapsam\u0131nda konser verdi.  Grup b\u00f6ylece, d\u00fcnya turunun b\u00f6lgedeki son aya\u011f\u0131n\u0131 Girne\u2019de tamamland\u0131.<\/p>\n<\/p><\/div>\n<p><script async\n                    defer\n                    crossorigin=\"anonymous\"\n                    src=\"https:\/\/connect.facebook.net\/tr_TR\/sdk.js#xfbml=1&#038;version=v3.3\"\n            ><\/script><\/p>\n","protected":false},"excerpt":{"rendered":"<p>\u201cGirne Ark\u0131n Group Fest24\u2019 kapsam\u0131nda bu ak\u015fam Zeynep Bast\u0131k sahne alacak. Girne Amfi-Tiyatro\u2019da yer alacak konser saat 21.00\u2019de ba\u015flayacak. Girne Belediyesi\u2019nden verilen bilgiye g\u00f6re d\u00fcn ak\u015fam ise \u201cGipsy Kings by Andre Reyes\u201d festival kapsam\u0131nda konser verdi. Grup b\u00f6ylece, d\u00fcnya turunun b\u00f6lgedeki son aya\u011f\u0131n\u0131 Girne\u2019de tamamland\u0131.<\/p>\n","protected":false},"author":1,"featured_media":10553,"comment_status":"open","ping_status":"open","sticky":false,"template":"","format":"standard","meta":{"jnews-multi-image_gallery":[],"jnews_single_post":[],"jnews_primary_category":[],"jnews_social_meta":[],"jnews_override_counter":[],"footnotes":""},"categories":[6],"tags":[],"class_list":["post-10552","post","type-post","status-publish","format-standard","has-post-thumbnail","hentry","category-yasam"],"yoast_head":"<!-- This site is optimized with the Yoast SEO plugin v27.4 - https:\/\/yoast.com\/product\/yoast-seo-wordpress\/ -->\n<title>\u201cGirne Ark\u0131n Group Fest24\u201d kapsam\u0131nda bu ak\u015fam Zeynep Bast\u0131k konseri var\u2026 - Kuzeyin Sesi<\/title>\n<meta name=\"robots\" content=\"index, follow, max-snippet:-1, max-image-preview:large, max-video-preview:-1\" \/>\n<link rel=\"canonical\" href=\"https:\/\/kuzeyinsesi.org\/index.php\/2024\/09\/27\/girne-arkin-group-fest24-kapsaminda-bu-aksam-zeynep-bastik-konseri-var\/\" \/>\n<meta property=\"og:locale\" content=\"tr_TR\" \/>\n<meta property=\"og:type\" content=\"article\" \/>\n<meta property=\"og:title\" content=\"\u201cGirne Ark\u0131n Group Fest24\u201d kapsam\u0131nda bu ak\u015fam Zeynep Bast\u0131k konseri var\u2026 - Kuzeyin Sesi\" \/>\n<meta property=\"og:description\" content=\"\u201cGirne Ark\u0131n Group Fest24\u2019 kapsam\u0131nda bu ak\u015fam Zeynep Bast\u0131k sahne alacak. Girne Amfi-Tiyatro\u2019da yer alacak konser saat 21.00\u2019de ba\u015flayacak. Girne Belediyesi\u2019nden verilen bilgiye g\u00f6re d\u00fcn ak\u015fam ise \u201cGipsy Kings by Andre Reyes\u201d festival kapsam\u0131nda konser verdi. Grup b\u00f6ylece, d\u00fcnya turunun b\u00f6lgedeki son aya\u011f\u0131n\u0131 Girne\u2019de tamamland\u0131.\" \/>\n<meta property=\"og:url\" content=\"https:\/\/kuzeyinsesi.org\/index.php\/2024\/09\/27\/girne-arkin-group-fest24-kapsaminda-bu-aksam-zeynep-bastik-konseri-var\/\" \/>\n<meta property=\"og:site_name\" content=\"Kuzeyin Sesi\" \/>\n<meta property=\"article:publisher\" content=\"https:\/\/www.facebook.com\/kuzeyinsesii\" \/>\n<meta property=\"article:published_time\" content=\"2024-09-27T11:45:25+00:00\" \/>\n<meta property=\"og:image\" content=\"https:\/\/brtk.net\/wp-content\/uploads\/2024\/09\/27\/kkkkkkkkkkkk.jpg?ver=694277094dc795702b461ec16f76731d\" \/>\n<meta name=\"author\" content=\"Kuzeyin Sesi\" \/>\n<meta name=\"twitter:card\" content=\"summary_large_image\" \/>\n<meta name=\"twitter:creator\" content=\"@kuzeyinsesii\" \/>\n<meta name=\"twitter:site\" content=\"@kuzeyinsesii\" \/>\n<meta name=\"twitter:label1\" content=\"Yazan:\" \/>\n\t<meta name=\"twitter:data1\" content=\"Kuzeyin Sesi\" \/>\n<script type=\"application\/ld+json\" class=\"yoast-schema-graph\">{\"@context\":\"https:\\\/\\\/schema.org\",\"@graph\":[{\"@type\":\"Article\",\"@id\":\"https:\\\/\\\/kuzeyinsesi.org\\\/index.php\\\/2024\\\/09\\\/27\\\/girne-arkin-group-fest24-kapsaminda-bu-aksam-zeynep-bastik-konseri-var\\\/#article\",\"isPartOf\":{\"@id\":\"https:\\\/\\\/kuzeyinsesi.org\\\/index.php\\\/2024\\\/09\\\/27\\\/girne-arkin-group-fest24-kapsaminda-bu-aksam-zeynep-bastik-konseri-var\\\/\"},\"author\":{\"name\":\"Kuzeyin Sesi\",\"@id\":\"https:\\\/\\\/kuzeyinsesi.org\\\/#\\\/schema\\\/person\\\/9f859689cdf01485597712386e37f5aa\"},\"headline\":\"\u201cGirne Ark\u0131n Group Fest24\u201d kapsam\u0131nda bu ak\u015fam Zeynep Bast\u0131k konseri var\u2026\",\"datePublished\":\"2024-09-27T11:45:25+00:00\",\"mainEntityOfPage\":{\"@id\":\"https:\\\/\\\/kuzeyinsesi.org\\\/index.php\\\/2024\\\/09\\\/27\\\/girne-arkin-group-fest24-kapsaminda-bu-aksam-zeynep-bastik-konseri-var\\\/\"},\"wordCount\":76,\"commentCount\":0,\"image\":{\"@id\":\"https:\\\/\\\/kuzeyinsesi.org\\\/index.php\\\/2024\\\/09\\\/27\\\/girne-arkin-group-fest24-kapsaminda-bu-aksam-zeynep-bastik-konseri-var\\\/#primaryimage\"},\"thumbnailUrl\":\"https:\\\/\\\/kuzeyinsesi.org\\\/wp-content\\\/uploads\\\/2024\\\/09\\\/kkkkkkkkkkkk.jpg\",\"articleSection\":[\"Ya\u015fam\"],\"inLanguage\":\"tr\",\"potentialAction\":[{\"@type\":\"CommentAction\",\"name\":\"Comment\",\"target\":[\"https:\\\/\\\/kuzeyinsesi.org\\\/index.php\\\/2024\\\/09\\\/27\\\/girne-arkin-group-fest24-kapsaminda-bu-aksam-zeynep-bastik-konseri-var\\\/#respond\"]}]},{\"@type\":\"WebPage\",\"@id\":\"https:\\\/\\\/kuzeyinsesi.org\\\/index.php\\\/2024\\\/09\\\/27\\\/girne-arkin-group-fest24-kapsaminda-bu-aksam-zeynep-bastik-konseri-var\\\/\",\"url\":\"https:\\\/\\\/kuzeyinsesi.org\\\/index.php\\\/2024\\\/09\\\/27\\\/girne-arkin-group-fest24-kapsaminda-bu-aksam-zeynep-bastik-konseri-var\\\/\",\"name\":\"\u201cGirne Ark\u0131n Group Fest24\u201d kapsam\u0131nda bu ak\u015fam Zeynep Bast\u0131k konseri var\u2026 - Kuzeyin Sesi\",\"isPartOf\":{\"@id\":\"https:\\\/\\\/kuzeyinsesi.org\\\/#website\"},\"primaryImageOfPage\":{\"@id\":\"https:\\\/\\\/kuzeyinsesi.org\\\/index.php\\\/2024\\\/09\\\/27\\\/girne-arkin-group-fest24-kapsaminda-bu-aksam-zeynep-bastik-konseri-var\\\/#primaryimage\"},\"image\":{\"@id\":\"https:\\\/\\\/kuzeyinsesi.org\\\/index.php\\\/2024\\\/09\\\/27\\\/girne-arkin-group-fest24-kapsaminda-bu-aksam-zeynep-bastik-konseri-var\\\/#primaryimage\"},\"thumbnailUrl\":\"https:\\\/\\\/kuzeyinsesi.org\\\/wp-content\\\/uploads\\\/2024\\\/09\\\/kkkkkkkkkkkk.jpg\",\"datePublished\":\"2024-09-27T11:45:25+00:00\",\"author\":{\"@id\":\"https:\\\/\\\/kuzeyinsesi.org\\\/#\\\/schema\\\/person\\\/9f859689cdf01485597712386e37f5aa\"},\"breadcrumb\":{\"@id\":\"https:\\\/\\\/kuzeyinsesi.org\\\/index.php\\\/2024\\\/09\\\/27\\\/girne-arkin-group-fest24-kapsaminda-bu-aksam-zeynep-bastik-konseri-var\\\/#breadcrumb\"},\"inLanguage\":\"tr\",\"potentialAction\":[{\"@type\":\"ReadAction\",\"target\":[\"https:\\\/\\\/kuzeyinsesi.org\\\/index.php\\\/2024\\\/09\\\/27\\\/girne-arkin-group-fest24-kapsaminda-bu-aksam-zeynep-bastik-konseri-var\\\/\"]}]},{\"@type\":\"ImageObject\",\"inLanguage\":\"tr\",\"@id\":\"https:\\\/\\\/kuzeyinsesi.org\\\/index.php\\\/2024\\\/09\\\/27\\\/girne-arkin-group-fest24-kapsaminda-bu-aksam-zeynep-bastik-konseri-var\\\/#primaryimage\",\"url\":\"https:\\\/\\\/kuzeyinsesi.org\\\/wp-content\\\/uploads\\\/2024\\\/09\\\/kkkkkkkkkkkk.jpg\",\"contentUrl\":\"https:\\\/\\\/kuzeyinsesi.org\\\/wp-content\\\/uploads\\\/2024\\\/09\\\/kkkkkkkkkkkk.jpg\",\"width\":1773,\"height\":1772},{\"@type\":\"BreadcrumbList\",\"@id\":\"https:\\\/\\\/kuzeyinsesi.org\\\/index.php\\\/2024\\\/09\\\/27\\\/girne-arkin-group-fest24-kapsaminda-bu-aksam-zeynep-bastik-konseri-var\\\/#breadcrumb\",\"itemListElement\":[{\"@type\":\"ListItem\",\"position\":1,\"name\":\"Anasayfa\",\"item\":\"https:\\\/\\\/kuzeyinsesi.org\\\/\"},{\"@type\":\"ListItem\",\"position\":2,\"name\":\"\u201cGirne Ark\u0131n Group Fest24\u201d kapsam\u0131nda bu ak\u015fam Zeynep Bast\u0131k konseri var\u2026\"}]},{\"@type\":\"WebSite\",\"@id\":\"https:\\\/\\\/kuzeyinsesi.org\\\/#website\",\"url\":\"https:\\\/\\\/kuzeyinsesi.org\\\/\",\"name\":\"Kuzeyin Sesi\",\"description\":\"Do\u011fru Haberin Adresi\",\"potentialAction\":[{\"@type\":\"SearchAction\",\"target\":{\"@type\":\"EntryPoint\",\"urlTemplate\":\"https:\\\/\\\/kuzeyinsesi.org\\\/?s={search_term_string}\"},\"query-input\":{\"@type\":\"PropertyValueSpecification\",\"valueRequired\":true,\"valueName\":\"search_term_string\"}}],\"inLanguage\":\"tr\"},{\"@type\":\"Person\",\"@id\":\"https:\\\/\\\/kuzeyinsesi.org\\\/#\\\/schema\\\/person\\\/9f859689cdf01485597712386e37f5aa\",\"name\":\"Kuzeyin Sesi\",\"image\":{\"@type\":\"ImageObject\",\"inLanguage\":\"tr\",\"@id\":\"https:\\\/\\\/secure.gravatar.com\\\/avatar\\\/bab33852abfd8b282518d6ed81826833d77c3c882d9ab608add591ccace47a44?s=96&d=mm&r=g\",\"url\":\"https:\\\/\\\/secure.gravatar.com\\\/avatar\\\/bab33852abfd8b282518d6ed81826833d77c3c882d9ab608add591ccace47a44?s=96&d=mm&r=g\",\"contentUrl\":\"https:\\\/\\\/secure.gravatar.com\\\/avatar\\\/bab33852abfd8b282518d6ed81826833d77c3c882d9ab608add591ccace47a44?s=96&d=mm&r=g\",\"caption\":\"Kuzeyin Sesi\"},\"sameAs\":[\"https:\\\/\\\/kuzeyinsesi.org\"],\"url\":\"https:\\\/\\\/kuzeyinsesi.org\\\/index.php\\\/author\\\/guven\\\/\"}]}<\/script>\n<!-- \/ Yoast SEO plugin. -->","yoast_head_json":{"title":"\u201cGirne Ark\u0131n Group Fest24\u201d kapsam\u0131nda bu ak\u015fam Zeynep Bast\u0131k konseri var\u2026 - Kuzeyin Sesi","robots":{"index":"index","follow":"follow","max-snippet":"max-snippet:-1","max-image-preview":"max-image-preview:large","max-video-preview":"max-video-preview:-1"},"canonical":"https:\/\/kuzeyinsesi.org\/index.php\/2024\/09\/27\/girne-arkin-group-fest24-kapsaminda-bu-aksam-zeynep-bastik-konseri-var\/","og_locale":"tr_TR","og_type":"article","og_title":"\u201cGirne Ark\u0131n Group Fest24\u201d kapsam\u0131nda bu ak\u015fam Zeynep Bast\u0131k konseri var\u2026 - Kuzeyin Sesi","og_description":"\u201cGirne Ark\u0131n Group Fest24\u2019 kapsam\u0131nda bu ak\u015fam Zeynep Bast\u0131k sahne alacak. Girne Amfi-Tiyatro\u2019da yer alacak konser saat 21.00\u2019de ba\u015flayacak. Girne Belediyesi\u2019nden verilen bilgiye g\u00f6re d\u00fcn ak\u015fam ise \u201cGipsy Kings by Andre Reyes\u201d festival kapsam\u0131nda konser verdi. Grup b\u00f6ylece, d\u00fcnya turunun b\u00f6lgedeki son aya\u011f\u0131n\u0131 Girne\u2019de tamamland\u0131.","og_url":"https:\/\/kuzeyinsesi.org\/index.php\/2024\/09\/27\/girne-arkin-group-fest24-kapsaminda-bu-aksam-zeynep-bastik-konseri-var\/","og_site_name":"Kuzeyin Sesi","article_publisher":"https:\/\/www.facebook.com\/kuzeyinsesii","article_published_time":"2024-09-27T11:45:25+00:00","og_image":[{"url":"https:\/\/brtk.net\/wp-content\/uploads\/2024\/09\/27\/kkkkkkkkkkkk.jpg?ver=694277094dc795702b461ec16f76731d","type":"","width":"","height":""}],"author":"Kuzeyin Sesi","twitter_card":"summary_large_image","twitter_creator":"@kuzeyinsesii","twitter_site":"@kuzeyinsesii","twitter_misc":{"Yazan:":"Kuzeyin Sesi"},"schema":{"@context":"https:\/\/schema.org","@graph":[{"@type":"Article","@id":"https:\/\/kuzeyinsesi.org\/index.php\/2024\/09\/27\/girne-arkin-group-fest24-kapsaminda-bu-aksam-zeynep-bastik-konseri-var\/#article","isPartOf":{"@id":"https:\/\/kuzeyinsesi.org\/index.php\/2024\/09\/27\/girne-arkin-group-fest24-kapsaminda-bu-aksam-zeynep-bastik-konseri-var\/"},"author":{"name":"Kuzeyin Sesi","@id":"https:\/\/kuzeyinsesi.org\/#\/schema\/person\/9f859689cdf01485597712386e37f5aa"},"headline":"\u201cGirne Ark\u0131n Group Fest24\u201d kapsam\u0131nda bu ak\u015fam Zeynep Bast\u0131k konseri var\u2026","datePublished":"2024-09-27T11:45:25+00:00","mainEntityOfPage":{"@id":"https:\/\/kuzeyinsesi.org\/index.php\/2024\/09\/27\/girne-arkin-group-fest24-kapsaminda-bu-aksam-zeynep-bastik-konseri-var\/"},"wordCount":76,"commentCount":0,"image":{"@id":"https:\/\/kuzeyinsesi.org\/index.php\/2024\/09\/27\/girne-arkin-group-fest24-kapsaminda-bu-aksam-zeynep-bastik-konseri-var\/#primaryimage"},"thumbnailUrl":"https:\/\/kuzeyinsesi.org\/wp-content\/uploads\/2024\/09\/kkkkkkkkkkkk.jpg","articleSection":["Ya\u015fam"],"inLanguage":"tr","potentialAction":[{"@type":"CommentAction","name":"Comment","target":["https:\/\/kuzeyinsesi.org\/index.php\/2024\/09\/27\/girne-arkin-group-fest24-kapsaminda-bu-aksam-zeynep-bastik-konseri-var\/#respond"]}]},{"@type":"WebPage","@id":"https:\/\/kuzeyinsesi.org\/index.php\/2024\/09\/27\/girne-arkin-group-fest24-kapsaminda-bu-aksam-zeynep-bastik-konseri-var\/","url":"https:\/\/kuzeyinsesi.org\/index.php\/2024\/09\/27\/girne-arkin-group-fest24-kapsaminda-bu-aksam-zeynep-bastik-konseri-var\/","name":"\u201cGirne Ark\u0131n Group Fest24\u201d kapsam\u0131nda bu ak\u015fam Zeynep Bast\u0131k konseri var\u2026 - Kuzeyin Sesi","isPartOf":{"@id":"https:\/\/kuzeyinsesi.org\/#website"},"primaryImageOfPage":{"@id":"https:\/\/kuzeyinsesi.org\/index.php\/2024\/09\/27\/girne-arkin-group-fest24-kapsaminda-bu-aksam-zeynep-bastik-konseri-var\/#primaryimage"},"image":{"@id":"https:\/\/kuzeyinsesi.org\/index.php\/2024\/09\/27\/girne-arkin-group-fest24-kapsaminda-bu-aksam-zeynep-bastik-konseri-var\/#primaryimage"},"thumbnailUrl":"https:\/\/kuzeyinsesi.org\/wp-content\/uploads\/2024\/09\/kkkkkkkkkkkk.jpg","datePublished":"2024-09-27T11:45:25+00:00","author":{"@id":"https:\/\/kuzeyinsesi.org\/#\/schema\/person\/9f859689cdf01485597712386e37f5aa"},"breadcrumb":{"@id":"https:\/\/kuzeyinsesi.org\/index.php\/2024\/09\/27\/girne-arkin-group-fest24-kapsaminda-bu-aksam-zeynep-bastik-konseri-var\/#breadcrumb"},"inLanguage":"tr","potentialAction":[{"@type":"ReadAction","target":["https:\/\/kuzeyinsesi.org\/index.php\/2024\/09\/27\/girne-arkin-group-fest24-kapsaminda-bu-aksam-zeynep-bastik-konseri-var\/"]}]},{"@type":"ImageObject","inLanguage":"tr","@id":"https:\/\/kuzeyinsesi.org\/index.php\/2024\/09\/27\/girne-arkin-group-fest24-kapsaminda-bu-aksam-zeynep-bastik-konseri-var\/#primaryimage","url":"https:\/\/kuzeyinsesi.org\/wp-content\/uploads\/2024\/09\/kkkkkkkkkkkk.jpg","contentUrl":"https:\/\/kuzeyinsesi.org\/wp-content\/uploads\/2024\/09\/kkkkkkkkkkkk.jpg","width":1773,"height":1772},{"@type":"BreadcrumbList","@id":"https:\/\/kuzeyinsesi.org\/index.php\/2024\/09\/27\/girne-arkin-group-fest24-kapsaminda-bu-aksam-zeynep-bastik-konseri-var\/#breadcrumb","itemListElement":[{"@type":"ListItem","position":1,"name":"Anasayfa","item":"https:\/\/kuzeyinsesi.org\/"},{"@type":"ListItem","position":2,"name":"\u201cGirne Ark\u0131n Group Fest24\u201d kapsam\u0131nda bu ak\u015fam Zeynep Bast\u0131k konseri var\u2026"}]},{"@type":"WebSite","@id":"https:\/\/kuzeyinsesi.org\/#website","url":"https:\/\/kuzeyinsesi.org\/","name":"Kuzeyin Sesi","description":"Do\u011fru Haberin Adresi","potentialAction":[{"@type":"SearchAction","target":{"@type":"EntryPoint","urlTemplate":"https:\/\/kuzeyinsesi.org\/?s={search_term_string}"},"query-input":{"@type":"PropertyValueSpecification","valueRequired":true,"valueName":"search_term_string"}}],"inLanguage":"tr"},{"@type":"Person","@id":"https:\/\/kuzeyinsesi.org\/#\/schema\/person\/9f859689cdf01485597712386e37f5aa","name":"Kuzeyin Sesi","image":{"@type":"ImageObject","inLanguage":"tr","@id":"https:\/\/secure.gravatar.com\/avatar\/bab33852abfd8b282518d6ed81826833d77c3c882d9ab608add591ccace47a44?s=96&d=mm&r=g","url":"https:\/\/secure.gravatar.com\/avatar\/bab33852abfd8b282518d6ed81826833d77c3c882d9ab608add591ccace47a44?s=96&d=mm&r=g","contentUrl":"https:\/\/secure.gravatar.com\/avatar\/bab33852abfd8b282518d6ed81826833d77c3c882d9ab608add591ccace47a44?s=96&d=mm&r=g","caption":"Kuzeyin Sesi"},"sameAs":["https:\/\/kuzeyinsesi.org"],"url":"https:\/\/kuzeyinsesi.org\/index.php\/author\/guven\/"}]}},"_links":{"self":[{"href":"https:\/\/kuzeyinsesi.org\/index.php\/wp-json\/wp\/v2\/posts\/10552","targetHints":{"allow":["GET"]}}],"collection":[{"href":"https:\/\/kuzeyinsesi.org\/index.php\/wp-json\/wp\/v2\/posts"}],"about":[{"href":"https:\/\/kuzeyinsesi.org\/index.php\/wp-json\/wp\/v2\/types\/post"}],"author":[{"embeddable":true,"href":"https:\/\/kuzeyinsesi.org\/index.php\/wp-json\/wp\/v2\/users\/1"}],"replies":[{"embeddable":true,"href":"https:\/\/kuzeyinsesi.org\/index.php\/wp-json\/wp\/v2\/comments?post=10552"}],"version-history":[{"count":0,"href":"https:\/\/kuzeyinsesi.org\/index.php\/wp-json\/wp\/v2\/posts\/10552\/revisions"}],"wp:featuredmedia":[{"embeddable":true,"href":"https:\/\/kuzeyinsesi.org\/index.php\/wp-json\/wp\/v2\/media\/10553"}],"wp:attachment":[{"href":"https:\/\/kuzeyinsesi.org\/index.php\/wp-json\/wp\/v2\/media?parent=10552"}],"wp:term":[{"taxonomy":"category","embeddable":true,"href":"https:\/\/kuzeyinsesi.org\/index.php\/wp-json\/wp\/v2\/categories?post=10552"},{"taxonomy":"post_tag","embeddable":true,"href":"https:\/\/kuzeyinsesi.org\/index.php\/wp-json\/wp\/v2\/tags?post=10552"}],"curies":[{"name":"wp","href":"https:\/\/api.w.org\/{rel}","templated":true}]}}