{"id":10544,"date":"2024-09-27T13:43:36","date_gmt":"2024-09-27T10:43:36","guid":{"rendered":"https:\/\/kuzeyinsesi.org\/index.php\/2024\/09\/27\/sila-4-ve-dostlari-ile-60-yil-efsane-sarkilari-konseri-yarin-girnede\/"},"modified":"2024-09-27T13:43:36","modified_gmt":"2024-09-27T10:43:36","slug":"sila-4-ve-dostlari-ile-60-yil-efsane-sarkilari-konseri-yarin-girnede","status":"publish","type":"post","link":"https:\/\/kuzeyinsesi.org\/index.php\/2024\/09\/27\/sila-4-ve-dostlari-ile-60-yil-efsane-sarkilari-konseri-yarin-girnede\/","title":{"rendered":"\u201cS\u0131la 4 ve Dostlar\u0131 ile 60. Y\u0131l Efsane \u015eark\u0131lar\u0131\u201d konseri yar\u0131n Girne\u2019de"},"content":{"rendered":"<div>\n<div class=\"mariselle-image-container center\">\n                                            <\/div>\n<p>K\u0131br\u0131s T\u00fcrk m\u00fczik k\u00fclt\u00fcr\u00fcn\u00fcn \u00f6nemli unsurlar\u0131ndan S\u0131la-4 grubu yar\u0131n \u201cGirne Ark\u0131n Group Fest24\u201d kapsam\u0131nda sahne alacak.<\/p>\n<p>Hayat\u0131n\u0131 kaybeden grup \u00fcyeleri Raif Denkta\u015f ve Ayd\u0131n Kalfao\u011flu\u2019nu anmak ve \u00e7al\u0131\u015fmalar\u0131n\u0131 kendilerine \u201cS\u0131la-4 Dostlar\u0131\u201d ad\u0131n\u0131 veren bir grup gen\u00e7 sanat\u00e7\u0131ya devretmek amac\u0131yla d\u00fczenlenecek konser Girne Amfitiyatro\u2019da saat 21.00\u2019de ba\u015flayacak. <\/p>\n<p>Girne Belediyesi\u2019nden yap\u0131lan a\u00e7\u0131klamada, online biletlerin, www.girnebelediyesi.com, bas\u0131l\u0131 biletlerin ise Girne Belediyesi Yeni Hizmet Binas\u0131 ve t\u00fcm Telsim Shoplar\u2019dan temin edilebilece\u011fi belirtildi.<br \/>Biletler konser g\u00fcn\u00fc kap\u0131dan da temini edilebilecek.<\/p>\n<\/p><\/div>\n<p><script async\n                    defer\n                    crossorigin=\"anonymous\"\n                    src=\"https:\/\/connect.facebook.net\/tr_TR\/sdk.js#xfbml=1&#038;version=v3.3\"\n            ><\/script><\/p>\n","protected":false},"excerpt":{"rendered":"<p>K\u0131br\u0131s T\u00fcrk m\u00fczik k\u00fclt\u00fcr\u00fcn\u00fcn \u00f6nemli unsurlar\u0131ndan S\u0131la-4 grubu yar\u0131n \u201cGirne Ark\u0131n Group Fest24\u201d kapsam\u0131nda sahne alacak. Hayat\u0131n\u0131 kaybeden grup \u00fcyeleri Raif Denkta\u015f ve Ayd\u0131n Kalfao\u011flu\u2019nu anmak ve \u00e7al\u0131\u015fmalar\u0131n\u0131 kendilerine \u201cS\u0131la-4 Dostlar\u0131\u201d ad\u0131n\u0131 veren bir grup gen\u00e7 sanat\u00e7\u0131ya devretmek amac\u0131yla d\u00fczenlenecek konser Girne Amfitiyatro\u2019da saat 21.00\u2019de ba\u015flayacak. Girne Belediyesi\u2019nden yap\u0131lan a\u00e7\u0131klamada, online biletlerin, www.girnebelediyesi.com, bas\u0131l\u0131 biletlerin [&hellip;]<\/p>\n","protected":false},"author":1,"featured_media":10545,"comment_status":"open","ping_status":"open","sticky":false,"template":"","format":"standard","meta":{"jnews-multi-image_gallery":[],"jnews_single_post":[],"jnews_primary_category":[],"jnews_social_meta":[],"jnews_override_counter":[],"footnotes":""},"categories":[6],"tags":[],"class_list":["post-10544","post","type-post","status-publish","format-standard","has-post-thumbnail","hentry","category-yasam"],"yoast_head":"<!-- This site is optimized with the Yoast SEO plugin v27.5 - https:\/\/yoast.com\/product\/yoast-seo-wordpress\/ -->\n<title>\u201cS\u0131la 4 ve Dostlar\u0131 ile 60. Y\u0131l Efsane \u015eark\u0131lar\u0131\u201d konseri yar\u0131n Girne\u2019de - Kuzeyin Sesi<\/title>\n<meta name=\"robots\" content=\"index, follow, max-snippet:-1, max-image-preview:large, max-video-preview:-1\" \/>\n<link rel=\"canonical\" href=\"https:\/\/kuzeyinsesi.org\/index.php\/2024\/09\/27\/sila-4-ve-dostlari-ile-60-yil-efsane-sarkilari-konseri-yarin-girnede\/\" \/>\n<meta property=\"og:locale\" content=\"tr_TR\" \/>\n<meta property=\"og:type\" content=\"article\" \/>\n<meta property=\"og:title\" content=\"\u201cS\u0131la 4 ve Dostlar\u0131 ile 60. Y\u0131l Efsane \u015eark\u0131lar\u0131\u201d konseri yar\u0131n Girne\u2019de - Kuzeyin Sesi\" \/>\n<meta property=\"og:description\" content=\"K\u0131br\u0131s T\u00fcrk m\u00fczik k\u00fclt\u00fcr\u00fcn\u00fcn \u00f6nemli unsurlar\u0131ndan S\u0131la-4 grubu yar\u0131n \u201cGirne Ark\u0131n Group Fest24\u201d kapsam\u0131nda sahne alacak. Hayat\u0131n\u0131 kaybeden grup \u00fcyeleri Raif Denkta\u015f ve Ayd\u0131n Kalfao\u011flu\u2019nu anmak ve \u00e7al\u0131\u015fmalar\u0131n\u0131 kendilerine \u201cS\u0131la-4 Dostlar\u0131\u201d ad\u0131n\u0131 veren bir grup gen\u00e7 sanat\u00e7\u0131ya devretmek amac\u0131yla d\u00fczenlenecek konser Girne Amfitiyatro\u2019da saat 21.00\u2019de ba\u015flayacak. Girne Belediyesi\u2019nden yap\u0131lan a\u00e7\u0131klamada, online biletlerin, www.girnebelediyesi.com, bas\u0131l\u0131 biletlerin [&hellip;]\" \/>\n<meta property=\"og:url\" content=\"https:\/\/kuzeyinsesi.org\/index.php\/2024\/09\/27\/sila-4-ve-dostlari-ile-60-yil-efsane-sarkilari-konseri-yarin-girnede\/\" \/>\n<meta property=\"og:site_name\" content=\"Kuzeyin Sesi\" \/>\n<meta property=\"article:publisher\" content=\"https:\/\/www.facebook.com\/kuzeyinsesii\" \/>\n<meta property=\"article:published_time\" content=\"2024-09-27T10:43:36+00:00\" \/>\n<meta property=\"og:image\" content=\"https:\/\/brtk.net\/wp-content\/uploads\/2024\/09\/27\/s4.jpg?ver=f42ae1da65790e5b7ebf2b5ea4c2ce59\" \/>\n<meta name=\"author\" content=\"Kuzeyin Sesi\" \/>\n<meta name=\"twitter:card\" content=\"summary_large_image\" \/>\n<meta name=\"twitter:creator\" content=\"@kuzeyinsesii\" \/>\n<meta name=\"twitter:site\" content=\"@kuzeyinsesii\" \/>\n<meta name=\"twitter:label1\" content=\"Yazan:\" \/>\n\t<meta name=\"twitter:data1\" content=\"Kuzeyin Sesi\" \/>\n\t<meta name=\"twitter:label2\" content=\"Tahmini okuma s\u00fcresi\" \/>\n\t<meta name=\"twitter:data2\" content=\"1 dakika\" \/>\n<script type=\"application\/ld+json\" class=\"yoast-schema-graph\">{\"@context\":\"https:\\\/\\\/schema.org\",\"@graph\":[{\"@type\":\"Article\",\"@id\":\"https:\\\/\\\/kuzeyinsesi.org\\\/index.php\\\/2024\\\/09\\\/27\\\/sila-4-ve-dostlari-ile-60-yil-efsane-sarkilari-konseri-yarin-girnede\\\/#article\",\"isPartOf\":{\"@id\":\"https:\\\/\\\/kuzeyinsesi.org\\\/index.php\\\/2024\\\/09\\\/27\\\/sila-4-ve-dostlari-ile-60-yil-efsane-sarkilari-konseri-yarin-girnede\\\/\"},\"author\":{\"name\":\"Kuzeyin Sesi\",\"@id\":\"https:\\\/\\\/kuzeyinsesi.org\\\/#\\\/schema\\\/person\\\/9f859689cdf01485597712386e37f5aa\"},\"headline\":\"\u201cS\u0131la 4 ve Dostlar\u0131 ile 60. Y\u0131l Efsane \u015eark\u0131lar\u0131\u201d konseri yar\u0131n Girne\u2019de\",\"datePublished\":\"2024-09-27T10:43:36+00:00\",\"mainEntityOfPage\":{\"@id\":\"https:\\\/\\\/kuzeyinsesi.org\\\/index.php\\\/2024\\\/09\\\/27\\\/sila-4-ve-dostlari-ile-60-yil-efsane-sarkilari-konseri-yarin-girnede\\\/\"},\"wordCount\":127,\"commentCount\":0,\"image\":{\"@id\":\"https:\\\/\\\/kuzeyinsesi.org\\\/index.php\\\/2024\\\/09\\\/27\\\/sila-4-ve-dostlari-ile-60-yil-efsane-sarkilari-konseri-yarin-girnede\\\/#primaryimage\"},\"thumbnailUrl\":\"https:\\\/\\\/kuzeyinsesi.org\\\/wp-content\\\/uploads\\\/2024\\\/09\\\/s4.jpg\",\"articleSection\":[\"Ya\u015fam\"],\"inLanguage\":\"tr\",\"potentialAction\":[{\"@type\":\"CommentAction\",\"name\":\"Comment\",\"target\":[\"https:\\\/\\\/kuzeyinsesi.org\\\/index.php\\\/2024\\\/09\\\/27\\\/sila-4-ve-dostlari-ile-60-yil-efsane-sarkilari-konseri-yarin-girnede\\\/#respond\"]}]},{\"@type\":\"WebPage\",\"@id\":\"https:\\\/\\\/kuzeyinsesi.org\\\/index.php\\\/2024\\\/09\\\/27\\\/sila-4-ve-dostlari-ile-60-yil-efsane-sarkilari-konseri-yarin-girnede\\\/\",\"url\":\"https:\\\/\\\/kuzeyinsesi.org\\\/index.php\\\/2024\\\/09\\\/27\\\/sila-4-ve-dostlari-ile-60-yil-efsane-sarkilari-konseri-yarin-girnede\\\/\",\"name\":\"\u201cS\u0131la 4 ve Dostlar\u0131 ile 60. Y\u0131l Efsane \u015eark\u0131lar\u0131\u201d konseri yar\u0131n Girne\u2019de - Kuzeyin Sesi\",\"isPartOf\":{\"@id\":\"https:\\\/\\\/kuzeyinsesi.org\\\/#website\"},\"primaryImageOfPage\":{\"@id\":\"https:\\\/\\\/kuzeyinsesi.org\\\/index.php\\\/2024\\\/09\\\/27\\\/sila-4-ve-dostlari-ile-60-yil-efsane-sarkilari-konseri-yarin-girnede\\\/#primaryimage\"},\"image\":{\"@id\":\"https:\\\/\\\/kuzeyinsesi.org\\\/index.php\\\/2024\\\/09\\\/27\\\/sila-4-ve-dostlari-ile-60-yil-efsane-sarkilari-konseri-yarin-girnede\\\/#primaryimage\"},\"thumbnailUrl\":\"https:\\\/\\\/kuzeyinsesi.org\\\/wp-content\\\/uploads\\\/2024\\\/09\\\/s4.jpg\",\"datePublished\":\"2024-09-27T10:43:36+00:00\",\"author\":{\"@id\":\"https:\\\/\\\/kuzeyinsesi.org\\\/#\\\/schema\\\/person\\\/9f859689cdf01485597712386e37f5aa\"},\"breadcrumb\":{\"@id\":\"https:\\\/\\\/kuzeyinsesi.org\\\/index.php\\\/2024\\\/09\\\/27\\\/sila-4-ve-dostlari-ile-60-yil-efsane-sarkilari-konseri-yarin-girnede\\\/#breadcrumb\"},\"inLanguage\":\"tr\",\"potentialAction\":[{\"@type\":\"ReadAction\",\"target\":[\"https:\\\/\\\/kuzeyinsesi.org\\\/index.php\\\/2024\\\/09\\\/27\\\/sila-4-ve-dostlari-ile-60-yil-efsane-sarkilari-konseri-yarin-girnede\\\/\"]}]},{\"@type\":\"ImageObject\",\"inLanguage\":\"tr\",\"@id\":\"https:\\\/\\\/kuzeyinsesi.org\\\/index.php\\\/2024\\\/09\\\/27\\\/sila-4-ve-dostlari-ile-60-yil-efsane-sarkilari-konseri-yarin-girnede\\\/#primaryimage\",\"url\":\"https:\\\/\\\/kuzeyinsesi.org\\\/wp-content\\\/uploads\\\/2024\\\/09\\\/s4.jpg\",\"contentUrl\":\"https:\\\/\\\/kuzeyinsesi.org\\\/wp-content\\\/uploads\\\/2024\\\/09\\\/s4.jpg\",\"width\":1773,\"height\":1772},{\"@type\":\"BreadcrumbList\",\"@id\":\"https:\\\/\\\/kuzeyinsesi.org\\\/index.php\\\/2024\\\/09\\\/27\\\/sila-4-ve-dostlari-ile-60-yil-efsane-sarkilari-konseri-yarin-girnede\\\/#breadcrumb\",\"itemListElement\":[{\"@type\":\"ListItem\",\"position\":1,\"name\":\"Anasayfa\",\"item\":\"https:\\\/\\\/kuzeyinsesi.org\\\/\"},{\"@type\":\"ListItem\",\"position\":2,\"name\":\"\u201cS\u0131la 4 ve Dostlar\u0131 ile 60. Y\u0131l Efsane \u015eark\u0131lar\u0131\u201d konseri yar\u0131n Girne\u2019de\"}]},{\"@type\":\"WebSite\",\"@id\":\"https:\\\/\\\/kuzeyinsesi.org\\\/#website\",\"url\":\"https:\\\/\\\/kuzeyinsesi.org\\\/\",\"name\":\"Kuzeyin Sesi\",\"description\":\"Do\u011fru Haberin Adresi\",\"potentialAction\":[{\"@type\":\"SearchAction\",\"target\":{\"@type\":\"EntryPoint\",\"urlTemplate\":\"https:\\\/\\\/kuzeyinsesi.org\\\/?s={search_term_string}\"},\"query-input\":{\"@type\":\"PropertyValueSpecification\",\"valueRequired\":true,\"valueName\":\"search_term_string\"}}],\"inLanguage\":\"tr\"},{\"@type\":\"Person\",\"@id\":\"https:\\\/\\\/kuzeyinsesi.org\\\/#\\\/schema\\\/person\\\/9f859689cdf01485597712386e37f5aa\",\"name\":\"Kuzeyin Sesi\",\"image\":{\"@type\":\"ImageObject\",\"inLanguage\":\"tr\",\"@id\":\"https:\\\/\\\/secure.gravatar.com\\\/avatar\\\/bab33852abfd8b282518d6ed81826833d77c3c882d9ab608add591ccace47a44?s=96&d=mm&r=g\",\"url\":\"https:\\\/\\\/secure.gravatar.com\\\/avatar\\\/bab33852abfd8b282518d6ed81826833d77c3c882d9ab608add591ccace47a44?s=96&d=mm&r=g\",\"contentUrl\":\"https:\\\/\\\/secure.gravatar.com\\\/avatar\\\/bab33852abfd8b282518d6ed81826833d77c3c882d9ab608add591ccace47a44?s=96&d=mm&r=g\",\"caption\":\"Kuzeyin Sesi\"},\"sameAs\":[\"https:\\\/\\\/kuzeyinsesi.org\"],\"url\":\"https:\\\/\\\/kuzeyinsesi.org\\\/index.php\\\/author\\\/guven\\\/\"}]}<\/script>\n<!-- \/ Yoast SEO plugin. -->","yoast_head_json":{"title":"\u201cS\u0131la 4 ve Dostlar\u0131 ile 60. Y\u0131l Efsane \u015eark\u0131lar\u0131\u201d konseri yar\u0131n Girne\u2019de - Kuzeyin Sesi","robots":{"index":"index","follow":"follow","max-snippet":"max-snippet:-1","max-image-preview":"max-image-preview:large","max-video-preview":"max-video-preview:-1"},"canonical":"https:\/\/kuzeyinsesi.org\/index.php\/2024\/09\/27\/sila-4-ve-dostlari-ile-60-yil-efsane-sarkilari-konseri-yarin-girnede\/","og_locale":"tr_TR","og_type":"article","og_title":"\u201cS\u0131la 4 ve Dostlar\u0131 ile 60. Y\u0131l Efsane \u015eark\u0131lar\u0131\u201d konseri yar\u0131n Girne\u2019de - Kuzeyin Sesi","og_description":"K\u0131br\u0131s T\u00fcrk m\u00fczik k\u00fclt\u00fcr\u00fcn\u00fcn \u00f6nemli unsurlar\u0131ndan S\u0131la-4 grubu yar\u0131n \u201cGirne Ark\u0131n Group Fest24\u201d kapsam\u0131nda sahne alacak. Hayat\u0131n\u0131 kaybeden grup \u00fcyeleri Raif Denkta\u015f ve Ayd\u0131n Kalfao\u011flu\u2019nu anmak ve \u00e7al\u0131\u015fmalar\u0131n\u0131 kendilerine \u201cS\u0131la-4 Dostlar\u0131\u201d ad\u0131n\u0131 veren bir grup gen\u00e7 sanat\u00e7\u0131ya devretmek amac\u0131yla d\u00fczenlenecek konser Girne Amfitiyatro\u2019da saat 21.00\u2019de ba\u015flayacak. Girne Belediyesi\u2019nden yap\u0131lan a\u00e7\u0131klamada, online biletlerin, www.girnebelediyesi.com, bas\u0131l\u0131 biletlerin [&hellip;]","og_url":"https:\/\/kuzeyinsesi.org\/index.php\/2024\/09\/27\/sila-4-ve-dostlari-ile-60-yil-efsane-sarkilari-konseri-yarin-girnede\/","og_site_name":"Kuzeyin Sesi","article_publisher":"https:\/\/www.facebook.com\/kuzeyinsesii","article_published_time":"2024-09-27T10:43:36+00:00","og_image":[{"url":"https:\/\/brtk.net\/wp-content\/uploads\/2024\/09\/27\/s4.jpg?ver=f42ae1da65790e5b7ebf2b5ea4c2ce59","type":"","width":"","height":""}],"author":"Kuzeyin Sesi","twitter_card":"summary_large_image","twitter_creator":"@kuzeyinsesii","twitter_site":"@kuzeyinsesii","twitter_misc":{"Yazan:":"Kuzeyin Sesi","Tahmini okuma s\u00fcresi":"1 dakika"},"schema":{"@context":"https:\/\/schema.org","@graph":[{"@type":"Article","@id":"https:\/\/kuzeyinsesi.org\/index.php\/2024\/09\/27\/sila-4-ve-dostlari-ile-60-yil-efsane-sarkilari-konseri-yarin-girnede\/#article","isPartOf":{"@id":"https:\/\/kuzeyinsesi.org\/index.php\/2024\/09\/27\/sila-4-ve-dostlari-ile-60-yil-efsane-sarkilari-konseri-yarin-girnede\/"},"author":{"name":"Kuzeyin Sesi","@id":"https:\/\/kuzeyinsesi.org\/#\/schema\/person\/9f859689cdf01485597712386e37f5aa"},"headline":"\u201cS\u0131la 4 ve Dostlar\u0131 ile 60. Y\u0131l Efsane \u015eark\u0131lar\u0131\u201d konseri yar\u0131n Girne\u2019de","datePublished":"2024-09-27T10:43:36+00:00","mainEntityOfPage":{"@id":"https:\/\/kuzeyinsesi.org\/index.php\/2024\/09\/27\/sila-4-ve-dostlari-ile-60-yil-efsane-sarkilari-konseri-yarin-girnede\/"},"wordCount":127,"commentCount":0,"image":{"@id":"https:\/\/kuzeyinsesi.org\/index.php\/2024\/09\/27\/sila-4-ve-dostlari-ile-60-yil-efsane-sarkilari-konseri-yarin-girnede\/#primaryimage"},"thumbnailUrl":"https:\/\/kuzeyinsesi.org\/wp-content\/uploads\/2024\/09\/s4.jpg","articleSection":["Ya\u015fam"],"inLanguage":"tr","potentialAction":[{"@type":"CommentAction","name":"Comment","target":["https:\/\/kuzeyinsesi.org\/index.php\/2024\/09\/27\/sila-4-ve-dostlari-ile-60-yil-efsane-sarkilari-konseri-yarin-girnede\/#respond"]}]},{"@type":"WebPage","@id":"https:\/\/kuzeyinsesi.org\/index.php\/2024\/09\/27\/sila-4-ve-dostlari-ile-60-yil-efsane-sarkilari-konseri-yarin-girnede\/","url":"https:\/\/kuzeyinsesi.org\/index.php\/2024\/09\/27\/sila-4-ve-dostlari-ile-60-yil-efsane-sarkilari-konseri-yarin-girnede\/","name":"\u201cS\u0131la 4 ve Dostlar\u0131 ile 60. Y\u0131l Efsane \u015eark\u0131lar\u0131\u201d konseri yar\u0131n Girne\u2019de - Kuzeyin Sesi","isPartOf":{"@id":"https:\/\/kuzeyinsesi.org\/#website"},"primaryImageOfPage":{"@id":"https:\/\/kuzeyinsesi.org\/index.php\/2024\/09\/27\/sila-4-ve-dostlari-ile-60-yil-efsane-sarkilari-konseri-yarin-girnede\/#primaryimage"},"image":{"@id":"https:\/\/kuzeyinsesi.org\/index.php\/2024\/09\/27\/sila-4-ve-dostlari-ile-60-yil-efsane-sarkilari-konseri-yarin-girnede\/#primaryimage"},"thumbnailUrl":"https:\/\/kuzeyinsesi.org\/wp-content\/uploads\/2024\/09\/s4.jpg","datePublished":"2024-09-27T10:43:36+00:00","author":{"@id":"https:\/\/kuzeyinsesi.org\/#\/schema\/person\/9f859689cdf01485597712386e37f5aa"},"breadcrumb":{"@id":"https:\/\/kuzeyinsesi.org\/index.php\/2024\/09\/27\/sila-4-ve-dostlari-ile-60-yil-efsane-sarkilari-konseri-yarin-girnede\/#breadcrumb"},"inLanguage":"tr","potentialAction":[{"@type":"ReadAction","target":["https:\/\/kuzeyinsesi.org\/index.php\/2024\/09\/27\/sila-4-ve-dostlari-ile-60-yil-efsane-sarkilari-konseri-yarin-girnede\/"]}]},{"@type":"ImageObject","inLanguage":"tr","@id":"https:\/\/kuzeyinsesi.org\/index.php\/2024\/09\/27\/sila-4-ve-dostlari-ile-60-yil-efsane-sarkilari-konseri-yarin-girnede\/#primaryimage","url":"https:\/\/kuzeyinsesi.org\/wp-content\/uploads\/2024\/09\/s4.jpg","contentUrl":"https:\/\/kuzeyinsesi.org\/wp-content\/uploads\/2024\/09\/s4.jpg","width":1773,"height":1772},{"@type":"BreadcrumbList","@id":"https:\/\/kuzeyinsesi.org\/index.php\/2024\/09\/27\/sila-4-ve-dostlari-ile-60-yil-efsane-sarkilari-konseri-yarin-girnede\/#breadcrumb","itemListElement":[{"@type":"ListItem","position":1,"name":"Anasayfa","item":"https:\/\/kuzeyinsesi.org\/"},{"@type":"ListItem","position":2,"name":"\u201cS\u0131la 4 ve Dostlar\u0131 ile 60. Y\u0131l Efsane \u015eark\u0131lar\u0131\u201d konseri yar\u0131n Girne\u2019de"}]},{"@type":"WebSite","@id":"https:\/\/kuzeyinsesi.org\/#website","url":"https:\/\/kuzeyinsesi.org\/","name":"Kuzeyin Sesi","description":"Do\u011fru Haberin Adresi","potentialAction":[{"@type":"SearchAction","target":{"@type":"EntryPoint","urlTemplate":"https:\/\/kuzeyinsesi.org\/?s={search_term_string}"},"query-input":{"@type":"PropertyValueSpecification","valueRequired":true,"valueName":"search_term_string"}}],"inLanguage":"tr"},{"@type":"Person","@id":"https:\/\/kuzeyinsesi.org\/#\/schema\/person\/9f859689cdf01485597712386e37f5aa","name":"Kuzeyin Sesi","image":{"@type":"ImageObject","inLanguage":"tr","@id":"https:\/\/secure.gravatar.com\/avatar\/bab33852abfd8b282518d6ed81826833d77c3c882d9ab608add591ccace47a44?s=96&d=mm&r=g","url":"https:\/\/secure.gravatar.com\/avatar\/bab33852abfd8b282518d6ed81826833d77c3c882d9ab608add591ccace47a44?s=96&d=mm&r=g","contentUrl":"https:\/\/secure.gravatar.com\/avatar\/bab33852abfd8b282518d6ed81826833d77c3c882d9ab608add591ccace47a44?s=96&d=mm&r=g","caption":"Kuzeyin Sesi"},"sameAs":["https:\/\/kuzeyinsesi.org"],"url":"https:\/\/kuzeyinsesi.org\/index.php\/author\/guven\/"}]}},"_links":{"self":[{"href":"https:\/\/kuzeyinsesi.org\/index.php\/wp-json\/wp\/v2\/posts\/10544","targetHints":{"allow":["GET"]}}],"collection":[{"href":"https:\/\/kuzeyinsesi.org\/index.php\/wp-json\/wp\/v2\/posts"}],"about":[{"href":"https:\/\/kuzeyinsesi.org\/index.php\/wp-json\/wp\/v2\/types\/post"}],"author":[{"embeddable":true,"href":"https:\/\/kuzeyinsesi.org\/index.php\/wp-json\/wp\/v2\/users\/1"}],"replies":[{"embeddable":true,"href":"https:\/\/kuzeyinsesi.org\/index.php\/wp-json\/wp\/v2\/comments?post=10544"}],"version-history":[{"count":0,"href":"https:\/\/kuzeyinsesi.org\/index.php\/wp-json\/wp\/v2\/posts\/10544\/revisions"}],"wp:featuredmedia":[{"embeddable":true,"href":"https:\/\/kuzeyinsesi.org\/index.php\/wp-json\/wp\/v2\/media\/10545"}],"wp:attachment":[{"href":"https:\/\/kuzeyinsesi.org\/index.php\/wp-json\/wp\/v2\/media?parent=10544"}],"wp:term":[{"taxonomy":"category","embeddable":true,"href":"https:\/\/kuzeyinsesi.org\/index.php\/wp-json\/wp\/v2\/categories?post=10544"},{"taxonomy":"post_tag","embeddable":true,"href":"https:\/\/kuzeyinsesi.org\/index.php\/wp-json\/wp\/v2\/tags?post=10544"}],"curies":[{"name":"wp","href":"https:\/\/api.w.org\/{rel}","templated":true}]}}