{"id":10542,"date":"2024-09-27T12:42:44","date_gmt":"2024-09-27T09:42:44","guid":{"rendered":"https:\/\/kuzeyinsesi.org\/index.php\/2024\/09\/27\/bahar-esintileri-sanat-dernegi-korosu-turkiyede-konser-verecek\/"},"modified":"2024-09-27T12:42:44","modified_gmt":"2024-09-27T09:42:44","slug":"bahar-esintileri-sanat-dernegi-korosu-turkiyede-konser-verecek","status":"publish","type":"post","link":"https:\/\/kuzeyinsesi.org\/index.php\/2024\/09\/27\/bahar-esintileri-sanat-dernegi-korosu-turkiyede-konser-verecek\/","title":{"rendered":"Bahar Esintileri Sanat Derne\u011fi Korosu, T\u00fcrkiye\u2019de konser verecek"},"content":{"rendered":"<div>\n<div class=\"mariselle-image-container center\">\n                                            <\/div>\n<p> Bahar Esintileri Sanat Derne\u011fi Korosu, T\u00fcrkiye\u2019de, \u00c7orlu Tekirda\u011f\u2019da \u201cG\u00f6n\u00fclden G\u00f6n\u00fcle Karde\u015flik \u015eark\u0131lar\u0131\u201d konseriyle sahne alacak.<\/p>\n<p>\u015eef Bahar G\u00f6khan \u00f6nderli\u011findeki Bahar Esintileri Sanat Derne\u011fi Korosundan verilen bilgiye g\u00f6re, 19 Ekim\u2019de ger\u00e7ekle\u015fecek konserde, \u201c\u00dc\u00e7 Devlet Bir Millet\u201d ruhunu g\u00fc\u00e7lendirmeye y\u00f6nelik \u00fc\u00e7 \u00fclkenin \u015fark\u0131lar\u0131 s\u00f6ylenecek.<\/p>\n<p>Konser, T\u00fcrk M\u00fczi\u011fi Federasyonu T\u00dcMFED ba\u015fkan\u0131 Hasan Kaya \u2018n\u0131n \u00f6nderli\u011finde \u00c7orlu Sanat Merkezi M\u00fczik Derne\u011fi, Asel Sanat Merkezi M\u00fczik Derne\u011fi, Azerbaycan Tekam\u00fcl ve \u0130ntegrasiyon Uluslararas\u0131 Toplum Kurulu\u015fu, Azerbaycan Garaba\u011f Ansambl Orkestras\u0131 ve TC K\u00fclt\u00fcr ve Turizm Bakanl\u0131\u011f\u0131 \u2018n\u0131n kat\u0131l\u0131m\u0131yla ger\u00e7ekle\u015fecek.<\/p>\n<p>Bahar Esintileri Korosu, ayr\u0131ca 7 Ekim \u2018de Girne Amfi Tiyatroda Kanser Hastalar\u0131na Yard\u0131m Derne\u011fi yarar\u0131na sanat\u00e7\u0131 Hakan Aysev\u2019in konuk olaca\u011f\u0131 konserin \u00e7al\u0131\u015fmalar\u0131na da devam ediyor.<\/p>\n<\/p><\/div>\n<p><script async\n                    defer\n                    crossorigin=\"anonymous\"\n                    src=\"https:\/\/connect.facebook.net\/tr_TR\/sdk.js#xfbml=1&#038;version=v3.3\"\n            ><\/script><\/p>\n","protected":false},"excerpt":{"rendered":"<p>Bahar Esintileri Sanat Derne\u011fi Korosu, T\u00fcrkiye\u2019de, \u00c7orlu Tekirda\u011f\u2019da \u201cG\u00f6n\u00fclden G\u00f6n\u00fcle Karde\u015flik \u015eark\u0131lar\u0131\u201d konseriyle sahne alacak. \u015eef Bahar G\u00f6khan \u00f6nderli\u011findeki Bahar Esintileri Sanat Derne\u011fi Korosundan verilen bilgiye g\u00f6re, 19 Ekim\u2019de ger\u00e7ekle\u015fecek konserde, \u201c\u00dc\u00e7 Devlet Bir Millet\u201d ruhunu g\u00fc\u00e7lendirmeye y\u00f6nelik \u00fc\u00e7 \u00fclkenin \u015fark\u0131lar\u0131 s\u00f6ylenecek. Konser, T\u00fcrk M\u00fczi\u011fi Federasyonu T\u00dcMFED ba\u015fkan\u0131 Hasan Kaya \u2018n\u0131n \u00f6nderli\u011finde \u00c7orlu Sanat Merkezi [&hellip;]<\/p>\n","protected":false},"author":1,"featured_media":10543,"comment_status":"open","ping_status":"open","sticky":false,"template":"","format":"standard","meta":{"jnews-multi-image_gallery":[],"jnews_single_post":[],"jnews_primary_category":[],"jnews_social_meta":[],"jnews_override_counter":[],"footnotes":""},"categories":[6],"tags":[],"class_list":["post-10542","post","type-post","status-publish","format-standard","has-post-thumbnail","hentry","category-yasam"],"yoast_head":"<!-- This site is optimized with the Yoast SEO plugin v27.4 - https:\/\/yoast.com\/product\/yoast-seo-wordpress\/ -->\n<title>Bahar Esintileri Sanat Derne\u011fi Korosu, T\u00fcrkiye\u2019de konser verecek - Kuzeyin Sesi<\/title>\n<meta name=\"robots\" content=\"index, follow, max-snippet:-1, max-image-preview:large, max-video-preview:-1\" \/>\n<link rel=\"canonical\" href=\"https:\/\/kuzeyinsesi.org\/index.php\/2024\/09\/27\/bahar-esintileri-sanat-dernegi-korosu-turkiyede-konser-verecek\/\" \/>\n<meta property=\"og:locale\" content=\"tr_TR\" \/>\n<meta property=\"og:type\" content=\"article\" \/>\n<meta property=\"og:title\" content=\"Bahar Esintileri Sanat Derne\u011fi Korosu, T\u00fcrkiye\u2019de konser verecek - Kuzeyin Sesi\" \/>\n<meta property=\"og:description\" content=\"Bahar Esintileri Sanat Derne\u011fi Korosu, T\u00fcrkiye\u2019de, \u00c7orlu Tekirda\u011f\u2019da \u201cG\u00f6n\u00fclden G\u00f6n\u00fcle Karde\u015flik \u015eark\u0131lar\u0131\u201d konseriyle sahne alacak. \u015eef Bahar G\u00f6khan \u00f6nderli\u011findeki Bahar Esintileri Sanat Derne\u011fi Korosundan verilen bilgiye g\u00f6re, 19 Ekim\u2019de ger\u00e7ekle\u015fecek konserde, \u201c\u00dc\u00e7 Devlet Bir Millet\u201d ruhunu g\u00fc\u00e7lendirmeye y\u00f6nelik \u00fc\u00e7 \u00fclkenin \u015fark\u0131lar\u0131 s\u00f6ylenecek. Konser, T\u00fcrk M\u00fczi\u011fi Federasyonu T\u00dcMFED ba\u015fkan\u0131 Hasan Kaya \u2018n\u0131n \u00f6nderli\u011finde \u00c7orlu Sanat Merkezi [&hellip;]\" \/>\n<meta property=\"og:url\" content=\"https:\/\/kuzeyinsesi.org\/index.php\/2024\/09\/27\/bahar-esintileri-sanat-dernegi-korosu-turkiyede-konser-verecek\/\" \/>\n<meta property=\"og:site_name\" content=\"Kuzeyin Sesi\" \/>\n<meta property=\"article:publisher\" content=\"https:\/\/www.facebook.com\/kuzeyinsesii\" \/>\n<meta property=\"article:published_time\" content=\"2024-09-27T09:42:44+00:00\" \/>\n<meta property=\"og:image\" content=\"https:\/\/brtk.net\/wp-content\/uploads\/2024\/09\/27\/Bahar-Esintileri-Sanat-Dernegi-Korosu-Turkiyede-konser-verecek.jpg?ver=74ba995d3b31d4baae1c40e432a3a3c5\" \/>\n<meta name=\"author\" content=\"Kuzeyin Sesi\" \/>\n<meta name=\"twitter:card\" content=\"summary_large_image\" \/>\n<meta name=\"twitter:creator\" content=\"@kuzeyinsesii\" \/>\n<meta name=\"twitter:site\" content=\"@kuzeyinsesii\" \/>\n<meta name=\"twitter:label1\" content=\"Yazan:\" \/>\n\t<meta name=\"twitter:data1\" content=\"Kuzeyin Sesi\" \/>\n\t<meta name=\"twitter:label2\" content=\"Tahmini okuma s\u00fcresi\" \/>\n\t<meta name=\"twitter:data2\" content=\"1 dakika\" \/>\n<script type=\"application\/ld+json\" class=\"yoast-schema-graph\">{\"@context\":\"https:\\\/\\\/schema.org\",\"@graph\":[{\"@type\":\"Article\",\"@id\":\"https:\\\/\\\/kuzeyinsesi.org\\\/index.php\\\/2024\\\/09\\\/27\\\/bahar-esintileri-sanat-dernegi-korosu-turkiyede-konser-verecek\\\/#article\",\"isPartOf\":{\"@id\":\"https:\\\/\\\/kuzeyinsesi.org\\\/index.php\\\/2024\\\/09\\\/27\\\/bahar-esintileri-sanat-dernegi-korosu-turkiyede-konser-verecek\\\/\"},\"author\":{\"name\":\"Kuzeyin Sesi\",\"@id\":\"https:\\\/\\\/kuzeyinsesi.org\\\/#\\\/schema\\\/person\\\/9f859689cdf01485597712386e37f5aa\"},\"headline\":\"Bahar Esintileri Sanat Derne\u011fi Korosu, T\u00fcrkiye\u2019de konser verecek\",\"datePublished\":\"2024-09-27T09:42:44+00:00\",\"mainEntityOfPage\":{\"@id\":\"https:\\\/\\\/kuzeyinsesi.org\\\/index.php\\\/2024\\\/09\\\/27\\\/bahar-esintileri-sanat-dernegi-korosu-turkiyede-konser-verecek\\\/\"},\"wordCount\":164,\"commentCount\":0,\"image\":{\"@id\":\"https:\\\/\\\/kuzeyinsesi.org\\\/index.php\\\/2024\\\/09\\\/27\\\/bahar-esintileri-sanat-dernegi-korosu-turkiyede-konser-verecek\\\/#primaryimage\"},\"thumbnailUrl\":\"https:\\\/\\\/kuzeyinsesi.org\\\/wp-content\\\/uploads\\\/2024\\\/09\\\/Bahar-Esintileri-Sanat-Dernegi-Korosu-Turkiyede-konser-verecek.jpg\",\"articleSection\":[\"Ya\u015fam\"],\"inLanguage\":\"tr\",\"potentialAction\":[{\"@type\":\"CommentAction\",\"name\":\"Comment\",\"target\":[\"https:\\\/\\\/kuzeyinsesi.org\\\/index.php\\\/2024\\\/09\\\/27\\\/bahar-esintileri-sanat-dernegi-korosu-turkiyede-konser-verecek\\\/#respond\"]}]},{\"@type\":\"WebPage\",\"@id\":\"https:\\\/\\\/kuzeyinsesi.org\\\/index.php\\\/2024\\\/09\\\/27\\\/bahar-esintileri-sanat-dernegi-korosu-turkiyede-konser-verecek\\\/\",\"url\":\"https:\\\/\\\/kuzeyinsesi.org\\\/index.php\\\/2024\\\/09\\\/27\\\/bahar-esintileri-sanat-dernegi-korosu-turkiyede-konser-verecek\\\/\",\"name\":\"Bahar Esintileri Sanat Derne\u011fi Korosu, T\u00fcrkiye\u2019de konser verecek - Kuzeyin Sesi\",\"isPartOf\":{\"@id\":\"https:\\\/\\\/kuzeyinsesi.org\\\/#website\"},\"primaryImageOfPage\":{\"@id\":\"https:\\\/\\\/kuzeyinsesi.org\\\/index.php\\\/2024\\\/09\\\/27\\\/bahar-esintileri-sanat-dernegi-korosu-turkiyede-konser-verecek\\\/#primaryimage\"},\"image\":{\"@id\":\"https:\\\/\\\/kuzeyinsesi.org\\\/index.php\\\/2024\\\/09\\\/27\\\/bahar-esintileri-sanat-dernegi-korosu-turkiyede-konser-verecek\\\/#primaryimage\"},\"thumbnailUrl\":\"https:\\\/\\\/kuzeyinsesi.org\\\/wp-content\\\/uploads\\\/2024\\\/09\\\/Bahar-Esintileri-Sanat-Dernegi-Korosu-Turkiyede-konser-verecek.jpg\",\"datePublished\":\"2024-09-27T09:42:44+00:00\",\"author\":{\"@id\":\"https:\\\/\\\/kuzeyinsesi.org\\\/#\\\/schema\\\/person\\\/9f859689cdf01485597712386e37f5aa\"},\"breadcrumb\":{\"@id\":\"https:\\\/\\\/kuzeyinsesi.org\\\/index.php\\\/2024\\\/09\\\/27\\\/bahar-esintileri-sanat-dernegi-korosu-turkiyede-konser-verecek\\\/#breadcrumb\"},\"inLanguage\":\"tr\",\"potentialAction\":[{\"@type\":\"ReadAction\",\"target\":[\"https:\\\/\\\/kuzeyinsesi.org\\\/index.php\\\/2024\\\/09\\\/27\\\/bahar-esintileri-sanat-dernegi-korosu-turkiyede-konser-verecek\\\/\"]}]},{\"@type\":\"ImageObject\",\"inLanguage\":\"tr\",\"@id\":\"https:\\\/\\\/kuzeyinsesi.org\\\/index.php\\\/2024\\\/09\\\/27\\\/bahar-esintileri-sanat-dernegi-korosu-turkiyede-konser-verecek\\\/#primaryimage\",\"url\":\"https:\\\/\\\/kuzeyinsesi.org\\\/wp-content\\\/uploads\\\/2024\\\/09\\\/Bahar-Esintileri-Sanat-Dernegi-Korosu-Turkiyede-konser-verecek.jpg\",\"contentUrl\":\"https:\\\/\\\/kuzeyinsesi.org\\\/wp-content\\\/uploads\\\/2024\\\/09\\\/Bahar-Esintileri-Sanat-Dernegi-Korosu-Turkiyede-konser-verecek.jpg\",\"width\":620,\"height\":350},{\"@type\":\"BreadcrumbList\",\"@id\":\"https:\\\/\\\/kuzeyinsesi.org\\\/index.php\\\/2024\\\/09\\\/27\\\/bahar-esintileri-sanat-dernegi-korosu-turkiyede-konser-verecek\\\/#breadcrumb\",\"itemListElement\":[{\"@type\":\"ListItem\",\"position\":1,\"name\":\"Anasayfa\",\"item\":\"https:\\\/\\\/kuzeyinsesi.org\\\/\"},{\"@type\":\"ListItem\",\"position\":2,\"name\":\"Bahar Esintileri Sanat Derne\u011fi Korosu, T\u00fcrkiye\u2019de konser verecek\"}]},{\"@type\":\"WebSite\",\"@id\":\"https:\\\/\\\/kuzeyinsesi.org\\\/#website\",\"url\":\"https:\\\/\\\/kuzeyinsesi.org\\\/\",\"name\":\"Kuzeyin Sesi\",\"description\":\"Do\u011fru Haberin Adresi\",\"potentialAction\":[{\"@type\":\"SearchAction\",\"target\":{\"@type\":\"EntryPoint\",\"urlTemplate\":\"https:\\\/\\\/kuzeyinsesi.org\\\/?s={search_term_string}\"},\"query-input\":{\"@type\":\"PropertyValueSpecification\",\"valueRequired\":true,\"valueName\":\"search_term_string\"}}],\"inLanguage\":\"tr\"},{\"@type\":\"Person\",\"@id\":\"https:\\\/\\\/kuzeyinsesi.org\\\/#\\\/schema\\\/person\\\/9f859689cdf01485597712386e37f5aa\",\"name\":\"Kuzeyin Sesi\",\"image\":{\"@type\":\"ImageObject\",\"inLanguage\":\"tr\",\"@id\":\"https:\\\/\\\/secure.gravatar.com\\\/avatar\\\/bab33852abfd8b282518d6ed81826833d77c3c882d9ab608add591ccace47a44?s=96&d=mm&r=g\",\"url\":\"https:\\\/\\\/secure.gravatar.com\\\/avatar\\\/bab33852abfd8b282518d6ed81826833d77c3c882d9ab608add591ccace47a44?s=96&d=mm&r=g\",\"contentUrl\":\"https:\\\/\\\/secure.gravatar.com\\\/avatar\\\/bab33852abfd8b282518d6ed81826833d77c3c882d9ab608add591ccace47a44?s=96&d=mm&r=g\",\"caption\":\"Kuzeyin Sesi\"},\"sameAs\":[\"https:\\\/\\\/kuzeyinsesi.org\"],\"url\":\"https:\\\/\\\/kuzeyinsesi.org\\\/index.php\\\/author\\\/guven\\\/\"}]}<\/script>\n<!-- \/ Yoast SEO plugin. -->","yoast_head_json":{"title":"Bahar Esintileri Sanat Derne\u011fi Korosu, T\u00fcrkiye\u2019de konser verecek - Kuzeyin Sesi","robots":{"index":"index","follow":"follow","max-snippet":"max-snippet:-1","max-image-preview":"max-image-preview:large","max-video-preview":"max-video-preview:-1"},"canonical":"https:\/\/kuzeyinsesi.org\/index.php\/2024\/09\/27\/bahar-esintileri-sanat-dernegi-korosu-turkiyede-konser-verecek\/","og_locale":"tr_TR","og_type":"article","og_title":"Bahar Esintileri Sanat Derne\u011fi Korosu, T\u00fcrkiye\u2019de konser verecek - Kuzeyin Sesi","og_description":"Bahar Esintileri Sanat Derne\u011fi Korosu, T\u00fcrkiye\u2019de, \u00c7orlu Tekirda\u011f\u2019da \u201cG\u00f6n\u00fclden G\u00f6n\u00fcle Karde\u015flik \u015eark\u0131lar\u0131\u201d konseriyle sahne alacak. \u015eef Bahar G\u00f6khan \u00f6nderli\u011findeki Bahar Esintileri Sanat Derne\u011fi Korosundan verilen bilgiye g\u00f6re, 19 Ekim\u2019de ger\u00e7ekle\u015fecek konserde, \u201c\u00dc\u00e7 Devlet Bir Millet\u201d ruhunu g\u00fc\u00e7lendirmeye y\u00f6nelik \u00fc\u00e7 \u00fclkenin \u015fark\u0131lar\u0131 s\u00f6ylenecek. Konser, T\u00fcrk M\u00fczi\u011fi Federasyonu T\u00dcMFED ba\u015fkan\u0131 Hasan Kaya \u2018n\u0131n \u00f6nderli\u011finde \u00c7orlu Sanat Merkezi [&hellip;]","og_url":"https:\/\/kuzeyinsesi.org\/index.php\/2024\/09\/27\/bahar-esintileri-sanat-dernegi-korosu-turkiyede-konser-verecek\/","og_site_name":"Kuzeyin Sesi","article_publisher":"https:\/\/www.facebook.com\/kuzeyinsesii","article_published_time":"2024-09-27T09:42:44+00:00","og_image":[{"url":"https:\/\/brtk.net\/wp-content\/uploads\/2024\/09\/27\/Bahar-Esintileri-Sanat-Dernegi-Korosu-Turkiyede-konser-verecek.jpg?ver=74ba995d3b31d4baae1c40e432a3a3c5","type":"","width":"","height":""}],"author":"Kuzeyin Sesi","twitter_card":"summary_large_image","twitter_creator":"@kuzeyinsesii","twitter_site":"@kuzeyinsesii","twitter_misc":{"Yazan:":"Kuzeyin Sesi","Tahmini okuma s\u00fcresi":"1 dakika"},"schema":{"@context":"https:\/\/schema.org","@graph":[{"@type":"Article","@id":"https:\/\/kuzeyinsesi.org\/index.php\/2024\/09\/27\/bahar-esintileri-sanat-dernegi-korosu-turkiyede-konser-verecek\/#article","isPartOf":{"@id":"https:\/\/kuzeyinsesi.org\/index.php\/2024\/09\/27\/bahar-esintileri-sanat-dernegi-korosu-turkiyede-konser-verecek\/"},"author":{"name":"Kuzeyin Sesi","@id":"https:\/\/kuzeyinsesi.org\/#\/schema\/person\/9f859689cdf01485597712386e37f5aa"},"headline":"Bahar Esintileri Sanat Derne\u011fi Korosu, T\u00fcrkiye\u2019de konser verecek","datePublished":"2024-09-27T09:42:44+00:00","mainEntityOfPage":{"@id":"https:\/\/kuzeyinsesi.org\/index.php\/2024\/09\/27\/bahar-esintileri-sanat-dernegi-korosu-turkiyede-konser-verecek\/"},"wordCount":164,"commentCount":0,"image":{"@id":"https:\/\/kuzeyinsesi.org\/index.php\/2024\/09\/27\/bahar-esintileri-sanat-dernegi-korosu-turkiyede-konser-verecek\/#primaryimage"},"thumbnailUrl":"https:\/\/kuzeyinsesi.org\/wp-content\/uploads\/2024\/09\/Bahar-Esintileri-Sanat-Dernegi-Korosu-Turkiyede-konser-verecek.jpg","articleSection":["Ya\u015fam"],"inLanguage":"tr","potentialAction":[{"@type":"CommentAction","name":"Comment","target":["https:\/\/kuzeyinsesi.org\/index.php\/2024\/09\/27\/bahar-esintileri-sanat-dernegi-korosu-turkiyede-konser-verecek\/#respond"]}]},{"@type":"WebPage","@id":"https:\/\/kuzeyinsesi.org\/index.php\/2024\/09\/27\/bahar-esintileri-sanat-dernegi-korosu-turkiyede-konser-verecek\/","url":"https:\/\/kuzeyinsesi.org\/index.php\/2024\/09\/27\/bahar-esintileri-sanat-dernegi-korosu-turkiyede-konser-verecek\/","name":"Bahar Esintileri Sanat Derne\u011fi Korosu, T\u00fcrkiye\u2019de konser verecek - Kuzeyin Sesi","isPartOf":{"@id":"https:\/\/kuzeyinsesi.org\/#website"},"primaryImageOfPage":{"@id":"https:\/\/kuzeyinsesi.org\/index.php\/2024\/09\/27\/bahar-esintileri-sanat-dernegi-korosu-turkiyede-konser-verecek\/#primaryimage"},"image":{"@id":"https:\/\/kuzeyinsesi.org\/index.php\/2024\/09\/27\/bahar-esintileri-sanat-dernegi-korosu-turkiyede-konser-verecek\/#primaryimage"},"thumbnailUrl":"https:\/\/kuzeyinsesi.org\/wp-content\/uploads\/2024\/09\/Bahar-Esintileri-Sanat-Dernegi-Korosu-Turkiyede-konser-verecek.jpg","datePublished":"2024-09-27T09:42:44+00:00","author":{"@id":"https:\/\/kuzeyinsesi.org\/#\/schema\/person\/9f859689cdf01485597712386e37f5aa"},"breadcrumb":{"@id":"https:\/\/kuzeyinsesi.org\/index.php\/2024\/09\/27\/bahar-esintileri-sanat-dernegi-korosu-turkiyede-konser-verecek\/#breadcrumb"},"inLanguage":"tr","potentialAction":[{"@type":"ReadAction","target":["https:\/\/kuzeyinsesi.org\/index.php\/2024\/09\/27\/bahar-esintileri-sanat-dernegi-korosu-turkiyede-konser-verecek\/"]}]},{"@type":"ImageObject","inLanguage":"tr","@id":"https:\/\/kuzeyinsesi.org\/index.php\/2024\/09\/27\/bahar-esintileri-sanat-dernegi-korosu-turkiyede-konser-verecek\/#primaryimage","url":"https:\/\/kuzeyinsesi.org\/wp-content\/uploads\/2024\/09\/Bahar-Esintileri-Sanat-Dernegi-Korosu-Turkiyede-konser-verecek.jpg","contentUrl":"https:\/\/kuzeyinsesi.org\/wp-content\/uploads\/2024\/09\/Bahar-Esintileri-Sanat-Dernegi-Korosu-Turkiyede-konser-verecek.jpg","width":620,"height":350},{"@type":"BreadcrumbList","@id":"https:\/\/kuzeyinsesi.org\/index.php\/2024\/09\/27\/bahar-esintileri-sanat-dernegi-korosu-turkiyede-konser-verecek\/#breadcrumb","itemListElement":[{"@type":"ListItem","position":1,"name":"Anasayfa","item":"https:\/\/kuzeyinsesi.org\/"},{"@type":"ListItem","position":2,"name":"Bahar Esintileri Sanat Derne\u011fi Korosu, T\u00fcrkiye\u2019de konser verecek"}]},{"@type":"WebSite","@id":"https:\/\/kuzeyinsesi.org\/#website","url":"https:\/\/kuzeyinsesi.org\/","name":"Kuzeyin Sesi","description":"Do\u011fru Haberin Adresi","potentialAction":[{"@type":"SearchAction","target":{"@type":"EntryPoint","urlTemplate":"https:\/\/kuzeyinsesi.org\/?s={search_term_string}"},"query-input":{"@type":"PropertyValueSpecification","valueRequired":true,"valueName":"search_term_string"}}],"inLanguage":"tr"},{"@type":"Person","@id":"https:\/\/kuzeyinsesi.org\/#\/schema\/person\/9f859689cdf01485597712386e37f5aa","name":"Kuzeyin Sesi","image":{"@type":"ImageObject","inLanguage":"tr","@id":"https:\/\/secure.gravatar.com\/avatar\/bab33852abfd8b282518d6ed81826833d77c3c882d9ab608add591ccace47a44?s=96&d=mm&r=g","url":"https:\/\/secure.gravatar.com\/avatar\/bab33852abfd8b282518d6ed81826833d77c3c882d9ab608add591ccace47a44?s=96&d=mm&r=g","contentUrl":"https:\/\/secure.gravatar.com\/avatar\/bab33852abfd8b282518d6ed81826833d77c3c882d9ab608add591ccace47a44?s=96&d=mm&r=g","caption":"Kuzeyin Sesi"},"sameAs":["https:\/\/kuzeyinsesi.org"],"url":"https:\/\/kuzeyinsesi.org\/index.php\/author\/guven\/"}]}},"_links":{"self":[{"href":"https:\/\/kuzeyinsesi.org\/index.php\/wp-json\/wp\/v2\/posts\/10542","targetHints":{"allow":["GET"]}}],"collection":[{"href":"https:\/\/kuzeyinsesi.org\/index.php\/wp-json\/wp\/v2\/posts"}],"about":[{"href":"https:\/\/kuzeyinsesi.org\/index.php\/wp-json\/wp\/v2\/types\/post"}],"author":[{"embeddable":true,"href":"https:\/\/kuzeyinsesi.org\/index.php\/wp-json\/wp\/v2\/users\/1"}],"replies":[{"embeddable":true,"href":"https:\/\/kuzeyinsesi.org\/index.php\/wp-json\/wp\/v2\/comments?post=10542"}],"version-history":[{"count":0,"href":"https:\/\/kuzeyinsesi.org\/index.php\/wp-json\/wp\/v2\/posts\/10542\/revisions"}],"wp:featuredmedia":[{"embeddable":true,"href":"https:\/\/kuzeyinsesi.org\/index.php\/wp-json\/wp\/v2\/media\/10543"}],"wp:attachment":[{"href":"https:\/\/kuzeyinsesi.org\/index.php\/wp-json\/wp\/v2\/media?parent=10542"}],"wp:term":[{"taxonomy":"category","embeddable":true,"href":"https:\/\/kuzeyinsesi.org\/index.php\/wp-json\/wp\/v2\/categories?post=10542"},{"taxonomy":"post_tag","embeddable":true,"href":"https:\/\/kuzeyinsesi.org\/index.php\/wp-json\/wp\/v2\/tags?post=10542"}],"curies":[{"name":"wp","href":"https:\/\/api.w.org\/{rel}","templated":true}]}}